{"id":1589,"date":"2024-02-05T10:17:47","date_gmt":"2024-02-05T10:17:47","guid":{"rendered":"https:\/\/vanxhaber.com\/?p=1589"},"modified":"2024-02-05T10:18:06","modified_gmt":"2024-02-05T10:18:06","slug":"edremit-belediyesi-yks-ucretlerini-bu-yilda-karsilayacak","status":"publish","type":"post","link":"https:\/\/vanxhaber.com\/index.php\/2024\/02\/05\/edremit-belediyesi-yks-ucretlerini-bu-yilda-karsilayacak\/","title":{"rendered":"Edremit Belediyesi YKS \u00dccretlerini bu y\u0131lda Kar\u015f\u0131layacak"},"content":{"rendered":"\n<p>Edremit Belediyesi, Y\u00fcksek\u00f6\u011fretim Kurumlar\u0131 S\u0131nav\u0131 (YKS)\u2019na girecek gen\u00e7lerin s\u0131nav \u00fccretlerini bu y\u0131l da kar\u015f\u0131layacak. Ba\u015fkan \u0130smail Say, &#8220;Her zaman \u00f6\u011frenci dostu belediye olmaya \u00e7al\u0131\u015ft\u0131k&#8221; dedi.<\/p>\n\n\n\n<p>Edremit Belediyesinden bu y\u0131l da<strong> Y\u00fcksek\u00f6\u011fretim Kurumlar\u0131 S\u0131nav\u0131\u2019<\/strong>na (YKS) girecek olan Edremitli gen\u00e7lere m\u00fcjde geldi. Ge\u00e7ti\u011fimiz y\u0131l YKS\u2019ye giren t\u00fcm \u00f6\u011frencilere kay\u0131t \u00fccreti deste\u011fi veren Edremit Belediyesi, bu y\u0131l il\u00e7ede ikamet eden t\u00fcm gen\u00e7lerin Temel Yeterlilik Testi (TYT), Alan Yeterlilik (AYT) ve Yabanc\u0131 <strong>Dil Testi (YDT) s\u0131nav \u00fccretleri<\/strong>ni de kar\u015f\u0131lama karar\u0131 ald\u0131. 08-09 Haziran 2024&#8217;de yap\u0131lacak olan Y\u00fcksek\u00f6\u011fretim Kurumlar\u0131 S\u0131nav\u0131 (YKS) i\u00e7in ba\u015fvurular 1-26 \u015eubat tarihleri aras\u0131nda ger\u00e7ekle\u015fecek. Hizmetlerinin b\u00fcy\u00fck b\u00f6l\u00fcm\u00fcn\u00fc gen\u00e7lere y\u00f6nelik yapan Edremit Belediyesi, il\u00e7ede ikamet eden ve kriterleri sa\u011flayan lise son s\u0131n\u0131f \u00f6\u011frencilerinin YKS s\u0131nav \u00fccretlerini kar\u015f\u0131layacak.<\/p>\n\n\n\n<p><strong>-\u201cHer Zaman \u00d6\u011frenci Dostu Belediye Olmaya \u00c7al\u0131\u015ft\u0131k\u201d<\/strong><\/p>\n\n\n\n<p>\u00d6\u011frencilerin \u00fcniversiteye haz\u0131rlanmalar\u0131 yolunda e\u011fitim alan\u0131nda 5 y\u0131l boyunca \u00e7e\u015fitli hizmetler sunan Edremit Belediye Ba\u015fkan\u0131 \u0130smail Say, YKS ba\u015fvurular\u0131n\u0131n ba\u015flad\u0131\u011f\u0131n\u0131n m\u00fcjdesini bu y\u0131l da yeniledi. Edremit\u2019te ikamet eden b\u00fct\u00fcn \u00f6\u011frencilerin YKS \u00fccretlerini her y\u0131l oldu\u011fu gibi bu y\u0131l da \u00f6deyeceklerini ifade eden Ba\u015fkan Say, \u201cBu y\u0131l yine ayn\u0131 \u015fekilde \u00f6deme g\u00fcc\u00fc olmayan t\u00fcm \u00f6\u011frencilerimizin \u00fccretlerini kar\u015f\u0131layaca\u011f\u0131z. Malumunuz belediye olarak \u00f6\u011frencilerimize maddi ve manevi sunmu\u015f oldu\u011fumuz desteklerle ge\u00e7ti\u011fimiz y\u0131llar i\u00e7erisinde 500\u2019e yak\u0131n \u00f6\u011frencimiz \u00fcniversite hayaline kavu\u015ftu. Burada oldu\u011fumuz s\u00fcrece de onlar\u0131 yaln\u0131z b\u0131rakmayaca\u011f\u0131z. \u00d6zellikle 2019 y\u0131l\u0131nda g\u00f6reve geldi\u011fimiz g\u00fcnden itibaren \u00f6\u011frenci dostu bir belediye olmaya \u00e7al\u0131\u015ft\u0131k. Bu noktada da kaynak da\u011f\u0131t\u0131m\u0131ndan ESEM ve dershane desteklerine ve yine \u00f6zellikle \u00fcniversitede okuyan \u00f6\u011frenci karde\u015flerimize ula\u015f\u0131m destekleri ile b\u00f6lgede bir \u00e7ok ilki ger\u00e7ekle\u015ftiren belediye olduk. Sosyal belediyecilik anlam\u0131nda da her zaman, her yerde t\u00fcm karde\u015flerimizin, dostlar\u0131m\u0131z\u0131n ve Edremit halk\u0131n\u0131n yan\u0131nda olduk. Bu vesileyle de YKS\u2019ye girecek olan t\u00fcm karde\u015flerimize \u015fimdiden ba\u015far\u0131lar diliyorum. Bu kalan zaman\u0131 \u00f6zellikle ders \u00e7al\u0131\u015farak ba\u015far\u0131lar\u0131n\u0131 artt\u0131rmalar\u0131n\u0131 talep ediyorum. \u0130n\u015fallah bizlerde YKS \u00fccretlerini \u00f6deyerek hem kendilerinin hem de ailelerinin bu anlamda y\u00fck\u00fcn\u00fc alaca\u011f\u0131z<strong>. Edremiti<\/strong>mize, karde\u015flerimize ve t\u00fcm \u00f6\u011frencilerimize hay\u0131rl\u0131 u\u011furlu olsun\u201d dedi.<\/p>\n\n\n\n<p><\/p>\n\n\n\n<p><\/p>\n","protected":false},"excerpt":{"rendered":"<p>Edremit Belediyesi, Y\u00fcksek\u00f6\u011fretim Kurumlar\u0131 S\u0131nav\u0131 (YKS)\u2019na girecek gen\u00e7lerin s\u0131nav \u00fccretlerini bu y\u0131l da kar\u015f\u0131layacak. Ba\u015fkan \u0130smail Say, &#8220;Her zaman \u00f6\u011frenci dostu belediye olmaya \u00e7al\u0131\u015ft\u0131k&#8221; dedi. Edremit Belediyesinden bu y\u0131l da Y\u00fcksek\u00f6\u011fretim Kurumlar\u0131 S\u0131nav\u0131\u2019na (YKS) girecek olan Edremitli gen\u00e7lere m\u00fcjde geldi. Ge\u00e7ti\u011fimiz y\u0131l YKS\u2019ye giren t\u00fcm \u00f6\u011frencilere kay\u0131t \u00fccreti deste\u011fi veren Edremit Belediyesi, bu y\u0131l il\u00e7ede &hellip;<\/p>\n","protected":false},"author":2,"featured_media":1283,"comment_status":"open","ping_status":"closed","sticky":false,"template":"","format":"standard","meta":{"googlesitekit_rrm_CAowot3VCw:productID":"","footnotes":""},"categories":[1,24],"tags":[],"class_list":["post-1589","post","type-post","status-publish","format-standard","has-post-thumbnail","hentry","category-van-haber","category-van-haberleri"],"yoast_head":"<!-- This site is optimized with the Yoast SEO Premium plugin v21.7 (Yoast SEO v26.7) - https:\/\/yoast.com\/wordpress\/plugins\/seo\/ -->\n<title>Edremit Belediyesi YKS \u00dccretlerini bu y\u0131lda Kar\u015f\u0131layacak - Van Haber | Van X Haber | Van Haberleri<\/title>\n<meta name=\"robots\" content=\"index, follow, max-snippet:-1, max-image-preview:large, max-video-preview:-1\" \/>\n<link rel=\"canonical\" href=\"https:\/\/vanxhaber.com\/index.php\/2024\/02\/05\/edremit-belediyesi-yks-ucretlerini-bu-yilda-karsilayacak\/\" \/>\n<meta property=\"og:locale\" content=\"tr_TR\" \/>\n<meta property=\"og:type\" content=\"article\" \/>\n<meta property=\"og:title\" content=\"Edremit Belediyesi YKS \u00dccretlerini bu y\u0131lda Kar\u015f\u0131layacak\" \/>\n<meta property=\"og:description\" content=\"Edremit Belediyesi, Y\u00fcksek\u00f6\u011fretim Kurumlar\u0131 S\u0131nav\u0131 (YKS)\u2019na girecek gen\u00e7lerin s\u0131nav \u00fccretlerini bu y\u0131l da kar\u015f\u0131layacak. Ba\u015fkan \u0130smail Say, &#8220;Her zaman \u00f6\u011frenci dostu belediye olmaya \u00e7al\u0131\u015ft\u0131k&#8221; dedi. Edremit Belediyesinden bu y\u0131l da Y\u00fcksek\u00f6\u011fretim Kurumlar\u0131 S\u0131nav\u0131\u2019na (YKS) girecek olan Edremitli gen\u00e7lere m\u00fcjde geldi. Ge\u00e7ti\u011fimiz y\u0131l YKS\u2019ye giren t\u00fcm \u00f6\u011frencilere kay\u0131t \u00fccreti deste\u011fi veren Edremit Belediyesi, bu y\u0131l il\u00e7ede &hellip;\" \/>\n<meta property=\"og:url\" content=\"https:\/\/vanxhaber.com\/index.php\/2024\/02\/05\/edremit-belediyesi-yks-ucretlerini-bu-yilda-karsilayacak\/\" \/>\n<meta property=\"og:site_name\" content=\"Van Haber | Van X Haber | Van Haberleri\" \/>\n<meta property=\"article:published_time\" content=\"2024-02-05T10:17:47+00:00\" \/>\n<meta property=\"article:modified_time\" content=\"2024-02-05T10:18:06+00:00\" \/>\n<meta property=\"og:image\" content=\"https:\/\/vanxhaber.com\/wp-content\/uploads\/2024\/01\/ismail-say.jpg\" \/>\n\t<meta property=\"og:image:width\" content=\"641\" \/>\n\t<meta property=\"og:image:height\" content=\"380\" \/>\n\t<meta property=\"og:image:type\" content=\"image\/jpeg\" \/>\n<meta name=\"author\" content=\"Van X Haber\" \/>\n<meta name=\"twitter:card\" content=\"summary_large_image\" \/>\n<meta name=\"twitter:label1\" content=\"Yazan:\" \/>\n\t<meta name=\"twitter:data1\" content=\"Van X Haber\" \/>\n\t<meta name=\"twitter:label2\" content=\"Tahmini okuma s\u00fcresi\" \/>\n\t<meta name=\"twitter:data2\" content=\"3 dakika\" \/>\n<script type=\"application\/ld+json\" class=\"yoast-schema-graph\">{\"@context\":\"https:\/\/schema.org\",\"@graph\":[{\"@type\":\"Article\",\"@id\":\"https:\/\/vanxhaber.com\/index.php\/2024\/02\/05\/edremit-belediyesi-yks-ucretlerini-bu-yilda-karsilayacak\/#article\",\"isPartOf\":{\"@id\":\"https:\/\/vanxhaber.com\/index.php\/2024\/02\/05\/edremit-belediyesi-yks-ucretlerini-bu-yilda-karsilayacak\/\"},\"author\":{\"name\":\"Van X Haber\",\"@id\":\"https:\/\/vanxhaber.com\/#\/schema\/person\/a5fd8d89510cb5370e62ad176f7978ee\"},\"headline\":\"Edremit Belediyesi YKS \u00dccretlerini bu y\u0131lda Kar\u015f\u0131layacak\",\"datePublished\":\"2024-02-05T10:17:47+00:00\",\"dateModified\":\"2024-02-05T10:18:06+00:00\",\"mainEntityOfPage\":{\"@id\":\"https:\/\/vanxhaber.com\/index.php\/2024\/02\/05\/edremit-belediyesi-yks-ucretlerini-bu-yilda-karsilayacak\/\"},\"wordCount\":447,\"commentCount\":0,\"image\":{\"@id\":\"https:\/\/vanxhaber.com\/index.php\/2024\/02\/05\/edremit-belediyesi-yks-ucretlerini-bu-yilda-karsilayacak\/#primaryimage\"},\"thumbnailUrl\":\"https:\/\/vanxhaber.com\/wp-content\/uploads\/2024\/01\/ismail-say.jpg\",\"articleSection\":[\"Van Haber\",\"Van Haberleri\"],\"inLanguage\":\"tr\",\"potentialAction\":[{\"@type\":\"CommentAction\",\"name\":\"Comment\",\"target\":[\"https:\/\/vanxhaber.com\/index.php\/2024\/02\/05\/edremit-belediyesi-yks-ucretlerini-bu-yilda-karsilayacak\/#respond\"]}],\"copyrightYear\":\"2024\",\"copyrightHolder\":{\"@id\":\"https:\/\/vanxhaber.com\/#organization\"}},{\"@type\":\"WebPage\",\"@id\":\"https:\/\/vanxhaber.com\/index.php\/2024\/02\/05\/edremit-belediyesi-yks-ucretlerini-bu-yilda-karsilayacak\/\",\"url\":\"https:\/\/vanxhaber.com\/index.php\/2024\/02\/05\/edremit-belediyesi-yks-ucretlerini-bu-yilda-karsilayacak\/\",\"name\":\"Edremit Belediyesi YKS \u00dccretlerini bu y\u0131lda Kar\u015f\u0131layacak - Van Haber | Van X Haber | Van Haberleri\",\"isPartOf\":{\"@id\":\"https:\/\/vanxhaber.com\/#website\"},\"primaryImageOfPage\":{\"@id\":\"https:\/\/vanxhaber.com\/index.php\/2024\/02\/05\/edremit-belediyesi-yks-ucretlerini-bu-yilda-karsilayacak\/#primaryimage\"},\"image\":{\"@id\":\"https:\/\/vanxhaber.com\/index.php\/2024\/02\/05\/edremit-belediyesi-yks-ucretlerini-bu-yilda-karsilayacak\/#primaryimage\"},\"thumbnailUrl\":\"https:\/\/vanxhaber.com\/wp-content\/uploads\/2024\/01\/ismail-say.jpg\",\"datePublished\":\"2024-02-05T10:17:47+00:00\",\"dateModified\":\"2024-02-05T10:18:06+00:00\",\"author\":{\"@id\":\"https:\/\/vanxhaber.com\/#\/schema\/person\/a5fd8d89510cb5370e62ad176f7978ee\"},\"breadcrumb\":{\"@id\":\"https:\/\/vanxhaber.com\/index.php\/2024\/02\/05\/edremit-belediyesi-yks-ucretlerini-bu-yilda-karsilayacak\/#breadcrumb\"},\"inLanguage\":\"tr\",\"potentialAction\":[{\"@type\":\"ReadAction\",\"target\":[\"https:\/\/vanxhaber.com\/index.php\/2024\/02\/05\/edremit-belediyesi-yks-ucretlerini-bu-yilda-karsilayacak\/\"]}]},{\"@type\":\"ImageObject\",\"inLanguage\":\"tr\",\"@id\":\"https:\/\/vanxhaber.com\/index.php\/2024\/02\/05\/edremit-belediyesi-yks-ucretlerini-bu-yilda-karsilayacak\/#primaryimage\",\"url\":\"https:\/\/vanxhaber.com\/wp-content\/uploads\/2024\/01\/ismail-say.jpg\",\"contentUrl\":\"https:\/\/vanxhaber.com\/wp-content\/uploads\/2024\/01\/ismail-say.jpg\",\"width\":641,\"height\":380},{\"@type\":\"BreadcrumbList\",\"@id\":\"https:\/\/vanxhaber.com\/index.php\/2024\/02\/05\/edremit-belediyesi-yks-ucretlerini-bu-yilda-karsilayacak\/#breadcrumb\",\"itemListElement\":[{\"@type\":\"ListItem\",\"position\":1,\"name\":\"Anasayfa\",\"item\":\"https:\/\/vanxhaber.com\/\"},{\"@type\":\"ListItem\",\"position\":2,\"name\":\"Edremit Belediyesi YKS \u00dccretlerini bu y\u0131lda Kar\u015f\u0131layacak\"}]},{\"@type\":\"WebSite\",\"@id\":\"https:\/\/vanxhaber.com\/#website\",\"url\":\"https:\/\/vanxhaber.com\/\",\"name\":\"Van Haber | Van X Haber | Van Haberleri\",\"description\":\"Van Haber, Van&#039;\u0131n ilk yapay zeka teknolojileri ile yaz\u0131lan Van X Haber ve Van Haberlerini aktif g\u00fcncel sunan tek vanhaber merkezidir.\",\"potentialAction\":[{\"@type\":\"SearchAction\",\"target\":{\"@type\":\"EntryPoint\",\"urlTemplate\":\"https:\/\/vanxhaber.com\/?s={search_term_string}\"},\"query-input\":{\"@type\":\"PropertyValueSpecification\",\"valueRequired\":true,\"valueName\":\"search_term_string\"}}],\"inLanguage\":\"tr\"},{\"@type\":\"Person\",\"@id\":\"https:\/\/vanxhaber.com\/#\/schema\/person\/a5fd8d89510cb5370e62ad176f7978ee\",\"name\":\"Van X Haber\",\"image\":{\"@type\":\"ImageObject\",\"inLanguage\":\"tr\",\"@id\":\"https:\/\/vanxhaber.com\/#\/schema\/person\/image\/\",\"url\":\"https:\/\/secure.gravatar.com\/avatar\/36f2f63826681263103acb5ca1e7bc1a6db11baea9b75dd091d89b74f2704b07?s=96&d=mm&r=g\",\"contentUrl\":\"https:\/\/secure.gravatar.com\/avatar\/36f2f63826681263103acb5ca1e7bc1a6db11baea9b75dd091d89b74f2704b07?s=96&d=mm&r=g\",\"caption\":\"Van X Haber\"},\"description\":\"Van X Haber Van'\u0131n ilk ve tek yeni nesil Van Haber merkezi. Son Dakika Van Haberleri ve G\u00fcncel Van haber merkezinde s\u0131cak geli\u015fmeleri aktarmaya devam edece\u011fiz.\",\"url\":\"https:\/\/vanxhaber.com\/index.php\/author\/vangazetesi\/\"}]}<\/script>\n<!-- \/ Yoast SEO Premium plugin. -->","yoast_head_json":{"title":"Edremit Belediyesi YKS \u00dccretlerini bu y\u0131lda Kar\u015f\u0131layacak - Van Haber | Van X Haber | Van Haberleri","robots":{"index":"index","follow":"follow","max-snippet":"max-snippet:-1","max-image-preview":"max-image-preview:large","max-video-preview":"max-video-preview:-1"},"canonical":"https:\/\/vanxhaber.com\/index.php\/2024\/02\/05\/edremit-belediyesi-yks-ucretlerini-bu-yilda-karsilayacak\/","og_locale":"tr_TR","og_type":"article","og_title":"Edremit Belediyesi YKS \u00dccretlerini bu y\u0131lda Kar\u015f\u0131layacak","og_description":"Edremit Belediyesi, Y\u00fcksek\u00f6\u011fretim Kurumlar\u0131 S\u0131nav\u0131 (YKS)\u2019na girecek gen\u00e7lerin s\u0131nav \u00fccretlerini bu y\u0131l da kar\u015f\u0131layacak. Ba\u015fkan \u0130smail Say, &#8220;Her zaman \u00f6\u011frenci dostu belediye olmaya \u00e7al\u0131\u015ft\u0131k&#8221; dedi. Edremit Belediyesinden bu y\u0131l da Y\u00fcksek\u00f6\u011fretim Kurumlar\u0131 S\u0131nav\u0131\u2019na (YKS) girecek olan Edremitli gen\u00e7lere m\u00fcjde geldi. Ge\u00e7ti\u011fimiz y\u0131l YKS\u2019ye giren t\u00fcm \u00f6\u011frencilere kay\u0131t \u00fccreti deste\u011fi veren Edremit Belediyesi, bu y\u0131l il\u00e7ede &hellip;","og_url":"https:\/\/vanxhaber.com\/index.php\/2024\/02\/05\/edremit-belediyesi-yks-ucretlerini-bu-yilda-karsilayacak\/","og_site_name":"Van Haber | Van X Haber | Van Haberleri","article_published_time":"2024-02-05T10:17:47+00:00","article_modified_time":"2024-02-05T10:18:06+00:00","og_image":[{"width":641,"height":380,"url":"https:\/\/vanxhaber.com\/wp-content\/uploads\/2024\/01\/ismail-say.jpg","type":"image\/jpeg"}],"author":"Van X Haber","twitter_card":"summary_large_image","twitter_misc":{"Yazan:":"Van X Haber","Tahmini okuma s\u00fcresi":"3 dakika"},"schema":{"@context":"https:\/\/schema.org","@graph":[{"@type":"Article","@id":"https:\/\/vanxhaber.com\/index.php\/2024\/02\/05\/edremit-belediyesi-yks-ucretlerini-bu-yilda-karsilayacak\/#article","isPartOf":{"@id":"https:\/\/vanxhaber.com\/index.php\/2024\/02\/05\/edremit-belediyesi-yks-ucretlerini-bu-yilda-karsilayacak\/"},"author":{"name":"Van X Haber","@id":"https:\/\/vanxhaber.com\/#\/schema\/person\/a5fd8d89510cb5370e62ad176f7978ee"},"headline":"Edremit Belediyesi YKS \u00dccretlerini bu y\u0131lda Kar\u015f\u0131layacak","datePublished":"2024-02-05T10:17:47+00:00","dateModified":"2024-02-05T10:18:06+00:00","mainEntityOfPage":{"@id":"https:\/\/vanxhaber.com\/index.php\/2024\/02\/05\/edremit-belediyesi-yks-ucretlerini-bu-yilda-karsilayacak\/"},"wordCount":447,"commentCount":0,"image":{"@id":"https:\/\/vanxhaber.com\/index.php\/2024\/02\/05\/edremit-belediyesi-yks-ucretlerini-bu-yilda-karsilayacak\/#primaryimage"},"thumbnailUrl":"https:\/\/vanxhaber.com\/wp-content\/uploads\/2024\/01\/ismail-say.jpg","articleSection":["Van Haber","Van Haberleri"],"inLanguage":"tr","potentialAction":[{"@type":"CommentAction","name":"Comment","target":["https:\/\/vanxhaber.com\/index.php\/2024\/02\/05\/edremit-belediyesi-yks-ucretlerini-bu-yilda-karsilayacak\/#respond"]}],"copyrightYear":"2024","copyrightHolder":{"@id":"https:\/\/vanxhaber.com\/#organization"}},{"@type":"WebPage","@id":"https:\/\/vanxhaber.com\/index.php\/2024\/02\/05\/edremit-belediyesi-yks-ucretlerini-bu-yilda-karsilayacak\/","url":"https:\/\/vanxhaber.com\/index.php\/2024\/02\/05\/edremit-belediyesi-yks-ucretlerini-bu-yilda-karsilayacak\/","name":"Edremit Belediyesi YKS \u00dccretlerini bu y\u0131lda Kar\u015f\u0131layacak - Van Haber | Van X Haber | Van Haberleri","isPartOf":{"@id":"https:\/\/vanxhaber.com\/#website"},"primaryImageOfPage":{"@id":"https:\/\/vanxhaber.com\/index.php\/2024\/02\/05\/edremit-belediyesi-yks-ucretlerini-bu-yilda-karsilayacak\/#primaryimage"},"image":{"@id":"https:\/\/vanxhaber.com\/index.php\/2024\/02\/05\/edremit-belediyesi-yks-ucretlerini-bu-yilda-karsilayacak\/#primaryimage"},"thumbnailUrl":"https:\/\/vanxhaber.com\/wp-content\/uploads\/2024\/01\/ismail-say.jpg","datePublished":"2024-02-05T10:17:47+00:00","dateModified":"2024-02-05T10:18:06+00:00","author":{"@id":"https:\/\/vanxhaber.com\/#\/schema\/person\/a5fd8d89510cb5370e62ad176f7978ee"},"breadcrumb":{"@id":"https:\/\/vanxhaber.com\/index.php\/2024\/02\/05\/edremit-belediyesi-yks-ucretlerini-bu-yilda-karsilayacak\/#breadcrumb"},"inLanguage":"tr","potentialAction":[{"@type":"ReadAction","target":["https:\/\/vanxhaber.com\/index.php\/2024\/02\/05\/edremit-belediyesi-yks-ucretlerini-bu-yilda-karsilayacak\/"]}]},{"@type":"ImageObject","inLanguage":"tr","@id":"https:\/\/vanxhaber.com\/index.php\/2024\/02\/05\/edremit-belediyesi-yks-ucretlerini-bu-yilda-karsilayacak\/#primaryimage","url":"https:\/\/vanxhaber.com\/wp-content\/uploads\/2024\/01\/ismail-say.jpg","contentUrl":"https:\/\/vanxhaber.com\/wp-content\/uploads\/2024\/01\/ismail-say.jpg","width":641,"height":380},{"@type":"BreadcrumbList","@id":"https:\/\/vanxhaber.com\/index.php\/2024\/02\/05\/edremit-belediyesi-yks-ucretlerini-bu-yilda-karsilayacak\/#breadcrumb","itemListElement":[{"@type":"ListItem","position":1,"name":"Anasayfa","item":"https:\/\/vanxhaber.com\/"},{"@type":"ListItem","position":2,"name":"Edremit Belediyesi YKS \u00dccretlerini bu y\u0131lda Kar\u015f\u0131layacak"}]},{"@type":"WebSite","@id":"https:\/\/vanxhaber.com\/#website","url":"https:\/\/vanxhaber.com\/","name":"Van Haber | Van X Haber | Van Haberleri","description":"Van Haber, Van&#039;\u0131n ilk yapay zeka teknolojileri ile yaz\u0131lan Van X Haber ve Van Haberlerini aktif g\u00fcncel sunan tek vanhaber merkezidir.","potentialAction":[{"@type":"SearchAction","target":{"@type":"EntryPoint","urlTemplate":"https:\/\/vanxhaber.com\/?s={search_term_string}"},"query-input":{"@type":"PropertyValueSpecification","valueRequired":true,"valueName":"search_term_string"}}],"inLanguage":"tr"},{"@type":"Person","@id":"https:\/\/vanxhaber.com\/#\/schema\/person\/a5fd8d89510cb5370e62ad176f7978ee","name":"Van X Haber","image":{"@type":"ImageObject","inLanguage":"tr","@id":"https:\/\/vanxhaber.com\/#\/schema\/person\/image\/","url":"https:\/\/secure.gravatar.com\/avatar\/36f2f63826681263103acb5ca1e7bc1a6db11baea9b75dd091d89b74f2704b07?s=96&d=mm&r=g","contentUrl":"https:\/\/secure.gravatar.com\/avatar\/36f2f63826681263103acb5ca1e7bc1a6db11baea9b75dd091d89b74f2704b07?s=96&d=mm&r=g","caption":"Van X Haber"},"description":"Van X Haber Van'\u0131n ilk ve tek yeni nesil Van Haber merkezi. Son Dakika Van Haberleri ve G\u00fcncel Van haber merkezinde s\u0131cak geli\u015fmeleri aktarmaya devam edece\u011fiz.","url":"https:\/\/vanxhaber.com\/index.php\/author\/vangazetesi\/"}]}},"_links":{"self":[{"href":"https:\/\/vanxhaber.com\/index.php\/wp-json\/wp\/v2\/posts\/1589","targetHints":{"allow":["GET"]}}],"collection":[{"href":"https:\/\/vanxhaber.com\/index.php\/wp-json\/wp\/v2\/posts"}],"about":[{"href":"https:\/\/vanxhaber.com\/index.php\/wp-json\/wp\/v2\/types\/post"}],"author":[{"embeddable":true,"href":"https:\/\/vanxhaber.com\/index.php\/wp-json\/wp\/v2\/users\/2"}],"replies":[{"embeddable":true,"href":"https:\/\/vanxhaber.com\/index.php\/wp-json\/wp\/v2\/comments?post=1589"}],"version-history":[{"count":1,"href":"https:\/\/vanxhaber.com\/index.php\/wp-json\/wp\/v2\/posts\/1589\/revisions"}],"predecessor-version":[{"id":1591,"href":"https:\/\/vanxhaber.com\/index.php\/wp-json\/wp\/v2\/posts\/1589\/revisions\/1591"}],"wp:featuredmedia":[{"embeddable":true,"href":"https:\/\/vanxhaber.com\/index.php\/wp-json\/wp\/v2\/media\/1283"}],"wp:attachment":[{"href":"https:\/\/vanxhaber.com\/index.php\/wp-json\/wp\/v2\/media?parent=1589"}],"wp:term":[{"taxonomy":"category","embeddable":true,"href":"https:\/\/vanxhaber.com\/index.php\/wp-json\/wp\/v2\/categories?post=1589"},{"taxonomy":"post_tag","embeddable":true,"href":"https:\/\/vanxhaber.com\/index.php\/wp-json\/wp\/v2\/tags?post=1589"}],"curies":[{"name":"wp","href":"https:\/\/api.w.org\/{rel}","templated":true}]}}