{"id":1600,"date":"2024-02-06T09:34:49","date_gmt":"2024-02-06T09:34:49","guid":{"rendered":"https:\/\/vanxhaber.com\/?p=1600"},"modified":"2024-02-06T09:34:51","modified_gmt":"2024-02-06T09:34:51","slug":"tuik-acikladi-vanin-nufusu-kac-oldu","status":"publish","type":"post","link":"https:\/\/vanxhaber.com\/index.php\/2024\/02\/06\/tuik-acikladi-vanin-nufusu-kac-oldu\/","title":{"rendered":"T\u00dc\u0130K a\u00e7\u0131klad\u0131: Van\u2019\u0131n n\u00fcfusu ka\u00e7 oldu!"},"content":{"rendered":"\n<p><br><strong>T\u00fcrkiye \u0130statistik Kurumu (T\u00dc\u0130K) Van B\u00f6lge M\u00fcd\u00fcrl\u00fc\u011f\u00fc taraf\u0131ndan yay\u0131nlanan Adrese Dayal\u0131 N\u00fcfus Kay\u0131t Sistemi (ADNKS) sonu\u00e7lar\u0131na Van\u2019\u0131n n\u00fcfusu a\u00e7\u0131klad\u0131. Yap\u0131lan a\u00e7\u0131klamaya g\u00f6re kent n\u00fcfusu ge\u00e7ti\u011fimiz y\u0131llara oranla artt\u0131.<\/strong><\/p>\n\n\n\n<p>T\u00fcrkiye \u0130statistik Kurumu (T\u00dc\u0130K) Van B\u00f6lge M\u00fcd\u00fcrl\u00fc\u011f\u00fc taraf\u0131ndan yay\u0131nlanan Adrese Dayal\u0131 N\u00fcfus Kay\u0131t Sistemi (ADNKS) sonu\u00e7lar\u0131na Van\u2019\u0131n n\u00fcfusu a\u00e7\u0131klad\u0131. Yap\u0131lan a\u00e7\u0131klamaya g\u00f6re kent n\u00fcfusu ge\u00e7ti\u011fimiz y\u0131llara oranla artt\u0131.<\/p>\n\n\n\n<p>T\u00fcrkiye \u0130statistik Kurumu (T\u00dc\u0130K) Van B\u00f6lge M\u00fcd\u00fcrl\u00fc\u011f\u00fc taraf\u0131ndan yay\u0131nlanan Adrese Dayal\u0131 N\u00fcfus Kay\u0131t Sistemi (ADNKS) sonu\u00e7lar\u0131na g\u00f6re Van ilinde n\u00fcfus 1 milyon 127 bin 612 ki\u015fi, Mu\u015f ilinde n\u00fcfus 399 bin 879 ki\u015fi, Bitlis ilinde n\u00fcfus 359 bin 747 ki\u015fi, Hakkari ilinde ise n\u00fcfus 287 bin 625 ki\u015fi oldu.<\/p>\n\n\n\n<p>T\u00fcrkiye \u0130statistik Kurumu taraf\u0131ndan yay\u0131nlanan Adrese Dayal\u0131 N\u00fcfus Kay\u0131t Sistemi (ADNKS) sonu\u00e7lar\u0131na g\u00f6re, T\u00fcrkiye&#8217;de ikamet eden n\u00fcfus, 31 Aral\u0131k 2023 tarihi itibar\u0131yla bir \u00f6nceki y\u0131la g\u00f6re 92 bin 824 ki\u015fi artarak 85 milyon 372 bin 377 ki\u015fiye ula\u015ft\u0131. Erkek n\u00fcfus 42 milyon 734 bin 71 ki\u015fi iken, kad\u0131n n\u00fcfus 42 milyon 638 bin 306 ki\u015fiden olu\u015ftu. \u00dclke genelinde n\u00fcfusun %50,1&#8217;ini erkekler, %49,9&#8217;unu ise kad\u0131nlar olu\u015fturdu.<\/p>\n\n\n\n<p>2023 y\u0131l\u0131na ait verilere g\u00f6re, \u00fclkemizde ikamet eden yabanc\u0131 n\u00fcfus bir \u00f6nceki y\u0131la g\u00f6re 253 bin 293 ki\u015fi azalarak 1 milyon 570 bin 543 ki\u015fi oldu. Bu n\u00fcfusun y\u00fczde 48,6&#8217;s\u0131n\u0131 erkekler, y\u00fczde 51,4&#8217;\u00fcn\u00fc ise kad\u0131nlar olu\u015fturdu.<\/p>\n\n\n\n<p>Y\u0131ll\u0131k n\u00fcfus art\u0131\u015f h\u0131z\u0131 2022 y\u0131l\u0131nda binde 7,1 iken, 2023 y\u0131l\u0131nda binde 1,1&#8217;e geriledi. \u0130l ve il\u00e7e merkezlerinde ya\u015fayanlar\u0131n oran\u0131 y\u00fczde 93&#8217;e ula\u015f\u0131rken, belde ve k\u00f6ylerde ya\u015fayanlar\u0131n oran\u0131 y\u00fczde 7&#8217;ye y\u00fckseldi.<\/p>\n\n\n\n<p>\u0130stanbul&#8217;un n\u00fcfusu, bir \u00f6nceki y\u0131la g\u00f6re 252 bin 27 ki\u015fi azalarak 15 milyon 655 bin 924 ki\u015fi oldu.<strong> T\u00fcrkiye <\/strong>n\u00fcfusunun y\u00fczde 18,34&#8217;\u00fcn\u00fc bar\u0131nd\u0131ran<strong> \u0130stanbul&#8217;<\/strong>u, s\u0131ras\u0131yla Ankara, \u0130zmir, Bursa ve Antalya takip etti. En fazla n\u00fcfusa sahip ilk 5 ilde cinsiyete g\u00f6re da\u011f\u0131l\u0131m incelendi\u011finde, ortanca ya\u015f\u0131n en y\u00fcksek oldu\u011fu ilin Sinop, en d\u00fc\u015f\u00fck oldu\u011fu ilin ise \u015eanl\u0131urfa oldu\u011fu belirlendi. Ortanca ya\u015f, yeni do\u011fan bebekten en ya\u015fl\u0131ya kadar olan n\u00fcfusun ortas\u0131nda yer alan ya\u015f olarak hesaplan\u0131rken, T\u00fcrkiye genelinde 2022 y\u0131l\u0131nda 33,5 olan ortanca ya\u015f, 2023 y\u0131l\u0131nda 34&#8217;e y\u00fckseldi.<strong> Cinsiyet<\/strong>e g\u00f6re incelendi\u011finde, ortanca ya\u015f\u0131n erkeklerde 32,8&#8217;den 33,2&#8217;ye, kad\u0131nlarda ise 34,2&#8217;den 34,7&#8217;ye y\u00fckseldi\u011fi g\u00f6r\u00fcld\u00fc. T\u00fcrkiye genelindeki ya\u015f ba\u011f\u0131ml\u0131l\u0131k oranlar\u0131na bak\u0131ld\u0131\u011f\u0131nda, 2023 y\u0131l\u0131nda \u00e7al\u0131\u015fma \u00e7a\u011f\u0131ndaki her 100 ki\u015finin 31,4 \u00e7ocuk ve 15 ya\u015fl\u0131ya bakt\u0131\u011f\u0131 g\u00f6r\u00fcld\u00fc. Toplam <strong>ya\u015f<\/strong> ba\u011f\u0131ml\u0131l\u0131k oran\u0131 bir \u00f6nceki y\u0131la g\u00f6re azalarak y\u00fczde 46,3 oldu.<\/p>\n\n\n\n<p>N\u00fcfus yo\u011funlu\u011fu a\u00e7\u0131s\u0131ndan \u0130stanbul bir kez daha rekor k\u0131rarak kilometrekareye d\u00fc\u015fen 3 bin 13 ki\u015fi ile en y\u00fcksek n\u00fcfus yo\u011funlu\u011funa sahip il oldu. T\u00fcrkiye genelinde ise bir kilometrekareye d\u00fc\u015fen ki\u015fi say\u0131s\u0131 111 olarak belirlendi.<\/p>\n","protected":false},"excerpt":{"rendered":"<p>T\u00fcrkiye \u0130statistik Kurumu (T\u00dc\u0130K) Van B\u00f6lge M\u00fcd\u00fcrl\u00fc\u011f\u00fc taraf\u0131ndan yay\u0131nlanan Adrese Dayal\u0131 N\u00fcfus Kay\u0131t Sistemi (ADNKS) sonu\u00e7lar\u0131na Van\u2019\u0131n n\u00fcfusu a\u00e7\u0131klad\u0131. Yap\u0131lan a\u00e7\u0131klamaya g\u00f6re kent n\u00fcfusu ge\u00e7ti\u011fimiz y\u0131llara oranla artt\u0131. T\u00fcrkiye \u0130statistik Kurumu (T\u00dc\u0130K) Van B\u00f6lge M\u00fcd\u00fcrl\u00fc\u011f\u00fc taraf\u0131ndan yay\u0131nlanan Adrese Dayal\u0131 N\u00fcfus Kay\u0131t Sistemi (ADNKS) sonu\u00e7lar\u0131na Van\u2019\u0131n n\u00fcfusu a\u00e7\u0131klad\u0131. Yap\u0131lan a\u00e7\u0131klamaya g\u00f6re kent n\u00fcfusu ge\u00e7ti\u011fimiz y\u0131llara oranla &hellip;<\/p>\n","protected":false},"author":2,"featured_media":1602,"comment_status":"open","ping_status":"closed","sticky":false,"template":"","format":"standard","meta":{"googlesitekit_rrm_CAowot3VCw:productID":"","footnotes":""},"categories":[32,1,24],"tags":[],"class_list":["post-1600","post","type-post","status-publish","format-standard","has-post-thumbnail","hentry","category-van-genclik","category-van-haber","category-van-haberleri"],"yoast_head":"<!-- This site is optimized with the Yoast SEO Premium plugin v21.7 (Yoast SEO v26.7) - https:\/\/yoast.com\/wordpress\/plugins\/seo\/ -->\n<title>T\u00dc\u0130K a\u00e7\u0131klad\u0131: Van\u2019\u0131n n\u00fcfusu ka\u00e7 oldu! - Van Haber | Van X Haber | Van Haberleri<\/title>\n<meta name=\"robots\" content=\"index, follow, max-snippet:-1, max-image-preview:large, max-video-preview:-1\" \/>\n<link rel=\"canonical\" href=\"https:\/\/vanxhaber.com\/index.php\/2024\/02\/06\/tuik-acikladi-vanin-nufusu-kac-oldu\/\" \/>\n<meta property=\"og:locale\" content=\"tr_TR\" \/>\n<meta property=\"og:type\" content=\"article\" \/>\n<meta property=\"og:title\" content=\"T\u00dc\u0130K a\u00e7\u0131klad\u0131: Van\u2019\u0131n n\u00fcfusu ka\u00e7 oldu!\" \/>\n<meta property=\"og:description\" content=\"T\u00fcrkiye \u0130statistik Kurumu (T\u00dc\u0130K) Van B\u00f6lge M\u00fcd\u00fcrl\u00fc\u011f\u00fc taraf\u0131ndan yay\u0131nlanan Adrese Dayal\u0131 N\u00fcfus Kay\u0131t Sistemi (ADNKS) sonu\u00e7lar\u0131na Van\u2019\u0131n n\u00fcfusu a\u00e7\u0131klad\u0131. Yap\u0131lan a\u00e7\u0131klamaya g\u00f6re kent n\u00fcfusu ge\u00e7ti\u011fimiz y\u0131llara oranla artt\u0131. T\u00fcrkiye \u0130statistik Kurumu (T\u00dc\u0130K) Van B\u00f6lge M\u00fcd\u00fcrl\u00fc\u011f\u00fc taraf\u0131ndan yay\u0131nlanan Adrese Dayal\u0131 N\u00fcfus Kay\u0131t Sistemi (ADNKS) sonu\u00e7lar\u0131na Van\u2019\u0131n n\u00fcfusu a\u00e7\u0131klad\u0131. Yap\u0131lan a\u00e7\u0131klamaya g\u00f6re kent n\u00fcfusu ge\u00e7ti\u011fimiz y\u0131llara oranla &hellip;\" \/>\n<meta property=\"og:url\" content=\"https:\/\/vanxhaber.com\/index.php\/2024\/02\/06\/tuik-acikladi-vanin-nufusu-kac-oldu\/\" \/>\n<meta property=\"og:site_name\" content=\"Van Haber | Van X Haber | Van Haberleri\" \/>\n<meta property=\"article:published_time\" content=\"2024-02-06T09:34:49+00:00\" \/>\n<meta property=\"article:modified_time\" content=\"2024-02-06T09:34:51+00:00\" \/>\n<meta property=\"og:image\" content=\"https:\/\/vanxhaber.com\/wp-content\/uploads\/2024\/02\/tuik-acikladi.jpg\" \/>\n\t<meta property=\"og:image:width\" content=\"641\" \/>\n\t<meta property=\"og:image:height\" content=\"380\" \/>\n\t<meta property=\"og:image:type\" content=\"image\/jpeg\" \/>\n<meta name=\"author\" content=\"Van X Haber\" \/>\n<meta name=\"twitter:card\" content=\"summary_large_image\" \/>\n<meta name=\"twitter:label1\" content=\"Yazan:\" \/>\n\t<meta name=\"twitter:data1\" content=\"Van X Haber\" \/>\n\t<meta name=\"twitter:label2\" content=\"Tahmini okuma s\u00fcresi\" \/>\n\t<meta name=\"twitter:data2\" content=\"3 dakika\" \/>\n<script type=\"application\/ld+json\" class=\"yoast-schema-graph\">{\"@context\":\"https:\/\/schema.org\",\"@graph\":[{\"@type\":\"Article\",\"@id\":\"https:\/\/vanxhaber.com\/index.php\/2024\/02\/06\/tuik-acikladi-vanin-nufusu-kac-oldu\/#article\",\"isPartOf\":{\"@id\":\"https:\/\/vanxhaber.com\/index.php\/2024\/02\/06\/tuik-acikladi-vanin-nufusu-kac-oldu\/\"},\"author\":{\"name\":\"Van X Haber\",\"@id\":\"https:\/\/vanxhaber.com\/#\/schema\/person\/a5fd8d89510cb5370e62ad176f7978ee\"},\"headline\":\"T\u00dc\u0130K a\u00e7\u0131klad\u0131: Van\u2019\u0131n n\u00fcfusu ka\u00e7 oldu!\",\"datePublished\":\"2024-02-06T09:34:49+00:00\",\"dateModified\":\"2024-02-06T09:34:51+00:00\",\"mainEntityOfPage\":{\"@id\":\"https:\/\/vanxhaber.com\/index.php\/2024\/02\/06\/tuik-acikladi-vanin-nufusu-kac-oldu\/\"},\"wordCount\":570,\"commentCount\":0,\"image\":{\"@id\":\"https:\/\/vanxhaber.com\/index.php\/2024\/02\/06\/tuik-acikladi-vanin-nufusu-kac-oldu\/#primaryimage\"},\"thumbnailUrl\":\"https:\/\/vanxhaber.com\/wp-content\/uploads\/2024\/02\/tuik-acikladi.jpg\",\"articleSection\":[\"Van\u00a0Gen\u00e7lik\",\"Van Haber\",\"Van Haberleri\"],\"inLanguage\":\"tr\",\"potentialAction\":[{\"@type\":\"CommentAction\",\"name\":\"Comment\",\"target\":[\"https:\/\/vanxhaber.com\/index.php\/2024\/02\/06\/tuik-acikladi-vanin-nufusu-kac-oldu\/#respond\"]}],\"copyrightYear\":\"2024\",\"copyrightHolder\":{\"@id\":\"https:\/\/vanxhaber.com\/#organization\"}},{\"@type\":\"WebPage\",\"@id\":\"https:\/\/vanxhaber.com\/index.php\/2024\/02\/06\/tuik-acikladi-vanin-nufusu-kac-oldu\/\",\"url\":\"https:\/\/vanxhaber.com\/index.php\/2024\/02\/06\/tuik-acikladi-vanin-nufusu-kac-oldu\/\",\"name\":\"T\u00dc\u0130K a\u00e7\u0131klad\u0131: Van\u2019\u0131n n\u00fcfusu ka\u00e7 oldu! - Van Haber | Van X Haber | Van Haberleri\",\"isPartOf\":{\"@id\":\"https:\/\/vanxhaber.com\/#website\"},\"primaryImageOfPage\":{\"@id\":\"https:\/\/vanxhaber.com\/index.php\/2024\/02\/06\/tuik-acikladi-vanin-nufusu-kac-oldu\/#primaryimage\"},\"image\":{\"@id\":\"https:\/\/vanxhaber.com\/index.php\/2024\/02\/06\/tuik-acikladi-vanin-nufusu-kac-oldu\/#primaryimage\"},\"thumbnailUrl\":\"https:\/\/vanxhaber.com\/wp-content\/uploads\/2024\/02\/tuik-acikladi.jpg\",\"datePublished\":\"2024-02-06T09:34:49+00:00\",\"dateModified\":\"2024-02-06T09:34:51+00:00\",\"author\":{\"@id\":\"https:\/\/vanxhaber.com\/#\/schema\/person\/a5fd8d89510cb5370e62ad176f7978ee\"},\"breadcrumb\":{\"@id\":\"https:\/\/vanxhaber.com\/index.php\/2024\/02\/06\/tuik-acikladi-vanin-nufusu-kac-oldu\/#breadcrumb\"},\"inLanguage\":\"tr\",\"potentialAction\":[{\"@type\":\"ReadAction\",\"target\":[\"https:\/\/vanxhaber.com\/index.php\/2024\/02\/06\/tuik-acikladi-vanin-nufusu-kac-oldu\/\"]}]},{\"@type\":\"ImageObject\",\"inLanguage\":\"tr\",\"@id\":\"https:\/\/vanxhaber.com\/index.php\/2024\/02\/06\/tuik-acikladi-vanin-nufusu-kac-oldu\/#primaryimage\",\"url\":\"https:\/\/vanxhaber.com\/wp-content\/uploads\/2024\/02\/tuik-acikladi.jpg\",\"contentUrl\":\"https:\/\/vanxhaber.com\/wp-content\/uploads\/2024\/02\/tuik-acikladi.jpg\",\"width\":641,\"height\":380},{\"@type\":\"BreadcrumbList\",\"@id\":\"https:\/\/vanxhaber.com\/index.php\/2024\/02\/06\/tuik-acikladi-vanin-nufusu-kac-oldu\/#breadcrumb\",\"itemListElement\":[{\"@type\":\"ListItem\",\"position\":1,\"name\":\"Anasayfa\",\"item\":\"https:\/\/vanxhaber.com\/\"},{\"@type\":\"ListItem\",\"position\":2,\"name\":\"T\u00dc\u0130K a\u00e7\u0131klad\u0131: Van\u2019\u0131n n\u00fcfusu ka\u00e7 oldu!\"}]},{\"@type\":\"WebSite\",\"@id\":\"https:\/\/vanxhaber.com\/#website\",\"url\":\"https:\/\/vanxhaber.com\/\",\"name\":\"Van Haber | Van X Haber | Van Haberleri\",\"description\":\"Van Haber, Van&#039;\u0131n ilk yapay zeka teknolojileri ile yaz\u0131lan Van X Haber ve Van Haberlerini aktif g\u00fcncel sunan tek vanhaber merkezidir.\",\"potentialAction\":[{\"@type\":\"SearchAction\",\"target\":{\"@type\":\"EntryPoint\",\"urlTemplate\":\"https:\/\/vanxhaber.com\/?s={search_term_string}\"},\"query-input\":{\"@type\":\"PropertyValueSpecification\",\"valueRequired\":true,\"valueName\":\"search_term_string\"}}],\"inLanguage\":\"tr\"},{\"@type\":\"Person\",\"@id\":\"https:\/\/vanxhaber.com\/#\/schema\/person\/a5fd8d89510cb5370e62ad176f7978ee\",\"name\":\"Van X Haber\",\"image\":{\"@type\":\"ImageObject\",\"inLanguage\":\"tr\",\"@id\":\"https:\/\/vanxhaber.com\/#\/schema\/person\/image\/\",\"url\":\"https:\/\/secure.gravatar.com\/avatar\/36f2f63826681263103acb5ca1e7bc1a6db11baea9b75dd091d89b74f2704b07?s=96&d=mm&r=g\",\"contentUrl\":\"https:\/\/secure.gravatar.com\/avatar\/36f2f63826681263103acb5ca1e7bc1a6db11baea9b75dd091d89b74f2704b07?s=96&d=mm&r=g\",\"caption\":\"Van X Haber\"},\"description\":\"Van X Haber Van'\u0131n ilk ve tek yeni nesil Van Haber merkezi. Son Dakika Van Haberleri ve G\u00fcncel Van haber merkezinde s\u0131cak geli\u015fmeleri aktarmaya devam edece\u011fiz.\",\"url\":\"https:\/\/vanxhaber.com\/index.php\/author\/vangazetesi\/\"}]}<\/script>\n<!-- \/ Yoast SEO Premium plugin. -->","yoast_head_json":{"title":"T\u00dc\u0130K a\u00e7\u0131klad\u0131: Van\u2019\u0131n n\u00fcfusu ka\u00e7 oldu! - Van Haber | Van X Haber | Van Haberleri","robots":{"index":"index","follow":"follow","max-snippet":"max-snippet:-1","max-image-preview":"max-image-preview:large","max-video-preview":"max-video-preview:-1"},"canonical":"https:\/\/vanxhaber.com\/index.php\/2024\/02\/06\/tuik-acikladi-vanin-nufusu-kac-oldu\/","og_locale":"tr_TR","og_type":"article","og_title":"T\u00dc\u0130K a\u00e7\u0131klad\u0131: Van\u2019\u0131n n\u00fcfusu ka\u00e7 oldu!","og_description":"T\u00fcrkiye \u0130statistik Kurumu (T\u00dc\u0130K) Van B\u00f6lge M\u00fcd\u00fcrl\u00fc\u011f\u00fc taraf\u0131ndan yay\u0131nlanan Adrese Dayal\u0131 N\u00fcfus Kay\u0131t Sistemi (ADNKS) sonu\u00e7lar\u0131na Van\u2019\u0131n n\u00fcfusu a\u00e7\u0131klad\u0131. Yap\u0131lan a\u00e7\u0131klamaya g\u00f6re kent n\u00fcfusu ge\u00e7ti\u011fimiz y\u0131llara oranla artt\u0131. T\u00fcrkiye \u0130statistik Kurumu (T\u00dc\u0130K) Van B\u00f6lge M\u00fcd\u00fcrl\u00fc\u011f\u00fc taraf\u0131ndan yay\u0131nlanan Adrese Dayal\u0131 N\u00fcfus Kay\u0131t Sistemi (ADNKS) sonu\u00e7lar\u0131na Van\u2019\u0131n n\u00fcfusu a\u00e7\u0131klad\u0131. Yap\u0131lan a\u00e7\u0131klamaya g\u00f6re kent n\u00fcfusu ge\u00e7ti\u011fimiz y\u0131llara oranla &hellip;","og_url":"https:\/\/vanxhaber.com\/index.php\/2024\/02\/06\/tuik-acikladi-vanin-nufusu-kac-oldu\/","og_site_name":"Van Haber | Van X Haber | Van Haberleri","article_published_time":"2024-02-06T09:34:49+00:00","article_modified_time":"2024-02-06T09:34:51+00:00","og_image":[{"width":641,"height":380,"url":"https:\/\/vanxhaber.com\/wp-content\/uploads\/2024\/02\/tuik-acikladi.jpg","type":"image\/jpeg"}],"author":"Van X Haber","twitter_card":"summary_large_image","twitter_misc":{"Yazan:":"Van X Haber","Tahmini okuma s\u00fcresi":"3 dakika"},"schema":{"@context":"https:\/\/schema.org","@graph":[{"@type":"Article","@id":"https:\/\/vanxhaber.com\/index.php\/2024\/02\/06\/tuik-acikladi-vanin-nufusu-kac-oldu\/#article","isPartOf":{"@id":"https:\/\/vanxhaber.com\/index.php\/2024\/02\/06\/tuik-acikladi-vanin-nufusu-kac-oldu\/"},"author":{"name":"Van X Haber","@id":"https:\/\/vanxhaber.com\/#\/schema\/person\/a5fd8d89510cb5370e62ad176f7978ee"},"headline":"T\u00dc\u0130K a\u00e7\u0131klad\u0131: Van\u2019\u0131n n\u00fcfusu ka\u00e7 oldu!","datePublished":"2024-02-06T09:34:49+00:00","dateModified":"2024-02-06T09:34:51+00:00","mainEntityOfPage":{"@id":"https:\/\/vanxhaber.com\/index.php\/2024\/02\/06\/tuik-acikladi-vanin-nufusu-kac-oldu\/"},"wordCount":570,"commentCount":0,"image":{"@id":"https:\/\/vanxhaber.com\/index.php\/2024\/02\/06\/tuik-acikladi-vanin-nufusu-kac-oldu\/#primaryimage"},"thumbnailUrl":"https:\/\/vanxhaber.com\/wp-content\/uploads\/2024\/02\/tuik-acikladi.jpg","articleSection":["Van\u00a0Gen\u00e7lik","Van Haber","Van Haberleri"],"inLanguage":"tr","potentialAction":[{"@type":"CommentAction","name":"Comment","target":["https:\/\/vanxhaber.com\/index.php\/2024\/02\/06\/tuik-acikladi-vanin-nufusu-kac-oldu\/#respond"]}],"copyrightYear":"2024","copyrightHolder":{"@id":"https:\/\/vanxhaber.com\/#organization"}},{"@type":"WebPage","@id":"https:\/\/vanxhaber.com\/index.php\/2024\/02\/06\/tuik-acikladi-vanin-nufusu-kac-oldu\/","url":"https:\/\/vanxhaber.com\/index.php\/2024\/02\/06\/tuik-acikladi-vanin-nufusu-kac-oldu\/","name":"T\u00dc\u0130K a\u00e7\u0131klad\u0131: Van\u2019\u0131n n\u00fcfusu ka\u00e7 oldu! - Van Haber | Van X Haber | Van Haberleri","isPartOf":{"@id":"https:\/\/vanxhaber.com\/#website"},"primaryImageOfPage":{"@id":"https:\/\/vanxhaber.com\/index.php\/2024\/02\/06\/tuik-acikladi-vanin-nufusu-kac-oldu\/#primaryimage"},"image":{"@id":"https:\/\/vanxhaber.com\/index.php\/2024\/02\/06\/tuik-acikladi-vanin-nufusu-kac-oldu\/#primaryimage"},"thumbnailUrl":"https:\/\/vanxhaber.com\/wp-content\/uploads\/2024\/02\/tuik-acikladi.jpg","datePublished":"2024-02-06T09:34:49+00:00","dateModified":"2024-02-06T09:34:51+00:00","author":{"@id":"https:\/\/vanxhaber.com\/#\/schema\/person\/a5fd8d89510cb5370e62ad176f7978ee"},"breadcrumb":{"@id":"https:\/\/vanxhaber.com\/index.php\/2024\/02\/06\/tuik-acikladi-vanin-nufusu-kac-oldu\/#breadcrumb"},"inLanguage":"tr","potentialAction":[{"@type":"ReadAction","target":["https:\/\/vanxhaber.com\/index.php\/2024\/02\/06\/tuik-acikladi-vanin-nufusu-kac-oldu\/"]}]},{"@type":"ImageObject","inLanguage":"tr","@id":"https:\/\/vanxhaber.com\/index.php\/2024\/02\/06\/tuik-acikladi-vanin-nufusu-kac-oldu\/#primaryimage","url":"https:\/\/vanxhaber.com\/wp-content\/uploads\/2024\/02\/tuik-acikladi.jpg","contentUrl":"https:\/\/vanxhaber.com\/wp-content\/uploads\/2024\/02\/tuik-acikladi.jpg","width":641,"height":380},{"@type":"BreadcrumbList","@id":"https:\/\/vanxhaber.com\/index.php\/2024\/02\/06\/tuik-acikladi-vanin-nufusu-kac-oldu\/#breadcrumb","itemListElement":[{"@type":"ListItem","position":1,"name":"Anasayfa","item":"https:\/\/vanxhaber.com\/"},{"@type":"ListItem","position":2,"name":"T\u00dc\u0130K a\u00e7\u0131klad\u0131: Van\u2019\u0131n n\u00fcfusu ka\u00e7 oldu!"}]},{"@type":"WebSite","@id":"https:\/\/vanxhaber.com\/#website","url":"https:\/\/vanxhaber.com\/","name":"Van Haber | Van X Haber | Van Haberleri","description":"Van Haber, Van&#039;\u0131n ilk yapay zeka teknolojileri ile yaz\u0131lan Van X Haber ve Van Haberlerini aktif g\u00fcncel sunan tek vanhaber merkezidir.","potentialAction":[{"@type":"SearchAction","target":{"@type":"EntryPoint","urlTemplate":"https:\/\/vanxhaber.com\/?s={search_term_string}"},"query-input":{"@type":"PropertyValueSpecification","valueRequired":true,"valueName":"search_term_string"}}],"inLanguage":"tr"},{"@type":"Person","@id":"https:\/\/vanxhaber.com\/#\/schema\/person\/a5fd8d89510cb5370e62ad176f7978ee","name":"Van X Haber","image":{"@type":"ImageObject","inLanguage":"tr","@id":"https:\/\/vanxhaber.com\/#\/schema\/person\/image\/","url":"https:\/\/secure.gravatar.com\/avatar\/36f2f63826681263103acb5ca1e7bc1a6db11baea9b75dd091d89b74f2704b07?s=96&d=mm&r=g","contentUrl":"https:\/\/secure.gravatar.com\/avatar\/36f2f63826681263103acb5ca1e7bc1a6db11baea9b75dd091d89b74f2704b07?s=96&d=mm&r=g","caption":"Van X Haber"},"description":"Van X Haber Van'\u0131n ilk ve tek yeni nesil Van Haber merkezi. Son Dakika Van Haberleri ve G\u00fcncel Van haber merkezinde s\u0131cak geli\u015fmeleri aktarmaya devam edece\u011fiz.","url":"https:\/\/vanxhaber.com\/index.php\/author\/vangazetesi\/"}]}},"_links":{"self":[{"href":"https:\/\/vanxhaber.com\/index.php\/wp-json\/wp\/v2\/posts\/1600","targetHints":{"allow":["GET"]}}],"collection":[{"href":"https:\/\/vanxhaber.com\/index.php\/wp-json\/wp\/v2\/posts"}],"about":[{"href":"https:\/\/vanxhaber.com\/index.php\/wp-json\/wp\/v2\/types\/post"}],"author":[{"embeddable":true,"href":"https:\/\/vanxhaber.com\/index.php\/wp-json\/wp\/v2\/users\/2"}],"replies":[{"embeddable":true,"href":"https:\/\/vanxhaber.com\/index.php\/wp-json\/wp\/v2\/comments?post=1600"}],"version-history":[{"count":1,"href":"https:\/\/vanxhaber.com\/index.php\/wp-json\/wp\/v2\/posts\/1600\/revisions"}],"predecessor-version":[{"id":1603,"href":"https:\/\/vanxhaber.com\/index.php\/wp-json\/wp\/v2\/posts\/1600\/revisions\/1603"}],"wp:featuredmedia":[{"embeddable":true,"href":"https:\/\/vanxhaber.com\/index.php\/wp-json\/wp\/v2\/media\/1602"}],"wp:attachment":[{"href":"https:\/\/vanxhaber.com\/index.php\/wp-json\/wp\/v2\/media?parent=1600"}],"wp:term":[{"taxonomy":"category","embeddable":true,"href":"https:\/\/vanxhaber.com\/index.php\/wp-json\/wp\/v2\/categories?post=1600"},{"taxonomy":"post_tag","embeddable":true,"href":"https:\/\/vanxhaber.com\/index.php\/wp-json\/wp\/v2\/tags?post=1600"}],"curies":[{"name":"wp","href":"https:\/\/api.w.org\/{rel}","templated":true}]}}