{"id":1604,"date":"2024-02-06T09:51:23","date_gmt":"2024-02-06T09:51:23","guid":{"rendered":"https:\/\/vanxhaber.com\/?p=1604"},"modified":"2024-02-06T09:51:24","modified_gmt":"2024-02-06T09:51:24","slug":"van-bitlis-ve-musta-403-yerlesim-birimine-ulasim-saglanamiyor","status":"publish","type":"post","link":"https:\/\/vanxhaber.com\/index.php\/2024\/02\/06\/van-bitlis-ve-musta-403-yerlesim-birimine-ulasim-saglanamiyor\/","title":{"rendered":"Van, Bitlis ve Mu\u015f&#8217;ta 403 yerle\u015fim birimine ula\u015f\u0131m sa\u011flanam\u0131yor"},"content":{"rendered":"\n<p><br><strong>Van, Bitlis ve Mu\u015f&#8217;ta olumsuz hava ko\u015fullar\u0131 nedeniyle 403 yerle\u015fim biriminin yolu kapand\u0131.<\/strong><\/p>\n\n\n\n<p>Van, Bitlis ve Mu\u015f&#8217;ta olumsuz hava ko\u015fullar\u0131 nedeniyle 403 yerle\u015fim biriminin yolu kapand\u0131.<\/p>\n\n\n\n<p>Van&#8217;\u0131n k\u0131rsal b\u00f6lgelerinde etkili olan kar ve tipi, ula\u015f\u0131mda aksamalara neden oldu.<\/p>\n\n\n\n<p><strong>Van<\/strong> B\u00fcy\u00fck\u015fehir Belediyesinden yap\u0131lan a\u00e7\u0131klamaya g\u00f6re, kent genelinde 264 yerle\u015fim yerinin yolu kardan kapand\u0131.<\/p>\n\n\n\n<p><strong>Kar<\/strong>la m\u00fccadele ekipleri, ula\u015f\u0131m\u0131n sa\u011flanamad\u0131\u011f\u0131<strong> mahalle<\/strong> ve mezra yollar\u0131n\u0131n a\u00e7\u0131lmas\u0131 i\u00e7in \u00e7al\u0131\u015fmalar\u0131n\u0131 s\u00fcrd\u00fcr\u00fcyor.<\/p>\n\n\n\n<p>Son g\u00fcnlerde etkili olan ya\u011f\u0131\u015flarla kar kal\u0131nl\u0131\u011f\u0131n\u0131n yer yer bir metreyi buldu\u011fu Muradiye il\u00e7esinde, belediye ekipleri karla m\u00fccadele \u00e7al\u0131\u015fmas\u0131 ba\u015flatt\u0131.<\/p>\n\n\n\n<p>Beyaz \u00f6rt\u00fcyle kaplanan il\u00e7e merkezi dronla g\u00f6r\u00fcnt\u00fclendi.<\/p>\n\n\n\n<ul class=\"wp-block-list\">\n<li>Mu\u015f<\/li>\n<\/ul>\n\n\n\n<p>Mu\u015f merkez ve il\u00e7elerinde 85 k\u00f6y yolu kar ve tipi nedeniyle kapand\u0131.<\/p>\n\n\n\n<p>\u0130l \u00d6zel \u0130daresi Genel Sekreteri \u015eehmus Yent\u00fcr, kapal\u0131 yollar\u0131n a\u00e7\u0131lmas\u0131 i\u00e7in \u00e7al\u0131\u015fmalar\u0131n s\u00fcrd\u00fc\u011f\u00fcn\u00fc s\u00f6yledi.<\/p>\n\n\n\n<p>Malazgirt il\u00e7esinde de kar ve tipi nedeniyle ula\u015f\u0131mda aksamlar ya\u015fand\u0131.<\/p>\n\n\n\n<p>Be\u015f\u00e7atak ile Dirimp\u0131nar k\u00f6yleri aras\u0131nda yolda kalan baz\u0131 \u00f6\u011frenci servisleri ve ara\u00e7lar, ekiplerin \u00e7al\u0131\u015fmas\u0131yla kurtar\u0131ld\u0131.<\/p>\n\n\n\n<ul class=\"wp-block-list\">\n<li>Bitlis<\/li>\n<\/ul>\n\n\n\n<p>Bitlis ve il\u00e7elerinde kar nedeniyle 54 yerle\u015fim birimine ula\u015f\u0131m sa\u011flanam\u0131yor.<\/p>\n\n\n\n<p>\u0130l \u00d6zel \u0130daresi karla m\u00fccadele ekipleri, yollar\u0131 a\u00e7mak i\u00e7in \u00e7al\u0131\u015fmalar\u0131n\u0131 s\u00fcrd\u00fcr\u00fcyor.<\/p>\n\n\n\n<ul class=\"wp-block-list\">\n<li>Hakkari<\/li>\n<\/ul>\n\n\n\n<p>Hakkari&#8217;nin Y\u00fcksekova il\u00e7esinde de so\u011fuk hava ve sis etkisini s\u00fcrd\u00fcr\u00fcyor.<\/p>\n\n\n\n<p>Sis nedeniyle g\u00f6r\u00fc\u015f mesafesinin d\u00fc\u015ft\u00fc\u011f\u00fc Y\u00fcksekova il\u00e7esinde trafik kontroll\u00fc bir \u015fekilde sa\u011flan\u0131yor.<\/p>\n\n\n\n<p>A\u011fa\u00e7larda k\u0131ra\u011f\u0131 olu\u015fan il\u00e7ede, belediye ekipleri kar temizleme ve tuzlama \u00e7al\u0131\u015fmas\u0131 y\u00fcr\u00fct\u00fcyor.<\/p>\n","protected":false},"excerpt":{"rendered":"<p>Van, Bitlis ve Mu\u015f&#8217;ta olumsuz hava ko\u015fullar\u0131 nedeniyle 403 yerle\u015fim biriminin yolu kapand\u0131. Van, Bitlis ve Mu\u015f&#8217;ta olumsuz hava ko\u015fullar\u0131 nedeniyle 403 yerle\u015fim biriminin yolu kapand\u0131. Van&#8217;\u0131n k\u0131rsal b\u00f6lgelerinde etkili olan kar ve tipi, ula\u015f\u0131mda aksamalara neden oldu. Van B\u00fcy\u00fck\u015fehir Belediyesinden yap\u0131lan a\u00e7\u0131klamaya g\u00f6re, kent genelinde 264 yerle\u015fim yerinin yolu kardan kapand\u0131. Karla m\u00fccadele ekipleri, &hellip;<\/p>\n","protected":false},"author":2,"featured_media":1606,"comment_status":"open","ping_status":"closed","sticky":false,"template":"","format":"standard","meta":{"googlesitekit_rrm_CAowot3VCw:productID":"","footnotes":""},"categories":[28,1,24],"tags":[],"class_list":["post-1604","post","type-post","status-publish","format-standard","has-post-thumbnail","hentry","category-van-egitim","category-van-haber","category-van-haberleri"],"yoast_head":"<!-- This site is optimized with the Yoast SEO Premium plugin v21.7 (Yoast SEO v26.7) - https:\/\/yoast.com\/wordpress\/plugins\/seo\/ -->\n<title>Van, Bitlis ve Mu\u015f&#039;ta 403 yerle\u015fim birimine ula\u015f\u0131m sa\u011flanam\u0131yor - Van Haber | Van X Haber | Van Haberleri<\/title>\n<meta name=\"robots\" content=\"index, follow, max-snippet:-1, max-image-preview:large, max-video-preview:-1\" \/>\n<link rel=\"canonical\" href=\"https:\/\/vanxhaber.com\/index.php\/2024\/02\/06\/van-bitlis-ve-musta-403-yerlesim-birimine-ulasim-saglanamiyor\/\" \/>\n<meta property=\"og:locale\" content=\"tr_TR\" \/>\n<meta property=\"og:type\" content=\"article\" \/>\n<meta property=\"og:title\" content=\"Van, Bitlis ve Mu\u015f&#039;ta 403 yerle\u015fim birimine ula\u015f\u0131m sa\u011flanam\u0131yor\" \/>\n<meta property=\"og:description\" content=\"Van, Bitlis ve Mu\u015f&#8217;ta olumsuz hava ko\u015fullar\u0131 nedeniyle 403 yerle\u015fim biriminin yolu kapand\u0131. Van, Bitlis ve Mu\u015f&#8217;ta olumsuz hava ko\u015fullar\u0131 nedeniyle 403 yerle\u015fim biriminin yolu kapand\u0131. Van&#8217;\u0131n k\u0131rsal b\u00f6lgelerinde etkili olan kar ve tipi, ula\u015f\u0131mda aksamalara neden oldu. Van B\u00fcy\u00fck\u015fehir Belediyesinden yap\u0131lan a\u00e7\u0131klamaya g\u00f6re, kent genelinde 264 yerle\u015fim yerinin yolu kardan kapand\u0131. Karla m\u00fccadele ekipleri, &hellip;\" \/>\n<meta property=\"og:url\" content=\"https:\/\/vanxhaber.com\/index.php\/2024\/02\/06\/van-bitlis-ve-musta-403-yerlesim-birimine-ulasim-saglanamiyor\/\" \/>\n<meta property=\"og:site_name\" content=\"Van Haber | Van X Haber | Van Haberleri\" \/>\n<meta property=\"article:published_time\" content=\"2024-02-06T09:51:23+00:00\" \/>\n<meta property=\"article:modified_time\" content=\"2024-02-06T09:51:24+00:00\" \/>\n<meta property=\"og:image\" content=\"https:\/\/vanxhaber.com\/wp-content\/uploads\/2024\/02\/yerlesim-yerleri.jpg\" \/>\n\t<meta property=\"og:image:width\" content=\"641\" \/>\n\t<meta property=\"og:image:height\" content=\"380\" \/>\n\t<meta property=\"og:image:type\" content=\"image\/jpeg\" \/>\n<meta name=\"author\" content=\"Van X Haber\" \/>\n<meta name=\"twitter:card\" content=\"summary_large_image\" \/>\n<meta name=\"twitter:label1\" content=\"Yazan:\" \/>\n\t<meta name=\"twitter:data1\" content=\"Van X Haber\" \/>\n\t<meta name=\"twitter:label2\" content=\"Tahmini okuma s\u00fcresi\" \/>\n\t<meta name=\"twitter:data2\" content=\"2 dakika\" \/>\n<script type=\"application\/ld+json\" class=\"yoast-schema-graph\">{\"@context\":\"https:\/\/schema.org\",\"@graph\":[{\"@type\":\"Article\",\"@id\":\"https:\/\/vanxhaber.com\/index.php\/2024\/02\/06\/van-bitlis-ve-musta-403-yerlesim-birimine-ulasim-saglanamiyor\/#article\",\"isPartOf\":{\"@id\":\"https:\/\/vanxhaber.com\/index.php\/2024\/02\/06\/van-bitlis-ve-musta-403-yerlesim-birimine-ulasim-saglanamiyor\/\"},\"author\":{\"name\":\"Van X Haber\",\"@id\":\"https:\/\/vanxhaber.com\/#\/schema\/person\/a5fd8d89510cb5370e62ad176f7978ee\"},\"headline\":\"Van, Bitlis ve Mu\u015f&#8217;ta 403 yerle\u015fim birimine ula\u015f\u0131m sa\u011flanam\u0131yor\",\"datePublished\":\"2024-02-06T09:51:23+00:00\",\"dateModified\":\"2024-02-06T09:51:24+00:00\",\"mainEntityOfPage\":{\"@id\":\"https:\/\/vanxhaber.com\/index.php\/2024\/02\/06\/van-bitlis-ve-musta-403-yerlesim-birimine-ulasim-saglanamiyor\/\"},\"wordCount\":311,\"commentCount\":0,\"image\":{\"@id\":\"https:\/\/vanxhaber.com\/index.php\/2024\/02\/06\/van-bitlis-ve-musta-403-yerlesim-birimine-ulasim-saglanamiyor\/#primaryimage\"},\"thumbnailUrl\":\"https:\/\/vanxhaber.com\/wp-content\/uploads\/2024\/02\/yerlesim-yerleri.jpg\",\"articleSection\":[\"Van E\u011fitim\",\"Van Haber\",\"Van Haberleri\"],\"inLanguage\":\"tr\",\"potentialAction\":[{\"@type\":\"CommentAction\",\"name\":\"Comment\",\"target\":[\"https:\/\/vanxhaber.com\/index.php\/2024\/02\/06\/van-bitlis-ve-musta-403-yerlesim-birimine-ulasim-saglanamiyor\/#respond\"]}],\"copyrightYear\":\"2024\",\"copyrightHolder\":{\"@id\":\"https:\/\/vanxhaber.com\/#organization\"}},{\"@type\":\"WebPage\",\"@id\":\"https:\/\/vanxhaber.com\/index.php\/2024\/02\/06\/van-bitlis-ve-musta-403-yerlesim-birimine-ulasim-saglanamiyor\/\",\"url\":\"https:\/\/vanxhaber.com\/index.php\/2024\/02\/06\/van-bitlis-ve-musta-403-yerlesim-birimine-ulasim-saglanamiyor\/\",\"name\":\"Van, Bitlis ve Mu\u015f'ta 403 yerle\u015fim birimine ula\u015f\u0131m sa\u011flanam\u0131yor - Van Haber | Van X Haber | Van Haberleri\",\"isPartOf\":{\"@id\":\"https:\/\/vanxhaber.com\/#website\"},\"primaryImageOfPage\":{\"@id\":\"https:\/\/vanxhaber.com\/index.php\/2024\/02\/06\/van-bitlis-ve-musta-403-yerlesim-birimine-ulasim-saglanamiyor\/#primaryimage\"},\"image\":{\"@id\":\"https:\/\/vanxhaber.com\/index.php\/2024\/02\/06\/van-bitlis-ve-musta-403-yerlesim-birimine-ulasim-saglanamiyor\/#primaryimage\"},\"thumbnailUrl\":\"https:\/\/vanxhaber.com\/wp-content\/uploads\/2024\/02\/yerlesim-yerleri.jpg\",\"datePublished\":\"2024-02-06T09:51:23+00:00\",\"dateModified\":\"2024-02-06T09:51:24+00:00\",\"author\":{\"@id\":\"https:\/\/vanxhaber.com\/#\/schema\/person\/a5fd8d89510cb5370e62ad176f7978ee\"},\"breadcrumb\":{\"@id\":\"https:\/\/vanxhaber.com\/index.php\/2024\/02\/06\/van-bitlis-ve-musta-403-yerlesim-birimine-ulasim-saglanamiyor\/#breadcrumb\"},\"inLanguage\":\"tr\",\"potentialAction\":[{\"@type\":\"ReadAction\",\"target\":[\"https:\/\/vanxhaber.com\/index.php\/2024\/02\/06\/van-bitlis-ve-musta-403-yerlesim-birimine-ulasim-saglanamiyor\/\"]}]},{\"@type\":\"ImageObject\",\"inLanguage\":\"tr\",\"@id\":\"https:\/\/vanxhaber.com\/index.php\/2024\/02\/06\/van-bitlis-ve-musta-403-yerlesim-birimine-ulasim-saglanamiyor\/#primaryimage\",\"url\":\"https:\/\/vanxhaber.com\/wp-content\/uploads\/2024\/02\/yerlesim-yerleri.jpg\",\"contentUrl\":\"https:\/\/vanxhaber.com\/wp-content\/uploads\/2024\/02\/yerlesim-yerleri.jpg\",\"width\":641,\"height\":380},{\"@type\":\"BreadcrumbList\",\"@id\":\"https:\/\/vanxhaber.com\/index.php\/2024\/02\/06\/van-bitlis-ve-musta-403-yerlesim-birimine-ulasim-saglanamiyor\/#breadcrumb\",\"itemListElement\":[{\"@type\":\"ListItem\",\"position\":1,\"name\":\"Anasayfa\",\"item\":\"https:\/\/vanxhaber.com\/\"},{\"@type\":\"ListItem\",\"position\":2,\"name\":\"Van, Bitlis ve Mu\u015f&#8217;ta 403 yerle\u015fim birimine ula\u015f\u0131m sa\u011flanam\u0131yor\"}]},{\"@type\":\"WebSite\",\"@id\":\"https:\/\/vanxhaber.com\/#website\",\"url\":\"https:\/\/vanxhaber.com\/\",\"name\":\"Van Haber | Van X Haber | Van Haberleri\",\"description\":\"Van Haber, Van&#039;\u0131n ilk yapay zeka teknolojileri ile yaz\u0131lan Van X Haber ve Van Haberlerini aktif g\u00fcncel sunan tek vanhaber merkezidir.\",\"potentialAction\":[{\"@type\":\"SearchAction\",\"target\":{\"@type\":\"EntryPoint\",\"urlTemplate\":\"https:\/\/vanxhaber.com\/?s={search_term_string}\"},\"query-input\":{\"@type\":\"PropertyValueSpecification\",\"valueRequired\":true,\"valueName\":\"search_term_string\"}}],\"inLanguage\":\"tr\"},{\"@type\":\"Person\",\"@id\":\"https:\/\/vanxhaber.com\/#\/schema\/person\/a5fd8d89510cb5370e62ad176f7978ee\",\"name\":\"Van X Haber\",\"image\":{\"@type\":\"ImageObject\",\"inLanguage\":\"tr\",\"@id\":\"https:\/\/vanxhaber.com\/#\/schema\/person\/image\/\",\"url\":\"https:\/\/secure.gravatar.com\/avatar\/36f2f63826681263103acb5ca1e7bc1a6db11baea9b75dd091d89b74f2704b07?s=96&d=mm&r=g\",\"contentUrl\":\"https:\/\/secure.gravatar.com\/avatar\/36f2f63826681263103acb5ca1e7bc1a6db11baea9b75dd091d89b74f2704b07?s=96&d=mm&r=g\",\"caption\":\"Van X Haber\"},\"description\":\"Van X Haber Van'\u0131n ilk ve tek yeni nesil Van Haber merkezi. Son Dakika Van Haberleri ve G\u00fcncel Van haber merkezinde s\u0131cak geli\u015fmeleri aktarmaya devam edece\u011fiz.\",\"url\":\"https:\/\/vanxhaber.com\/index.php\/author\/vangazetesi\/\"}]}<\/script>\n<!-- \/ Yoast SEO Premium plugin. -->","yoast_head_json":{"title":"Van, Bitlis ve Mu\u015f'ta 403 yerle\u015fim birimine ula\u015f\u0131m sa\u011flanam\u0131yor - Van Haber | Van X Haber | Van Haberleri","robots":{"index":"index","follow":"follow","max-snippet":"max-snippet:-1","max-image-preview":"max-image-preview:large","max-video-preview":"max-video-preview:-1"},"canonical":"https:\/\/vanxhaber.com\/index.php\/2024\/02\/06\/van-bitlis-ve-musta-403-yerlesim-birimine-ulasim-saglanamiyor\/","og_locale":"tr_TR","og_type":"article","og_title":"Van, Bitlis ve Mu\u015f'ta 403 yerle\u015fim birimine ula\u015f\u0131m sa\u011flanam\u0131yor","og_description":"Van, Bitlis ve Mu\u015f&#8217;ta olumsuz hava ko\u015fullar\u0131 nedeniyle 403 yerle\u015fim biriminin yolu kapand\u0131. Van, Bitlis ve Mu\u015f&#8217;ta olumsuz hava ko\u015fullar\u0131 nedeniyle 403 yerle\u015fim biriminin yolu kapand\u0131. Van&#8217;\u0131n k\u0131rsal b\u00f6lgelerinde etkili olan kar ve tipi, ula\u015f\u0131mda aksamalara neden oldu. Van B\u00fcy\u00fck\u015fehir Belediyesinden yap\u0131lan a\u00e7\u0131klamaya g\u00f6re, kent genelinde 264 yerle\u015fim yerinin yolu kardan kapand\u0131. Karla m\u00fccadele ekipleri, &hellip;","og_url":"https:\/\/vanxhaber.com\/index.php\/2024\/02\/06\/van-bitlis-ve-musta-403-yerlesim-birimine-ulasim-saglanamiyor\/","og_site_name":"Van Haber | Van X Haber | Van Haberleri","article_published_time":"2024-02-06T09:51:23+00:00","article_modified_time":"2024-02-06T09:51:24+00:00","og_image":[{"width":641,"height":380,"url":"https:\/\/vanxhaber.com\/wp-content\/uploads\/2024\/02\/yerlesim-yerleri.jpg","type":"image\/jpeg"}],"author":"Van X Haber","twitter_card":"summary_large_image","twitter_misc":{"Yazan:":"Van X Haber","Tahmini okuma s\u00fcresi":"2 dakika"},"schema":{"@context":"https:\/\/schema.org","@graph":[{"@type":"Article","@id":"https:\/\/vanxhaber.com\/index.php\/2024\/02\/06\/van-bitlis-ve-musta-403-yerlesim-birimine-ulasim-saglanamiyor\/#article","isPartOf":{"@id":"https:\/\/vanxhaber.com\/index.php\/2024\/02\/06\/van-bitlis-ve-musta-403-yerlesim-birimine-ulasim-saglanamiyor\/"},"author":{"name":"Van X Haber","@id":"https:\/\/vanxhaber.com\/#\/schema\/person\/a5fd8d89510cb5370e62ad176f7978ee"},"headline":"Van, Bitlis ve Mu\u015f&#8217;ta 403 yerle\u015fim birimine ula\u015f\u0131m sa\u011flanam\u0131yor","datePublished":"2024-02-06T09:51:23+00:00","dateModified":"2024-02-06T09:51:24+00:00","mainEntityOfPage":{"@id":"https:\/\/vanxhaber.com\/index.php\/2024\/02\/06\/van-bitlis-ve-musta-403-yerlesim-birimine-ulasim-saglanamiyor\/"},"wordCount":311,"commentCount":0,"image":{"@id":"https:\/\/vanxhaber.com\/index.php\/2024\/02\/06\/van-bitlis-ve-musta-403-yerlesim-birimine-ulasim-saglanamiyor\/#primaryimage"},"thumbnailUrl":"https:\/\/vanxhaber.com\/wp-content\/uploads\/2024\/02\/yerlesim-yerleri.jpg","articleSection":["Van E\u011fitim","Van Haber","Van Haberleri"],"inLanguage":"tr","potentialAction":[{"@type":"CommentAction","name":"Comment","target":["https:\/\/vanxhaber.com\/index.php\/2024\/02\/06\/van-bitlis-ve-musta-403-yerlesim-birimine-ulasim-saglanamiyor\/#respond"]}],"copyrightYear":"2024","copyrightHolder":{"@id":"https:\/\/vanxhaber.com\/#organization"}},{"@type":"WebPage","@id":"https:\/\/vanxhaber.com\/index.php\/2024\/02\/06\/van-bitlis-ve-musta-403-yerlesim-birimine-ulasim-saglanamiyor\/","url":"https:\/\/vanxhaber.com\/index.php\/2024\/02\/06\/van-bitlis-ve-musta-403-yerlesim-birimine-ulasim-saglanamiyor\/","name":"Van, Bitlis ve Mu\u015f'ta 403 yerle\u015fim birimine ula\u015f\u0131m sa\u011flanam\u0131yor - Van Haber | Van X Haber | Van Haberleri","isPartOf":{"@id":"https:\/\/vanxhaber.com\/#website"},"primaryImageOfPage":{"@id":"https:\/\/vanxhaber.com\/index.php\/2024\/02\/06\/van-bitlis-ve-musta-403-yerlesim-birimine-ulasim-saglanamiyor\/#primaryimage"},"image":{"@id":"https:\/\/vanxhaber.com\/index.php\/2024\/02\/06\/van-bitlis-ve-musta-403-yerlesim-birimine-ulasim-saglanamiyor\/#primaryimage"},"thumbnailUrl":"https:\/\/vanxhaber.com\/wp-content\/uploads\/2024\/02\/yerlesim-yerleri.jpg","datePublished":"2024-02-06T09:51:23+00:00","dateModified":"2024-02-06T09:51:24+00:00","author":{"@id":"https:\/\/vanxhaber.com\/#\/schema\/person\/a5fd8d89510cb5370e62ad176f7978ee"},"breadcrumb":{"@id":"https:\/\/vanxhaber.com\/index.php\/2024\/02\/06\/van-bitlis-ve-musta-403-yerlesim-birimine-ulasim-saglanamiyor\/#breadcrumb"},"inLanguage":"tr","potentialAction":[{"@type":"ReadAction","target":["https:\/\/vanxhaber.com\/index.php\/2024\/02\/06\/van-bitlis-ve-musta-403-yerlesim-birimine-ulasim-saglanamiyor\/"]}]},{"@type":"ImageObject","inLanguage":"tr","@id":"https:\/\/vanxhaber.com\/index.php\/2024\/02\/06\/van-bitlis-ve-musta-403-yerlesim-birimine-ulasim-saglanamiyor\/#primaryimage","url":"https:\/\/vanxhaber.com\/wp-content\/uploads\/2024\/02\/yerlesim-yerleri.jpg","contentUrl":"https:\/\/vanxhaber.com\/wp-content\/uploads\/2024\/02\/yerlesim-yerleri.jpg","width":641,"height":380},{"@type":"BreadcrumbList","@id":"https:\/\/vanxhaber.com\/index.php\/2024\/02\/06\/van-bitlis-ve-musta-403-yerlesim-birimine-ulasim-saglanamiyor\/#breadcrumb","itemListElement":[{"@type":"ListItem","position":1,"name":"Anasayfa","item":"https:\/\/vanxhaber.com\/"},{"@type":"ListItem","position":2,"name":"Van, Bitlis ve Mu\u015f&#8217;ta 403 yerle\u015fim birimine ula\u015f\u0131m sa\u011flanam\u0131yor"}]},{"@type":"WebSite","@id":"https:\/\/vanxhaber.com\/#website","url":"https:\/\/vanxhaber.com\/","name":"Van Haber | Van X Haber | Van Haberleri","description":"Van Haber, Van&#039;\u0131n ilk yapay zeka teknolojileri ile yaz\u0131lan Van X Haber ve Van Haberlerini aktif g\u00fcncel sunan tek vanhaber merkezidir.","potentialAction":[{"@type":"SearchAction","target":{"@type":"EntryPoint","urlTemplate":"https:\/\/vanxhaber.com\/?s={search_term_string}"},"query-input":{"@type":"PropertyValueSpecification","valueRequired":true,"valueName":"search_term_string"}}],"inLanguage":"tr"},{"@type":"Person","@id":"https:\/\/vanxhaber.com\/#\/schema\/person\/a5fd8d89510cb5370e62ad176f7978ee","name":"Van X Haber","image":{"@type":"ImageObject","inLanguage":"tr","@id":"https:\/\/vanxhaber.com\/#\/schema\/person\/image\/","url":"https:\/\/secure.gravatar.com\/avatar\/36f2f63826681263103acb5ca1e7bc1a6db11baea9b75dd091d89b74f2704b07?s=96&d=mm&r=g","contentUrl":"https:\/\/secure.gravatar.com\/avatar\/36f2f63826681263103acb5ca1e7bc1a6db11baea9b75dd091d89b74f2704b07?s=96&d=mm&r=g","caption":"Van X Haber"},"description":"Van X Haber Van'\u0131n ilk ve tek yeni nesil Van Haber merkezi. Son Dakika Van Haberleri ve G\u00fcncel Van haber merkezinde s\u0131cak geli\u015fmeleri aktarmaya devam edece\u011fiz.","url":"https:\/\/vanxhaber.com\/index.php\/author\/vangazetesi\/"}]}},"_links":{"self":[{"href":"https:\/\/vanxhaber.com\/index.php\/wp-json\/wp\/v2\/posts\/1604","targetHints":{"allow":["GET"]}}],"collection":[{"href":"https:\/\/vanxhaber.com\/index.php\/wp-json\/wp\/v2\/posts"}],"about":[{"href":"https:\/\/vanxhaber.com\/index.php\/wp-json\/wp\/v2\/types\/post"}],"author":[{"embeddable":true,"href":"https:\/\/vanxhaber.com\/index.php\/wp-json\/wp\/v2\/users\/2"}],"replies":[{"embeddable":true,"href":"https:\/\/vanxhaber.com\/index.php\/wp-json\/wp\/v2\/comments?post=1604"}],"version-history":[{"count":1,"href":"https:\/\/vanxhaber.com\/index.php\/wp-json\/wp\/v2\/posts\/1604\/revisions"}],"predecessor-version":[{"id":1607,"href":"https:\/\/vanxhaber.com\/index.php\/wp-json\/wp\/v2\/posts\/1604\/revisions\/1607"}],"wp:featuredmedia":[{"embeddable":true,"href":"https:\/\/vanxhaber.com\/index.php\/wp-json\/wp\/v2\/media\/1606"}],"wp:attachment":[{"href":"https:\/\/vanxhaber.com\/index.php\/wp-json\/wp\/v2\/media?parent=1604"}],"wp:term":[{"taxonomy":"category","embeddable":true,"href":"https:\/\/vanxhaber.com\/index.php\/wp-json\/wp\/v2\/categories?post=1604"},{"taxonomy":"post_tag","embeddable":true,"href":"https:\/\/vanxhaber.com\/index.php\/wp-json\/wp\/v2\/tags?post=1604"}],"curies":[{"name":"wp","href":"https:\/\/api.w.org\/{rel}","templated":true}]}}