{"id":1612,"date":"2024-02-07T08:19:12","date_gmt":"2024-02-07T08:19:12","guid":{"rendered":"https:\/\/vanxhaber.com\/?p=1612"},"modified":"2024-02-07T08:19:14","modified_gmt":"2024-02-07T08:19:14","slug":"kadinlara-yonelik-mevlid-programi","status":"publish","type":"post","link":"https:\/\/vanxhaber.com\/index.php\/2024\/02\/07\/kadinlara-yonelik-mevlid-programi\/","title":{"rendered":"Kad\u0131nlara y\u00f6nelik Mevlid program\u0131\u2026"},"content":{"rendered":"\n<p> Van B\u00fcy\u00fck\u015fehir Belediyesi, 6 \u015eubat\u2019ta Kahramanmara\u015f merkezli ya\u015fanan depremlerde hayat\u0131n\u0131 kaybeden vatanda\u015flar\u0131m\u0131z\u0131 anma ve Mira\u00e7 Kandili nedeniyle Mevlid program\u0131 d\u00fczenledi.<\/p>\n\n\n\n<p>Kad\u0131nlara y\u00f6nelik d\u00fczenlenen program, Kad\u0131n ve Aile Hizmetleri Dairesi Ba\u015fkan\u0131 Selma Bi\u00e7ek&#8217;in a\u00e7\u0131l\u0131\u015f konu\u015fmas\u0131 ile ba\u015flad\u0131. Deprem ile ilgili yap\u0131lan bilgilendirme ile devam eden programda, Van Y\u00fcz\u00fcnc\u00fc Y\u0131l \u00dcniversitesi (YY\u00dc) Afet Y\u00f6netimi, Deprem Ara\u015ft\u0131rma ve Uygulama Merkezi M\u00fcd\u00fcr\u00fc Do\u00e7. Dr. Azad Sa\u011flam Sel\u00e7uk taraf\u0131ndan deprem \u00f6ncesinde al\u0131nmas\u0131 gereken \u00f6nlemler, deprem an\u0131 ve sonras\u0131nda yap\u0131lmas\u0131 gerekenler ile ilgili detayl\u0131 bilgiler verildi. Daha sonra <strong>Kur\u2019an-\u0131 Kerim <\/strong>ve <strong>Mevlid-i \u015eerif<\/strong> okunan programda, asr\u0131n felaketi olarak nitelendirilen depremlerde hayat\u0131n\u0131 kaybeden vatanda\u015flar\u0131m\u0131z i\u00e7in dualar edildi. Kad\u0131n ve Aile Hizmetleri Dairesi Ba\u015fkanl\u0131\u011f\u0131 Konferans Salonu\u2019nda d\u00fczenlenen etkinli\u011fe kad\u0131nlar yo\u011fun ilgi g\u00f6sterdi. Okunan Mevlid-i \u015eerif ve yap\u0131lan dualar\u0131n ard\u0131ndan sona eren, programda kat\u0131l\u0131mc\u0131lara \u015feker ve kandil simidi ikram edildi.<\/p>\n","protected":false},"excerpt":{"rendered":"<p>Van B\u00fcy\u00fck\u015fehir Belediyesi, 6 \u015eubat\u2019ta Kahramanmara\u015f merkezli ya\u015fanan depremlerde hayat\u0131n\u0131 kaybeden vatanda\u015flar\u0131m\u0131z\u0131 anma ve Mira\u00e7 Kandili nedeniyle Mevlid program\u0131 d\u00fczenledi. Kad\u0131nlara y\u00f6nelik d\u00fczenlenen program, Kad\u0131n ve Aile Hizmetleri Dairesi Ba\u015fkan\u0131 Selma Bi\u00e7ek&#8217;in a\u00e7\u0131l\u0131\u015f konu\u015fmas\u0131 ile ba\u015flad\u0131. Deprem ile ilgili yap\u0131lan bilgilendirme ile devam eden programda, Van Y\u00fcz\u00fcnc\u00fc Y\u0131l \u00dcniversitesi (YY\u00dc) Afet Y\u00f6netimi, Deprem Ara\u015ft\u0131rma ve &hellip;<\/p>\n","protected":false},"author":2,"featured_media":1614,"comment_status":"open","ping_status":"closed","sticky":false,"template":"","format":"standard","meta":{"googlesitekit_rrm_CAowot3VCw:productID":"","footnotes":""},"categories":[1,24],"tags":[],"class_list":["post-1612","post","type-post","status-publish","format-standard","has-post-thumbnail","hentry","category-van-haber","category-van-haberleri"],"yoast_head":"<!-- This site is optimized with the Yoast SEO Premium plugin v21.7 (Yoast SEO v26.7) - https:\/\/yoast.com\/wordpress\/plugins\/seo\/ -->\n<title>Kad\u0131nlara y\u00f6nelik Mevlid program\u0131\u2026 - Van Haber | Van X Haber | Van Haberleri<\/title>\n<meta name=\"robots\" content=\"index, follow, max-snippet:-1, max-image-preview:large, max-video-preview:-1\" \/>\n<link rel=\"canonical\" href=\"https:\/\/vanxhaber.com\/index.php\/2024\/02\/07\/kadinlara-yonelik-mevlid-programi\/\" \/>\n<meta property=\"og:locale\" content=\"tr_TR\" \/>\n<meta property=\"og:type\" content=\"article\" \/>\n<meta property=\"og:title\" content=\"Kad\u0131nlara y\u00f6nelik Mevlid program\u0131\u2026\" \/>\n<meta property=\"og:description\" content=\"Van B\u00fcy\u00fck\u015fehir Belediyesi, 6 \u015eubat\u2019ta Kahramanmara\u015f merkezli ya\u015fanan depremlerde hayat\u0131n\u0131 kaybeden vatanda\u015flar\u0131m\u0131z\u0131 anma ve Mira\u00e7 Kandili nedeniyle Mevlid program\u0131 d\u00fczenledi. Kad\u0131nlara y\u00f6nelik d\u00fczenlenen program, Kad\u0131n ve Aile Hizmetleri Dairesi Ba\u015fkan\u0131 Selma Bi\u00e7ek&#8217;in a\u00e7\u0131l\u0131\u015f konu\u015fmas\u0131 ile ba\u015flad\u0131. Deprem ile ilgili yap\u0131lan bilgilendirme ile devam eden programda, Van Y\u00fcz\u00fcnc\u00fc Y\u0131l \u00dcniversitesi (YY\u00dc) Afet Y\u00f6netimi, Deprem Ara\u015ft\u0131rma ve &hellip;\" \/>\n<meta property=\"og:url\" content=\"https:\/\/vanxhaber.com\/index.php\/2024\/02\/07\/kadinlara-yonelik-mevlid-programi\/\" \/>\n<meta property=\"og:site_name\" content=\"Van Haber | Van X Haber | Van Haberleri\" \/>\n<meta property=\"article:published_time\" content=\"2024-02-07T08:19:12+00:00\" \/>\n<meta property=\"article:modified_time\" content=\"2024-02-07T08:19:14+00:00\" \/>\n<meta property=\"og:image\" content=\"https:\/\/vanxhaber.com\/wp-content\/uploads\/2024\/02\/kadinlara-program.jpg\" \/>\n\t<meta property=\"og:image:width\" content=\"641\" \/>\n\t<meta property=\"og:image:height\" content=\"380\" \/>\n\t<meta property=\"og:image:type\" content=\"image\/jpeg\" \/>\n<meta name=\"author\" content=\"Van X Haber\" \/>\n<meta name=\"twitter:card\" content=\"summary_large_image\" \/>\n<meta name=\"twitter:label1\" content=\"Yazan:\" \/>\n\t<meta name=\"twitter:data1\" content=\"Van X Haber\" \/>\n\t<meta name=\"twitter:label2\" content=\"Tahmini okuma s\u00fcresi\" \/>\n\t<meta name=\"twitter:data2\" content=\"1 dakika\" \/>\n<script type=\"application\/ld+json\" class=\"yoast-schema-graph\">{\"@context\":\"https:\/\/schema.org\",\"@graph\":[{\"@type\":\"Article\",\"@id\":\"https:\/\/vanxhaber.com\/index.php\/2024\/02\/07\/kadinlara-yonelik-mevlid-programi\/#article\",\"isPartOf\":{\"@id\":\"https:\/\/vanxhaber.com\/index.php\/2024\/02\/07\/kadinlara-yonelik-mevlid-programi\/\"},\"author\":{\"name\":\"Van X Haber\",\"@id\":\"https:\/\/vanxhaber.com\/#\/schema\/person\/a5fd8d89510cb5370e62ad176f7978ee\"},\"headline\":\"Kad\u0131nlara y\u00f6nelik Mevlid program\u0131\u2026\",\"datePublished\":\"2024-02-07T08:19:12+00:00\",\"dateModified\":\"2024-02-07T08:19:14+00:00\",\"mainEntityOfPage\":{\"@id\":\"https:\/\/vanxhaber.com\/index.php\/2024\/02\/07\/kadinlara-yonelik-mevlid-programi\/\"},\"wordCount\":192,\"commentCount\":0,\"image\":{\"@id\":\"https:\/\/vanxhaber.com\/index.php\/2024\/02\/07\/kadinlara-yonelik-mevlid-programi\/#primaryimage\"},\"thumbnailUrl\":\"https:\/\/vanxhaber.com\/wp-content\/uploads\/2024\/02\/kadinlara-program.jpg\",\"articleSection\":[\"Van Haber\",\"Van Haberleri\"],\"inLanguage\":\"tr\",\"potentialAction\":[{\"@type\":\"CommentAction\",\"name\":\"Comment\",\"target\":[\"https:\/\/vanxhaber.com\/index.php\/2024\/02\/07\/kadinlara-yonelik-mevlid-programi\/#respond\"]}],\"copyrightYear\":\"2024\",\"copyrightHolder\":{\"@id\":\"https:\/\/vanxhaber.com\/#organization\"}},{\"@type\":\"WebPage\",\"@id\":\"https:\/\/vanxhaber.com\/index.php\/2024\/02\/07\/kadinlara-yonelik-mevlid-programi\/\",\"url\":\"https:\/\/vanxhaber.com\/index.php\/2024\/02\/07\/kadinlara-yonelik-mevlid-programi\/\",\"name\":\"Kad\u0131nlara y\u00f6nelik Mevlid program\u0131\u2026 - Van Haber | Van X Haber | Van Haberleri\",\"isPartOf\":{\"@id\":\"https:\/\/vanxhaber.com\/#website\"},\"primaryImageOfPage\":{\"@id\":\"https:\/\/vanxhaber.com\/index.php\/2024\/02\/07\/kadinlara-yonelik-mevlid-programi\/#primaryimage\"},\"image\":{\"@id\":\"https:\/\/vanxhaber.com\/index.php\/2024\/02\/07\/kadinlara-yonelik-mevlid-programi\/#primaryimage\"},\"thumbnailUrl\":\"https:\/\/vanxhaber.com\/wp-content\/uploads\/2024\/02\/kadinlara-program.jpg\",\"datePublished\":\"2024-02-07T08:19:12+00:00\",\"dateModified\":\"2024-02-07T08:19:14+00:00\",\"author\":{\"@id\":\"https:\/\/vanxhaber.com\/#\/schema\/person\/a5fd8d89510cb5370e62ad176f7978ee\"},\"breadcrumb\":{\"@id\":\"https:\/\/vanxhaber.com\/index.php\/2024\/02\/07\/kadinlara-yonelik-mevlid-programi\/#breadcrumb\"},\"inLanguage\":\"tr\",\"potentialAction\":[{\"@type\":\"ReadAction\",\"target\":[\"https:\/\/vanxhaber.com\/index.php\/2024\/02\/07\/kadinlara-yonelik-mevlid-programi\/\"]}]},{\"@type\":\"ImageObject\",\"inLanguage\":\"tr\",\"@id\":\"https:\/\/vanxhaber.com\/index.php\/2024\/02\/07\/kadinlara-yonelik-mevlid-programi\/#primaryimage\",\"url\":\"https:\/\/vanxhaber.com\/wp-content\/uploads\/2024\/02\/kadinlara-program.jpg\",\"contentUrl\":\"https:\/\/vanxhaber.com\/wp-content\/uploads\/2024\/02\/kadinlara-program.jpg\",\"width\":641,\"height\":380},{\"@type\":\"BreadcrumbList\",\"@id\":\"https:\/\/vanxhaber.com\/index.php\/2024\/02\/07\/kadinlara-yonelik-mevlid-programi\/#breadcrumb\",\"itemListElement\":[{\"@type\":\"ListItem\",\"position\":1,\"name\":\"Anasayfa\",\"item\":\"https:\/\/vanxhaber.com\/\"},{\"@type\":\"ListItem\",\"position\":2,\"name\":\"Kad\u0131nlara y\u00f6nelik Mevlid program\u0131\u2026\"}]},{\"@type\":\"WebSite\",\"@id\":\"https:\/\/vanxhaber.com\/#website\",\"url\":\"https:\/\/vanxhaber.com\/\",\"name\":\"Van Haber | Van X Haber | Van Haberleri\",\"description\":\"Van Haber, Van&#039;\u0131n ilk yapay zeka teknolojileri ile yaz\u0131lan Van X Haber ve Van Haberlerini aktif g\u00fcncel sunan tek vanhaber merkezidir.\",\"potentialAction\":[{\"@type\":\"SearchAction\",\"target\":{\"@type\":\"EntryPoint\",\"urlTemplate\":\"https:\/\/vanxhaber.com\/?s={search_term_string}\"},\"query-input\":{\"@type\":\"PropertyValueSpecification\",\"valueRequired\":true,\"valueName\":\"search_term_string\"}}],\"inLanguage\":\"tr\"},{\"@type\":\"Person\",\"@id\":\"https:\/\/vanxhaber.com\/#\/schema\/person\/a5fd8d89510cb5370e62ad176f7978ee\",\"name\":\"Van X Haber\",\"image\":{\"@type\":\"ImageObject\",\"inLanguage\":\"tr\",\"@id\":\"https:\/\/vanxhaber.com\/#\/schema\/person\/image\/\",\"url\":\"https:\/\/secure.gravatar.com\/avatar\/36f2f63826681263103acb5ca1e7bc1a6db11baea9b75dd091d89b74f2704b07?s=96&d=mm&r=g\",\"contentUrl\":\"https:\/\/secure.gravatar.com\/avatar\/36f2f63826681263103acb5ca1e7bc1a6db11baea9b75dd091d89b74f2704b07?s=96&d=mm&r=g\",\"caption\":\"Van X Haber\"},\"description\":\"Van X Haber Van'\u0131n ilk ve tek yeni nesil Van Haber merkezi. Son Dakika Van Haberleri ve G\u00fcncel Van haber merkezinde s\u0131cak geli\u015fmeleri aktarmaya devam edece\u011fiz.\",\"url\":\"https:\/\/vanxhaber.com\/index.php\/author\/vangazetesi\/\"}]}<\/script>\n<!-- \/ Yoast SEO Premium plugin. -->","yoast_head_json":{"title":"Kad\u0131nlara y\u00f6nelik Mevlid program\u0131\u2026 - Van Haber | Van X Haber | Van Haberleri","robots":{"index":"index","follow":"follow","max-snippet":"max-snippet:-1","max-image-preview":"max-image-preview:large","max-video-preview":"max-video-preview:-1"},"canonical":"https:\/\/vanxhaber.com\/index.php\/2024\/02\/07\/kadinlara-yonelik-mevlid-programi\/","og_locale":"tr_TR","og_type":"article","og_title":"Kad\u0131nlara y\u00f6nelik Mevlid program\u0131\u2026","og_description":"Van B\u00fcy\u00fck\u015fehir Belediyesi, 6 \u015eubat\u2019ta Kahramanmara\u015f merkezli ya\u015fanan depremlerde hayat\u0131n\u0131 kaybeden vatanda\u015flar\u0131m\u0131z\u0131 anma ve Mira\u00e7 Kandili nedeniyle Mevlid program\u0131 d\u00fczenledi. Kad\u0131nlara y\u00f6nelik d\u00fczenlenen program, Kad\u0131n ve Aile Hizmetleri Dairesi Ba\u015fkan\u0131 Selma Bi\u00e7ek&#8217;in a\u00e7\u0131l\u0131\u015f konu\u015fmas\u0131 ile ba\u015flad\u0131. Deprem ile ilgili yap\u0131lan bilgilendirme ile devam eden programda, Van Y\u00fcz\u00fcnc\u00fc Y\u0131l \u00dcniversitesi (YY\u00dc) Afet Y\u00f6netimi, Deprem Ara\u015ft\u0131rma ve &hellip;","og_url":"https:\/\/vanxhaber.com\/index.php\/2024\/02\/07\/kadinlara-yonelik-mevlid-programi\/","og_site_name":"Van Haber | Van X Haber | Van Haberleri","article_published_time":"2024-02-07T08:19:12+00:00","article_modified_time":"2024-02-07T08:19:14+00:00","og_image":[{"width":641,"height":380,"url":"https:\/\/vanxhaber.com\/wp-content\/uploads\/2024\/02\/kadinlara-program.jpg","type":"image\/jpeg"}],"author":"Van X Haber","twitter_card":"summary_large_image","twitter_misc":{"Yazan:":"Van X Haber","Tahmini okuma s\u00fcresi":"1 dakika"},"schema":{"@context":"https:\/\/schema.org","@graph":[{"@type":"Article","@id":"https:\/\/vanxhaber.com\/index.php\/2024\/02\/07\/kadinlara-yonelik-mevlid-programi\/#article","isPartOf":{"@id":"https:\/\/vanxhaber.com\/index.php\/2024\/02\/07\/kadinlara-yonelik-mevlid-programi\/"},"author":{"name":"Van X Haber","@id":"https:\/\/vanxhaber.com\/#\/schema\/person\/a5fd8d89510cb5370e62ad176f7978ee"},"headline":"Kad\u0131nlara y\u00f6nelik Mevlid program\u0131\u2026","datePublished":"2024-02-07T08:19:12+00:00","dateModified":"2024-02-07T08:19:14+00:00","mainEntityOfPage":{"@id":"https:\/\/vanxhaber.com\/index.php\/2024\/02\/07\/kadinlara-yonelik-mevlid-programi\/"},"wordCount":192,"commentCount":0,"image":{"@id":"https:\/\/vanxhaber.com\/index.php\/2024\/02\/07\/kadinlara-yonelik-mevlid-programi\/#primaryimage"},"thumbnailUrl":"https:\/\/vanxhaber.com\/wp-content\/uploads\/2024\/02\/kadinlara-program.jpg","articleSection":["Van Haber","Van Haberleri"],"inLanguage":"tr","potentialAction":[{"@type":"CommentAction","name":"Comment","target":["https:\/\/vanxhaber.com\/index.php\/2024\/02\/07\/kadinlara-yonelik-mevlid-programi\/#respond"]}],"copyrightYear":"2024","copyrightHolder":{"@id":"https:\/\/vanxhaber.com\/#organization"}},{"@type":"WebPage","@id":"https:\/\/vanxhaber.com\/index.php\/2024\/02\/07\/kadinlara-yonelik-mevlid-programi\/","url":"https:\/\/vanxhaber.com\/index.php\/2024\/02\/07\/kadinlara-yonelik-mevlid-programi\/","name":"Kad\u0131nlara y\u00f6nelik Mevlid program\u0131\u2026 - Van Haber | Van X Haber | Van Haberleri","isPartOf":{"@id":"https:\/\/vanxhaber.com\/#website"},"primaryImageOfPage":{"@id":"https:\/\/vanxhaber.com\/index.php\/2024\/02\/07\/kadinlara-yonelik-mevlid-programi\/#primaryimage"},"image":{"@id":"https:\/\/vanxhaber.com\/index.php\/2024\/02\/07\/kadinlara-yonelik-mevlid-programi\/#primaryimage"},"thumbnailUrl":"https:\/\/vanxhaber.com\/wp-content\/uploads\/2024\/02\/kadinlara-program.jpg","datePublished":"2024-02-07T08:19:12+00:00","dateModified":"2024-02-07T08:19:14+00:00","author":{"@id":"https:\/\/vanxhaber.com\/#\/schema\/person\/a5fd8d89510cb5370e62ad176f7978ee"},"breadcrumb":{"@id":"https:\/\/vanxhaber.com\/index.php\/2024\/02\/07\/kadinlara-yonelik-mevlid-programi\/#breadcrumb"},"inLanguage":"tr","potentialAction":[{"@type":"ReadAction","target":["https:\/\/vanxhaber.com\/index.php\/2024\/02\/07\/kadinlara-yonelik-mevlid-programi\/"]}]},{"@type":"ImageObject","inLanguage":"tr","@id":"https:\/\/vanxhaber.com\/index.php\/2024\/02\/07\/kadinlara-yonelik-mevlid-programi\/#primaryimage","url":"https:\/\/vanxhaber.com\/wp-content\/uploads\/2024\/02\/kadinlara-program.jpg","contentUrl":"https:\/\/vanxhaber.com\/wp-content\/uploads\/2024\/02\/kadinlara-program.jpg","width":641,"height":380},{"@type":"BreadcrumbList","@id":"https:\/\/vanxhaber.com\/index.php\/2024\/02\/07\/kadinlara-yonelik-mevlid-programi\/#breadcrumb","itemListElement":[{"@type":"ListItem","position":1,"name":"Anasayfa","item":"https:\/\/vanxhaber.com\/"},{"@type":"ListItem","position":2,"name":"Kad\u0131nlara y\u00f6nelik Mevlid program\u0131\u2026"}]},{"@type":"WebSite","@id":"https:\/\/vanxhaber.com\/#website","url":"https:\/\/vanxhaber.com\/","name":"Van Haber | Van X Haber | Van Haberleri","description":"Van Haber, Van&#039;\u0131n ilk yapay zeka teknolojileri ile yaz\u0131lan Van X Haber ve Van Haberlerini aktif g\u00fcncel sunan tek vanhaber merkezidir.","potentialAction":[{"@type":"SearchAction","target":{"@type":"EntryPoint","urlTemplate":"https:\/\/vanxhaber.com\/?s={search_term_string}"},"query-input":{"@type":"PropertyValueSpecification","valueRequired":true,"valueName":"search_term_string"}}],"inLanguage":"tr"},{"@type":"Person","@id":"https:\/\/vanxhaber.com\/#\/schema\/person\/a5fd8d89510cb5370e62ad176f7978ee","name":"Van X Haber","image":{"@type":"ImageObject","inLanguage":"tr","@id":"https:\/\/vanxhaber.com\/#\/schema\/person\/image\/","url":"https:\/\/secure.gravatar.com\/avatar\/36f2f63826681263103acb5ca1e7bc1a6db11baea9b75dd091d89b74f2704b07?s=96&d=mm&r=g","contentUrl":"https:\/\/secure.gravatar.com\/avatar\/36f2f63826681263103acb5ca1e7bc1a6db11baea9b75dd091d89b74f2704b07?s=96&d=mm&r=g","caption":"Van X Haber"},"description":"Van X Haber Van'\u0131n ilk ve tek yeni nesil Van Haber merkezi. Son Dakika Van Haberleri ve G\u00fcncel Van haber merkezinde s\u0131cak geli\u015fmeleri aktarmaya devam edece\u011fiz.","url":"https:\/\/vanxhaber.com\/index.php\/author\/vangazetesi\/"}]}},"_links":{"self":[{"href":"https:\/\/vanxhaber.com\/index.php\/wp-json\/wp\/v2\/posts\/1612","targetHints":{"allow":["GET"]}}],"collection":[{"href":"https:\/\/vanxhaber.com\/index.php\/wp-json\/wp\/v2\/posts"}],"about":[{"href":"https:\/\/vanxhaber.com\/index.php\/wp-json\/wp\/v2\/types\/post"}],"author":[{"embeddable":true,"href":"https:\/\/vanxhaber.com\/index.php\/wp-json\/wp\/v2\/users\/2"}],"replies":[{"embeddable":true,"href":"https:\/\/vanxhaber.com\/index.php\/wp-json\/wp\/v2\/comments?post=1612"}],"version-history":[{"count":1,"href":"https:\/\/vanxhaber.com\/index.php\/wp-json\/wp\/v2\/posts\/1612\/revisions"}],"predecessor-version":[{"id":1615,"href":"https:\/\/vanxhaber.com\/index.php\/wp-json\/wp\/v2\/posts\/1612\/revisions\/1615"}],"wp:featuredmedia":[{"embeddable":true,"href":"https:\/\/vanxhaber.com\/index.php\/wp-json\/wp\/v2\/media\/1614"}],"wp:attachment":[{"href":"https:\/\/vanxhaber.com\/index.php\/wp-json\/wp\/v2\/media?parent=1612"}],"wp:term":[{"taxonomy":"category","embeddable":true,"href":"https:\/\/vanxhaber.com\/index.php\/wp-json\/wp\/v2\/categories?post=1612"},{"taxonomy":"post_tag","embeddable":true,"href":"https:\/\/vanxhaber.com\/index.php\/wp-json\/wp\/v2\/tags?post=1612"}],"curies":[{"name":"wp","href":"https:\/\/api.w.org\/{rel}","templated":true}]}}