{"id":1616,"date":"2024-02-07T08:26:26","date_gmt":"2024-02-07T08:26:26","guid":{"rendered":"https:\/\/vanxhaber.com\/?p=1616"},"modified":"2024-02-07T08:26:28","modified_gmt":"2024-02-07T08:26:28","slug":"vanda-4-ilcede-egitime-1-gun-ara","status":"publish","type":"post","link":"https:\/\/vanxhaber.com\/index.php\/2024\/02\/07\/vanda-4-ilcede-egitime-1-gun-ara\/","title":{"rendered":"Van&#8217;da 4 il\u00e7ede e\u011fitime 1 g\u00fcn ara"},"content":{"rendered":"\n<p> Van&#8217;\u0131n Erci\u015f, Muradiye ve \u00d6zalp il\u00e7elerinde yo\u011fun kar ya\u011f\u0131\u015f\u0131ndan dolay\u0131 ta\u015f\u0131mal\u0131, Saray il\u00e7esinde ise t\u00fcm okullarda e\u011fitime 1 g\u00fcn ara verildi.<\/p>\n\n\n\n<p><\/p>\n\n\n\n<p>, Muradiye ve \u00d6zalp kaymakaml\u0131klar\u0131 sosyal medya hesaplar\u0131ndan yapt\u0131\u011f\u0131 payla\u015f\u0131mda, &#8220;\u0130l\u00e7emizde devam eden yo\u011fun tipi ve meydana gelebilecek buzlanma olaylar\u0131 nedeniyle 7 \u015eubat 2024 \u00c7ar\u015famba g\u00fcn\u00fc k\u00f6y okullar\u0131 ve ta\u015f\u0131mal\u0131 e\u011fitim \u00e7er\u00e7evesindeki t\u00fcm okullar\u0131m\u0131zda e\u011fitim-\u00f6\u011fretime 1 g\u00fcn s\u00fcre ile ara verilmi\u015ftir. Kamuoyuna sayg\u0131yla duyurulur&#8221; denildi. Saray Kaymakaml\u0131\u011f\u0131 ise, &#8220;\u0130l\u00e7emizde devam eden yo\u011fun kar ya\u011f\u0131\u015f\u0131 ve meydana gelebilecek buzlananma olaylar\u0131 nedeniyle 7 \u015eubat 2024 g\u00fcn\u00fc t\u00fcm okullar\u0131m\u0131zda e\u011fitime 1 g\u00fcn s\u00fcre ile ara verilmi\u015ftir&#8221; denildi.<\/p>\n\n\n\n<p><\/p>\n","protected":false},"excerpt":{"rendered":"<p>Van&#8217;\u0131n Erci\u015f, Muradiye ve \u00d6zalp il\u00e7elerinde yo\u011fun kar ya\u011f\u0131\u015f\u0131ndan dolay\u0131 ta\u015f\u0131mal\u0131, Saray il\u00e7esinde ise t\u00fcm okullarda e\u011fitime 1 g\u00fcn ara verildi. , Muradiye ve \u00d6zalp kaymakaml\u0131klar\u0131 sosyal medya hesaplar\u0131ndan yapt\u0131\u011f\u0131 payla\u015f\u0131mda, &#8220;\u0130l\u00e7emizde devam eden yo\u011fun tipi ve meydana gelebilecek buzlanma olaylar\u0131 nedeniyle 7 \u015eubat 2024 \u00c7ar\u015famba g\u00fcn\u00fc k\u00f6y okullar\u0131 ve ta\u015f\u0131mal\u0131 e\u011fitim \u00e7er\u00e7evesindeki t\u00fcm okullar\u0131m\u0131zda &hellip;<\/p>\n","protected":false},"author":2,"featured_media":1618,"comment_status":"open","ping_status":"closed","sticky":false,"template":"","format":"standard","meta":{"googlesitekit_rrm_CAowot3VCw:productID":"","footnotes":""},"categories":[32,1,24],"tags":[],"class_list":["post-1616","post","type-post","status-publish","format-standard","has-post-thumbnail","hentry","category-van-genclik","category-van-haber","category-van-haberleri"],"yoast_head":"<!-- This site is optimized with the Yoast SEO Premium plugin v21.7 (Yoast SEO v26.7) - https:\/\/yoast.com\/wordpress\/plugins\/seo\/ -->\n<title>Van&#039;da 4 il\u00e7ede e\u011fitime 1 g\u00fcn ara - Van Haber | Van X Haber | Van Haberleri<\/title>\n<meta name=\"robots\" content=\"index, follow, max-snippet:-1, max-image-preview:large, max-video-preview:-1\" \/>\n<link rel=\"canonical\" href=\"https:\/\/vanxhaber.com\/index.php\/2024\/02\/07\/vanda-4-ilcede-egitime-1-gun-ara\/\" \/>\n<meta property=\"og:locale\" content=\"tr_TR\" \/>\n<meta property=\"og:type\" content=\"article\" \/>\n<meta property=\"og:title\" content=\"Van&#039;da 4 il\u00e7ede e\u011fitime 1 g\u00fcn ara\" \/>\n<meta property=\"og:description\" content=\"Van&#8217;\u0131n Erci\u015f, Muradiye ve \u00d6zalp il\u00e7elerinde yo\u011fun kar ya\u011f\u0131\u015f\u0131ndan dolay\u0131 ta\u015f\u0131mal\u0131, Saray il\u00e7esinde ise t\u00fcm okullarda e\u011fitime 1 g\u00fcn ara verildi. , Muradiye ve \u00d6zalp kaymakaml\u0131klar\u0131 sosyal medya hesaplar\u0131ndan yapt\u0131\u011f\u0131 payla\u015f\u0131mda, &#8220;\u0130l\u00e7emizde devam eden yo\u011fun tipi ve meydana gelebilecek buzlanma olaylar\u0131 nedeniyle 7 \u015eubat 2024 \u00c7ar\u015famba g\u00fcn\u00fc k\u00f6y okullar\u0131 ve ta\u015f\u0131mal\u0131 e\u011fitim \u00e7er\u00e7evesindeki t\u00fcm okullar\u0131m\u0131zda &hellip;\" \/>\n<meta property=\"og:url\" content=\"https:\/\/vanxhaber.com\/index.php\/2024\/02\/07\/vanda-4-ilcede-egitime-1-gun-ara\/\" \/>\n<meta property=\"og:site_name\" content=\"Van Haber | Van X Haber | Van Haberleri\" \/>\n<meta property=\"article:published_time\" content=\"2024-02-07T08:26:26+00:00\" \/>\n<meta property=\"article:modified_time\" content=\"2024-02-07T08:26:28+00:00\" \/>\n<meta property=\"og:image\" content=\"https:\/\/vanxhaber.com\/wp-content\/uploads\/2024\/02\/kar-engeli.jpg\" \/>\n\t<meta property=\"og:image:width\" content=\"641\" \/>\n\t<meta property=\"og:image:height\" content=\"380\" \/>\n\t<meta property=\"og:image:type\" content=\"image\/jpeg\" \/>\n<meta name=\"author\" content=\"Van X Haber\" \/>\n<meta name=\"twitter:card\" content=\"summary_large_image\" \/>\n<meta name=\"twitter:label1\" content=\"Yazan:\" \/>\n\t<meta name=\"twitter:data1\" content=\"Van X Haber\" \/>\n\t<meta name=\"twitter:label2\" content=\"Tahmini okuma s\u00fcresi\" \/>\n\t<meta name=\"twitter:data2\" content=\"1 dakika\" \/>\n<script type=\"application\/ld+json\" class=\"yoast-schema-graph\">{\"@context\":\"https:\/\/schema.org\",\"@graph\":[{\"@type\":\"Article\",\"@id\":\"https:\/\/vanxhaber.com\/index.php\/2024\/02\/07\/vanda-4-ilcede-egitime-1-gun-ara\/#article\",\"isPartOf\":{\"@id\":\"https:\/\/vanxhaber.com\/index.php\/2024\/02\/07\/vanda-4-ilcede-egitime-1-gun-ara\/\"},\"author\":{\"name\":\"Van X Haber\",\"@id\":\"https:\/\/vanxhaber.com\/#\/schema\/person\/a5fd8d89510cb5370e62ad176f7978ee\"},\"headline\":\"Van&#8217;da 4 il\u00e7ede e\u011fitime 1 g\u00fcn ara\",\"datePublished\":\"2024-02-07T08:26:26+00:00\",\"dateModified\":\"2024-02-07T08:26:28+00:00\",\"mainEntityOfPage\":{\"@id\":\"https:\/\/vanxhaber.com\/index.php\/2024\/02\/07\/vanda-4-ilcede-egitime-1-gun-ara\/\"},\"wordCount\":135,\"commentCount\":0,\"image\":{\"@id\":\"https:\/\/vanxhaber.com\/index.php\/2024\/02\/07\/vanda-4-ilcede-egitime-1-gun-ara\/#primaryimage\"},\"thumbnailUrl\":\"https:\/\/vanxhaber.com\/wp-content\/uploads\/2024\/02\/kar-engeli.jpg\",\"articleSection\":[\"Van\u00a0Gen\u00e7lik\",\"Van Haber\",\"Van Haberleri\"],\"inLanguage\":\"tr\",\"potentialAction\":[{\"@type\":\"CommentAction\",\"name\":\"Comment\",\"target\":[\"https:\/\/vanxhaber.com\/index.php\/2024\/02\/07\/vanda-4-ilcede-egitime-1-gun-ara\/#respond\"]}],\"copyrightYear\":\"2024\",\"copyrightHolder\":{\"@id\":\"https:\/\/vanxhaber.com\/#organization\"}},{\"@type\":\"WebPage\",\"@id\":\"https:\/\/vanxhaber.com\/index.php\/2024\/02\/07\/vanda-4-ilcede-egitime-1-gun-ara\/\",\"url\":\"https:\/\/vanxhaber.com\/index.php\/2024\/02\/07\/vanda-4-ilcede-egitime-1-gun-ara\/\",\"name\":\"Van'da 4 il\u00e7ede e\u011fitime 1 g\u00fcn ara - Van Haber | Van X Haber | Van Haberleri\",\"isPartOf\":{\"@id\":\"https:\/\/vanxhaber.com\/#website\"},\"primaryImageOfPage\":{\"@id\":\"https:\/\/vanxhaber.com\/index.php\/2024\/02\/07\/vanda-4-ilcede-egitime-1-gun-ara\/#primaryimage\"},\"image\":{\"@id\":\"https:\/\/vanxhaber.com\/index.php\/2024\/02\/07\/vanda-4-ilcede-egitime-1-gun-ara\/#primaryimage\"},\"thumbnailUrl\":\"https:\/\/vanxhaber.com\/wp-content\/uploads\/2024\/02\/kar-engeli.jpg\",\"datePublished\":\"2024-02-07T08:26:26+00:00\",\"dateModified\":\"2024-02-07T08:26:28+00:00\",\"author\":{\"@id\":\"https:\/\/vanxhaber.com\/#\/schema\/person\/a5fd8d89510cb5370e62ad176f7978ee\"},\"breadcrumb\":{\"@id\":\"https:\/\/vanxhaber.com\/index.php\/2024\/02\/07\/vanda-4-ilcede-egitime-1-gun-ara\/#breadcrumb\"},\"inLanguage\":\"tr\",\"potentialAction\":[{\"@type\":\"ReadAction\",\"target\":[\"https:\/\/vanxhaber.com\/index.php\/2024\/02\/07\/vanda-4-ilcede-egitime-1-gun-ara\/\"]}]},{\"@type\":\"ImageObject\",\"inLanguage\":\"tr\",\"@id\":\"https:\/\/vanxhaber.com\/index.php\/2024\/02\/07\/vanda-4-ilcede-egitime-1-gun-ara\/#primaryimage\",\"url\":\"https:\/\/vanxhaber.com\/wp-content\/uploads\/2024\/02\/kar-engeli.jpg\",\"contentUrl\":\"https:\/\/vanxhaber.com\/wp-content\/uploads\/2024\/02\/kar-engeli.jpg\",\"width\":641,\"height\":380},{\"@type\":\"BreadcrumbList\",\"@id\":\"https:\/\/vanxhaber.com\/index.php\/2024\/02\/07\/vanda-4-ilcede-egitime-1-gun-ara\/#breadcrumb\",\"itemListElement\":[{\"@type\":\"ListItem\",\"position\":1,\"name\":\"Anasayfa\",\"item\":\"https:\/\/vanxhaber.com\/\"},{\"@type\":\"ListItem\",\"position\":2,\"name\":\"Van&#8217;da 4 il\u00e7ede e\u011fitime 1 g\u00fcn ara\"}]},{\"@type\":\"WebSite\",\"@id\":\"https:\/\/vanxhaber.com\/#website\",\"url\":\"https:\/\/vanxhaber.com\/\",\"name\":\"Van Haber | Van X Haber | Van Haberleri\",\"description\":\"Van Haber, Van&#039;\u0131n ilk yapay zeka teknolojileri ile yaz\u0131lan Van X Haber ve Van Haberlerini aktif g\u00fcncel sunan tek vanhaber merkezidir.\",\"potentialAction\":[{\"@type\":\"SearchAction\",\"target\":{\"@type\":\"EntryPoint\",\"urlTemplate\":\"https:\/\/vanxhaber.com\/?s={search_term_string}\"},\"query-input\":{\"@type\":\"PropertyValueSpecification\",\"valueRequired\":true,\"valueName\":\"search_term_string\"}}],\"inLanguage\":\"tr\"},{\"@type\":\"Person\",\"@id\":\"https:\/\/vanxhaber.com\/#\/schema\/person\/a5fd8d89510cb5370e62ad176f7978ee\",\"name\":\"Van X Haber\",\"image\":{\"@type\":\"ImageObject\",\"inLanguage\":\"tr\",\"@id\":\"https:\/\/vanxhaber.com\/#\/schema\/person\/image\/\",\"url\":\"https:\/\/secure.gravatar.com\/avatar\/36f2f63826681263103acb5ca1e7bc1a6db11baea9b75dd091d89b74f2704b07?s=96&d=mm&r=g\",\"contentUrl\":\"https:\/\/secure.gravatar.com\/avatar\/36f2f63826681263103acb5ca1e7bc1a6db11baea9b75dd091d89b74f2704b07?s=96&d=mm&r=g\",\"caption\":\"Van X Haber\"},\"description\":\"Van X Haber Van'\u0131n ilk ve tek yeni nesil Van Haber merkezi. Son Dakika Van Haberleri ve G\u00fcncel Van haber merkezinde s\u0131cak geli\u015fmeleri aktarmaya devam edece\u011fiz.\",\"url\":\"https:\/\/vanxhaber.com\/index.php\/author\/vangazetesi\/\"}]}<\/script>\n<!-- \/ Yoast SEO Premium plugin. -->","yoast_head_json":{"title":"Van'da 4 il\u00e7ede e\u011fitime 1 g\u00fcn ara - Van Haber | Van X Haber | Van Haberleri","robots":{"index":"index","follow":"follow","max-snippet":"max-snippet:-1","max-image-preview":"max-image-preview:large","max-video-preview":"max-video-preview:-1"},"canonical":"https:\/\/vanxhaber.com\/index.php\/2024\/02\/07\/vanda-4-ilcede-egitime-1-gun-ara\/","og_locale":"tr_TR","og_type":"article","og_title":"Van'da 4 il\u00e7ede e\u011fitime 1 g\u00fcn ara","og_description":"Van&#8217;\u0131n Erci\u015f, Muradiye ve \u00d6zalp il\u00e7elerinde yo\u011fun kar ya\u011f\u0131\u015f\u0131ndan dolay\u0131 ta\u015f\u0131mal\u0131, Saray il\u00e7esinde ise t\u00fcm okullarda e\u011fitime 1 g\u00fcn ara verildi. , Muradiye ve \u00d6zalp kaymakaml\u0131klar\u0131 sosyal medya hesaplar\u0131ndan yapt\u0131\u011f\u0131 payla\u015f\u0131mda, &#8220;\u0130l\u00e7emizde devam eden yo\u011fun tipi ve meydana gelebilecek buzlanma olaylar\u0131 nedeniyle 7 \u015eubat 2024 \u00c7ar\u015famba g\u00fcn\u00fc k\u00f6y okullar\u0131 ve ta\u015f\u0131mal\u0131 e\u011fitim \u00e7er\u00e7evesindeki t\u00fcm okullar\u0131m\u0131zda &hellip;","og_url":"https:\/\/vanxhaber.com\/index.php\/2024\/02\/07\/vanda-4-ilcede-egitime-1-gun-ara\/","og_site_name":"Van Haber | Van X Haber | Van Haberleri","article_published_time":"2024-02-07T08:26:26+00:00","article_modified_time":"2024-02-07T08:26:28+00:00","og_image":[{"width":641,"height":380,"url":"https:\/\/vanxhaber.com\/wp-content\/uploads\/2024\/02\/kar-engeli.jpg","type":"image\/jpeg"}],"author":"Van X Haber","twitter_card":"summary_large_image","twitter_misc":{"Yazan:":"Van X Haber","Tahmini okuma s\u00fcresi":"1 dakika"},"schema":{"@context":"https:\/\/schema.org","@graph":[{"@type":"Article","@id":"https:\/\/vanxhaber.com\/index.php\/2024\/02\/07\/vanda-4-ilcede-egitime-1-gun-ara\/#article","isPartOf":{"@id":"https:\/\/vanxhaber.com\/index.php\/2024\/02\/07\/vanda-4-ilcede-egitime-1-gun-ara\/"},"author":{"name":"Van X Haber","@id":"https:\/\/vanxhaber.com\/#\/schema\/person\/a5fd8d89510cb5370e62ad176f7978ee"},"headline":"Van&#8217;da 4 il\u00e7ede e\u011fitime 1 g\u00fcn ara","datePublished":"2024-02-07T08:26:26+00:00","dateModified":"2024-02-07T08:26:28+00:00","mainEntityOfPage":{"@id":"https:\/\/vanxhaber.com\/index.php\/2024\/02\/07\/vanda-4-ilcede-egitime-1-gun-ara\/"},"wordCount":135,"commentCount":0,"image":{"@id":"https:\/\/vanxhaber.com\/index.php\/2024\/02\/07\/vanda-4-ilcede-egitime-1-gun-ara\/#primaryimage"},"thumbnailUrl":"https:\/\/vanxhaber.com\/wp-content\/uploads\/2024\/02\/kar-engeli.jpg","articleSection":["Van\u00a0Gen\u00e7lik","Van Haber","Van Haberleri"],"inLanguage":"tr","potentialAction":[{"@type":"CommentAction","name":"Comment","target":["https:\/\/vanxhaber.com\/index.php\/2024\/02\/07\/vanda-4-ilcede-egitime-1-gun-ara\/#respond"]}],"copyrightYear":"2024","copyrightHolder":{"@id":"https:\/\/vanxhaber.com\/#organization"}},{"@type":"WebPage","@id":"https:\/\/vanxhaber.com\/index.php\/2024\/02\/07\/vanda-4-ilcede-egitime-1-gun-ara\/","url":"https:\/\/vanxhaber.com\/index.php\/2024\/02\/07\/vanda-4-ilcede-egitime-1-gun-ara\/","name":"Van'da 4 il\u00e7ede e\u011fitime 1 g\u00fcn ara - Van Haber | Van X Haber | Van Haberleri","isPartOf":{"@id":"https:\/\/vanxhaber.com\/#website"},"primaryImageOfPage":{"@id":"https:\/\/vanxhaber.com\/index.php\/2024\/02\/07\/vanda-4-ilcede-egitime-1-gun-ara\/#primaryimage"},"image":{"@id":"https:\/\/vanxhaber.com\/index.php\/2024\/02\/07\/vanda-4-ilcede-egitime-1-gun-ara\/#primaryimage"},"thumbnailUrl":"https:\/\/vanxhaber.com\/wp-content\/uploads\/2024\/02\/kar-engeli.jpg","datePublished":"2024-02-07T08:26:26+00:00","dateModified":"2024-02-07T08:26:28+00:00","author":{"@id":"https:\/\/vanxhaber.com\/#\/schema\/person\/a5fd8d89510cb5370e62ad176f7978ee"},"breadcrumb":{"@id":"https:\/\/vanxhaber.com\/index.php\/2024\/02\/07\/vanda-4-ilcede-egitime-1-gun-ara\/#breadcrumb"},"inLanguage":"tr","potentialAction":[{"@type":"ReadAction","target":["https:\/\/vanxhaber.com\/index.php\/2024\/02\/07\/vanda-4-ilcede-egitime-1-gun-ara\/"]}]},{"@type":"ImageObject","inLanguage":"tr","@id":"https:\/\/vanxhaber.com\/index.php\/2024\/02\/07\/vanda-4-ilcede-egitime-1-gun-ara\/#primaryimage","url":"https:\/\/vanxhaber.com\/wp-content\/uploads\/2024\/02\/kar-engeli.jpg","contentUrl":"https:\/\/vanxhaber.com\/wp-content\/uploads\/2024\/02\/kar-engeli.jpg","width":641,"height":380},{"@type":"BreadcrumbList","@id":"https:\/\/vanxhaber.com\/index.php\/2024\/02\/07\/vanda-4-ilcede-egitime-1-gun-ara\/#breadcrumb","itemListElement":[{"@type":"ListItem","position":1,"name":"Anasayfa","item":"https:\/\/vanxhaber.com\/"},{"@type":"ListItem","position":2,"name":"Van&#8217;da 4 il\u00e7ede e\u011fitime 1 g\u00fcn ara"}]},{"@type":"WebSite","@id":"https:\/\/vanxhaber.com\/#website","url":"https:\/\/vanxhaber.com\/","name":"Van Haber | Van X Haber | Van Haberleri","description":"Van Haber, Van&#039;\u0131n ilk yapay zeka teknolojileri ile yaz\u0131lan Van X Haber ve Van Haberlerini aktif g\u00fcncel sunan tek vanhaber merkezidir.","potentialAction":[{"@type":"SearchAction","target":{"@type":"EntryPoint","urlTemplate":"https:\/\/vanxhaber.com\/?s={search_term_string}"},"query-input":{"@type":"PropertyValueSpecification","valueRequired":true,"valueName":"search_term_string"}}],"inLanguage":"tr"},{"@type":"Person","@id":"https:\/\/vanxhaber.com\/#\/schema\/person\/a5fd8d89510cb5370e62ad176f7978ee","name":"Van X Haber","image":{"@type":"ImageObject","inLanguage":"tr","@id":"https:\/\/vanxhaber.com\/#\/schema\/person\/image\/","url":"https:\/\/secure.gravatar.com\/avatar\/36f2f63826681263103acb5ca1e7bc1a6db11baea9b75dd091d89b74f2704b07?s=96&d=mm&r=g","contentUrl":"https:\/\/secure.gravatar.com\/avatar\/36f2f63826681263103acb5ca1e7bc1a6db11baea9b75dd091d89b74f2704b07?s=96&d=mm&r=g","caption":"Van X Haber"},"description":"Van X Haber Van'\u0131n ilk ve tek yeni nesil Van Haber merkezi. Son Dakika Van Haberleri ve G\u00fcncel Van haber merkezinde s\u0131cak geli\u015fmeleri aktarmaya devam edece\u011fiz.","url":"https:\/\/vanxhaber.com\/index.php\/author\/vangazetesi\/"}]}},"_links":{"self":[{"href":"https:\/\/vanxhaber.com\/index.php\/wp-json\/wp\/v2\/posts\/1616","targetHints":{"allow":["GET"]}}],"collection":[{"href":"https:\/\/vanxhaber.com\/index.php\/wp-json\/wp\/v2\/posts"}],"about":[{"href":"https:\/\/vanxhaber.com\/index.php\/wp-json\/wp\/v2\/types\/post"}],"author":[{"embeddable":true,"href":"https:\/\/vanxhaber.com\/index.php\/wp-json\/wp\/v2\/users\/2"}],"replies":[{"embeddable":true,"href":"https:\/\/vanxhaber.com\/index.php\/wp-json\/wp\/v2\/comments?post=1616"}],"version-history":[{"count":1,"href":"https:\/\/vanxhaber.com\/index.php\/wp-json\/wp\/v2\/posts\/1616\/revisions"}],"predecessor-version":[{"id":1619,"href":"https:\/\/vanxhaber.com\/index.php\/wp-json\/wp\/v2\/posts\/1616\/revisions\/1619"}],"wp:featuredmedia":[{"embeddable":true,"href":"https:\/\/vanxhaber.com\/index.php\/wp-json\/wp\/v2\/media\/1618"}],"wp:attachment":[{"href":"https:\/\/vanxhaber.com\/index.php\/wp-json\/wp\/v2\/media?parent=1616"}],"wp:term":[{"taxonomy":"category","embeddable":true,"href":"https:\/\/vanxhaber.com\/index.php\/wp-json\/wp\/v2\/categories?post=1616"},{"taxonomy":"post_tag","embeddable":true,"href":"https:\/\/vanxhaber.com\/index.php\/wp-json\/wp\/v2\/tags?post=1616"}],"curies":[{"name":"wp","href":"https:\/\/api.w.org\/{rel}","templated":true}]}}