{"id":1630,"date":"2024-02-08T08:46:27","date_gmt":"2024-02-08T08:46:27","guid":{"rendered":"https:\/\/vanxhaber.com\/?p=1630"},"modified":"2024-02-08T08:46:30","modified_gmt":"2024-02-08T08:46:30","slug":"karin-agirligina-dayanamayan-ahir-coktu","status":"publish","type":"post","link":"https:\/\/vanxhaber.com\/index.php\/2024\/02\/08\/karin-agirligina-dayanamayan-ahir-coktu\/","title":{"rendered":"Kar\u0131n a\u011f\u0131rl\u0131\u011f\u0131na dayanamayan ah\u0131r \u00e7\u00f6kt\u00fc"},"content":{"rendered":"\n<p><strong>Van&#8217;\u0131n \u00d6zalp il\u00e7esinde etkili olan kar\u0131n a\u011f\u0131rl\u0131\u011f\u0131na dayanamayan ah\u0131r \u00e7\u00f6kt\u00fc.<\/strong><\/p>\n\n\n\n<p><strong>\u00d6zalp<\/strong> il\u00e7esinde etkili olan kar ya\u011f\u0131\u015f\u0131 ve f\u0131rt\u0131na hayat\u0131 olumsuz y\u00f6nde etkilemeye devam ediyor. \u0130l\u00e7eye ba\u011fl\u0131 K\u0131r\u0131k\u00e7al\u0131 Mahallesi Aydere mezras\u0131nda ikamet eden Murat \u0130rek\u2019e ait ah\u0131r, kar\u0131n a\u011f\u0131rl\u0131\u011f\u0131na dayanamayarak \u00e7\u00f6kt\u00fc. \u00c7evredekilerin yard\u0131m\u0131 ile ah\u0131rda bulunan hayvanlar kurtar\u0131ld\u0131.<\/p>\n","protected":false},"excerpt":{"rendered":"<p>Van&#8217;\u0131n \u00d6zalp il\u00e7esinde etkili olan kar\u0131n a\u011f\u0131rl\u0131\u011f\u0131na dayanamayan ah\u0131r \u00e7\u00f6kt\u00fc. \u00d6zalp il\u00e7esinde etkili olan kar ya\u011f\u0131\u015f\u0131 ve f\u0131rt\u0131na hayat\u0131 olumsuz y\u00f6nde etkilemeye devam ediyor. \u0130l\u00e7eye ba\u011fl\u0131 K\u0131r\u0131k\u00e7al\u0131 Mahallesi Aydere mezras\u0131nda ikamet eden Murat \u0130rek\u2019e ait ah\u0131r, kar\u0131n a\u011f\u0131rl\u0131\u011f\u0131na dayanamayarak \u00e7\u00f6kt\u00fc. \u00c7evredekilerin yard\u0131m\u0131 ile ah\u0131rda bulunan hayvanlar kurtar\u0131ld\u0131.<\/p>\n","protected":false},"author":2,"featured_media":1632,"comment_status":"open","ping_status":"closed","sticky":false,"template":"","format":"standard","meta":{"googlesitekit_rrm_CAowot3VCw:productID":"","footnotes":""},"categories":[1,24],"tags":[],"class_list":["post-1630","post","type-post","status-publish","format-standard","has-post-thumbnail","hentry","category-van-haber","category-van-haberleri"],"yoast_head":"<!-- This site is optimized with the Yoast SEO Premium plugin v21.7 (Yoast SEO v26.7) - https:\/\/yoast.com\/wordpress\/plugins\/seo\/ -->\n<title>Kar\u0131n a\u011f\u0131rl\u0131\u011f\u0131na dayanamayan ah\u0131r \u00e7\u00f6kt\u00fc - Van Haber | Van X Haber | Van Haberleri<\/title>\n<meta name=\"robots\" content=\"index, follow, max-snippet:-1, max-image-preview:large, max-video-preview:-1\" \/>\n<link rel=\"canonical\" href=\"https:\/\/vanxhaber.com\/index.php\/2024\/02\/08\/karin-agirligina-dayanamayan-ahir-coktu\/\" \/>\n<meta property=\"og:locale\" content=\"tr_TR\" \/>\n<meta property=\"og:type\" content=\"article\" \/>\n<meta property=\"og:title\" content=\"Kar\u0131n a\u011f\u0131rl\u0131\u011f\u0131na dayanamayan ah\u0131r \u00e7\u00f6kt\u00fc\" \/>\n<meta property=\"og:description\" content=\"Van&#8217;\u0131n \u00d6zalp il\u00e7esinde etkili olan kar\u0131n a\u011f\u0131rl\u0131\u011f\u0131na dayanamayan ah\u0131r \u00e7\u00f6kt\u00fc. \u00d6zalp il\u00e7esinde etkili olan kar ya\u011f\u0131\u015f\u0131 ve f\u0131rt\u0131na hayat\u0131 olumsuz y\u00f6nde etkilemeye devam ediyor. \u0130l\u00e7eye ba\u011fl\u0131 K\u0131r\u0131k\u00e7al\u0131 Mahallesi Aydere mezras\u0131nda ikamet eden Murat \u0130rek\u2019e ait ah\u0131r, kar\u0131n a\u011f\u0131rl\u0131\u011f\u0131na dayanamayarak \u00e7\u00f6kt\u00fc. \u00c7evredekilerin yard\u0131m\u0131 ile ah\u0131rda bulunan hayvanlar kurtar\u0131ld\u0131.\" \/>\n<meta property=\"og:url\" content=\"https:\/\/vanxhaber.com\/index.php\/2024\/02\/08\/karin-agirligina-dayanamayan-ahir-coktu\/\" \/>\n<meta property=\"og:site_name\" content=\"Van Haber | Van X Haber | Van Haberleri\" \/>\n<meta property=\"article:published_time\" content=\"2024-02-08T08:46:27+00:00\" \/>\n<meta property=\"article:modified_time\" content=\"2024-02-08T08:46:30+00:00\" \/>\n<meta property=\"og:image\" content=\"https:\/\/vanxhaber.com\/wp-content\/uploads\/2024\/02\/ahir-coktu.jpg\" \/>\n\t<meta property=\"og:image:width\" content=\"641\" \/>\n\t<meta property=\"og:image:height\" content=\"380\" \/>\n\t<meta property=\"og:image:type\" content=\"image\/jpeg\" \/>\n<meta name=\"author\" content=\"Van X Haber\" \/>\n<meta name=\"twitter:card\" content=\"summary_large_image\" \/>\n<meta name=\"twitter:label1\" content=\"Yazan:\" \/>\n\t<meta name=\"twitter:data1\" content=\"Van X Haber\" \/>\n\t<meta name=\"twitter:label2\" content=\"Tahmini okuma s\u00fcresi\" \/>\n\t<meta name=\"twitter:data2\" content=\"1 dakika\" \/>\n<script type=\"application\/ld+json\" class=\"yoast-schema-graph\">{\"@context\":\"https:\/\/schema.org\",\"@graph\":[{\"@type\":\"Article\",\"@id\":\"https:\/\/vanxhaber.com\/index.php\/2024\/02\/08\/karin-agirligina-dayanamayan-ahir-coktu\/#article\",\"isPartOf\":{\"@id\":\"https:\/\/vanxhaber.com\/index.php\/2024\/02\/08\/karin-agirligina-dayanamayan-ahir-coktu\/\"},\"author\":{\"name\":\"Van X Haber\",\"@id\":\"https:\/\/vanxhaber.com\/#\/schema\/person\/a5fd8d89510cb5370e62ad176f7978ee\"},\"headline\":\"Kar\u0131n a\u011f\u0131rl\u0131\u011f\u0131na dayanamayan ah\u0131r \u00e7\u00f6kt\u00fc\",\"datePublished\":\"2024-02-08T08:46:27+00:00\",\"dateModified\":\"2024-02-08T08:46:30+00:00\",\"mainEntityOfPage\":{\"@id\":\"https:\/\/vanxhaber.com\/index.php\/2024\/02\/08\/karin-agirligina-dayanamayan-ahir-coktu\/\"},\"wordCount\":80,\"commentCount\":0,\"image\":{\"@id\":\"https:\/\/vanxhaber.com\/index.php\/2024\/02\/08\/karin-agirligina-dayanamayan-ahir-coktu\/#primaryimage\"},\"thumbnailUrl\":\"https:\/\/vanxhaber.com\/wp-content\/uploads\/2024\/02\/ahir-coktu.jpg\",\"articleSection\":[\"Van Haber\",\"Van Haberleri\"],\"inLanguage\":\"tr\",\"potentialAction\":[{\"@type\":\"CommentAction\",\"name\":\"Comment\",\"target\":[\"https:\/\/vanxhaber.com\/index.php\/2024\/02\/08\/karin-agirligina-dayanamayan-ahir-coktu\/#respond\"]}],\"copyrightYear\":\"2024\",\"copyrightHolder\":{\"@id\":\"https:\/\/vanxhaber.com\/#organization\"}},{\"@type\":\"WebPage\",\"@id\":\"https:\/\/vanxhaber.com\/index.php\/2024\/02\/08\/karin-agirligina-dayanamayan-ahir-coktu\/\",\"url\":\"https:\/\/vanxhaber.com\/index.php\/2024\/02\/08\/karin-agirligina-dayanamayan-ahir-coktu\/\",\"name\":\"Kar\u0131n a\u011f\u0131rl\u0131\u011f\u0131na dayanamayan ah\u0131r \u00e7\u00f6kt\u00fc - Van Haber | Van X Haber | Van Haberleri\",\"isPartOf\":{\"@id\":\"https:\/\/vanxhaber.com\/#website\"},\"primaryImageOfPage\":{\"@id\":\"https:\/\/vanxhaber.com\/index.php\/2024\/02\/08\/karin-agirligina-dayanamayan-ahir-coktu\/#primaryimage\"},\"image\":{\"@id\":\"https:\/\/vanxhaber.com\/index.php\/2024\/02\/08\/karin-agirligina-dayanamayan-ahir-coktu\/#primaryimage\"},\"thumbnailUrl\":\"https:\/\/vanxhaber.com\/wp-content\/uploads\/2024\/02\/ahir-coktu.jpg\",\"datePublished\":\"2024-02-08T08:46:27+00:00\",\"dateModified\":\"2024-02-08T08:46:30+00:00\",\"author\":{\"@id\":\"https:\/\/vanxhaber.com\/#\/schema\/person\/a5fd8d89510cb5370e62ad176f7978ee\"},\"breadcrumb\":{\"@id\":\"https:\/\/vanxhaber.com\/index.php\/2024\/02\/08\/karin-agirligina-dayanamayan-ahir-coktu\/#breadcrumb\"},\"inLanguage\":\"tr\",\"potentialAction\":[{\"@type\":\"ReadAction\",\"target\":[\"https:\/\/vanxhaber.com\/index.php\/2024\/02\/08\/karin-agirligina-dayanamayan-ahir-coktu\/\"]}]},{\"@type\":\"ImageObject\",\"inLanguage\":\"tr\",\"@id\":\"https:\/\/vanxhaber.com\/index.php\/2024\/02\/08\/karin-agirligina-dayanamayan-ahir-coktu\/#primaryimage\",\"url\":\"https:\/\/vanxhaber.com\/wp-content\/uploads\/2024\/02\/ahir-coktu.jpg\",\"contentUrl\":\"https:\/\/vanxhaber.com\/wp-content\/uploads\/2024\/02\/ahir-coktu.jpg\",\"width\":641,\"height\":380},{\"@type\":\"BreadcrumbList\",\"@id\":\"https:\/\/vanxhaber.com\/index.php\/2024\/02\/08\/karin-agirligina-dayanamayan-ahir-coktu\/#breadcrumb\",\"itemListElement\":[{\"@type\":\"ListItem\",\"position\":1,\"name\":\"Anasayfa\",\"item\":\"https:\/\/vanxhaber.com\/\"},{\"@type\":\"ListItem\",\"position\":2,\"name\":\"Kar\u0131n a\u011f\u0131rl\u0131\u011f\u0131na dayanamayan ah\u0131r \u00e7\u00f6kt\u00fc\"}]},{\"@type\":\"WebSite\",\"@id\":\"https:\/\/vanxhaber.com\/#website\",\"url\":\"https:\/\/vanxhaber.com\/\",\"name\":\"Van Haber | Van X Haber | Van Haberleri\",\"description\":\"Van Haber, Van&#039;\u0131n ilk yapay zeka teknolojileri ile yaz\u0131lan Van X Haber ve Van Haberlerini aktif g\u00fcncel sunan tek vanhaber merkezidir.\",\"potentialAction\":[{\"@type\":\"SearchAction\",\"target\":{\"@type\":\"EntryPoint\",\"urlTemplate\":\"https:\/\/vanxhaber.com\/?s={search_term_string}\"},\"query-input\":{\"@type\":\"PropertyValueSpecification\",\"valueRequired\":true,\"valueName\":\"search_term_string\"}}],\"inLanguage\":\"tr\"},{\"@type\":\"Person\",\"@id\":\"https:\/\/vanxhaber.com\/#\/schema\/person\/a5fd8d89510cb5370e62ad176f7978ee\",\"name\":\"Van X Haber\",\"image\":{\"@type\":\"ImageObject\",\"inLanguage\":\"tr\",\"@id\":\"https:\/\/vanxhaber.com\/#\/schema\/person\/image\/\",\"url\":\"https:\/\/secure.gravatar.com\/avatar\/36f2f63826681263103acb5ca1e7bc1a6db11baea9b75dd091d89b74f2704b07?s=96&d=mm&r=g\",\"contentUrl\":\"https:\/\/secure.gravatar.com\/avatar\/36f2f63826681263103acb5ca1e7bc1a6db11baea9b75dd091d89b74f2704b07?s=96&d=mm&r=g\",\"caption\":\"Van X Haber\"},\"description\":\"Van X Haber Van'\u0131n ilk ve tek yeni nesil Van Haber merkezi. Son Dakika Van Haberleri ve G\u00fcncel Van haber merkezinde s\u0131cak geli\u015fmeleri aktarmaya devam edece\u011fiz.\",\"url\":\"https:\/\/vanxhaber.com\/index.php\/author\/vangazetesi\/\"}]}<\/script>\n<!-- \/ Yoast SEO Premium plugin. -->","yoast_head_json":{"title":"Kar\u0131n a\u011f\u0131rl\u0131\u011f\u0131na dayanamayan ah\u0131r \u00e7\u00f6kt\u00fc - Van Haber | Van X Haber | Van Haberleri","robots":{"index":"index","follow":"follow","max-snippet":"max-snippet:-1","max-image-preview":"max-image-preview:large","max-video-preview":"max-video-preview:-1"},"canonical":"https:\/\/vanxhaber.com\/index.php\/2024\/02\/08\/karin-agirligina-dayanamayan-ahir-coktu\/","og_locale":"tr_TR","og_type":"article","og_title":"Kar\u0131n a\u011f\u0131rl\u0131\u011f\u0131na dayanamayan ah\u0131r \u00e7\u00f6kt\u00fc","og_description":"Van&#8217;\u0131n \u00d6zalp il\u00e7esinde etkili olan kar\u0131n a\u011f\u0131rl\u0131\u011f\u0131na dayanamayan ah\u0131r \u00e7\u00f6kt\u00fc. \u00d6zalp il\u00e7esinde etkili olan kar ya\u011f\u0131\u015f\u0131 ve f\u0131rt\u0131na hayat\u0131 olumsuz y\u00f6nde etkilemeye devam ediyor. \u0130l\u00e7eye ba\u011fl\u0131 K\u0131r\u0131k\u00e7al\u0131 Mahallesi Aydere mezras\u0131nda ikamet eden Murat \u0130rek\u2019e ait ah\u0131r, kar\u0131n a\u011f\u0131rl\u0131\u011f\u0131na dayanamayarak \u00e7\u00f6kt\u00fc. \u00c7evredekilerin yard\u0131m\u0131 ile ah\u0131rda bulunan hayvanlar kurtar\u0131ld\u0131.","og_url":"https:\/\/vanxhaber.com\/index.php\/2024\/02\/08\/karin-agirligina-dayanamayan-ahir-coktu\/","og_site_name":"Van Haber | Van X Haber | Van Haberleri","article_published_time":"2024-02-08T08:46:27+00:00","article_modified_time":"2024-02-08T08:46:30+00:00","og_image":[{"width":641,"height":380,"url":"https:\/\/vanxhaber.com\/wp-content\/uploads\/2024\/02\/ahir-coktu.jpg","type":"image\/jpeg"}],"author":"Van X Haber","twitter_card":"summary_large_image","twitter_misc":{"Yazan:":"Van X Haber","Tahmini okuma s\u00fcresi":"1 dakika"},"schema":{"@context":"https:\/\/schema.org","@graph":[{"@type":"Article","@id":"https:\/\/vanxhaber.com\/index.php\/2024\/02\/08\/karin-agirligina-dayanamayan-ahir-coktu\/#article","isPartOf":{"@id":"https:\/\/vanxhaber.com\/index.php\/2024\/02\/08\/karin-agirligina-dayanamayan-ahir-coktu\/"},"author":{"name":"Van X Haber","@id":"https:\/\/vanxhaber.com\/#\/schema\/person\/a5fd8d89510cb5370e62ad176f7978ee"},"headline":"Kar\u0131n a\u011f\u0131rl\u0131\u011f\u0131na dayanamayan ah\u0131r \u00e7\u00f6kt\u00fc","datePublished":"2024-02-08T08:46:27+00:00","dateModified":"2024-02-08T08:46:30+00:00","mainEntityOfPage":{"@id":"https:\/\/vanxhaber.com\/index.php\/2024\/02\/08\/karin-agirligina-dayanamayan-ahir-coktu\/"},"wordCount":80,"commentCount":0,"image":{"@id":"https:\/\/vanxhaber.com\/index.php\/2024\/02\/08\/karin-agirligina-dayanamayan-ahir-coktu\/#primaryimage"},"thumbnailUrl":"https:\/\/vanxhaber.com\/wp-content\/uploads\/2024\/02\/ahir-coktu.jpg","articleSection":["Van Haber","Van Haberleri"],"inLanguage":"tr","potentialAction":[{"@type":"CommentAction","name":"Comment","target":["https:\/\/vanxhaber.com\/index.php\/2024\/02\/08\/karin-agirligina-dayanamayan-ahir-coktu\/#respond"]}],"copyrightYear":"2024","copyrightHolder":{"@id":"https:\/\/vanxhaber.com\/#organization"}},{"@type":"WebPage","@id":"https:\/\/vanxhaber.com\/index.php\/2024\/02\/08\/karin-agirligina-dayanamayan-ahir-coktu\/","url":"https:\/\/vanxhaber.com\/index.php\/2024\/02\/08\/karin-agirligina-dayanamayan-ahir-coktu\/","name":"Kar\u0131n a\u011f\u0131rl\u0131\u011f\u0131na dayanamayan ah\u0131r \u00e7\u00f6kt\u00fc - Van Haber | Van X Haber | Van Haberleri","isPartOf":{"@id":"https:\/\/vanxhaber.com\/#website"},"primaryImageOfPage":{"@id":"https:\/\/vanxhaber.com\/index.php\/2024\/02\/08\/karin-agirligina-dayanamayan-ahir-coktu\/#primaryimage"},"image":{"@id":"https:\/\/vanxhaber.com\/index.php\/2024\/02\/08\/karin-agirligina-dayanamayan-ahir-coktu\/#primaryimage"},"thumbnailUrl":"https:\/\/vanxhaber.com\/wp-content\/uploads\/2024\/02\/ahir-coktu.jpg","datePublished":"2024-02-08T08:46:27+00:00","dateModified":"2024-02-08T08:46:30+00:00","author":{"@id":"https:\/\/vanxhaber.com\/#\/schema\/person\/a5fd8d89510cb5370e62ad176f7978ee"},"breadcrumb":{"@id":"https:\/\/vanxhaber.com\/index.php\/2024\/02\/08\/karin-agirligina-dayanamayan-ahir-coktu\/#breadcrumb"},"inLanguage":"tr","potentialAction":[{"@type":"ReadAction","target":["https:\/\/vanxhaber.com\/index.php\/2024\/02\/08\/karin-agirligina-dayanamayan-ahir-coktu\/"]}]},{"@type":"ImageObject","inLanguage":"tr","@id":"https:\/\/vanxhaber.com\/index.php\/2024\/02\/08\/karin-agirligina-dayanamayan-ahir-coktu\/#primaryimage","url":"https:\/\/vanxhaber.com\/wp-content\/uploads\/2024\/02\/ahir-coktu.jpg","contentUrl":"https:\/\/vanxhaber.com\/wp-content\/uploads\/2024\/02\/ahir-coktu.jpg","width":641,"height":380},{"@type":"BreadcrumbList","@id":"https:\/\/vanxhaber.com\/index.php\/2024\/02\/08\/karin-agirligina-dayanamayan-ahir-coktu\/#breadcrumb","itemListElement":[{"@type":"ListItem","position":1,"name":"Anasayfa","item":"https:\/\/vanxhaber.com\/"},{"@type":"ListItem","position":2,"name":"Kar\u0131n a\u011f\u0131rl\u0131\u011f\u0131na dayanamayan ah\u0131r \u00e7\u00f6kt\u00fc"}]},{"@type":"WebSite","@id":"https:\/\/vanxhaber.com\/#website","url":"https:\/\/vanxhaber.com\/","name":"Van Haber | Van X Haber | Van Haberleri","description":"Van Haber, Van&#039;\u0131n ilk yapay zeka teknolojileri ile yaz\u0131lan Van X Haber ve Van Haberlerini aktif g\u00fcncel sunan tek vanhaber merkezidir.","potentialAction":[{"@type":"SearchAction","target":{"@type":"EntryPoint","urlTemplate":"https:\/\/vanxhaber.com\/?s={search_term_string}"},"query-input":{"@type":"PropertyValueSpecification","valueRequired":true,"valueName":"search_term_string"}}],"inLanguage":"tr"},{"@type":"Person","@id":"https:\/\/vanxhaber.com\/#\/schema\/person\/a5fd8d89510cb5370e62ad176f7978ee","name":"Van X Haber","image":{"@type":"ImageObject","inLanguage":"tr","@id":"https:\/\/vanxhaber.com\/#\/schema\/person\/image\/","url":"https:\/\/secure.gravatar.com\/avatar\/36f2f63826681263103acb5ca1e7bc1a6db11baea9b75dd091d89b74f2704b07?s=96&d=mm&r=g","contentUrl":"https:\/\/secure.gravatar.com\/avatar\/36f2f63826681263103acb5ca1e7bc1a6db11baea9b75dd091d89b74f2704b07?s=96&d=mm&r=g","caption":"Van X Haber"},"description":"Van X Haber Van'\u0131n ilk ve tek yeni nesil Van Haber merkezi. Son Dakika Van Haberleri ve G\u00fcncel Van haber merkezinde s\u0131cak geli\u015fmeleri aktarmaya devam edece\u011fiz.","url":"https:\/\/vanxhaber.com\/index.php\/author\/vangazetesi\/"}]}},"_links":{"self":[{"href":"https:\/\/vanxhaber.com\/index.php\/wp-json\/wp\/v2\/posts\/1630","targetHints":{"allow":["GET"]}}],"collection":[{"href":"https:\/\/vanxhaber.com\/index.php\/wp-json\/wp\/v2\/posts"}],"about":[{"href":"https:\/\/vanxhaber.com\/index.php\/wp-json\/wp\/v2\/types\/post"}],"author":[{"embeddable":true,"href":"https:\/\/vanxhaber.com\/index.php\/wp-json\/wp\/v2\/users\/2"}],"replies":[{"embeddable":true,"href":"https:\/\/vanxhaber.com\/index.php\/wp-json\/wp\/v2\/comments?post=1630"}],"version-history":[{"count":1,"href":"https:\/\/vanxhaber.com\/index.php\/wp-json\/wp\/v2\/posts\/1630\/revisions"}],"predecessor-version":[{"id":1633,"href":"https:\/\/vanxhaber.com\/index.php\/wp-json\/wp\/v2\/posts\/1630\/revisions\/1633"}],"wp:featuredmedia":[{"embeddable":true,"href":"https:\/\/vanxhaber.com\/index.php\/wp-json\/wp\/v2\/media\/1632"}],"wp:attachment":[{"href":"https:\/\/vanxhaber.com\/index.php\/wp-json\/wp\/v2\/media?parent=1630"}],"wp:term":[{"taxonomy":"category","embeddable":true,"href":"https:\/\/vanxhaber.com\/index.php\/wp-json\/wp\/v2\/categories?post=1630"},{"taxonomy":"post_tag","embeddable":true,"href":"https:\/\/vanxhaber.com\/index.php\/wp-json\/wp\/v2\/tags?post=1630"}],"curies":[{"name":"wp","href":"https:\/\/api.w.org\/{rel}","templated":true}]}}