{"id":1634,"date":"2024-02-08T08:52:36","date_gmt":"2024-02-08T08:52:36","guid":{"rendered":"https:\/\/vanxhaber.com\/?p=1634"},"modified":"2024-02-08T08:52:38","modified_gmt":"2024-02-08T08:52:38","slug":"vanda-okulun-penceresinden-cikan-duman-panige-neden-oldu","status":"publish","type":"post","link":"https:\/\/vanxhaber.com\/index.php\/2024\/02\/08\/vanda-okulun-penceresinden-cikan-duman-panige-neden-oldu\/","title":{"rendered":"Van&#8217;da okulun penceresinden \u00e7\u0131kan duman pani\u011fe neden oldu"},"content":{"rendered":"\n<p>Van&#8217;\u0131n Geva\u015f il\u00e7esine ba\u011fl\u0131 Selimiye Mahallesi\u2019nde bulunan \u0130zzeddin \u015eir Anadolu Lisesinin ikinci kat\u0131nda saat 10.00 s\u0131ralar\u0131nda \u00e7\u0131kan yang\u0131n pani\u011fe yol a\u00e7t\u0131.<\/p>\n\n\n\n<p><\/p>\n\n\n\n<p> \u0130ddiaya g\u00f6re okulun ikinci kat\u0131ndaki bir s\u0131n\u0131fta elektrik panosunda bilinmeyen nedenle yang\u0131n \u00e7\u0131kmas\u0131 \u00fczerine dumanlar y\u00fckselmeye ba\u015flad\u0131.<\/p>\n\n\n\n<p><strong>Van\u2019<\/strong>\u0131n Geva\u015f il\u00e7esinde 3 katl\u0131 bir okulun 2\u2019nci kat\u0131ndan y\u00fckselen dumanlar pani\u011fe neden oldu.Durumu fark eden \u00f6\u011fretmenler ilk olarak durumu itfaiye ekiplerine bildirirken, bir yandan da yang\u0131na m\u00fcdahale ederek s\u00f6nd\u00fcrmeye \u00e7al\u0131\u015ft\u0131. Bu s\u0131rada okulda bulunan \u00f6\u011frenciler ise h\u0131zl\u0131ca tahliye edildi.Yang\u0131n, itfaiye ekiplerinin m\u00fcdahalesiyle b\u00fcy\u00fcmeden k\u0131sa s\u00fcrede tamamen s\u00f6nd\u00fcr\u00fcld\u00fc.<\/p>\n","protected":false},"excerpt":{"rendered":"<p>Van&#8217;\u0131n Geva\u015f il\u00e7esine ba\u011fl\u0131 Selimiye Mahallesi\u2019nde bulunan \u0130zzeddin \u015eir Anadolu Lisesinin ikinci kat\u0131nda saat 10.00 s\u0131ralar\u0131nda \u00e7\u0131kan yang\u0131n pani\u011fe yol a\u00e7t\u0131. \u0130ddiaya g\u00f6re okulun ikinci kat\u0131ndaki bir s\u0131n\u0131fta elektrik panosunda bilinmeyen nedenle yang\u0131n \u00e7\u0131kmas\u0131 \u00fczerine dumanlar y\u00fckselmeye ba\u015flad\u0131. Van\u2019\u0131n Geva\u015f il\u00e7esinde 3 katl\u0131 bir okulun 2\u2019nci kat\u0131ndan y\u00fckselen dumanlar pani\u011fe neden oldu.Durumu fark eden \u00f6\u011fretmenler &hellip;<\/p>\n","protected":false},"author":2,"featured_media":1636,"comment_status":"open","ping_status":"closed","sticky":false,"template":"","format":"standard","meta":{"googlesitekit_rrm_CAowot3VCw:productID":"","footnotes":""},"categories":[1,24],"tags":[109,34],"class_list":["post-1634","post","type-post","status-publish","format-standard","has-post-thumbnail","hentry","category-van-haber","category-van-haberleri","tag-gevas","tag-van"],"yoast_head":"<!-- This site is optimized with the Yoast SEO Premium plugin v21.7 (Yoast SEO v26.7) - https:\/\/yoast.com\/wordpress\/plugins\/seo\/ -->\n<title>Van&#039;da okulun penceresinden \u00e7\u0131kan duman pani\u011fe neden oldu - Van Haber | Van X Haber | Van Haberleri<\/title>\n<meta name=\"robots\" content=\"index, follow, max-snippet:-1, max-image-preview:large, max-video-preview:-1\" \/>\n<link rel=\"canonical\" href=\"https:\/\/vanxhaber.com\/index.php\/2024\/02\/08\/vanda-okulun-penceresinden-cikan-duman-panige-neden-oldu\/\" \/>\n<meta property=\"og:locale\" content=\"tr_TR\" \/>\n<meta property=\"og:type\" content=\"article\" \/>\n<meta property=\"og:title\" content=\"Van&#039;da okulun penceresinden \u00e7\u0131kan duman pani\u011fe neden oldu\" \/>\n<meta property=\"og:description\" content=\"Van&#8217;\u0131n Geva\u015f il\u00e7esine ba\u011fl\u0131 Selimiye Mahallesi\u2019nde bulunan \u0130zzeddin \u015eir Anadolu Lisesinin ikinci kat\u0131nda saat 10.00 s\u0131ralar\u0131nda \u00e7\u0131kan yang\u0131n pani\u011fe yol a\u00e7t\u0131. \u0130ddiaya g\u00f6re okulun ikinci kat\u0131ndaki bir s\u0131n\u0131fta elektrik panosunda bilinmeyen nedenle yang\u0131n \u00e7\u0131kmas\u0131 \u00fczerine dumanlar y\u00fckselmeye ba\u015flad\u0131. Van\u2019\u0131n Geva\u015f il\u00e7esinde 3 katl\u0131 bir okulun 2\u2019nci kat\u0131ndan y\u00fckselen dumanlar pani\u011fe neden oldu.Durumu fark eden \u00f6\u011fretmenler &hellip;\" \/>\n<meta property=\"og:url\" content=\"https:\/\/vanxhaber.com\/index.php\/2024\/02\/08\/vanda-okulun-penceresinden-cikan-duman-panige-neden-oldu\/\" \/>\n<meta property=\"og:site_name\" content=\"Van Haber | Van X Haber | Van Haberleri\" \/>\n<meta property=\"article:published_time\" content=\"2024-02-08T08:52:36+00:00\" \/>\n<meta property=\"article:modified_time\" content=\"2024-02-08T08:52:38+00:00\" \/>\n<meta property=\"og:image\" content=\"https:\/\/vanxhaber.com\/wp-content\/uploads\/2024\/02\/van-da-okul-yangini.jpg\" \/>\n\t<meta property=\"og:image:width\" content=\"641\" \/>\n\t<meta property=\"og:image:height\" content=\"380\" \/>\n\t<meta property=\"og:image:type\" content=\"image\/jpeg\" \/>\n<meta name=\"author\" content=\"Van X Haber\" \/>\n<meta name=\"twitter:card\" content=\"summary_large_image\" \/>\n<meta name=\"twitter:label1\" content=\"Yazan:\" \/>\n\t<meta name=\"twitter:data1\" content=\"Van X Haber\" \/>\n\t<meta name=\"twitter:label2\" content=\"Tahmini okuma s\u00fcresi\" \/>\n\t<meta name=\"twitter:data2\" content=\"1 dakika\" \/>\n<script type=\"application\/ld+json\" class=\"yoast-schema-graph\">{\"@context\":\"https:\/\/schema.org\",\"@graph\":[{\"@type\":\"Article\",\"@id\":\"https:\/\/vanxhaber.com\/index.php\/2024\/02\/08\/vanda-okulun-penceresinden-cikan-duman-panige-neden-oldu\/#article\",\"isPartOf\":{\"@id\":\"https:\/\/vanxhaber.com\/index.php\/2024\/02\/08\/vanda-okulun-penceresinden-cikan-duman-panige-neden-oldu\/\"},\"author\":{\"name\":\"Van X Haber\",\"@id\":\"https:\/\/vanxhaber.com\/#\/schema\/person\/a5fd8d89510cb5370e62ad176f7978ee\"},\"headline\":\"Van&#8217;da okulun penceresinden \u00e7\u0131kan duman pani\u011fe neden oldu\",\"datePublished\":\"2024-02-08T08:52:36+00:00\",\"dateModified\":\"2024-02-08T08:52:38+00:00\",\"mainEntityOfPage\":{\"@id\":\"https:\/\/vanxhaber.com\/index.php\/2024\/02\/08\/vanda-okulun-penceresinden-cikan-duman-panige-neden-oldu\/\"},\"wordCount\":135,\"commentCount\":0,\"image\":{\"@id\":\"https:\/\/vanxhaber.com\/index.php\/2024\/02\/08\/vanda-okulun-penceresinden-cikan-duman-panige-neden-oldu\/#primaryimage\"},\"thumbnailUrl\":\"https:\/\/vanxhaber.com\/wp-content\/uploads\/2024\/02\/van-da-okul-yangini.jpg\",\"keywords\":[\"geva\u015f\",\"van\"],\"articleSection\":[\"Van Haber\",\"Van Haberleri\"],\"inLanguage\":\"tr\",\"potentialAction\":[{\"@type\":\"CommentAction\",\"name\":\"Comment\",\"target\":[\"https:\/\/vanxhaber.com\/index.php\/2024\/02\/08\/vanda-okulun-penceresinden-cikan-duman-panige-neden-oldu\/#respond\"]}],\"copyrightYear\":\"2024\",\"copyrightHolder\":{\"@id\":\"https:\/\/vanxhaber.com\/#organization\"}},{\"@type\":\"WebPage\",\"@id\":\"https:\/\/vanxhaber.com\/index.php\/2024\/02\/08\/vanda-okulun-penceresinden-cikan-duman-panige-neden-oldu\/\",\"url\":\"https:\/\/vanxhaber.com\/index.php\/2024\/02\/08\/vanda-okulun-penceresinden-cikan-duman-panige-neden-oldu\/\",\"name\":\"Van'da okulun penceresinden \u00e7\u0131kan duman pani\u011fe neden oldu - Van Haber | Van X Haber | Van Haberleri\",\"isPartOf\":{\"@id\":\"https:\/\/vanxhaber.com\/#website\"},\"primaryImageOfPage\":{\"@id\":\"https:\/\/vanxhaber.com\/index.php\/2024\/02\/08\/vanda-okulun-penceresinden-cikan-duman-panige-neden-oldu\/#primaryimage\"},\"image\":{\"@id\":\"https:\/\/vanxhaber.com\/index.php\/2024\/02\/08\/vanda-okulun-penceresinden-cikan-duman-panige-neden-oldu\/#primaryimage\"},\"thumbnailUrl\":\"https:\/\/vanxhaber.com\/wp-content\/uploads\/2024\/02\/van-da-okul-yangini.jpg\",\"datePublished\":\"2024-02-08T08:52:36+00:00\",\"dateModified\":\"2024-02-08T08:52:38+00:00\",\"author\":{\"@id\":\"https:\/\/vanxhaber.com\/#\/schema\/person\/a5fd8d89510cb5370e62ad176f7978ee\"},\"breadcrumb\":{\"@id\":\"https:\/\/vanxhaber.com\/index.php\/2024\/02\/08\/vanda-okulun-penceresinden-cikan-duman-panige-neden-oldu\/#breadcrumb\"},\"inLanguage\":\"tr\",\"potentialAction\":[{\"@type\":\"ReadAction\",\"target\":[\"https:\/\/vanxhaber.com\/index.php\/2024\/02\/08\/vanda-okulun-penceresinden-cikan-duman-panige-neden-oldu\/\"]}]},{\"@type\":\"ImageObject\",\"inLanguage\":\"tr\",\"@id\":\"https:\/\/vanxhaber.com\/index.php\/2024\/02\/08\/vanda-okulun-penceresinden-cikan-duman-panige-neden-oldu\/#primaryimage\",\"url\":\"https:\/\/vanxhaber.com\/wp-content\/uploads\/2024\/02\/van-da-okul-yangini.jpg\",\"contentUrl\":\"https:\/\/vanxhaber.com\/wp-content\/uploads\/2024\/02\/van-da-okul-yangini.jpg\",\"width\":641,\"height\":380},{\"@type\":\"BreadcrumbList\",\"@id\":\"https:\/\/vanxhaber.com\/index.php\/2024\/02\/08\/vanda-okulun-penceresinden-cikan-duman-panige-neden-oldu\/#breadcrumb\",\"itemListElement\":[{\"@type\":\"ListItem\",\"position\":1,\"name\":\"Anasayfa\",\"item\":\"https:\/\/vanxhaber.com\/\"},{\"@type\":\"ListItem\",\"position\":2,\"name\":\"Van&#8217;da okulun penceresinden \u00e7\u0131kan duman pani\u011fe neden oldu\"}]},{\"@type\":\"WebSite\",\"@id\":\"https:\/\/vanxhaber.com\/#website\",\"url\":\"https:\/\/vanxhaber.com\/\",\"name\":\"Van Haber | Van X Haber | Van Haberleri\",\"description\":\"Van Haber, Van&#039;\u0131n ilk yapay zeka teknolojileri ile yaz\u0131lan Van X Haber ve Van Haberlerini aktif g\u00fcncel sunan tek vanhaber merkezidir.\",\"potentialAction\":[{\"@type\":\"SearchAction\",\"target\":{\"@type\":\"EntryPoint\",\"urlTemplate\":\"https:\/\/vanxhaber.com\/?s={search_term_string}\"},\"query-input\":{\"@type\":\"PropertyValueSpecification\",\"valueRequired\":true,\"valueName\":\"search_term_string\"}}],\"inLanguage\":\"tr\"},{\"@type\":\"Person\",\"@id\":\"https:\/\/vanxhaber.com\/#\/schema\/person\/a5fd8d89510cb5370e62ad176f7978ee\",\"name\":\"Van X Haber\",\"image\":{\"@type\":\"ImageObject\",\"inLanguage\":\"tr\",\"@id\":\"https:\/\/vanxhaber.com\/#\/schema\/person\/image\/\",\"url\":\"https:\/\/secure.gravatar.com\/avatar\/36f2f63826681263103acb5ca1e7bc1a6db11baea9b75dd091d89b74f2704b07?s=96&d=mm&r=g\",\"contentUrl\":\"https:\/\/secure.gravatar.com\/avatar\/36f2f63826681263103acb5ca1e7bc1a6db11baea9b75dd091d89b74f2704b07?s=96&d=mm&r=g\",\"caption\":\"Van X Haber\"},\"description\":\"Van X Haber Van'\u0131n ilk ve tek yeni nesil Van Haber merkezi. Son Dakika Van Haberleri ve G\u00fcncel Van haber merkezinde s\u0131cak geli\u015fmeleri aktarmaya devam edece\u011fiz.\",\"url\":\"https:\/\/vanxhaber.com\/index.php\/author\/vangazetesi\/\"}]}<\/script>\n<!-- \/ Yoast SEO Premium plugin. -->","yoast_head_json":{"title":"Van'da okulun penceresinden \u00e7\u0131kan duman pani\u011fe neden oldu - Van Haber | Van X Haber | Van Haberleri","robots":{"index":"index","follow":"follow","max-snippet":"max-snippet:-1","max-image-preview":"max-image-preview:large","max-video-preview":"max-video-preview:-1"},"canonical":"https:\/\/vanxhaber.com\/index.php\/2024\/02\/08\/vanda-okulun-penceresinden-cikan-duman-panige-neden-oldu\/","og_locale":"tr_TR","og_type":"article","og_title":"Van'da okulun penceresinden \u00e7\u0131kan duman pani\u011fe neden oldu","og_description":"Van&#8217;\u0131n Geva\u015f il\u00e7esine ba\u011fl\u0131 Selimiye Mahallesi\u2019nde bulunan \u0130zzeddin \u015eir Anadolu Lisesinin ikinci kat\u0131nda saat 10.00 s\u0131ralar\u0131nda \u00e7\u0131kan yang\u0131n pani\u011fe yol a\u00e7t\u0131. \u0130ddiaya g\u00f6re okulun ikinci kat\u0131ndaki bir s\u0131n\u0131fta elektrik panosunda bilinmeyen nedenle yang\u0131n \u00e7\u0131kmas\u0131 \u00fczerine dumanlar y\u00fckselmeye ba\u015flad\u0131. Van\u2019\u0131n Geva\u015f il\u00e7esinde 3 katl\u0131 bir okulun 2\u2019nci kat\u0131ndan y\u00fckselen dumanlar pani\u011fe neden oldu.Durumu fark eden \u00f6\u011fretmenler &hellip;","og_url":"https:\/\/vanxhaber.com\/index.php\/2024\/02\/08\/vanda-okulun-penceresinden-cikan-duman-panige-neden-oldu\/","og_site_name":"Van Haber | Van X Haber | Van Haberleri","article_published_time":"2024-02-08T08:52:36+00:00","article_modified_time":"2024-02-08T08:52:38+00:00","og_image":[{"width":641,"height":380,"url":"https:\/\/vanxhaber.com\/wp-content\/uploads\/2024\/02\/van-da-okul-yangini.jpg","type":"image\/jpeg"}],"author":"Van X Haber","twitter_card":"summary_large_image","twitter_misc":{"Yazan:":"Van X Haber","Tahmini okuma s\u00fcresi":"1 dakika"},"schema":{"@context":"https:\/\/schema.org","@graph":[{"@type":"Article","@id":"https:\/\/vanxhaber.com\/index.php\/2024\/02\/08\/vanda-okulun-penceresinden-cikan-duman-panige-neden-oldu\/#article","isPartOf":{"@id":"https:\/\/vanxhaber.com\/index.php\/2024\/02\/08\/vanda-okulun-penceresinden-cikan-duman-panige-neden-oldu\/"},"author":{"name":"Van X Haber","@id":"https:\/\/vanxhaber.com\/#\/schema\/person\/a5fd8d89510cb5370e62ad176f7978ee"},"headline":"Van&#8217;da okulun penceresinden \u00e7\u0131kan duman pani\u011fe neden oldu","datePublished":"2024-02-08T08:52:36+00:00","dateModified":"2024-02-08T08:52:38+00:00","mainEntityOfPage":{"@id":"https:\/\/vanxhaber.com\/index.php\/2024\/02\/08\/vanda-okulun-penceresinden-cikan-duman-panige-neden-oldu\/"},"wordCount":135,"commentCount":0,"image":{"@id":"https:\/\/vanxhaber.com\/index.php\/2024\/02\/08\/vanda-okulun-penceresinden-cikan-duman-panige-neden-oldu\/#primaryimage"},"thumbnailUrl":"https:\/\/vanxhaber.com\/wp-content\/uploads\/2024\/02\/van-da-okul-yangini.jpg","keywords":["geva\u015f","van"],"articleSection":["Van Haber","Van Haberleri"],"inLanguage":"tr","potentialAction":[{"@type":"CommentAction","name":"Comment","target":["https:\/\/vanxhaber.com\/index.php\/2024\/02\/08\/vanda-okulun-penceresinden-cikan-duman-panige-neden-oldu\/#respond"]}],"copyrightYear":"2024","copyrightHolder":{"@id":"https:\/\/vanxhaber.com\/#organization"}},{"@type":"WebPage","@id":"https:\/\/vanxhaber.com\/index.php\/2024\/02\/08\/vanda-okulun-penceresinden-cikan-duman-panige-neden-oldu\/","url":"https:\/\/vanxhaber.com\/index.php\/2024\/02\/08\/vanda-okulun-penceresinden-cikan-duman-panige-neden-oldu\/","name":"Van'da okulun penceresinden \u00e7\u0131kan duman pani\u011fe neden oldu - Van Haber | Van X Haber | Van Haberleri","isPartOf":{"@id":"https:\/\/vanxhaber.com\/#website"},"primaryImageOfPage":{"@id":"https:\/\/vanxhaber.com\/index.php\/2024\/02\/08\/vanda-okulun-penceresinden-cikan-duman-panige-neden-oldu\/#primaryimage"},"image":{"@id":"https:\/\/vanxhaber.com\/index.php\/2024\/02\/08\/vanda-okulun-penceresinden-cikan-duman-panige-neden-oldu\/#primaryimage"},"thumbnailUrl":"https:\/\/vanxhaber.com\/wp-content\/uploads\/2024\/02\/van-da-okul-yangini.jpg","datePublished":"2024-02-08T08:52:36+00:00","dateModified":"2024-02-08T08:52:38+00:00","author":{"@id":"https:\/\/vanxhaber.com\/#\/schema\/person\/a5fd8d89510cb5370e62ad176f7978ee"},"breadcrumb":{"@id":"https:\/\/vanxhaber.com\/index.php\/2024\/02\/08\/vanda-okulun-penceresinden-cikan-duman-panige-neden-oldu\/#breadcrumb"},"inLanguage":"tr","potentialAction":[{"@type":"ReadAction","target":["https:\/\/vanxhaber.com\/index.php\/2024\/02\/08\/vanda-okulun-penceresinden-cikan-duman-panige-neden-oldu\/"]}]},{"@type":"ImageObject","inLanguage":"tr","@id":"https:\/\/vanxhaber.com\/index.php\/2024\/02\/08\/vanda-okulun-penceresinden-cikan-duman-panige-neden-oldu\/#primaryimage","url":"https:\/\/vanxhaber.com\/wp-content\/uploads\/2024\/02\/van-da-okul-yangini.jpg","contentUrl":"https:\/\/vanxhaber.com\/wp-content\/uploads\/2024\/02\/van-da-okul-yangini.jpg","width":641,"height":380},{"@type":"BreadcrumbList","@id":"https:\/\/vanxhaber.com\/index.php\/2024\/02\/08\/vanda-okulun-penceresinden-cikan-duman-panige-neden-oldu\/#breadcrumb","itemListElement":[{"@type":"ListItem","position":1,"name":"Anasayfa","item":"https:\/\/vanxhaber.com\/"},{"@type":"ListItem","position":2,"name":"Van&#8217;da okulun penceresinden \u00e7\u0131kan duman pani\u011fe neden oldu"}]},{"@type":"WebSite","@id":"https:\/\/vanxhaber.com\/#website","url":"https:\/\/vanxhaber.com\/","name":"Van Haber | Van X Haber | Van Haberleri","description":"Van Haber, Van&#039;\u0131n ilk yapay zeka teknolojileri ile yaz\u0131lan Van X Haber ve Van Haberlerini aktif g\u00fcncel sunan tek vanhaber merkezidir.","potentialAction":[{"@type":"SearchAction","target":{"@type":"EntryPoint","urlTemplate":"https:\/\/vanxhaber.com\/?s={search_term_string}"},"query-input":{"@type":"PropertyValueSpecification","valueRequired":true,"valueName":"search_term_string"}}],"inLanguage":"tr"},{"@type":"Person","@id":"https:\/\/vanxhaber.com\/#\/schema\/person\/a5fd8d89510cb5370e62ad176f7978ee","name":"Van X Haber","image":{"@type":"ImageObject","inLanguage":"tr","@id":"https:\/\/vanxhaber.com\/#\/schema\/person\/image\/","url":"https:\/\/secure.gravatar.com\/avatar\/36f2f63826681263103acb5ca1e7bc1a6db11baea9b75dd091d89b74f2704b07?s=96&d=mm&r=g","contentUrl":"https:\/\/secure.gravatar.com\/avatar\/36f2f63826681263103acb5ca1e7bc1a6db11baea9b75dd091d89b74f2704b07?s=96&d=mm&r=g","caption":"Van X Haber"},"description":"Van X Haber Van'\u0131n ilk ve tek yeni nesil Van Haber merkezi. Son Dakika Van Haberleri ve G\u00fcncel Van haber merkezinde s\u0131cak geli\u015fmeleri aktarmaya devam edece\u011fiz.","url":"https:\/\/vanxhaber.com\/index.php\/author\/vangazetesi\/"}]}},"_links":{"self":[{"href":"https:\/\/vanxhaber.com\/index.php\/wp-json\/wp\/v2\/posts\/1634","targetHints":{"allow":["GET"]}}],"collection":[{"href":"https:\/\/vanxhaber.com\/index.php\/wp-json\/wp\/v2\/posts"}],"about":[{"href":"https:\/\/vanxhaber.com\/index.php\/wp-json\/wp\/v2\/types\/post"}],"author":[{"embeddable":true,"href":"https:\/\/vanxhaber.com\/index.php\/wp-json\/wp\/v2\/users\/2"}],"replies":[{"embeddable":true,"href":"https:\/\/vanxhaber.com\/index.php\/wp-json\/wp\/v2\/comments?post=1634"}],"version-history":[{"count":1,"href":"https:\/\/vanxhaber.com\/index.php\/wp-json\/wp\/v2\/posts\/1634\/revisions"}],"predecessor-version":[{"id":1637,"href":"https:\/\/vanxhaber.com\/index.php\/wp-json\/wp\/v2\/posts\/1634\/revisions\/1637"}],"wp:featuredmedia":[{"embeddable":true,"href":"https:\/\/vanxhaber.com\/index.php\/wp-json\/wp\/v2\/media\/1636"}],"wp:attachment":[{"href":"https:\/\/vanxhaber.com\/index.php\/wp-json\/wp\/v2\/media?parent=1634"}],"wp:term":[{"taxonomy":"category","embeddable":true,"href":"https:\/\/vanxhaber.com\/index.php\/wp-json\/wp\/v2\/categories?post=1634"},{"taxonomy":"post_tag","embeddable":true,"href":"https:\/\/vanxhaber.com\/index.php\/wp-json\/wp\/v2\/tags?post=1634"}],"curies":[{"name":"wp","href":"https:\/\/api.w.org\/{rel}","templated":true}]}}