{"id":1638,"date":"2024-02-09T08:10:40","date_gmt":"2024-02-09T08:10:40","guid":{"rendered":"https:\/\/vanxhaber.com\/?p=1638"},"modified":"2024-02-09T08:10:43","modified_gmt":"2024-02-09T08:10:43","slug":"van-belediyesi-basin-desteklerinde-adaletsizlik-iddialari","status":"publish","type":"post","link":"https:\/\/vanxhaber.com\/index.php\/2024\/02\/09\/van-belediyesi-basin-desteklerinde-adaletsizlik-iddialari\/","title":{"rendered":"Van Belediyesi Bas\u0131n Desteklerinde Adaletsizlik \u0130ddialar\u0131"},"content":{"rendered":"\n<p>Van Belediyesi Bas\u0131n Desteklerinde Adaletsizlik \u0130ddialar\u0131Van B\u00fcy\u00fck\u015fehir Belediyesi Bas\u0131n Birimi yerel bas\u0131n\u0131n bir k\u0131sm\u0131na destek sa\u011flarken, bir k\u0131sm\u0131n\u0131 es ge\u00e7ti.<br>Van B\u00fcy\u00fck\u015fehir Belediyesi Bas\u0131n birimi baz\u0131 bas\u0131n yay\u0131n organlar\u0131na destek sa\u011flarken baz\u0131 bas\u0131n yay\u0131n organlar\u0131n\u0131 es ge\u00e7ti.<br>Konuyla a\u00e7\u0131klamada bulunan Tubittum dergisi ve Van Haber Gazetesi imtiyaz sahibi Hikmetullah Yetkin, &#8220;Van B\u00fcy\u00fck\u015fehir Belediyesi, bas\u0131na da\u011f\u0131t\u0131lan tan\u0131t\u0131m hizmetlerinin do\u011fru ve adil bir \u015fekilde da\u011f\u0131t\u0131lmad\u0131\u011f\u0131na inan\u0131yoruz. Tubittum dergimiz, gerekli yerlere kay\u0131tl\u0131 olmas\u0131na ra\u011fmen herhangi bir destek sa\u011flanmamaktad\u0131r. G\u00f6r\u00fc\u015fme sa\u011fland\u0131\u011f\u0131nda; tan\u0131t\u0131m \u00e7al\u0131\u015fmalar\u0131n\u0131n olmad\u0131\u011f\u0131 ve Van&#8217;\u0131n resmi kurumu taraf\u0131ndan da\u011f\u0131t\u0131ld\u0131\u011f\u0131 iddia edildi.<strong> Resmi kurum<\/strong>lara kay\u0131tl\u0131 olan dergi ve medya kanallar\u0131m\u0131z herhangi bir destek sa\u011flanmamas\u0131 ve bunun haricinde yap\u0131lan ele\u015ftirel sonras\u0131nda ambargo uyguland\u0131\u011f\u0131 g\u00f6zler \u00f6n\u00fcne serilmektedir. <strong>Van B\u00fcy\u00fck\u015fehir Belediyesi <\/strong>Bas\u0131n birimi, Van iline \u00f6zg\u00fcn ve nitelikli e\u015fit\u00e7il \u00e7al\u0131\u015fmalar\u0131n\u0131n yan\u0131 s\u0131ra; Van ilinde bulunan ve devletine vergi \u00f6deyen bas\u0131n birimlerine <strong>tarafs\u0131z<\/strong> ve e\u015fit \u015fekilde destek verilmesini temenni ederiz.&#8221;dedi.<\/p>\n","protected":false},"excerpt":{"rendered":"<p>Van Belediyesi Bas\u0131n Desteklerinde Adaletsizlik \u0130ddialar\u0131Van B\u00fcy\u00fck\u015fehir Belediyesi Bas\u0131n Birimi yerel bas\u0131n\u0131n bir k\u0131sm\u0131na destek sa\u011flarken, bir k\u0131sm\u0131n\u0131 es ge\u00e7ti.Van B\u00fcy\u00fck\u015fehir Belediyesi Bas\u0131n birimi baz\u0131 bas\u0131n yay\u0131n organlar\u0131na destek sa\u011flarken baz\u0131 bas\u0131n yay\u0131n organlar\u0131n\u0131 es ge\u00e7ti.Konuyla a\u00e7\u0131klamada bulunan Tubittum dergisi ve Van Haber Gazetesi imtiyaz sahibi Hikmetullah Yetkin, &#8220;Van B\u00fcy\u00fck\u015fehir Belediyesi, bas\u0131na da\u011f\u0131t\u0131lan tan\u0131t\u0131m hizmetlerinin &hellip;<\/p>\n","protected":false},"author":2,"featured_media":1640,"comment_status":"open","ping_status":"closed","sticky":false,"template":"","format":"standard","meta":{"googlesitekit_rrm_CAowot3VCw:productID":"","footnotes":""},"categories":[1,24],"tags":[],"class_list":["post-1638","post","type-post","status-publish","format-standard","has-post-thumbnail","hentry","category-van-haber","category-van-haberleri"],"yoast_head":"<!-- This site is optimized with the Yoast SEO Premium plugin v21.7 (Yoast SEO v26.7) - https:\/\/yoast.com\/wordpress\/plugins\/seo\/ -->\n<title>Van Belediyesi Bas\u0131n Desteklerinde Adaletsizlik \u0130ddialar\u0131 - Van Haber | Van X Haber | Van Haberleri<\/title>\n<meta name=\"robots\" content=\"index, follow, max-snippet:-1, max-image-preview:large, max-video-preview:-1\" \/>\n<link rel=\"canonical\" href=\"https:\/\/vanxhaber.com\/index.php\/2024\/02\/09\/van-belediyesi-basin-desteklerinde-adaletsizlik-iddialari\/\" \/>\n<meta property=\"og:locale\" content=\"tr_TR\" \/>\n<meta property=\"og:type\" content=\"article\" \/>\n<meta property=\"og:title\" content=\"Van Belediyesi Bas\u0131n Desteklerinde Adaletsizlik \u0130ddialar\u0131\" \/>\n<meta property=\"og:description\" content=\"Van Belediyesi Bas\u0131n Desteklerinde Adaletsizlik \u0130ddialar\u0131Van B\u00fcy\u00fck\u015fehir Belediyesi Bas\u0131n Birimi yerel bas\u0131n\u0131n bir k\u0131sm\u0131na destek sa\u011flarken, bir k\u0131sm\u0131n\u0131 es ge\u00e7ti.Van B\u00fcy\u00fck\u015fehir Belediyesi Bas\u0131n birimi baz\u0131 bas\u0131n yay\u0131n organlar\u0131na destek sa\u011flarken baz\u0131 bas\u0131n yay\u0131n organlar\u0131n\u0131 es ge\u00e7ti.Konuyla a\u00e7\u0131klamada bulunan Tubittum dergisi ve Van Haber Gazetesi imtiyaz sahibi Hikmetullah Yetkin, &#8220;Van B\u00fcy\u00fck\u015fehir Belediyesi, bas\u0131na da\u011f\u0131t\u0131lan tan\u0131t\u0131m hizmetlerinin &hellip;\" \/>\n<meta property=\"og:url\" content=\"https:\/\/vanxhaber.com\/index.php\/2024\/02\/09\/van-belediyesi-basin-desteklerinde-adaletsizlik-iddialari\/\" \/>\n<meta property=\"og:site_name\" content=\"Van Haber | Van X Haber | Van Haberleri\" \/>\n<meta property=\"article:published_time\" content=\"2024-02-09T08:10:40+00:00\" \/>\n<meta property=\"article:modified_time\" content=\"2024-02-09T08:10:43+00:00\" \/>\n<meta property=\"og:image\" content=\"https:\/\/vanxhaber.com\/wp-content\/uploads\/2024\/02\/hikmettullah-yetkin.jpg\" \/>\n\t<meta property=\"og:image:width\" content=\"641\" \/>\n\t<meta property=\"og:image:height\" content=\"380\" \/>\n\t<meta property=\"og:image:type\" content=\"image\/jpeg\" \/>\n<meta name=\"author\" content=\"Van X Haber\" \/>\n<meta name=\"twitter:card\" content=\"summary_large_image\" \/>\n<meta name=\"twitter:label1\" content=\"Yazan:\" \/>\n\t<meta name=\"twitter:data1\" content=\"Van X Haber\" \/>\n\t<meta name=\"twitter:label2\" content=\"Tahmini okuma s\u00fcresi\" \/>\n\t<meta name=\"twitter:data2\" content=\"2 dakika\" \/>\n<script type=\"application\/ld+json\" class=\"yoast-schema-graph\">{\"@context\":\"https:\/\/schema.org\",\"@graph\":[{\"@type\":\"Article\",\"@id\":\"https:\/\/vanxhaber.com\/index.php\/2024\/02\/09\/van-belediyesi-basin-desteklerinde-adaletsizlik-iddialari\/#article\",\"isPartOf\":{\"@id\":\"https:\/\/vanxhaber.com\/index.php\/2024\/02\/09\/van-belediyesi-basin-desteklerinde-adaletsizlik-iddialari\/\"},\"author\":{\"name\":\"Van X Haber\",\"@id\":\"https:\/\/vanxhaber.com\/#\/schema\/person\/a5fd8d89510cb5370e62ad176f7978ee\"},\"headline\":\"Van Belediyesi Bas\u0131n Desteklerinde Adaletsizlik \u0130ddialar\u0131\",\"datePublished\":\"2024-02-09T08:10:40+00:00\",\"dateModified\":\"2024-02-09T08:10:43+00:00\",\"mainEntityOfPage\":{\"@id\":\"https:\/\/vanxhaber.com\/index.php\/2024\/02\/09\/van-belediyesi-basin-desteklerinde-adaletsizlik-iddialari\/\"},\"wordCount\":231,\"commentCount\":0,\"image\":{\"@id\":\"https:\/\/vanxhaber.com\/index.php\/2024\/02\/09\/van-belediyesi-basin-desteklerinde-adaletsizlik-iddialari\/#primaryimage\"},\"thumbnailUrl\":\"https:\/\/vanxhaber.com\/wp-content\/uploads\/2024\/02\/hikmettullah-yetkin.jpg\",\"articleSection\":[\"Van Haber\",\"Van Haberleri\"],\"inLanguage\":\"tr\",\"potentialAction\":[{\"@type\":\"CommentAction\",\"name\":\"Comment\",\"target\":[\"https:\/\/vanxhaber.com\/index.php\/2024\/02\/09\/van-belediyesi-basin-desteklerinde-adaletsizlik-iddialari\/#respond\"]}],\"copyrightYear\":\"2024\",\"copyrightHolder\":{\"@id\":\"https:\/\/vanxhaber.com\/#organization\"}},{\"@type\":\"WebPage\",\"@id\":\"https:\/\/vanxhaber.com\/index.php\/2024\/02\/09\/van-belediyesi-basin-desteklerinde-adaletsizlik-iddialari\/\",\"url\":\"https:\/\/vanxhaber.com\/index.php\/2024\/02\/09\/van-belediyesi-basin-desteklerinde-adaletsizlik-iddialari\/\",\"name\":\"Van Belediyesi Bas\u0131n Desteklerinde Adaletsizlik \u0130ddialar\u0131 - Van Haber | Van X Haber | Van Haberleri\",\"isPartOf\":{\"@id\":\"https:\/\/vanxhaber.com\/#website\"},\"primaryImageOfPage\":{\"@id\":\"https:\/\/vanxhaber.com\/index.php\/2024\/02\/09\/van-belediyesi-basin-desteklerinde-adaletsizlik-iddialari\/#primaryimage\"},\"image\":{\"@id\":\"https:\/\/vanxhaber.com\/index.php\/2024\/02\/09\/van-belediyesi-basin-desteklerinde-adaletsizlik-iddialari\/#primaryimage\"},\"thumbnailUrl\":\"https:\/\/vanxhaber.com\/wp-content\/uploads\/2024\/02\/hikmettullah-yetkin.jpg\",\"datePublished\":\"2024-02-09T08:10:40+00:00\",\"dateModified\":\"2024-02-09T08:10:43+00:00\",\"author\":{\"@id\":\"https:\/\/vanxhaber.com\/#\/schema\/person\/a5fd8d89510cb5370e62ad176f7978ee\"},\"breadcrumb\":{\"@id\":\"https:\/\/vanxhaber.com\/index.php\/2024\/02\/09\/van-belediyesi-basin-desteklerinde-adaletsizlik-iddialari\/#breadcrumb\"},\"inLanguage\":\"tr\",\"potentialAction\":[{\"@type\":\"ReadAction\",\"target\":[\"https:\/\/vanxhaber.com\/index.php\/2024\/02\/09\/van-belediyesi-basin-desteklerinde-adaletsizlik-iddialari\/\"]}]},{\"@type\":\"ImageObject\",\"inLanguage\":\"tr\",\"@id\":\"https:\/\/vanxhaber.com\/index.php\/2024\/02\/09\/van-belediyesi-basin-desteklerinde-adaletsizlik-iddialari\/#primaryimage\",\"url\":\"https:\/\/vanxhaber.com\/wp-content\/uploads\/2024\/02\/hikmettullah-yetkin.jpg\",\"contentUrl\":\"https:\/\/vanxhaber.com\/wp-content\/uploads\/2024\/02\/hikmettullah-yetkin.jpg\",\"width\":641,\"height\":380},{\"@type\":\"BreadcrumbList\",\"@id\":\"https:\/\/vanxhaber.com\/index.php\/2024\/02\/09\/van-belediyesi-basin-desteklerinde-adaletsizlik-iddialari\/#breadcrumb\",\"itemListElement\":[{\"@type\":\"ListItem\",\"position\":1,\"name\":\"Anasayfa\",\"item\":\"https:\/\/vanxhaber.com\/\"},{\"@type\":\"ListItem\",\"position\":2,\"name\":\"Van Belediyesi Bas\u0131n Desteklerinde Adaletsizlik \u0130ddialar\u0131\"}]},{\"@type\":\"WebSite\",\"@id\":\"https:\/\/vanxhaber.com\/#website\",\"url\":\"https:\/\/vanxhaber.com\/\",\"name\":\"Van Haber | Van X Haber | Van Haberleri\",\"description\":\"Van Haber, Van&#039;\u0131n ilk yapay zeka teknolojileri ile yaz\u0131lan Van X Haber ve Van Haberlerini aktif g\u00fcncel sunan tek vanhaber merkezidir.\",\"potentialAction\":[{\"@type\":\"SearchAction\",\"target\":{\"@type\":\"EntryPoint\",\"urlTemplate\":\"https:\/\/vanxhaber.com\/?s={search_term_string}\"},\"query-input\":{\"@type\":\"PropertyValueSpecification\",\"valueRequired\":true,\"valueName\":\"search_term_string\"}}],\"inLanguage\":\"tr\"},{\"@type\":\"Person\",\"@id\":\"https:\/\/vanxhaber.com\/#\/schema\/person\/a5fd8d89510cb5370e62ad176f7978ee\",\"name\":\"Van X Haber\",\"image\":{\"@type\":\"ImageObject\",\"inLanguage\":\"tr\",\"@id\":\"https:\/\/vanxhaber.com\/#\/schema\/person\/image\/\",\"url\":\"https:\/\/secure.gravatar.com\/avatar\/36f2f63826681263103acb5ca1e7bc1a6db11baea9b75dd091d89b74f2704b07?s=96&d=mm&r=g\",\"contentUrl\":\"https:\/\/secure.gravatar.com\/avatar\/36f2f63826681263103acb5ca1e7bc1a6db11baea9b75dd091d89b74f2704b07?s=96&d=mm&r=g\",\"caption\":\"Van X Haber\"},\"description\":\"Van X Haber Van'\u0131n ilk ve tek yeni nesil Van Haber merkezi. Son Dakika Van Haberleri ve G\u00fcncel Van haber merkezinde s\u0131cak geli\u015fmeleri aktarmaya devam edece\u011fiz.\",\"url\":\"https:\/\/vanxhaber.com\/index.php\/author\/vangazetesi\/\"}]}<\/script>\n<!-- \/ Yoast SEO Premium plugin. -->","yoast_head_json":{"title":"Van Belediyesi Bas\u0131n Desteklerinde Adaletsizlik \u0130ddialar\u0131 - Van Haber | Van X Haber | Van Haberleri","robots":{"index":"index","follow":"follow","max-snippet":"max-snippet:-1","max-image-preview":"max-image-preview:large","max-video-preview":"max-video-preview:-1"},"canonical":"https:\/\/vanxhaber.com\/index.php\/2024\/02\/09\/van-belediyesi-basin-desteklerinde-adaletsizlik-iddialari\/","og_locale":"tr_TR","og_type":"article","og_title":"Van Belediyesi Bas\u0131n Desteklerinde Adaletsizlik \u0130ddialar\u0131","og_description":"Van Belediyesi Bas\u0131n Desteklerinde Adaletsizlik \u0130ddialar\u0131Van B\u00fcy\u00fck\u015fehir Belediyesi Bas\u0131n Birimi yerel bas\u0131n\u0131n bir k\u0131sm\u0131na destek sa\u011flarken, bir k\u0131sm\u0131n\u0131 es ge\u00e7ti.Van B\u00fcy\u00fck\u015fehir Belediyesi Bas\u0131n birimi baz\u0131 bas\u0131n yay\u0131n organlar\u0131na destek sa\u011flarken baz\u0131 bas\u0131n yay\u0131n organlar\u0131n\u0131 es ge\u00e7ti.Konuyla a\u00e7\u0131klamada bulunan Tubittum dergisi ve Van Haber Gazetesi imtiyaz sahibi Hikmetullah Yetkin, &#8220;Van B\u00fcy\u00fck\u015fehir Belediyesi, bas\u0131na da\u011f\u0131t\u0131lan tan\u0131t\u0131m hizmetlerinin &hellip;","og_url":"https:\/\/vanxhaber.com\/index.php\/2024\/02\/09\/van-belediyesi-basin-desteklerinde-adaletsizlik-iddialari\/","og_site_name":"Van Haber | Van X Haber | Van Haberleri","article_published_time":"2024-02-09T08:10:40+00:00","article_modified_time":"2024-02-09T08:10:43+00:00","og_image":[{"width":641,"height":380,"url":"https:\/\/vanxhaber.com\/wp-content\/uploads\/2024\/02\/hikmettullah-yetkin.jpg","type":"image\/jpeg"}],"author":"Van X Haber","twitter_card":"summary_large_image","twitter_misc":{"Yazan:":"Van X Haber","Tahmini okuma s\u00fcresi":"2 dakika"},"schema":{"@context":"https:\/\/schema.org","@graph":[{"@type":"Article","@id":"https:\/\/vanxhaber.com\/index.php\/2024\/02\/09\/van-belediyesi-basin-desteklerinde-adaletsizlik-iddialari\/#article","isPartOf":{"@id":"https:\/\/vanxhaber.com\/index.php\/2024\/02\/09\/van-belediyesi-basin-desteklerinde-adaletsizlik-iddialari\/"},"author":{"name":"Van X Haber","@id":"https:\/\/vanxhaber.com\/#\/schema\/person\/a5fd8d89510cb5370e62ad176f7978ee"},"headline":"Van Belediyesi Bas\u0131n Desteklerinde Adaletsizlik \u0130ddialar\u0131","datePublished":"2024-02-09T08:10:40+00:00","dateModified":"2024-02-09T08:10:43+00:00","mainEntityOfPage":{"@id":"https:\/\/vanxhaber.com\/index.php\/2024\/02\/09\/van-belediyesi-basin-desteklerinde-adaletsizlik-iddialari\/"},"wordCount":231,"commentCount":0,"image":{"@id":"https:\/\/vanxhaber.com\/index.php\/2024\/02\/09\/van-belediyesi-basin-desteklerinde-adaletsizlik-iddialari\/#primaryimage"},"thumbnailUrl":"https:\/\/vanxhaber.com\/wp-content\/uploads\/2024\/02\/hikmettullah-yetkin.jpg","articleSection":["Van Haber","Van Haberleri"],"inLanguage":"tr","potentialAction":[{"@type":"CommentAction","name":"Comment","target":["https:\/\/vanxhaber.com\/index.php\/2024\/02\/09\/van-belediyesi-basin-desteklerinde-adaletsizlik-iddialari\/#respond"]}],"copyrightYear":"2024","copyrightHolder":{"@id":"https:\/\/vanxhaber.com\/#organization"}},{"@type":"WebPage","@id":"https:\/\/vanxhaber.com\/index.php\/2024\/02\/09\/van-belediyesi-basin-desteklerinde-adaletsizlik-iddialari\/","url":"https:\/\/vanxhaber.com\/index.php\/2024\/02\/09\/van-belediyesi-basin-desteklerinde-adaletsizlik-iddialari\/","name":"Van Belediyesi Bas\u0131n Desteklerinde Adaletsizlik \u0130ddialar\u0131 - Van Haber | Van X Haber | Van Haberleri","isPartOf":{"@id":"https:\/\/vanxhaber.com\/#website"},"primaryImageOfPage":{"@id":"https:\/\/vanxhaber.com\/index.php\/2024\/02\/09\/van-belediyesi-basin-desteklerinde-adaletsizlik-iddialari\/#primaryimage"},"image":{"@id":"https:\/\/vanxhaber.com\/index.php\/2024\/02\/09\/van-belediyesi-basin-desteklerinde-adaletsizlik-iddialari\/#primaryimage"},"thumbnailUrl":"https:\/\/vanxhaber.com\/wp-content\/uploads\/2024\/02\/hikmettullah-yetkin.jpg","datePublished":"2024-02-09T08:10:40+00:00","dateModified":"2024-02-09T08:10:43+00:00","author":{"@id":"https:\/\/vanxhaber.com\/#\/schema\/person\/a5fd8d89510cb5370e62ad176f7978ee"},"breadcrumb":{"@id":"https:\/\/vanxhaber.com\/index.php\/2024\/02\/09\/van-belediyesi-basin-desteklerinde-adaletsizlik-iddialari\/#breadcrumb"},"inLanguage":"tr","potentialAction":[{"@type":"ReadAction","target":["https:\/\/vanxhaber.com\/index.php\/2024\/02\/09\/van-belediyesi-basin-desteklerinde-adaletsizlik-iddialari\/"]}]},{"@type":"ImageObject","inLanguage":"tr","@id":"https:\/\/vanxhaber.com\/index.php\/2024\/02\/09\/van-belediyesi-basin-desteklerinde-adaletsizlik-iddialari\/#primaryimage","url":"https:\/\/vanxhaber.com\/wp-content\/uploads\/2024\/02\/hikmettullah-yetkin.jpg","contentUrl":"https:\/\/vanxhaber.com\/wp-content\/uploads\/2024\/02\/hikmettullah-yetkin.jpg","width":641,"height":380},{"@type":"BreadcrumbList","@id":"https:\/\/vanxhaber.com\/index.php\/2024\/02\/09\/van-belediyesi-basin-desteklerinde-adaletsizlik-iddialari\/#breadcrumb","itemListElement":[{"@type":"ListItem","position":1,"name":"Anasayfa","item":"https:\/\/vanxhaber.com\/"},{"@type":"ListItem","position":2,"name":"Van Belediyesi Bas\u0131n Desteklerinde Adaletsizlik \u0130ddialar\u0131"}]},{"@type":"WebSite","@id":"https:\/\/vanxhaber.com\/#website","url":"https:\/\/vanxhaber.com\/","name":"Van Haber | Van X Haber | Van Haberleri","description":"Van Haber, Van&#039;\u0131n ilk yapay zeka teknolojileri ile yaz\u0131lan Van X Haber ve Van Haberlerini aktif g\u00fcncel sunan tek vanhaber merkezidir.","potentialAction":[{"@type":"SearchAction","target":{"@type":"EntryPoint","urlTemplate":"https:\/\/vanxhaber.com\/?s={search_term_string}"},"query-input":{"@type":"PropertyValueSpecification","valueRequired":true,"valueName":"search_term_string"}}],"inLanguage":"tr"},{"@type":"Person","@id":"https:\/\/vanxhaber.com\/#\/schema\/person\/a5fd8d89510cb5370e62ad176f7978ee","name":"Van X Haber","image":{"@type":"ImageObject","inLanguage":"tr","@id":"https:\/\/vanxhaber.com\/#\/schema\/person\/image\/","url":"https:\/\/secure.gravatar.com\/avatar\/36f2f63826681263103acb5ca1e7bc1a6db11baea9b75dd091d89b74f2704b07?s=96&d=mm&r=g","contentUrl":"https:\/\/secure.gravatar.com\/avatar\/36f2f63826681263103acb5ca1e7bc1a6db11baea9b75dd091d89b74f2704b07?s=96&d=mm&r=g","caption":"Van X Haber"},"description":"Van X Haber Van'\u0131n ilk ve tek yeni nesil Van Haber merkezi. Son Dakika Van Haberleri ve G\u00fcncel Van haber merkezinde s\u0131cak geli\u015fmeleri aktarmaya devam edece\u011fiz.","url":"https:\/\/vanxhaber.com\/index.php\/author\/vangazetesi\/"}]}},"_links":{"self":[{"href":"https:\/\/vanxhaber.com\/index.php\/wp-json\/wp\/v2\/posts\/1638","targetHints":{"allow":["GET"]}}],"collection":[{"href":"https:\/\/vanxhaber.com\/index.php\/wp-json\/wp\/v2\/posts"}],"about":[{"href":"https:\/\/vanxhaber.com\/index.php\/wp-json\/wp\/v2\/types\/post"}],"author":[{"embeddable":true,"href":"https:\/\/vanxhaber.com\/index.php\/wp-json\/wp\/v2\/users\/2"}],"replies":[{"embeddable":true,"href":"https:\/\/vanxhaber.com\/index.php\/wp-json\/wp\/v2\/comments?post=1638"}],"version-history":[{"count":1,"href":"https:\/\/vanxhaber.com\/index.php\/wp-json\/wp\/v2\/posts\/1638\/revisions"}],"predecessor-version":[{"id":1641,"href":"https:\/\/vanxhaber.com\/index.php\/wp-json\/wp\/v2\/posts\/1638\/revisions\/1641"}],"wp:featuredmedia":[{"embeddable":true,"href":"https:\/\/vanxhaber.com\/index.php\/wp-json\/wp\/v2\/media\/1640"}],"wp:attachment":[{"href":"https:\/\/vanxhaber.com\/index.php\/wp-json\/wp\/v2\/media?parent=1638"}],"wp:term":[{"taxonomy":"category","embeddable":true,"href":"https:\/\/vanxhaber.com\/index.php\/wp-json\/wp\/v2\/categories?post=1638"},{"taxonomy":"post_tag","embeddable":true,"href":"https:\/\/vanxhaber.com\/index.php\/wp-json\/wp\/v2\/tags?post=1638"}],"curies":[{"name":"wp","href":"https:\/\/api.w.org\/{rel}","templated":true}]}}