{"id":1642,"date":"2024-02-09T08:17:42","date_gmt":"2024-02-09T08:17:42","guid":{"rendered":"https:\/\/vanxhaber.com\/?p=1642"},"modified":"2024-02-09T08:17:44","modified_gmt":"2024-02-09T08:17:44","slug":"van-polisine-cig-egitimi-veriliyor","status":"publish","type":"post","link":"https:\/\/vanxhaber.com\/index.php\/2024\/02\/09\/van-polisine-cig-egitimi-veriliyor\/","title":{"rendered":"Van Polisi&#8217;ne \u00e7\u0131\u011f e\u011fitimi veriliyor"},"content":{"rendered":"\n<p>Van\u2019da muhtemel \u00e7\u0131\u011f facialar\u0131nda can kay\u0131plar\u0131n\u0131n \u00f6nlenmesi amac\u0131yla emniyet te\u015fkilat\u0131nda g\u00f6revli Polis \u00d6zel Harekat (P\u00d6H) personeline arama kurtarmada g\u00f6rev almalar\u0131 i\u00e7in e\u011fitim veriliyor.<\/p>\n\n\n\n<p>Afet ve Acil Durum Y\u00f6netimi Ba\u015fkanl\u0131\u011f\u0131 (AFAD) taraf\u0131ndan \u00f6nceki y\u0131llarda Van\u2019da \u00e7\u0131\u011f b\u00f6lgelerinin fizibilite \u00e7al\u0131\u015fmas\u0131 ger\u00e7ekle\u015ftirilmi\u015f ve bu kapsamda Bah\u00e7esaray, \u00c7atak, Ba\u015fkale ve Muradiye il\u00e7elerinin \u00e7\u0131\u011f tehlikesi a\u00e7\u0131s\u0131ndan \u2018\u00e7ok riskli\u2019 oldu\u011fu tespit edilmi\u015fti. Daha \u00f6nce kentteki kurumlar\u0131n i\u015fbirli\u011fiyle yakla\u015f\u0131k 4 bin \u00e7\u0131\u011f yata\u011f\u0131 tespit edilmi\u015fti. <\/p>\n\n\n\n<p>2020 y\u0131l\u0131nda 42 ki\u015finin hayat\u0131n\u0131 kaybetti\u011fi \u00e7\u0131\u011f facias\u0131n\u0131n ard\u0131ndan e\u011fitimlerine ba\u011flayan AFAD, \u015fu ana kadar g\u00fcvenlik korucular\u0131 ve jandarma personeline \u00e7\u0131\u011f e\u011fitimleri vermi\u015fti. G\u00fcvenlik korucular\u0131 ve jandarmadan sonra emniyet te\u015fkilat\u0131ndan g\u00f6revli P\u00d6H\u2019lere de e\u011fitimler verilmeye ba\u015fland\u0131. Edremit il\u00e7e s\u0131n\u0131r\u0131nda yer alan Kuruba\u015f b\u00f6lgesinde \u00e7\u0131\u011fda arama ve kurtarmada dikkat edilecek konularda e\u011fitim verildi. Her hafta 50 ki\u015filik gruplar halinde e\u011fitim veren AFAD, s\u00fcre\u00e7 i\u00e7erisinde yakla\u015f\u0131k 200 polis \u00f6zel harekat\u0131na e\u011fitim verilmesi hedefleniyor. Ekipler, yap\u0131lacak \u00e7\u0131\u011f tatbikat\u0131yla e\u011fitimlerini tamamlayacak. E\u011fitimleri tamamlanan polisler ise muhtemel \u00e7\u0131\u011f facialar\u0131na kar\u015f\u0131 hem g\u00fcvenli\u011fi sa\u011flayacak hem de can kurtaracak.<\/p>\n","protected":false},"excerpt":{"rendered":"<p>Van\u2019da muhtemel \u00e7\u0131\u011f facialar\u0131nda can kay\u0131plar\u0131n\u0131n \u00f6nlenmesi amac\u0131yla emniyet te\u015fkilat\u0131nda g\u00f6revli Polis \u00d6zel Harekat (P\u00d6H) personeline arama kurtarmada g\u00f6rev almalar\u0131 i\u00e7in e\u011fitim veriliyor. Afet ve Acil Durum Y\u00f6netimi Ba\u015fkanl\u0131\u011f\u0131 (AFAD) taraf\u0131ndan \u00f6nceki y\u0131llarda Van\u2019da \u00e7\u0131\u011f b\u00f6lgelerinin fizibilite \u00e7al\u0131\u015fmas\u0131 ger\u00e7ekle\u015ftirilmi\u015f ve bu kapsamda Bah\u00e7esaray, \u00c7atak, Ba\u015fkale ve Muradiye il\u00e7elerinin \u00e7\u0131\u011f tehlikesi a\u00e7\u0131s\u0131ndan \u2018\u00e7ok riskli\u2019 oldu\u011fu tespit &hellip;<\/p>\n","protected":false},"author":2,"featured_media":1644,"comment_status":"open","ping_status":"closed","sticky":false,"template":"","format":"standard","meta":{"googlesitekit_rrm_CAowot3VCw:productID":"","footnotes":""},"categories":[1,24],"tags":[],"class_list":["post-1642","post","type-post","status-publish","format-standard","has-post-thumbnail","hentry","category-van-haber","category-van-haberleri"],"yoast_head":"<!-- This site is optimized with the Yoast SEO Premium plugin v21.7 (Yoast SEO v26.7) - https:\/\/yoast.com\/wordpress\/plugins\/seo\/ -->\n<title>Van Polisi&#039;ne \u00e7\u0131\u011f e\u011fitimi veriliyor - Van Haber | Van X Haber | Van Haberleri<\/title>\n<meta name=\"robots\" content=\"index, follow, max-snippet:-1, max-image-preview:large, max-video-preview:-1\" \/>\n<link rel=\"canonical\" href=\"https:\/\/vanxhaber.com\/index.php\/2024\/02\/09\/van-polisine-cig-egitimi-veriliyor\/\" \/>\n<meta property=\"og:locale\" content=\"tr_TR\" \/>\n<meta property=\"og:type\" content=\"article\" \/>\n<meta property=\"og:title\" content=\"Van Polisi&#039;ne \u00e7\u0131\u011f e\u011fitimi veriliyor\" \/>\n<meta property=\"og:description\" content=\"Van\u2019da muhtemel \u00e7\u0131\u011f facialar\u0131nda can kay\u0131plar\u0131n\u0131n \u00f6nlenmesi amac\u0131yla emniyet te\u015fkilat\u0131nda g\u00f6revli Polis \u00d6zel Harekat (P\u00d6H) personeline arama kurtarmada g\u00f6rev almalar\u0131 i\u00e7in e\u011fitim veriliyor. Afet ve Acil Durum Y\u00f6netimi Ba\u015fkanl\u0131\u011f\u0131 (AFAD) taraf\u0131ndan \u00f6nceki y\u0131llarda Van\u2019da \u00e7\u0131\u011f b\u00f6lgelerinin fizibilite \u00e7al\u0131\u015fmas\u0131 ger\u00e7ekle\u015ftirilmi\u015f ve bu kapsamda Bah\u00e7esaray, \u00c7atak, Ba\u015fkale ve Muradiye il\u00e7elerinin \u00e7\u0131\u011f tehlikesi a\u00e7\u0131s\u0131ndan \u2018\u00e7ok riskli\u2019 oldu\u011fu tespit &hellip;\" \/>\n<meta property=\"og:url\" content=\"https:\/\/vanxhaber.com\/index.php\/2024\/02\/09\/van-polisine-cig-egitimi-veriliyor\/\" \/>\n<meta property=\"og:site_name\" content=\"Van Haber | Van X Haber | Van Haberleri\" \/>\n<meta property=\"article:published_time\" content=\"2024-02-09T08:17:42+00:00\" \/>\n<meta property=\"article:modified_time\" content=\"2024-02-09T08:17:44+00:00\" \/>\n<meta property=\"og:image\" content=\"https:\/\/vanxhaber.com\/wp-content\/uploads\/2024\/02\/cig-egitimi.jpg\" \/>\n\t<meta property=\"og:image:width\" content=\"641\" \/>\n\t<meta property=\"og:image:height\" content=\"380\" \/>\n\t<meta property=\"og:image:type\" content=\"image\/jpeg\" \/>\n<meta name=\"author\" content=\"Van X Haber\" \/>\n<meta name=\"twitter:card\" content=\"summary_large_image\" \/>\n<meta name=\"twitter:label1\" content=\"Yazan:\" \/>\n\t<meta name=\"twitter:data1\" content=\"Van X Haber\" \/>\n\t<meta name=\"twitter:label2\" content=\"Tahmini okuma s\u00fcresi\" \/>\n\t<meta name=\"twitter:data2\" content=\"2 dakika\" \/>\n<script type=\"application\/ld+json\" class=\"yoast-schema-graph\">{\"@context\":\"https:\/\/schema.org\",\"@graph\":[{\"@type\":\"Article\",\"@id\":\"https:\/\/vanxhaber.com\/index.php\/2024\/02\/09\/van-polisine-cig-egitimi-veriliyor\/#article\",\"isPartOf\":{\"@id\":\"https:\/\/vanxhaber.com\/index.php\/2024\/02\/09\/van-polisine-cig-egitimi-veriliyor\/\"},\"author\":{\"name\":\"Van X Haber\",\"@id\":\"https:\/\/vanxhaber.com\/#\/schema\/person\/a5fd8d89510cb5370e62ad176f7978ee\"},\"headline\":\"Van Polisi&#8217;ne \u00e7\u0131\u011f e\u011fitimi veriliyor\",\"datePublished\":\"2024-02-09T08:17:42+00:00\",\"dateModified\":\"2024-02-09T08:17:44+00:00\",\"mainEntityOfPage\":{\"@id\":\"https:\/\/vanxhaber.com\/index.php\/2024\/02\/09\/van-polisine-cig-egitimi-veriliyor\/\"},\"wordCount\":229,\"commentCount\":0,\"image\":{\"@id\":\"https:\/\/vanxhaber.com\/index.php\/2024\/02\/09\/van-polisine-cig-egitimi-veriliyor\/#primaryimage\"},\"thumbnailUrl\":\"https:\/\/vanxhaber.com\/wp-content\/uploads\/2024\/02\/cig-egitimi.jpg\",\"articleSection\":[\"Van Haber\",\"Van Haberleri\"],\"inLanguage\":\"tr\",\"potentialAction\":[{\"@type\":\"CommentAction\",\"name\":\"Comment\",\"target\":[\"https:\/\/vanxhaber.com\/index.php\/2024\/02\/09\/van-polisine-cig-egitimi-veriliyor\/#respond\"]}],\"copyrightYear\":\"2024\",\"copyrightHolder\":{\"@id\":\"https:\/\/vanxhaber.com\/#organization\"}},{\"@type\":\"WebPage\",\"@id\":\"https:\/\/vanxhaber.com\/index.php\/2024\/02\/09\/van-polisine-cig-egitimi-veriliyor\/\",\"url\":\"https:\/\/vanxhaber.com\/index.php\/2024\/02\/09\/van-polisine-cig-egitimi-veriliyor\/\",\"name\":\"Van Polisi'ne \u00e7\u0131\u011f e\u011fitimi veriliyor - Van Haber | Van X Haber | Van Haberleri\",\"isPartOf\":{\"@id\":\"https:\/\/vanxhaber.com\/#website\"},\"primaryImageOfPage\":{\"@id\":\"https:\/\/vanxhaber.com\/index.php\/2024\/02\/09\/van-polisine-cig-egitimi-veriliyor\/#primaryimage\"},\"image\":{\"@id\":\"https:\/\/vanxhaber.com\/index.php\/2024\/02\/09\/van-polisine-cig-egitimi-veriliyor\/#primaryimage\"},\"thumbnailUrl\":\"https:\/\/vanxhaber.com\/wp-content\/uploads\/2024\/02\/cig-egitimi.jpg\",\"datePublished\":\"2024-02-09T08:17:42+00:00\",\"dateModified\":\"2024-02-09T08:17:44+00:00\",\"author\":{\"@id\":\"https:\/\/vanxhaber.com\/#\/schema\/person\/a5fd8d89510cb5370e62ad176f7978ee\"},\"breadcrumb\":{\"@id\":\"https:\/\/vanxhaber.com\/index.php\/2024\/02\/09\/van-polisine-cig-egitimi-veriliyor\/#breadcrumb\"},\"inLanguage\":\"tr\",\"potentialAction\":[{\"@type\":\"ReadAction\",\"target\":[\"https:\/\/vanxhaber.com\/index.php\/2024\/02\/09\/van-polisine-cig-egitimi-veriliyor\/\"]}]},{\"@type\":\"ImageObject\",\"inLanguage\":\"tr\",\"@id\":\"https:\/\/vanxhaber.com\/index.php\/2024\/02\/09\/van-polisine-cig-egitimi-veriliyor\/#primaryimage\",\"url\":\"https:\/\/vanxhaber.com\/wp-content\/uploads\/2024\/02\/cig-egitimi.jpg\",\"contentUrl\":\"https:\/\/vanxhaber.com\/wp-content\/uploads\/2024\/02\/cig-egitimi.jpg\",\"width\":641,\"height\":380},{\"@type\":\"BreadcrumbList\",\"@id\":\"https:\/\/vanxhaber.com\/index.php\/2024\/02\/09\/van-polisine-cig-egitimi-veriliyor\/#breadcrumb\",\"itemListElement\":[{\"@type\":\"ListItem\",\"position\":1,\"name\":\"Anasayfa\",\"item\":\"https:\/\/vanxhaber.com\/\"},{\"@type\":\"ListItem\",\"position\":2,\"name\":\"Van Polisi&#8217;ne \u00e7\u0131\u011f e\u011fitimi veriliyor\"}]},{\"@type\":\"WebSite\",\"@id\":\"https:\/\/vanxhaber.com\/#website\",\"url\":\"https:\/\/vanxhaber.com\/\",\"name\":\"Van Haber | Van X Haber | Van Haberleri\",\"description\":\"Van Haber, Van&#039;\u0131n ilk yapay zeka teknolojileri ile yaz\u0131lan Van X Haber ve Van Haberlerini aktif g\u00fcncel sunan tek vanhaber merkezidir.\",\"potentialAction\":[{\"@type\":\"SearchAction\",\"target\":{\"@type\":\"EntryPoint\",\"urlTemplate\":\"https:\/\/vanxhaber.com\/?s={search_term_string}\"},\"query-input\":{\"@type\":\"PropertyValueSpecification\",\"valueRequired\":true,\"valueName\":\"search_term_string\"}}],\"inLanguage\":\"tr\"},{\"@type\":\"Person\",\"@id\":\"https:\/\/vanxhaber.com\/#\/schema\/person\/a5fd8d89510cb5370e62ad176f7978ee\",\"name\":\"Van X Haber\",\"image\":{\"@type\":\"ImageObject\",\"inLanguage\":\"tr\",\"@id\":\"https:\/\/vanxhaber.com\/#\/schema\/person\/image\/\",\"url\":\"https:\/\/secure.gravatar.com\/avatar\/36f2f63826681263103acb5ca1e7bc1a6db11baea9b75dd091d89b74f2704b07?s=96&d=mm&r=g\",\"contentUrl\":\"https:\/\/secure.gravatar.com\/avatar\/36f2f63826681263103acb5ca1e7bc1a6db11baea9b75dd091d89b74f2704b07?s=96&d=mm&r=g\",\"caption\":\"Van X Haber\"},\"description\":\"Van X Haber Van'\u0131n ilk ve tek yeni nesil Van Haber merkezi. Son Dakika Van Haberleri ve G\u00fcncel Van haber merkezinde s\u0131cak geli\u015fmeleri aktarmaya devam edece\u011fiz.\",\"url\":\"https:\/\/vanxhaber.com\/index.php\/author\/vangazetesi\/\"}]}<\/script>\n<!-- \/ Yoast SEO Premium plugin. -->","yoast_head_json":{"title":"Van Polisi'ne \u00e7\u0131\u011f e\u011fitimi veriliyor - Van Haber | Van X Haber | Van Haberleri","robots":{"index":"index","follow":"follow","max-snippet":"max-snippet:-1","max-image-preview":"max-image-preview:large","max-video-preview":"max-video-preview:-1"},"canonical":"https:\/\/vanxhaber.com\/index.php\/2024\/02\/09\/van-polisine-cig-egitimi-veriliyor\/","og_locale":"tr_TR","og_type":"article","og_title":"Van Polisi'ne \u00e7\u0131\u011f e\u011fitimi veriliyor","og_description":"Van\u2019da muhtemel \u00e7\u0131\u011f facialar\u0131nda can kay\u0131plar\u0131n\u0131n \u00f6nlenmesi amac\u0131yla emniyet te\u015fkilat\u0131nda g\u00f6revli Polis \u00d6zel Harekat (P\u00d6H) personeline arama kurtarmada g\u00f6rev almalar\u0131 i\u00e7in e\u011fitim veriliyor. Afet ve Acil Durum Y\u00f6netimi Ba\u015fkanl\u0131\u011f\u0131 (AFAD) taraf\u0131ndan \u00f6nceki y\u0131llarda Van\u2019da \u00e7\u0131\u011f b\u00f6lgelerinin fizibilite \u00e7al\u0131\u015fmas\u0131 ger\u00e7ekle\u015ftirilmi\u015f ve bu kapsamda Bah\u00e7esaray, \u00c7atak, Ba\u015fkale ve Muradiye il\u00e7elerinin \u00e7\u0131\u011f tehlikesi a\u00e7\u0131s\u0131ndan \u2018\u00e7ok riskli\u2019 oldu\u011fu tespit &hellip;","og_url":"https:\/\/vanxhaber.com\/index.php\/2024\/02\/09\/van-polisine-cig-egitimi-veriliyor\/","og_site_name":"Van Haber | Van X Haber | Van Haberleri","article_published_time":"2024-02-09T08:17:42+00:00","article_modified_time":"2024-02-09T08:17:44+00:00","og_image":[{"width":641,"height":380,"url":"https:\/\/vanxhaber.com\/wp-content\/uploads\/2024\/02\/cig-egitimi.jpg","type":"image\/jpeg"}],"author":"Van X Haber","twitter_card":"summary_large_image","twitter_misc":{"Yazan:":"Van X Haber","Tahmini okuma s\u00fcresi":"2 dakika"},"schema":{"@context":"https:\/\/schema.org","@graph":[{"@type":"Article","@id":"https:\/\/vanxhaber.com\/index.php\/2024\/02\/09\/van-polisine-cig-egitimi-veriliyor\/#article","isPartOf":{"@id":"https:\/\/vanxhaber.com\/index.php\/2024\/02\/09\/van-polisine-cig-egitimi-veriliyor\/"},"author":{"name":"Van X Haber","@id":"https:\/\/vanxhaber.com\/#\/schema\/person\/a5fd8d89510cb5370e62ad176f7978ee"},"headline":"Van Polisi&#8217;ne \u00e7\u0131\u011f e\u011fitimi veriliyor","datePublished":"2024-02-09T08:17:42+00:00","dateModified":"2024-02-09T08:17:44+00:00","mainEntityOfPage":{"@id":"https:\/\/vanxhaber.com\/index.php\/2024\/02\/09\/van-polisine-cig-egitimi-veriliyor\/"},"wordCount":229,"commentCount":0,"image":{"@id":"https:\/\/vanxhaber.com\/index.php\/2024\/02\/09\/van-polisine-cig-egitimi-veriliyor\/#primaryimage"},"thumbnailUrl":"https:\/\/vanxhaber.com\/wp-content\/uploads\/2024\/02\/cig-egitimi.jpg","articleSection":["Van Haber","Van Haberleri"],"inLanguage":"tr","potentialAction":[{"@type":"CommentAction","name":"Comment","target":["https:\/\/vanxhaber.com\/index.php\/2024\/02\/09\/van-polisine-cig-egitimi-veriliyor\/#respond"]}],"copyrightYear":"2024","copyrightHolder":{"@id":"https:\/\/vanxhaber.com\/#organization"}},{"@type":"WebPage","@id":"https:\/\/vanxhaber.com\/index.php\/2024\/02\/09\/van-polisine-cig-egitimi-veriliyor\/","url":"https:\/\/vanxhaber.com\/index.php\/2024\/02\/09\/van-polisine-cig-egitimi-veriliyor\/","name":"Van Polisi'ne \u00e7\u0131\u011f e\u011fitimi veriliyor - Van Haber | Van X Haber | Van Haberleri","isPartOf":{"@id":"https:\/\/vanxhaber.com\/#website"},"primaryImageOfPage":{"@id":"https:\/\/vanxhaber.com\/index.php\/2024\/02\/09\/van-polisine-cig-egitimi-veriliyor\/#primaryimage"},"image":{"@id":"https:\/\/vanxhaber.com\/index.php\/2024\/02\/09\/van-polisine-cig-egitimi-veriliyor\/#primaryimage"},"thumbnailUrl":"https:\/\/vanxhaber.com\/wp-content\/uploads\/2024\/02\/cig-egitimi.jpg","datePublished":"2024-02-09T08:17:42+00:00","dateModified":"2024-02-09T08:17:44+00:00","author":{"@id":"https:\/\/vanxhaber.com\/#\/schema\/person\/a5fd8d89510cb5370e62ad176f7978ee"},"breadcrumb":{"@id":"https:\/\/vanxhaber.com\/index.php\/2024\/02\/09\/van-polisine-cig-egitimi-veriliyor\/#breadcrumb"},"inLanguage":"tr","potentialAction":[{"@type":"ReadAction","target":["https:\/\/vanxhaber.com\/index.php\/2024\/02\/09\/van-polisine-cig-egitimi-veriliyor\/"]}]},{"@type":"ImageObject","inLanguage":"tr","@id":"https:\/\/vanxhaber.com\/index.php\/2024\/02\/09\/van-polisine-cig-egitimi-veriliyor\/#primaryimage","url":"https:\/\/vanxhaber.com\/wp-content\/uploads\/2024\/02\/cig-egitimi.jpg","contentUrl":"https:\/\/vanxhaber.com\/wp-content\/uploads\/2024\/02\/cig-egitimi.jpg","width":641,"height":380},{"@type":"BreadcrumbList","@id":"https:\/\/vanxhaber.com\/index.php\/2024\/02\/09\/van-polisine-cig-egitimi-veriliyor\/#breadcrumb","itemListElement":[{"@type":"ListItem","position":1,"name":"Anasayfa","item":"https:\/\/vanxhaber.com\/"},{"@type":"ListItem","position":2,"name":"Van Polisi&#8217;ne \u00e7\u0131\u011f e\u011fitimi veriliyor"}]},{"@type":"WebSite","@id":"https:\/\/vanxhaber.com\/#website","url":"https:\/\/vanxhaber.com\/","name":"Van Haber | Van X Haber | Van Haberleri","description":"Van Haber, Van&#039;\u0131n ilk yapay zeka teknolojileri ile yaz\u0131lan Van X Haber ve Van Haberlerini aktif g\u00fcncel sunan tek vanhaber merkezidir.","potentialAction":[{"@type":"SearchAction","target":{"@type":"EntryPoint","urlTemplate":"https:\/\/vanxhaber.com\/?s={search_term_string}"},"query-input":{"@type":"PropertyValueSpecification","valueRequired":true,"valueName":"search_term_string"}}],"inLanguage":"tr"},{"@type":"Person","@id":"https:\/\/vanxhaber.com\/#\/schema\/person\/a5fd8d89510cb5370e62ad176f7978ee","name":"Van X Haber","image":{"@type":"ImageObject","inLanguage":"tr","@id":"https:\/\/vanxhaber.com\/#\/schema\/person\/image\/","url":"https:\/\/secure.gravatar.com\/avatar\/36f2f63826681263103acb5ca1e7bc1a6db11baea9b75dd091d89b74f2704b07?s=96&d=mm&r=g","contentUrl":"https:\/\/secure.gravatar.com\/avatar\/36f2f63826681263103acb5ca1e7bc1a6db11baea9b75dd091d89b74f2704b07?s=96&d=mm&r=g","caption":"Van X Haber"},"description":"Van X Haber Van'\u0131n ilk ve tek yeni nesil Van Haber merkezi. Son Dakika Van Haberleri ve G\u00fcncel Van haber merkezinde s\u0131cak geli\u015fmeleri aktarmaya devam edece\u011fiz.","url":"https:\/\/vanxhaber.com\/index.php\/author\/vangazetesi\/"}]}},"_links":{"self":[{"href":"https:\/\/vanxhaber.com\/index.php\/wp-json\/wp\/v2\/posts\/1642","targetHints":{"allow":["GET"]}}],"collection":[{"href":"https:\/\/vanxhaber.com\/index.php\/wp-json\/wp\/v2\/posts"}],"about":[{"href":"https:\/\/vanxhaber.com\/index.php\/wp-json\/wp\/v2\/types\/post"}],"author":[{"embeddable":true,"href":"https:\/\/vanxhaber.com\/index.php\/wp-json\/wp\/v2\/users\/2"}],"replies":[{"embeddable":true,"href":"https:\/\/vanxhaber.com\/index.php\/wp-json\/wp\/v2\/comments?post=1642"}],"version-history":[{"count":1,"href":"https:\/\/vanxhaber.com\/index.php\/wp-json\/wp\/v2\/posts\/1642\/revisions"}],"predecessor-version":[{"id":1645,"href":"https:\/\/vanxhaber.com\/index.php\/wp-json\/wp\/v2\/posts\/1642\/revisions\/1645"}],"wp:featuredmedia":[{"embeddable":true,"href":"https:\/\/vanxhaber.com\/index.php\/wp-json\/wp\/v2\/media\/1644"}],"wp:attachment":[{"href":"https:\/\/vanxhaber.com\/index.php\/wp-json\/wp\/v2\/media?parent=1642"}],"wp:term":[{"taxonomy":"category","embeddable":true,"href":"https:\/\/vanxhaber.com\/index.php\/wp-json\/wp\/v2\/categories?post=1642"},{"taxonomy":"post_tag","embeddable":true,"href":"https:\/\/vanxhaber.com\/index.php\/wp-json\/wp\/v2\/tags?post=1642"}],"curies":[{"name":"wp","href":"https:\/\/api.w.org\/{rel}","templated":true}]}}