{"id":1650,"date":"2024-02-09T08:39:35","date_gmt":"2024-02-09T08:39:35","guid":{"rendered":"https:\/\/vanxhaber.com\/?p=1650"},"modified":"2024-02-09T08:39:37","modified_gmt":"2024-02-09T08:39:37","slug":"iranlilar-her-firsatta-vani-es-gecmiyorlar","status":"publish","type":"post","link":"https:\/\/vanxhaber.com\/index.php\/2024\/02\/09\/iranlilar-her-firsatta-vani-es-gecmiyorlar\/","title":{"rendered":"\u0130ranl\u0131lar her f\u0131rsatta Van&#8217;\u0131 es ge\u00e7miyorlar"},"content":{"rendered":"\n<p><strong>\u0130ranl\u0131 turistler, \u00fclkelerindeki 4 g\u00fcnl\u00fck tatili de\u011ferlendirmek i\u00e7in Van&#8217;a ak\u0131n etti. <\/strong>Van, \u0130ran ile en uzun kara s\u0131n\u0131r\u0131na sahip oldu\u011fu i\u00e7in \u00f6zellikle \u0130ranl\u0131 turistlerin ilgisini \u00e7ekiyor. \u0130ranl\u0131 turistlerin Van&#8217;a akmas\u0131yla birlikte oteller y\u00fczde y\u00fcze yak\u0131n doluluk oran\u0131na ula\u015ft\u0131. G\u00fcnd\u00fczleri \u015fehrin tarihi ve turistik yerlerini gezen \u0130ranl\u0131lar, gece ise e\u011flence merkezlerinde tatilin keyfini \u00e7\u0131kar\u0131yor. \u0130ranl\u0131 turistler, Van&#8217;\u0131 ve Van insan\u0131n\u0131 \u00e7ok sevdiklerini belirtti.<\/p>\n\n\n\n<p>\u0130ranl\u0131 turistler, \u00fclkelerindeki 4 g\u00fcnl\u00fck tatili de\u011ferlendirmek i\u00e7in Van&#8217;a ak\u0131n etti. Van, \u0130ran ile en uzun kara s\u0131n\u0131r\u0131na sahip oldu\u011fu i\u00e7in \u00f6zellikle \u0130ranl\u0131 turistlerin ilgisini \u00e7ekiyor. \u0130ranl\u0131 turistlerin Van&#8217;a akmas\u0131yla birlikte oteller y\u00fczde y\u00fcze yak\u0131n doluluk oran\u0131na ula\u015ft\u0131. G\u00fcnd\u00fczleri \u015fehrin tarihi ve turistik yerlerini gezen \u0130ranl\u0131lar, gece ise e\u011flence merkezlerinde tatilin keyfini \u00e7\u0131kar\u0131yor. \u0130ranl\u0131 turistler, Van&#8217;\u0131 ve Van insan\u0131n\u0131 \u00e7ok sevdiklerini belirtti.<\/p>\n","protected":false},"excerpt":{"rendered":"<p>\u0130ranl\u0131 turistler, \u00fclkelerindeki 4 g\u00fcnl\u00fck tatili de\u011ferlendirmek i\u00e7in Van&#8217;a ak\u0131n etti. Van, \u0130ran ile en uzun kara s\u0131n\u0131r\u0131na sahip oldu\u011fu i\u00e7in \u00f6zellikle \u0130ranl\u0131 turistlerin ilgisini \u00e7ekiyor. \u0130ranl\u0131 turistlerin Van&#8217;a akmas\u0131yla birlikte oteller y\u00fczde y\u00fcze yak\u0131n doluluk oran\u0131na ula\u015ft\u0131. G\u00fcnd\u00fczleri \u015fehrin tarihi ve turistik yerlerini gezen \u0130ranl\u0131lar, gece ise e\u011flence merkezlerinde tatilin keyfini \u00e7\u0131kar\u0131yor. \u0130ranl\u0131 turistler, &hellip;<\/p>\n","protected":false},"author":2,"featured_media":1652,"comment_status":"open","ping_status":"closed","sticky":false,"template":"","format":"standard","meta":{"googlesitekit_rrm_CAowot3VCw:productID":"","footnotes":""},"categories":[1,24],"tags":[],"class_list":["post-1650","post","type-post","status-publish","format-standard","has-post-thumbnail","hentry","category-van-haber","category-van-haberleri"],"yoast_head":"<!-- This site is optimized with the Yoast SEO Premium plugin v21.7 (Yoast SEO v26.7) - https:\/\/yoast.com\/wordpress\/plugins\/seo\/ -->\n<title>\u0130ranl\u0131lar her f\u0131rsatta Van&#039;\u0131 es ge\u00e7miyorlar - Van Haber | Van X Haber | Van Haberleri<\/title>\n<meta name=\"robots\" content=\"index, follow, max-snippet:-1, max-image-preview:large, max-video-preview:-1\" \/>\n<link rel=\"canonical\" href=\"https:\/\/vanxhaber.com\/index.php\/2024\/02\/09\/iranlilar-her-firsatta-vani-es-gecmiyorlar\/\" \/>\n<meta property=\"og:locale\" content=\"tr_TR\" \/>\n<meta property=\"og:type\" content=\"article\" \/>\n<meta property=\"og:title\" content=\"\u0130ranl\u0131lar her f\u0131rsatta Van&#039;\u0131 es ge\u00e7miyorlar\" \/>\n<meta property=\"og:description\" content=\"\u0130ranl\u0131 turistler, \u00fclkelerindeki 4 g\u00fcnl\u00fck tatili de\u011ferlendirmek i\u00e7in Van&#8217;a ak\u0131n etti. Van, \u0130ran ile en uzun kara s\u0131n\u0131r\u0131na sahip oldu\u011fu i\u00e7in \u00f6zellikle \u0130ranl\u0131 turistlerin ilgisini \u00e7ekiyor. \u0130ranl\u0131 turistlerin Van&#8217;a akmas\u0131yla birlikte oteller y\u00fczde y\u00fcze yak\u0131n doluluk oran\u0131na ula\u015ft\u0131. G\u00fcnd\u00fczleri \u015fehrin tarihi ve turistik yerlerini gezen \u0130ranl\u0131lar, gece ise e\u011flence merkezlerinde tatilin keyfini \u00e7\u0131kar\u0131yor. \u0130ranl\u0131 turistler, &hellip;\" \/>\n<meta property=\"og:url\" content=\"https:\/\/vanxhaber.com\/index.php\/2024\/02\/09\/iranlilar-her-firsatta-vani-es-gecmiyorlar\/\" \/>\n<meta property=\"og:site_name\" content=\"Van Haber | Van X Haber | Van Haberleri\" \/>\n<meta property=\"article:published_time\" content=\"2024-02-09T08:39:35+00:00\" \/>\n<meta property=\"article:modified_time\" content=\"2024-02-09T08:39:37+00:00\" \/>\n<meta property=\"og:image\" content=\"https:\/\/vanxhaber.com\/wp-content\/uploads\/2024\/02\/IRANLI-TURIST.jpg\" \/>\n\t<meta property=\"og:image:width\" content=\"641\" \/>\n\t<meta property=\"og:image:height\" content=\"380\" \/>\n\t<meta property=\"og:image:type\" content=\"image\/jpeg\" \/>\n<meta name=\"author\" content=\"Van X Haber\" \/>\n<meta name=\"twitter:card\" content=\"summary_large_image\" \/>\n<meta name=\"twitter:label1\" content=\"Yazan:\" \/>\n\t<meta name=\"twitter:data1\" content=\"Van X Haber\" \/>\n\t<meta name=\"twitter:label2\" content=\"Tahmini okuma s\u00fcresi\" \/>\n\t<meta name=\"twitter:data2\" content=\"1 dakika\" \/>\n<script type=\"application\/ld+json\" class=\"yoast-schema-graph\">{\"@context\":\"https:\/\/schema.org\",\"@graph\":[{\"@type\":\"Article\",\"@id\":\"https:\/\/vanxhaber.com\/index.php\/2024\/02\/09\/iranlilar-her-firsatta-vani-es-gecmiyorlar\/#article\",\"isPartOf\":{\"@id\":\"https:\/\/vanxhaber.com\/index.php\/2024\/02\/09\/iranlilar-her-firsatta-vani-es-gecmiyorlar\/\"},\"author\":{\"name\":\"Van X Haber\",\"@id\":\"https:\/\/vanxhaber.com\/#\/schema\/person\/a5fd8d89510cb5370e62ad176f7978ee\"},\"headline\":\"\u0130ranl\u0131lar her f\u0131rsatta Van&#8217;\u0131 es ge\u00e7miyorlar\",\"datePublished\":\"2024-02-09T08:39:35+00:00\",\"dateModified\":\"2024-02-09T08:39:37+00:00\",\"mainEntityOfPage\":{\"@id\":\"https:\/\/vanxhaber.com\/index.php\/2024\/02\/09\/iranlilar-her-firsatta-vani-es-gecmiyorlar\/\"},\"wordCount\":179,\"commentCount\":0,\"image\":{\"@id\":\"https:\/\/vanxhaber.com\/index.php\/2024\/02\/09\/iranlilar-her-firsatta-vani-es-gecmiyorlar\/#primaryimage\"},\"thumbnailUrl\":\"https:\/\/vanxhaber.com\/wp-content\/uploads\/2024\/02\/IRANLI-TURIST.jpg\",\"articleSection\":[\"Van Haber\",\"Van Haberleri\"],\"inLanguage\":\"tr\",\"potentialAction\":[{\"@type\":\"CommentAction\",\"name\":\"Comment\",\"target\":[\"https:\/\/vanxhaber.com\/index.php\/2024\/02\/09\/iranlilar-her-firsatta-vani-es-gecmiyorlar\/#respond\"]}],\"copyrightYear\":\"2024\",\"copyrightHolder\":{\"@id\":\"https:\/\/vanxhaber.com\/#organization\"}},{\"@type\":\"WebPage\",\"@id\":\"https:\/\/vanxhaber.com\/index.php\/2024\/02\/09\/iranlilar-her-firsatta-vani-es-gecmiyorlar\/\",\"url\":\"https:\/\/vanxhaber.com\/index.php\/2024\/02\/09\/iranlilar-her-firsatta-vani-es-gecmiyorlar\/\",\"name\":\"\u0130ranl\u0131lar her f\u0131rsatta Van'\u0131 es ge\u00e7miyorlar - Van Haber | Van X Haber | Van Haberleri\",\"isPartOf\":{\"@id\":\"https:\/\/vanxhaber.com\/#website\"},\"primaryImageOfPage\":{\"@id\":\"https:\/\/vanxhaber.com\/index.php\/2024\/02\/09\/iranlilar-her-firsatta-vani-es-gecmiyorlar\/#primaryimage\"},\"image\":{\"@id\":\"https:\/\/vanxhaber.com\/index.php\/2024\/02\/09\/iranlilar-her-firsatta-vani-es-gecmiyorlar\/#primaryimage\"},\"thumbnailUrl\":\"https:\/\/vanxhaber.com\/wp-content\/uploads\/2024\/02\/IRANLI-TURIST.jpg\",\"datePublished\":\"2024-02-09T08:39:35+00:00\",\"dateModified\":\"2024-02-09T08:39:37+00:00\",\"author\":{\"@id\":\"https:\/\/vanxhaber.com\/#\/schema\/person\/a5fd8d89510cb5370e62ad176f7978ee\"},\"breadcrumb\":{\"@id\":\"https:\/\/vanxhaber.com\/index.php\/2024\/02\/09\/iranlilar-her-firsatta-vani-es-gecmiyorlar\/#breadcrumb\"},\"inLanguage\":\"tr\",\"potentialAction\":[{\"@type\":\"ReadAction\",\"target\":[\"https:\/\/vanxhaber.com\/index.php\/2024\/02\/09\/iranlilar-her-firsatta-vani-es-gecmiyorlar\/\"]}]},{\"@type\":\"ImageObject\",\"inLanguage\":\"tr\",\"@id\":\"https:\/\/vanxhaber.com\/index.php\/2024\/02\/09\/iranlilar-her-firsatta-vani-es-gecmiyorlar\/#primaryimage\",\"url\":\"https:\/\/vanxhaber.com\/wp-content\/uploads\/2024\/02\/IRANLI-TURIST.jpg\",\"contentUrl\":\"https:\/\/vanxhaber.com\/wp-content\/uploads\/2024\/02\/IRANLI-TURIST.jpg\",\"width\":641,\"height\":380},{\"@type\":\"BreadcrumbList\",\"@id\":\"https:\/\/vanxhaber.com\/index.php\/2024\/02\/09\/iranlilar-her-firsatta-vani-es-gecmiyorlar\/#breadcrumb\",\"itemListElement\":[{\"@type\":\"ListItem\",\"position\":1,\"name\":\"Anasayfa\",\"item\":\"https:\/\/vanxhaber.com\/\"},{\"@type\":\"ListItem\",\"position\":2,\"name\":\"\u0130ranl\u0131lar her f\u0131rsatta Van&#8217;\u0131 es ge\u00e7miyorlar\"}]},{\"@type\":\"WebSite\",\"@id\":\"https:\/\/vanxhaber.com\/#website\",\"url\":\"https:\/\/vanxhaber.com\/\",\"name\":\"Van Haber | Van X Haber | Van Haberleri\",\"description\":\"Van Haber, Van&#039;\u0131n ilk yapay zeka teknolojileri ile yaz\u0131lan Van X Haber ve Van Haberlerini aktif g\u00fcncel sunan tek vanhaber merkezidir.\",\"potentialAction\":[{\"@type\":\"SearchAction\",\"target\":{\"@type\":\"EntryPoint\",\"urlTemplate\":\"https:\/\/vanxhaber.com\/?s={search_term_string}\"},\"query-input\":{\"@type\":\"PropertyValueSpecification\",\"valueRequired\":true,\"valueName\":\"search_term_string\"}}],\"inLanguage\":\"tr\"},{\"@type\":\"Person\",\"@id\":\"https:\/\/vanxhaber.com\/#\/schema\/person\/a5fd8d89510cb5370e62ad176f7978ee\",\"name\":\"Van X Haber\",\"image\":{\"@type\":\"ImageObject\",\"inLanguage\":\"tr\",\"@id\":\"https:\/\/vanxhaber.com\/#\/schema\/person\/image\/\",\"url\":\"https:\/\/secure.gravatar.com\/avatar\/36f2f63826681263103acb5ca1e7bc1a6db11baea9b75dd091d89b74f2704b07?s=96&d=mm&r=g\",\"contentUrl\":\"https:\/\/secure.gravatar.com\/avatar\/36f2f63826681263103acb5ca1e7bc1a6db11baea9b75dd091d89b74f2704b07?s=96&d=mm&r=g\",\"caption\":\"Van X Haber\"},\"description\":\"Van X Haber Van'\u0131n ilk ve tek yeni nesil Van Haber merkezi. Son Dakika Van Haberleri ve G\u00fcncel Van haber merkezinde s\u0131cak geli\u015fmeleri aktarmaya devam edece\u011fiz.\",\"url\":\"https:\/\/vanxhaber.com\/index.php\/author\/vangazetesi\/\"}]}<\/script>\n<!-- \/ Yoast SEO Premium plugin. -->","yoast_head_json":{"title":"\u0130ranl\u0131lar her f\u0131rsatta Van'\u0131 es ge\u00e7miyorlar - Van Haber | Van X Haber | Van Haberleri","robots":{"index":"index","follow":"follow","max-snippet":"max-snippet:-1","max-image-preview":"max-image-preview:large","max-video-preview":"max-video-preview:-1"},"canonical":"https:\/\/vanxhaber.com\/index.php\/2024\/02\/09\/iranlilar-her-firsatta-vani-es-gecmiyorlar\/","og_locale":"tr_TR","og_type":"article","og_title":"\u0130ranl\u0131lar her f\u0131rsatta Van'\u0131 es ge\u00e7miyorlar","og_description":"\u0130ranl\u0131 turistler, \u00fclkelerindeki 4 g\u00fcnl\u00fck tatili de\u011ferlendirmek i\u00e7in Van&#8217;a ak\u0131n etti. Van, \u0130ran ile en uzun kara s\u0131n\u0131r\u0131na sahip oldu\u011fu i\u00e7in \u00f6zellikle \u0130ranl\u0131 turistlerin ilgisini \u00e7ekiyor. \u0130ranl\u0131 turistlerin Van&#8217;a akmas\u0131yla birlikte oteller y\u00fczde y\u00fcze yak\u0131n doluluk oran\u0131na ula\u015ft\u0131. G\u00fcnd\u00fczleri \u015fehrin tarihi ve turistik yerlerini gezen \u0130ranl\u0131lar, gece ise e\u011flence merkezlerinde tatilin keyfini \u00e7\u0131kar\u0131yor. \u0130ranl\u0131 turistler, &hellip;","og_url":"https:\/\/vanxhaber.com\/index.php\/2024\/02\/09\/iranlilar-her-firsatta-vani-es-gecmiyorlar\/","og_site_name":"Van Haber | Van X Haber | Van Haberleri","article_published_time":"2024-02-09T08:39:35+00:00","article_modified_time":"2024-02-09T08:39:37+00:00","og_image":[{"width":641,"height":380,"url":"https:\/\/vanxhaber.com\/wp-content\/uploads\/2024\/02\/IRANLI-TURIST.jpg","type":"image\/jpeg"}],"author":"Van X Haber","twitter_card":"summary_large_image","twitter_misc":{"Yazan:":"Van X Haber","Tahmini okuma s\u00fcresi":"1 dakika"},"schema":{"@context":"https:\/\/schema.org","@graph":[{"@type":"Article","@id":"https:\/\/vanxhaber.com\/index.php\/2024\/02\/09\/iranlilar-her-firsatta-vani-es-gecmiyorlar\/#article","isPartOf":{"@id":"https:\/\/vanxhaber.com\/index.php\/2024\/02\/09\/iranlilar-her-firsatta-vani-es-gecmiyorlar\/"},"author":{"name":"Van X Haber","@id":"https:\/\/vanxhaber.com\/#\/schema\/person\/a5fd8d89510cb5370e62ad176f7978ee"},"headline":"\u0130ranl\u0131lar her f\u0131rsatta Van&#8217;\u0131 es ge\u00e7miyorlar","datePublished":"2024-02-09T08:39:35+00:00","dateModified":"2024-02-09T08:39:37+00:00","mainEntityOfPage":{"@id":"https:\/\/vanxhaber.com\/index.php\/2024\/02\/09\/iranlilar-her-firsatta-vani-es-gecmiyorlar\/"},"wordCount":179,"commentCount":0,"image":{"@id":"https:\/\/vanxhaber.com\/index.php\/2024\/02\/09\/iranlilar-her-firsatta-vani-es-gecmiyorlar\/#primaryimage"},"thumbnailUrl":"https:\/\/vanxhaber.com\/wp-content\/uploads\/2024\/02\/IRANLI-TURIST.jpg","articleSection":["Van Haber","Van Haberleri"],"inLanguage":"tr","potentialAction":[{"@type":"CommentAction","name":"Comment","target":["https:\/\/vanxhaber.com\/index.php\/2024\/02\/09\/iranlilar-her-firsatta-vani-es-gecmiyorlar\/#respond"]}],"copyrightYear":"2024","copyrightHolder":{"@id":"https:\/\/vanxhaber.com\/#organization"}},{"@type":"WebPage","@id":"https:\/\/vanxhaber.com\/index.php\/2024\/02\/09\/iranlilar-her-firsatta-vani-es-gecmiyorlar\/","url":"https:\/\/vanxhaber.com\/index.php\/2024\/02\/09\/iranlilar-her-firsatta-vani-es-gecmiyorlar\/","name":"\u0130ranl\u0131lar her f\u0131rsatta Van'\u0131 es ge\u00e7miyorlar - Van Haber | Van X Haber | Van Haberleri","isPartOf":{"@id":"https:\/\/vanxhaber.com\/#website"},"primaryImageOfPage":{"@id":"https:\/\/vanxhaber.com\/index.php\/2024\/02\/09\/iranlilar-her-firsatta-vani-es-gecmiyorlar\/#primaryimage"},"image":{"@id":"https:\/\/vanxhaber.com\/index.php\/2024\/02\/09\/iranlilar-her-firsatta-vani-es-gecmiyorlar\/#primaryimage"},"thumbnailUrl":"https:\/\/vanxhaber.com\/wp-content\/uploads\/2024\/02\/IRANLI-TURIST.jpg","datePublished":"2024-02-09T08:39:35+00:00","dateModified":"2024-02-09T08:39:37+00:00","author":{"@id":"https:\/\/vanxhaber.com\/#\/schema\/person\/a5fd8d89510cb5370e62ad176f7978ee"},"breadcrumb":{"@id":"https:\/\/vanxhaber.com\/index.php\/2024\/02\/09\/iranlilar-her-firsatta-vani-es-gecmiyorlar\/#breadcrumb"},"inLanguage":"tr","potentialAction":[{"@type":"ReadAction","target":["https:\/\/vanxhaber.com\/index.php\/2024\/02\/09\/iranlilar-her-firsatta-vani-es-gecmiyorlar\/"]}]},{"@type":"ImageObject","inLanguage":"tr","@id":"https:\/\/vanxhaber.com\/index.php\/2024\/02\/09\/iranlilar-her-firsatta-vani-es-gecmiyorlar\/#primaryimage","url":"https:\/\/vanxhaber.com\/wp-content\/uploads\/2024\/02\/IRANLI-TURIST.jpg","contentUrl":"https:\/\/vanxhaber.com\/wp-content\/uploads\/2024\/02\/IRANLI-TURIST.jpg","width":641,"height":380},{"@type":"BreadcrumbList","@id":"https:\/\/vanxhaber.com\/index.php\/2024\/02\/09\/iranlilar-her-firsatta-vani-es-gecmiyorlar\/#breadcrumb","itemListElement":[{"@type":"ListItem","position":1,"name":"Anasayfa","item":"https:\/\/vanxhaber.com\/"},{"@type":"ListItem","position":2,"name":"\u0130ranl\u0131lar her f\u0131rsatta Van&#8217;\u0131 es ge\u00e7miyorlar"}]},{"@type":"WebSite","@id":"https:\/\/vanxhaber.com\/#website","url":"https:\/\/vanxhaber.com\/","name":"Van Haber | Van X Haber | Van Haberleri","description":"Van Haber, Van&#039;\u0131n ilk yapay zeka teknolojileri ile yaz\u0131lan Van X Haber ve Van Haberlerini aktif g\u00fcncel sunan tek vanhaber merkezidir.","potentialAction":[{"@type":"SearchAction","target":{"@type":"EntryPoint","urlTemplate":"https:\/\/vanxhaber.com\/?s={search_term_string}"},"query-input":{"@type":"PropertyValueSpecification","valueRequired":true,"valueName":"search_term_string"}}],"inLanguage":"tr"},{"@type":"Person","@id":"https:\/\/vanxhaber.com\/#\/schema\/person\/a5fd8d89510cb5370e62ad176f7978ee","name":"Van X Haber","image":{"@type":"ImageObject","inLanguage":"tr","@id":"https:\/\/vanxhaber.com\/#\/schema\/person\/image\/","url":"https:\/\/secure.gravatar.com\/avatar\/36f2f63826681263103acb5ca1e7bc1a6db11baea9b75dd091d89b74f2704b07?s=96&d=mm&r=g","contentUrl":"https:\/\/secure.gravatar.com\/avatar\/36f2f63826681263103acb5ca1e7bc1a6db11baea9b75dd091d89b74f2704b07?s=96&d=mm&r=g","caption":"Van X Haber"},"description":"Van X Haber Van'\u0131n ilk ve tek yeni nesil Van Haber merkezi. Son Dakika Van Haberleri ve G\u00fcncel Van haber merkezinde s\u0131cak geli\u015fmeleri aktarmaya devam edece\u011fiz.","url":"https:\/\/vanxhaber.com\/index.php\/author\/vangazetesi\/"}]}},"_links":{"self":[{"href":"https:\/\/vanxhaber.com\/index.php\/wp-json\/wp\/v2\/posts\/1650","targetHints":{"allow":["GET"]}}],"collection":[{"href":"https:\/\/vanxhaber.com\/index.php\/wp-json\/wp\/v2\/posts"}],"about":[{"href":"https:\/\/vanxhaber.com\/index.php\/wp-json\/wp\/v2\/types\/post"}],"author":[{"embeddable":true,"href":"https:\/\/vanxhaber.com\/index.php\/wp-json\/wp\/v2\/users\/2"}],"replies":[{"embeddable":true,"href":"https:\/\/vanxhaber.com\/index.php\/wp-json\/wp\/v2\/comments?post=1650"}],"version-history":[{"count":1,"href":"https:\/\/vanxhaber.com\/index.php\/wp-json\/wp\/v2\/posts\/1650\/revisions"}],"predecessor-version":[{"id":1653,"href":"https:\/\/vanxhaber.com\/index.php\/wp-json\/wp\/v2\/posts\/1650\/revisions\/1653"}],"wp:featuredmedia":[{"embeddable":true,"href":"https:\/\/vanxhaber.com\/index.php\/wp-json\/wp\/v2\/media\/1652"}],"wp:attachment":[{"href":"https:\/\/vanxhaber.com\/index.php\/wp-json\/wp\/v2\/media?parent=1650"}],"wp:term":[{"taxonomy":"category","embeddable":true,"href":"https:\/\/vanxhaber.com\/index.php\/wp-json\/wp\/v2\/categories?post=1650"},{"taxonomy":"post_tag","embeddable":true,"href":"https:\/\/vanxhaber.com\/index.php\/wp-json\/wp\/v2\/tags?post=1650"}],"curies":[{"name":"wp","href":"https:\/\/api.w.org\/{rel}","templated":true}]}}