{"id":1654,"date":"2024-02-12T08:41:10","date_gmt":"2024-02-12T08:41:10","guid":{"rendered":"https:\/\/vanxhaber.com\/?p=1654"},"modified":"2024-02-12T08:41:12","modified_gmt":"2024-02-12T08:41:12","slug":"vanda-gogus-agrisi-olan-hasta-icin-helikopter-havalandi","status":"publish","type":"post","link":"https:\/\/vanxhaber.com\/index.php\/2024\/02\/12\/vanda-gogus-agrisi-olan-hasta-icin-helikopter-havalandi\/","title":{"rendered":"Van\u2019da g\u00f6\u011f\u00fcs a\u011fr\u0131s\u0131 olan hasta i\u00e7in helikopter havaland\u0131"},"content":{"rendered":"\n<p><br><strong>Van<\/strong>\u2019\u0131n Ba\u015fkale il\u00e7esinde g\u00f6\u011f\u00fcs a\u011fr\u0131s\u0131 \u015fikayeti olan 65 ya\u015f\u0131ndaki hasta, ambulans helikopterle hastaneye kald\u0131r\u0131ld\u0131.<\/p>\n\n\n\n<p><strong>Ba\u015fkale Devlet Hastanesi<\/strong>ne g\u00f6\u011f\u00fcs a\u011fr\u0131s\u0131 \u015fikayetiyle gelen hastan\u0131n ileri tetkik ve tedavisine karar verildi. Kara yoluyla ula\u015f\u0131m\u0131n problemli olmas\u0131 nedeniyle b\u00f6lgeye <strong>ambulans<\/strong> helikopter g\u00f6revlendirildi.<\/p>\n\n\n\n<p>Ya\u015fl\u0131 hasta, hastane yak\u0131n\u0131na inen ambulans helikopterle Van E\u011fitim ve Ara\u015ft\u0131rma Hastanesine sevk edildi.<\/p>\n","protected":false},"excerpt":{"rendered":"<p>Van\u2019\u0131n Ba\u015fkale il\u00e7esinde g\u00f6\u011f\u00fcs a\u011fr\u0131s\u0131 \u015fikayeti olan 65 ya\u015f\u0131ndaki hasta, ambulans helikopterle hastaneye kald\u0131r\u0131ld\u0131. Ba\u015fkale Devlet Hastanesine g\u00f6\u011f\u00fcs a\u011fr\u0131s\u0131 \u015fikayetiyle gelen hastan\u0131n ileri tetkik ve tedavisine karar verildi. Kara yoluyla ula\u015f\u0131m\u0131n problemli olmas\u0131 nedeniyle b\u00f6lgeye ambulans helikopter g\u00f6revlendirildi. Ya\u015fl\u0131 hasta, hastane yak\u0131n\u0131na inen ambulans helikopterle Van E\u011fitim ve Ara\u015ft\u0131rma Hastanesine sevk edildi.<\/p>\n","protected":false},"author":2,"featured_media":1656,"comment_status":"open","ping_status":"closed","sticky":false,"template":"","format":"standard","meta":{"googlesitekit_rrm_CAowot3VCw:productID":"","footnotes":""},"categories":[1,24],"tags":[],"class_list":["post-1654","post","type-post","status-publish","format-standard","has-post-thumbnail","hentry","category-van-haber","category-van-haberleri"],"yoast_head":"<!-- This site is optimized with the Yoast SEO Premium plugin v21.7 (Yoast SEO v26.7) - https:\/\/yoast.com\/wordpress\/plugins\/seo\/ -->\n<title>Van\u2019da g\u00f6\u011f\u00fcs a\u011fr\u0131s\u0131 olan hasta i\u00e7in helikopter havaland\u0131 - Van Haber | Van X Haber | Van Haberleri<\/title>\n<meta name=\"robots\" content=\"index, follow, max-snippet:-1, max-image-preview:large, max-video-preview:-1\" \/>\n<link rel=\"canonical\" href=\"https:\/\/vanxhaber.com\/index.php\/2024\/02\/12\/vanda-gogus-agrisi-olan-hasta-icin-helikopter-havalandi\/\" \/>\n<meta property=\"og:locale\" content=\"tr_TR\" \/>\n<meta property=\"og:type\" content=\"article\" \/>\n<meta property=\"og:title\" content=\"Van\u2019da g\u00f6\u011f\u00fcs a\u011fr\u0131s\u0131 olan hasta i\u00e7in helikopter havaland\u0131\" \/>\n<meta property=\"og:description\" content=\"Van\u2019\u0131n Ba\u015fkale il\u00e7esinde g\u00f6\u011f\u00fcs a\u011fr\u0131s\u0131 \u015fikayeti olan 65 ya\u015f\u0131ndaki hasta, ambulans helikopterle hastaneye kald\u0131r\u0131ld\u0131. Ba\u015fkale Devlet Hastanesine g\u00f6\u011f\u00fcs a\u011fr\u0131s\u0131 \u015fikayetiyle gelen hastan\u0131n ileri tetkik ve tedavisine karar verildi. Kara yoluyla ula\u015f\u0131m\u0131n problemli olmas\u0131 nedeniyle b\u00f6lgeye ambulans helikopter g\u00f6revlendirildi. Ya\u015fl\u0131 hasta, hastane yak\u0131n\u0131na inen ambulans helikopterle Van E\u011fitim ve Ara\u015ft\u0131rma Hastanesine sevk edildi.\" \/>\n<meta property=\"og:url\" content=\"https:\/\/vanxhaber.com\/index.php\/2024\/02\/12\/vanda-gogus-agrisi-olan-hasta-icin-helikopter-havalandi\/\" \/>\n<meta property=\"og:site_name\" content=\"Van Haber | Van X Haber | Van Haberleri\" \/>\n<meta property=\"article:published_time\" content=\"2024-02-12T08:41:10+00:00\" \/>\n<meta property=\"article:modified_time\" content=\"2024-02-12T08:41:12+00:00\" \/>\n<meta property=\"og:image\" content=\"https:\/\/vanxhaber.com\/wp-content\/uploads\/2024\/02\/van-saglik-ekipleri.jpg\" \/>\n\t<meta property=\"og:image:width\" content=\"641\" \/>\n\t<meta property=\"og:image:height\" content=\"380\" \/>\n\t<meta property=\"og:image:type\" content=\"image\/jpeg\" \/>\n<meta name=\"author\" content=\"Van X Haber\" \/>\n<meta name=\"twitter:card\" content=\"summary_large_image\" \/>\n<meta name=\"twitter:label1\" content=\"Yazan:\" \/>\n\t<meta name=\"twitter:data1\" content=\"Van X Haber\" \/>\n\t<meta name=\"twitter:label2\" content=\"Tahmini okuma s\u00fcresi\" \/>\n\t<meta name=\"twitter:data2\" content=\"1 dakika\" \/>\n<script type=\"application\/ld+json\" class=\"yoast-schema-graph\">{\"@context\":\"https:\/\/schema.org\",\"@graph\":[{\"@type\":\"Article\",\"@id\":\"https:\/\/vanxhaber.com\/index.php\/2024\/02\/12\/vanda-gogus-agrisi-olan-hasta-icin-helikopter-havalandi\/#article\",\"isPartOf\":{\"@id\":\"https:\/\/vanxhaber.com\/index.php\/2024\/02\/12\/vanda-gogus-agrisi-olan-hasta-icin-helikopter-havalandi\/\"},\"author\":{\"name\":\"Van X Haber\",\"@id\":\"https:\/\/vanxhaber.com\/#\/schema\/person\/a5fd8d89510cb5370e62ad176f7978ee\"},\"headline\":\"Van\u2019da g\u00f6\u011f\u00fcs a\u011fr\u0131s\u0131 olan hasta i\u00e7in helikopter havaland\u0131\",\"datePublished\":\"2024-02-12T08:41:10+00:00\",\"dateModified\":\"2024-02-12T08:41:12+00:00\",\"mainEntityOfPage\":{\"@id\":\"https:\/\/vanxhaber.com\/index.php\/2024\/02\/12\/vanda-gogus-agrisi-olan-hasta-icin-helikopter-havalandi\/\"},\"wordCount\":88,\"commentCount\":0,\"image\":{\"@id\":\"https:\/\/vanxhaber.com\/index.php\/2024\/02\/12\/vanda-gogus-agrisi-olan-hasta-icin-helikopter-havalandi\/#primaryimage\"},\"thumbnailUrl\":\"https:\/\/vanxhaber.com\/wp-content\/uploads\/2024\/02\/van-saglik-ekipleri.jpg\",\"articleSection\":[\"Van Haber\",\"Van Haberleri\"],\"inLanguage\":\"tr\",\"potentialAction\":[{\"@type\":\"CommentAction\",\"name\":\"Comment\",\"target\":[\"https:\/\/vanxhaber.com\/index.php\/2024\/02\/12\/vanda-gogus-agrisi-olan-hasta-icin-helikopter-havalandi\/#respond\"]}],\"copyrightYear\":\"2024\",\"copyrightHolder\":{\"@id\":\"https:\/\/vanxhaber.com\/#organization\"}},{\"@type\":\"WebPage\",\"@id\":\"https:\/\/vanxhaber.com\/index.php\/2024\/02\/12\/vanda-gogus-agrisi-olan-hasta-icin-helikopter-havalandi\/\",\"url\":\"https:\/\/vanxhaber.com\/index.php\/2024\/02\/12\/vanda-gogus-agrisi-olan-hasta-icin-helikopter-havalandi\/\",\"name\":\"Van\u2019da g\u00f6\u011f\u00fcs a\u011fr\u0131s\u0131 olan hasta i\u00e7in helikopter havaland\u0131 - Van Haber | Van X Haber | Van Haberleri\",\"isPartOf\":{\"@id\":\"https:\/\/vanxhaber.com\/#website\"},\"primaryImageOfPage\":{\"@id\":\"https:\/\/vanxhaber.com\/index.php\/2024\/02\/12\/vanda-gogus-agrisi-olan-hasta-icin-helikopter-havalandi\/#primaryimage\"},\"image\":{\"@id\":\"https:\/\/vanxhaber.com\/index.php\/2024\/02\/12\/vanda-gogus-agrisi-olan-hasta-icin-helikopter-havalandi\/#primaryimage\"},\"thumbnailUrl\":\"https:\/\/vanxhaber.com\/wp-content\/uploads\/2024\/02\/van-saglik-ekipleri.jpg\",\"datePublished\":\"2024-02-12T08:41:10+00:00\",\"dateModified\":\"2024-02-12T08:41:12+00:00\",\"author\":{\"@id\":\"https:\/\/vanxhaber.com\/#\/schema\/person\/a5fd8d89510cb5370e62ad176f7978ee\"},\"breadcrumb\":{\"@id\":\"https:\/\/vanxhaber.com\/index.php\/2024\/02\/12\/vanda-gogus-agrisi-olan-hasta-icin-helikopter-havalandi\/#breadcrumb\"},\"inLanguage\":\"tr\",\"potentialAction\":[{\"@type\":\"ReadAction\",\"target\":[\"https:\/\/vanxhaber.com\/index.php\/2024\/02\/12\/vanda-gogus-agrisi-olan-hasta-icin-helikopter-havalandi\/\"]}]},{\"@type\":\"ImageObject\",\"inLanguage\":\"tr\",\"@id\":\"https:\/\/vanxhaber.com\/index.php\/2024\/02\/12\/vanda-gogus-agrisi-olan-hasta-icin-helikopter-havalandi\/#primaryimage\",\"url\":\"https:\/\/vanxhaber.com\/wp-content\/uploads\/2024\/02\/van-saglik-ekipleri.jpg\",\"contentUrl\":\"https:\/\/vanxhaber.com\/wp-content\/uploads\/2024\/02\/van-saglik-ekipleri.jpg\",\"width\":641,\"height\":380},{\"@type\":\"BreadcrumbList\",\"@id\":\"https:\/\/vanxhaber.com\/index.php\/2024\/02\/12\/vanda-gogus-agrisi-olan-hasta-icin-helikopter-havalandi\/#breadcrumb\",\"itemListElement\":[{\"@type\":\"ListItem\",\"position\":1,\"name\":\"Anasayfa\",\"item\":\"https:\/\/vanxhaber.com\/\"},{\"@type\":\"ListItem\",\"position\":2,\"name\":\"Van\u2019da g\u00f6\u011f\u00fcs a\u011fr\u0131s\u0131 olan hasta i\u00e7in helikopter havaland\u0131\"}]},{\"@type\":\"WebSite\",\"@id\":\"https:\/\/vanxhaber.com\/#website\",\"url\":\"https:\/\/vanxhaber.com\/\",\"name\":\"Van Haber | Van X Haber | Van Haberleri\",\"description\":\"Van Haber, Van&#039;\u0131n ilk yapay zeka teknolojileri ile yaz\u0131lan Van X Haber ve Van Haberlerini aktif g\u00fcncel sunan tek vanhaber merkezidir.\",\"potentialAction\":[{\"@type\":\"SearchAction\",\"target\":{\"@type\":\"EntryPoint\",\"urlTemplate\":\"https:\/\/vanxhaber.com\/?s={search_term_string}\"},\"query-input\":{\"@type\":\"PropertyValueSpecification\",\"valueRequired\":true,\"valueName\":\"search_term_string\"}}],\"inLanguage\":\"tr\"},{\"@type\":\"Person\",\"@id\":\"https:\/\/vanxhaber.com\/#\/schema\/person\/a5fd8d89510cb5370e62ad176f7978ee\",\"name\":\"Van X Haber\",\"image\":{\"@type\":\"ImageObject\",\"inLanguage\":\"tr\",\"@id\":\"https:\/\/vanxhaber.com\/#\/schema\/person\/image\/\",\"url\":\"https:\/\/secure.gravatar.com\/avatar\/36f2f63826681263103acb5ca1e7bc1a6db11baea9b75dd091d89b74f2704b07?s=96&d=mm&r=g\",\"contentUrl\":\"https:\/\/secure.gravatar.com\/avatar\/36f2f63826681263103acb5ca1e7bc1a6db11baea9b75dd091d89b74f2704b07?s=96&d=mm&r=g\",\"caption\":\"Van X Haber\"},\"description\":\"Van X Haber Van'\u0131n ilk ve tek yeni nesil Van Haber merkezi. Son Dakika Van Haberleri ve G\u00fcncel Van haber merkezinde s\u0131cak geli\u015fmeleri aktarmaya devam edece\u011fiz.\",\"url\":\"https:\/\/vanxhaber.com\/index.php\/author\/vangazetesi\/\"}]}<\/script>\n<!-- \/ Yoast SEO Premium plugin. -->","yoast_head_json":{"title":"Van\u2019da g\u00f6\u011f\u00fcs a\u011fr\u0131s\u0131 olan hasta i\u00e7in helikopter havaland\u0131 - Van Haber | Van X Haber | Van Haberleri","robots":{"index":"index","follow":"follow","max-snippet":"max-snippet:-1","max-image-preview":"max-image-preview:large","max-video-preview":"max-video-preview:-1"},"canonical":"https:\/\/vanxhaber.com\/index.php\/2024\/02\/12\/vanda-gogus-agrisi-olan-hasta-icin-helikopter-havalandi\/","og_locale":"tr_TR","og_type":"article","og_title":"Van\u2019da g\u00f6\u011f\u00fcs a\u011fr\u0131s\u0131 olan hasta i\u00e7in helikopter havaland\u0131","og_description":"Van\u2019\u0131n Ba\u015fkale il\u00e7esinde g\u00f6\u011f\u00fcs a\u011fr\u0131s\u0131 \u015fikayeti olan 65 ya\u015f\u0131ndaki hasta, ambulans helikopterle hastaneye kald\u0131r\u0131ld\u0131. Ba\u015fkale Devlet Hastanesine g\u00f6\u011f\u00fcs a\u011fr\u0131s\u0131 \u015fikayetiyle gelen hastan\u0131n ileri tetkik ve tedavisine karar verildi. Kara yoluyla ula\u015f\u0131m\u0131n problemli olmas\u0131 nedeniyle b\u00f6lgeye ambulans helikopter g\u00f6revlendirildi. Ya\u015fl\u0131 hasta, hastane yak\u0131n\u0131na inen ambulans helikopterle Van E\u011fitim ve Ara\u015ft\u0131rma Hastanesine sevk edildi.","og_url":"https:\/\/vanxhaber.com\/index.php\/2024\/02\/12\/vanda-gogus-agrisi-olan-hasta-icin-helikopter-havalandi\/","og_site_name":"Van Haber | Van X Haber | Van Haberleri","article_published_time":"2024-02-12T08:41:10+00:00","article_modified_time":"2024-02-12T08:41:12+00:00","og_image":[{"width":641,"height":380,"url":"https:\/\/vanxhaber.com\/wp-content\/uploads\/2024\/02\/van-saglik-ekipleri.jpg","type":"image\/jpeg"}],"author":"Van X Haber","twitter_card":"summary_large_image","twitter_misc":{"Yazan:":"Van X Haber","Tahmini okuma s\u00fcresi":"1 dakika"},"schema":{"@context":"https:\/\/schema.org","@graph":[{"@type":"Article","@id":"https:\/\/vanxhaber.com\/index.php\/2024\/02\/12\/vanda-gogus-agrisi-olan-hasta-icin-helikopter-havalandi\/#article","isPartOf":{"@id":"https:\/\/vanxhaber.com\/index.php\/2024\/02\/12\/vanda-gogus-agrisi-olan-hasta-icin-helikopter-havalandi\/"},"author":{"name":"Van X Haber","@id":"https:\/\/vanxhaber.com\/#\/schema\/person\/a5fd8d89510cb5370e62ad176f7978ee"},"headline":"Van\u2019da g\u00f6\u011f\u00fcs a\u011fr\u0131s\u0131 olan hasta i\u00e7in helikopter havaland\u0131","datePublished":"2024-02-12T08:41:10+00:00","dateModified":"2024-02-12T08:41:12+00:00","mainEntityOfPage":{"@id":"https:\/\/vanxhaber.com\/index.php\/2024\/02\/12\/vanda-gogus-agrisi-olan-hasta-icin-helikopter-havalandi\/"},"wordCount":88,"commentCount":0,"image":{"@id":"https:\/\/vanxhaber.com\/index.php\/2024\/02\/12\/vanda-gogus-agrisi-olan-hasta-icin-helikopter-havalandi\/#primaryimage"},"thumbnailUrl":"https:\/\/vanxhaber.com\/wp-content\/uploads\/2024\/02\/van-saglik-ekipleri.jpg","articleSection":["Van Haber","Van Haberleri"],"inLanguage":"tr","potentialAction":[{"@type":"CommentAction","name":"Comment","target":["https:\/\/vanxhaber.com\/index.php\/2024\/02\/12\/vanda-gogus-agrisi-olan-hasta-icin-helikopter-havalandi\/#respond"]}],"copyrightYear":"2024","copyrightHolder":{"@id":"https:\/\/vanxhaber.com\/#organization"}},{"@type":"WebPage","@id":"https:\/\/vanxhaber.com\/index.php\/2024\/02\/12\/vanda-gogus-agrisi-olan-hasta-icin-helikopter-havalandi\/","url":"https:\/\/vanxhaber.com\/index.php\/2024\/02\/12\/vanda-gogus-agrisi-olan-hasta-icin-helikopter-havalandi\/","name":"Van\u2019da g\u00f6\u011f\u00fcs a\u011fr\u0131s\u0131 olan hasta i\u00e7in helikopter havaland\u0131 - Van Haber | Van X Haber | Van Haberleri","isPartOf":{"@id":"https:\/\/vanxhaber.com\/#website"},"primaryImageOfPage":{"@id":"https:\/\/vanxhaber.com\/index.php\/2024\/02\/12\/vanda-gogus-agrisi-olan-hasta-icin-helikopter-havalandi\/#primaryimage"},"image":{"@id":"https:\/\/vanxhaber.com\/index.php\/2024\/02\/12\/vanda-gogus-agrisi-olan-hasta-icin-helikopter-havalandi\/#primaryimage"},"thumbnailUrl":"https:\/\/vanxhaber.com\/wp-content\/uploads\/2024\/02\/van-saglik-ekipleri.jpg","datePublished":"2024-02-12T08:41:10+00:00","dateModified":"2024-02-12T08:41:12+00:00","author":{"@id":"https:\/\/vanxhaber.com\/#\/schema\/person\/a5fd8d89510cb5370e62ad176f7978ee"},"breadcrumb":{"@id":"https:\/\/vanxhaber.com\/index.php\/2024\/02\/12\/vanda-gogus-agrisi-olan-hasta-icin-helikopter-havalandi\/#breadcrumb"},"inLanguage":"tr","potentialAction":[{"@type":"ReadAction","target":["https:\/\/vanxhaber.com\/index.php\/2024\/02\/12\/vanda-gogus-agrisi-olan-hasta-icin-helikopter-havalandi\/"]}]},{"@type":"ImageObject","inLanguage":"tr","@id":"https:\/\/vanxhaber.com\/index.php\/2024\/02\/12\/vanda-gogus-agrisi-olan-hasta-icin-helikopter-havalandi\/#primaryimage","url":"https:\/\/vanxhaber.com\/wp-content\/uploads\/2024\/02\/van-saglik-ekipleri.jpg","contentUrl":"https:\/\/vanxhaber.com\/wp-content\/uploads\/2024\/02\/van-saglik-ekipleri.jpg","width":641,"height":380},{"@type":"BreadcrumbList","@id":"https:\/\/vanxhaber.com\/index.php\/2024\/02\/12\/vanda-gogus-agrisi-olan-hasta-icin-helikopter-havalandi\/#breadcrumb","itemListElement":[{"@type":"ListItem","position":1,"name":"Anasayfa","item":"https:\/\/vanxhaber.com\/"},{"@type":"ListItem","position":2,"name":"Van\u2019da g\u00f6\u011f\u00fcs a\u011fr\u0131s\u0131 olan hasta i\u00e7in helikopter havaland\u0131"}]},{"@type":"WebSite","@id":"https:\/\/vanxhaber.com\/#website","url":"https:\/\/vanxhaber.com\/","name":"Van Haber | Van X Haber | Van Haberleri","description":"Van Haber, Van&#039;\u0131n ilk yapay zeka teknolojileri ile yaz\u0131lan Van X Haber ve Van Haberlerini aktif g\u00fcncel sunan tek vanhaber merkezidir.","potentialAction":[{"@type":"SearchAction","target":{"@type":"EntryPoint","urlTemplate":"https:\/\/vanxhaber.com\/?s={search_term_string}"},"query-input":{"@type":"PropertyValueSpecification","valueRequired":true,"valueName":"search_term_string"}}],"inLanguage":"tr"},{"@type":"Person","@id":"https:\/\/vanxhaber.com\/#\/schema\/person\/a5fd8d89510cb5370e62ad176f7978ee","name":"Van X Haber","image":{"@type":"ImageObject","inLanguage":"tr","@id":"https:\/\/vanxhaber.com\/#\/schema\/person\/image\/","url":"https:\/\/secure.gravatar.com\/avatar\/36f2f63826681263103acb5ca1e7bc1a6db11baea9b75dd091d89b74f2704b07?s=96&d=mm&r=g","contentUrl":"https:\/\/secure.gravatar.com\/avatar\/36f2f63826681263103acb5ca1e7bc1a6db11baea9b75dd091d89b74f2704b07?s=96&d=mm&r=g","caption":"Van X Haber"},"description":"Van X Haber Van'\u0131n ilk ve tek yeni nesil Van Haber merkezi. Son Dakika Van Haberleri ve G\u00fcncel Van haber merkezinde s\u0131cak geli\u015fmeleri aktarmaya devam edece\u011fiz.","url":"https:\/\/vanxhaber.com\/index.php\/author\/vangazetesi\/"}]}},"_links":{"self":[{"href":"https:\/\/vanxhaber.com\/index.php\/wp-json\/wp\/v2\/posts\/1654","targetHints":{"allow":["GET"]}}],"collection":[{"href":"https:\/\/vanxhaber.com\/index.php\/wp-json\/wp\/v2\/posts"}],"about":[{"href":"https:\/\/vanxhaber.com\/index.php\/wp-json\/wp\/v2\/types\/post"}],"author":[{"embeddable":true,"href":"https:\/\/vanxhaber.com\/index.php\/wp-json\/wp\/v2\/users\/2"}],"replies":[{"embeddable":true,"href":"https:\/\/vanxhaber.com\/index.php\/wp-json\/wp\/v2\/comments?post=1654"}],"version-history":[{"count":1,"href":"https:\/\/vanxhaber.com\/index.php\/wp-json\/wp\/v2\/posts\/1654\/revisions"}],"predecessor-version":[{"id":1657,"href":"https:\/\/vanxhaber.com\/index.php\/wp-json\/wp\/v2\/posts\/1654\/revisions\/1657"}],"wp:featuredmedia":[{"embeddable":true,"href":"https:\/\/vanxhaber.com\/index.php\/wp-json\/wp\/v2\/media\/1656"}],"wp:attachment":[{"href":"https:\/\/vanxhaber.com\/index.php\/wp-json\/wp\/v2\/media?parent=1654"}],"wp:term":[{"taxonomy":"category","embeddable":true,"href":"https:\/\/vanxhaber.com\/index.php\/wp-json\/wp\/v2\/categories?post=1654"},{"taxonomy":"post_tag","embeddable":true,"href":"https:\/\/vanxhaber.com\/index.php\/wp-json\/wp\/v2\/tags?post=1654"}],"curies":[{"name":"wp","href":"https:\/\/api.w.org\/{rel}","templated":true}]}}