{"id":1658,"date":"2024-02-12T08:43:52","date_gmt":"2024-02-12T08:43:52","guid":{"rendered":"https:\/\/vanxhaber.com\/?p=1658"},"modified":"2024-02-12T08:43:53","modified_gmt":"2024-02-12T08:43:53","slug":"vanda-cesitli-suclardan-19-kisi-tutuklandi","status":"publish","type":"post","link":"https:\/\/vanxhaber.com\/index.php\/2024\/02\/12\/vanda-cesitli-suclardan-19-kisi-tutuklandi\/","title":{"rendered":"Van&#8217;da \u00e7e\u015fitli su\u00e7lardan 19 ki\u015fi tutukland\u0131"},"content":{"rendered":"\n<p><strong> Van\u2019da \u00e7e\u015fitli su\u00e7lardan aranmas\u0131 bulunan 19 ki\u015fi tutukland\u0131.<\/strong><\/p>\n\n\n\n<p>Van Emniyet M\u00fcd\u00fcrl\u00fc\u011f\u00fcnden yap\u0131lan a\u00e7\u0131klamada, il genelinde kamu d\u00fczeninin sa\u011flanmas\u0131 i\u00e7in su\u00e7 ve su\u00e7lularla m\u00fccadele kapsam\u0131nda Asayi\u015f \u015eube M\u00fcd\u00fcrl\u00fc\u011f\u00fc ve \u0130l\u00e7e Emniyet M\u00fcd\u00fcrl\u00fc\u011f\u00fc\/Amirli\u011fi g\u00f6revlilerince y\u00fcr\u00fct\u00fclen \u00e7al\u0131\u015fmalar\u0131n devam etti\u011fi belirtildi. <\/p>\n\n\n\n<p>A\u00e7\u0131klamada, \u201cYap\u0131lan \u00e7al\u0131\u015fmalar neticesinde 6136 ve 5729 say\u0131l\u0131 Kanun&#8217;a muhalefet olaylar\u0131nda; 4 adet tabanca, 1 adet kurus\u0131k\u0131 tabanca, 36 adet fi\u015fek, 1 adet b\u0131\u00e7ak ele ge\u00e7irilmi\u015ftir. H\u0131rs\u0131zl\u0131k sonucu oldu\u011fu tespit edilen 8 adet alt\u0131n bilezik, 1 alt\u0131n kolye, 425 par\u00e7a muhtelif malzeme ele ge\u00e7irilmi\u015ftir. Ele ge\u00e7irilen malzemeler sahiplerine teslim edilmi\u015ftir. Di\u011fer su\u00e7lardan ise 467 paket ka\u00e7ak sigara, 1 adet sahte pasaport ele ge\u00e7irilmi\u015ftir. 5326 say\u0131l\u0131 Kanun&#8217;a muhalefetten 4 \u015fahsa 25 bin 400 TL idari para cezas\u0131 uygulanm\u0131\u015ft\u0131r. \u0130l Emniyet M\u00fcd\u00fcrl\u00fc\u011f\u00fcm\u00fcz taraf\u0131ndan toplam 91 y\u0131l 9 ay 20 g\u00fcn kesinle\u015fmi\u015f hapis cezas\u0131 bulunan 71 \u015fah\u0131s yakalanm\u0131\u015f, 19 \u015fah\u0131s adli makamlarca tutuklanm\u0131\u015ft\u0131r\u201d denildi.<\/p>\n","protected":false},"excerpt":{"rendered":"<p>Van\u2019da \u00e7e\u015fitli su\u00e7lardan aranmas\u0131 bulunan 19 ki\u015fi tutukland\u0131. Van Emniyet M\u00fcd\u00fcrl\u00fc\u011f\u00fcnden yap\u0131lan a\u00e7\u0131klamada, il genelinde kamu d\u00fczeninin sa\u011flanmas\u0131 i\u00e7in su\u00e7 ve su\u00e7lularla m\u00fccadele kapsam\u0131nda Asayi\u015f \u015eube M\u00fcd\u00fcrl\u00fc\u011f\u00fc ve \u0130l\u00e7e Emniyet M\u00fcd\u00fcrl\u00fc\u011f\u00fc\/Amirli\u011fi g\u00f6revlilerince y\u00fcr\u00fct\u00fclen \u00e7al\u0131\u015fmalar\u0131n devam etti\u011fi belirtildi. A\u00e7\u0131klamada, \u201cYap\u0131lan \u00e7al\u0131\u015fmalar neticesinde 6136 ve 5729 say\u0131l\u0131 Kanun&#8217;a muhalefet olaylar\u0131nda; 4 adet tabanca, 1 adet kurus\u0131k\u0131 tabanca, &hellip;<\/p>\n","protected":false},"author":2,"featured_media":1660,"comment_status":"open","ping_status":"closed","sticky":false,"template":"","format":"standard","meta":{"googlesitekit_rrm_CAowot3VCw:productID":"","footnotes":""},"categories":[27,1,24],"tags":[],"class_list":["post-1658","post","type-post","status-publish","format-standard","has-post-thumbnail","hentry","category-van-emniyet","category-van-haber","category-van-haberleri"],"yoast_head":"<!-- This site is optimized with the Yoast SEO Premium plugin v21.7 (Yoast SEO v26.7) - https:\/\/yoast.com\/wordpress\/plugins\/seo\/ -->\n<title>Van&#039;da \u00e7e\u015fitli su\u00e7lardan 19 ki\u015fi tutukland\u0131 - Van Haber | Van X Haber | Van Haberleri<\/title>\n<meta name=\"robots\" content=\"index, follow, max-snippet:-1, max-image-preview:large, max-video-preview:-1\" \/>\n<link rel=\"canonical\" href=\"https:\/\/vanxhaber.com\/index.php\/2024\/02\/12\/vanda-cesitli-suclardan-19-kisi-tutuklandi\/\" \/>\n<meta property=\"og:locale\" content=\"tr_TR\" \/>\n<meta property=\"og:type\" content=\"article\" \/>\n<meta property=\"og:title\" content=\"Van&#039;da \u00e7e\u015fitli su\u00e7lardan 19 ki\u015fi tutukland\u0131\" \/>\n<meta property=\"og:description\" content=\"Van\u2019da \u00e7e\u015fitli su\u00e7lardan aranmas\u0131 bulunan 19 ki\u015fi tutukland\u0131. Van Emniyet M\u00fcd\u00fcrl\u00fc\u011f\u00fcnden yap\u0131lan a\u00e7\u0131klamada, il genelinde kamu d\u00fczeninin sa\u011flanmas\u0131 i\u00e7in su\u00e7 ve su\u00e7lularla m\u00fccadele kapsam\u0131nda Asayi\u015f \u015eube M\u00fcd\u00fcrl\u00fc\u011f\u00fc ve \u0130l\u00e7e Emniyet M\u00fcd\u00fcrl\u00fc\u011f\u00fc\/Amirli\u011fi g\u00f6revlilerince y\u00fcr\u00fct\u00fclen \u00e7al\u0131\u015fmalar\u0131n devam etti\u011fi belirtildi. A\u00e7\u0131klamada, \u201cYap\u0131lan \u00e7al\u0131\u015fmalar neticesinde 6136 ve 5729 say\u0131l\u0131 Kanun&#8217;a muhalefet olaylar\u0131nda; 4 adet tabanca, 1 adet kurus\u0131k\u0131 tabanca, &hellip;\" \/>\n<meta property=\"og:url\" content=\"https:\/\/vanxhaber.com\/index.php\/2024\/02\/12\/vanda-cesitli-suclardan-19-kisi-tutuklandi\/\" \/>\n<meta property=\"og:site_name\" content=\"Van Haber | Van X Haber | Van Haberleri\" \/>\n<meta property=\"article:published_time\" content=\"2024-02-12T08:43:52+00:00\" \/>\n<meta property=\"article:modified_time\" content=\"2024-02-12T08:43:53+00:00\" \/>\n<meta property=\"og:image\" content=\"https:\/\/vanxhaber.com\/wp-content\/uploads\/2024\/02\/van-emniyet.jpg\" \/>\n\t<meta property=\"og:image:width\" content=\"641\" \/>\n\t<meta property=\"og:image:height\" content=\"380\" \/>\n\t<meta property=\"og:image:type\" content=\"image\/jpeg\" \/>\n<meta name=\"author\" content=\"Van X Haber\" \/>\n<meta name=\"twitter:card\" content=\"summary_large_image\" \/>\n<meta name=\"twitter:label1\" content=\"Yazan:\" \/>\n\t<meta name=\"twitter:data1\" content=\"Van X Haber\" \/>\n\t<meta name=\"twitter:label2\" content=\"Tahmini okuma s\u00fcresi\" \/>\n\t<meta name=\"twitter:data2\" content=\"2 dakika\" \/>\n<script type=\"application\/ld+json\" class=\"yoast-schema-graph\">{\"@context\":\"https:\/\/schema.org\",\"@graph\":[{\"@type\":\"Article\",\"@id\":\"https:\/\/vanxhaber.com\/index.php\/2024\/02\/12\/vanda-cesitli-suclardan-19-kisi-tutuklandi\/#article\",\"isPartOf\":{\"@id\":\"https:\/\/vanxhaber.com\/index.php\/2024\/02\/12\/vanda-cesitli-suclardan-19-kisi-tutuklandi\/\"},\"author\":{\"name\":\"Van X Haber\",\"@id\":\"https:\/\/vanxhaber.com\/#\/schema\/person\/a5fd8d89510cb5370e62ad176f7978ee\"},\"headline\":\"Van&#8217;da \u00e7e\u015fitli su\u00e7lardan 19 ki\u015fi tutukland\u0131\",\"datePublished\":\"2024-02-12T08:43:52+00:00\",\"dateModified\":\"2024-02-12T08:43:53+00:00\",\"mainEntityOfPage\":{\"@id\":\"https:\/\/vanxhaber.com\/index.php\/2024\/02\/12\/vanda-cesitli-suclardan-19-kisi-tutuklandi\/\"},\"wordCount\":198,\"commentCount\":0,\"image\":{\"@id\":\"https:\/\/vanxhaber.com\/index.php\/2024\/02\/12\/vanda-cesitli-suclardan-19-kisi-tutuklandi\/#primaryimage\"},\"thumbnailUrl\":\"https:\/\/vanxhaber.com\/wp-content\/uploads\/2024\/02\/van-emniyet.jpg\",\"articleSection\":[\"Van Emniyet\",\"Van Haber\",\"Van Haberleri\"],\"inLanguage\":\"tr\",\"potentialAction\":[{\"@type\":\"CommentAction\",\"name\":\"Comment\",\"target\":[\"https:\/\/vanxhaber.com\/index.php\/2024\/02\/12\/vanda-cesitli-suclardan-19-kisi-tutuklandi\/#respond\"]}],\"copyrightYear\":\"2024\",\"copyrightHolder\":{\"@id\":\"https:\/\/vanxhaber.com\/#organization\"}},{\"@type\":\"WebPage\",\"@id\":\"https:\/\/vanxhaber.com\/index.php\/2024\/02\/12\/vanda-cesitli-suclardan-19-kisi-tutuklandi\/\",\"url\":\"https:\/\/vanxhaber.com\/index.php\/2024\/02\/12\/vanda-cesitli-suclardan-19-kisi-tutuklandi\/\",\"name\":\"Van'da \u00e7e\u015fitli su\u00e7lardan 19 ki\u015fi tutukland\u0131 - Van Haber | Van X Haber | Van Haberleri\",\"isPartOf\":{\"@id\":\"https:\/\/vanxhaber.com\/#website\"},\"primaryImageOfPage\":{\"@id\":\"https:\/\/vanxhaber.com\/index.php\/2024\/02\/12\/vanda-cesitli-suclardan-19-kisi-tutuklandi\/#primaryimage\"},\"image\":{\"@id\":\"https:\/\/vanxhaber.com\/index.php\/2024\/02\/12\/vanda-cesitli-suclardan-19-kisi-tutuklandi\/#primaryimage\"},\"thumbnailUrl\":\"https:\/\/vanxhaber.com\/wp-content\/uploads\/2024\/02\/van-emniyet.jpg\",\"datePublished\":\"2024-02-12T08:43:52+00:00\",\"dateModified\":\"2024-02-12T08:43:53+00:00\",\"author\":{\"@id\":\"https:\/\/vanxhaber.com\/#\/schema\/person\/a5fd8d89510cb5370e62ad176f7978ee\"},\"breadcrumb\":{\"@id\":\"https:\/\/vanxhaber.com\/index.php\/2024\/02\/12\/vanda-cesitli-suclardan-19-kisi-tutuklandi\/#breadcrumb\"},\"inLanguage\":\"tr\",\"potentialAction\":[{\"@type\":\"ReadAction\",\"target\":[\"https:\/\/vanxhaber.com\/index.php\/2024\/02\/12\/vanda-cesitli-suclardan-19-kisi-tutuklandi\/\"]}]},{\"@type\":\"ImageObject\",\"inLanguage\":\"tr\",\"@id\":\"https:\/\/vanxhaber.com\/index.php\/2024\/02\/12\/vanda-cesitli-suclardan-19-kisi-tutuklandi\/#primaryimage\",\"url\":\"https:\/\/vanxhaber.com\/wp-content\/uploads\/2024\/02\/van-emniyet.jpg\",\"contentUrl\":\"https:\/\/vanxhaber.com\/wp-content\/uploads\/2024\/02\/van-emniyet.jpg\",\"width\":641,\"height\":380},{\"@type\":\"BreadcrumbList\",\"@id\":\"https:\/\/vanxhaber.com\/index.php\/2024\/02\/12\/vanda-cesitli-suclardan-19-kisi-tutuklandi\/#breadcrumb\",\"itemListElement\":[{\"@type\":\"ListItem\",\"position\":1,\"name\":\"Anasayfa\",\"item\":\"https:\/\/vanxhaber.com\/\"},{\"@type\":\"ListItem\",\"position\":2,\"name\":\"Van&#8217;da \u00e7e\u015fitli su\u00e7lardan 19 ki\u015fi tutukland\u0131\"}]},{\"@type\":\"WebSite\",\"@id\":\"https:\/\/vanxhaber.com\/#website\",\"url\":\"https:\/\/vanxhaber.com\/\",\"name\":\"Van Haber | Van X Haber | Van Haberleri\",\"description\":\"Van Haber, Van&#039;\u0131n ilk yapay zeka teknolojileri ile yaz\u0131lan Van X Haber ve Van Haberlerini aktif g\u00fcncel sunan tek vanhaber merkezidir.\",\"potentialAction\":[{\"@type\":\"SearchAction\",\"target\":{\"@type\":\"EntryPoint\",\"urlTemplate\":\"https:\/\/vanxhaber.com\/?s={search_term_string}\"},\"query-input\":{\"@type\":\"PropertyValueSpecification\",\"valueRequired\":true,\"valueName\":\"search_term_string\"}}],\"inLanguage\":\"tr\"},{\"@type\":\"Person\",\"@id\":\"https:\/\/vanxhaber.com\/#\/schema\/person\/a5fd8d89510cb5370e62ad176f7978ee\",\"name\":\"Van X Haber\",\"image\":{\"@type\":\"ImageObject\",\"inLanguage\":\"tr\",\"@id\":\"https:\/\/vanxhaber.com\/#\/schema\/person\/image\/\",\"url\":\"https:\/\/secure.gravatar.com\/avatar\/36f2f63826681263103acb5ca1e7bc1a6db11baea9b75dd091d89b74f2704b07?s=96&d=mm&r=g\",\"contentUrl\":\"https:\/\/secure.gravatar.com\/avatar\/36f2f63826681263103acb5ca1e7bc1a6db11baea9b75dd091d89b74f2704b07?s=96&d=mm&r=g\",\"caption\":\"Van X Haber\"},\"description\":\"Van X Haber Van'\u0131n ilk ve tek yeni nesil Van Haber merkezi. Son Dakika Van Haberleri ve G\u00fcncel Van haber merkezinde s\u0131cak geli\u015fmeleri aktarmaya devam edece\u011fiz.\",\"url\":\"https:\/\/vanxhaber.com\/index.php\/author\/vangazetesi\/\"}]}<\/script>\n<!-- \/ Yoast SEO Premium plugin. -->","yoast_head_json":{"title":"Van'da \u00e7e\u015fitli su\u00e7lardan 19 ki\u015fi tutukland\u0131 - Van Haber | Van X Haber | Van Haberleri","robots":{"index":"index","follow":"follow","max-snippet":"max-snippet:-1","max-image-preview":"max-image-preview:large","max-video-preview":"max-video-preview:-1"},"canonical":"https:\/\/vanxhaber.com\/index.php\/2024\/02\/12\/vanda-cesitli-suclardan-19-kisi-tutuklandi\/","og_locale":"tr_TR","og_type":"article","og_title":"Van'da \u00e7e\u015fitli su\u00e7lardan 19 ki\u015fi tutukland\u0131","og_description":"Van\u2019da \u00e7e\u015fitli su\u00e7lardan aranmas\u0131 bulunan 19 ki\u015fi tutukland\u0131. Van Emniyet M\u00fcd\u00fcrl\u00fc\u011f\u00fcnden yap\u0131lan a\u00e7\u0131klamada, il genelinde kamu d\u00fczeninin sa\u011flanmas\u0131 i\u00e7in su\u00e7 ve su\u00e7lularla m\u00fccadele kapsam\u0131nda Asayi\u015f \u015eube M\u00fcd\u00fcrl\u00fc\u011f\u00fc ve \u0130l\u00e7e Emniyet M\u00fcd\u00fcrl\u00fc\u011f\u00fc\/Amirli\u011fi g\u00f6revlilerince y\u00fcr\u00fct\u00fclen \u00e7al\u0131\u015fmalar\u0131n devam etti\u011fi belirtildi. A\u00e7\u0131klamada, \u201cYap\u0131lan \u00e7al\u0131\u015fmalar neticesinde 6136 ve 5729 say\u0131l\u0131 Kanun&#8217;a muhalefet olaylar\u0131nda; 4 adet tabanca, 1 adet kurus\u0131k\u0131 tabanca, &hellip;","og_url":"https:\/\/vanxhaber.com\/index.php\/2024\/02\/12\/vanda-cesitli-suclardan-19-kisi-tutuklandi\/","og_site_name":"Van Haber | Van X Haber | Van Haberleri","article_published_time":"2024-02-12T08:43:52+00:00","article_modified_time":"2024-02-12T08:43:53+00:00","og_image":[{"width":641,"height":380,"url":"https:\/\/vanxhaber.com\/wp-content\/uploads\/2024\/02\/van-emniyet.jpg","type":"image\/jpeg"}],"author":"Van X Haber","twitter_card":"summary_large_image","twitter_misc":{"Yazan:":"Van X Haber","Tahmini okuma s\u00fcresi":"2 dakika"},"schema":{"@context":"https:\/\/schema.org","@graph":[{"@type":"Article","@id":"https:\/\/vanxhaber.com\/index.php\/2024\/02\/12\/vanda-cesitli-suclardan-19-kisi-tutuklandi\/#article","isPartOf":{"@id":"https:\/\/vanxhaber.com\/index.php\/2024\/02\/12\/vanda-cesitli-suclardan-19-kisi-tutuklandi\/"},"author":{"name":"Van X Haber","@id":"https:\/\/vanxhaber.com\/#\/schema\/person\/a5fd8d89510cb5370e62ad176f7978ee"},"headline":"Van&#8217;da \u00e7e\u015fitli su\u00e7lardan 19 ki\u015fi tutukland\u0131","datePublished":"2024-02-12T08:43:52+00:00","dateModified":"2024-02-12T08:43:53+00:00","mainEntityOfPage":{"@id":"https:\/\/vanxhaber.com\/index.php\/2024\/02\/12\/vanda-cesitli-suclardan-19-kisi-tutuklandi\/"},"wordCount":198,"commentCount":0,"image":{"@id":"https:\/\/vanxhaber.com\/index.php\/2024\/02\/12\/vanda-cesitli-suclardan-19-kisi-tutuklandi\/#primaryimage"},"thumbnailUrl":"https:\/\/vanxhaber.com\/wp-content\/uploads\/2024\/02\/van-emniyet.jpg","articleSection":["Van Emniyet","Van Haber","Van Haberleri"],"inLanguage":"tr","potentialAction":[{"@type":"CommentAction","name":"Comment","target":["https:\/\/vanxhaber.com\/index.php\/2024\/02\/12\/vanda-cesitli-suclardan-19-kisi-tutuklandi\/#respond"]}],"copyrightYear":"2024","copyrightHolder":{"@id":"https:\/\/vanxhaber.com\/#organization"}},{"@type":"WebPage","@id":"https:\/\/vanxhaber.com\/index.php\/2024\/02\/12\/vanda-cesitli-suclardan-19-kisi-tutuklandi\/","url":"https:\/\/vanxhaber.com\/index.php\/2024\/02\/12\/vanda-cesitli-suclardan-19-kisi-tutuklandi\/","name":"Van'da \u00e7e\u015fitli su\u00e7lardan 19 ki\u015fi tutukland\u0131 - Van Haber | Van X Haber | Van Haberleri","isPartOf":{"@id":"https:\/\/vanxhaber.com\/#website"},"primaryImageOfPage":{"@id":"https:\/\/vanxhaber.com\/index.php\/2024\/02\/12\/vanda-cesitli-suclardan-19-kisi-tutuklandi\/#primaryimage"},"image":{"@id":"https:\/\/vanxhaber.com\/index.php\/2024\/02\/12\/vanda-cesitli-suclardan-19-kisi-tutuklandi\/#primaryimage"},"thumbnailUrl":"https:\/\/vanxhaber.com\/wp-content\/uploads\/2024\/02\/van-emniyet.jpg","datePublished":"2024-02-12T08:43:52+00:00","dateModified":"2024-02-12T08:43:53+00:00","author":{"@id":"https:\/\/vanxhaber.com\/#\/schema\/person\/a5fd8d89510cb5370e62ad176f7978ee"},"breadcrumb":{"@id":"https:\/\/vanxhaber.com\/index.php\/2024\/02\/12\/vanda-cesitli-suclardan-19-kisi-tutuklandi\/#breadcrumb"},"inLanguage":"tr","potentialAction":[{"@type":"ReadAction","target":["https:\/\/vanxhaber.com\/index.php\/2024\/02\/12\/vanda-cesitli-suclardan-19-kisi-tutuklandi\/"]}]},{"@type":"ImageObject","inLanguage":"tr","@id":"https:\/\/vanxhaber.com\/index.php\/2024\/02\/12\/vanda-cesitli-suclardan-19-kisi-tutuklandi\/#primaryimage","url":"https:\/\/vanxhaber.com\/wp-content\/uploads\/2024\/02\/van-emniyet.jpg","contentUrl":"https:\/\/vanxhaber.com\/wp-content\/uploads\/2024\/02\/van-emniyet.jpg","width":641,"height":380},{"@type":"BreadcrumbList","@id":"https:\/\/vanxhaber.com\/index.php\/2024\/02\/12\/vanda-cesitli-suclardan-19-kisi-tutuklandi\/#breadcrumb","itemListElement":[{"@type":"ListItem","position":1,"name":"Anasayfa","item":"https:\/\/vanxhaber.com\/"},{"@type":"ListItem","position":2,"name":"Van&#8217;da \u00e7e\u015fitli su\u00e7lardan 19 ki\u015fi tutukland\u0131"}]},{"@type":"WebSite","@id":"https:\/\/vanxhaber.com\/#website","url":"https:\/\/vanxhaber.com\/","name":"Van Haber | Van X Haber | Van Haberleri","description":"Van Haber, Van&#039;\u0131n ilk yapay zeka teknolojileri ile yaz\u0131lan Van X Haber ve Van Haberlerini aktif g\u00fcncel sunan tek vanhaber merkezidir.","potentialAction":[{"@type":"SearchAction","target":{"@type":"EntryPoint","urlTemplate":"https:\/\/vanxhaber.com\/?s={search_term_string}"},"query-input":{"@type":"PropertyValueSpecification","valueRequired":true,"valueName":"search_term_string"}}],"inLanguage":"tr"},{"@type":"Person","@id":"https:\/\/vanxhaber.com\/#\/schema\/person\/a5fd8d89510cb5370e62ad176f7978ee","name":"Van X Haber","image":{"@type":"ImageObject","inLanguage":"tr","@id":"https:\/\/vanxhaber.com\/#\/schema\/person\/image\/","url":"https:\/\/secure.gravatar.com\/avatar\/36f2f63826681263103acb5ca1e7bc1a6db11baea9b75dd091d89b74f2704b07?s=96&d=mm&r=g","contentUrl":"https:\/\/secure.gravatar.com\/avatar\/36f2f63826681263103acb5ca1e7bc1a6db11baea9b75dd091d89b74f2704b07?s=96&d=mm&r=g","caption":"Van X Haber"},"description":"Van X Haber Van'\u0131n ilk ve tek yeni nesil Van Haber merkezi. Son Dakika Van Haberleri ve G\u00fcncel Van haber merkezinde s\u0131cak geli\u015fmeleri aktarmaya devam edece\u011fiz.","url":"https:\/\/vanxhaber.com\/index.php\/author\/vangazetesi\/"}]}},"_links":{"self":[{"href":"https:\/\/vanxhaber.com\/index.php\/wp-json\/wp\/v2\/posts\/1658","targetHints":{"allow":["GET"]}}],"collection":[{"href":"https:\/\/vanxhaber.com\/index.php\/wp-json\/wp\/v2\/posts"}],"about":[{"href":"https:\/\/vanxhaber.com\/index.php\/wp-json\/wp\/v2\/types\/post"}],"author":[{"embeddable":true,"href":"https:\/\/vanxhaber.com\/index.php\/wp-json\/wp\/v2\/users\/2"}],"replies":[{"embeddable":true,"href":"https:\/\/vanxhaber.com\/index.php\/wp-json\/wp\/v2\/comments?post=1658"}],"version-history":[{"count":1,"href":"https:\/\/vanxhaber.com\/index.php\/wp-json\/wp\/v2\/posts\/1658\/revisions"}],"predecessor-version":[{"id":1661,"href":"https:\/\/vanxhaber.com\/index.php\/wp-json\/wp\/v2\/posts\/1658\/revisions\/1661"}],"wp:featuredmedia":[{"embeddable":true,"href":"https:\/\/vanxhaber.com\/index.php\/wp-json\/wp\/v2\/media\/1660"}],"wp:attachment":[{"href":"https:\/\/vanxhaber.com\/index.php\/wp-json\/wp\/v2\/media?parent=1658"}],"wp:term":[{"taxonomy":"category","embeddable":true,"href":"https:\/\/vanxhaber.com\/index.php\/wp-json\/wp\/v2\/categories?post=1658"},{"taxonomy":"post_tag","embeddable":true,"href":"https:\/\/vanxhaber.com\/index.php\/wp-json\/wp\/v2\/tags?post=1658"}],"curies":[{"name":"wp","href":"https:\/\/api.w.org\/{rel}","templated":true}]}}