{"id":1662,"date":"2024-02-12T08:49:38","date_gmt":"2024-02-12T08:49:38","guid":{"rendered":"https:\/\/vanxhaber.com\/?p=1662"},"modified":"2024-02-12T08:49:39","modified_gmt":"2024-02-12T08:49:39","slug":"baskan-berge-basinla-bir-araya-geldi","status":"publish","type":"post","link":"https:\/\/vanxhaber.com\/index.php\/2024\/02\/12\/baskan-berge-basinla-bir-araya-geldi\/","title":{"rendered":"Ba\u015fkan Berge bas\u0131nla bir araya geldi"},"content":{"rendered":"\n<p><strong>Ak Parti&#8217;<\/strong>den \u0130pekyolu Belediye Ba\u015fkan Aday\u0131 \u0130sa Berge, ama\u00e7lar\u0131n\u0131n hizmet oldu\u011funu s\u00f6yleyerek, &#8220;Derdimiz koltuk de\u011fil. \u00dc\u00e7 koltukta ba\u015fkand\u0131k zaten. Belediye ba\u015fkan aday\u0131 olmam\u0131z\u0131n tek bir gerek\u00e7esi var, o da halk\u0131m\u0131za, memleketimize hizmet etmektir. \u0130nan\u0131n bir belediyeyi y\u00f6netmek bilindi\u011fi gibi zor de\u011fildir. Sorunlar\u0131 yakinen biliyoruz, \u00e7\u00f6z\u00fcm yollar\u0131 da bellidir. Ekip halinde \u00e7al\u0131\u015f\u0131p, hizmet edece\u011fiz&#8221; diye konu\u015ftu.<\/p>\n\n\n\n<p>31 Mart 2024 tarihinde yap\u0131lacak olan yerel se\u00e7imlere bir bu\u00e7uk ay gibi bir s\u00fcre kald\u0131. Siyasi hareketlili\u011fin artt\u0131\u011f\u0131 Van&#8217;da, belediye ba\u015fkan adaylar\u0131 da kazanmalar\u0131 halinde yapacaklar\u0131 hizmetleri bas\u0131n arac\u0131l\u0131\u011f\u0131yla kamuoyuna anlat\u0131yor. Gazetecilerle bir araya gelen Ak Parti&#8217;nin \u0130pekyolu \u0130l\u00e7e Belediye Ba\u015fkan Aday\u0131 \u0130sa Berge, esnaf odalar\u0131 ba\u015fkanl\u0131\u011f\u0131 yapmas\u0131n\u0131n avantaj\u0131yla, sorunlar\u0131 \u00e7ok iyi bildi\u011fini, \u00e7\u00f6z\u00fcm yollar\u0131na da uzak olmad\u0131klar\u0131n\u0131 dile getirdi.Van&#8217;da bir otelde  bas\u0131n ile tan\u0131\u015fma ve de\u011ferlendirme program\u0131na; \u0130pekyolu Belediye Ba\u015fkan Aday\u0131 \u0130sa Berge&#8217;nin yan\u0131 s\u0131ra; \u0130pekyolu \u0130l\u00e7e Ba\u015fkan\u0131 Yavuz Ku\u015fan, Kad\u0131n Kollar\u0131 Ba\u015fkan\u0131 Suzan T\u00fcrko\u011flu, Gen\u00e7lik Kollar\u0131 Ba\u015fkan\u0131 Sedat Avc\u0131, Tan\u0131t\u0131m ve Medya Ba\u015fkan\u0131 Burak G\u00fcltepe, partililer ve gazeteciler kat\u0131ld\u0131. <\/p>\n\n\n\n<p><strong>KU\u015eAN: KAZANMAK \u0130\u00c7\u0130N HEP SAHADA OLACA\u011eIZ <\/strong><\/p>\n\n\n\n<p>Kahvalt\u0131l\u0131 bas\u0131n toplant\u0131s\u0131nda ilk s\u00f6z\u00fc alan \u0130pekyolu \u0130l\u00e7e Ba\u015fkan\u0131 Yavuz Ku\u015fan, \u0130sa Berge&#8217;nin il\u00e7ede kazanacak isimlerden biri oldu\u011funa inand\u0131klar\u0131n\u0131 belirterek, kendisine ba\u015far\u0131lar diledi. Ku\u015fan, yerel se\u00e7imlere kadar sahada en yo\u011fun \u015fekilde \u00e7al\u0131\u015facaklar\u0131n\u0131 ve \u0130pekyolu&#8217;nu &#8216;Ak Belediyecilik&#8217; ile bulu\u015fturmak i\u00e7in gayret g\u00f6stereceklerini dile getirdi. Ku\u015fan, yakla\u015f\u0131k 10 g\u00fcn \u00f6nce vefat eden Gazeteci Murat \u00c7urku&#8217;yu da rahmetle and\u0131. Daha sonra s\u00f6z alan \u0130pekyolu \u0130l\u00e7e Belediye Ba\u015fkan Aday\u0131 \u0130sa Berge, s\u00f6zlerine Gazeteci Murat \u00c7urku&#8217;yu rahmetle anarak ba\u015flad\u0131. <\/p>\n\n\n\n<p><strong>BERGE: GAZETEC\u0130LER\u0130N DE\u011eERLEND\u0130RMELER\u0130 B\u0130ZLER \u0130\u00c7\u0130N \u00c7OK \u00d6NEML\u0130 <\/strong><\/p>\n\n\n\n<p>Davetlerine icabet eden gazetecilere te\u015fekk\u00fcr eden Berge, &#8220;Y\u0131llard\u0131r meslek kurulu\u015flar\u0131nda g\u00f6rev yapt\u0131m. Sizlerle s\u00fcrekli bir araya geldik. Benim halen esnaf odalar\u0131 ba\u015fkanl\u0131\u011f\u0131 g\u00f6revim devam ediyor. K\u0131ymetli bas\u0131n mensuplar\u0131 \u015fehri sizler bizden daha iyi biliyorsunuz. \u0130l\u00e7emizin de sorun ve s\u0131k\u0131nt\u0131lar\u0131na sizler daha fazla \u015fahitlik ediyorsunuz. Bug\u00fcnk\u00fc toplant\u0131m\u0131z\u0131n as\u0131l amac\u0131 tan\u0131\u015fmak ve sorunlar\u0131 masaya yat\u0131r\u0131p isti\u015fare yapmakt\u0131r. Siz bas\u0131n mensuplar\u0131n\u0131n da g\u00f6r\u00fc\u015fleri ve de\u011ferlendirmeleri bizler i\u00e7in \u00e7ok \u00f6nemlidir&#8221; dedi. T\u00fcm olumsuzluklar\u0131 bir tarafa b\u0131rakarak Van ve \u0130pekyolu i\u00e7in neler yap\u0131laca\u011f\u0131 konusunda kafa yoracaklar\u0131n\u0131 anlatan \u0130sa Berge, &#8220;Sizin fikirleriniz olmazsa, bizim de eksikliklerimiz olur. Umar\u0131m bug\u00fcnk\u00fc toplant\u0131m\u0131zda gazetecilerin de g\u00f6z\u00fcyle sorunlar\u0131 konu\u015faca\u011f\u0131z&#8221; ifadelerini kulland\u0131. Gazetecilerin sorular\u0131n\u0131 da yan\u0131tlayan Berge, &#8220;Kendimize g\u00f6re altyap\u0131m\u0131z haz\u0131r. Projelerimizi de yak\u0131n s\u00fcre\u00e7te a\u00e7\u0131klayaca\u011f\u0131z in\u015fallah&#8221; dedi. <\/p>\n\n\n\n<p><strong>&#8220;ESNAF SORUNLARI \u0130LE \u0130LG\u0130L\u0130 S\u00dcREKL\u0130 BELED\u0130YELERE G\u0130D\u0130P GEL\u0130YORDUM&#8221; <\/strong><\/p>\n\n\n\n<p>Ak Parti&#8217;den <strong>\u0130pekyolu Belediye Ba\u015fkan Aday\u0131<\/strong> olmas\u0131n\u0131n s\u00fcrpriz olup olmad\u0131\u011f\u0131n\u0131, siyasete iktidar partisinden at\u0131lma gibi bir hayalinin olup olmad\u0131\u011f\u0131 ile ilgili soruyu yan\u0131tlayan Berge, &#8220;Beni belediye ba\u015fkan adayl\u0131\u011f\u0131na iten s\u00fcre\u00e7ler oldu. Y\u0131llard\u0131r esnaf odalar\u0131 ba\u015fkanl\u0131\u011f\u0131 yapt\u0131m. Zab\u0131ta kadar kimse benim kadar belediyeye gidip gelmedi. Belediyelerin \u00f6nce g\u00f6rmezden geldi\u011fi, sonra tamamland\u0131ktan sonra ceza kesti\u011fi yerler oldu. Yine tente cezalar\u0131ndan dolay\u0131 defalarca esnaflar\u0131n hakk\u0131n\u0131 savunduk. Bu durumlar bizi belediye ba\u015fkan adayl\u0131\u011f\u0131na itti. \u0130nan\u0131n benim amac\u0131m hizmettir. Vatanda\u015flar\u0131m\u0131za da se\u00e7imlerde hizmete oy vermelerini istiyorum. Hedefimiz, memleketimize, halk\u0131m\u0131za hizmet etmektir. Benim \u00fc\u00e7 koltu\u011fum vard\u0131. Derdim koltuk olsayd\u0131, buraya gelmezdim&#8221; ifadelerini kulland\u0131.<\/p>\n\n\n\n<p><strong> &#8220;BELED\u0130YEN\u0130N H\u0130ZMET B\u0130NASI YOKKEN, FARKLI H\u0130ZMETLERE Y\u00d6NELMEK YANLI\u015e&#8221;<\/strong><\/p>\n\n\n\n<p> Her hizmetin de\u011ferli oldu\u011funu, ancak yap\u0131lmas\u0131 gereken acil hizmetler oldu\u011funu vurgulayan Berge, &#8220;Belediyemizin \u015fu an hizmet binas\u0131 yok. Kalk\u0131p gen\u00e7lik hizmetleri kuruluyorsa bu yanl\u0131\u015ft\u0131r. Gidersiniz Gen\u00e7lik Spor Bakanl\u0131\u011f\u0131 ile g\u00f6r\u00fc\u015f\u00fcp o t\u00fcr hizmetleri onlar\u0131n kayna\u011f\u0131yla yapars\u0131n\u0131z. Yine mesela &#8216;a&#8217; \u015fahs\u0131 \u015fehrin bir ucundan gelip \u0130pekyolu&#8217;nda belediye ba\u015fkanl\u0131\u011f\u0131 g\u00f6revini yap\u0131yor. Bizler t\u00fcm il\u00e7eyi ad\u0131m ad\u0131m biliyoruz. \u0130nan\u0131n bu kuvveti kendimde bulmasayd\u0131m, aday olmazd\u0131m. Belediyeyi y\u00f6netmek zor de\u011fildir. Gidece\u011fiz, halk\u0131n sorunlar\u0131n\u0131 onlardan \u00f6\u011frenip, \u00e7\u00f6zmek i\u00e7in gayret g\u00f6sterece\u011fiz. Belediyeyi y\u00f6netmek i\u00e7in Allah&#8217;tan korkup kaynaklar\u0131 do\u011fru harcarsak, bu i\u015fi hallederiz&#8221; dedi. <\/p>\n\n\n\n<p><strong>&#8220;K\u00dcSK\u00dcNL\u00dcKLER\u0130 G\u0130DERMEK \u0130\u00c7\u0130N GAYRET G\u00d6STERECE\u011e\u0130Z&#8221; <\/strong><\/p>\n\n\n\n<p>Ak Parti&#8217;den k\u00fcsenler oldu\u011fuyla ilgili soruyu yan\u0131tlayan Berge, &#8220;Ge\u00e7mi\u015fte de k\u00fcsk\u00fcnl\u00fckler oldu. Bunu biliyoruz. Bana g\u00f6rev tevdi edildikten sonra, partiden k\u00fcsenler beni aray\u0131p, k\u00fcsk\u00fcnl\u00fckleri bir tarafa b\u0131rakacaklar\u0131n\u0131 s\u00f6ylediler. \u0130n\u015fallah bizler de k\u00fcsk\u00fcnl\u00fckleri gidermek i\u00e7in gayret g\u00f6sterece\u011fiz&#8221; dedi. S\u00fcre\u00e7 i\u00e7erisinde kazanmalar\u0131 halinde esnaflar ile ilgili de ad\u0131mlar atacaklar\u0131n\u0131 anlatan Berge, &#8220;B\u00fcy\u00fck\u015fehir belediyesini de kazanmam\u0131z halinde esnaflarla ilgili bir daire ba\u015fkanl\u0131\u011f\u0131 veya birim kuraca\u011f\u0131z. \u00c7\u00fcnk\u00fc onlar\u0131n sorunlar\u0131n\u0131 en iyi bilenlerden biriyim. \u00c7\u00f6z\u00fcm i\u00e7in de ne yap\u0131laca\u011f\u0131n\u0131 biliyorum. \u0130l\u00e7emizde kronikle\u015fen ve bir\u00e7ok ki\u015finin yakinen bildi\u011fi sorunlar da ortada. Bunlar\u0131n \u00e7\u00f6z\u00fcm\u00fc i\u00e7in gayret g\u00f6sterece\u011fiz&#8221; ifadelerini kulland\u0131. Cumhurba\u015fkan\u0131 Ba\u015fdan\u0131\u015fman\u0131 G\u00fcl\u015fen Orhan da program\u0131n sonlar\u0131na do\u011fru kat\u0131larak, k\u0131sa bir de\u011ferlendirme yapt\u0131. Kendisinin de \u0130pekyolu b\u00f6lgesinde g\u00f6revli oldu\u011funu anlatan Orhan, &#8220;Ba\u015fkana destek ama\u00e7l\u0131 buraday\u0131z. \u0130sa Berge&#8217;yi sizler iyi tan\u0131yorsunuz. Kendisi k\u0131ymetli bir isim. Belediye ba\u015fkan\u0131 halka hizmetk\u00e2r olmakt\u0131r. \u0130n\u015fallah \u0130sa Berge de g\u00fczel \u00e7al\u0131\u015fmalar yapacakt\u0131r&#8221; diye konu\u015ftu. Olgulardan ziyade, alg\u0131lar\u0131n da bazen se\u00e7imlerin kazan\u0131lmas\u0131nda bir etken oldu\u011funu vurgulayan G\u00fcl\u015fen Orhan, &#8220;Biz, &#8216;kazanaca\u011f\u0131z&#8217; diye yolu \u00e7\u0131kt\u0131k. Tedbiri de elden b\u0131rakmayaca\u011f\u0131z. G\u00fczel hizmetler yapmak i\u00e7in gayret g\u00f6sterece\u011fiz&#8221; dedi.<\/p>\n","protected":false},"excerpt":{"rendered":"<p>Ak Parti&#8217;den \u0130pekyolu Belediye Ba\u015fkan Aday\u0131 \u0130sa Berge, ama\u00e7lar\u0131n\u0131n hizmet oldu\u011funu s\u00f6yleyerek, &#8220;Derdimiz koltuk de\u011fil. \u00dc\u00e7 koltukta ba\u015fkand\u0131k zaten. Belediye ba\u015fkan aday\u0131 olmam\u0131z\u0131n tek bir gerek\u00e7esi var, o da halk\u0131m\u0131za, memleketimize hizmet etmektir. \u0130nan\u0131n bir belediyeyi y\u00f6netmek bilindi\u011fi gibi zor de\u011fildir. Sorunlar\u0131 yakinen biliyoruz, \u00e7\u00f6z\u00fcm yollar\u0131 da bellidir. Ekip halinde \u00e7al\u0131\u015f\u0131p, hizmet edece\u011fiz&#8221; diye konu\u015ftu. &hellip;<\/p>\n","protected":false},"author":2,"featured_media":1664,"comment_status":"open","ping_status":"closed","sticky":false,"template":"","format":"standard","meta":{"googlesitekit_rrm_CAowot3VCw:productID":"","footnotes":""},"categories":[1,24,26],"tags":[],"class_list":["post-1662","post","type-post","status-publish","format-standard","has-post-thumbnail","hentry","category-van-haber","category-van-haberleri","category-van-siyaset"],"yoast_head":"<!-- This site is optimized with the Yoast SEO Premium plugin v21.7 (Yoast SEO v26.7) - https:\/\/yoast.com\/wordpress\/plugins\/seo\/ -->\n<title>Ba\u015fkan Berge bas\u0131nla bir araya geldi - Van Haber | Van X Haber | Van Haberleri<\/title>\n<meta name=\"robots\" content=\"index, follow, max-snippet:-1, max-image-preview:large, max-video-preview:-1\" \/>\n<link rel=\"canonical\" href=\"https:\/\/vanxhaber.com\/index.php\/2024\/02\/12\/baskan-berge-basinla-bir-araya-geldi\/\" \/>\n<meta property=\"og:locale\" content=\"tr_TR\" \/>\n<meta property=\"og:type\" content=\"article\" \/>\n<meta property=\"og:title\" content=\"Ba\u015fkan Berge bas\u0131nla bir araya geldi\" \/>\n<meta property=\"og:description\" content=\"Ak Parti&#8217;den \u0130pekyolu Belediye Ba\u015fkan Aday\u0131 \u0130sa Berge, ama\u00e7lar\u0131n\u0131n hizmet oldu\u011funu s\u00f6yleyerek, &#8220;Derdimiz koltuk de\u011fil. \u00dc\u00e7 koltukta ba\u015fkand\u0131k zaten. Belediye ba\u015fkan aday\u0131 olmam\u0131z\u0131n tek bir gerek\u00e7esi var, o da halk\u0131m\u0131za, memleketimize hizmet etmektir. \u0130nan\u0131n bir belediyeyi y\u00f6netmek bilindi\u011fi gibi zor de\u011fildir. Sorunlar\u0131 yakinen biliyoruz, \u00e7\u00f6z\u00fcm yollar\u0131 da bellidir. Ekip halinde \u00e7al\u0131\u015f\u0131p, hizmet edece\u011fiz&#8221; diye konu\u015ftu. &hellip;\" \/>\n<meta property=\"og:url\" content=\"https:\/\/vanxhaber.com\/index.php\/2024\/02\/12\/baskan-berge-basinla-bir-araya-geldi\/\" \/>\n<meta property=\"og:site_name\" content=\"Van Haber | Van X Haber | Van Haberleri\" \/>\n<meta property=\"article:published_time\" content=\"2024-02-12T08:49:38+00:00\" \/>\n<meta property=\"article:modified_time\" content=\"2024-02-12T08:49:39+00:00\" \/>\n<meta property=\"og:image\" content=\"https:\/\/vanxhaber.com\/wp-content\/uploads\/2024\/02\/baskan-berge.jpg\" \/>\n\t<meta property=\"og:image:width\" content=\"641\" \/>\n\t<meta property=\"og:image:height\" content=\"380\" \/>\n\t<meta property=\"og:image:type\" content=\"image\/jpeg\" \/>\n<meta name=\"author\" content=\"Van X Haber\" \/>\n<meta name=\"twitter:card\" content=\"summary_large_image\" \/>\n<meta name=\"twitter:label1\" content=\"Yazan:\" \/>\n\t<meta name=\"twitter:data1\" content=\"Van X Haber\" \/>\n\t<meta name=\"twitter:label2\" content=\"Tahmini okuma s\u00fcresi\" \/>\n\t<meta name=\"twitter:data2\" content=\"5 dakika\" \/>\n<script type=\"application\/ld+json\" class=\"yoast-schema-graph\">{\"@context\":\"https:\/\/schema.org\",\"@graph\":[{\"@type\":\"Article\",\"@id\":\"https:\/\/vanxhaber.com\/index.php\/2024\/02\/12\/baskan-berge-basinla-bir-araya-geldi\/#article\",\"isPartOf\":{\"@id\":\"https:\/\/vanxhaber.com\/index.php\/2024\/02\/12\/baskan-berge-basinla-bir-araya-geldi\/\"},\"author\":{\"name\":\"Van X Haber\",\"@id\":\"https:\/\/vanxhaber.com\/#\/schema\/person\/a5fd8d89510cb5370e62ad176f7978ee\"},\"headline\":\"Ba\u015fkan Berge bas\u0131nla bir araya geldi\",\"datePublished\":\"2024-02-12T08:49:38+00:00\",\"dateModified\":\"2024-02-12T08:49:39+00:00\",\"mainEntityOfPage\":{\"@id\":\"https:\/\/vanxhaber.com\/index.php\/2024\/02\/12\/baskan-berge-basinla-bir-araya-geldi\/\"},\"wordCount\":1096,\"commentCount\":0,\"image\":{\"@id\":\"https:\/\/vanxhaber.com\/index.php\/2024\/02\/12\/baskan-berge-basinla-bir-araya-geldi\/#primaryimage\"},\"thumbnailUrl\":\"https:\/\/vanxhaber.com\/wp-content\/uploads\/2024\/02\/baskan-berge.jpg\",\"articleSection\":[\"Van Haber\",\"Van Haberleri\",\"Van Siyaset\"],\"inLanguage\":\"tr\",\"potentialAction\":[{\"@type\":\"CommentAction\",\"name\":\"Comment\",\"target\":[\"https:\/\/vanxhaber.com\/index.php\/2024\/02\/12\/baskan-berge-basinla-bir-araya-geldi\/#respond\"]}],\"copyrightYear\":\"2024\",\"copyrightHolder\":{\"@id\":\"https:\/\/vanxhaber.com\/#organization\"}},{\"@type\":\"WebPage\",\"@id\":\"https:\/\/vanxhaber.com\/index.php\/2024\/02\/12\/baskan-berge-basinla-bir-araya-geldi\/\",\"url\":\"https:\/\/vanxhaber.com\/index.php\/2024\/02\/12\/baskan-berge-basinla-bir-araya-geldi\/\",\"name\":\"Ba\u015fkan Berge bas\u0131nla bir araya geldi - Van Haber | Van X Haber | Van Haberleri\",\"isPartOf\":{\"@id\":\"https:\/\/vanxhaber.com\/#website\"},\"primaryImageOfPage\":{\"@id\":\"https:\/\/vanxhaber.com\/index.php\/2024\/02\/12\/baskan-berge-basinla-bir-araya-geldi\/#primaryimage\"},\"image\":{\"@id\":\"https:\/\/vanxhaber.com\/index.php\/2024\/02\/12\/baskan-berge-basinla-bir-araya-geldi\/#primaryimage\"},\"thumbnailUrl\":\"https:\/\/vanxhaber.com\/wp-content\/uploads\/2024\/02\/baskan-berge.jpg\",\"datePublished\":\"2024-02-12T08:49:38+00:00\",\"dateModified\":\"2024-02-12T08:49:39+00:00\",\"author\":{\"@id\":\"https:\/\/vanxhaber.com\/#\/schema\/person\/a5fd8d89510cb5370e62ad176f7978ee\"},\"breadcrumb\":{\"@id\":\"https:\/\/vanxhaber.com\/index.php\/2024\/02\/12\/baskan-berge-basinla-bir-araya-geldi\/#breadcrumb\"},\"inLanguage\":\"tr\",\"potentialAction\":[{\"@type\":\"ReadAction\",\"target\":[\"https:\/\/vanxhaber.com\/index.php\/2024\/02\/12\/baskan-berge-basinla-bir-araya-geldi\/\"]}]},{\"@type\":\"ImageObject\",\"inLanguage\":\"tr\",\"@id\":\"https:\/\/vanxhaber.com\/index.php\/2024\/02\/12\/baskan-berge-basinla-bir-araya-geldi\/#primaryimage\",\"url\":\"https:\/\/vanxhaber.com\/wp-content\/uploads\/2024\/02\/baskan-berge.jpg\",\"contentUrl\":\"https:\/\/vanxhaber.com\/wp-content\/uploads\/2024\/02\/baskan-berge.jpg\",\"width\":641,\"height\":380},{\"@type\":\"BreadcrumbList\",\"@id\":\"https:\/\/vanxhaber.com\/index.php\/2024\/02\/12\/baskan-berge-basinla-bir-araya-geldi\/#breadcrumb\",\"itemListElement\":[{\"@type\":\"ListItem\",\"position\":1,\"name\":\"Anasayfa\",\"item\":\"https:\/\/vanxhaber.com\/\"},{\"@type\":\"ListItem\",\"position\":2,\"name\":\"Ba\u015fkan Berge bas\u0131nla bir araya geldi\"}]},{\"@type\":\"WebSite\",\"@id\":\"https:\/\/vanxhaber.com\/#website\",\"url\":\"https:\/\/vanxhaber.com\/\",\"name\":\"Van Haber | Van X Haber | Van Haberleri\",\"description\":\"Van Haber, Van&#039;\u0131n ilk yapay zeka teknolojileri ile yaz\u0131lan Van X Haber ve Van Haberlerini aktif g\u00fcncel sunan tek vanhaber merkezidir.\",\"potentialAction\":[{\"@type\":\"SearchAction\",\"target\":{\"@type\":\"EntryPoint\",\"urlTemplate\":\"https:\/\/vanxhaber.com\/?s={search_term_string}\"},\"query-input\":{\"@type\":\"PropertyValueSpecification\",\"valueRequired\":true,\"valueName\":\"search_term_string\"}}],\"inLanguage\":\"tr\"},{\"@type\":\"Person\",\"@id\":\"https:\/\/vanxhaber.com\/#\/schema\/person\/a5fd8d89510cb5370e62ad176f7978ee\",\"name\":\"Van X Haber\",\"image\":{\"@type\":\"ImageObject\",\"inLanguage\":\"tr\",\"@id\":\"https:\/\/vanxhaber.com\/#\/schema\/person\/image\/\",\"url\":\"https:\/\/secure.gravatar.com\/avatar\/36f2f63826681263103acb5ca1e7bc1a6db11baea9b75dd091d89b74f2704b07?s=96&d=mm&r=g\",\"contentUrl\":\"https:\/\/secure.gravatar.com\/avatar\/36f2f63826681263103acb5ca1e7bc1a6db11baea9b75dd091d89b74f2704b07?s=96&d=mm&r=g\",\"caption\":\"Van X Haber\"},\"description\":\"Van X Haber Van'\u0131n ilk ve tek yeni nesil Van Haber merkezi. Son Dakika Van Haberleri ve G\u00fcncel Van haber merkezinde s\u0131cak geli\u015fmeleri aktarmaya devam edece\u011fiz.\",\"url\":\"https:\/\/vanxhaber.com\/index.php\/author\/vangazetesi\/\"}]}<\/script>\n<!-- \/ Yoast SEO Premium plugin. -->","yoast_head_json":{"title":"Ba\u015fkan Berge bas\u0131nla bir araya geldi - Van Haber | Van X Haber | Van Haberleri","robots":{"index":"index","follow":"follow","max-snippet":"max-snippet:-1","max-image-preview":"max-image-preview:large","max-video-preview":"max-video-preview:-1"},"canonical":"https:\/\/vanxhaber.com\/index.php\/2024\/02\/12\/baskan-berge-basinla-bir-araya-geldi\/","og_locale":"tr_TR","og_type":"article","og_title":"Ba\u015fkan Berge bas\u0131nla bir araya geldi","og_description":"Ak Parti&#8217;den \u0130pekyolu Belediye Ba\u015fkan Aday\u0131 \u0130sa Berge, ama\u00e7lar\u0131n\u0131n hizmet oldu\u011funu s\u00f6yleyerek, &#8220;Derdimiz koltuk de\u011fil. \u00dc\u00e7 koltukta ba\u015fkand\u0131k zaten. Belediye ba\u015fkan aday\u0131 olmam\u0131z\u0131n tek bir gerek\u00e7esi var, o da halk\u0131m\u0131za, memleketimize hizmet etmektir. \u0130nan\u0131n bir belediyeyi y\u00f6netmek bilindi\u011fi gibi zor de\u011fildir. Sorunlar\u0131 yakinen biliyoruz, \u00e7\u00f6z\u00fcm yollar\u0131 da bellidir. Ekip halinde \u00e7al\u0131\u015f\u0131p, hizmet edece\u011fiz&#8221; diye konu\u015ftu. &hellip;","og_url":"https:\/\/vanxhaber.com\/index.php\/2024\/02\/12\/baskan-berge-basinla-bir-araya-geldi\/","og_site_name":"Van Haber | Van X Haber | Van Haberleri","article_published_time":"2024-02-12T08:49:38+00:00","article_modified_time":"2024-02-12T08:49:39+00:00","og_image":[{"width":641,"height":380,"url":"https:\/\/vanxhaber.com\/wp-content\/uploads\/2024\/02\/baskan-berge.jpg","type":"image\/jpeg"}],"author":"Van X Haber","twitter_card":"summary_large_image","twitter_misc":{"Yazan:":"Van X Haber","Tahmini okuma s\u00fcresi":"5 dakika"},"schema":{"@context":"https:\/\/schema.org","@graph":[{"@type":"Article","@id":"https:\/\/vanxhaber.com\/index.php\/2024\/02\/12\/baskan-berge-basinla-bir-araya-geldi\/#article","isPartOf":{"@id":"https:\/\/vanxhaber.com\/index.php\/2024\/02\/12\/baskan-berge-basinla-bir-araya-geldi\/"},"author":{"name":"Van X Haber","@id":"https:\/\/vanxhaber.com\/#\/schema\/person\/a5fd8d89510cb5370e62ad176f7978ee"},"headline":"Ba\u015fkan Berge bas\u0131nla bir araya geldi","datePublished":"2024-02-12T08:49:38+00:00","dateModified":"2024-02-12T08:49:39+00:00","mainEntityOfPage":{"@id":"https:\/\/vanxhaber.com\/index.php\/2024\/02\/12\/baskan-berge-basinla-bir-araya-geldi\/"},"wordCount":1096,"commentCount":0,"image":{"@id":"https:\/\/vanxhaber.com\/index.php\/2024\/02\/12\/baskan-berge-basinla-bir-araya-geldi\/#primaryimage"},"thumbnailUrl":"https:\/\/vanxhaber.com\/wp-content\/uploads\/2024\/02\/baskan-berge.jpg","articleSection":["Van Haber","Van Haberleri","Van Siyaset"],"inLanguage":"tr","potentialAction":[{"@type":"CommentAction","name":"Comment","target":["https:\/\/vanxhaber.com\/index.php\/2024\/02\/12\/baskan-berge-basinla-bir-araya-geldi\/#respond"]}],"copyrightYear":"2024","copyrightHolder":{"@id":"https:\/\/vanxhaber.com\/#organization"}},{"@type":"WebPage","@id":"https:\/\/vanxhaber.com\/index.php\/2024\/02\/12\/baskan-berge-basinla-bir-araya-geldi\/","url":"https:\/\/vanxhaber.com\/index.php\/2024\/02\/12\/baskan-berge-basinla-bir-araya-geldi\/","name":"Ba\u015fkan Berge bas\u0131nla bir araya geldi - Van Haber | Van X Haber | Van Haberleri","isPartOf":{"@id":"https:\/\/vanxhaber.com\/#website"},"primaryImageOfPage":{"@id":"https:\/\/vanxhaber.com\/index.php\/2024\/02\/12\/baskan-berge-basinla-bir-araya-geldi\/#primaryimage"},"image":{"@id":"https:\/\/vanxhaber.com\/index.php\/2024\/02\/12\/baskan-berge-basinla-bir-araya-geldi\/#primaryimage"},"thumbnailUrl":"https:\/\/vanxhaber.com\/wp-content\/uploads\/2024\/02\/baskan-berge.jpg","datePublished":"2024-02-12T08:49:38+00:00","dateModified":"2024-02-12T08:49:39+00:00","author":{"@id":"https:\/\/vanxhaber.com\/#\/schema\/person\/a5fd8d89510cb5370e62ad176f7978ee"},"breadcrumb":{"@id":"https:\/\/vanxhaber.com\/index.php\/2024\/02\/12\/baskan-berge-basinla-bir-araya-geldi\/#breadcrumb"},"inLanguage":"tr","potentialAction":[{"@type":"ReadAction","target":["https:\/\/vanxhaber.com\/index.php\/2024\/02\/12\/baskan-berge-basinla-bir-araya-geldi\/"]}]},{"@type":"ImageObject","inLanguage":"tr","@id":"https:\/\/vanxhaber.com\/index.php\/2024\/02\/12\/baskan-berge-basinla-bir-araya-geldi\/#primaryimage","url":"https:\/\/vanxhaber.com\/wp-content\/uploads\/2024\/02\/baskan-berge.jpg","contentUrl":"https:\/\/vanxhaber.com\/wp-content\/uploads\/2024\/02\/baskan-berge.jpg","width":641,"height":380},{"@type":"BreadcrumbList","@id":"https:\/\/vanxhaber.com\/index.php\/2024\/02\/12\/baskan-berge-basinla-bir-araya-geldi\/#breadcrumb","itemListElement":[{"@type":"ListItem","position":1,"name":"Anasayfa","item":"https:\/\/vanxhaber.com\/"},{"@type":"ListItem","position":2,"name":"Ba\u015fkan Berge bas\u0131nla bir araya geldi"}]},{"@type":"WebSite","@id":"https:\/\/vanxhaber.com\/#website","url":"https:\/\/vanxhaber.com\/","name":"Van Haber | Van X Haber | Van Haberleri","description":"Van Haber, Van&#039;\u0131n ilk yapay zeka teknolojileri ile yaz\u0131lan Van X Haber ve Van Haberlerini aktif g\u00fcncel sunan tek vanhaber merkezidir.","potentialAction":[{"@type":"SearchAction","target":{"@type":"EntryPoint","urlTemplate":"https:\/\/vanxhaber.com\/?s={search_term_string}"},"query-input":{"@type":"PropertyValueSpecification","valueRequired":true,"valueName":"search_term_string"}}],"inLanguage":"tr"},{"@type":"Person","@id":"https:\/\/vanxhaber.com\/#\/schema\/person\/a5fd8d89510cb5370e62ad176f7978ee","name":"Van X Haber","image":{"@type":"ImageObject","inLanguage":"tr","@id":"https:\/\/vanxhaber.com\/#\/schema\/person\/image\/","url":"https:\/\/secure.gravatar.com\/avatar\/36f2f63826681263103acb5ca1e7bc1a6db11baea9b75dd091d89b74f2704b07?s=96&d=mm&r=g","contentUrl":"https:\/\/secure.gravatar.com\/avatar\/36f2f63826681263103acb5ca1e7bc1a6db11baea9b75dd091d89b74f2704b07?s=96&d=mm&r=g","caption":"Van X Haber"},"description":"Van X Haber Van'\u0131n ilk ve tek yeni nesil Van Haber merkezi. Son Dakika Van Haberleri ve G\u00fcncel Van haber merkezinde s\u0131cak geli\u015fmeleri aktarmaya devam edece\u011fiz.","url":"https:\/\/vanxhaber.com\/index.php\/author\/vangazetesi\/"}]}},"_links":{"self":[{"href":"https:\/\/vanxhaber.com\/index.php\/wp-json\/wp\/v2\/posts\/1662","targetHints":{"allow":["GET"]}}],"collection":[{"href":"https:\/\/vanxhaber.com\/index.php\/wp-json\/wp\/v2\/posts"}],"about":[{"href":"https:\/\/vanxhaber.com\/index.php\/wp-json\/wp\/v2\/types\/post"}],"author":[{"embeddable":true,"href":"https:\/\/vanxhaber.com\/index.php\/wp-json\/wp\/v2\/users\/2"}],"replies":[{"embeddable":true,"href":"https:\/\/vanxhaber.com\/index.php\/wp-json\/wp\/v2\/comments?post=1662"}],"version-history":[{"count":1,"href":"https:\/\/vanxhaber.com\/index.php\/wp-json\/wp\/v2\/posts\/1662\/revisions"}],"predecessor-version":[{"id":1665,"href":"https:\/\/vanxhaber.com\/index.php\/wp-json\/wp\/v2\/posts\/1662\/revisions\/1665"}],"wp:featuredmedia":[{"embeddable":true,"href":"https:\/\/vanxhaber.com\/index.php\/wp-json\/wp\/v2\/media\/1664"}],"wp:attachment":[{"href":"https:\/\/vanxhaber.com\/index.php\/wp-json\/wp\/v2\/media?parent=1662"}],"wp:term":[{"taxonomy":"category","embeddable":true,"href":"https:\/\/vanxhaber.com\/index.php\/wp-json\/wp\/v2\/categories?post=1662"},{"taxonomy":"post_tag","embeddable":true,"href":"https:\/\/vanxhaber.com\/index.php\/wp-json\/wp\/v2\/tags?post=1662"}],"curies":[{"name":"wp","href":"https:\/\/api.w.org\/{rel}","templated":true}]}}