{"id":1670,"date":"2024-02-13T08:02:35","date_gmt":"2024-02-13T08:02:35","guid":{"rendered":"https:\/\/vanxhaber.com\/?p=1670"},"modified":"2024-02-13T08:02:37","modified_gmt":"2024-02-13T08:02:37","slug":"ozalpli-ogrenci-bilek-guresinde-birinci-oldu","status":"publish","type":"post","link":"https:\/\/vanxhaber.com\/index.php\/2024\/02\/13\/ozalpli-ogrenci-bilek-guresinde-birinci-oldu\/","title":{"rendered":"\u00d6zalpl\u0131 \u00f6\u011frenci bilek g\u00fcre\u015finde birinci oldu"},"content":{"rendered":"\n<p><strong>Van\u2019<\/strong>da d\u00fczenlenen okullar aras\u0131 bilek g\u00fcre\u015fi turnuvas\u0131nda <strong>\u00d6zalp<\/strong> Yat\u0131l\u0131 B\u00f6lge Okulu (Y\u0130BO) \u00f6\u011frencisi il birincisi oldu.<\/p>\n\n\n\n<p>Tu\u015fba Gen\u00e7lik Merkezi\u2019nde d\u00fczenlenen okullar\u0131 aras\u0131 bilek g\u00fcre\u015fi turnuvas\u0131nda Y\u0130BO \u00f6\u011frencisi Muhammet Efrahim Kep sol kolda Van birincisi, sa\u011f kolda ise Van \u00fc\u00e7\u00fcnc\u00fcs\u00fc oldu. Ayn\u0131 okulda okuyan Bedirhan Genez hem sa\u011f hem de sol kolda<strong> Van <\/strong>\u00fc\u00e7\u00fcnc\u00fcs\u00fc, Enes Ekber Zorli ise Van d\u00f6rd\u00fcnc\u00fcs\u00fc oldu. Turnuva ile ilgili bilgi veren \u00d6zalp Yat\u0131l\u0131 B\u00f6lge Okulu Beden E\u011fitimi \u00d6\u011fretmeni Davut Y\u0131ld\u0131r\u0131m\u00e7akar, \u201c\u00c7ok zor \u015fartlarda \u00e7al\u0131\u015ft\u0131k ve ge\u00e7en y\u0131ldan beri s\u0131k\u0131 bir \u00e7al\u0131\u015fma yapt\u0131k. \u0130ki y\u0131ld\u0131r imk\u00e2ns\u0131z\u0131 ba\u015far\u0131yoruz. B\u00fct\u00fcn bu imkans\u0131zl\u0131klara ra\u011fmen merkezdeki okullardan daha fazla madalya ald\u0131k. Bu ba\u015far\u0131lar\u0131 i\u00e7in \u00f6\u011frencilerimi kutluyorum&#8221; dedi.<\/p>\n","protected":false},"excerpt":{"rendered":"<p>Van\u2019da d\u00fczenlenen okullar aras\u0131 bilek g\u00fcre\u015fi turnuvas\u0131nda \u00d6zalp Yat\u0131l\u0131 B\u00f6lge Okulu (Y\u0130BO) \u00f6\u011frencisi il birincisi oldu. Tu\u015fba Gen\u00e7lik Merkezi\u2019nde d\u00fczenlenen okullar\u0131 aras\u0131 bilek g\u00fcre\u015fi turnuvas\u0131nda Y\u0130BO \u00f6\u011frencisi Muhammet Efrahim Kep sol kolda Van birincisi, sa\u011f kolda ise Van \u00fc\u00e7\u00fcnc\u00fcs\u00fc oldu. Ayn\u0131 okulda okuyan Bedirhan Genez hem sa\u011f hem de sol kolda Van \u00fc\u00e7\u00fcnc\u00fcs\u00fc, Enes Ekber &hellip;<\/p>\n","protected":false},"author":2,"featured_media":1672,"comment_status":"open","ping_status":"closed","sticky":false,"template":"","format":"standard","meta":{"googlesitekit_rrm_CAowot3VCw:productID":"","footnotes":""},"categories":[1,24],"tags":[],"class_list":["post-1670","post","type-post","status-publish","format-standard","has-post-thumbnail","hentry","category-van-haber","category-van-haberleri"],"yoast_head":"<!-- This site is optimized with the Yoast SEO Premium plugin v21.7 (Yoast SEO v26.7) - https:\/\/yoast.com\/wordpress\/plugins\/seo\/ -->\n<title>\u00d6zalpl\u0131 \u00f6\u011frenci bilek g\u00fcre\u015finde birinci oldu - Van Haber | Van X Haber | Van Haberleri<\/title>\n<meta name=\"robots\" content=\"index, follow, max-snippet:-1, max-image-preview:large, max-video-preview:-1\" \/>\n<link rel=\"canonical\" href=\"https:\/\/vanxhaber.com\/index.php\/2024\/02\/13\/ozalpli-ogrenci-bilek-guresinde-birinci-oldu\/\" \/>\n<meta property=\"og:locale\" content=\"tr_TR\" \/>\n<meta property=\"og:type\" content=\"article\" \/>\n<meta property=\"og:title\" content=\"\u00d6zalpl\u0131 \u00f6\u011frenci bilek g\u00fcre\u015finde birinci oldu\" \/>\n<meta property=\"og:description\" content=\"Van\u2019da d\u00fczenlenen okullar aras\u0131 bilek g\u00fcre\u015fi turnuvas\u0131nda \u00d6zalp Yat\u0131l\u0131 B\u00f6lge Okulu (Y\u0130BO) \u00f6\u011frencisi il birincisi oldu. Tu\u015fba Gen\u00e7lik Merkezi\u2019nde d\u00fczenlenen okullar\u0131 aras\u0131 bilek g\u00fcre\u015fi turnuvas\u0131nda Y\u0130BO \u00f6\u011frencisi Muhammet Efrahim Kep sol kolda Van birincisi, sa\u011f kolda ise Van \u00fc\u00e7\u00fcnc\u00fcs\u00fc oldu. Ayn\u0131 okulda okuyan Bedirhan Genez hem sa\u011f hem de sol kolda Van \u00fc\u00e7\u00fcnc\u00fcs\u00fc, Enes Ekber &hellip;\" \/>\n<meta property=\"og:url\" content=\"https:\/\/vanxhaber.com\/index.php\/2024\/02\/13\/ozalpli-ogrenci-bilek-guresinde-birinci-oldu\/\" \/>\n<meta property=\"og:site_name\" content=\"Van Haber | Van X Haber | Van Haberleri\" \/>\n<meta property=\"article:published_time\" content=\"2024-02-13T08:02:35+00:00\" \/>\n<meta property=\"article:modified_time\" content=\"2024-02-13T08:02:37+00:00\" \/>\n<meta property=\"og:image\" content=\"https:\/\/vanxhaber.com\/wp-content\/uploads\/2024\/02\/guresciler.jpg\" \/>\n\t<meta property=\"og:image:width\" content=\"641\" \/>\n\t<meta property=\"og:image:height\" content=\"380\" \/>\n\t<meta property=\"og:image:type\" content=\"image\/jpeg\" \/>\n<meta name=\"author\" content=\"Van X Haber\" \/>\n<meta name=\"twitter:card\" content=\"summary_large_image\" \/>\n<meta name=\"twitter:label1\" content=\"Yazan:\" \/>\n\t<meta name=\"twitter:data1\" content=\"Van X Haber\" \/>\n\t<meta name=\"twitter:label2\" content=\"Tahmini okuma s\u00fcresi\" \/>\n\t<meta name=\"twitter:data2\" content=\"1 dakika\" \/>\n<script type=\"application\/ld+json\" class=\"yoast-schema-graph\">{\"@context\":\"https:\/\/schema.org\",\"@graph\":[{\"@type\":\"Article\",\"@id\":\"https:\/\/vanxhaber.com\/index.php\/2024\/02\/13\/ozalpli-ogrenci-bilek-guresinde-birinci-oldu\/#article\",\"isPartOf\":{\"@id\":\"https:\/\/vanxhaber.com\/index.php\/2024\/02\/13\/ozalpli-ogrenci-bilek-guresinde-birinci-oldu\/\"},\"author\":{\"name\":\"Van X Haber\",\"@id\":\"https:\/\/vanxhaber.com\/#\/schema\/person\/a5fd8d89510cb5370e62ad176f7978ee\"},\"headline\":\"\u00d6zalpl\u0131 \u00f6\u011frenci bilek g\u00fcre\u015finde birinci oldu\",\"datePublished\":\"2024-02-13T08:02:35+00:00\",\"dateModified\":\"2024-02-13T08:02:37+00:00\",\"mainEntityOfPage\":{\"@id\":\"https:\/\/vanxhaber.com\/index.php\/2024\/02\/13\/ozalpli-ogrenci-bilek-guresinde-birinci-oldu\/\"},\"wordCount\":164,\"commentCount\":0,\"image\":{\"@id\":\"https:\/\/vanxhaber.com\/index.php\/2024\/02\/13\/ozalpli-ogrenci-bilek-guresinde-birinci-oldu\/#primaryimage\"},\"thumbnailUrl\":\"https:\/\/vanxhaber.com\/wp-content\/uploads\/2024\/02\/guresciler.jpg\",\"articleSection\":[\"Van Haber\",\"Van Haberleri\"],\"inLanguage\":\"tr\",\"potentialAction\":[{\"@type\":\"CommentAction\",\"name\":\"Comment\",\"target\":[\"https:\/\/vanxhaber.com\/index.php\/2024\/02\/13\/ozalpli-ogrenci-bilek-guresinde-birinci-oldu\/#respond\"]}],\"copyrightYear\":\"2024\",\"copyrightHolder\":{\"@id\":\"https:\/\/vanxhaber.com\/#organization\"}},{\"@type\":\"WebPage\",\"@id\":\"https:\/\/vanxhaber.com\/index.php\/2024\/02\/13\/ozalpli-ogrenci-bilek-guresinde-birinci-oldu\/\",\"url\":\"https:\/\/vanxhaber.com\/index.php\/2024\/02\/13\/ozalpli-ogrenci-bilek-guresinde-birinci-oldu\/\",\"name\":\"\u00d6zalpl\u0131 \u00f6\u011frenci bilek g\u00fcre\u015finde birinci oldu - Van Haber | Van X Haber | Van Haberleri\",\"isPartOf\":{\"@id\":\"https:\/\/vanxhaber.com\/#website\"},\"primaryImageOfPage\":{\"@id\":\"https:\/\/vanxhaber.com\/index.php\/2024\/02\/13\/ozalpli-ogrenci-bilek-guresinde-birinci-oldu\/#primaryimage\"},\"image\":{\"@id\":\"https:\/\/vanxhaber.com\/index.php\/2024\/02\/13\/ozalpli-ogrenci-bilek-guresinde-birinci-oldu\/#primaryimage\"},\"thumbnailUrl\":\"https:\/\/vanxhaber.com\/wp-content\/uploads\/2024\/02\/guresciler.jpg\",\"datePublished\":\"2024-02-13T08:02:35+00:00\",\"dateModified\":\"2024-02-13T08:02:37+00:00\",\"author\":{\"@id\":\"https:\/\/vanxhaber.com\/#\/schema\/person\/a5fd8d89510cb5370e62ad176f7978ee\"},\"breadcrumb\":{\"@id\":\"https:\/\/vanxhaber.com\/index.php\/2024\/02\/13\/ozalpli-ogrenci-bilek-guresinde-birinci-oldu\/#breadcrumb\"},\"inLanguage\":\"tr\",\"potentialAction\":[{\"@type\":\"ReadAction\",\"target\":[\"https:\/\/vanxhaber.com\/index.php\/2024\/02\/13\/ozalpli-ogrenci-bilek-guresinde-birinci-oldu\/\"]}]},{\"@type\":\"ImageObject\",\"inLanguage\":\"tr\",\"@id\":\"https:\/\/vanxhaber.com\/index.php\/2024\/02\/13\/ozalpli-ogrenci-bilek-guresinde-birinci-oldu\/#primaryimage\",\"url\":\"https:\/\/vanxhaber.com\/wp-content\/uploads\/2024\/02\/guresciler.jpg\",\"contentUrl\":\"https:\/\/vanxhaber.com\/wp-content\/uploads\/2024\/02\/guresciler.jpg\",\"width\":641,\"height\":380},{\"@type\":\"BreadcrumbList\",\"@id\":\"https:\/\/vanxhaber.com\/index.php\/2024\/02\/13\/ozalpli-ogrenci-bilek-guresinde-birinci-oldu\/#breadcrumb\",\"itemListElement\":[{\"@type\":\"ListItem\",\"position\":1,\"name\":\"Anasayfa\",\"item\":\"https:\/\/vanxhaber.com\/\"},{\"@type\":\"ListItem\",\"position\":2,\"name\":\"\u00d6zalpl\u0131 \u00f6\u011frenci bilek g\u00fcre\u015finde birinci oldu\"}]},{\"@type\":\"WebSite\",\"@id\":\"https:\/\/vanxhaber.com\/#website\",\"url\":\"https:\/\/vanxhaber.com\/\",\"name\":\"Van Haber | Van X Haber | Van Haberleri\",\"description\":\"Van Haber, Van&#039;\u0131n ilk yapay zeka teknolojileri ile yaz\u0131lan Van X Haber ve Van Haberlerini aktif g\u00fcncel sunan tek vanhaber merkezidir.\",\"potentialAction\":[{\"@type\":\"SearchAction\",\"target\":{\"@type\":\"EntryPoint\",\"urlTemplate\":\"https:\/\/vanxhaber.com\/?s={search_term_string}\"},\"query-input\":{\"@type\":\"PropertyValueSpecification\",\"valueRequired\":true,\"valueName\":\"search_term_string\"}}],\"inLanguage\":\"tr\"},{\"@type\":\"Person\",\"@id\":\"https:\/\/vanxhaber.com\/#\/schema\/person\/a5fd8d89510cb5370e62ad176f7978ee\",\"name\":\"Van X Haber\",\"image\":{\"@type\":\"ImageObject\",\"inLanguage\":\"tr\",\"@id\":\"https:\/\/vanxhaber.com\/#\/schema\/person\/image\/\",\"url\":\"https:\/\/secure.gravatar.com\/avatar\/36f2f63826681263103acb5ca1e7bc1a6db11baea9b75dd091d89b74f2704b07?s=96&d=mm&r=g\",\"contentUrl\":\"https:\/\/secure.gravatar.com\/avatar\/36f2f63826681263103acb5ca1e7bc1a6db11baea9b75dd091d89b74f2704b07?s=96&d=mm&r=g\",\"caption\":\"Van X Haber\"},\"description\":\"Van X Haber Van'\u0131n ilk ve tek yeni nesil Van Haber merkezi. Son Dakika Van Haberleri ve G\u00fcncel Van haber merkezinde s\u0131cak geli\u015fmeleri aktarmaya devam edece\u011fiz.\",\"url\":\"https:\/\/vanxhaber.com\/index.php\/author\/vangazetesi\/\"}]}<\/script>\n<!-- \/ Yoast SEO Premium plugin. -->","yoast_head_json":{"title":"\u00d6zalpl\u0131 \u00f6\u011frenci bilek g\u00fcre\u015finde birinci oldu - Van Haber | Van X Haber | Van Haberleri","robots":{"index":"index","follow":"follow","max-snippet":"max-snippet:-1","max-image-preview":"max-image-preview:large","max-video-preview":"max-video-preview:-1"},"canonical":"https:\/\/vanxhaber.com\/index.php\/2024\/02\/13\/ozalpli-ogrenci-bilek-guresinde-birinci-oldu\/","og_locale":"tr_TR","og_type":"article","og_title":"\u00d6zalpl\u0131 \u00f6\u011frenci bilek g\u00fcre\u015finde birinci oldu","og_description":"Van\u2019da d\u00fczenlenen okullar aras\u0131 bilek g\u00fcre\u015fi turnuvas\u0131nda \u00d6zalp Yat\u0131l\u0131 B\u00f6lge Okulu (Y\u0130BO) \u00f6\u011frencisi il birincisi oldu. Tu\u015fba Gen\u00e7lik Merkezi\u2019nde d\u00fczenlenen okullar\u0131 aras\u0131 bilek g\u00fcre\u015fi turnuvas\u0131nda Y\u0130BO \u00f6\u011frencisi Muhammet Efrahim Kep sol kolda Van birincisi, sa\u011f kolda ise Van \u00fc\u00e7\u00fcnc\u00fcs\u00fc oldu. Ayn\u0131 okulda okuyan Bedirhan Genez hem sa\u011f hem de sol kolda Van \u00fc\u00e7\u00fcnc\u00fcs\u00fc, Enes Ekber &hellip;","og_url":"https:\/\/vanxhaber.com\/index.php\/2024\/02\/13\/ozalpli-ogrenci-bilek-guresinde-birinci-oldu\/","og_site_name":"Van Haber | Van X Haber | Van Haberleri","article_published_time":"2024-02-13T08:02:35+00:00","article_modified_time":"2024-02-13T08:02:37+00:00","og_image":[{"width":641,"height":380,"url":"https:\/\/vanxhaber.com\/wp-content\/uploads\/2024\/02\/guresciler.jpg","type":"image\/jpeg"}],"author":"Van X Haber","twitter_card":"summary_large_image","twitter_misc":{"Yazan:":"Van X Haber","Tahmini okuma s\u00fcresi":"1 dakika"},"schema":{"@context":"https:\/\/schema.org","@graph":[{"@type":"Article","@id":"https:\/\/vanxhaber.com\/index.php\/2024\/02\/13\/ozalpli-ogrenci-bilek-guresinde-birinci-oldu\/#article","isPartOf":{"@id":"https:\/\/vanxhaber.com\/index.php\/2024\/02\/13\/ozalpli-ogrenci-bilek-guresinde-birinci-oldu\/"},"author":{"name":"Van X Haber","@id":"https:\/\/vanxhaber.com\/#\/schema\/person\/a5fd8d89510cb5370e62ad176f7978ee"},"headline":"\u00d6zalpl\u0131 \u00f6\u011frenci bilek g\u00fcre\u015finde birinci oldu","datePublished":"2024-02-13T08:02:35+00:00","dateModified":"2024-02-13T08:02:37+00:00","mainEntityOfPage":{"@id":"https:\/\/vanxhaber.com\/index.php\/2024\/02\/13\/ozalpli-ogrenci-bilek-guresinde-birinci-oldu\/"},"wordCount":164,"commentCount":0,"image":{"@id":"https:\/\/vanxhaber.com\/index.php\/2024\/02\/13\/ozalpli-ogrenci-bilek-guresinde-birinci-oldu\/#primaryimage"},"thumbnailUrl":"https:\/\/vanxhaber.com\/wp-content\/uploads\/2024\/02\/guresciler.jpg","articleSection":["Van Haber","Van Haberleri"],"inLanguage":"tr","potentialAction":[{"@type":"CommentAction","name":"Comment","target":["https:\/\/vanxhaber.com\/index.php\/2024\/02\/13\/ozalpli-ogrenci-bilek-guresinde-birinci-oldu\/#respond"]}],"copyrightYear":"2024","copyrightHolder":{"@id":"https:\/\/vanxhaber.com\/#organization"}},{"@type":"WebPage","@id":"https:\/\/vanxhaber.com\/index.php\/2024\/02\/13\/ozalpli-ogrenci-bilek-guresinde-birinci-oldu\/","url":"https:\/\/vanxhaber.com\/index.php\/2024\/02\/13\/ozalpli-ogrenci-bilek-guresinde-birinci-oldu\/","name":"\u00d6zalpl\u0131 \u00f6\u011frenci bilek g\u00fcre\u015finde birinci oldu - Van Haber | Van X Haber | Van Haberleri","isPartOf":{"@id":"https:\/\/vanxhaber.com\/#website"},"primaryImageOfPage":{"@id":"https:\/\/vanxhaber.com\/index.php\/2024\/02\/13\/ozalpli-ogrenci-bilek-guresinde-birinci-oldu\/#primaryimage"},"image":{"@id":"https:\/\/vanxhaber.com\/index.php\/2024\/02\/13\/ozalpli-ogrenci-bilek-guresinde-birinci-oldu\/#primaryimage"},"thumbnailUrl":"https:\/\/vanxhaber.com\/wp-content\/uploads\/2024\/02\/guresciler.jpg","datePublished":"2024-02-13T08:02:35+00:00","dateModified":"2024-02-13T08:02:37+00:00","author":{"@id":"https:\/\/vanxhaber.com\/#\/schema\/person\/a5fd8d89510cb5370e62ad176f7978ee"},"breadcrumb":{"@id":"https:\/\/vanxhaber.com\/index.php\/2024\/02\/13\/ozalpli-ogrenci-bilek-guresinde-birinci-oldu\/#breadcrumb"},"inLanguage":"tr","potentialAction":[{"@type":"ReadAction","target":["https:\/\/vanxhaber.com\/index.php\/2024\/02\/13\/ozalpli-ogrenci-bilek-guresinde-birinci-oldu\/"]}]},{"@type":"ImageObject","inLanguage":"tr","@id":"https:\/\/vanxhaber.com\/index.php\/2024\/02\/13\/ozalpli-ogrenci-bilek-guresinde-birinci-oldu\/#primaryimage","url":"https:\/\/vanxhaber.com\/wp-content\/uploads\/2024\/02\/guresciler.jpg","contentUrl":"https:\/\/vanxhaber.com\/wp-content\/uploads\/2024\/02\/guresciler.jpg","width":641,"height":380},{"@type":"BreadcrumbList","@id":"https:\/\/vanxhaber.com\/index.php\/2024\/02\/13\/ozalpli-ogrenci-bilek-guresinde-birinci-oldu\/#breadcrumb","itemListElement":[{"@type":"ListItem","position":1,"name":"Anasayfa","item":"https:\/\/vanxhaber.com\/"},{"@type":"ListItem","position":2,"name":"\u00d6zalpl\u0131 \u00f6\u011frenci bilek g\u00fcre\u015finde birinci oldu"}]},{"@type":"WebSite","@id":"https:\/\/vanxhaber.com\/#website","url":"https:\/\/vanxhaber.com\/","name":"Van Haber | Van X Haber | Van Haberleri","description":"Van Haber, Van&#039;\u0131n ilk yapay zeka teknolojileri ile yaz\u0131lan Van X Haber ve Van Haberlerini aktif g\u00fcncel sunan tek vanhaber merkezidir.","potentialAction":[{"@type":"SearchAction","target":{"@type":"EntryPoint","urlTemplate":"https:\/\/vanxhaber.com\/?s={search_term_string}"},"query-input":{"@type":"PropertyValueSpecification","valueRequired":true,"valueName":"search_term_string"}}],"inLanguage":"tr"},{"@type":"Person","@id":"https:\/\/vanxhaber.com\/#\/schema\/person\/a5fd8d89510cb5370e62ad176f7978ee","name":"Van X Haber","image":{"@type":"ImageObject","inLanguage":"tr","@id":"https:\/\/vanxhaber.com\/#\/schema\/person\/image\/","url":"https:\/\/secure.gravatar.com\/avatar\/36f2f63826681263103acb5ca1e7bc1a6db11baea9b75dd091d89b74f2704b07?s=96&d=mm&r=g","contentUrl":"https:\/\/secure.gravatar.com\/avatar\/36f2f63826681263103acb5ca1e7bc1a6db11baea9b75dd091d89b74f2704b07?s=96&d=mm&r=g","caption":"Van X Haber"},"description":"Van X Haber Van'\u0131n ilk ve tek yeni nesil Van Haber merkezi. Son Dakika Van Haberleri ve G\u00fcncel Van haber merkezinde s\u0131cak geli\u015fmeleri aktarmaya devam edece\u011fiz.","url":"https:\/\/vanxhaber.com\/index.php\/author\/vangazetesi\/"}]}},"_links":{"self":[{"href":"https:\/\/vanxhaber.com\/index.php\/wp-json\/wp\/v2\/posts\/1670","targetHints":{"allow":["GET"]}}],"collection":[{"href":"https:\/\/vanxhaber.com\/index.php\/wp-json\/wp\/v2\/posts"}],"about":[{"href":"https:\/\/vanxhaber.com\/index.php\/wp-json\/wp\/v2\/types\/post"}],"author":[{"embeddable":true,"href":"https:\/\/vanxhaber.com\/index.php\/wp-json\/wp\/v2\/users\/2"}],"replies":[{"embeddable":true,"href":"https:\/\/vanxhaber.com\/index.php\/wp-json\/wp\/v2\/comments?post=1670"}],"version-history":[{"count":1,"href":"https:\/\/vanxhaber.com\/index.php\/wp-json\/wp\/v2\/posts\/1670\/revisions"}],"predecessor-version":[{"id":1673,"href":"https:\/\/vanxhaber.com\/index.php\/wp-json\/wp\/v2\/posts\/1670\/revisions\/1673"}],"wp:featuredmedia":[{"embeddable":true,"href":"https:\/\/vanxhaber.com\/index.php\/wp-json\/wp\/v2\/media\/1672"}],"wp:attachment":[{"href":"https:\/\/vanxhaber.com\/index.php\/wp-json\/wp\/v2\/media?parent=1670"}],"wp:term":[{"taxonomy":"category","embeddable":true,"href":"https:\/\/vanxhaber.com\/index.php\/wp-json\/wp\/v2\/categories?post=1670"},{"taxonomy":"post_tag","embeddable":true,"href":"https:\/\/vanxhaber.com\/index.php\/wp-json\/wp\/v2\/tags?post=1670"}],"curies":[{"name":"wp","href":"https:\/\/api.w.org\/{rel}","templated":true}]}}