{"id":1674,"date":"2024-02-13T08:20:53","date_gmt":"2024-02-13T08:20:53","guid":{"rendered":"https:\/\/vanxhaber.com\/?p=1674"},"modified":"2024-02-13T08:20:55","modified_gmt":"2024-02-13T08:20:55","slug":"vanda-8-bin-583-ogrenciye-trafik-egitimi-verildi","status":"publish","type":"post","link":"https:\/\/vanxhaber.com\/index.php\/2024\/02\/13\/vanda-8-bin-583-ogrenciye-trafik-egitimi-verildi\/","title":{"rendered":"Van&#8217;da 8 bin 583 \u00f6\u011frenciye trafik e\u011fitimi verildi"},"content":{"rendered":"\n<p><br><strong>Van&#8217;da jandarma ekipleri, trafik bilincinin art\u0131r\u0131lmas\u0131 amac\u0131yla ge\u00e7en y\u0131l 8 bin 583 \u00f6\u011frenciye trafik e\u011fitimi verdi.<\/strong><\/p>\n\n\n\n<p>Van \u0130l Jandarma Komutanl\u0131\u011f\u0131 ekipleri, trafikte can ve mal kayb\u0131n\u0131n \u00f6nlenmesine y\u00f6nelik faaliyetlerini s\u00fcrd\u00fcr\u00fcyor. Kentte trafik bilincinin art\u0131r\u0131lmas\u0131na y\u00f6nelik \u00e7al\u0131\u015fma y\u00fcr\u00fcten ekipler, s\u0131k s\u0131k okullar\u0131 ziyaret ederek \u00f6\u011frencilerle bir araya geliyor, e\u011fitim faaliyetleri d\u00fczenliyor. Trafik G\u00fcvenli\u011fi Eylem Plan\u0131 kapsam\u0131nda ge\u00e7en y\u0131l kent merkezi ve k\u0131rsal mahallelerde 8 bin 583 \u00f6\u011frenciye trafik e\u011fitimi veren ekipler, il genelinde 8 bin 235 okul servisini denetledi, 4 bin 676 servis \u015fof\u00f6r\u00fcn\u00fc trafik g\u00fcvenli\u011fi konusunda bilgilendirdi.<\/p>\n\n\n\n<p>S\u00fcr\u00fcc\u00fclere trafik kurallar\u0131yla ilgili bro\u015f\u00fcr da\u011f\u0131tan ekipler, denetimlerde emniyet kemeri takman\u0131n \u00f6nemi, k\u0131\u015f lasti\u011fi zorunlulu\u011fu ve alkoll\u00fc ara\u00e7 kullanman\u0131n zararlar\u0131n\u0131 anlatt\u0131.<\/p>\n\n\n\n<p>Trafik g\u00fcvenli\u011finin sa\u011flanmas\u0131 ve kazalar\u0131n azalt\u0131lmas\u0131na y\u00f6nelik \u00e7al\u0131\u015fmalardan duyduklar\u0131 memnuniyeti dile getiren s\u00fcr\u00fcc\u00fcler ve \u00f6\u011frenciler, jandarma ekiplerine te\u015fekk\u00fcr etti.<\/p>\n","protected":false},"excerpt":{"rendered":"<p>Van&#8217;da jandarma ekipleri, trafik bilincinin art\u0131r\u0131lmas\u0131 amac\u0131yla ge\u00e7en y\u0131l 8 bin 583 \u00f6\u011frenciye trafik e\u011fitimi verdi. Van \u0130l Jandarma Komutanl\u0131\u011f\u0131 ekipleri, trafikte can ve mal kayb\u0131n\u0131n \u00f6nlenmesine y\u00f6nelik faaliyetlerini s\u00fcrd\u00fcr\u00fcyor. Kentte trafik bilincinin art\u0131r\u0131lmas\u0131na y\u00f6nelik \u00e7al\u0131\u015fma y\u00fcr\u00fcten ekipler, s\u0131k s\u0131k okullar\u0131 ziyaret ederek \u00f6\u011frencilerle bir araya geliyor, e\u011fitim faaliyetleri d\u00fczenliyor. Trafik G\u00fcvenli\u011fi Eylem Plan\u0131 kapsam\u0131nda &hellip;<\/p>\n","protected":false},"author":2,"featured_media":1676,"comment_status":"open","ping_status":"closed","sticky":false,"template":"","format":"standard","meta":{"googlesitekit_rrm_CAowot3VCw:productID":"","footnotes":""},"categories":[1,24],"tags":[],"class_list":["post-1674","post","type-post","status-publish","format-standard","has-post-thumbnail","hentry","category-van-haber","category-van-haberleri"],"yoast_head":"<!-- This site is optimized with the Yoast SEO Premium plugin v21.7 (Yoast SEO v26.7) - https:\/\/yoast.com\/wordpress\/plugins\/seo\/ -->\n<title>Van&#039;da 8 bin 583 \u00f6\u011frenciye trafik e\u011fitimi verildi - Van Haber | Van X Haber | Van Haberleri<\/title>\n<meta name=\"robots\" content=\"index, follow, max-snippet:-1, max-image-preview:large, max-video-preview:-1\" \/>\n<link rel=\"canonical\" href=\"https:\/\/vanxhaber.com\/index.php\/2024\/02\/13\/vanda-8-bin-583-ogrenciye-trafik-egitimi-verildi\/\" \/>\n<meta property=\"og:locale\" content=\"tr_TR\" \/>\n<meta property=\"og:type\" content=\"article\" \/>\n<meta property=\"og:title\" content=\"Van&#039;da 8 bin 583 \u00f6\u011frenciye trafik e\u011fitimi verildi\" \/>\n<meta property=\"og:description\" content=\"Van&#8217;da jandarma ekipleri, trafik bilincinin art\u0131r\u0131lmas\u0131 amac\u0131yla ge\u00e7en y\u0131l 8 bin 583 \u00f6\u011frenciye trafik e\u011fitimi verdi. Van \u0130l Jandarma Komutanl\u0131\u011f\u0131 ekipleri, trafikte can ve mal kayb\u0131n\u0131n \u00f6nlenmesine y\u00f6nelik faaliyetlerini s\u00fcrd\u00fcr\u00fcyor. Kentte trafik bilincinin art\u0131r\u0131lmas\u0131na y\u00f6nelik \u00e7al\u0131\u015fma y\u00fcr\u00fcten ekipler, s\u0131k s\u0131k okullar\u0131 ziyaret ederek \u00f6\u011frencilerle bir araya geliyor, e\u011fitim faaliyetleri d\u00fczenliyor. Trafik G\u00fcvenli\u011fi Eylem Plan\u0131 kapsam\u0131nda &hellip;\" \/>\n<meta property=\"og:url\" content=\"https:\/\/vanxhaber.com\/index.php\/2024\/02\/13\/vanda-8-bin-583-ogrenciye-trafik-egitimi-verildi\/\" \/>\n<meta property=\"og:site_name\" content=\"Van Haber | Van X Haber | Van Haberleri\" \/>\n<meta property=\"article:published_time\" content=\"2024-02-13T08:20:53+00:00\" \/>\n<meta property=\"article:modified_time\" content=\"2024-02-13T08:20:55+00:00\" \/>\n<meta property=\"og:image\" content=\"https:\/\/vanxhaber.com\/wp-content\/uploads\/2024\/02\/van-polisinden-egitim.jpg\" \/>\n\t<meta property=\"og:image:width\" content=\"641\" \/>\n\t<meta property=\"og:image:height\" content=\"380\" \/>\n\t<meta property=\"og:image:type\" content=\"image\/jpeg\" \/>\n<meta name=\"author\" content=\"Van X Haber\" \/>\n<meta name=\"twitter:card\" content=\"summary_large_image\" \/>\n<meta name=\"twitter:label1\" content=\"Yazan:\" \/>\n\t<meta name=\"twitter:data1\" content=\"Van X Haber\" \/>\n\t<meta name=\"twitter:label2\" content=\"Tahmini okuma s\u00fcresi\" \/>\n\t<meta name=\"twitter:data2\" content=\"1 dakika\" \/>\n<script type=\"application\/ld+json\" class=\"yoast-schema-graph\">{\"@context\":\"https:\/\/schema.org\",\"@graph\":[{\"@type\":\"Article\",\"@id\":\"https:\/\/vanxhaber.com\/index.php\/2024\/02\/13\/vanda-8-bin-583-ogrenciye-trafik-egitimi-verildi\/#article\",\"isPartOf\":{\"@id\":\"https:\/\/vanxhaber.com\/index.php\/2024\/02\/13\/vanda-8-bin-583-ogrenciye-trafik-egitimi-verildi\/\"},\"author\":{\"name\":\"Van X Haber\",\"@id\":\"https:\/\/vanxhaber.com\/#\/schema\/person\/a5fd8d89510cb5370e62ad176f7978ee\"},\"headline\":\"Van&#8217;da 8 bin 583 \u00f6\u011frenciye trafik e\u011fitimi verildi\",\"datePublished\":\"2024-02-13T08:20:53+00:00\",\"dateModified\":\"2024-02-13T08:20:55+00:00\",\"mainEntityOfPage\":{\"@id\":\"https:\/\/vanxhaber.com\/index.php\/2024\/02\/13\/vanda-8-bin-583-ogrenciye-trafik-egitimi-verildi\/\"},\"wordCount\":186,\"commentCount\":0,\"image\":{\"@id\":\"https:\/\/vanxhaber.com\/index.php\/2024\/02\/13\/vanda-8-bin-583-ogrenciye-trafik-egitimi-verildi\/#primaryimage\"},\"thumbnailUrl\":\"https:\/\/vanxhaber.com\/wp-content\/uploads\/2024\/02\/van-polisinden-egitim.jpg\",\"articleSection\":[\"Van Haber\",\"Van Haberleri\"],\"inLanguage\":\"tr\",\"potentialAction\":[{\"@type\":\"CommentAction\",\"name\":\"Comment\",\"target\":[\"https:\/\/vanxhaber.com\/index.php\/2024\/02\/13\/vanda-8-bin-583-ogrenciye-trafik-egitimi-verildi\/#respond\"]}],\"copyrightYear\":\"2024\",\"copyrightHolder\":{\"@id\":\"https:\/\/vanxhaber.com\/#organization\"}},{\"@type\":\"WebPage\",\"@id\":\"https:\/\/vanxhaber.com\/index.php\/2024\/02\/13\/vanda-8-bin-583-ogrenciye-trafik-egitimi-verildi\/\",\"url\":\"https:\/\/vanxhaber.com\/index.php\/2024\/02\/13\/vanda-8-bin-583-ogrenciye-trafik-egitimi-verildi\/\",\"name\":\"Van'da 8 bin 583 \u00f6\u011frenciye trafik e\u011fitimi verildi - Van Haber | Van X Haber | Van Haberleri\",\"isPartOf\":{\"@id\":\"https:\/\/vanxhaber.com\/#website\"},\"primaryImageOfPage\":{\"@id\":\"https:\/\/vanxhaber.com\/index.php\/2024\/02\/13\/vanda-8-bin-583-ogrenciye-trafik-egitimi-verildi\/#primaryimage\"},\"image\":{\"@id\":\"https:\/\/vanxhaber.com\/index.php\/2024\/02\/13\/vanda-8-bin-583-ogrenciye-trafik-egitimi-verildi\/#primaryimage\"},\"thumbnailUrl\":\"https:\/\/vanxhaber.com\/wp-content\/uploads\/2024\/02\/van-polisinden-egitim.jpg\",\"datePublished\":\"2024-02-13T08:20:53+00:00\",\"dateModified\":\"2024-02-13T08:20:55+00:00\",\"author\":{\"@id\":\"https:\/\/vanxhaber.com\/#\/schema\/person\/a5fd8d89510cb5370e62ad176f7978ee\"},\"breadcrumb\":{\"@id\":\"https:\/\/vanxhaber.com\/index.php\/2024\/02\/13\/vanda-8-bin-583-ogrenciye-trafik-egitimi-verildi\/#breadcrumb\"},\"inLanguage\":\"tr\",\"potentialAction\":[{\"@type\":\"ReadAction\",\"target\":[\"https:\/\/vanxhaber.com\/index.php\/2024\/02\/13\/vanda-8-bin-583-ogrenciye-trafik-egitimi-verildi\/\"]}]},{\"@type\":\"ImageObject\",\"inLanguage\":\"tr\",\"@id\":\"https:\/\/vanxhaber.com\/index.php\/2024\/02\/13\/vanda-8-bin-583-ogrenciye-trafik-egitimi-verildi\/#primaryimage\",\"url\":\"https:\/\/vanxhaber.com\/wp-content\/uploads\/2024\/02\/van-polisinden-egitim.jpg\",\"contentUrl\":\"https:\/\/vanxhaber.com\/wp-content\/uploads\/2024\/02\/van-polisinden-egitim.jpg\",\"width\":641,\"height\":380},{\"@type\":\"BreadcrumbList\",\"@id\":\"https:\/\/vanxhaber.com\/index.php\/2024\/02\/13\/vanda-8-bin-583-ogrenciye-trafik-egitimi-verildi\/#breadcrumb\",\"itemListElement\":[{\"@type\":\"ListItem\",\"position\":1,\"name\":\"Anasayfa\",\"item\":\"https:\/\/vanxhaber.com\/\"},{\"@type\":\"ListItem\",\"position\":2,\"name\":\"Van&#8217;da 8 bin 583 \u00f6\u011frenciye trafik e\u011fitimi verildi\"}]},{\"@type\":\"WebSite\",\"@id\":\"https:\/\/vanxhaber.com\/#website\",\"url\":\"https:\/\/vanxhaber.com\/\",\"name\":\"Van Haber | Van X Haber | Van Haberleri\",\"description\":\"Van Haber, Van&#039;\u0131n ilk yapay zeka teknolojileri ile yaz\u0131lan Van X Haber ve Van Haberlerini aktif g\u00fcncel sunan tek vanhaber merkezidir.\",\"potentialAction\":[{\"@type\":\"SearchAction\",\"target\":{\"@type\":\"EntryPoint\",\"urlTemplate\":\"https:\/\/vanxhaber.com\/?s={search_term_string}\"},\"query-input\":{\"@type\":\"PropertyValueSpecification\",\"valueRequired\":true,\"valueName\":\"search_term_string\"}}],\"inLanguage\":\"tr\"},{\"@type\":\"Person\",\"@id\":\"https:\/\/vanxhaber.com\/#\/schema\/person\/a5fd8d89510cb5370e62ad176f7978ee\",\"name\":\"Van X Haber\",\"image\":{\"@type\":\"ImageObject\",\"inLanguage\":\"tr\",\"@id\":\"https:\/\/vanxhaber.com\/#\/schema\/person\/image\/\",\"url\":\"https:\/\/secure.gravatar.com\/avatar\/36f2f63826681263103acb5ca1e7bc1a6db11baea9b75dd091d89b74f2704b07?s=96&d=mm&r=g\",\"contentUrl\":\"https:\/\/secure.gravatar.com\/avatar\/36f2f63826681263103acb5ca1e7bc1a6db11baea9b75dd091d89b74f2704b07?s=96&d=mm&r=g\",\"caption\":\"Van X Haber\"},\"description\":\"Van X Haber Van'\u0131n ilk ve tek yeni nesil Van Haber merkezi. Son Dakika Van Haberleri ve G\u00fcncel Van haber merkezinde s\u0131cak geli\u015fmeleri aktarmaya devam edece\u011fiz.\",\"url\":\"https:\/\/vanxhaber.com\/index.php\/author\/vangazetesi\/\"}]}<\/script>\n<!-- \/ Yoast SEO Premium plugin. -->","yoast_head_json":{"title":"Van'da 8 bin 583 \u00f6\u011frenciye trafik e\u011fitimi verildi - Van Haber | Van X Haber | Van Haberleri","robots":{"index":"index","follow":"follow","max-snippet":"max-snippet:-1","max-image-preview":"max-image-preview:large","max-video-preview":"max-video-preview:-1"},"canonical":"https:\/\/vanxhaber.com\/index.php\/2024\/02\/13\/vanda-8-bin-583-ogrenciye-trafik-egitimi-verildi\/","og_locale":"tr_TR","og_type":"article","og_title":"Van'da 8 bin 583 \u00f6\u011frenciye trafik e\u011fitimi verildi","og_description":"Van&#8217;da jandarma ekipleri, trafik bilincinin art\u0131r\u0131lmas\u0131 amac\u0131yla ge\u00e7en y\u0131l 8 bin 583 \u00f6\u011frenciye trafik e\u011fitimi verdi. Van \u0130l Jandarma Komutanl\u0131\u011f\u0131 ekipleri, trafikte can ve mal kayb\u0131n\u0131n \u00f6nlenmesine y\u00f6nelik faaliyetlerini s\u00fcrd\u00fcr\u00fcyor. Kentte trafik bilincinin art\u0131r\u0131lmas\u0131na y\u00f6nelik \u00e7al\u0131\u015fma y\u00fcr\u00fcten ekipler, s\u0131k s\u0131k okullar\u0131 ziyaret ederek \u00f6\u011frencilerle bir araya geliyor, e\u011fitim faaliyetleri d\u00fczenliyor. Trafik G\u00fcvenli\u011fi Eylem Plan\u0131 kapsam\u0131nda &hellip;","og_url":"https:\/\/vanxhaber.com\/index.php\/2024\/02\/13\/vanda-8-bin-583-ogrenciye-trafik-egitimi-verildi\/","og_site_name":"Van Haber | Van X Haber | Van Haberleri","article_published_time":"2024-02-13T08:20:53+00:00","article_modified_time":"2024-02-13T08:20:55+00:00","og_image":[{"width":641,"height":380,"url":"https:\/\/vanxhaber.com\/wp-content\/uploads\/2024\/02\/van-polisinden-egitim.jpg","type":"image\/jpeg"}],"author":"Van X Haber","twitter_card":"summary_large_image","twitter_misc":{"Yazan:":"Van X Haber","Tahmini okuma s\u00fcresi":"1 dakika"},"schema":{"@context":"https:\/\/schema.org","@graph":[{"@type":"Article","@id":"https:\/\/vanxhaber.com\/index.php\/2024\/02\/13\/vanda-8-bin-583-ogrenciye-trafik-egitimi-verildi\/#article","isPartOf":{"@id":"https:\/\/vanxhaber.com\/index.php\/2024\/02\/13\/vanda-8-bin-583-ogrenciye-trafik-egitimi-verildi\/"},"author":{"name":"Van X Haber","@id":"https:\/\/vanxhaber.com\/#\/schema\/person\/a5fd8d89510cb5370e62ad176f7978ee"},"headline":"Van&#8217;da 8 bin 583 \u00f6\u011frenciye trafik e\u011fitimi verildi","datePublished":"2024-02-13T08:20:53+00:00","dateModified":"2024-02-13T08:20:55+00:00","mainEntityOfPage":{"@id":"https:\/\/vanxhaber.com\/index.php\/2024\/02\/13\/vanda-8-bin-583-ogrenciye-trafik-egitimi-verildi\/"},"wordCount":186,"commentCount":0,"image":{"@id":"https:\/\/vanxhaber.com\/index.php\/2024\/02\/13\/vanda-8-bin-583-ogrenciye-trafik-egitimi-verildi\/#primaryimage"},"thumbnailUrl":"https:\/\/vanxhaber.com\/wp-content\/uploads\/2024\/02\/van-polisinden-egitim.jpg","articleSection":["Van Haber","Van Haberleri"],"inLanguage":"tr","potentialAction":[{"@type":"CommentAction","name":"Comment","target":["https:\/\/vanxhaber.com\/index.php\/2024\/02\/13\/vanda-8-bin-583-ogrenciye-trafik-egitimi-verildi\/#respond"]}],"copyrightYear":"2024","copyrightHolder":{"@id":"https:\/\/vanxhaber.com\/#organization"}},{"@type":"WebPage","@id":"https:\/\/vanxhaber.com\/index.php\/2024\/02\/13\/vanda-8-bin-583-ogrenciye-trafik-egitimi-verildi\/","url":"https:\/\/vanxhaber.com\/index.php\/2024\/02\/13\/vanda-8-bin-583-ogrenciye-trafik-egitimi-verildi\/","name":"Van'da 8 bin 583 \u00f6\u011frenciye trafik e\u011fitimi verildi - Van Haber | Van X Haber | Van Haberleri","isPartOf":{"@id":"https:\/\/vanxhaber.com\/#website"},"primaryImageOfPage":{"@id":"https:\/\/vanxhaber.com\/index.php\/2024\/02\/13\/vanda-8-bin-583-ogrenciye-trafik-egitimi-verildi\/#primaryimage"},"image":{"@id":"https:\/\/vanxhaber.com\/index.php\/2024\/02\/13\/vanda-8-bin-583-ogrenciye-trafik-egitimi-verildi\/#primaryimage"},"thumbnailUrl":"https:\/\/vanxhaber.com\/wp-content\/uploads\/2024\/02\/van-polisinden-egitim.jpg","datePublished":"2024-02-13T08:20:53+00:00","dateModified":"2024-02-13T08:20:55+00:00","author":{"@id":"https:\/\/vanxhaber.com\/#\/schema\/person\/a5fd8d89510cb5370e62ad176f7978ee"},"breadcrumb":{"@id":"https:\/\/vanxhaber.com\/index.php\/2024\/02\/13\/vanda-8-bin-583-ogrenciye-trafik-egitimi-verildi\/#breadcrumb"},"inLanguage":"tr","potentialAction":[{"@type":"ReadAction","target":["https:\/\/vanxhaber.com\/index.php\/2024\/02\/13\/vanda-8-bin-583-ogrenciye-trafik-egitimi-verildi\/"]}]},{"@type":"ImageObject","inLanguage":"tr","@id":"https:\/\/vanxhaber.com\/index.php\/2024\/02\/13\/vanda-8-bin-583-ogrenciye-trafik-egitimi-verildi\/#primaryimage","url":"https:\/\/vanxhaber.com\/wp-content\/uploads\/2024\/02\/van-polisinden-egitim.jpg","contentUrl":"https:\/\/vanxhaber.com\/wp-content\/uploads\/2024\/02\/van-polisinden-egitim.jpg","width":641,"height":380},{"@type":"BreadcrumbList","@id":"https:\/\/vanxhaber.com\/index.php\/2024\/02\/13\/vanda-8-bin-583-ogrenciye-trafik-egitimi-verildi\/#breadcrumb","itemListElement":[{"@type":"ListItem","position":1,"name":"Anasayfa","item":"https:\/\/vanxhaber.com\/"},{"@type":"ListItem","position":2,"name":"Van&#8217;da 8 bin 583 \u00f6\u011frenciye trafik e\u011fitimi verildi"}]},{"@type":"WebSite","@id":"https:\/\/vanxhaber.com\/#website","url":"https:\/\/vanxhaber.com\/","name":"Van Haber | Van X Haber | Van Haberleri","description":"Van Haber, Van&#039;\u0131n ilk yapay zeka teknolojileri ile yaz\u0131lan Van X Haber ve Van Haberlerini aktif g\u00fcncel sunan tek vanhaber merkezidir.","potentialAction":[{"@type":"SearchAction","target":{"@type":"EntryPoint","urlTemplate":"https:\/\/vanxhaber.com\/?s={search_term_string}"},"query-input":{"@type":"PropertyValueSpecification","valueRequired":true,"valueName":"search_term_string"}}],"inLanguage":"tr"},{"@type":"Person","@id":"https:\/\/vanxhaber.com\/#\/schema\/person\/a5fd8d89510cb5370e62ad176f7978ee","name":"Van X Haber","image":{"@type":"ImageObject","inLanguage":"tr","@id":"https:\/\/vanxhaber.com\/#\/schema\/person\/image\/","url":"https:\/\/secure.gravatar.com\/avatar\/36f2f63826681263103acb5ca1e7bc1a6db11baea9b75dd091d89b74f2704b07?s=96&d=mm&r=g","contentUrl":"https:\/\/secure.gravatar.com\/avatar\/36f2f63826681263103acb5ca1e7bc1a6db11baea9b75dd091d89b74f2704b07?s=96&d=mm&r=g","caption":"Van X Haber"},"description":"Van X Haber Van'\u0131n ilk ve tek yeni nesil Van Haber merkezi. Son Dakika Van Haberleri ve G\u00fcncel Van haber merkezinde s\u0131cak geli\u015fmeleri aktarmaya devam edece\u011fiz.","url":"https:\/\/vanxhaber.com\/index.php\/author\/vangazetesi\/"}]}},"_links":{"self":[{"href":"https:\/\/vanxhaber.com\/index.php\/wp-json\/wp\/v2\/posts\/1674","targetHints":{"allow":["GET"]}}],"collection":[{"href":"https:\/\/vanxhaber.com\/index.php\/wp-json\/wp\/v2\/posts"}],"about":[{"href":"https:\/\/vanxhaber.com\/index.php\/wp-json\/wp\/v2\/types\/post"}],"author":[{"embeddable":true,"href":"https:\/\/vanxhaber.com\/index.php\/wp-json\/wp\/v2\/users\/2"}],"replies":[{"embeddable":true,"href":"https:\/\/vanxhaber.com\/index.php\/wp-json\/wp\/v2\/comments?post=1674"}],"version-history":[{"count":1,"href":"https:\/\/vanxhaber.com\/index.php\/wp-json\/wp\/v2\/posts\/1674\/revisions"}],"predecessor-version":[{"id":1677,"href":"https:\/\/vanxhaber.com\/index.php\/wp-json\/wp\/v2\/posts\/1674\/revisions\/1677"}],"wp:featuredmedia":[{"embeddable":true,"href":"https:\/\/vanxhaber.com\/index.php\/wp-json\/wp\/v2\/media\/1676"}],"wp:attachment":[{"href":"https:\/\/vanxhaber.com\/index.php\/wp-json\/wp\/v2\/media?parent=1674"}],"wp:term":[{"taxonomy":"category","embeddable":true,"href":"https:\/\/vanxhaber.com\/index.php\/wp-json\/wp\/v2\/categories?post=1674"},{"taxonomy":"post_tag","embeddable":true,"href":"https:\/\/vanxhaber.com\/index.php\/wp-json\/wp\/v2\/tags?post=1674"}],"curies":[{"name":"wp","href":"https:\/\/api.w.org\/{rel}","templated":true}]}}