{"id":1706,"date":"2024-02-16T09:10:52","date_gmt":"2024-02-16T09:10:52","guid":{"rendered":"https:\/\/vanxhaber.com\/?p=1706"},"modified":"2024-02-16T09:10:54","modified_gmt":"2024-02-16T09:10:54","slug":"uyusturucu-tacirlerine-gecit-yok","status":"publish","type":"post","link":"https:\/\/vanxhaber.com\/index.php\/2024\/02\/16\/uyusturucu-tacirlerine-gecit-yok\/","title":{"rendered":"Uyu\u015fturucu tacirlerine ge\u00e7it yok"},"content":{"rendered":"\n<p>Van \u0130l Emniyet M\u00fcd\u00fcrl\u00fc\u011f\u00fc ekipleri taraf\u0131ndan kent genelinde haks\u0131z kazan\u00e7 sa\u011flamak amac\u0131yla, uyu\u015fturucu madde ticareti, nakli veya depolanmas\u0131 faaliyetlerini y\u00fcr\u00fcten \u015fah\u0131s-\u015fah\u0131slara ve sokak sat\u0131c\u0131lar\u0131na y\u00f6nelik olarak yap\u0131lan operasyonlarda \u00e7ok say\u0131da uyu\u015fturucu madde ele ge\u00e7irildi.<\/p>\n\n\n\n<p>Van \u0130l Emniyet M\u00fcd\u00fcrl\u00fc\u011f\u00fc ekipleri taraf\u0131ndan 09- 15 \u015eubat tarihleri aras\u0131nda kent genelinde uyu\u015fturucu tacirlerine y\u00f6nelik yap\u0131lan operasyonlarda 7 kilo 365,67 gram esrar, 440 adet sentetik ecza, 61,32 gram sentetik kannabinoid, 61 adet ecstasy, 10,23 gram metamfetamin, 1,81 gram eroin maddesi ele ge\u00e7irildi.<\/p>\n\n\n\n<p>Konuyla alakal\u0131 Van Emniyet M\u00fcd\u00fcrl\u00fc\u011f\u00fc taraf\u0131ndan yap\u0131lan a\u00e7\u0131klamada, &#8220;\u0130l Emniyet M\u00fcd\u00fcrl\u00fc\u011f\u00fcm\u00fcz ekiplerince, ilimiz genelinde haks\u0131z kazan\u00e7 sa\u011flamak amac\u0131yla uyu\u015fturucu madde ticareti, nakli veya depolanmas\u0131 faaliyetlerini y\u00fcr\u00fcten torbac\u0131 diye tabir edilen sokak sat\u0131c\u0131lar\u0131na y\u00f6nelik 09.02.2024 &#8211; 15.02.2024 tarihleri aras\u0131nda gen\u00e7lerin yo\u011fun bulundu\u011fu alanlarda yap\u0131lan \u00e7al\u0131\u015fmalar neticesinde; 7 kilo 365,67 gram esrar, 440 adet sentetik ecza, 61,32 gram sentetik kannabinoid, 61 adet ecstasy, 10,23 gram metamfetamin, 1,81 gram eroin maddesi ele ge\u00e7irilmi\u015ftir.<\/p>\n\n\n\n<p>Elde edilen uyu\u015fturucu maddelerle ilgili olarak (11) \u015f\u00fcpheli \u015fahsa &#8216;Uyu\u015fturucu veya Uyar\u0131c\u0131 Madde Ticareti Yapmak\/Uyu\u015fturucu Madde Nakletmek&#8217; su\u00e7lar\u0131ndan, (8) \u015fahsa &#8216;Uyu\u015fturucu Madde Kullanmak&#8217; su\u00e7undan olmak \u00fczere toplam (19) \u015fahsa yasal i\u015flem yap\u0131lm\u0131\u015ft\u0131r. Uyu\u015fturucu-uyar\u0131c\u0131 madde ticareti yapan, nakleden, bu su\u00e7lar\u0131 i\u015fleyerek ekonomik ve haks\u0131z kazan\u00e7 elde eden, ticaretini yapmaya \u00e7al\u0131\u015ft\u0131klar\u0131 uyu\u015fturucu-uyar\u0131c\u0131 maddeleri pazarlamaya \u00e7al\u0131\u015fmak suretiyle gelece\u011fimiz olan \u00e7ocuklar\u0131m\u0131z\u0131 ve gen\u00e7lerimizi zehirlemeye ve hayattan koparmaya \u00e7al\u0131\u015fan su\u00e7 \u00f6rg\u00fctleri, \u00f6rg\u00fct \u00fcyeleri, sokak sat\u0131c\u0131lar\u0131n\u0131 tespit etmekte yan\u0131m\u0131zda olan vatanda\u015flar\u0131m\u0131za duyarl\u0131l\u0131\u011f\u0131ndan dolay\u0131 te\u015fekk\u00fcr ederiz. Maddeleri temin eden ve nakleden veya bu su\u00e7a her ne sebeple i\u015ftirak eden \u015f\u00fcpheliler ile M\u00fcd\u00fcrl\u00fc\u011f\u00fcm\u00fcz taraf\u0131ndan en etkin \u015fekilde ve kararl\u0131l\u0131kla m\u00fccadeleye devam edilecektir&#8221; ifadelerine yer verildi.<\/p>\n","protected":false},"excerpt":{"rendered":"<p>Van \u0130l Emniyet M\u00fcd\u00fcrl\u00fc\u011f\u00fc ekipleri taraf\u0131ndan kent genelinde haks\u0131z kazan\u00e7 sa\u011flamak amac\u0131yla, uyu\u015fturucu madde ticareti, nakli veya depolanmas\u0131 faaliyetlerini y\u00fcr\u00fcten \u015fah\u0131s-\u015fah\u0131slara ve sokak sat\u0131c\u0131lar\u0131na y\u00f6nelik olarak yap\u0131lan operasyonlarda \u00e7ok say\u0131da uyu\u015fturucu madde ele ge\u00e7irildi. Van \u0130l Emniyet M\u00fcd\u00fcrl\u00fc\u011f\u00fc ekipleri taraf\u0131ndan 09- 15 \u015eubat tarihleri aras\u0131nda kent genelinde uyu\u015fturucu tacirlerine y\u00f6nelik yap\u0131lan operasyonlarda 7 kilo 365,67 &hellip;<\/p>\n","protected":false},"author":2,"featured_media":1708,"comment_status":"open","ping_status":"closed","sticky":false,"template":"","format":"standard","meta":{"googlesitekit_rrm_CAowot3VCw:productID":"","footnotes":""},"categories":[24,30],"tags":[],"class_list":["post-1706","post","type-post","status-publish","format-standard","has-post-thumbnail","hentry","category-van-haberleri","category-van-x-haber"],"yoast_head":"<!-- This site is optimized with the Yoast SEO Premium plugin v21.7 (Yoast SEO v26.7) - https:\/\/yoast.com\/wordpress\/plugins\/seo\/ -->\n<title>Uyu\u015fturucu tacirlerine ge\u00e7it yok - Van Haber | Van X Haber | Van Haberleri<\/title>\n<meta name=\"robots\" content=\"index, follow, max-snippet:-1, max-image-preview:large, max-video-preview:-1\" \/>\n<link rel=\"canonical\" href=\"https:\/\/vanxhaber.com\/index.php\/2024\/02\/16\/uyusturucu-tacirlerine-gecit-yok\/\" \/>\n<meta property=\"og:locale\" content=\"tr_TR\" \/>\n<meta property=\"og:type\" content=\"article\" \/>\n<meta property=\"og:title\" content=\"Uyu\u015fturucu tacirlerine ge\u00e7it yok\" \/>\n<meta property=\"og:description\" content=\"Van \u0130l Emniyet M\u00fcd\u00fcrl\u00fc\u011f\u00fc ekipleri taraf\u0131ndan kent genelinde haks\u0131z kazan\u00e7 sa\u011flamak amac\u0131yla, uyu\u015fturucu madde ticareti, nakli veya depolanmas\u0131 faaliyetlerini y\u00fcr\u00fcten \u015fah\u0131s-\u015fah\u0131slara ve sokak sat\u0131c\u0131lar\u0131na y\u00f6nelik olarak yap\u0131lan operasyonlarda \u00e7ok say\u0131da uyu\u015fturucu madde ele ge\u00e7irildi. Van \u0130l Emniyet M\u00fcd\u00fcrl\u00fc\u011f\u00fc ekipleri taraf\u0131ndan 09- 15 \u015eubat tarihleri aras\u0131nda kent genelinde uyu\u015fturucu tacirlerine y\u00f6nelik yap\u0131lan operasyonlarda 7 kilo 365,67 &hellip;\" \/>\n<meta property=\"og:url\" content=\"https:\/\/vanxhaber.com\/index.php\/2024\/02\/16\/uyusturucu-tacirlerine-gecit-yok\/\" \/>\n<meta property=\"og:site_name\" content=\"Van Haber | Van X Haber | Van Haberleri\" \/>\n<meta property=\"article:published_time\" content=\"2024-02-16T09:10:52+00:00\" \/>\n<meta property=\"article:modified_time\" content=\"2024-02-16T09:10:54+00:00\" \/>\n<meta property=\"og:image\" content=\"https:\/\/vanxhaber.com\/wp-content\/uploads\/2024\/02\/van-emniyet-1.jpg\" \/>\n\t<meta property=\"og:image:width\" content=\"641\" \/>\n\t<meta property=\"og:image:height\" content=\"380\" \/>\n\t<meta property=\"og:image:type\" content=\"image\/jpeg\" \/>\n<meta name=\"author\" content=\"Van X Haber\" \/>\n<meta name=\"twitter:card\" content=\"summary_large_image\" \/>\n<meta name=\"twitter:label1\" content=\"Yazan:\" \/>\n\t<meta name=\"twitter:data1\" content=\"Van X Haber\" \/>\n\t<meta name=\"twitter:label2\" content=\"Tahmini okuma s\u00fcresi\" \/>\n\t<meta name=\"twitter:data2\" content=\"2 dakika\" \/>\n<script type=\"application\/ld+json\" class=\"yoast-schema-graph\">{\"@context\":\"https:\/\/schema.org\",\"@graph\":[{\"@type\":\"Article\",\"@id\":\"https:\/\/vanxhaber.com\/index.php\/2024\/02\/16\/uyusturucu-tacirlerine-gecit-yok\/#article\",\"isPartOf\":{\"@id\":\"https:\/\/vanxhaber.com\/index.php\/2024\/02\/16\/uyusturucu-tacirlerine-gecit-yok\/\"},\"author\":{\"name\":\"Van X Haber\",\"@id\":\"https:\/\/vanxhaber.com\/#\/schema\/person\/a5fd8d89510cb5370e62ad176f7978ee\"},\"headline\":\"Uyu\u015fturucu tacirlerine ge\u00e7it yok\",\"datePublished\":\"2024-02-16T09:10:52+00:00\",\"dateModified\":\"2024-02-16T09:10:54+00:00\",\"mainEntityOfPage\":{\"@id\":\"https:\/\/vanxhaber.com\/index.php\/2024\/02\/16\/uyusturucu-tacirlerine-gecit-yok\/\"},\"wordCount\":347,\"commentCount\":0,\"image\":{\"@id\":\"https:\/\/vanxhaber.com\/index.php\/2024\/02\/16\/uyusturucu-tacirlerine-gecit-yok\/#primaryimage\"},\"thumbnailUrl\":\"https:\/\/vanxhaber.com\/wp-content\/uploads\/2024\/02\/van-emniyet-1.jpg\",\"articleSection\":[\"Van Haberleri\",\"Van X Haber\"],\"inLanguage\":\"tr\",\"potentialAction\":[{\"@type\":\"CommentAction\",\"name\":\"Comment\",\"target\":[\"https:\/\/vanxhaber.com\/index.php\/2024\/02\/16\/uyusturucu-tacirlerine-gecit-yok\/#respond\"]}],\"copyrightYear\":\"2024\",\"copyrightHolder\":{\"@id\":\"https:\/\/vanxhaber.com\/#organization\"}},{\"@type\":\"WebPage\",\"@id\":\"https:\/\/vanxhaber.com\/index.php\/2024\/02\/16\/uyusturucu-tacirlerine-gecit-yok\/\",\"url\":\"https:\/\/vanxhaber.com\/index.php\/2024\/02\/16\/uyusturucu-tacirlerine-gecit-yok\/\",\"name\":\"Uyu\u015fturucu tacirlerine ge\u00e7it yok - Van Haber | Van X Haber | Van Haberleri\",\"isPartOf\":{\"@id\":\"https:\/\/vanxhaber.com\/#website\"},\"primaryImageOfPage\":{\"@id\":\"https:\/\/vanxhaber.com\/index.php\/2024\/02\/16\/uyusturucu-tacirlerine-gecit-yok\/#primaryimage\"},\"image\":{\"@id\":\"https:\/\/vanxhaber.com\/index.php\/2024\/02\/16\/uyusturucu-tacirlerine-gecit-yok\/#primaryimage\"},\"thumbnailUrl\":\"https:\/\/vanxhaber.com\/wp-content\/uploads\/2024\/02\/van-emniyet-1.jpg\",\"datePublished\":\"2024-02-16T09:10:52+00:00\",\"dateModified\":\"2024-02-16T09:10:54+00:00\",\"author\":{\"@id\":\"https:\/\/vanxhaber.com\/#\/schema\/person\/a5fd8d89510cb5370e62ad176f7978ee\"},\"breadcrumb\":{\"@id\":\"https:\/\/vanxhaber.com\/index.php\/2024\/02\/16\/uyusturucu-tacirlerine-gecit-yok\/#breadcrumb\"},\"inLanguage\":\"tr\",\"potentialAction\":[{\"@type\":\"ReadAction\",\"target\":[\"https:\/\/vanxhaber.com\/index.php\/2024\/02\/16\/uyusturucu-tacirlerine-gecit-yok\/\"]}]},{\"@type\":\"ImageObject\",\"inLanguage\":\"tr\",\"@id\":\"https:\/\/vanxhaber.com\/index.php\/2024\/02\/16\/uyusturucu-tacirlerine-gecit-yok\/#primaryimage\",\"url\":\"https:\/\/vanxhaber.com\/wp-content\/uploads\/2024\/02\/van-emniyet-1.jpg\",\"contentUrl\":\"https:\/\/vanxhaber.com\/wp-content\/uploads\/2024\/02\/van-emniyet-1.jpg\",\"width\":641,\"height\":380},{\"@type\":\"BreadcrumbList\",\"@id\":\"https:\/\/vanxhaber.com\/index.php\/2024\/02\/16\/uyusturucu-tacirlerine-gecit-yok\/#breadcrumb\",\"itemListElement\":[{\"@type\":\"ListItem\",\"position\":1,\"name\":\"Anasayfa\",\"item\":\"https:\/\/vanxhaber.com\/\"},{\"@type\":\"ListItem\",\"position\":2,\"name\":\"Uyu\u015fturucu tacirlerine ge\u00e7it yok\"}]},{\"@type\":\"WebSite\",\"@id\":\"https:\/\/vanxhaber.com\/#website\",\"url\":\"https:\/\/vanxhaber.com\/\",\"name\":\"Van Haber | Van X Haber | Van Haberleri\",\"description\":\"Van Haber, Van&#039;\u0131n ilk yapay zeka teknolojileri ile yaz\u0131lan Van X Haber ve Van Haberlerini aktif g\u00fcncel sunan tek vanhaber merkezidir.\",\"potentialAction\":[{\"@type\":\"SearchAction\",\"target\":{\"@type\":\"EntryPoint\",\"urlTemplate\":\"https:\/\/vanxhaber.com\/?s={search_term_string}\"},\"query-input\":{\"@type\":\"PropertyValueSpecification\",\"valueRequired\":true,\"valueName\":\"search_term_string\"}}],\"inLanguage\":\"tr\"},{\"@type\":\"Person\",\"@id\":\"https:\/\/vanxhaber.com\/#\/schema\/person\/a5fd8d89510cb5370e62ad176f7978ee\",\"name\":\"Van X Haber\",\"image\":{\"@type\":\"ImageObject\",\"inLanguage\":\"tr\",\"@id\":\"https:\/\/vanxhaber.com\/#\/schema\/person\/image\/\",\"url\":\"https:\/\/secure.gravatar.com\/avatar\/36f2f63826681263103acb5ca1e7bc1a6db11baea9b75dd091d89b74f2704b07?s=96&d=mm&r=g\",\"contentUrl\":\"https:\/\/secure.gravatar.com\/avatar\/36f2f63826681263103acb5ca1e7bc1a6db11baea9b75dd091d89b74f2704b07?s=96&d=mm&r=g\",\"caption\":\"Van X Haber\"},\"description\":\"Van X Haber Van'\u0131n ilk ve tek yeni nesil Van Haber merkezi. Son Dakika Van Haberleri ve G\u00fcncel Van haber merkezinde s\u0131cak geli\u015fmeleri aktarmaya devam edece\u011fiz.\",\"url\":\"https:\/\/vanxhaber.com\/index.php\/author\/vangazetesi\/\"}]}<\/script>\n<!-- \/ Yoast SEO Premium plugin. -->","yoast_head_json":{"title":"Uyu\u015fturucu tacirlerine ge\u00e7it yok - Van Haber | Van X Haber | Van Haberleri","robots":{"index":"index","follow":"follow","max-snippet":"max-snippet:-1","max-image-preview":"max-image-preview:large","max-video-preview":"max-video-preview:-1"},"canonical":"https:\/\/vanxhaber.com\/index.php\/2024\/02\/16\/uyusturucu-tacirlerine-gecit-yok\/","og_locale":"tr_TR","og_type":"article","og_title":"Uyu\u015fturucu tacirlerine ge\u00e7it yok","og_description":"Van \u0130l Emniyet M\u00fcd\u00fcrl\u00fc\u011f\u00fc ekipleri taraf\u0131ndan kent genelinde haks\u0131z kazan\u00e7 sa\u011flamak amac\u0131yla, uyu\u015fturucu madde ticareti, nakli veya depolanmas\u0131 faaliyetlerini y\u00fcr\u00fcten \u015fah\u0131s-\u015fah\u0131slara ve sokak sat\u0131c\u0131lar\u0131na y\u00f6nelik olarak yap\u0131lan operasyonlarda \u00e7ok say\u0131da uyu\u015fturucu madde ele ge\u00e7irildi. Van \u0130l Emniyet M\u00fcd\u00fcrl\u00fc\u011f\u00fc ekipleri taraf\u0131ndan 09- 15 \u015eubat tarihleri aras\u0131nda kent genelinde uyu\u015fturucu tacirlerine y\u00f6nelik yap\u0131lan operasyonlarda 7 kilo 365,67 &hellip;","og_url":"https:\/\/vanxhaber.com\/index.php\/2024\/02\/16\/uyusturucu-tacirlerine-gecit-yok\/","og_site_name":"Van Haber | Van X Haber | Van Haberleri","article_published_time":"2024-02-16T09:10:52+00:00","article_modified_time":"2024-02-16T09:10:54+00:00","og_image":[{"width":641,"height":380,"url":"https:\/\/vanxhaber.com\/wp-content\/uploads\/2024\/02\/van-emniyet-1.jpg","type":"image\/jpeg"}],"author":"Van X Haber","twitter_card":"summary_large_image","twitter_misc":{"Yazan:":"Van X Haber","Tahmini okuma s\u00fcresi":"2 dakika"},"schema":{"@context":"https:\/\/schema.org","@graph":[{"@type":"Article","@id":"https:\/\/vanxhaber.com\/index.php\/2024\/02\/16\/uyusturucu-tacirlerine-gecit-yok\/#article","isPartOf":{"@id":"https:\/\/vanxhaber.com\/index.php\/2024\/02\/16\/uyusturucu-tacirlerine-gecit-yok\/"},"author":{"name":"Van X Haber","@id":"https:\/\/vanxhaber.com\/#\/schema\/person\/a5fd8d89510cb5370e62ad176f7978ee"},"headline":"Uyu\u015fturucu tacirlerine ge\u00e7it yok","datePublished":"2024-02-16T09:10:52+00:00","dateModified":"2024-02-16T09:10:54+00:00","mainEntityOfPage":{"@id":"https:\/\/vanxhaber.com\/index.php\/2024\/02\/16\/uyusturucu-tacirlerine-gecit-yok\/"},"wordCount":347,"commentCount":0,"image":{"@id":"https:\/\/vanxhaber.com\/index.php\/2024\/02\/16\/uyusturucu-tacirlerine-gecit-yok\/#primaryimage"},"thumbnailUrl":"https:\/\/vanxhaber.com\/wp-content\/uploads\/2024\/02\/van-emniyet-1.jpg","articleSection":["Van Haberleri","Van X Haber"],"inLanguage":"tr","potentialAction":[{"@type":"CommentAction","name":"Comment","target":["https:\/\/vanxhaber.com\/index.php\/2024\/02\/16\/uyusturucu-tacirlerine-gecit-yok\/#respond"]}],"copyrightYear":"2024","copyrightHolder":{"@id":"https:\/\/vanxhaber.com\/#organization"}},{"@type":"WebPage","@id":"https:\/\/vanxhaber.com\/index.php\/2024\/02\/16\/uyusturucu-tacirlerine-gecit-yok\/","url":"https:\/\/vanxhaber.com\/index.php\/2024\/02\/16\/uyusturucu-tacirlerine-gecit-yok\/","name":"Uyu\u015fturucu tacirlerine ge\u00e7it yok - Van Haber | Van X Haber | Van Haberleri","isPartOf":{"@id":"https:\/\/vanxhaber.com\/#website"},"primaryImageOfPage":{"@id":"https:\/\/vanxhaber.com\/index.php\/2024\/02\/16\/uyusturucu-tacirlerine-gecit-yok\/#primaryimage"},"image":{"@id":"https:\/\/vanxhaber.com\/index.php\/2024\/02\/16\/uyusturucu-tacirlerine-gecit-yok\/#primaryimage"},"thumbnailUrl":"https:\/\/vanxhaber.com\/wp-content\/uploads\/2024\/02\/van-emniyet-1.jpg","datePublished":"2024-02-16T09:10:52+00:00","dateModified":"2024-02-16T09:10:54+00:00","author":{"@id":"https:\/\/vanxhaber.com\/#\/schema\/person\/a5fd8d89510cb5370e62ad176f7978ee"},"breadcrumb":{"@id":"https:\/\/vanxhaber.com\/index.php\/2024\/02\/16\/uyusturucu-tacirlerine-gecit-yok\/#breadcrumb"},"inLanguage":"tr","potentialAction":[{"@type":"ReadAction","target":["https:\/\/vanxhaber.com\/index.php\/2024\/02\/16\/uyusturucu-tacirlerine-gecit-yok\/"]}]},{"@type":"ImageObject","inLanguage":"tr","@id":"https:\/\/vanxhaber.com\/index.php\/2024\/02\/16\/uyusturucu-tacirlerine-gecit-yok\/#primaryimage","url":"https:\/\/vanxhaber.com\/wp-content\/uploads\/2024\/02\/van-emniyet-1.jpg","contentUrl":"https:\/\/vanxhaber.com\/wp-content\/uploads\/2024\/02\/van-emniyet-1.jpg","width":641,"height":380},{"@type":"BreadcrumbList","@id":"https:\/\/vanxhaber.com\/index.php\/2024\/02\/16\/uyusturucu-tacirlerine-gecit-yok\/#breadcrumb","itemListElement":[{"@type":"ListItem","position":1,"name":"Anasayfa","item":"https:\/\/vanxhaber.com\/"},{"@type":"ListItem","position":2,"name":"Uyu\u015fturucu tacirlerine ge\u00e7it yok"}]},{"@type":"WebSite","@id":"https:\/\/vanxhaber.com\/#website","url":"https:\/\/vanxhaber.com\/","name":"Van Haber | Van X Haber | Van Haberleri","description":"Van Haber, Van&#039;\u0131n ilk yapay zeka teknolojileri ile yaz\u0131lan Van X Haber ve Van Haberlerini aktif g\u00fcncel sunan tek vanhaber merkezidir.","potentialAction":[{"@type":"SearchAction","target":{"@type":"EntryPoint","urlTemplate":"https:\/\/vanxhaber.com\/?s={search_term_string}"},"query-input":{"@type":"PropertyValueSpecification","valueRequired":true,"valueName":"search_term_string"}}],"inLanguage":"tr"},{"@type":"Person","@id":"https:\/\/vanxhaber.com\/#\/schema\/person\/a5fd8d89510cb5370e62ad176f7978ee","name":"Van X Haber","image":{"@type":"ImageObject","inLanguage":"tr","@id":"https:\/\/vanxhaber.com\/#\/schema\/person\/image\/","url":"https:\/\/secure.gravatar.com\/avatar\/36f2f63826681263103acb5ca1e7bc1a6db11baea9b75dd091d89b74f2704b07?s=96&d=mm&r=g","contentUrl":"https:\/\/secure.gravatar.com\/avatar\/36f2f63826681263103acb5ca1e7bc1a6db11baea9b75dd091d89b74f2704b07?s=96&d=mm&r=g","caption":"Van X Haber"},"description":"Van X Haber Van'\u0131n ilk ve tek yeni nesil Van Haber merkezi. Son Dakika Van Haberleri ve G\u00fcncel Van haber merkezinde s\u0131cak geli\u015fmeleri aktarmaya devam edece\u011fiz.","url":"https:\/\/vanxhaber.com\/index.php\/author\/vangazetesi\/"}]}},"_links":{"self":[{"href":"https:\/\/vanxhaber.com\/index.php\/wp-json\/wp\/v2\/posts\/1706","targetHints":{"allow":["GET"]}}],"collection":[{"href":"https:\/\/vanxhaber.com\/index.php\/wp-json\/wp\/v2\/posts"}],"about":[{"href":"https:\/\/vanxhaber.com\/index.php\/wp-json\/wp\/v2\/types\/post"}],"author":[{"embeddable":true,"href":"https:\/\/vanxhaber.com\/index.php\/wp-json\/wp\/v2\/users\/2"}],"replies":[{"embeddable":true,"href":"https:\/\/vanxhaber.com\/index.php\/wp-json\/wp\/v2\/comments?post=1706"}],"version-history":[{"count":1,"href":"https:\/\/vanxhaber.com\/index.php\/wp-json\/wp\/v2\/posts\/1706\/revisions"}],"predecessor-version":[{"id":1709,"href":"https:\/\/vanxhaber.com\/index.php\/wp-json\/wp\/v2\/posts\/1706\/revisions\/1709"}],"wp:featuredmedia":[{"embeddable":true,"href":"https:\/\/vanxhaber.com\/index.php\/wp-json\/wp\/v2\/media\/1708"}],"wp:attachment":[{"href":"https:\/\/vanxhaber.com\/index.php\/wp-json\/wp\/v2\/media?parent=1706"}],"wp:term":[{"taxonomy":"category","embeddable":true,"href":"https:\/\/vanxhaber.com\/index.php\/wp-json\/wp\/v2\/categories?post=1706"},{"taxonomy":"post_tag","embeddable":true,"href":"https:\/\/vanxhaber.com\/index.php\/wp-json\/wp\/v2\/tags?post=1706"}],"curies":[{"name":"wp","href":"https:\/\/api.w.org\/{rel}","templated":true}]}}