{"id":1710,"date":"2024-02-16T09:38:09","date_gmt":"2024-02-16T09:38:09","guid":{"rendered":"https:\/\/vanxhaber.com\/?p=1710"},"modified":"2024-02-16T09:38:10","modified_gmt":"2024-02-16T09:38:10","slug":"vanda-uyusturucudan-19-kisi-yakalandi","status":"publish","type":"post","link":"https:\/\/vanxhaber.com\/index.php\/2024\/02\/16\/vanda-uyusturucudan-19-kisi-yakalandi\/","title":{"rendered":"Van\u2019da uyu\u015fturucudan 19 ki\u015fi yakaland\u0131"},"content":{"rendered":"\n<p><strong>Van\u2019da polis ekiplerince \u2018torbac\u0131\u2019 olarak tabir edilen sokak sat\u0131c\u0131lar\u0131na y\u00f6nelik d\u00fczenlenen operasyonda uyu\u015fturucu madde ele ge\u00e7irilirken, 19 ki\u015fi hakk\u0131nda da i\u015flem yap\u0131ld\u0131.<\/strong><\/p>\n\n\n\n<p><strong>Van\u2019da torbac\u0131 operasyonu<\/strong><\/p>\n\n\n\n<p>Van\u2019da polis ekiplerince \u2018torbac\u0131\u2019 olarak tabir edilen sokak sat\u0131c\u0131lar\u0131na y\u00f6nelik d\u00fczenlenen operasyonda uyu\u015fturucu madde ele ge\u00e7irilirken 19 ki\u015fi hakk\u0131nda da i\u015flem yap\u0131ld\u0131.<\/p>\n\n\n\n<p>Van Emniyet M\u00fcd\u00fcrl\u00fc\u011f\u00fcnden yap\u0131lan a\u00e7\u0131klamada, il genelinde haks\u0131z kazan\u00e7 sa\u011flamak amac\u0131yla uyu\u015fturucu madde ticareti, nakli veya depolanmas\u0131 faaliyetlerini y\u00fcr\u00fcten \u2018torbac\u0131\u2019 diye tabir edilen sokak sat\u0131c\u0131lar\u0131na y\u00f6nelik operasyon d\u00fczenlendi\u011fi belirtildi.<\/p>\n\n\n\n<p><\/p>\n\n\n\n<p>A\u00e7\u0131klamada, \u201cGen\u00e7lerin yo\u011fun bulundu\u011fu alanlarda yap\u0131lan \u00e7al\u0131\u015fmalar neticesinde; 7 kilo 365,67 gram esrar, 440 adet sentetik ecza, 61,32 gram sentetik kannabinoid, 61 adet ecstasy, 10,23 gram metamfetamin, 1,81 gram eroin maddesi ele ge\u00e7irilmi\u015ftir. Elde edilen uyu\u015fturucu maddelerle ilgili olarak toplam 19 \u015fahsa yasal i\u015flem yap\u0131lm\u0131\u015ft\u0131r\u201d denildi.<\/p>\n","protected":false},"excerpt":{"rendered":"<p>Van\u2019da polis ekiplerince \u2018torbac\u0131\u2019 olarak tabir edilen sokak sat\u0131c\u0131lar\u0131na y\u00f6nelik d\u00fczenlenen operasyonda uyu\u015fturucu madde ele ge\u00e7irilirken, 19 ki\u015fi hakk\u0131nda da i\u015flem yap\u0131ld\u0131. Van\u2019da torbac\u0131 operasyonu Van\u2019da polis ekiplerince \u2018torbac\u0131\u2019 olarak tabir edilen sokak sat\u0131c\u0131lar\u0131na y\u00f6nelik d\u00fczenlenen operasyonda uyu\u015fturucu madde ele ge\u00e7irilirken 19 ki\u015fi hakk\u0131nda da i\u015flem yap\u0131ld\u0131. Van Emniyet M\u00fcd\u00fcrl\u00fc\u011f\u00fcnden yap\u0131lan a\u00e7\u0131klamada, il genelinde haks\u0131z &hellip;<\/p>\n","protected":false},"author":2,"featured_media":1712,"comment_status":"open","ping_status":"closed","sticky":false,"template":"","format":"standard","meta":{"googlesitekit_rrm_CAowot3VCw:productID":"","footnotes":""},"categories":[27,1,24],"tags":[],"class_list":["post-1710","post","type-post","status-publish","format-standard","has-post-thumbnail","hentry","category-van-emniyet","category-van-haber","category-van-haberleri"],"yoast_head":"<!-- This site is optimized with the Yoast SEO Premium plugin v21.7 (Yoast SEO v26.7) - https:\/\/yoast.com\/wordpress\/plugins\/seo\/ -->\n<title>Van\u2019da uyu\u015fturucudan 19 ki\u015fi yakaland\u0131 - Van Haber | Van X Haber | Van Haberleri<\/title>\n<meta name=\"robots\" content=\"index, follow, max-snippet:-1, max-image-preview:large, max-video-preview:-1\" \/>\n<link rel=\"canonical\" href=\"https:\/\/vanxhaber.com\/index.php\/2024\/02\/16\/vanda-uyusturucudan-19-kisi-yakalandi\/\" \/>\n<meta property=\"og:locale\" content=\"tr_TR\" \/>\n<meta property=\"og:type\" content=\"article\" \/>\n<meta property=\"og:title\" content=\"Van\u2019da uyu\u015fturucudan 19 ki\u015fi yakaland\u0131\" \/>\n<meta property=\"og:description\" content=\"Van\u2019da polis ekiplerince \u2018torbac\u0131\u2019 olarak tabir edilen sokak sat\u0131c\u0131lar\u0131na y\u00f6nelik d\u00fczenlenen operasyonda uyu\u015fturucu madde ele ge\u00e7irilirken, 19 ki\u015fi hakk\u0131nda da i\u015flem yap\u0131ld\u0131. Van\u2019da torbac\u0131 operasyonu Van\u2019da polis ekiplerince \u2018torbac\u0131\u2019 olarak tabir edilen sokak sat\u0131c\u0131lar\u0131na y\u00f6nelik d\u00fczenlenen operasyonda uyu\u015fturucu madde ele ge\u00e7irilirken 19 ki\u015fi hakk\u0131nda da i\u015flem yap\u0131ld\u0131. Van Emniyet M\u00fcd\u00fcrl\u00fc\u011f\u00fcnden yap\u0131lan a\u00e7\u0131klamada, il genelinde haks\u0131z &hellip;\" \/>\n<meta property=\"og:url\" content=\"https:\/\/vanxhaber.com\/index.php\/2024\/02\/16\/vanda-uyusturucudan-19-kisi-yakalandi\/\" \/>\n<meta property=\"og:site_name\" content=\"Van Haber | Van X Haber | Van Haberleri\" \/>\n<meta property=\"article:published_time\" content=\"2024-02-16T09:38:09+00:00\" \/>\n<meta property=\"article:modified_time\" content=\"2024-02-16T09:38:10+00:00\" \/>\n<meta property=\"og:image\" content=\"https:\/\/vanxhaber.com\/wp-content\/uploads\/2024\/02\/torbaci-operasyonu.jpg\" \/>\n\t<meta property=\"og:image:width\" content=\"641\" \/>\n\t<meta property=\"og:image:height\" content=\"380\" \/>\n\t<meta property=\"og:image:type\" content=\"image\/jpeg\" \/>\n<meta name=\"author\" content=\"Van X Haber\" \/>\n<meta name=\"twitter:card\" content=\"summary_large_image\" \/>\n<meta name=\"twitter:label1\" content=\"Yazan:\" \/>\n\t<meta name=\"twitter:data1\" content=\"Van X Haber\" \/>\n\t<meta name=\"twitter:label2\" content=\"Tahmini okuma s\u00fcresi\" \/>\n\t<meta name=\"twitter:data2\" content=\"1 dakika\" \/>\n<script type=\"application\/ld+json\" class=\"yoast-schema-graph\">{\"@context\":\"https:\/\/schema.org\",\"@graph\":[{\"@type\":\"Article\",\"@id\":\"https:\/\/vanxhaber.com\/index.php\/2024\/02\/16\/vanda-uyusturucudan-19-kisi-yakalandi\/#article\",\"isPartOf\":{\"@id\":\"https:\/\/vanxhaber.com\/index.php\/2024\/02\/16\/vanda-uyusturucudan-19-kisi-yakalandi\/\"},\"author\":{\"name\":\"Van X Haber\",\"@id\":\"https:\/\/vanxhaber.com\/#\/schema\/person\/a5fd8d89510cb5370e62ad176f7978ee\"},\"headline\":\"Van\u2019da uyu\u015fturucudan 19 ki\u015fi yakaland\u0131\",\"datePublished\":\"2024-02-16T09:38:09+00:00\",\"dateModified\":\"2024-02-16T09:38:10+00:00\",\"mainEntityOfPage\":{\"@id\":\"https:\/\/vanxhaber.com\/index.php\/2024\/02\/16\/vanda-uyusturucudan-19-kisi-yakalandi\/\"},\"wordCount\":174,\"commentCount\":0,\"image\":{\"@id\":\"https:\/\/vanxhaber.com\/index.php\/2024\/02\/16\/vanda-uyusturucudan-19-kisi-yakalandi\/#primaryimage\"},\"thumbnailUrl\":\"https:\/\/vanxhaber.com\/wp-content\/uploads\/2024\/02\/torbaci-operasyonu.jpg\",\"articleSection\":[\"Van Emniyet\",\"Van Haber\",\"Van Haberleri\"],\"inLanguage\":\"tr\",\"potentialAction\":[{\"@type\":\"CommentAction\",\"name\":\"Comment\",\"target\":[\"https:\/\/vanxhaber.com\/index.php\/2024\/02\/16\/vanda-uyusturucudan-19-kisi-yakalandi\/#respond\"]}],\"copyrightYear\":\"2024\",\"copyrightHolder\":{\"@id\":\"https:\/\/vanxhaber.com\/#organization\"}},{\"@type\":\"WebPage\",\"@id\":\"https:\/\/vanxhaber.com\/index.php\/2024\/02\/16\/vanda-uyusturucudan-19-kisi-yakalandi\/\",\"url\":\"https:\/\/vanxhaber.com\/index.php\/2024\/02\/16\/vanda-uyusturucudan-19-kisi-yakalandi\/\",\"name\":\"Van\u2019da uyu\u015fturucudan 19 ki\u015fi yakaland\u0131 - Van Haber | Van X Haber | Van Haberleri\",\"isPartOf\":{\"@id\":\"https:\/\/vanxhaber.com\/#website\"},\"primaryImageOfPage\":{\"@id\":\"https:\/\/vanxhaber.com\/index.php\/2024\/02\/16\/vanda-uyusturucudan-19-kisi-yakalandi\/#primaryimage\"},\"image\":{\"@id\":\"https:\/\/vanxhaber.com\/index.php\/2024\/02\/16\/vanda-uyusturucudan-19-kisi-yakalandi\/#primaryimage\"},\"thumbnailUrl\":\"https:\/\/vanxhaber.com\/wp-content\/uploads\/2024\/02\/torbaci-operasyonu.jpg\",\"datePublished\":\"2024-02-16T09:38:09+00:00\",\"dateModified\":\"2024-02-16T09:38:10+00:00\",\"author\":{\"@id\":\"https:\/\/vanxhaber.com\/#\/schema\/person\/a5fd8d89510cb5370e62ad176f7978ee\"},\"breadcrumb\":{\"@id\":\"https:\/\/vanxhaber.com\/index.php\/2024\/02\/16\/vanda-uyusturucudan-19-kisi-yakalandi\/#breadcrumb\"},\"inLanguage\":\"tr\",\"potentialAction\":[{\"@type\":\"ReadAction\",\"target\":[\"https:\/\/vanxhaber.com\/index.php\/2024\/02\/16\/vanda-uyusturucudan-19-kisi-yakalandi\/\"]}]},{\"@type\":\"ImageObject\",\"inLanguage\":\"tr\",\"@id\":\"https:\/\/vanxhaber.com\/index.php\/2024\/02\/16\/vanda-uyusturucudan-19-kisi-yakalandi\/#primaryimage\",\"url\":\"https:\/\/vanxhaber.com\/wp-content\/uploads\/2024\/02\/torbaci-operasyonu.jpg\",\"contentUrl\":\"https:\/\/vanxhaber.com\/wp-content\/uploads\/2024\/02\/torbaci-operasyonu.jpg\",\"width\":641,\"height\":380},{\"@type\":\"BreadcrumbList\",\"@id\":\"https:\/\/vanxhaber.com\/index.php\/2024\/02\/16\/vanda-uyusturucudan-19-kisi-yakalandi\/#breadcrumb\",\"itemListElement\":[{\"@type\":\"ListItem\",\"position\":1,\"name\":\"Anasayfa\",\"item\":\"https:\/\/vanxhaber.com\/\"},{\"@type\":\"ListItem\",\"position\":2,\"name\":\"Van\u2019da uyu\u015fturucudan 19 ki\u015fi yakaland\u0131\"}]},{\"@type\":\"WebSite\",\"@id\":\"https:\/\/vanxhaber.com\/#website\",\"url\":\"https:\/\/vanxhaber.com\/\",\"name\":\"Van Haber | Van X Haber | Van Haberleri\",\"description\":\"Van Haber, Van&#039;\u0131n ilk yapay zeka teknolojileri ile yaz\u0131lan Van X Haber ve Van Haberlerini aktif g\u00fcncel sunan tek vanhaber merkezidir.\",\"potentialAction\":[{\"@type\":\"SearchAction\",\"target\":{\"@type\":\"EntryPoint\",\"urlTemplate\":\"https:\/\/vanxhaber.com\/?s={search_term_string}\"},\"query-input\":{\"@type\":\"PropertyValueSpecification\",\"valueRequired\":true,\"valueName\":\"search_term_string\"}}],\"inLanguage\":\"tr\"},{\"@type\":\"Person\",\"@id\":\"https:\/\/vanxhaber.com\/#\/schema\/person\/a5fd8d89510cb5370e62ad176f7978ee\",\"name\":\"Van X Haber\",\"image\":{\"@type\":\"ImageObject\",\"inLanguage\":\"tr\",\"@id\":\"https:\/\/vanxhaber.com\/#\/schema\/person\/image\/\",\"url\":\"https:\/\/secure.gravatar.com\/avatar\/36f2f63826681263103acb5ca1e7bc1a6db11baea9b75dd091d89b74f2704b07?s=96&d=mm&r=g\",\"contentUrl\":\"https:\/\/secure.gravatar.com\/avatar\/36f2f63826681263103acb5ca1e7bc1a6db11baea9b75dd091d89b74f2704b07?s=96&d=mm&r=g\",\"caption\":\"Van X Haber\"},\"description\":\"Van X Haber Van'\u0131n ilk ve tek yeni nesil Van Haber merkezi. Son Dakika Van Haberleri ve G\u00fcncel Van haber merkezinde s\u0131cak geli\u015fmeleri aktarmaya devam edece\u011fiz.\",\"url\":\"https:\/\/vanxhaber.com\/index.php\/author\/vangazetesi\/\"}]}<\/script>\n<!-- \/ Yoast SEO Premium plugin. -->","yoast_head_json":{"title":"Van\u2019da uyu\u015fturucudan 19 ki\u015fi yakaland\u0131 - Van Haber | Van X Haber | Van Haberleri","robots":{"index":"index","follow":"follow","max-snippet":"max-snippet:-1","max-image-preview":"max-image-preview:large","max-video-preview":"max-video-preview:-1"},"canonical":"https:\/\/vanxhaber.com\/index.php\/2024\/02\/16\/vanda-uyusturucudan-19-kisi-yakalandi\/","og_locale":"tr_TR","og_type":"article","og_title":"Van\u2019da uyu\u015fturucudan 19 ki\u015fi yakaland\u0131","og_description":"Van\u2019da polis ekiplerince \u2018torbac\u0131\u2019 olarak tabir edilen sokak sat\u0131c\u0131lar\u0131na y\u00f6nelik d\u00fczenlenen operasyonda uyu\u015fturucu madde ele ge\u00e7irilirken, 19 ki\u015fi hakk\u0131nda da i\u015flem yap\u0131ld\u0131. Van\u2019da torbac\u0131 operasyonu Van\u2019da polis ekiplerince \u2018torbac\u0131\u2019 olarak tabir edilen sokak sat\u0131c\u0131lar\u0131na y\u00f6nelik d\u00fczenlenen operasyonda uyu\u015fturucu madde ele ge\u00e7irilirken 19 ki\u015fi hakk\u0131nda da i\u015flem yap\u0131ld\u0131. Van Emniyet M\u00fcd\u00fcrl\u00fc\u011f\u00fcnden yap\u0131lan a\u00e7\u0131klamada, il genelinde haks\u0131z &hellip;","og_url":"https:\/\/vanxhaber.com\/index.php\/2024\/02\/16\/vanda-uyusturucudan-19-kisi-yakalandi\/","og_site_name":"Van Haber | Van X Haber | Van Haberleri","article_published_time":"2024-02-16T09:38:09+00:00","article_modified_time":"2024-02-16T09:38:10+00:00","og_image":[{"width":641,"height":380,"url":"https:\/\/vanxhaber.com\/wp-content\/uploads\/2024\/02\/torbaci-operasyonu.jpg","type":"image\/jpeg"}],"author":"Van X Haber","twitter_card":"summary_large_image","twitter_misc":{"Yazan:":"Van X Haber","Tahmini okuma s\u00fcresi":"1 dakika"},"schema":{"@context":"https:\/\/schema.org","@graph":[{"@type":"Article","@id":"https:\/\/vanxhaber.com\/index.php\/2024\/02\/16\/vanda-uyusturucudan-19-kisi-yakalandi\/#article","isPartOf":{"@id":"https:\/\/vanxhaber.com\/index.php\/2024\/02\/16\/vanda-uyusturucudan-19-kisi-yakalandi\/"},"author":{"name":"Van X Haber","@id":"https:\/\/vanxhaber.com\/#\/schema\/person\/a5fd8d89510cb5370e62ad176f7978ee"},"headline":"Van\u2019da uyu\u015fturucudan 19 ki\u015fi yakaland\u0131","datePublished":"2024-02-16T09:38:09+00:00","dateModified":"2024-02-16T09:38:10+00:00","mainEntityOfPage":{"@id":"https:\/\/vanxhaber.com\/index.php\/2024\/02\/16\/vanda-uyusturucudan-19-kisi-yakalandi\/"},"wordCount":174,"commentCount":0,"image":{"@id":"https:\/\/vanxhaber.com\/index.php\/2024\/02\/16\/vanda-uyusturucudan-19-kisi-yakalandi\/#primaryimage"},"thumbnailUrl":"https:\/\/vanxhaber.com\/wp-content\/uploads\/2024\/02\/torbaci-operasyonu.jpg","articleSection":["Van Emniyet","Van Haber","Van Haberleri"],"inLanguage":"tr","potentialAction":[{"@type":"CommentAction","name":"Comment","target":["https:\/\/vanxhaber.com\/index.php\/2024\/02\/16\/vanda-uyusturucudan-19-kisi-yakalandi\/#respond"]}],"copyrightYear":"2024","copyrightHolder":{"@id":"https:\/\/vanxhaber.com\/#organization"}},{"@type":"WebPage","@id":"https:\/\/vanxhaber.com\/index.php\/2024\/02\/16\/vanda-uyusturucudan-19-kisi-yakalandi\/","url":"https:\/\/vanxhaber.com\/index.php\/2024\/02\/16\/vanda-uyusturucudan-19-kisi-yakalandi\/","name":"Van\u2019da uyu\u015fturucudan 19 ki\u015fi yakaland\u0131 - Van Haber | Van X Haber | Van Haberleri","isPartOf":{"@id":"https:\/\/vanxhaber.com\/#website"},"primaryImageOfPage":{"@id":"https:\/\/vanxhaber.com\/index.php\/2024\/02\/16\/vanda-uyusturucudan-19-kisi-yakalandi\/#primaryimage"},"image":{"@id":"https:\/\/vanxhaber.com\/index.php\/2024\/02\/16\/vanda-uyusturucudan-19-kisi-yakalandi\/#primaryimage"},"thumbnailUrl":"https:\/\/vanxhaber.com\/wp-content\/uploads\/2024\/02\/torbaci-operasyonu.jpg","datePublished":"2024-02-16T09:38:09+00:00","dateModified":"2024-02-16T09:38:10+00:00","author":{"@id":"https:\/\/vanxhaber.com\/#\/schema\/person\/a5fd8d89510cb5370e62ad176f7978ee"},"breadcrumb":{"@id":"https:\/\/vanxhaber.com\/index.php\/2024\/02\/16\/vanda-uyusturucudan-19-kisi-yakalandi\/#breadcrumb"},"inLanguage":"tr","potentialAction":[{"@type":"ReadAction","target":["https:\/\/vanxhaber.com\/index.php\/2024\/02\/16\/vanda-uyusturucudan-19-kisi-yakalandi\/"]}]},{"@type":"ImageObject","inLanguage":"tr","@id":"https:\/\/vanxhaber.com\/index.php\/2024\/02\/16\/vanda-uyusturucudan-19-kisi-yakalandi\/#primaryimage","url":"https:\/\/vanxhaber.com\/wp-content\/uploads\/2024\/02\/torbaci-operasyonu.jpg","contentUrl":"https:\/\/vanxhaber.com\/wp-content\/uploads\/2024\/02\/torbaci-operasyonu.jpg","width":641,"height":380},{"@type":"BreadcrumbList","@id":"https:\/\/vanxhaber.com\/index.php\/2024\/02\/16\/vanda-uyusturucudan-19-kisi-yakalandi\/#breadcrumb","itemListElement":[{"@type":"ListItem","position":1,"name":"Anasayfa","item":"https:\/\/vanxhaber.com\/"},{"@type":"ListItem","position":2,"name":"Van\u2019da uyu\u015fturucudan 19 ki\u015fi yakaland\u0131"}]},{"@type":"WebSite","@id":"https:\/\/vanxhaber.com\/#website","url":"https:\/\/vanxhaber.com\/","name":"Van Haber | Van X Haber | Van Haberleri","description":"Van Haber, Van&#039;\u0131n ilk yapay zeka teknolojileri ile yaz\u0131lan Van X Haber ve Van Haberlerini aktif g\u00fcncel sunan tek vanhaber merkezidir.","potentialAction":[{"@type":"SearchAction","target":{"@type":"EntryPoint","urlTemplate":"https:\/\/vanxhaber.com\/?s={search_term_string}"},"query-input":{"@type":"PropertyValueSpecification","valueRequired":true,"valueName":"search_term_string"}}],"inLanguage":"tr"},{"@type":"Person","@id":"https:\/\/vanxhaber.com\/#\/schema\/person\/a5fd8d89510cb5370e62ad176f7978ee","name":"Van X Haber","image":{"@type":"ImageObject","inLanguage":"tr","@id":"https:\/\/vanxhaber.com\/#\/schema\/person\/image\/","url":"https:\/\/secure.gravatar.com\/avatar\/36f2f63826681263103acb5ca1e7bc1a6db11baea9b75dd091d89b74f2704b07?s=96&d=mm&r=g","contentUrl":"https:\/\/secure.gravatar.com\/avatar\/36f2f63826681263103acb5ca1e7bc1a6db11baea9b75dd091d89b74f2704b07?s=96&d=mm&r=g","caption":"Van X Haber"},"description":"Van X Haber Van'\u0131n ilk ve tek yeni nesil Van Haber merkezi. Son Dakika Van Haberleri ve G\u00fcncel Van haber merkezinde s\u0131cak geli\u015fmeleri aktarmaya devam edece\u011fiz.","url":"https:\/\/vanxhaber.com\/index.php\/author\/vangazetesi\/"}]}},"_links":{"self":[{"href":"https:\/\/vanxhaber.com\/index.php\/wp-json\/wp\/v2\/posts\/1710","targetHints":{"allow":["GET"]}}],"collection":[{"href":"https:\/\/vanxhaber.com\/index.php\/wp-json\/wp\/v2\/posts"}],"about":[{"href":"https:\/\/vanxhaber.com\/index.php\/wp-json\/wp\/v2\/types\/post"}],"author":[{"embeddable":true,"href":"https:\/\/vanxhaber.com\/index.php\/wp-json\/wp\/v2\/users\/2"}],"replies":[{"embeddable":true,"href":"https:\/\/vanxhaber.com\/index.php\/wp-json\/wp\/v2\/comments?post=1710"}],"version-history":[{"count":1,"href":"https:\/\/vanxhaber.com\/index.php\/wp-json\/wp\/v2\/posts\/1710\/revisions"}],"predecessor-version":[{"id":1713,"href":"https:\/\/vanxhaber.com\/index.php\/wp-json\/wp\/v2\/posts\/1710\/revisions\/1713"}],"wp:featuredmedia":[{"embeddable":true,"href":"https:\/\/vanxhaber.com\/index.php\/wp-json\/wp\/v2\/media\/1712"}],"wp:attachment":[{"href":"https:\/\/vanxhaber.com\/index.php\/wp-json\/wp\/v2\/media?parent=1710"}],"wp:term":[{"taxonomy":"category","embeddable":true,"href":"https:\/\/vanxhaber.com\/index.php\/wp-json\/wp\/v2\/categories?post=1710"},{"taxonomy":"post_tag","embeddable":true,"href":"https:\/\/vanxhaber.com\/index.php\/wp-json\/wp\/v2\/tags?post=1710"}],"curies":[{"name":"wp","href":"https:\/\/api.w.org\/{rel}","templated":true}]}}