{"id":1727,"date":"2024-02-20T09:42:24","date_gmt":"2024-02-20T09:42:24","guid":{"rendered":"https:\/\/vanxhaber.com\/?p=1727"},"modified":"2024-02-20T09:42:26","modified_gmt":"2024-02-20T09:42:26","slug":"afad-gonullu-arama-kurtarma-ekiplerine-egitim-destegi-sagliyor","status":"publish","type":"post","link":"https:\/\/vanxhaber.com\/index.php\/2024\/02\/20\/afad-gonullu-arama-kurtarma-ekiplerine-egitim-destegi-sagliyor\/","title":{"rendered":"AFAD, G\u00f6n\u00fcll\u00fc Arama Kurtarma Ekiplerine E\u011fitim Deste\u011fi Sa\u011fl\u0131yor"},"content":{"rendered":"\n<p><strong>Van il genelinde olas\u0131 \u00e7\u0131\u011f, deprem ve afet durumlar\u0131na m\u00fcdahale kapasitesini art\u0131rmak amac\u0131yla AFAD (Afet ve Acil Durum Y\u00f6netimi Ba\u015fkanl\u0131\u011f\u0131) Van \u0130l M\u00fcd\u00fcrl\u00fc\u011f\u00fc taraf\u0131ndan g\u00f6n\u00fcll\u00fc arama kurtarma ekiplerine y\u00f6nelik e\u011fitim \u00e7al\u0131\u015fmalar\u0131 h\u0131z kesmeden devam ediyor.<\/strong><\/p>\n\n\n\n<p>Van il genelinde olas\u0131 \u00e7\u0131\u011f, deprem ve afet durumlar\u0131na m\u00fcdahale kapasitesini art\u0131rmak amac\u0131yla AFAD (Afet ve Acil Durum Y\u00f6netimi Ba\u015fkanl\u0131\u011f\u0131) Van \u0130l M\u00fcd\u00fcrl\u00fc\u011f\u00fc taraf\u0131ndan g\u00f6n\u00fcll\u00fc arama kurtarma ekiplerine y\u00f6nelik e\u011fitim \u00e7al\u0131\u015fmalar\u0131 h\u0131z kesmeden devam ediyor.<\/p>\n\n\n\n<p>NAS-SAR Van Ekibi, afet ve acil durumlarda etkin hizmet sunma kapasitesini geli\u015ftirmek \u00fczere, 12-17 Ocak 2024 tarihleri aras\u0131nda \u00e7e\u015fitli e\u011fitim programlar\u0131na tabi tutuldu. Bu kapsamda, alan\u0131nda uzman e\u011fitmenler taraf\u0131ndan \u015fu konularda e\u011fitimler verildi:<\/p>\n\n\n\n<p>Hafif Arama Kurtarma E\u011fitimi: G\u00f6n\u00fcll\u00fc ekipler, arama kurtarma s\u00fcre\u00e7lerinde etkili ve g\u00fcvenli bir \u015fekilde g\u00f6rev alabilmek ad\u0131na hafif arama kurtarma teknikleri konusunda e\u011fitildi.<\/p>\n\n\n\n<p><strong>Afetlerde \u0130lkyard\u0131m E\u011fitimi<\/strong><\/p>\n\n\n\n<p>Acil durumlarda ilk m\u00fcdahalede bulunabilmek ve yaral\u0131lara do\u011fru ilkyard\u0131m\u0131 sa\u011flayabilmek ad\u0131na ilkyard\u0131m konular\u0131nda e\u011fitim al\u0131nd\u0131.<\/p>\n\n\n\n<p>Ekipler, sahada konaklama ve lojistik a\u00e7\u0131dan ihtiya\u00e7 duyulan becerilere y\u00f6nelik \u00e7ad\u0131r ve da\u011fc\u0131l\u0131k e\u011fitimi ald\u0131.<\/p>\n\n\n\n<p>Ayr\u0131ca, ger\u00e7ekle\u015ftirilen e\u011fitimlerin somut bir uygulama a\u015famas\u0131 olarak &#8220;Arama ve Kurtarma Tatbikat\u0131&#8221; d\u00fczenlendi. Bu tatbikat, ekiplerin \u00f6\u011frendikleri bilgileri sahada uygulama f\u0131rsat\u0131 bulmalar\u0131na olanak tan\u0131d\u0131.<\/p>\n\n\n\n<p>AFAD Van \u0130l M\u00fcd\u00fcrl\u00fc\u011f\u00fc&#8217;n\u00fcn giri\u015fimiyle ger\u00e7ekle\u015fen bu e\u011fitim ve tatbikatlar, b\u00f6lgedeki g\u00f6n\u00fcll\u00fc arama kurtarma ekiplerinin etkinli\u011fini art\u0131rmay\u0131 hedefleyerek, acil durumlarda daha etkili ve h\u0131zl\u0131 m\u00fcdahale sa\u011flamay\u0131 ama\u00e7lan\u0131rken, afetlere kar\u015f\u0131 toplumun haz\u0131rl\u0131kl\u0131l\u0131\u011f\u0131n\u0131 art\u0131rma konusundaki \u00f6nemli ad\u0131mlardan birini temsil ediyor.<\/p>\n","protected":false},"excerpt":{"rendered":"<p>Van il genelinde olas\u0131 \u00e7\u0131\u011f, deprem ve afet durumlar\u0131na m\u00fcdahale kapasitesini art\u0131rmak amac\u0131yla AFAD (Afet ve Acil Durum Y\u00f6netimi Ba\u015fkanl\u0131\u011f\u0131) Van \u0130l M\u00fcd\u00fcrl\u00fc\u011f\u00fc taraf\u0131ndan g\u00f6n\u00fcll\u00fc arama kurtarma ekiplerine y\u00f6nelik e\u011fitim \u00e7al\u0131\u015fmalar\u0131 h\u0131z kesmeden devam ediyor. Van il genelinde olas\u0131 \u00e7\u0131\u011f, deprem ve afet durumlar\u0131na m\u00fcdahale kapasitesini art\u0131rmak amac\u0131yla AFAD (Afet ve Acil Durum Y\u00f6netimi Ba\u015fkanl\u0131\u011f\u0131) &hellip;<\/p>\n","protected":false},"author":2,"featured_media":1729,"comment_status":"open","ping_status":"closed","sticky":false,"template":"","format":"standard","meta":{"googlesitekit_rrm_CAowot3VCw:productID":"","footnotes":""},"categories":[32,24],"tags":[],"class_list":["post-1727","post","type-post","status-publish","format-standard","has-post-thumbnail","hentry","category-van-genclik","category-van-haberleri"],"yoast_head":"<!-- This site is optimized with the Yoast SEO Premium plugin v21.7 (Yoast SEO v26.7) - https:\/\/yoast.com\/wordpress\/plugins\/seo\/ -->\n<title>AFAD, G\u00f6n\u00fcll\u00fc Arama Kurtarma Ekiplerine E\u011fitim Deste\u011fi Sa\u011fl\u0131yor - Van Haber | Van X Haber | Van Haberleri<\/title>\n<meta name=\"robots\" content=\"index, follow, max-snippet:-1, max-image-preview:large, max-video-preview:-1\" \/>\n<link rel=\"canonical\" href=\"https:\/\/vanxhaber.com\/index.php\/2024\/02\/20\/afad-gonullu-arama-kurtarma-ekiplerine-egitim-destegi-sagliyor\/\" \/>\n<meta property=\"og:locale\" content=\"tr_TR\" \/>\n<meta property=\"og:type\" content=\"article\" \/>\n<meta property=\"og:title\" content=\"AFAD, G\u00f6n\u00fcll\u00fc Arama Kurtarma Ekiplerine E\u011fitim Deste\u011fi Sa\u011fl\u0131yor\" \/>\n<meta property=\"og:description\" content=\"Van il genelinde olas\u0131 \u00e7\u0131\u011f, deprem ve afet durumlar\u0131na m\u00fcdahale kapasitesini art\u0131rmak amac\u0131yla AFAD (Afet ve Acil Durum Y\u00f6netimi Ba\u015fkanl\u0131\u011f\u0131) Van \u0130l M\u00fcd\u00fcrl\u00fc\u011f\u00fc taraf\u0131ndan g\u00f6n\u00fcll\u00fc arama kurtarma ekiplerine y\u00f6nelik e\u011fitim \u00e7al\u0131\u015fmalar\u0131 h\u0131z kesmeden devam ediyor. Van il genelinde olas\u0131 \u00e7\u0131\u011f, deprem ve afet durumlar\u0131na m\u00fcdahale kapasitesini art\u0131rmak amac\u0131yla AFAD (Afet ve Acil Durum Y\u00f6netimi Ba\u015fkanl\u0131\u011f\u0131) &hellip;\" \/>\n<meta property=\"og:url\" content=\"https:\/\/vanxhaber.com\/index.php\/2024\/02\/20\/afad-gonullu-arama-kurtarma-ekiplerine-egitim-destegi-sagliyor\/\" \/>\n<meta property=\"og:site_name\" content=\"Van Haber | Van X Haber | Van Haberleri\" \/>\n<meta property=\"article:published_time\" content=\"2024-02-20T09:42:24+00:00\" \/>\n<meta property=\"article:modified_time\" content=\"2024-02-20T09:42:26+00:00\" \/>\n<meta property=\"og:image\" content=\"https:\/\/vanxhaber.com\/wp-content\/uploads\/2024\/02\/afad-calismasi.jpg\" \/>\n\t<meta property=\"og:image:width\" content=\"641\" \/>\n\t<meta property=\"og:image:height\" content=\"380\" \/>\n\t<meta property=\"og:image:type\" content=\"image\/jpeg\" \/>\n<meta name=\"author\" content=\"Van X Haber\" \/>\n<meta name=\"twitter:card\" content=\"summary_large_image\" \/>\n<meta name=\"twitter:label1\" content=\"Yazan:\" \/>\n\t<meta name=\"twitter:data1\" content=\"Van X Haber\" \/>\n\t<meta name=\"twitter:label2\" content=\"Tahmini okuma s\u00fcresi\" \/>\n\t<meta name=\"twitter:data2\" content=\"2 dakika\" \/>\n<script type=\"application\/ld+json\" class=\"yoast-schema-graph\">{\"@context\":\"https:\/\/schema.org\",\"@graph\":[{\"@type\":\"Article\",\"@id\":\"https:\/\/vanxhaber.com\/index.php\/2024\/02\/20\/afad-gonullu-arama-kurtarma-ekiplerine-egitim-destegi-sagliyor\/#article\",\"isPartOf\":{\"@id\":\"https:\/\/vanxhaber.com\/index.php\/2024\/02\/20\/afad-gonullu-arama-kurtarma-ekiplerine-egitim-destegi-sagliyor\/\"},\"author\":{\"name\":\"Van X Haber\",\"@id\":\"https:\/\/vanxhaber.com\/#\/schema\/person\/a5fd8d89510cb5370e62ad176f7978ee\"},\"headline\":\"AFAD, G\u00f6n\u00fcll\u00fc Arama Kurtarma Ekiplerine E\u011fitim Deste\u011fi Sa\u011fl\u0131yor\",\"datePublished\":\"2024-02-20T09:42:24+00:00\",\"dateModified\":\"2024-02-20T09:42:26+00:00\",\"mainEntityOfPage\":{\"@id\":\"https:\/\/vanxhaber.com\/index.php\/2024\/02\/20\/afad-gonullu-arama-kurtarma-ekiplerine-egitim-destegi-sagliyor\/\"},\"wordCount\":332,\"commentCount\":0,\"image\":{\"@id\":\"https:\/\/vanxhaber.com\/index.php\/2024\/02\/20\/afad-gonullu-arama-kurtarma-ekiplerine-egitim-destegi-sagliyor\/#primaryimage\"},\"thumbnailUrl\":\"https:\/\/vanxhaber.com\/wp-content\/uploads\/2024\/02\/afad-calismasi.jpg\",\"articleSection\":[\"Van\u00a0Gen\u00e7lik\",\"Van Haberleri\"],\"inLanguage\":\"tr\",\"potentialAction\":[{\"@type\":\"CommentAction\",\"name\":\"Comment\",\"target\":[\"https:\/\/vanxhaber.com\/index.php\/2024\/02\/20\/afad-gonullu-arama-kurtarma-ekiplerine-egitim-destegi-sagliyor\/#respond\"]}],\"copyrightYear\":\"2024\",\"copyrightHolder\":{\"@id\":\"https:\/\/vanxhaber.com\/#organization\"}},{\"@type\":\"WebPage\",\"@id\":\"https:\/\/vanxhaber.com\/index.php\/2024\/02\/20\/afad-gonullu-arama-kurtarma-ekiplerine-egitim-destegi-sagliyor\/\",\"url\":\"https:\/\/vanxhaber.com\/index.php\/2024\/02\/20\/afad-gonullu-arama-kurtarma-ekiplerine-egitim-destegi-sagliyor\/\",\"name\":\"AFAD, G\u00f6n\u00fcll\u00fc Arama Kurtarma Ekiplerine E\u011fitim Deste\u011fi Sa\u011fl\u0131yor - Van Haber | Van X Haber | Van Haberleri\",\"isPartOf\":{\"@id\":\"https:\/\/vanxhaber.com\/#website\"},\"primaryImageOfPage\":{\"@id\":\"https:\/\/vanxhaber.com\/index.php\/2024\/02\/20\/afad-gonullu-arama-kurtarma-ekiplerine-egitim-destegi-sagliyor\/#primaryimage\"},\"image\":{\"@id\":\"https:\/\/vanxhaber.com\/index.php\/2024\/02\/20\/afad-gonullu-arama-kurtarma-ekiplerine-egitim-destegi-sagliyor\/#primaryimage\"},\"thumbnailUrl\":\"https:\/\/vanxhaber.com\/wp-content\/uploads\/2024\/02\/afad-calismasi.jpg\",\"datePublished\":\"2024-02-20T09:42:24+00:00\",\"dateModified\":\"2024-02-20T09:42:26+00:00\",\"author\":{\"@id\":\"https:\/\/vanxhaber.com\/#\/schema\/person\/a5fd8d89510cb5370e62ad176f7978ee\"},\"breadcrumb\":{\"@id\":\"https:\/\/vanxhaber.com\/index.php\/2024\/02\/20\/afad-gonullu-arama-kurtarma-ekiplerine-egitim-destegi-sagliyor\/#breadcrumb\"},\"inLanguage\":\"tr\",\"potentialAction\":[{\"@type\":\"ReadAction\",\"target\":[\"https:\/\/vanxhaber.com\/index.php\/2024\/02\/20\/afad-gonullu-arama-kurtarma-ekiplerine-egitim-destegi-sagliyor\/\"]}]},{\"@type\":\"ImageObject\",\"inLanguage\":\"tr\",\"@id\":\"https:\/\/vanxhaber.com\/index.php\/2024\/02\/20\/afad-gonullu-arama-kurtarma-ekiplerine-egitim-destegi-sagliyor\/#primaryimage\",\"url\":\"https:\/\/vanxhaber.com\/wp-content\/uploads\/2024\/02\/afad-calismasi.jpg\",\"contentUrl\":\"https:\/\/vanxhaber.com\/wp-content\/uploads\/2024\/02\/afad-calismasi.jpg\",\"width\":641,\"height\":380},{\"@type\":\"BreadcrumbList\",\"@id\":\"https:\/\/vanxhaber.com\/index.php\/2024\/02\/20\/afad-gonullu-arama-kurtarma-ekiplerine-egitim-destegi-sagliyor\/#breadcrumb\",\"itemListElement\":[{\"@type\":\"ListItem\",\"position\":1,\"name\":\"Anasayfa\",\"item\":\"https:\/\/vanxhaber.com\/\"},{\"@type\":\"ListItem\",\"position\":2,\"name\":\"AFAD, G\u00f6n\u00fcll\u00fc Arama Kurtarma Ekiplerine E\u011fitim Deste\u011fi Sa\u011fl\u0131yor\"}]},{\"@type\":\"WebSite\",\"@id\":\"https:\/\/vanxhaber.com\/#website\",\"url\":\"https:\/\/vanxhaber.com\/\",\"name\":\"Van Haber | Van X Haber | Van Haberleri\",\"description\":\"Van Haber, Van&#039;\u0131n ilk yapay zeka teknolojileri ile yaz\u0131lan Van X Haber ve Van Haberlerini aktif g\u00fcncel sunan tek vanhaber merkezidir.\",\"potentialAction\":[{\"@type\":\"SearchAction\",\"target\":{\"@type\":\"EntryPoint\",\"urlTemplate\":\"https:\/\/vanxhaber.com\/?s={search_term_string}\"},\"query-input\":{\"@type\":\"PropertyValueSpecification\",\"valueRequired\":true,\"valueName\":\"search_term_string\"}}],\"inLanguage\":\"tr\"},{\"@type\":\"Person\",\"@id\":\"https:\/\/vanxhaber.com\/#\/schema\/person\/a5fd8d89510cb5370e62ad176f7978ee\",\"name\":\"Van X Haber\",\"image\":{\"@type\":\"ImageObject\",\"inLanguage\":\"tr\",\"@id\":\"https:\/\/vanxhaber.com\/#\/schema\/person\/image\/\",\"url\":\"https:\/\/secure.gravatar.com\/avatar\/36f2f63826681263103acb5ca1e7bc1a6db11baea9b75dd091d89b74f2704b07?s=96&d=mm&r=g\",\"contentUrl\":\"https:\/\/secure.gravatar.com\/avatar\/36f2f63826681263103acb5ca1e7bc1a6db11baea9b75dd091d89b74f2704b07?s=96&d=mm&r=g\",\"caption\":\"Van X Haber\"},\"description\":\"Van X Haber Van'\u0131n ilk ve tek yeni nesil Van Haber merkezi. Son Dakika Van Haberleri ve G\u00fcncel Van haber merkezinde s\u0131cak geli\u015fmeleri aktarmaya devam edece\u011fiz.\",\"url\":\"https:\/\/vanxhaber.com\/index.php\/author\/vangazetesi\/\"}]}<\/script>\n<!-- \/ Yoast SEO Premium plugin. -->","yoast_head_json":{"title":"AFAD, G\u00f6n\u00fcll\u00fc Arama Kurtarma Ekiplerine E\u011fitim Deste\u011fi Sa\u011fl\u0131yor - Van Haber | Van X Haber | Van Haberleri","robots":{"index":"index","follow":"follow","max-snippet":"max-snippet:-1","max-image-preview":"max-image-preview:large","max-video-preview":"max-video-preview:-1"},"canonical":"https:\/\/vanxhaber.com\/index.php\/2024\/02\/20\/afad-gonullu-arama-kurtarma-ekiplerine-egitim-destegi-sagliyor\/","og_locale":"tr_TR","og_type":"article","og_title":"AFAD, G\u00f6n\u00fcll\u00fc Arama Kurtarma Ekiplerine E\u011fitim Deste\u011fi Sa\u011fl\u0131yor","og_description":"Van il genelinde olas\u0131 \u00e7\u0131\u011f, deprem ve afet durumlar\u0131na m\u00fcdahale kapasitesini art\u0131rmak amac\u0131yla AFAD (Afet ve Acil Durum Y\u00f6netimi Ba\u015fkanl\u0131\u011f\u0131) Van \u0130l M\u00fcd\u00fcrl\u00fc\u011f\u00fc taraf\u0131ndan g\u00f6n\u00fcll\u00fc arama kurtarma ekiplerine y\u00f6nelik e\u011fitim \u00e7al\u0131\u015fmalar\u0131 h\u0131z kesmeden devam ediyor. Van il genelinde olas\u0131 \u00e7\u0131\u011f, deprem ve afet durumlar\u0131na m\u00fcdahale kapasitesini art\u0131rmak amac\u0131yla AFAD (Afet ve Acil Durum Y\u00f6netimi Ba\u015fkanl\u0131\u011f\u0131) &hellip;","og_url":"https:\/\/vanxhaber.com\/index.php\/2024\/02\/20\/afad-gonullu-arama-kurtarma-ekiplerine-egitim-destegi-sagliyor\/","og_site_name":"Van Haber | Van X Haber | Van Haberleri","article_published_time":"2024-02-20T09:42:24+00:00","article_modified_time":"2024-02-20T09:42:26+00:00","og_image":[{"width":641,"height":380,"url":"https:\/\/vanxhaber.com\/wp-content\/uploads\/2024\/02\/afad-calismasi.jpg","type":"image\/jpeg"}],"author":"Van X Haber","twitter_card":"summary_large_image","twitter_misc":{"Yazan:":"Van X Haber","Tahmini okuma s\u00fcresi":"2 dakika"},"schema":{"@context":"https:\/\/schema.org","@graph":[{"@type":"Article","@id":"https:\/\/vanxhaber.com\/index.php\/2024\/02\/20\/afad-gonullu-arama-kurtarma-ekiplerine-egitim-destegi-sagliyor\/#article","isPartOf":{"@id":"https:\/\/vanxhaber.com\/index.php\/2024\/02\/20\/afad-gonullu-arama-kurtarma-ekiplerine-egitim-destegi-sagliyor\/"},"author":{"name":"Van X Haber","@id":"https:\/\/vanxhaber.com\/#\/schema\/person\/a5fd8d89510cb5370e62ad176f7978ee"},"headline":"AFAD, G\u00f6n\u00fcll\u00fc Arama Kurtarma Ekiplerine E\u011fitim Deste\u011fi Sa\u011fl\u0131yor","datePublished":"2024-02-20T09:42:24+00:00","dateModified":"2024-02-20T09:42:26+00:00","mainEntityOfPage":{"@id":"https:\/\/vanxhaber.com\/index.php\/2024\/02\/20\/afad-gonullu-arama-kurtarma-ekiplerine-egitim-destegi-sagliyor\/"},"wordCount":332,"commentCount":0,"image":{"@id":"https:\/\/vanxhaber.com\/index.php\/2024\/02\/20\/afad-gonullu-arama-kurtarma-ekiplerine-egitim-destegi-sagliyor\/#primaryimage"},"thumbnailUrl":"https:\/\/vanxhaber.com\/wp-content\/uploads\/2024\/02\/afad-calismasi.jpg","articleSection":["Van\u00a0Gen\u00e7lik","Van Haberleri"],"inLanguage":"tr","potentialAction":[{"@type":"CommentAction","name":"Comment","target":["https:\/\/vanxhaber.com\/index.php\/2024\/02\/20\/afad-gonullu-arama-kurtarma-ekiplerine-egitim-destegi-sagliyor\/#respond"]}],"copyrightYear":"2024","copyrightHolder":{"@id":"https:\/\/vanxhaber.com\/#organization"}},{"@type":"WebPage","@id":"https:\/\/vanxhaber.com\/index.php\/2024\/02\/20\/afad-gonullu-arama-kurtarma-ekiplerine-egitim-destegi-sagliyor\/","url":"https:\/\/vanxhaber.com\/index.php\/2024\/02\/20\/afad-gonullu-arama-kurtarma-ekiplerine-egitim-destegi-sagliyor\/","name":"AFAD, G\u00f6n\u00fcll\u00fc Arama Kurtarma Ekiplerine E\u011fitim Deste\u011fi Sa\u011fl\u0131yor - Van Haber | Van X Haber | Van Haberleri","isPartOf":{"@id":"https:\/\/vanxhaber.com\/#website"},"primaryImageOfPage":{"@id":"https:\/\/vanxhaber.com\/index.php\/2024\/02\/20\/afad-gonullu-arama-kurtarma-ekiplerine-egitim-destegi-sagliyor\/#primaryimage"},"image":{"@id":"https:\/\/vanxhaber.com\/index.php\/2024\/02\/20\/afad-gonullu-arama-kurtarma-ekiplerine-egitim-destegi-sagliyor\/#primaryimage"},"thumbnailUrl":"https:\/\/vanxhaber.com\/wp-content\/uploads\/2024\/02\/afad-calismasi.jpg","datePublished":"2024-02-20T09:42:24+00:00","dateModified":"2024-02-20T09:42:26+00:00","author":{"@id":"https:\/\/vanxhaber.com\/#\/schema\/person\/a5fd8d89510cb5370e62ad176f7978ee"},"breadcrumb":{"@id":"https:\/\/vanxhaber.com\/index.php\/2024\/02\/20\/afad-gonullu-arama-kurtarma-ekiplerine-egitim-destegi-sagliyor\/#breadcrumb"},"inLanguage":"tr","potentialAction":[{"@type":"ReadAction","target":["https:\/\/vanxhaber.com\/index.php\/2024\/02\/20\/afad-gonullu-arama-kurtarma-ekiplerine-egitim-destegi-sagliyor\/"]}]},{"@type":"ImageObject","inLanguage":"tr","@id":"https:\/\/vanxhaber.com\/index.php\/2024\/02\/20\/afad-gonullu-arama-kurtarma-ekiplerine-egitim-destegi-sagliyor\/#primaryimage","url":"https:\/\/vanxhaber.com\/wp-content\/uploads\/2024\/02\/afad-calismasi.jpg","contentUrl":"https:\/\/vanxhaber.com\/wp-content\/uploads\/2024\/02\/afad-calismasi.jpg","width":641,"height":380},{"@type":"BreadcrumbList","@id":"https:\/\/vanxhaber.com\/index.php\/2024\/02\/20\/afad-gonullu-arama-kurtarma-ekiplerine-egitim-destegi-sagliyor\/#breadcrumb","itemListElement":[{"@type":"ListItem","position":1,"name":"Anasayfa","item":"https:\/\/vanxhaber.com\/"},{"@type":"ListItem","position":2,"name":"AFAD, G\u00f6n\u00fcll\u00fc Arama Kurtarma Ekiplerine E\u011fitim Deste\u011fi Sa\u011fl\u0131yor"}]},{"@type":"WebSite","@id":"https:\/\/vanxhaber.com\/#website","url":"https:\/\/vanxhaber.com\/","name":"Van Haber | Van X Haber | Van Haberleri","description":"Van Haber, Van&#039;\u0131n ilk yapay zeka teknolojileri ile yaz\u0131lan Van X Haber ve Van Haberlerini aktif g\u00fcncel sunan tek vanhaber merkezidir.","potentialAction":[{"@type":"SearchAction","target":{"@type":"EntryPoint","urlTemplate":"https:\/\/vanxhaber.com\/?s={search_term_string}"},"query-input":{"@type":"PropertyValueSpecification","valueRequired":true,"valueName":"search_term_string"}}],"inLanguage":"tr"},{"@type":"Person","@id":"https:\/\/vanxhaber.com\/#\/schema\/person\/a5fd8d89510cb5370e62ad176f7978ee","name":"Van X Haber","image":{"@type":"ImageObject","inLanguage":"tr","@id":"https:\/\/vanxhaber.com\/#\/schema\/person\/image\/","url":"https:\/\/secure.gravatar.com\/avatar\/36f2f63826681263103acb5ca1e7bc1a6db11baea9b75dd091d89b74f2704b07?s=96&d=mm&r=g","contentUrl":"https:\/\/secure.gravatar.com\/avatar\/36f2f63826681263103acb5ca1e7bc1a6db11baea9b75dd091d89b74f2704b07?s=96&d=mm&r=g","caption":"Van X Haber"},"description":"Van X Haber Van'\u0131n ilk ve tek yeni nesil Van Haber merkezi. Son Dakika Van Haberleri ve G\u00fcncel Van haber merkezinde s\u0131cak geli\u015fmeleri aktarmaya devam edece\u011fiz.","url":"https:\/\/vanxhaber.com\/index.php\/author\/vangazetesi\/"}]}},"_links":{"self":[{"href":"https:\/\/vanxhaber.com\/index.php\/wp-json\/wp\/v2\/posts\/1727","targetHints":{"allow":["GET"]}}],"collection":[{"href":"https:\/\/vanxhaber.com\/index.php\/wp-json\/wp\/v2\/posts"}],"about":[{"href":"https:\/\/vanxhaber.com\/index.php\/wp-json\/wp\/v2\/types\/post"}],"author":[{"embeddable":true,"href":"https:\/\/vanxhaber.com\/index.php\/wp-json\/wp\/v2\/users\/2"}],"replies":[{"embeddable":true,"href":"https:\/\/vanxhaber.com\/index.php\/wp-json\/wp\/v2\/comments?post=1727"}],"version-history":[{"count":1,"href":"https:\/\/vanxhaber.com\/index.php\/wp-json\/wp\/v2\/posts\/1727\/revisions"}],"predecessor-version":[{"id":1730,"href":"https:\/\/vanxhaber.com\/index.php\/wp-json\/wp\/v2\/posts\/1727\/revisions\/1730"}],"wp:featuredmedia":[{"embeddable":true,"href":"https:\/\/vanxhaber.com\/index.php\/wp-json\/wp\/v2\/media\/1729"}],"wp:attachment":[{"href":"https:\/\/vanxhaber.com\/index.php\/wp-json\/wp\/v2\/media?parent=1727"}],"wp:term":[{"taxonomy":"category","embeddable":true,"href":"https:\/\/vanxhaber.com\/index.php\/wp-json\/wp\/v2\/categories?post=1727"},{"taxonomy":"post_tag","embeddable":true,"href":"https:\/\/vanxhaber.com\/index.php\/wp-json\/wp\/v2\/tags?post=1727"}],"curies":[{"name":"wp","href":"https:\/\/api.w.org\/{rel}","templated":true}]}}