{"id":1735,"date":"2024-02-20T10:22:32","date_gmt":"2024-02-20T10:22:32","guid":{"rendered":"https:\/\/vanxhaber.com\/?p=1735"},"modified":"2024-02-20T10:22:34","modified_gmt":"2024-02-20T10:22:34","slug":"van-kurtarma-ekipleri-ilicte-calismalara-destek-veriyor","status":"publish","type":"post","link":"https:\/\/vanxhaber.com\/index.php\/2024\/02\/20\/van-kurtarma-ekipleri-ilicte-calismalara-destek-veriyor\/","title":{"rendered":"&#8220;Van Kurtarma Ekipleri \u0130li\u00e7&#8217;te \u00c7al\u0131\u015fmalara Destek Veriyor&#8221;"},"content":{"rendered":"\n<p>Van Kurtarma Ekipleri \u0130li\u00e7\u2019te Toprak Kaymas\u0131 Sonras\u0131 Canla Ba\u015fla \u00c7al\u0131\u015f\u0131yor&#8221;<br>&#8220;Erzincan&#8217;daki maden oca\u011f\u0131ndaki toprak kaymas\u0131yla sars\u0131lan \u0130li\u00e7&#8217;e destek i\u00e7in Van&#8217;dan gelen kurtarma ekipleri, olay yerindeki \u00e7al\u0131\u015fmalara tam destek veriyor. Emniyet g\u00fc\u00e7leri ve takviye personel, vatanda\u015flar\u0131n g\u00fcvenli\u011fi i\u00e7in gece g\u00fcnd\u00fcz demeden g\u00f6rev ba\u015f\u0131nda.&#8221;<\/p>\n\n\n\n<p>\u0130li\u00e7 il\u00e7esindeki bir maden oca\u011f\u0131nda toprak kaymas\u0131 meydana geldi. Olay\u0131n ard\u0131ndan Van&#8217;dan arama kurtarma ekipleri de destek i\u00e7in g\u00f6nderildi. Erzincan \u0130l Emniyet M\u00fcd\u00fcr\u00fc Kenan Kurt, emniyet ekiplerinin olay yerinde \u00e7al\u0131\u015fmalara tam destek verdi\u011fini a\u00e7\u0131klad\u0131. \u0130\u00e7i\u015fleri Bakan\u0131 Ali Yerlikaya, Enerji ve Tabii Kaynaklar Bakan\u0131 Alpaslan Bayraktar, ve \u00c7al\u0131\u015fma ve Sosyal G\u00fcvenlik Bakan\u0131 Vedat I\u015f\u0131khan da olay yerine giderek devletin b\u00fct\u00fcn imkanlar\u0131n\u0131n seferber edildi\u011fini belirttiler. Emniyet Genel M\u00fcd\u00fcrl\u00fc\u011f\u00fc koordinesinde geni\u015f \u00e7apl\u0131 g\u00fcvenlik tedbirleri al\u0131nd\u0131 ve bir\u00e7ok ilin polis ekipleri g\u00f6nderildi. Toplamda 2 bin 151 personel, 310 ekip alan ve \u00e7evresinde g\u00f6revlendirildi. Ayr\u0131ca Ankara, Bing\u00f6l, Elaz\u0131\u011f, Erzurum, Malatya, Mu\u015f, Sivas, Tunceli, Van illerinden 211 personel takviye olarak g\u00f6nderildi. Erzincan Valisi Hamza Aydo\u011fdu ve di\u011fer yetkililer, \u00e7al\u0131\u015fmalara destek veren illere te\u015fekk\u00fcr etti.<\/p>\n\n\n\n<p><\/p>\n","protected":false},"excerpt":{"rendered":"<p>Van Kurtarma Ekipleri \u0130li\u00e7\u2019te Toprak Kaymas\u0131 Sonras\u0131 Canla Ba\u015fla \u00c7al\u0131\u015f\u0131yor&#8221;&#8220;Erzincan&#8217;daki maden oca\u011f\u0131ndaki toprak kaymas\u0131yla sars\u0131lan \u0130li\u00e7&#8217;e destek i\u00e7in Van&#8217;dan gelen kurtarma ekipleri, olay yerindeki \u00e7al\u0131\u015fmalara tam destek veriyor. Emniyet g\u00fc\u00e7leri ve takviye personel, vatanda\u015flar\u0131n g\u00fcvenli\u011fi i\u00e7in gece g\u00fcnd\u00fcz demeden g\u00f6rev ba\u015f\u0131nda.&#8221; \u0130li\u00e7 il\u00e7esindeki bir maden oca\u011f\u0131nda toprak kaymas\u0131 meydana geldi. Olay\u0131n ard\u0131ndan Van&#8217;dan arama kurtarma &hellip;<\/p>\n","protected":false},"author":2,"featured_media":1737,"comment_status":"open","ping_status":"closed","sticky":false,"template":"","format":"standard","meta":{"googlesitekit_rrm_CAowot3VCw:productID":"","footnotes":""},"categories":[27,1,24],"tags":[],"class_list":["post-1735","post","type-post","status-publish","format-standard","has-post-thumbnail","hentry","category-van-emniyet","category-van-haber","category-van-haberleri"],"yoast_head":"<!-- This site is optimized with the Yoast SEO Premium plugin v21.7 (Yoast SEO v26.7) - https:\/\/yoast.com\/wordpress\/plugins\/seo\/ -->\n<title>&quot;Van Kurtarma Ekipleri \u0130li\u00e7&#039;te \u00c7al\u0131\u015fmalara Destek Veriyor&quot; - Van Haber | Van X Haber | Van Haberleri<\/title>\n<meta name=\"robots\" content=\"index, follow, max-snippet:-1, max-image-preview:large, max-video-preview:-1\" \/>\n<link rel=\"canonical\" href=\"https:\/\/vanxhaber.com\/index.php\/2024\/02\/20\/van-kurtarma-ekipleri-ilicte-calismalara-destek-veriyor\/\" \/>\n<meta property=\"og:locale\" content=\"tr_TR\" \/>\n<meta property=\"og:type\" content=\"article\" \/>\n<meta property=\"og:title\" content=\"&quot;Van Kurtarma Ekipleri \u0130li\u00e7&#039;te \u00c7al\u0131\u015fmalara Destek Veriyor&quot;\" \/>\n<meta property=\"og:description\" content=\"Van Kurtarma Ekipleri \u0130li\u00e7\u2019te Toprak Kaymas\u0131 Sonras\u0131 Canla Ba\u015fla \u00c7al\u0131\u015f\u0131yor&#8221;&#8220;Erzincan&#8217;daki maden oca\u011f\u0131ndaki toprak kaymas\u0131yla sars\u0131lan \u0130li\u00e7&#8217;e destek i\u00e7in Van&#8217;dan gelen kurtarma ekipleri, olay yerindeki \u00e7al\u0131\u015fmalara tam destek veriyor. Emniyet g\u00fc\u00e7leri ve takviye personel, vatanda\u015flar\u0131n g\u00fcvenli\u011fi i\u00e7in gece g\u00fcnd\u00fcz demeden g\u00f6rev ba\u015f\u0131nda.&#8221; \u0130li\u00e7 il\u00e7esindeki bir maden oca\u011f\u0131nda toprak kaymas\u0131 meydana geldi. Olay\u0131n ard\u0131ndan Van&#8217;dan arama kurtarma &hellip;\" \/>\n<meta property=\"og:url\" content=\"https:\/\/vanxhaber.com\/index.php\/2024\/02\/20\/van-kurtarma-ekipleri-ilicte-calismalara-destek-veriyor\/\" \/>\n<meta property=\"og:site_name\" content=\"Van Haber | Van X Haber | Van Haberleri\" \/>\n<meta property=\"article:published_time\" content=\"2024-02-20T10:22:32+00:00\" \/>\n<meta property=\"article:modified_time\" content=\"2024-02-20T10:22:34+00:00\" \/>\n<meta property=\"og:image\" content=\"https:\/\/vanxhaber.com\/wp-content\/uploads\/2024\/02\/ilice-vandan-destek.jpg\" \/>\n\t<meta property=\"og:image:width\" content=\"641\" \/>\n\t<meta property=\"og:image:height\" content=\"380\" \/>\n\t<meta property=\"og:image:type\" content=\"image\/jpeg\" \/>\n<meta name=\"author\" content=\"Van X Haber\" \/>\n<meta name=\"twitter:card\" content=\"summary_large_image\" \/>\n<meta name=\"twitter:label1\" content=\"Yazan:\" \/>\n\t<meta name=\"twitter:data1\" content=\"Van X Haber\" \/>\n\t<meta name=\"twitter:label2\" content=\"Tahmini okuma s\u00fcresi\" \/>\n\t<meta name=\"twitter:data2\" content=\"2 dakika\" \/>\n<script type=\"application\/ld+json\" class=\"yoast-schema-graph\">{\"@context\":\"https:\/\/schema.org\",\"@graph\":[{\"@type\":\"Article\",\"@id\":\"https:\/\/vanxhaber.com\/index.php\/2024\/02\/20\/van-kurtarma-ekipleri-ilicte-calismalara-destek-veriyor\/#article\",\"isPartOf\":{\"@id\":\"https:\/\/vanxhaber.com\/index.php\/2024\/02\/20\/van-kurtarma-ekipleri-ilicte-calismalara-destek-veriyor\/\"},\"author\":{\"name\":\"Van X Haber\",\"@id\":\"https:\/\/vanxhaber.com\/#\/schema\/person\/a5fd8d89510cb5370e62ad176f7978ee\"},\"headline\":\"&#8220;Van Kurtarma Ekipleri \u0130li\u00e7&#8217;te \u00c7al\u0131\u015fmalara Destek Veriyor&#8221;\",\"datePublished\":\"2024-02-20T10:22:32+00:00\",\"dateModified\":\"2024-02-20T10:22:34+00:00\",\"mainEntityOfPage\":{\"@id\":\"https:\/\/vanxhaber.com\/index.php\/2024\/02\/20\/van-kurtarma-ekipleri-ilicte-calismalara-destek-veriyor\/\"},\"wordCount\":222,\"commentCount\":0,\"image\":{\"@id\":\"https:\/\/vanxhaber.com\/index.php\/2024\/02\/20\/van-kurtarma-ekipleri-ilicte-calismalara-destek-veriyor\/#primaryimage\"},\"thumbnailUrl\":\"https:\/\/vanxhaber.com\/wp-content\/uploads\/2024\/02\/ilice-vandan-destek.jpg\",\"articleSection\":[\"Van Emniyet\",\"Van Haber\",\"Van Haberleri\"],\"inLanguage\":\"tr\",\"potentialAction\":[{\"@type\":\"CommentAction\",\"name\":\"Comment\",\"target\":[\"https:\/\/vanxhaber.com\/index.php\/2024\/02\/20\/van-kurtarma-ekipleri-ilicte-calismalara-destek-veriyor\/#respond\"]}],\"copyrightYear\":\"2024\",\"copyrightHolder\":{\"@id\":\"https:\/\/vanxhaber.com\/#organization\"}},{\"@type\":\"WebPage\",\"@id\":\"https:\/\/vanxhaber.com\/index.php\/2024\/02\/20\/van-kurtarma-ekipleri-ilicte-calismalara-destek-veriyor\/\",\"url\":\"https:\/\/vanxhaber.com\/index.php\/2024\/02\/20\/van-kurtarma-ekipleri-ilicte-calismalara-destek-veriyor\/\",\"name\":\"\\\"Van Kurtarma Ekipleri \u0130li\u00e7'te \u00c7al\u0131\u015fmalara Destek Veriyor\\\" - Van Haber | Van X Haber | Van Haberleri\",\"isPartOf\":{\"@id\":\"https:\/\/vanxhaber.com\/#website\"},\"primaryImageOfPage\":{\"@id\":\"https:\/\/vanxhaber.com\/index.php\/2024\/02\/20\/van-kurtarma-ekipleri-ilicte-calismalara-destek-veriyor\/#primaryimage\"},\"image\":{\"@id\":\"https:\/\/vanxhaber.com\/index.php\/2024\/02\/20\/van-kurtarma-ekipleri-ilicte-calismalara-destek-veriyor\/#primaryimage\"},\"thumbnailUrl\":\"https:\/\/vanxhaber.com\/wp-content\/uploads\/2024\/02\/ilice-vandan-destek.jpg\",\"datePublished\":\"2024-02-20T10:22:32+00:00\",\"dateModified\":\"2024-02-20T10:22:34+00:00\",\"author\":{\"@id\":\"https:\/\/vanxhaber.com\/#\/schema\/person\/a5fd8d89510cb5370e62ad176f7978ee\"},\"breadcrumb\":{\"@id\":\"https:\/\/vanxhaber.com\/index.php\/2024\/02\/20\/van-kurtarma-ekipleri-ilicte-calismalara-destek-veriyor\/#breadcrumb\"},\"inLanguage\":\"tr\",\"potentialAction\":[{\"@type\":\"ReadAction\",\"target\":[\"https:\/\/vanxhaber.com\/index.php\/2024\/02\/20\/van-kurtarma-ekipleri-ilicte-calismalara-destek-veriyor\/\"]}]},{\"@type\":\"ImageObject\",\"inLanguage\":\"tr\",\"@id\":\"https:\/\/vanxhaber.com\/index.php\/2024\/02\/20\/van-kurtarma-ekipleri-ilicte-calismalara-destek-veriyor\/#primaryimage\",\"url\":\"https:\/\/vanxhaber.com\/wp-content\/uploads\/2024\/02\/ilice-vandan-destek.jpg\",\"contentUrl\":\"https:\/\/vanxhaber.com\/wp-content\/uploads\/2024\/02\/ilice-vandan-destek.jpg\",\"width\":641,\"height\":380},{\"@type\":\"BreadcrumbList\",\"@id\":\"https:\/\/vanxhaber.com\/index.php\/2024\/02\/20\/van-kurtarma-ekipleri-ilicte-calismalara-destek-veriyor\/#breadcrumb\",\"itemListElement\":[{\"@type\":\"ListItem\",\"position\":1,\"name\":\"Anasayfa\",\"item\":\"https:\/\/vanxhaber.com\/\"},{\"@type\":\"ListItem\",\"position\":2,\"name\":\"&#8220;Van Kurtarma Ekipleri \u0130li\u00e7&#8217;te \u00c7al\u0131\u015fmalara Destek Veriyor&#8221;\"}]},{\"@type\":\"WebSite\",\"@id\":\"https:\/\/vanxhaber.com\/#website\",\"url\":\"https:\/\/vanxhaber.com\/\",\"name\":\"Van Haber | Van X Haber | Van Haberleri\",\"description\":\"Van Haber, Van&#039;\u0131n ilk yapay zeka teknolojileri ile yaz\u0131lan Van X Haber ve Van Haberlerini aktif g\u00fcncel sunan tek vanhaber merkezidir.\",\"potentialAction\":[{\"@type\":\"SearchAction\",\"target\":{\"@type\":\"EntryPoint\",\"urlTemplate\":\"https:\/\/vanxhaber.com\/?s={search_term_string}\"},\"query-input\":{\"@type\":\"PropertyValueSpecification\",\"valueRequired\":true,\"valueName\":\"search_term_string\"}}],\"inLanguage\":\"tr\"},{\"@type\":\"Person\",\"@id\":\"https:\/\/vanxhaber.com\/#\/schema\/person\/a5fd8d89510cb5370e62ad176f7978ee\",\"name\":\"Van X Haber\",\"image\":{\"@type\":\"ImageObject\",\"inLanguage\":\"tr\",\"@id\":\"https:\/\/vanxhaber.com\/#\/schema\/person\/image\/\",\"url\":\"https:\/\/secure.gravatar.com\/avatar\/36f2f63826681263103acb5ca1e7bc1a6db11baea9b75dd091d89b74f2704b07?s=96&d=mm&r=g\",\"contentUrl\":\"https:\/\/secure.gravatar.com\/avatar\/36f2f63826681263103acb5ca1e7bc1a6db11baea9b75dd091d89b74f2704b07?s=96&d=mm&r=g\",\"caption\":\"Van X Haber\"},\"description\":\"Van X Haber Van'\u0131n ilk ve tek yeni nesil Van Haber merkezi. Son Dakika Van Haberleri ve G\u00fcncel Van haber merkezinde s\u0131cak geli\u015fmeleri aktarmaya devam edece\u011fiz.\",\"url\":\"https:\/\/vanxhaber.com\/index.php\/author\/vangazetesi\/\"}]}<\/script>\n<!-- \/ Yoast SEO Premium plugin. -->","yoast_head_json":{"title":"\"Van Kurtarma Ekipleri \u0130li\u00e7'te \u00c7al\u0131\u015fmalara Destek Veriyor\" - Van Haber | Van X Haber | Van Haberleri","robots":{"index":"index","follow":"follow","max-snippet":"max-snippet:-1","max-image-preview":"max-image-preview:large","max-video-preview":"max-video-preview:-1"},"canonical":"https:\/\/vanxhaber.com\/index.php\/2024\/02\/20\/van-kurtarma-ekipleri-ilicte-calismalara-destek-veriyor\/","og_locale":"tr_TR","og_type":"article","og_title":"\"Van Kurtarma Ekipleri \u0130li\u00e7'te \u00c7al\u0131\u015fmalara Destek Veriyor\"","og_description":"Van Kurtarma Ekipleri \u0130li\u00e7\u2019te Toprak Kaymas\u0131 Sonras\u0131 Canla Ba\u015fla \u00c7al\u0131\u015f\u0131yor&#8221;&#8220;Erzincan&#8217;daki maden oca\u011f\u0131ndaki toprak kaymas\u0131yla sars\u0131lan \u0130li\u00e7&#8217;e destek i\u00e7in Van&#8217;dan gelen kurtarma ekipleri, olay yerindeki \u00e7al\u0131\u015fmalara tam destek veriyor. Emniyet g\u00fc\u00e7leri ve takviye personel, vatanda\u015flar\u0131n g\u00fcvenli\u011fi i\u00e7in gece g\u00fcnd\u00fcz demeden g\u00f6rev ba\u015f\u0131nda.&#8221; \u0130li\u00e7 il\u00e7esindeki bir maden oca\u011f\u0131nda toprak kaymas\u0131 meydana geldi. Olay\u0131n ard\u0131ndan Van&#8217;dan arama kurtarma &hellip;","og_url":"https:\/\/vanxhaber.com\/index.php\/2024\/02\/20\/van-kurtarma-ekipleri-ilicte-calismalara-destek-veriyor\/","og_site_name":"Van Haber | Van X Haber | Van Haberleri","article_published_time":"2024-02-20T10:22:32+00:00","article_modified_time":"2024-02-20T10:22:34+00:00","og_image":[{"width":641,"height":380,"url":"https:\/\/vanxhaber.com\/wp-content\/uploads\/2024\/02\/ilice-vandan-destek.jpg","type":"image\/jpeg"}],"author":"Van X Haber","twitter_card":"summary_large_image","twitter_misc":{"Yazan:":"Van X Haber","Tahmini okuma s\u00fcresi":"2 dakika"},"schema":{"@context":"https:\/\/schema.org","@graph":[{"@type":"Article","@id":"https:\/\/vanxhaber.com\/index.php\/2024\/02\/20\/van-kurtarma-ekipleri-ilicte-calismalara-destek-veriyor\/#article","isPartOf":{"@id":"https:\/\/vanxhaber.com\/index.php\/2024\/02\/20\/van-kurtarma-ekipleri-ilicte-calismalara-destek-veriyor\/"},"author":{"name":"Van X Haber","@id":"https:\/\/vanxhaber.com\/#\/schema\/person\/a5fd8d89510cb5370e62ad176f7978ee"},"headline":"&#8220;Van Kurtarma Ekipleri \u0130li\u00e7&#8217;te \u00c7al\u0131\u015fmalara Destek Veriyor&#8221;","datePublished":"2024-02-20T10:22:32+00:00","dateModified":"2024-02-20T10:22:34+00:00","mainEntityOfPage":{"@id":"https:\/\/vanxhaber.com\/index.php\/2024\/02\/20\/van-kurtarma-ekipleri-ilicte-calismalara-destek-veriyor\/"},"wordCount":222,"commentCount":0,"image":{"@id":"https:\/\/vanxhaber.com\/index.php\/2024\/02\/20\/van-kurtarma-ekipleri-ilicte-calismalara-destek-veriyor\/#primaryimage"},"thumbnailUrl":"https:\/\/vanxhaber.com\/wp-content\/uploads\/2024\/02\/ilice-vandan-destek.jpg","articleSection":["Van Emniyet","Van Haber","Van Haberleri"],"inLanguage":"tr","potentialAction":[{"@type":"CommentAction","name":"Comment","target":["https:\/\/vanxhaber.com\/index.php\/2024\/02\/20\/van-kurtarma-ekipleri-ilicte-calismalara-destek-veriyor\/#respond"]}],"copyrightYear":"2024","copyrightHolder":{"@id":"https:\/\/vanxhaber.com\/#organization"}},{"@type":"WebPage","@id":"https:\/\/vanxhaber.com\/index.php\/2024\/02\/20\/van-kurtarma-ekipleri-ilicte-calismalara-destek-veriyor\/","url":"https:\/\/vanxhaber.com\/index.php\/2024\/02\/20\/van-kurtarma-ekipleri-ilicte-calismalara-destek-veriyor\/","name":"\"Van Kurtarma Ekipleri \u0130li\u00e7'te \u00c7al\u0131\u015fmalara Destek Veriyor\" - Van Haber | Van X Haber | Van Haberleri","isPartOf":{"@id":"https:\/\/vanxhaber.com\/#website"},"primaryImageOfPage":{"@id":"https:\/\/vanxhaber.com\/index.php\/2024\/02\/20\/van-kurtarma-ekipleri-ilicte-calismalara-destek-veriyor\/#primaryimage"},"image":{"@id":"https:\/\/vanxhaber.com\/index.php\/2024\/02\/20\/van-kurtarma-ekipleri-ilicte-calismalara-destek-veriyor\/#primaryimage"},"thumbnailUrl":"https:\/\/vanxhaber.com\/wp-content\/uploads\/2024\/02\/ilice-vandan-destek.jpg","datePublished":"2024-02-20T10:22:32+00:00","dateModified":"2024-02-20T10:22:34+00:00","author":{"@id":"https:\/\/vanxhaber.com\/#\/schema\/person\/a5fd8d89510cb5370e62ad176f7978ee"},"breadcrumb":{"@id":"https:\/\/vanxhaber.com\/index.php\/2024\/02\/20\/van-kurtarma-ekipleri-ilicte-calismalara-destek-veriyor\/#breadcrumb"},"inLanguage":"tr","potentialAction":[{"@type":"ReadAction","target":["https:\/\/vanxhaber.com\/index.php\/2024\/02\/20\/van-kurtarma-ekipleri-ilicte-calismalara-destek-veriyor\/"]}]},{"@type":"ImageObject","inLanguage":"tr","@id":"https:\/\/vanxhaber.com\/index.php\/2024\/02\/20\/van-kurtarma-ekipleri-ilicte-calismalara-destek-veriyor\/#primaryimage","url":"https:\/\/vanxhaber.com\/wp-content\/uploads\/2024\/02\/ilice-vandan-destek.jpg","contentUrl":"https:\/\/vanxhaber.com\/wp-content\/uploads\/2024\/02\/ilice-vandan-destek.jpg","width":641,"height":380},{"@type":"BreadcrumbList","@id":"https:\/\/vanxhaber.com\/index.php\/2024\/02\/20\/van-kurtarma-ekipleri-ilicte-calismalara-destek-veriyor\/#breadcrumb","itemListElement":[{"@type":"ListItem","position":1,"name":"Anasayfa","item":"https:\/\/vanxhaber.com\/"},{"@type":"ListItem","position":2,"name":"&#8220;Van Kurtarma Ekipleri \u0130li\u00e7&#8217;te \u00c7al\u0131\u015fmalara Destek Veriyor&#8221;"}]},{"@type":"WebSite","@id":"https:\/\/vanxhaber.com\/#website","url":"https:\/\/vanxhaber.com\/","name":"Van Haber | Van X Haber | Van Haberleri","description":"Van Haber, Van&#039;\u0131n ilk yapay zeka teknolojileri ile yaz\u0131lan Van X Haber ve Van Haberlerini aktif g\u00fcncel sunan tek vanhaber merkezidir.","potentialAction":[{"@type":"SearchAction","target":{"@type":"EntryPoint","urlTemplate":"https:\/\/vanxhaber.com\/?s={search_term_string}"},"query-input":{"@type":"PropertyValueSpecification","valueRequired":true,"valueName":"search_term_string"}}],"inLanguage":"tr"},{"@type":"Person","@id":"https:\/\/vanxhaber.com\/#\/schema\/person\/a5fd8d89510cb5370e62ad176f7978ee","name":"Van X Haber","image":{"@type":"ImageObject","inLanguage":"tr","@id":"https:\/\/vanxhaber.com\/#\/schema\/person\/image\/","url":"https:\/\/secure.gravatar.com\/avatar\/36f2f63826681263103acb5ca1e7bc1a6db11baea9b75dd091d89b74f2704b07?s=96&d=mm&r=g","contentUrl":"https:\/\/secure.gravatar.com\/avatar\/36f2f63826681263103acb5ca1e7bc1a6db11baea9b75dd091d89b74f2704b07?s=96&d=mm&r=g","caption":"Van X Haber"},"description":"Van X Haber Van'\u0131n ilk ve tek yeni nesil Van Haber merkezi. Son Dakika Van Haberleri ve G\u00fcncel Van haber merkezinde s\u0131cak geli\u015fmeleri aktarmaya devam edece\u011fiz.","url":"https:\/\/vanxhaber.com\/index.php\/author\/vangazetesi\/"}]}},"_links":{"self":[{"href":"https:\/\/vanxhaber.com\/index.php\/wp-json\/wp\/v2\/posts\/1735","targetHints":{"allow":["GET"]}}],"collection":[{"href":"https:\/\/vanxhaber.com\/index.php\/wp-json\/wp\/v2\/posts"}],"about":[{"href":"https:\/\/vanxhaber.com\/index.php\/wp-json\/wp\/v2\/types\/post"}],"author":[{"embeddable":true,"href":"https:\/\/vanxhaber.com\/index.php\/wp-json\/wp\/v2\/users\/2"}],"replies":[{"embeddable":true,"href":"https:\/\/vanxhaber.com\/index.php\/wp-json\/wp\/v2\/comments?post=1735"}],"version-history":[{"count":1,"href":"https:\/\/vanxhaber.com\/index.php\/wp-json\/wp\/v2\/posts\/1735\/revisions"}],"predecessor-version":[{"id":1738,"href":"https:\/\/vanxhaber.com\/index.php\/wp-json\/wp\/v2\/posts\/1735\/revisions\/1738"}],"wp:featuredmedia":[{"embeddable":true,"href":"https:\/\/vanxhaber.com\/index.php\/wp-json\/wp\/v2\/media\/1737"}],"wp:attachment":[{"href":"https:\/\/vanxhaber.com\/index.php\/wp-json\/wp\/v2\/media?parent=1735"}],"wp:term":[{"taxonomy":"category","embeddable":true,"href":"https:\/\/vanxhaber.com\/index.php\/wp-json\/wp\/v2\/categories?post=1735"},{"taxonomy":"post_tag","embeddable":true,"href":"https:\/\/vanxhaber.com\/index.php\/wp-json\/wp\/v2\/tags?post=1735"}],"curies":[{"name":"wp","href":"https:\/\/api.w.org\/{rel}","templated":true}]}}