{"id":1739,"date":"2024-02-20T10:30:30","date_gmt":"2024-02-20T10:30:30","guid":{"rendered":"https:\/\/vanxhaber.com\/?p=1739"},"modified":"2024-02-20T10:30:32","modified_gmt":"2024-02-20T10:30:32","slug":"emeklilerin-bayram-ikramiyesine-ek-zam-gelecekmi","status":"publish","type":"post","link":"https:\/\/vanxhaber.com\/index.php\/2024\/02\/20\/emeklilerin-bayram-ikramiyesine-ek-zam-gelecekmi\/","title":{"rendered":"Emeklilerin bayram ikramiyesine ek zam gelecekmi?"},"content":{"rendered":"\n<p><strong><br>Emeklilere bayramlarda \u00f6denen ikramiyelerin 3 bin liraya \u00e7\u0131kar\u0131lmas\u0131 sonras\u0131nda h\u00fck\u00fcmetin yeni bir \u00e7al\u0131\u015fma \u00fczerinde durdu\u011fu kulislerde konu\u015fulmaya ba\u015fland\u0131.<\/strong> Buna g\u00f6re durumdan memnun olmayan emeklilere de ula\u015f\u0131lmas\u0131 i\u00e7in 3 bin liral\u0131k ikramiyenin 5 bin liraya \u00e7\u0131kar\u0131lmas\u0131 y\u00f6n\u00fcnde bir haz\u0131rl\u0131\u011fa giri\u015filecek.<\/p>\n\n\n\n<p>Emeklilere bayramlarda \u00f6denen ikramiyelerin 3 bin liraya \u00e7\u0131kar\u0131lmas\u0131 sonras\u0131nda h\u00fck\u00fcmetin yeni bir \u00e7al\u0131\u015fma \u00fczerinde durdu\u011fu kulislerde konu\u015fulmaya ba\u015fland\u0131. Buna g\u00f6re durumdan memnun olmayan emeklilere de ula\u015f\u0131lmas\u0131 i\u00e7in 3 bin liral\u0131k ikramiyenin 5 bin liraya \u00e7\u0131kar\u0131lmas\u0131 y\u00f6n\u00fcnde bir haz\u0131rl\u0131\u011fa giri\u015filecek.<\/p>\n\n\n\n<p>Enflasyonun y\u00fcksek seyretmesinden en \u00e7ok zarar g\u00f6ren dar gelirli grubun ba\u015f\u0131nda yer alan emekliler, Cumhurba\u015fkan\u0131 Erdo\u011fan&#8217;\u0131n en son kendileriyle ilgili yapt\u0131\u011f\u0131 a\u00e7\u0131klamada bayram ikramiyesinin 3 bin liraya \u00e7\u0131kar\u0131ld\u0131\u011f\u0131n\u0131 \u00f6\u011frendi. Ancak bu geli\u015fmeden memnun olmayanlar\u0131n say\u0131s\u0131 fazla olunca h\u00fck\u00fcmetin ikramiyede ek zam \u00fczerinde \u00e7al\u0131\u015ft\u0131\u011f\u0131 kulis bilgisi olarak \u00f6ne \u00e7\u0131kmaya ba\u015flad\u0131.<\/p>\n\n\n\n<p><strong>GENEL SE\u00c7\u0130MDEN BU YANA EMEKL\u0130 MAA\u015eLARINDA DURUM<\/strong><br>Cumhurba\u015fkanl\u0131\u011f\u0131 ve Genel Se\u00e7im sonras\u0131nda maa\u015flar\u0131nda bekledikleri art\u0131\u015f\u0131 bir t\u00fcrl\u00fc g\u00f6remeyen emekliler Cumhuriyet&#8217;in 100. y\u0131l\u0131 dolay\u0131s\u0131yla bir seferli\u011fine mahsus olmak \u00fczere 5 bin lira ikramiye ald\u0131, 2024&#8217;te de en d\u00fc\u015f\u00fck emekli maa\u015f\u0131n\u0131n 10 bin liraya \u00e7\u0131kar\u0131lmas\u0131 d\u0131\u015f\u0131nda bir geli\u015fme ya\u015fanmad\u0131. Cumhurba\u015fkan\u0131 Erdo\u011fan&#8217;\u0131n konuyla ilgili son a\u00e7\u0131klamas\u0131nda ise emeklilerin bayram ikramiyesi 3 bin liraya \u00e7\u0131kar\u0131ld\u0131.<\/p>\n\n\n\n<p>Erdo\u011fan, Ordu&#8217;daki konu\u015fmas\u0131 s\u0131ras\u0131nda emeklilere verilen bayram ikramiyesinin 3 bin liraya \u00e7\u0131kar\u0131ld\u0131\u011f\u0131n\u0131 \u015fu ifadelerle duyurdu:<\/p>\n\n\n\n<p>&#8220;Emeklilerimizin bayram ikramiyelerinde b\u00fct\u00e7e imkanlar\u0131n\u0131 tekrar zorlama pahas\u0131na bir art\u0131\u015f yapmay\u0131 planl\u0131yoruz. Eskiden emeklinin bayram ikramiyesi diye bir geliri yoktu. Bu uygulamay\u0131 ilk defa 2018&#8217;de biz getirdik. \u00d6nce 1000 lira olan bayram ikramiyesini evvela 1100 liraya, sonra 2 bin liraya \u00e7\u0131kard\u0131k. \u00d6n\u00fcm\u00fczdeki bayramda bu rakam\u0131 y\u00fczde 50 art\u0131\u015fla 3 bin liraya y\u00fckseltece\u011fiz.&#8221;BAYRAM \u0130KRAM\u0130YES\u0130NE EK <strong>ZAM \u00c7ALI\u015eMASI<\/strong><br>H\u00fck\u00fcmete yak\u0131n kaynaklardan al\u0131nan bilgilere g\u00f6re emeklilerle ilgili bayram ikramiyesindeki art\u0131\u015f\u0131n memnuniyet olu\u015fturmamas\u0131 nedeniyle yeni bir \u00e7al\u0131\u015fma ba\u015flat\u0131lacak. Buna g\u00f6re emekli bayram ikramiyesi 3 bin liradan 5 bin liraya \u00e7\u0131kar\u0131lacak.<\/p>\n\n\n\n<p>Haz\u0131rl\u0131k \u00e7al\u0131\u015fmalar\u0131n\u0131n tamamlanmas\u0131n\u0131n ard\u0131ndan Cumhurba\u015fkan\u0131 Erdo\u011fan&#8217;\u0131n 31 Mart yerel se\u00e7imlerinden \u00f6nce ikramiyeye ek zamm\u0131 a\u00e7\u0131klayaca\u011f\u0131 y\u00f6n\u00fcnde kulis bilgileri konu\u015fulmaya ba\u015fland\u0131. \u00c7al\u0131\u015fman\u0131n, emeklilerin ekonomideki durum nedeniyle yerel se\u00e7imde h\u00fck\u00fcmete tepki g\u00f6stermesi ihtimalini ortadan kald\u0131rmak i\u00e7in uygulamaya al\u0131naca\u011f\u0131 yorumlar\u0131 yap\u0131ld\u0131.<\/p>\n","protected":false},"excerpt":{"rendered":"<p>Emeklilere bayramlarda \u00f6denen ikramiyelerin 3 bin liraya \u00e7\u0131kar\u0131lmas\u0131 sonras\u0131nda h\u00fck\u00fcmetin yeni bir \u00e7al\u0131\u015fma \u00fczerinde durdu\u011fu kulislerde konu\u015fulmaya ba\u015fland\u0131. Buna g\u00f6re durumdan memnun olmayan emeklilere de ula\u015f\u0131lmas\u0131 i\u00e7in 3 bin liral\u0131k ikramiyenin 5 bin liraya \u00e7\u0131kar\u0131lmas\u0131 y\u00f6n\u00fcnde bir haz\u0131rl\u0131\u011fa giri\u015filecek. Emeklilere bayramlarda \u00f6denen ikramiyelerin 3 bin liraya \u00e7\u0131kar\u0131lmas\u0131 sonras\u0131nda h\u00fck\u00fcmetin yeni bir \u00e7al\u0131\u015fma \u00fczerinde durdu\u011fu kulislerde &hellip;<\/p>\n","protected":false},"author":2,"featured_media":1741,"comment_status":"open","ping_status":"closed","sticky":false,"template":"","format":"standard","meta":{"googlesitekit_rrm_CAowot3VCw:productID":"","footnotes":""},"categories":[32,1,26,30],"tags":[],"class_list":["post-1739","post","type-post","status-publish","format-standard","has-post-thumbnail","hentry","category-van-genclik","category-van-haber","category-van-siyaset","category-van-x-haber"],"yoast_head":"<!-- This site is optimized with the Yoast SEO Premium plugin v21.7 (Yoast SEO v26.7) - https:\/\/yoast.com\/wordpress\/plugins\/seo\/ -->\n<title>Emeklilerin bayram ikramiyesine ek zam gelecekmi? - Van Haber | Van X Haber | Van Haberleri<\/title>\n<meta name=\"robots\" content=\"index, follow, max-snippet:-1, max-image-preview:large, max-video-preview:-1\" \/>\n<link rel=\"canonical\" href=\"https:\/\/vanxhaber.com\/index.php\/2024\/02\/20\/emeklilerin-bayram-ikramiyesine-ek-zam-gelecekmi\/\" \/>\n<meta property=\"og:locale\" content=\"tr_TR\" \/>\n<meta property=\"og:type\" content=\"article\" \/>\n<meta property=\"og:title\" content=\"Emeklilerin bayram ikramiyesine ek zam gelecekmi?\" \/>\n<meta property=\"og:description\" content=\"Emeklilere bayramlarda \u00f6denen ikramiyelerin 3 bin liraya \u00e7\u0131kar\u0131lmas\u0131 sonras\u0131nda h\u00fck\u00fcmetin yeni bir \u00e7al\u0131\u015fma \u00fczerinde durdu\u011fu kulislerde konu\u015fulmaya ba\u015fland\u0131. Buna g\u00f6re durumdan memnun olmayan emeklilere de ula\u015f\u0131lmas\u0131 i\u00e7in 3 bin liral\u0131k ikramiyenin 5 bin liraya \u00e7\u0131kar\u0131lmas\u0131 y\u00f6n\u00fcnde bir haz\u0131rl\u0131\u011fa giri\u015filecek. Emeklilere bayramlarda \u00f6denen ikramiyelerin 3 bin liraya \u00e7\u0131kar\u0131lmas\u0131 sonras\u0131nda h\u00fck\u00fcmetin yeni bir \u00e7al\u0131\u015fma \u00fczerinde durdu\u011fu kulislerde &hellip;\" \/>\n<meta property=\"og:url\" content=\"https:\/\/vanxhaber.com\/index.php\/2024\/02\/20\/emeklilerin-bayram-ikramiyesine-ek-zam-gelecekmi\/\" \/>\n<meta property=\"og:site_name\" content=\"Van Haber | Van X Haber | Van Haberleri\" \/>\n<meta property=\"article:published_time\" content=\"2024-02-20T10:30:30+00:00\" \/>\n<meta property=\"article:modified_time\" content=\"2024-02-20T10:30:32+00:00\" \/>\n<meta property=\"og:image\" content=\"https:\/\/vanxhaber.com\/wp-content\/uploads\/2024\/02\/bayram-ikramiyesi.jpg\" \/>\n\t<meta property=\"og:image:width\" content=\"641\" \/>\n\t<meta property=\"og:image:height\" content=\"380\" \/>\n\t<meta property=\"og:image:type\" content=\"image\/jpeg\" \/>\n<meta name=\"author\" content=\"Van X Haber\" \/>\n<meta name=\"twitter:card\" content=\"summary_large_image\" \/>\n<meta name=\"twitter:label1\" content=\"Yazan:\" \/>\n\t<meta name=\"twitter:data1\" content=\"Van X Haber\" \/>\n\t<meta name=\"twitter:label2\" content=\"Tahmini okuma s\u00fcresi\" \/>\n\t<meta name=\"twitter:data2\" content=\"3 dakika\" \/>\n<script type=\"application\/ld+json\" class=\"yoast-schema-graph\">{\"@context\":\"https:\/\/schema.org\",\"@graph\":[{\"@type\":\"Article\",\"@id\":\"https:\/\/vanxhaber.com\/index.php\/2024\/02\/20\/emeklilerin-bayram-ikramiyesine-ek-zam-gelecekmi\/#article\",\"isPartOf\":{\"@id\":\"https:\/\/vanxhaber.com\/index.php\/2024\/02\/20\/emeklilerin-bayram-ikramiyesine-ek-zam-gelecekmi\/\"},\"author\":{\"name\":\"Van X Haber\",\"@id\":\"https:\/\/vanxhaber.com\/#\/schema\/person\/a5fd8d89510cb5370e62ad176f7978ee\"},\"headline\":\"Emeklilerin bayram ikramiyesine ek zam gelecekmi?\",\"datePublished\":\"2024-02-20T10:30:30+00:00\",\"dateModified\":\"2024-02-20T10:30:32+00:00\",\"mainEntityOfPage\":{\"@id\":\"https:\/\/vanxhaber.com\/index.php\/2024\/02\/20\/emeklilerin-bayram-ikramiyesine-ek-zam-gelecekmi\/\"},\"wordCount\":454,\"commentCount\":0,\"image\":{\"@id\":\"https:\/\/vanxhaber.com\/index.php\/2024\/02\/20\/emeklilerin-bayram-ikramiyesine-ek-zam-gelecekmi\/#primaryimage\"},\"thumbnailUrl\":\"https:\/\/vanxhaber.com\/wp-content\/uploads\/2024\/02\/bayram-ikramiyesi.jpg\",\"articleSection\":[\"Van\u00a0Gen\u00e7lik\",\"Van Haber\",\"Van Siyaset\",\"Van X Haber\"],\"inLanguage\":\"tr\",\"potentialAction\":[{\"@type\":\"CommentAction\",\"name\":\"Comment\",\"target\":[\"https:\/\/vanxhaber.com\/index.php\/2024\/02\/20\/emeklilerin-bayram-ikramiyesine-ek-zam-gelecekmi\/#respond\"]}],\"copyrightYear\":\"2024\",\"copyrightHolder\":{\"@id\":\"https:\/\/vanxhaber.com\/#organization\"}},{\"@type\":\"WebPage\",\"@id\":\"https:\/\/vanxhaber.com\/index.php\/2024\/02\/20\/emeklilerin-bayram-ikramiyesine-ek-zam-gelecekmi\/\",\"url\":\"https:\/\/vanxhaber.com\/index.php\/2024\/02\/20\/emeklilerin-bayram-ikramiyesine-ek-zam-gelecekmi\/\",\"name\":\"Emeklilerin bayram ikramiyesine ek zam gelecekmi? - Van Haber | Van X Haber | Van Haberleri\",\"isPartOf\":{\"@id\":\"https:\/\/vanxhaber.com\/#website\"},\"primaryImageOfPage\":{\"@id\":\"https:\/\/vanxhaber.com\/index.php\/2024\/02\/20\/emeklilerin-bayram-ikramiyesine-ek-zam-gelecekmi\/#primaryimage\"},\"image\":{\"@id\":\"https:\/\/vanxhaber.com\/index.php\/2024\/02\/20\/emeklilerin-bayram-ikramiyesine-ek-zam-gelecekmi\/#primaryimage\"},\"thumbnailUrl\":\"https:\/\/vanxhaber.com\/wp-content\/uploads\/2024\/02\/bayram-ikramiyesi.jpg\",\"datePublished\":\"2024-02-20T10:30:30+00:00\",\"dateModified\":\"2024-02-20T10:30:32+00:00\",\"author\":{\"@id\":\"https:\/\/vanxhaber.com\/#\/schema\/person\/a5fd8d89510cb5370e62ad176f7978ee\"},\"breadcrumb\":{\"@id\":\"https:\/\/vanxhaber.com\/index.php\/2024\/02\/20\/emeklilerin-bayram-ikramiyesine-ek-zam-gelecekmi\/#breadcrumb\"},\"inLanguage\":\"tr\",\"potentialAction\":[{\"@type\":\"ReadAction\",\"target\":[\"https:\/\/vanxhaber.com\/index.php\/2024\/02\/20\/emeklilerin-bayram-ikramiyesine-ek-zam-gelecekmi\/\"]}]},{\"@type\":\"ImageObject\",\"inLanguage\":\"tr\",\"@id\":\"https:\/\/vanxhaber.com\/index.php\/2024\/02\/20\/emeklilerin-bayram-ikramiyesine-ek-zam-gelecekmi\/#primaryimage\",\"url\":\"https:\/\/vanxhaber.com\/wp-content\/uploads\/2024\/02\/bayram-ikramiyesi.jpg\",\"contentUrl\":\"https:\/\/vanxhaber.com\/wp-content\/uploads\/2024\/02\/bayram-ikramiyesi.jpg\",\"width\":641,\"height\":380},{\"@type\":\"BreadcrumbList\",\"@id\":\"https:\/\/vanxhaber.com\/index.php\/2024\/02\/20\/emeklilerin-bayram-ikramiyesine-ek-zam-gelecekmi\/#breadcrumb\",\"itemListElement\":[{\"@type\":\"ListItem\",\"position\":1,\"name\":\"Anasayfa\",\"item\":\"https:\/\/vanxhaber.com\/\"},{\"@type\":\"ListItem\",\"position\":2,\"name\":\"Emeklilerin bayram ikramiyesine ek zam gelecekmi?\"}]},{\"@type\":\"WebSite\",\"@id\":\"https:\/\/vanxhaber.com\/#website\",\"url\":\"https:\/\/vanxhaber.com\/\",\"name\":\"Van Haber | Van X Haber | Van Haberleri\",\"description\":\"Van Haber, Van&#039;\u0131n ilk yapay zeka teknolojileri ile yaz\u0131lan Van X Haber ve Van Haberlerini aktif g\u00fcncel sunan tek vanhaber merkezidir.\",\"potentialAction\":[{\"@type\":\"SearchAction\",\"target\":{\"@type\":\"EntryPoint\",\"urlTemplate\":\"https:\/\/vanxhaber.com\/?s={search_term_string}\"},\"query-input\":{\"@type\":\"PropertyValueSpecification\",\"valueRequired\":true,\"valueName\":\"search_term_string\"}}],\"inLanguage\":\"tr\"},{\"@type\":\"Person\",\"@id\":\"https:\/\/vanxhaber.com\/#\/schema\/person\/a5fd8d89510cb5370e62ad176f7978ee\",\"name\":\"Van X Haber\",\"image\":{\"@type\":\"ImageObject\",\"inLanguage\":\"tr\",\"@id\":\"https:\/\/vanxhaber.com\/#\/schema\/person\/image\/\",\"url\":\"https:\/\/secure.gravatar.com\/avatar\/36f2f63826681263103acb5ca1e7bc1a6db11baea9b75dd091d89b74f2704b07?s=96&d=mm&r=g\",\"contentUrl\":\"https:\/\/secure.gravatar.com\/avatar\/36f2f63826681263103acb5ca1e7bc1a6db11baea9b75dd091d89b74f2704b07?s=96&d=mm&r=g\",\"caption\":\"Van X Haber\"},\"description\":\"Van X Haber Van'\u0131n ilk ve tek yeni nesil Van Haber merkezi. Son Dakika Van Haberleri ve G\u00fcncel Van haber merkezinde s\u0131cak geli\u015fmeleri aktarmaya devam edece\u011fiz.\",\"url\":\"https:\/\/vanxhaber.com\/index.php\/author\/vangazetesi\/\"}]}<\/script>\n<!-- \/ Yoast SEO Premium plugin. -->","yoast_head_json":{"title":"Emeklilerin bayram ikramiyesine ek zam gelecekmi? - Van Haber | Van X Haber | Van Haberleri","robots":{"index":"index","follow":"follow","max-snippet":"max-snippet:-1","max-image-preview":"max-image-preview:large","max-video-preview":"max-video-preview:-1"},"canonical":"https:\/\/vanxhaber.com\/index.php\/2024\/02\/20\/emeklilerin-bayram-ikramiyesine-ek-zam-gelecekmi\/","og_locale":"tr_TR","og_type":"article","og_title":"Emeklilerin bayram ikramiyesine ek zam gelecekmi?","og_description":"Emeklilere bayramlarda \u00f6denen ikramiyelerin 3 bin liraya \u00e7\u0131kar\u0131lmas\u0131 sonras\u0131nda h\u00fck\u00fcmetin yeni bir \u00e7al\u0131\u015fma \u00fczerinde durdu\u011fu kulislerde konu\u015fulmaya ba\u015fland\u0131. Buna g\u00f6re durumdan memnun olmayan emeklilere de ula\u015f\u0131lmas\u0131 i\u00e7in 3 bin liral\u0131k ikramiyenin 5 bin liraya \u00e7\u0131kar\u0131lmas\u0131 y\u00f6n\u00fcnde bir haz\u0131rl\u0131\u011fa giri\u015filecek. Emeklilere bayramlarda \u00f6denen ikramiyelerin 3 bin liraya \u00e7\u0131kar\u0131lmas\u0131 sonras\u0131nda h\u00fck\u00fcmetin yeni bir \u00e7al\u0131\u015fma \u00fczerinde durdu\u011fu kulislerde &hellip;","og_url":"https:\/\/vanxhaber.com\/index.php\/2024\/02\/20\/emeklilerin-bayram-ikramiyesine-ek-zam-gelecekmi\/","og_site_name":"Van Haber | Van X Haber | Van Haberleri","article_published_time":"2024-02-20T10:30:30+00:00","article_modified_time":"2024-02-20T10:30:32+00:00","og_image":[{"width":641,"height":380,"url":"https:\/\/vanxhaber.com\/wp-content\/uploads\/2024\/02\/bayram-ikramiyesi.jpg","type":"image\/jpeg"}],"author":"Van X Haber","twitter_card":"summary_large_image","twitter_misc":{"Yazan:":"Van X Haber","Tahmini okuma s\u00fcresi":"3 dakika"},"schema":{"@context":"https:\/\/schema.org","@graph":[{"@type":"Article","@id":"https:\/\/vanxhaber.com\/index.php\/2024\/02\/20\/emeklilerin-bayram-ikramiyesine-ek-zam-gelecekmi\/#article","isPartOf":{"@id":"https:\/\/vanxhaber.com\/index.php\/2024\/02\/20\/emeklilerin-bayram-ikramiyesine-ek-zam-gelecekmi\/"},"author":{"name":"Van X Haber","@id":"https:\/\/vanxhaber.com\/#\/schema\/person\/a5fd8d89510cb5370e62ad176f7978ee"},"headline":"Emeklilerin bayram ikramiyesine ek zam gelecekmi?","datePublished":"2024-02-20T10:30:30+00:00","dateModified":"2024-02-20T10:30:32+00:00","mainEntityOfPage":{"@id":"https:\/\/vanxhaber.com\/index.php\/2024\/02\/20\/emeklilerin-bayram-ikramiyesine-ek-zam-gelecekmi\/"},"wordCount":454,"commentCount":0,"image":{"@id":"https:\/\/vanxhaber.com\/index.php\/2024\/02\/20\/emeklilerin-bayram-ikramiyesine-ek-zam-gelecekmi\/#primaryimage"},"thumbnailUrl":"https:\/\/vanxhaber.com\/wp-content\/uploads\/2024\/02\/bayram-ikramiyesi.jpg","articleSection":["Van\u00a0Gen\u00e7lik","Van Haber","Van Siyaset","Van X Haber"],"inLanguage":"tr","potentialAction":[{"@type":"CommentAction","name":"Comment","target":["https:\/\/vanxhaber.com\/index.php\/2024\/02\/20\/emeklilerin-bayram-ikramiyesine-ek-zam-gelecekmi\/#respond"]}],"copyrightYear":"2024","copyrightHolder":{"@id":"https:\/\/vanxhaber.com\/#organization"}},{"@type":"WebPage","@id":"https:\/\/vanxhaber.com\/index.php\/2024\/02\/20\/emeklilerin-bayram-ikramiyesine-ek-zam-gelecekmi\/","url":"https:\/\/vanxhaber.com\/index.php\/2024\/02\/20\/emeklilerin-bayram-ikramiyesine-ek-zam-gelecekmi\/","name":"Emeklilerin bayram ikramiyesine ek zam gelecekmi? - Van Haber | Van X Haber | Van Haberleri","isPartOf":{"@id":"https:\/\/vanxhaber.com\/#website"},"primaryImageOfPage":{"@id":"https:\/\/vanxhaber.com\/index.php\/2024\/02\/20\/emeklilerin-bayram-ikramiyesine-ek-zam-gelecekmi\/#primaryimage"},"image":{"@id":"https:\/\/vanxhaber.com\/index.php\/2024\/02\/20\/emeklilerin-bayram-ikramiyesine-ek-zam-gelecekmi\/#primaryimage"},"thumbnailUrl":"https:\/\/vanxhaber.com\/wp-content\/uploads\/2024\/02\/bayram-ikramiyesi.jpg","datePublished":"2024-02-20T10:30:30+00:00","dateModified":"2024-02-20T10:30:32+00:00","author":{"@id":"https:\/\/vanxhaber.com\/#\/schema\/person\/a5fd8d89510cb5370e62ad176f7978ee"},"breadcrumb":{"@id":"https:\/\/vanxhaber.com\/index.php\/2024\/02\/20\/emeklilerin-bayram-ikramiyesine-ek-zam-gelecekmi\/#breadcrumb"},"inLanguage":"tr","potentialAction":[{"@type":"ReadAction","target":["https:\/\/vanxhaber.com\/index.php\/2024\/02\/20\/emeklilerin-bayram-ikramiyesine-ek-zam-gelecekmi\/"]}]},{"@type":"ImageObject","inLanguage":"tr","@id":"https:\/\/vanxhaber.com\/index.php\/2024\/02\/20\/emeklilerin-bayram-ikramiyesine-ek-zam-gelecekmi\/#primaryimage","url":"https:\/\/vanxhaber.com\/wp-content\/uploads\/2024\/02\/bayram-ikramiyesi.jpg","contentUrl":"https:\/\/vanxhaber.com\/wp-content\/uploads\/2024\/02\/bayram-ikramiyesi.jpg","width":641,"height":380},{"@type":"BreadcrumbList","@id":"https:\/\/vanxhaber.com\/index.php\/2024\/02\/20\/emeklilerin-bayram-ikramiyesine-ek-zam-gelecekmi\/#breadcrumb","itemListElement":[{"@type":"ListItem","position":1,"name":"Anasayfa","item":"https:\/\/vanxhaber.com\/"},{"@type":"ListItem","position":2,"name":"Emeklilerin bayram ikramiyesine ek zam gelecekmi?"}]},{"@type":"WebSite","@id":"https:\/\/vanxhaber.com\/#website","url":"https:\/\/vanxhaber.com\/","name":"Van Haber | Van X Haber | Van Haberleri","description":"Van Haber, Van&#039;\u0131n ilk yapay zeka teknolojileri ile yaz\u0131lan Van X Haber ve Van Haberlerini aktif g\u00fcncel sunan tek vanhaber merkezidir.","potentialAction":[{"@type":"SearchAction","target":{"@type":"EntryPoint","urlTemplate":"https:\/\/vanxhaber.com\/?s={search_term_string}"},"query-input":{"@type":"PropertyValueSpecification","valueRequired":true,"valueName":"search_term_string"}}],"inLanguage":"tr"},{"@type":"Person","@id":"https:\/\/vanxhaber.com\/#\/schema\/person\/a5fd8d89510cb5370e62ad176f7978ee","name":"Van X Haber","image":{"@type":"ImageObject","inLanguage":"tr","@id":"https:\/\/vanxhaber.com\/#\/schema\/person\/image\/","url":"https:\/\/secure.gravatar.com\/avatar\/36f2f63826681263103acb5ca1e7bc1a6db11baea9b75dd091d89b74f2704b07?s=96&d=mm&r=g","contentUrl":"https:\/\/secure.gravatar.com\/avatar\/36f2f63826681263103acb5ca1e7bc1a6db11baea9b75dd091d89b74f2704b07?s=96&d=mm&r=g","caption":"Van X Haber"},"description":"Van X Haber Van'\u0131n ilk ve tek yeni nesil Van Haber merkezi. Son Dakika Van Haberleri ve G\u00fcncel Van haber merkezinde s\u0131cak geli\u015fmeleri aktarmaya devam edece\u011fiz.","url":"https:\/\/vanxhaber.com\/index.php\/author\/vangazetesi\/"}]}},"_links":{"self":[{"href":"https:\/\/vanxhaber.com\/index.php\/wp-json\/wp\/v2\/posts\/1739","targetHints":{"allow":["GET"]}}],"collection":[{"href":"https:\/\/vanxhaber.com\/index.php\/wp-json\/wp\/v2\/posts"}],"about":[{"href":"https:\/\/vanxhaber.com\/index.php\/wp-json\/wp\/v2\/types\/post"}],"author":[{"embeddable":true,"href":"https:\/\/vanxhaber.com\/index.php\/wp-json\/wp\/v2\/users\/2"}],"replies":[{"embeddable":true,"href":"https:\/\/vanxhaber.com\/index.php\/wp-json\/wp\/v2\/comments?post=1739"}],"version-history":[{"count":1,"href":"https:\/\/vanxhaber.com\/index.php\/wp-json\/wp\/v2\/posts\/1739\/revisions"}],"predecessor-version":[{"id":1742,"href":"https:\/\/vanxhaber.com\/index.php\/wp-json\/wp\/v2\/posts\/1739\/revisions\/1742"}],"wp:featuredmedia":[{"embeddable":true,"href":"https:\/\/vanxhaber.com\/index.php\/wp-json\/wp\/v2\/media\/1741"}],"wp:attachment":[{"href":"https:\/\/vanxhaber.com\/index.php\/wp-json\/wp\/v2\/media?parent=1739"}],"wp:term":[{"taxonomy":"category","embeddable":true,"href":"https:\/\/vanxhaber.com\/index.php\/wp-json\/wp\/v2\/categories?post=1739"},{"taxonomy":"post_tag","embeddable":true,"href":"https:\/\/vanxhaber.com\/index.php\/wp-json\/wp\/v2\/tags?post=1739"}],"curies":[{"name":"wp","href":"https:\/\/api.w.org\/{rel}","templated":true}]}}