{"id":1751,"date":"2024-02-21T08:15:30","date_gmt":"2024-02-21T08:15:30","guid":{"rendered":"https:\/\/vanxhaber.com\/?p=1751"},"modified":"2024-02-21T08:15:32","modified_gmt":"2024-02-21T08:15:32","slug":"deva-partisi-vanda-secim-calismalarina-basladi","status":"publish","type":"post","link":"https:\/\/vanxhaber.com\/index.php\/2024\/02\/21\/deva-partisi-vanda-secim-calismalarina-basladi\/","title":{"rendered":"Deva partisi Van&#8217;da se\u00e7,im \u00e7al\u0131\u015fmalar\u0131na ba\u015flad\u0131"},"content":{"rendered":"\n<p><strong>Demokrasi ve At\u0131l\u0131m Partisi (DEVA) Van \u0130l Ba\u015fkanl\u0131\u011f\u0131, se\u00e7im start\u0131 verdi. 31 Mart\u2019ta yap\u0131lacak olan mahalli idareler se\u00e7imleri kapsam\u0131nda bir araya gelen Deva Partisi Van adaylar\u0131, se\u00e7im start\u0131 vererek sahaya indi.<\/strong><\/p>\n\n\n\n<p>Demokrasi ve At\u0131l\u0131m Partisi <strong>(DEVA) Van \u0130l Ba\u015fkanl\u0131\u011f\u0131,<\/strong> se\u00e7im start\u0131 verdi. 31 Mart\u2019ta yap\u0131lacak olan mahalli idareler se\u00e7imleri kapsam\u0131nda bir araya gelen Deva Partisi Van adaylar\u0131, se\u00e7im start\u0131 vererek sahaya indi.Van B\u00fcy\u00fck\u015fehir Belediye Ba\u015fkan Aday\u0131 Av. Erkan \u0130rven ba\u015fkanl\u0131\u011f\u0131nda, bir araya gelen y\u00f6netim kurulu \u00fcyeleri, il\u00e7e ba\u015fkanlar\u0131, il\u00e7e belediye ba\u015fkan adaylar\u0131 ve <strong>SKM<\/strong> ba\u015fkanlar\u0131 31 Mart tarihinde yap\u0131lacak olan mahalli idareler se\u00e7imleri kapsam\u0131nda yol haritas\u0131n\u0131 belirledi. \u00d6nemli kararlar\u0131n al\u0131nd\u0131\u011f\u0131 toplant\u0131da, yol haritas\u0131 hakk\u0131nda kar\u015f\u0131l\u0131kl\u0131 g\u00f6r\u00fc\u015f al\u0131\u015fveri\u015finde bulunulurken, bu s\u00fcre\u00e7te yap\u0131lacak \u00e7al\u0131\u015fmalar hakk\u0131nda g\u00f6rev da\u011f\u0131l\u0131mlar\u0131 yap\u0131ld\u0131.<\/p>\n\n\n\n<p>T\u00fcm il\u00e7e belediye ba\u015fkanlar\u0131na ba\u015far\u0131lar dileyen Van B\u00fcy\u00fck\u015fehir Belediye Ba\u015fkan Aday\u0131 Av. Erkan \u0130rven, se\u00e7im g\u00fcn\u00fcne kadar durmadan \u00e7al\u0131\u015facaklar\u0131n\u0131 ifade etti. Van\u2019da \u00e7ok iyi sonu\u00e7lar elde edeceklerini belirten Ba\u015fkan \u0130rven, Van\u2019\u0131 y\u00f6netmeye talip olduklar\u0131n\u0131 s\u00f6yledi. \u00d6nemli kararlar\u0131n al\u0131nd\u0131\u011f\u0131 toplant\u0131 sonras\u0131 a\u00e7\u0131klamalarda bulunan Van B\u00fcy\u00fck\u015fehir Belediye Ba\u015fkan Aday\u0131 Av. Erkan \u0130rven, \u201cY\u00f6netim kurulu \u00fcyeleri, il\u00e7e ba\u015fkanlar\u0131, il\u00e7e belediye ba\u015fkan adaylar\u0131 ve SKM ba\u015fkanlar\u0131m\u0131zla bir araya gelerek 31 Mart tarihinde yap\u0131lacak olan mahalli idareler se\u00e7imleri kapsam\u0131nda yol haritam\u0131z\u0131 belirledik. Rabim \u00e7\u0131kt\u0131\u011f\u0131m\u0131z bu yolda bizleri mahcup etmesin. Bug\u00fcn itibariyle sahaya inerek se\u00e7im start\u0131m\u0131z\u0131 verdik. \u0130l\u00e7e belediye ba\u015fkan adaylar\u0131m\u0131z\u0131n yan\u0131 s\u0131ra, te\u015fkilat\u0131m\u0131zla birlikte sahada yo\u011fun bir \u015fekilde \u00e7al\u0131\u015farak, s\u0131kmad\u0131k el, dokunmad\u0131k y\u00fcrek b\u0131rakmayaca\u011f\u0131z. Liyakatli kadrolarla bu kentin y\u00f6netimine talibiz. Bu i\u015fin \u00fcstesinden en iyi \u015fekilde gelece\u011fimize inan\u0131yoruz. Bize g\u00fcvenenlerin g\u00fcvenini bo\u015fa \u00e7\u0131karmamak i\u00e7in gecemizi g\u00fcnd\u00fcz\u00fcm\u00fcze kataca\u011f\u0131z. Ehil insanlarla Van\u2019da ger\u00e7ek belediyecilik yapaca\u011f\u0131m\u0131za inanc\u0131m\u0131z tamd\u0131r. Yapt\u0131\u011f\u0131m\u0131z toplant\u0131da se\u00e7im ofisinin a\u00e7\u0131lmas\u0131, se\u00e7im ara\u00e7lar\u0131n\u0131n giydirilmesi gibi \u00f6nemli kararlar al\u0131nd\u0131. Rabbim \u00e7\u0131kt\u0131\u011f\u0131m\u0131z bu yolda bizleri ve ekibimizi muvaffak etsin\u201d ifadelerini kulland\u0131.<\/p>\n","protected":false},"excerpt":{"rendered":"<p>Demokrasi ve At\u0131l\u0131m Partisi (DEVA) Van \u0130l Ba\u015fkanl\u0131\u011f\u0131, se\u00e7im start\u0131 verdi. 31 Mart\u2019ta yap\u0131lacak olan mahalli idareler se\u00e7imleri kapsam\u0131nda bir araya gelen Deva Partisi Van adaylar\u0131, se\u00e7im start\u0131 vererek sahaya indi. Demokrasi ve At\u0131l\u0131m Partisi (DEVA) Van \u0130l Ba\u015fkanl\u0131\u011f\u0131, se\u00e7im start\u0131 verdi. 31 Mart\u2019ta yap\u0131lacak olan mahalli idareler se\u00e7imleri kapsam\u0131nda bir araya gelen Deva Partisi &hellip;<\/p>\n","protected":false},"author":2,"featured_media":1753,"comment_status":"open","ping_status":"closed","sticky":false,"template":"","format":"standard","meta":{"googlesitekit_rrm_CAowot3VCw:productID":"","footnotes":""},"categories":[28,1,24],"tags":[],"class_list":["post-1751","post","type-post","status-publish","format-standard","has-post-thumbnail","hentry","category-van-egitim","category-van-haber","category-van-haberleri"],"yoast_head":"<!-- This site is optimized with the Yoast SEO Premium plugin v21.7 (Yoast SEO v26.7) - https:\/\/yoast.com\/wordpress\/plugins\/seo\/ -->\n<title>Deva partisi Van&#039;da se\u00e7,im \u00e7al\u0131\u015fmalar\u0131na ba\u015flad\u0131 - Van Haber | Van X Haber | Van Haberleri<\/title>\n<meta name=\"robots\" content=\"index, follow, max-snippet:-1, max-image-preview:large, max-video-preview:-1\" \/>\n<link rel=\"canonical\" href=\"https:\/\/vanxhaber.com\/index.php\/2024\/02\/21\/deva-partisi-vanda-secim-calismalarina-basladi\/\" \/>\n<meta property=\"og:locale\" content=\"tr_TR\" \/>\n<meta property=\"og:type\" content=\"article\" \/>\n<meta property=\"og:title\" content=\"Deva partisi Van&#039;da se\u00e7,im \u00e7al\u0131\u015fmalar\u0131na ba\u015flad\u0131\" \/>\n<meta property=\"og:description\" content=\"Demokrasi ve At\u0131l\u0131m Partisi (DEVA) Van \u0130l Ba\u015fkanl\u0131\u011f\u0131, se\u00e7im start\u0131 verdi. 31 Mart\u2019ta yap\u0131lacak olan mahalli idareler se\u00e7imleri kapsam\u0131nda bir araya gelen Deva Partisi Van adaylar\u0131, se\u00e7im start\u0131 vererek sahaya indi. Demokrasi ve At\u0131l\u0131m Partisi (DEVA) Van \u0130l Ba\u015fkanl\u0131\u011f\u0131, se\u00e7im start\u0131 verdi. 31 Mart\u2019ta yap\u0131lacak olan mahalli idareler se\u00e7imleri kapsam\u0131nda bir araya gelen Deva Partisi &hellip;\" \/>\n<meta property=\"og:url\" content=\"https:\/\/vanxhaber.com\/index.php\/2024\/02\/21\/deva-partisi-vanda-secim-calismalarina-basladi\/\" \/>\n<meta property=\"og:site_name\" content=\"Van Haber | Van X Haber | Van Haberleri\" \/>\n<meta property=\"article:published_time\" content=\"2024-02-21T08:15:30+00:00\" \/>\n<meta property=\"article:modified_time\" content=\"2024-02-21T08:15:32+00:00\" \/>\n<meta property=\"og:image\" content=\"https:\/\/vanxhaber.com\/wp-content\/uploads\/2024\/02\/deva-partisi.jpg\" \/>\n\t<meta property=\"og:image:width\" content=\"1110\" \/>\n\t<meta property=\"og:image:height\" content=\"500\" \/>\n\t<meta property=\"og:image:type\" content=\"image\/jpeg\" \/>\n<meta name=\"author\" content=\"Van X Haber\" \/>\n<meta name=\"twitter:card\" content=\"summary_large_image\" \/>\n<meta name=\"twitter:label1\" content=\"Yazan:\" \/>\n\t<meta name=\"twitter:data1\" content=\"Van X Haber\" \/>\n\t<meta name=\"twitter:label2\" content=\"Tahmini okuma s\u00fcresi\" \/>\n\t<meta name=\"twitter:data2\" content=\"2 dakika\" \/>\n<script type=\"application\/ld+json\" class=\"yoast-schema-graph\">{\"@context\":\"https:\/\/schema.org\",\"@graph\":[{\"@type\":\"Article\",\"@id\":\"https:\/\/vanxhaber.com\/index.php\/2024\/02\/21\/deva-partisi-vanda-secim-calismalarina-basladi\/#article\",\"isPartOf\":{\"@id\":\"https:\/\/vanxhaber.com\/index.php\/2024\/02\/21\/deva-partisi-vanda-secim-calismalarina-basladi\/\"},\"author\":{\"name\":\"Van X Haber\",\"@id\":\"https:\/\/vanxhaber.com\/#\/schema\/person\/a5fd8d89510cb5370e62ad176f7978ee\"},\"headline\":\"Deva partisi Van&#8217;da se\u00e7,im \u00e7al\u0131\u015fmalar\u0131na ba\u015flad\u0131\",\"datePublished\":\"2024-02-21T08:15:30+00:00\",\"dateModified\":\"2024-02-21T08:15:32+00:00\",\"mainEntityOfPage\":{\"@id\":\"https:\/\/vanxhaber.com\/index.php\/2024\/02\/21\/deva-partisi-vanda-secim-calismalarina-basladi\/\"},\"wordCount\":434,\"commentCount\":0,\"image\":{\"@id\":\"https:\/\/vanxhaber.com\/index.php\/2024\/02\/21\/deva-partisi-vanda-secim-calismalarina-basladi\/#primaryimage\"},\"thumbnailUrl\":\"https:\/\/vanxhaber.com\/wp-content\/uploads\/2024\/02\/deva-partisi.jpg\",\"articleSection\":[\"Van E\u011fitim\",\"Van Haber\",\"Van Haberleri\"],\"inLanguage\":\"tr\",\"potentialAction\":[{\"@type\":\"CommentAction\",\"name\":\"Comment\",\"target\":[\"https:\/\/vanxhaber.com\/index.php\/2024\/02\/21\/deva-partisi-vanda-secim-calismalarina-basladi\/#respond\"]}],\"copyrightYear\":\"2024\",\"copyrightHolder\":{\"@id\":\"https:\/\/vanxhaber.com\/#organization\"}},{\"@type\":\"WebPage\",\"@id\":\"https:\/\/vanxhaber.com\/index.php\/2024\/02\/21\/deva-partisi-vanda-secim-calismalarina-basladi\/\",\"url\":\"https:\/\/vanxhaber.com\/index.php\/2024\/02\/21\/deva-partisi-vanda-secim-calismalarina-basladi\/\",\"name\":\"Deva partisi Van'da se\u00e7,im \u00e7al\u0131\u015fmalar\u0131na ba\u015flad\u0131 - Van Haber | Van X Haber | Van Haberleri\",\"isPartOf\":{\"@id\":\"https:\/\/vanxhaber.com\/#website\"},\"primaryImageOfPage\":{\"@id\":\"https:\/\/vanxhaber.com\/index.php\/2024\/02\/21\/deva-partisi-vanda-secim-calismalarina-basladi\/#primaryimage\"},\"image\":{\"@id\":\"https:\/\/vanxhaber.com\/index.php\/2024\/02\/21\/deva-partisi-vanda-secim-calismalarina-basladi\/#primaryimage\"},\"thumbnailUrl\":\"https:\/\/vanxhaber.com\/wp-content\/uploads\/2024\/02\/deva-partisi.jpg\",\"datePublished\":\"2024-02-21T08:15:30+00:00\",\"dateModified\":\"2024-02-21T08:15:32+00:00\",\"author\":{\"@id\":\"https:\/\/vanxhaber.com\/#\/schema\/person\/a5fd8d89510cb5370e62ad176f7978ee\"},\"breadcrumb\":{\"@id\":\"https:\/\/vanxhaber.com\/index.php\/2024\/02\/21\/deva-partisi-vanda-secim-calismalarina-basladi\/#breadcrumb\"},\"inLanguage\":\"tr\",\"potentialAction\":[{\"@type\":\"ReadAction\",\"target\":[\"https:\/\/vanxhaber.com\/index.php\/2024\/02\/21\/deva-partisi-vanda-secim-calismalarina-basladi\/\"]}]},{\"@type\":\"ImageObject\",\"inLanguage\":\"tr\",\"@id\":\"https:\/\/vanxhaber.com\/index.php\/2024\/02\/21\/deva-partisi-vanda-secim-calismalarina-basladi\/#primaryimage\",\"url\":\"https:\/\/vanxhaber.com\/wp-content\/uploads\/2024\/02\/deva-partisi.jpg\",\"contentUrl\":\"https:\/\/vanxhaber.com\/wp-content\/uploads\/2024\/02\/deva-partisi.jpg\",\"width\":1110,\"height\":500},{\"@type\":\"BreadcrumbList\",\"@id\":\"https:\/\/vanxhaber.com\/index.php\/2024\/02\/21\/deva-partisi-vanda-secim-calismalarina-basladi\/#breadcrumb\",\"itemListElement\":[{\"@type\":\"ListItem\",\"position\":1,\"name\":\"Anasayfa\",\"item\":\"https:\/\/vanxhaber.com\/\"},{\"@type\":\"ListItem\",\"position\":2,\"name\":\"Deva partisi Van&#8217;da se\u00e7,im \u00e7al\u0131\u015fmalar\u0131na ba\u015flad\u0131\"}]},{\"@type\":\"WebSite\",\"@id\":\"https:\/\/vanxhaber.com\/#website\",\"url\":\"https:\/\/vanxhaber.com\/\",\"name\":\"Van Haber | Van X Haber | Van Haberleri\",\"description\":\"Van Haber, Van&#039;\u0131n ilk yapay zeka teknolojileri ile yaz\u0131lan Van X Haber ve Van Haberlerini aktif g\u00fcncel sunan tek vanhaber merkezidir.\",\"potentialAction\":[{\"@type\":\"SearchAction\",\"target\":{\"@type\":\"EntryPoint\",\"urlTemplate\":\"https:\/\/vanxhaber.com\/?s={search_term_string}\"},\"query-input\":{\"@type\":\"PropertyValueSpecification\",\"valueRequired\":true,\"valueName\":\"search_term_string\"}}],\"inLanguage\":\"tr\"},{\"@type\":\"Person\",\"@id\":\"https:\/\/vanxhaber.com\/#\/schema\/person\/a5fd8d89510cb5370e62ad176f7978ee\",\"name\":\"Van X Haber\",\"image\":{\"@type\":\"ImageObject\",\"inLanguage\":\"tr\",\"@id\":\"https:\/\/vanxhaber.com\/#\/schema\/person\/image\/\",\"url\":\"https:\/\/secure.gravatar.com\/avatar\/36f2f63826681263103acb5ca1e7bc1a6db11baea9b75dd091d89b74f2704b07?s=96&d=mm&r=g\",\"contentUrl\":\"https:\/\/secure.gravatar.com\/avatar\/36f2f63826681263103acb5ca1e7bc1a6db11baea9b75dd091d89b74f2704b07?s=96&d=mm&r=g\",\"caption\":\"Van X Haber\"},\"description\":\"Van X Haber Van'\u0131n ilk ve tek yeni nesil Van Haber merkezi. Son Dakika Van Haberleri ve G\u00fcncel Van haber merkezinde s\u0131cak geli\u015fmeleri aktarmaya devam edece\u011fiz.\",\"url\":\"https:\/\/vanxhaber.com\/index.php\/author\/vangazetesi\/\"}]}<\/script>\n<!-- \/ Yoast SEO Premium plugin. -->","yoast_head_json":{"title":"Deva partisi Van'da se\u00e7,im \u00e7al\u0131\u015fmalar\u0131na ba\u015flad\u0131 - Van Haber | Van X Haber | Van Haberleri","robots":{"index":"index","follow":"follow","max-snippet":"max-snippet:-1","max-image-preview":"max-image-preview:large","max-video-preview":"max-video-preview:-1"},"canonical":"https:\/\/vanxhaber.com\/index.php\/2024\/02\/21\/deva-partisi-vanda-secim-calismalarina-basladi\/","og_locale":"tr_TR","og_type":"article","og_title":"Deva partisi Van'da se\u00e7,im \u00e7al\u0131\u015fmalar\u0131na ba\u015flad\u0131","og_description":"Demokrasi ve At\u0131l\u0131m Partisi (DEVA) Van \u0130l Ba\u015fkanl\u0131\u011f\u0131, se\u00e7im start\u0131 verdi. 31 Mart\u2019ta yap\u0131lacak olan mahalli idareler se\u00e7imleri kapsam\u0131nda bir araya gelen Deva Partisi Van adaylar\u0131, se\u00e7im start\u0131 vererek sahaya indi. Demokrasi ve At\u0131l\u0131m Partisi (DEVA) Van \u0130l Ba\u015fkanl\u0131\u011f\u0131, se\u00e7im start\u0131 verdi. 31 Mart\u2019ta yap\u0131lacak olan mahalli idareler se\u00e7imleri kapsam\u0131nda bir araya gelen Deva Partisi &hellip;","og_url":"https:\/\/vanxhaber.com\/index.php\/2024\/02\/21\/deva-partisi-vanda-secim-calismalarina-basladi\/","og_site_name":"Van Haber | Van X Haber | Van Haberleri","article_published_time":"2024-02-21T08:15:30+00:00","article_modified_time":"2024-02-21T08:15:32+00:00","og_image":[{"width":1110,"height":500,"url":"https:\/\/vanxhaber.com\/wp-content\/uploads\/2024\/02\/deva-partisi.jpg","type":"image\/jpeg"}],"author":"Van X Haber","twitter_card":"summary_large_image","twitter_misc":{"Yazan:":"Van X Haber","Tahmini okuma s\u00fcresi":"2 dakika"},"schema":{"@context":"https:\/\/schema.org","@graph":[{"@type":"Article","@id":"https:\/\/vanxhaber.com\/index.php\/2024\/02\/21\/deva-partisi-vanda-secim-calismalarina-basladi\/#article","isPartOf":{"@id":"https:\/\/vanxhaber.com\/index.php\/2024\/02\/21\/deva-partisi-vanda-secim-calismalarina-basladi\/"},"author":{"name":"Van X Haber","@id":"https:\/\/vanxhaber.com\/#\/schema\/person\/a5fd8d89510cb5370e62ad176f7978ee"},"headline":"Deva partisi Van&#8217;da se\u00e7,im \u00e7al\u0131\u015fmalar\u0131na ba\u015flad\u0131","datePublished":"2024-02-21T08:15:30+00:00","dateModified":"2024-02-21T08:15:32+00:00","mainEntityOfPage":{"@id":"https:\/\/vanxhaber.com\/index.php\/2024\/02\/21\/deva-partisi-vanda-secim-calismalarina-basladi\/"},"wordCount":434,"commentCount":0,"image":{"@id":"https:\/\/vanxhaber.com\/index.php\/2024\/02\/21\/deva-partisi-vanda-secim-calismalarina-basladi\/#primaryimage"},"thumbnailUrl":"https:\/\/vanxhaber.com\/wp-content\/uploads\/2024\/02\/deva-partisi.jpg","articleSection":["Van E\u011fitim","Van Haber","Van Haberleri"],"inLanguage":"tr","potentialAction":[{"@type":"CommentAction","name":"Comment","target":["https:\/\/vanxhaber.com\/index.php\/2024\/02\/21\/deva-partisi-vanda-secim-calismalarina-basladi\/#respond"]}],"copyrightYear":"2024","copyrightHolder":{"@id":"https:\/\/vanxhaber.com\/#organization"}},{"@type":"WebPage","@id":"https:\/\/vanxhaber.com\/index.php\/2024\/02\/21\/deva-partisi-vanda-secim-calismalarina-basladi\/","url":"https:\/\/vanxhaber.com\/index.php\/2024\/02\/21\/deva-partisi-vanda-secim-calismalarina-basladi\/","name":"Deva partisi Van'da se\u00e7,im \u00e7al\u0131\u015fmalar\u0131na ba\u015flad\u0131 - Van Haber | Van X Haber | Van Haberleri","isPartOf":{"@id":"https:\/\/vanxhaber.com\/#website"},"primaryImageOfPage":{"@id":"https:\/\/vanxhaber.com\/index.php\/2024\/02\/21\/deva-partisi-vanda-secim-calismalarina-basladi\/#primaryimage"},"image":{"@id":"https:\/\/vanxhaber.com\/index.php\/2024\/02\/21\/deva-partisi-vanda-secim-calismalarina-basladi\/#primaryimage"},"thumbnailUrl":"https:\/\/vanxhaber.com\/wp-content\/uploads\/2024\/02\/deva-partisi.jpg","datePublished":"2024-02-21T08:15:30+00:00","dateModified":"2024-02-21T08:15:32+00:00","author":{"@id":"https:\/\/vanxhaber.com\/#\/schema\/person\/a5fd8d89510cb5370e62ad176f7978ee"},"breadcrumb":{"@id":"https:\/\/vanxhaber.com\/index.php\/2024\/02\/21\/deva-partisi-vanda-secim-calismalarina-basladi\/#breadcrumb"},"inLanguage":"tr","potentialAction":[{"@type":"ReadAction","target":["https:\/\/vanxhaber.com\/index.php\/2024\/02\/21\/deva-partisi-vanda-secim-calismalarina-basladi\/"]}]},{"@type":"ImageObject","inLanguage":"tr","@id":"https:\/\/vanxhaber.com\/index.php\/2024\/02\/21\/deva-partisi-vanda-secim-calismalarina-basladi\/#primaryimage","url":"https:\/\/vanxhaber.com\/wp-content\/uploads\/2024\/02\/deva-partisi.jpg","contentUrl":"https:\/\/vanxhaber.com\/wp-content\/uploads\/2024\/02\/deva-partisi.jpg","width":1110,"height":500},{"@type":"BreadcrumbList","@id":"https:\/\/vanxhaber.com\/index.php\/2024\/02\/21\/deva-partisi-vanda-secim-calismalarina-basladi\/#breadcrumb","itemListElement":[{"@type":"ListItem","position":1,"name":"Anasayfa","item":"https:\/\/vanxhaber.com\/"},{"@type":"ListItem","position":2,"name":"Deva partisi Van&#8217;da se\u00e7,im \u00e7al\u0131\u015fmalar\u0131na ba\u015flad\u0131"}]},{"@type":"WebSite","@id":"https:\/\/vanxhaber.com\/#website","url":"https:\/\/vanxhaber.com\/","name":"Van Haber | Van X Haber | Van Haberleri","description":"Van Haber, Van&#039;\u0131n ilk yapay zeka teknolojileri ile yaz\u0131lan Van X Haber ve Van Haberlerini aktif g\u00fcncel sunan tek vanhaber merkezidir.","potentialAction":[{"@type":"SearchAction","target":{"@type":"EntryPoint","urlTemplate":"https:\/\/vanxhaber.com\/?s={search_term_string}"},"query-input":{"@type":"PropertyValueSpecification","valueRequired":true,"valueName":"search_term_string"}}],"inLanguage":"tr"},{"@type":"Person","@id":"https:\/\/vanxhaber.com\/#\/schema\/person\/a5fd8d89510cb5370e62ad176f7978ee","name":"Van X Haber","image":{"@type":"ImageObject","inLanguage":"tr","@id":"https:\/\/vanxhaber.com\/#\/schema\/person\/image\/","url":"https:\/\/secure.gravatar.com\/avatar\/36f2f63826681263103acb5ca1e7bc1a6db11baea9b75dd091d89b74f2704b07?s=96&d=mm&r=g","contentUrl":"https:\/\/secure.gravatar.com\/avatar\/36f2f63826681263103acb5ca1e7bc1a6db11baea9b75dd091d89b74f2704b07?s=96&d=mm&r=g","caption":"Van X Haber"},"description":"Van X Haber Van'\u0131n ilk ve tek yeni nesil Van Haber merkezi. Son Dakika Van Haberleri ve G\u00fcncel Van haber merkezinde s\u0131cak geli\u015fmeleri aktarmaya devam edece\u011fiz.","url":"https:\/\/vanxhaber.com\/index.php\/author\/vangazetesi\/"}]}},"_links":{"self":[{"href":"https:\/\/vanxhaber.com\/index.php\/wp-json\/wp\/v2\/posts\/1751","targetHints":{"allow":["GET"]}}],"collection":[{"href":"https:\/\/vanxhaber.com\/index.php\/wp-json\/wp\/v2\/posts"}],"about":[{"href":"https:\/\/vanxhaber.com\/index.php\/wp-json\/wp\/v2\/types\/post"}],"author":[{"embeddable":true,"href":"https:\/\/vanxhaber.com\/index.php\/wp-json\/wp\/v2\/users\/2"}],"replies":[{"embeddable":true,"href":"https:\/\/vanxhaber.com\/index.php\/wp-json\/wp\/v2\/comments?post=1751"}],"version-history":[{"count":1,"href":"https:\/\/vanxhaber.com\/index.php\/wp-json\/wp\/v2\/posts\/1751\/revisions"}],"predecessor-version":[{"id":1754,"href":"https:\/\/vanxhaber.com\/index.php\/wp-json\/wp\/v2\/posts\/1751\/revisions\/1754"}],"wp:featuredmedia":[{"embeddable":true,"href":"https:\/\/vanxhaber.com\/index.php\/wp-json\/wp\/v2\/media\/1753"}],"wp:attachment":[{"href":"https:\/\/vanxhaber.com\/index.php\/wp-json\/wp\/v2\/media?parent=1751"}],"wp:term":[{"taxonomy":"category","embeddable":true,"href":"https:\/\/vanxhaber.com\/index.php\/wp-json\/wp\/v2\/categories?post=1751"},{"taxonomy":"post_tag","embeddable":true,"href":"https:\/\/vanxhaber.com\/index.php\/wp-json\/wp\/v2\/tags?post=1751"}],"curies":[{"name":"wp","href":"https:\/\/api.w.org\/{rel}","templated":true}]}}