{"id":1755,"date":"2024-02-21T08:40:08","date_gmt":"2024-02-21T08:40:08","guid":{"rendered":"https:\/\/vanxhaber.com\/?p=1755"},"modified":"2024-02-21T08:40:09","modified_gmt":"2024-02-21T08:40:09","slug":"van-sinirinda-deprem","status":"publish","type":"post","link":"https:\/\/vanxhaber.com\/index.php\/2024\/02\/21\/van-sinirinda-deprem\/","title":{"rendered":"Van s\u0131n\u0131r\u0131nda deprem"},"content":{"rendered":"\n<p><br><strong>Van s\u0131n\u0131r\u0131nda bulunan \u0130ran\u2019\u0131n Xoy kentinde 3,9 b\u00fcy\u00fckl\u00fc\u011f\u00fcnde deprem meydana geldi.<\/strong><\/p>\n\n\n\n<p>\u0130ran\u2019\u0131n Urmiye vilayetine bapl\u0131 Xoy kentinde 3,9 b\u00fcy\u00fckl\u00fc\u011f\u00fcnde deprem ya\u015fand\u0131. Deprem, 39 kilometre uzakl\u0131ktaki Van ve \u00e7evre illerden de hissedildi.<\/p>\n\n\n\n<p>Afet ve Acil Durum Y\u00f6netimi Ba\u015fkanl\u0131\u011f\u0131n\u0131n internet sitesinde yer alan a\u00e7\u0131klamaya g\u00f6re, saat 22.44\u2019te meydana gelen deprem yerin 7 kilometre derinli\u011finde ger\u00e7ekle\u015fti.<\/p>\n","protected":false},"excerpt":{"rendered":"<p>Van s\u0131n\u0131r\u0131nda bulunan \u0130ran\u2019\u0131n Xoy kentinde 3,9 b\u00fcy\u00fckl\u00fc\u011f\u00fcnde deprem meydana geldi. \u0130ran\u2019\u0131n Urmiye vilayetine bapl\u0131 Xoy kentinde 3,9 b\u00fcy\u00fckl\u00fc\u011f\u00fcnde deprem ya\u015fand\u0131. Deprem, 39 kilometre uzakl\u0131ktaki Van ve \u00e7evre illerden de hissedildi. Afet ve Acil Durum Y\u00f6netimi Ba\u015fkanl\u0131\u011f\u0131n\u0131n internet sitesinde yer alan a\u00e7\u0131klamaya g\u00f6re, saat 22.44\u2019te meydana gelen deprem yerin 7 kilometre derinli\u011finde ger\u00e7ekle\u015fti.<\/p>\n","protected":false},"author":2,"featured_media":1757,"comment_status":"open","ping_status":"closed","sticky":false,"template":"","format":"standard","meta":{"googlesitekit_rrm_CAowot3VCw:productID":"","footnotes":""},"categories":[24,30],"tags":[],"class_list":["post-1755","post","type-post","status-publish","format-standard","has-post-thumbnail","hentry","category-van-haberleri","category-van-x-haber"],"yoast_head":"<!-- This site is optimized with the Yoast SEO Premium plugin v21.7 (Yoast SEO v26.7) - https:\/\/yoast.com\/wordpress\/plugins\/seo\/ -->\n<title>Van s\u0131n\u0131r\u0131nda deprem - Van Haber | Van X Haber | Van Haberleri<\/title>\n<meta name=\"robots\" content=\"index, follow, max-snippet:-1, max-image-preview:large, max-video-preview:-1\" \/>\n<link rel=\"canonical\" href=\"https:\/\/vanxhaber.com\/index.php\/2024\/02\/21\/van-sinirinda-deprem\/\" \/>\n<meta property=\"og:locale\" content=\"tr_TR\" \/>\n<meta property=\"og:type\" content=\"article\" \/>\n<meta property=\"og:title\" content=\"Van s\u0131n\u0131r\u0131nda deprem\" \/>\n<meta property=\"og:description\" content=\"Van s\u0131n\u0131r\u0131nda bulunan \u0130ran\u2019\u0131n Xoy kentinde 3,9 b\u00fcy\u00fckl\u00fc\u011f\u00fcnde deprem meydana geldi. \u0130ran\u2019\u0131n Urmiye vilayetine bapl\u0131 Xoy kentinde 3,9 b\u00fcy\u00fckl\u00fc\u011f\u00fcnde deprem ya\u015fand\u0131. Deprem, 39 kilometre uzakl\u0131ktaki Van ve \u00e7evre illerden de hissedildi. Afet ve Acil Durum Y\u00f6netimi Ba\u015fkanl\u0131\u011f\u0131n\u0131n internet sitesinde yer alan a\u00e7\u0131klamaya g\u00f6re, saat 22.44\u2019te meydana gelen deprem yerin 7 kilometre derinli\u011finde ger\u00e7ekle\u015fti.\" \/>\n<meta property=\"og:url\" content=\"https:\/\/vanxhaber.com\/index.php\/2024\/02\/21\/van-sinirinda-deprem\/\" \/>\n<meta property=\"og:site_name\" content=\"Van Haber | Van X Haber | Van Haberleri\" \/>\n<meta property=\"article:published_time\" content=\"2024-02-21T08:40:08+00:00\" \/>\n<meta property=\"article:modified_time\" content=\"2024-02-21T08:40:09+00:00\" \/>\n<meta property=\"og:image\" content=\"https:\/\/vanxhaber.com\/wp-content\/uploads\/2024\/02\/deprem.jpg\" \/>\n\t<meta property=\"og:image:width\" content=\"1110\" \/>\n\t<meta property=\"og:image:height\" content=\"500\" \/>\n\t<meta property=\"og:image:type\" content=\"image\/jpeg\" \/>\n<meta name=\"author\" content=\"Van X Haber\" \/>\n<meta name=\"twitter:card\" content=\"summary_large_image\" \/>\n<meta name=\"twitter:label1\" content=\"Yazan:\" \/>\n\t<meta name=\"twitter:data1\" content=\"Van X Haber\" \/>\n\t<meta name=\"twitter:label2\" content=\"Tahmini okuma s\u00fcresi\" \/>\n\t<meta name=\"twitter:data2\" content=\"1 dakika\" \/>\n<script type=\"application\/ld+json\" class=\"yoast-schema-graph\">{\"@context\":\"https:\/\/schema.org\",\"@graph\":[{\"@type\":\"Article\",\"@id\":\"https:\/\/vanxhaber.com\/index.php\/2024\/02\/21\/van-sinirinda-deprem\/#article\",\"isPartOf\":{\"@id\":\"https:\/\/vanxhaber.com\/index.php\/2024\/02\/21\/van-sinirinda-deprem\/\"},\"author\":{\"name\":\"Van X Haber\",\"@id\":\"https:\/\/vanxhaber.com\/#\/schema\/person\/a5fd8d89510cb5370e62ad176f7978ee\"},\"headline\":\"Van s\u0131n\u0131r\u0131nda deprem\",\"datePublished\":\"2024-02-21T08:40:08+00:00\",\"dateModified\":\"2024-02-21T08:40:09+00:00\",\"mainEntityOfPage\":{\"@id\":\"https:\/\/vanxhaber.com\/index.php\/2024\/02\/21\/van-sinirinda-deprem\/\"},\"wordCount\":77,\"commentCount\":0,\"image\":{\"@id\":\"https:\/\/vanxhaber.com\/index.php\/2024\/02\/21\/van-sinirinda-deprem\/#primaryimage\"},\"thumbnailUrl\":\"https:\/\/vanxhaber.com\/wp-content\/uploads\/2024\/02\/deprem.jpg\",\"articleSection\":[\"Van Haberleri\",\"Van X Haber\"],\"inLanguage\":\"tr\",\"potentialAction\":[{\"@type\":\"CommentAction\",\"name\":\"Comment\",\"target\":[\"https:\/\/vanxhaber.com\/index.php\/2024\/02\/21\/van-sinirinda-deprem\/#respond\"]}],\"copyrightYear\":\"2024\",\"copyrightHolder\":{\"@id\":\"https:\/\/vanxhaber.com\/#organization\"}},{\"@type\":\"WebPage\",\"@id\":\"https:\/\/vanxhaber.com\/index.php\/2024\/02\/21\/van-sinirinda-deprem\/\",\"url\":\"https:\/\/vanxhaber.com\/index.php\/2024\/02\/21\/van-sinirinda-deprem\/\",\"name\":\"Van s\u0131n\u0131r\u0131nda deprem - Van Haber | Van X Haber | Van Haberleri\",\"isPartOf\":{\"@id\":\"https:\/\/vanxhaber.com\/#website\"},\"primaryImageOfPage\":{\"@id\":\"https:\/\/vanxhaber.com\/index.php\/2024\/02\/21\/van-sinirinda-deprem\/#primaryimage\"},\"image\":{\"@id\":\"https:\/\/vanxhaber.com\/index.php\/2024\/02\/21\/van-sinirinda-deprem\/#primaryimage\"},\"thumbnailUrl\":\"https:\/\/vanxhaber.com\/wp-content\/uploads\/2024\/02\/deprem.jpg\",\"datePublished\":\"2024-02-21T08:40:08+00:00\",\"dateModified\":\"2024-02-21T08:40:09+00:00\",\"author\":{\"@id\":\"https:\/\/vanxhaber.com\/#\/schema\/person\/a5fd8d89510cb5370e62ad176f7978ee\"},\"breadcrumb\":{\"@id\":\"https:\/\/vanxhaber.com\/index.php\/2024\/02\/21\/van-sinirinda-deprem\/#breadcrumb\"},\"inLanguage\":\"tr\",\"potentialAction\":[{\"@type\":\"ReadAction\",\"target\":[\"https:\/\/vanxhaber.com\/index.php\/2024\/02\/21\/van-sinirinda-deprem\/\"]}]},{\"@type\":\"ImageObject\",\"inLanguage\":\"tr\",\"@id\":\"https:\/\/vanxhaber.com\/index.php\/2024\/02\/21\/van-sinirinda-deprem\/#primaryimage\",\"url\":\"https:\/\/vanxhaber.com\/wp-content\/uploads\/2024\/02\/deprem.jpg\",\"contentUrl\":\"https:\/\/vanxhaber.com\/wp-content\/uploads\/2024\/02\/deprem.jpg\",\"width\":1110,\"height\":500},{\"@type\":\"BreadcrumbList\",\"@id\":\"https:\/\/vanxhaber.com\/index.php\/2024\/02\/21\/van-sinirinda-deprem\/#breadcrumb\",\"itemListElement\":[{\"@type\":\"ListItem\",\"position\":1,\"name\":\"Anasayfa\",\"item\":\"https:\/\/vanxhaber.com\/\"},{\"@type\":\"ListItem\",\"position\":2,\"name\":\"Van s\u0131n\u0131r\u0131nda deprem\"}]},{\"@type\":\"WebSite\",\"@id\":\"https:\/\/vanxhaber.com\/#website\",\"url\":\"https:\/\/vanxhaber.com\/\",\"name\":\"Van Haber | Van X Haber | Van Haberleri\",\"description\":\"Van Haber, Van&#039;\u0131n ilk yapay zeka teknolojileri ile yaz\u0131lan Van X Haber ve Van Haberlerini aktif g\u00fcncel sunan tek vanhaber merkezidir.\",\"potentialAction\":[{\"@type\":\"SearchAction\",\"target\":{\"@type\":\"EntryPoint\",\"urlTemplate\":\"https:\/\/vanxhaber.com\/?s={search_term_string}\"},\"query-input\":{\"@type\":\"PropertyValueSpecification\",\"valueRequired\":true,\"valueName\":\"search_term_string\"}}],\"inLanguage\":\"tr\"},{\"@type\":\"Person\",\"@id\":\"https:\/\/vanxhaber.com\/#\/schema\/person\/a5fd8d89510cb5370e62ad176f7978ee\",\"name\":\"Van X Haber\",\"image\":{\"@type\":\"ImageObject\",\"inLanguage\":\"tr\",\"@id\":\"https:\/\/vanxhaber.com\/#\/schema\/person\/image\/\",\"url\":\"https:\/\/secure.gravatar.com\/avatar\/36f2f63826681263103acb5ca1e7bc1a6db11baea9b75dd091d89b74f2704b07?s=96&d=mm&r=g\",\"contentUrl\":\"https:\/\/secure.gravatar.com\/avatar\/36f2f63826681263103acb5ca1e7bc1a6db11baea9b75dd091d89b74f2704b07?s=96&d=mm&r=g\",\"caption\":\"Van X Haber\"},\"description\":\"Van X Haber Van'\u0131n ilk ve tek yeni nesil Van Haber merkezi. Son Dakika Van Haberleri ve G\u00fcncel Van haber merkezinde s\u0131cak geli\u015fmeleri aktarmaya devam edece\u011fiz.\",\"url\":\"https:\/\/vanxhaber.com\/index.php\/author\/vangazetesi\/\"}]}<\/script>\n<!-- \/ Yoast SEO Premium plugin. -->","yoast_head_json":{"title":"Van s\u0131n\u0131r\u0131nda deprem - Van Haber | Van X Haber | Van Haberleri","robots":{"index":"index","follow":"follow","max-snippet":"max-snippet:-1","max-image-preview":"max-image-preview:large","max-video-preview":"max-video-preview:-1"},"canonical":"https:\/\/vanxhaber.com\/index.php\/2024\/02\/21\/van-sinirinda-deprem\/","og_locale":"tr_TR","og_type":"article","og_title":"Van s\u0131n\u0131r\u0131nda deprem","og_description":"Van s\u0131n\u0131r\u0131nda bulunan \u0130ran\u2019\u0131n Xoy kentinde 3,9 b\u00fcy\u00fckl\u00fc\u011f\u00fcnde deprem meydana geldi. \u0130ran\u2019\u0131n Urmiye vilayetine bapl\u0131 Xoy kentinde 3,9 b\u00fcy\u00fckl\u00fc\u011f\u00fcnde deprem ya\u015fand\u0131. Deprem, 39 kilometre uzakl\u0131ktaki Van ve \u00e7evre illerden de hissedildi. Afet ve Acil Durum Y\u00f6netimi Ba\u015fkanl\u0131\u011f\u0131n\u0131n internet sitesinde yer alan a\u00e7\u0131klamaya g\u00f6re, saat 22.44\u2019te meydana gelen deprem yerin 7 kilometre derinli\u011finde ger\u00e7ekle\u015fti.","og_url":"https:\/\/vanxhaber.com\/index.php\/2024\/02\/21\/van-sinirinda-deprem\/","og_site_name":"Van Haber | Van X Haber | Van Haberleri","article_published_time":"2024-02-21T08:40:08+00:00","article_modified_time":"2024-02-21T08:40:09+00:00","og_image":[{"width":1110,"height":500,"url":"https:\/\/vanxhaber.com\/wp-content\/uploads\/2024\/02\/deprem.jpg","type":"image\/jpeg"}],"author":"Van X Haber","twitter_card":"summary_large_image","twitter_misc":{"Yazan:":"Van X Haber","Tahmini okuma s\u00fcresi":"1 dakika"},"schema":{"@context":"https:\/\/schema.org","@graph":[{"@type":"Article","@id":"https:\/\/vanxhaber.com\/index.php\/2024\/02\/21\/van-sinirinda-deprem\/#article","isPartOf":{"@id":"https:\/\/vanxhaber.com\/index.php\/2024\/02\/21\/van-sinirinda-deprem\/"},"author":{"name":"Van X Haber","@id":"https:\/\/vanxhaber.com\/#\/schema\/person\/a5fd8d89510cb5370e62ad176f7978ee"},"headline":"Van s\u0131n\u0131r\u0131nda deprem","datePublished":"2024-02-21T08:40:08+00:00","dateModified":"2024-02-21T08:40:09+00:00","mainEntityOfPage":{"@id":"https:\/\/vanxhaber.com\/index.php\/2024\/02\/21\/van-sinirinda-deprem\/"},"wordCount":77,"commentCount":0,"image":{"@id":"https:\/\/vanxhaber.com\/index.php\/2024\/02\/21\/van-sinirinda-deprem\/#primaryimage"},"thumbnailUrl":"https:\/\/vanxhaber.com\/wp-content\/uploads\/2024\/02\/deprem.jpg","articleSection":["Van Haberleri","Van X Haber"],"inLanguage":"tr","potentialAction":[{"@type":"CommentAction","name":"Comment","target":["https:\/\/vanxhaber.com\/index.php\/2024\/02\/21\/van-sinirinda-deprem\/#respond"]}],"copyrightYear":"2024","copyrightHolder":{"@id":"https:\/\/vanxhaber.com\/#organization"}},{"@type":"WebPage","@id":"https:\/\/vanxhaber.com\/index.php\/2024\/02\/21\/van-sinirinda-deprem\/","url":"https:\/\/vanxhaber.com\/index.php\/2024\/02\/21\/van-sinirinda-deprem\/","name":"Van s\u0131n\u0131r\u0131nda deprem - Van Haber | Van X Haber | Van Haberleri","isPartOf":{"@id":"https:\/\/vanxhaber.com\/#website"},"primaryImageOfPage":{"@id":"https:\/\/vanxhaber.com\/index.php\/2024\/02\/21\/van-sinirinda-deprem\/#primaryimage"},"image":{"@id":"https:\/\/vanxhaber.com\/index.php\/2024\/02\/21\/van-sinirinda-deprem\/#primaryimage"},"thumbnailUrl":"https:\/\/vanxhaber.com\/wp-content\/uploads\/2024\/02\/deprem.jpg","datePublished":"2024-02-21T08:40:08+00:00","dateModified":"2024-02-21T08:40:09+00:00","author":{"@id":"https:\/\/vanxhaber.com\/#\/schema\/person\/a5fd8d89510cb5370e62ad176f7978ee"},"breadcrumb":{"@id":"https:\/\/vanxhaber.com\/index.php\/2024\/02\/21\/van-sinirinda-deprem\/#breadcrumb"},"inLanguage":"tr","potentialAction":[{"@type":"ReadAction","target":["https:\/\/vanxhaber.com\/index.php\/2024\/02\/21\/van-sinirinda-deprem\/"]}]},{"@type":"ImageObject","inLanguage":"tr","@id":"https:\/\/vanxhaber.com\/index.php\/2024\/02\/21\/van-sinirinda-deprem\/#primaryimage","url":"https:\/\/vanxhaber.com\/wp-content\/uploads\/2024\/02\/deprem.jpg","contentUrl":"https:\/\/vanxhaber.com\/wp-content\/uploads\/2024\/02\/deprem.jpg","width":1110,"height":500},{"@type":"BreadcrumbList","@id":"https:\/\/vanxhaber.com\/index.php\/2024\/02\/21\/van-sinirinda-deprem\/#breadcrumb","itemListElement":[{"@type":"ListItem","position":1,"name":"Anasayfa","item":"https:\/\/vanxhaber.com\/"},{"@type":"ListItem","position":2,"name":"Van s\u0131n\u0131r\u0131nda deprem"}]},{"@type":"WebSite","@id":"https:\/\/vanxhaber.com\/#website","url":"https:\/\/vanxhaber.com\/","name":"Van Haber | Van X Haber | Van Haberleri","description":"Van Haber, Van&#039;\u0131n ilk yapay zeka teknolojileri ile yaz\u0131lan Van X Haber ve Van Haberlerini aktif g\u00fcncel sunan tek vanhaber merkezidir.","potentialAction":[{"@type":"SearchAction","target":{"@type":"EntryPoint","urlTemplate":"https:\/\/vanxhaber.com\/?s={search_term_string}"},"query-input":{"@type":"PropertyValueSpecification","valueRequired":true,"valueName":"search_term_string"}}],"inLanguage":"tr"},{"@type":"Person","@id":"https:\/\/vanxhaber.com\/#\/schema\/person\/a5fd8d89510cb5370e62ad176f7978ee","name":"Van X Haber","image":{"@type":"ImageObject","inLanguage":"tr","@id":"https:\/\/vanxhaber.com\/#\/schema\/person\/image\/","url":"https:\/\/secure.gravatar.com\/avatar\/36f2f63826681263103acb5ca1e7bc1a6db11baea9b75dd091d89b74f2704b07?s=96&d=mm&r=g","contentUrl":"https:\/\/secure.gravatar.com\/avatar\/36f2f63826681263103acb5ca1e7bc1a6db11baea9b75dd091d89b74f2704b07?s=96&d=mm&r=g","caption":"Van X Haber"},"description":"Van X Haber Van'\u0131n ilk ve tek yeni nesil Van Haber merkezi. Son Dakika Van Haberleri ve G\u00fcncel Van haber merkezinde s\u0131cak geli\u015fmeleri aktarmaya devam edece\u011fiz.","url":"https:\/\/vanxhaber.com\/index.php\/author\/vangazetesi\/"}]}},"_links":{"self":[{"href":"https:\/\/vanxhaber.com\/index.php\/wp-json\/wp\/v2\/posts\/1755","targetHints":{"allow":["GET"]}}],"collection":[{"href":"https:\/\/vanxhaber.com\/index.php\/wp-json\/wp\/v2\/posts"}],"about":[{"href":"https:\/\/vanxhaber.com\/index.php\/wp-json\/wp\/v2\/types\/post"}],"author":[{"embeddable":true,"href":"https:\/\/vanxhaber.com\/index.php\/wp-json\/wp\/v2\/users\/2"}],"replies":[{"embeddable":true,"href":"https:\/\/vanxhaber.com\/index.php\/wp-json\/wp\/v2\/comments?post=1755"}],"version-history":[{"count":1,"href":"https:\/\/vanxhaber.com\/index.php\/wp-json\/wp\/v2\/posts\/1755\/revisions"}],"predecessor-version":[{"id":1758,"href":"https:\/\/vanxhaber.com\/index.php\/wp-json\/wp\/v2\/posts\/1755\/revisions\/1758"}],"wp:featuredmedia":[{"embeddable":true,"href":"https:\/\/vanxhaber.com\/index.php\/wp-json\/wp\/v2\/media\/1757"}],"wp:attachment":[{"href":"https:\/\/vanxhaber.com\/index.php\/wp-json\/wp\/v2\/media?parent=1755"}],"wp:term":[{"taxonomy":"category","embeddable":true,"href":"https:\/\/vanxhaber.com\/index.php\/wp-json\/wp\/v2\/categories?post=1755"},{"taxonomy":"post_tag","embeddable":true,"href":"https:\/\/vanxhaber.com\/index.php\/wp-json\/wp\/v2\/tags?post=1755"}],"curies":[{"name":"wp","href":"https:\/\/api.w.org\/{rel}","templated":true}]}}