{"id":1763,"date":"2024-02-21T08:58:17","date_gmt":"2024-02-21T08:58:17","guid":{"rendered":"https:\/\/vanxhaber.com\/?p=1763"},"modified":"2024-02-21T08:58:19","modified_gmt":"2024-02-21T08:58:19","slug":"cocuk-kitabi-yazarak-cocuklara-umut-oldu","status":"publish","type":"post","link":"https:\/\/vanxhaber.com\/index.php\/2024\/02\/21\/cocuk-kitabi-yazarak-cocuklara-umut-oldu\/","title":{"rendered":"\u00c7ocuk kitab\u0131 yazarak, \u00e7ocuklara umut oldu"},"content":{"rendered":"\n<p><strong>Van ilinde ikamet eden yazar Yetkin Albert, \u00e7ocuk eserleri yazarak \u00e7ocuklara umut oldu.<\/strong><\/p>\n\n\n\n<p>Van ilinde uzun y\u0131llar kalan<strong> gazeteci<\/strong> ve yazar <strong>Yetkin Albert<\/strong>, yazd\u0131\u011f\u0131 eserleri bir\u00e7ok \u00fclkede ve bir\u00e7ok ilde halk\u0131n be\u011fenisine sundu. \u0130lkokul 7&#8217;nci s\u0131n\u0131fta yazarl\u0131k ser\u00fcvenine ba\u015flayan Yetkin, 10 ile 11&#8217;inci eserlerini \u00e7ocuk kitaplar\u0131 olarak kaleme ald\u0131. Roman, \u015fiir, ki\u015fisel geli\u015fim, psikiyatri kitaplar\u0131 olan yazar \u00e7ocuklar i\u00e7in &#8220;Tina ile Boncuk&#8221; ve &#8220;Tina ile Boncuk&#8217;un Maceralar\u0131&#8221; adl\u0131 eserlerini yazd\u0131. \u00c7ocuklara \u00f6zel yazd\u0131\u011f\u0131 kitab\u0131n \u00f6zetinde:<\/p>\n\n\n\n<p>Bu kitapta, <strong>Tina ve Boncuk<\/strong>&#8216;un e\u011flenceli, heyecan dolu maceralar\u0131n\u0131 ke\u015ffedeceksiniz. Her bir hikaye, arkada\u015fl\u0131\u011f\u0131n g\u00fcc\u00fcn\u00fc, merak\u0131n \u00f6nemini ve birlikte \u00e7al\u0131\u015fman\u0131n de\u011ferini vurguluyor. <strong>Tina ve Boncuk<\/strong>, birlikte teknoloji projeleri geli\u015ftiriyor, do\u011fay\u0131 ke\u015ffediyor, uzayda yolculuk yap\u0131yor ve daha bir\u00e7ok maceraya at\u0131l\u0131yorlar.<br><strong>Tina ve Boncuk&#8217;u<\/strong>n d\u00fcnyas\u0131na ad\u0131m atarken, onlar\u0131n ya\u015fad\u0131\u011f\u0131 sevin\u00e7leri, zorluklar\u0131 ve \u00f6\u011frendikleri dersleri ke\u015ffedeceksiniz. Belki kendi maceralar\u0131n\u0131zda da onlardan ilham alabilirsiniz.&#8221;denilmektedir. T\u00fcrkiye&#8217;de ve Van ilinde sevilen 2 kahraman 3 ile 12 ya\u015f aral\u0131\u011f\u0131 \u00e7ocuklara hitap edece\u011fi yazar taraf\u0131ndan vurguland\u0131.<\/p>\n\n\n\n<p><strong>Yetkin Albert hakk\u0131nda<\/strong><\/p>\n\n\n\n<p>1988 y\u0131l\u0131nda T\u00fcrkiye&#8217;nin<strong> Van <\/strong>ilinde do\u011fan Yetkin Albert, Milli E\u011fitim Vakf\u0131 \u0130lk ve Orta \u00f6\u011fretimini tamamlayarak e\u011fitim hayat\u0131na ba\u015flad\u0131. Lise e\u011fitimine ayn\u0131 vakf\u0131n okulunda devam eden Yetkin, \u00fcniversite e\u011fitimini Van Y\u00fcz\u00fcnc\u00fc Y\u0131l \u00dcniversitesi&#8217;nde tamamlad\u0131. Ancak maddi zorluklar nedeniyle Anadolu \u00dcniversitesi Kamu Y\u00f6netimi, Felsefe ve \u0130stanbul \u00dcniversitesi Co\u011frafya b\u00f6l\u00fcmlerindeki e\u011fitimine devam edemedi.<\/p>\n\n\n\n<p>\u0130lk eseri olan &#8220;<strong>Sessiz Gecelerde Suskun \u00c7\u0131\u011fl\u0131klar<\/strong>&#8221; adl\u0131 kitab\u0131n\u0131 ilkokul 7. s\u0131n\u0131fta yay\u0131mlayan Yetkin, daha sonra bir\u00e7ok eserini okuyucular\u0131yla bulu\u015fturdu. T\u00fcrkiye&#8217;nin \u00e7e\u015fitli illerinde ki\u015fisel geli\u015fim, psikoloji ve kariyer e\u011fitimleri veren yazar, 2010 y\u0131l\u0131nda Van&#8217;\u0131n \u00e7e\u015fitli gazetelerinde genel yay\u0131n y\u00f6netmenli\u011fi g\u00f6revini \u00fcstlendi. 2011 y\u0131l\u0131nda Van Gazetesi&#8217;ni sat\u0131n alarak Van iline hizmet vermeye devam etti.<\/p>\n\n\n\n<p>2014 y\u0131l\u0131nda eserlerini Avrupa ve Do\u011fu \u00fclkelerine tan\u0131tma f\u0131rsat\u0131 bulan Yetkin, bir\u00e7ok kitap gelirini ba\u011f\u0131\u015flad\u0131. 2018 y\u0131l\u0131nda Uluslararas\u0131 Tubittum Dergisi&#8217;ni kurarak T\u00fcrkiye, \u0130ran, Irak, \u00c7in ve Azerbaycan \u00fclkelerinde yay\u0131n hayat\u0131na ba\u015flad\u0131. Bir d\u00f6nem ulusal gazetelerde k\u00f6\u015fe yazarl\u0131\u011f\u0131 yapan Yetkin, sa\u011fl\u0131k sorunlar\u0131 nedeniyle bu g\u00f6revini b\u0131rakmak zorunda kald\u0131. Yazar, 2010 y\u0131l\u0131nda ilk psikolojik roman\u0131n\u0131 yay\u0131mlad\u0131 ve eserini \u00fc\u00e7 dile \u00e7evirerek \u00fc\u00e7 \u00fclkede \u00e7ok satanlar listesine girmeyi ba\u015fard\u0131. &#8220;Sessizlerin Yazar\u0131&#8221; olarak tan\u0131nan Yetkin, T\u00fcrkiye&#8217;de psikolojik e\u011fitim verdi\u011fi iki y\u0131l\u0131n ard\u0131ndan \u00fcniversitelerde ve konferanslarda \u00f6nemli bir konum elde etti. 2021 ve 2024 y\u0131l\u0131nda TITU \u00dcniversitesi taraf\u0131ndan Camfest Alt\u0131n Madalya ile \u00f6d\u00fcllendirilen yazar, \u00fc\u00e7 y\u0131l s\u00fcren yazarl\u0131k aras\u0131n\u0131n ard\u0131ndan 2023 y\u0131l\u0131nda bir\u00e7ok plaket ve te\u015fekk\u00fcr belgesi alarak yazma hayat\u0131na geri d\u00f6nd\u00fc. Ger\u00e7ek ad\u0131 Hikmetullah Yetkin olan yazar, bir\u00e7ok kitab\u0131n\u0131 farkl\u0131 isimlerle yay\u0131mlad\u0131.<\/p>\n\n\n\n<p>Eserleri:<br>Sessiz Gecelerde Suskun \u00c7\u0131\u011fl\u0131klar<br>Nevm-i A\u015fk<br>Dark Devil &#8211; Psikolojik ve Sosyolojik Egzersiz<br>K\u00f6t\u00fc Adam Ve<br>Karolenj D\u00f6nemi<br>K\u00f6t\u00fc Kad\u0131n Ve<br>G\u00f6zya\u015f\u0131mdaki Ayak izleri Kimin<br>Saat 15:00<br>\u015eiirzade<br>Tina ile Boncuk<br>Tina ile Boncuk&#8217;un Maceralar\u0131<\/p>\n","protected":false},"excerpt":{"rendered":"<p>Van ilinde ikamet eden yazar Yetkin Albert, \u00e7ocuk eserleri yazarak \u00e7ocuklara umut oldu. Van ilinde uzun y\u0131llar kalan gazeteci ve yazar Yetkin Albert, yazd\u0131\u011f\u0131 eserleri bir\u00e7ok \u00fclkede ve bir\u00e7ok ilde halk\u0131n be\u011fenisine sundu. \u0130lkokul 7&#8217;nci s\u0131n\u0131fta yazarl\u0131k ser\u00fcvenine ba\u015flayan Yetkin, 10 ile 11&#8217;inci eserlerini \u00e7ocuk kitaplar\u0131 olarak kaleme ald\u0131. Roman, \u015fiir, ki\u015fisel geli\u015fim, psikiyatri kitaplar\u0131 &hellip;<\/p>\n","protected":false},"author":2,"featured_media":1762,"comment_status":"open","ping_status":"closed","sticky":false,"template":"","format":"standard","meta":{"googlesitekit_rrm_CAowot3VCw:productID":"","footnotes":""},"categories":[28,1,24],"tags":[],"class_list":["post-1763","post","type-post","status-publish","format-standard","has-post-thumbnail","hentry","category-van-egitim","category-van-haber","category-van-haberleri"],"yoast_head":"<!-- This site is optimized with the Yoast SEO Premium plugin v21.7 (Yoast SEO v26.7) - https:\/\/yoast.com\/wordpress\/plugins\/seo\/ -->\n<title>\u00c7ocuk kitab\u0131 yazarak, \u00e7ocuklara umut oldu - Van Haber | Van X Haber | Van Haberleri<\/title>\n<meta name=\"robots\" content=\"index, follow, max-snippet:-1, max-image-preview:large, max-video-preview:-1\" \/>\n<link rel=\"canonical\" href=\"https:\/\/vanxhaber.com\/index.php\/2024\/02\/21\/cocuk-kitabi-yazarak-cocuklara-umut-oldu\/\" \/>\n<meta property=\"og:locale\" content=\"tr_TR\" \/>\n<meta property=\"og:type\" content=\"article\" \/>\n<meta property=\"og:title\" content=\"\u00c7ocuk kitab\u0131 yazarak, \u00e7ocuklara umut oldu\" \/>\n<meta property=\"og:description\" content=\"Van ilinde ikamet eden yazar Yetkin Albert, \u00e7ocuk eserleri yazarak \u00e7ocuklara umut oldu. Van ilinde uzun y\u0131llar kalan gazeteci ve yazar Yetkin Albert, yazd\u0131\u011f\u0131 eserleri bir\u00e7ok \u00fclkede ve bir\u00e7ok ilde halk\u0131n be\u011fenisine sundu. \u0130lkokul 7&#8217;nci s\u0131n\u0131fta yazarl\u0131k ser\u00fcvenine ba\u015flayan Yetkin, 10 ile 11&#8217;inci eserlerini \u00e7ocuk kitaplar\u0131 olarak kaleme ald\u0131. Roman, \u015fiir, ki\u015fisel geli\u015fim, psikiyatri kitaplar\u0131 &hellip;\" \/>\n<meta property=\"og:url\" content=\"https:\/\/vanxhaber.com\/index.php\/2024\/02\/21\/cocuk-kitabi-yazarak-cocuklara-umut-oldu\/\" \/>\n<meta property=\"og:site_name\" content=\"Van Haber | Van X Haber | Van Haberleri\" \/>\n<meta property=\"article:published_time\" content=\"2024-02-21T08:58:17+00:00\" \/>\n<meta property=\"article:modified_time\" content=\"2024-02-21T08:58:19+00:00\" \/>\n<meta property=\"og:image\" content=\"https:\/\/vanxhaber.com\/wp-content\/uploads\/2024\/02\/tina-ilr-boncuk.jpg\" \/>\n\t<meta property=\"og:image:width\" content=\"1110\" \/>\n\t<meta property=\"og:image:height\" content=\"500\" \/>\n\t<meta property=\"og:image:type\" content=\"image\/jpeg\" \/>\n<meta name=\"author\" content=\"Van X Haber\" \/>\n<meta name=\"twitter:card\" content=\"summary_large_image\" \/>\n<meta name=\"twitter:label1\" content=\"Yazan:\" \/>\n\t<meta name=\"twitter:data1\" content=\"Van X Haber\" \/>\n\t<meta name=\"twitter:label2\" content=\"Tahmini okuma s\u00fcresi\" \/>\n\t<meta name=\"twitter:data2\" content=\"3 dakika\" \/>\n<script type=\"application\/ld+json\" class=\"yoast-schema-graph\">{\"@context\":\"https:\/\/schema.org\",\"@graph\":[{\"@type\":\"Article\",\"@id\":\"https:\/\/vanxhaber.com\/index.php\/2024\/02\/21\/cocuk-kitabi-yazarak-cocuklara-umut-oldu\/#article\",\"isPartOf\":{\"@id\":\"https:\/\/vanxhaber.com\/index.php\/2024\/02\/21\/cocuk-kitabi-yazarak-cocuklara-umut-oldu\/\"},\"author\":{\"name\":\"Van X Haber\",\"@id\":\"https:\/\/vanxhaber.com\/#\/schema\/person\/a5fd8d89510cb5370e62ad176f7978ee\"},\"headline\":\"\u00c7ocuk kitab\u0131 yazarak, \u00e7ocuklara umut oldu\",\"datePublished\":\"2024-02-21T08:58:17+00:00\",\"dateModified\":\"2024-02-21T08:58:19+00:00\",\"mainEntityOfPage\":{\"@id\":\"https:\/\/vanxhaber.com\/index.php\/2024\/02\/21\/cocuk-kitabi-yazarak-cocuklara-umut-oldu\/\"},\"wordCount\":564,\"commentCount\":0,\"image\":{\"@id\":\"https:\/\/vanxhaber.com\/index.php\/2024\/02\/21\/cocuk-kitabi-yazarak-cocuklara-umut-oldu\/#primaryimage\"},\"thumbnailUrl\":\"https:\/\/vanxhaber.com\/wp-content\/uploads\/2024\/02\/tina-ilr-boncuk.jpg\",\"articleSection\":[\"Van E\u011fitim\",\"Van Haber\",\"Van Haberleri\"],\"inLanguage\":\"tr\",\"potentialAction\":[{\"@type\":\"CommentAction\",\"name\":\"Comment\",\"target\":[\"https:\/\/vanxhaber.com\/index.php\/2024\/02\/21\/cocuk-kitabi-yazarak-cocuklara-umut-oldu\/#respond\"]}],\"copyrightYear\":\"2024\",\"copyrightHolder\":{\"@id\":\"https:\/\/vanxhaber.com\/#organization\"}},{\"@type\":\"WebPage\",\"@id\":\"https:\/\/vanxhaber.com\/index.php\/2024\/02\/21\/cocuk-kitabi-yazarak-cocuklara-umut-oldu\/\",\"url\":\"https:\/\/vanxhaber.com\/index.php\/2024\/02\/21\/cocuk-kitabi-yazarak-cocuklara-umut-oldu\/\",\"name\":\"\u00c7ocuk kitab\u0131 yazarak, \u00e7ocuklara umut oldu - Van Haber | Van X Haber | Van Haberleri\",\"isPartOf\":{\"@id\":\"https:\/\/vanxhaber.com\/#website\"},\"primaryImageOfPage\":{\"@id\":\"https:\/\/vanxhaber.com\/index.php\/2024\/02\/21\/cocuk-kitabi-yazarak-cocuklara-umut-oldu\/#primaryimage\"},\"image\":{\"@id\":\"https:\/\/vanxhaber.com\/index.php\/2024\/02\/21\/cocuk-kitabi-yazarak-cocuklara-umut-oldu\/#primaryimage\"},\"thumbnailUrl\":\"https:\/\/vanxhaber.com\/wp-content\/uploads\/2024\/02\/tina-ilr-boncuk.jpg\",\"datePublished\":\"2024-02-21T08:58:17+00:00\",\"dateModified\":\"2024-02-21T08:58:19+00:00\",\"author\":{\"@id\":\"https:\/\/vanxhaber.com\/#\/schema\/person\/a5fd8d89510cb5370e62ad176f7978ee\"},\"breadcrumb\":{\"@id\":\"https:\/\/vanxhaber.com\/index.php\/2024\/02\/21\/cocuk-kitabi-yazarak-cocuklara-umut-oldu\/#breadcrumb\"},\"inLanguage\":\"tr\",\"potentialAction\":[{\"@type\":\"ReadAction\",\"target\":[\"https:\/\/vanxhaber.com\/index.php\/2024\/02\/21\/cocuk-kitabi-yazarak-cocuklara-umut-oldu\/\"]}]},{\"@type\":\"ImageObject\",\"inLanguage\":\"tr\",\"@id\":\"https:\/\/vanxhaber.com\/index.php\/2024\/02\/21\/cocuk-kitabi-yazarak-cocuklara-umut-oldu\/#primaryimage\",\"url\":\"https:\/\/vanxhaber.com\/wp-content\/uploads\/2024\/02\/tina-ilr-boncuk.jpg\",\"contentUrl\":\"https:\/\/vanxhaber.com\/wp-content\/uploads\/2024\/02\/tina-ilr-boncuk.jpg\",\"width\":1110,\"height\":500},{\"@type\":\"BreadcrumbList\",\"@id\":\"https:\/\/vanxhaber.com\/index.php\/2024\/02\/21\/cocuk-kitabi-yazarak-cocuklara-umut-oldu\/#breadcrumb\",\"itemListElement\":[{\"@type\":\"ListItem\",\"position\":1,\"name\":\"Anasayfa\",\"item\":\"https:\/\/vanxhaber.com\/\"},{\"@type\":\"ListItem\",\"position\":2,\"name\":\"\u00c7ocuk kitab\u0131 yazarak, \u00e7ocuklara umut oldu\"}]},{\"@type\":\"WebSite\",\"@id\":\"https:\/\/vanxhaber.com\/#website\",\"url\":\"https:\/\/vanxhaber.com\/\",\"name\":\"Van Haber | Van X Haber | Van Haberleri\",\"description\":\"Van Haber, Van&#039;\u0131n ilk yapay zeka teknolojileri ile yaz\u0131lan Van X Haber ve Van Haberlerini aktif g\u00fcncel sunan tek vanhaber merkezidir.\",\"potentialAction\":[{\"@type\":\"SearchAction\",\"target\":{\"@type\":\"EntryPoint\",\"urlTemplate\":\"https:\/\/vanxhaber.com\/?s={search_term_string}\"},\"query-input\":{\"@type\":\"PropertyValueSpecification\",\"valueRequired\":true,\"valueName\":\"search_term_string\"}}],\"inLanguage\":\"tr\"},{\"@type\":\"Person\",\"@id\":\"https:\/\/vanxhaber.com\/#\/schema\/person\/a5fd8d89510cb5370e62ad176f7978ee\",\"name\":\"Van X Haber\",\"image\":{\"@type\":\"ImageObject\",\"inLanguage\":\"tr\",\"@id\":\"https:\/\/vanxhaber.com\/#\/schema\/person\/image\/\",\"url\":\"https:\/\/secure.gravatar.com\/avatar\/36f2f63826681263103acb5ca1e7bc1a6db11baea9b75dd091d89b74f2704b07?s=96&d=mm&r=g\",\"contentUrl\":\"https:\/\/secure.gravatar.com\/avatar\/36f2f63826681263103acb5ca1e7bc1a6db11baea9b75dd091d89b74f2704b07?s=96&d=mm&r=g\",\"caption\":\"Van X Haber\"},\"description\":\"Van X Haber Van'\u0131n ilk ve tek yeni nesil Van Haber merkezi. Son Dakika Van Haberleri ve G\u00fcncel Van haber merkezinde s\u0131cak geli\u015fmeleri aktarmaya devam edece\u011fiz.\",\"url\":\"https:\/\/vanxhaber.com\/index.php\/author\/vangazetesi\/\"}]}<\/script>\n<!-- \/ Yoast SEO Premium plugin. -->","yoast_head_json":{"title":"\u00c7ocuk kitab\u0131 yazarak, \u00e7ocuklara umut oldu - Van Haber | Van X Haber | Van Haberleri","robots":{"index":"index","follow":"follow","max-snippet":"max-snippet:-1","max-image-preview":"max-image-preview:large","max-video-preview":"max-video-preview:-1"},"canonical":"https:\/\/vanxhaber.com\/index.php\/2024\/02\/21\/cocuk-kitabi-yazarak-cocuklara-umut-oldu\/","og_locale":"tr_TR","og_type":"article","og_title":"\u00c7ocuk kitab\u0131 yazarak, \u00e7ocuklara umut oldu","og_description":"Van ilinde ikamet eden yazar Yetkin Albert, \u00e7ocuk eserleri yazarak \u00e7ocuklara umut oldu. Van ilinde uzun y\u0131llar kalan gazeteci ve yazar Yetkin Albert, yazd\u0131\u011f\u0131 eserleri bir\u00e7ok \u00fclkede ve bir\u00e7ok ilde halk\u0131n be\u011fenisine sundu. \u0130lkokul 7&#8217;nci s\u0131n\u0131fta yazarl\u0131k ser\u00fcvenine ba\u015flayan Yetkin, 10 ile 11&#8217;inci eserlerini \u00e7ocuk kitaplar\u0131 olarak kaleme ald\u0131. Roman, \u015fiir, ki\u015fisel geli\u015fim, psikiyatri kitaplar\u0131 &hellip;","og_url":"https:\/\/vanxhaber.com\/index.php\/2024\/02\/21\/cocuk-kitabi-yazarak-cocuklara-umut-oldu\/","og_site_name":"Van Haber | Van X Haber | Van Haberleri","article_published_time":"2024-02-21T08:58:17+00:00","article_modified_time":"2024-02-21T08:58:19+00:00","og_image":[{"width":1110,"height":500,"url":"https:\/\/vanxhaber.com\/wp-content\/uploads\/2024\/02\/tina-ilr-boncuk.jpg","type":"image\/jpeg"}],"author":"Van X Haber","twitter_card":"summary_large_image","twitter_misc":{"Yazan:":"Van X Haber","Tahmini okuma s\u00fcresi":"3 dakika"},"schema":{"@context":"https:\/\/schema.org","@graph":[{"@type":"Article","@id":"https:\/\/vanxhaber.com\/index.php\/2024\/02\/21\/cocuk-kitabi-yazarak-cocuklara-umut-oldu\/#article","isPartOf":{"@id":"https:\/\/vanxhaber.com\/index.php\/2024\/02\/21\/cocuk-kitabi-yazarak-cocuklara-umut-oldu\/"},"author":{"name":"Van X Haber","@id":"https:\/\/vanxhaber.com\/#\/schema\/person\/a5fd8d89510cb5370e62ad176f7978ee"},"headline":"\u00c7ocuk kitab\u0131 yazarak, \u00e7ocuklara umut oldu","datePublished":"2024-02-21T08:58:17+00:00","dateModified":"2024-02-21T08:58:19+00:00","mainEntityOfPage":{"@id":"https:\/\/vanxhaber.com\/index.php\/2024\/02\/21\/cocuk-kitabi-yazarak-cocuklara-umut-oldu\/"},"wordCount":564,"commentCount":0,"image":{"@id":"https:\/\/vanxhaber.com\/index.php\/2024\/02\/21\/cocuk-kitabi-yazarak-cocuklara-umut-oldu\/#primaryimage"},"thumbnailUrl":"https:\/\/vanxhaber.com\/wp-content\/uploads\/2024\/02\/tina-ilr-boncuk.jpg","articleSection":["Van E\u011fitim","Van Haber","Van Haberleri"],"inLanguage":"tr","potentialAction":[{"@type":"CommentAction","name":"Comment","target":["https:\/\/vanxhaber.com\/index.php\/2024\/02\/21\/cocuk-kitabi-yazarak-cocuklara-umut-oldu\/#respond"]}],"copyrightYear":"2024","copyrightHolder":{"@id":"https:\/\/vanxhaber.com\/#organization"}},{"@type":"WebPage","@id":"https:\/\/vanxhaber.com\/index.php\/2024\/02\/21\/cocuk-kitabi-yazarak-cocuklara-umut-oldu\/","url":"https:\/\/vanxhaber.com\/index.php\/2024\/02\/21\/cocuk-kitabi-yazarak-cocuklara-umut-oldu\/","name":"\u00c7ocuk kitab\u0131 yazarak, \u00e7ocuklara umut oldu - Van Haber | Van X Haber | Van Haberleri","isPartOf":{"@id":"https:\/\/vanxhaber.com\/#website"},"primaryImageOfPage":{"@id":"https:\/\/vanxhaber.com\/index.php\/2024\/02\/21\/cocuk-kitabi-yazarak-cocuklara-umut-oldu\/#primaryimage"},"image":{"@id":"https:\/\/vanxhaber.com\/index.php\/2024\/02\/21\/cocuk-kitabi-yazarak-cocuklara-umut-oldu\/#primaryimage"},"thumbnailUrl":"https:\/\/vanxhaber.com\/wp-content\/uploads\/2024\/02\/tina-ilr-boncuk.jpg","datePublished":"2024-02-21T08:58:17+00:00","dateModified":"2024-02-21T08:58:19+00:00","author":{"@id":"https:\/\/vanxhaber.com\/#\/schema\/person\/a5fd8d89510cb5370e62ad176f7978ee"},"breadcrumb":{"@id":"https:\/\/vanxhaber.com\/index.php\/2024\/02\/21\/cocuk-kitabi-yazarak-cocuklara-umut-oldu\/#breadcrumb"},"inLanguage":"tr","potentialAction":[{"@type":"ReadAction","target":["https:\/\/vanxhaber.com\/index.php\/2024\/02\/21\/cocuk-kitabi-yazarak-cocuklara-umut-oldu\/"]}]},{"@type":"ImageObject","inLanguage":"tr","@id":"https:\/\/vanxhaber.com\/index.php\/2024\/02\/21\/cocuk-kitabi-yazarak-cocuklara-umut-oldu\/#primaryimage","url":"https:\/\/vanxhaber.com\/wp-content\/uploads\/2024\/02\/tina-ilr-boncuk.jpg","contentUrl":"https:\/\/vanxhaber.com\/wp-content\/uploads\/2024\/02\/tina-ilr-boncuk.jpg","width":1110,"height":500},{"@type":"BreadcrumbList","@id":"https:\/\/vanxhaber.com\/index.php\/2024\/02\/21\/cocuk-kitabi-yazarak-cocuklara-umut-oldu\/#breadcrumb","itemListElement":[{"@type":"ListItem","position":1,"name":"Anasayfa","item":"https:\/\/vanxhaber.com\/"},{"@type":"ListItem","position":2,"name":"\u00c7ocuk kitab\u0131 yazarak, \u00e7ocuklara umut oldu"}]},{"@type":"WebSite","@id":"https:\/\/vanxhaber.com\/#website","url":"https:\/\/vanxhaber.com\/","name":"Van Haber | Van X Haber | Van Haberleri","description":"Van Haber, Van&#039;\u0131n ilk yapay zeka teknolojileri ile yaz\u0131lan Van X Haber ve Van Haberlerini aktif g\u00fcncel sunan tek vanhaber merkezidir.","potentialAction":[{"@type":"SearchAction","target":{"@type":"EntryPoint","urlTemplate":"https:\/\/vanxhaber.com\/?s={search_term_string}"},"query-input":{"@type":"PropertyValueSpecification","valueRequired":true,"valueName":"search_term_string"}}],"inLanguage":"tr"},{"@type":"Person","@id":"https:\/\/vanxhaber.com\/#\/schema\/person\/a5fd8d89510cb5370e62ad176f7978ee","name":"Van X Haber","image":{"@type":"ImageObject","inLanguage":"tr","@id":"https:\/\/vanxhaber.com\/#\/schema\/person\/image\/","url":"https:\/\/secure.gravatar.com\/avatar\/36f2f63826681263103acb5ca1e7bc1a6db11baea9b75dd091d89b74f2704b07?s=96&d=mm&r=g","contentUrl":"https:\/\/secure.gravatar.com\/avatar\/36f2f63826681263103acb5ca1e7bc1a6db11baea9b75dd091d89b74f2704b07?s=96&d=mm&r=g","caption":"Van X Haber"},"description":"Van X Haber Van'\u0131n ilk ve tek yeni nesil Van Haber merkezi. Son Dakika Van Haberleri ve G\u00fcncel Van haber merkezinde s\u0131cak geli\u015fmeleri aktarmaya devam edece\u011fiz.","url":"https:\/\/vanxhaber.com\/index.php\/author\/vangazetesi\/"}]}},"_links":{"self":[{"href":"https:\/\/vanxhaber.com\/index.php\/wp-json\/wp\/v2\/posts\/1763","targetHints":{"allow":["GET"]}}],"collection":[{"href":"https:\/\/vanxhaber.com\/index.php\/wp-json\/wp\/v2\/posts"}],"about":[{"href":"https:\/\/vanxhaber.com\/index.php\/wp-json\/wp\/v2\/types\/post"}],"author":[{"embeddable":true,"href":"https:\/\/vanxhaber.com\/index.php\/wp-json\/wp\/v2\/users\/2"}],"replies":[{"embeddable":true,"href":"https:\/\/vanxhaber.com\/index.php\/wp-json\/wp\/v2\/comments?post=1763"}],"version-history":[{"count":1,"href":"https:\/\/vanxhaber.com\/index.php\/wp-json\/wp\/v2\/posts\/1763\/revisions"}],"predecessor-version":[{"id":1765,"href":"https:\/\/vanxhaber.com\/index.php\/wp-json\/wp\/v2\/posts\/1763\/revisions\/1765"}],"wp:featuredmedia":[{"embeddable":true,"href":"https:\/\/vanxhaber.com\/index.php\/wp-json\/wp\/v2\/media\/1762"}],"wp:attachment":[{"href":"https:\/\/vanxhaber.com\/index.php\/wp-json\/wp\/v2\/media?parent=1763"}],"wp:term":[{"taxonomy":"category","embeddable":true,"href":"https:\/\/vanxhaber.com\/index.php\/wp-json\/wp\/v2\/categories?post=1763"},{"taxonomy":"post_tag","embeddable":true,"href":"https:\/\/vanxhaber.com\/index.php\/wp-json\/wp\/v2\/tags?post=1763"}],"curies":[{"name":"wp","href":"https:\/\/api.w.org\/{rel}","templated":true}]}}