{"id":1766,"date":"2024-02-21T09:11:09","date_gmt":"2024-02-21T09:11:09","guid":{"rendered":"https:\/\/vanxhaber.com\/?p=1766"},"modified":"2024-02-21T09:11:10","modified_gmt":"2024-02-21T09:11:10","slug":"ipekyolu-belediyesi-geri-donusum-atiklarindan-projeler-uretiyor","status":"publish","type":"post","link":"https:\/\/vanxhaber.com\/index.php\/2024\/02\/21\/ipekyolu-belediyesi-geri-donusum-atiklarindan-projeler-uretiyor\/","title":{"rendered":"\u0130pekyolu Belediyesi, Geri D\u00f6n\u00fc\u015f\u00fcm At\u0131klar\u0131ndan Projeler \u00dcretiyor"},"content":{"rendered":"\n<p><strong>\u0130pekyolu Belediyesi \u00c7evre Koruma ve Kontrol M\u00fcd\u00fcrl\u00fc\u011f\u00fc taraf\u0131ndan il\u00e7e s\u0131n\u0131rlar\u0131nda toplanan at\u0131klar geri d\u00f6n\u00fc\u015f\u00fcme kazand\u0131r\u0131ld\u0131.<\/strong><\/p>\n\n\n\n<p><br>Milli E\u011fitim Bakanl\u0131\u011f\u0131 Yenilik ve E\u011fitim Teknolojileri Genel M\u00fcd\u00fcrl\u00fc\u011f\u00fc b\u00fcnyesinde kurulmu\u015f olan eTwinning 2023-2024 projesi kapsam\u0131nda \u0130ki Nisan \u0130lkokulu \u00f6\u011fretmenleri belediyemiz taraf\u0131ndan toplanan at\u0131klar\u0131 geri d\u00f6n\u00fc\u015f\u00fcme kazand\u0131rarak iki ayr\u0131 projeye imza att\u0131.<br>\u0130pekyolu Belediye Ba\u015fkan Yard\u0131mc\u0131s\u0131 Ay\u015feg\u00fcl Kahraman\u2019a T\u00fclin \u0130lg\u00fcn, Ezgi Kanat koordinat\u00f6rl\u00fc\u011f\u00fcnde y\u00fcr\u00fct\u00fclen \u201cAtm\u0131yorum Hayata Kat\u0131yorum\u201d projesi ile Bet\u00fcl Esra Y\u00fcksel, Nazan Entero\u011flu ve Emine Akku\u015f koordinat\u00f6rl\u00fc\u011f\u00fcnde y\u00fcr\u00fct\u00fclen \u201cEski K\u0131yafetlerle Oyuncak Yapmak\u201d projelerinin tan\u0131t\u0131mlar\u0131 yap\u0131larak desteklerinden dolay\u0131 te\u015fekk\u00fcr ziyareti ger\u00e7ekle\u015fti.<br>Bir\u00e7ok farkl\u0131 \u00fclkenin ortakl\u0131\u011f\u0131nda d\u00fczenlenen projelerde il\u00e7emizi \u0130ki Nisan \u0130lkokulu \u00f6\u011fretmenleri temsil ederken bu projelerle \u00f6\u011frencilere \u00e7evre bilinci a\u015f\u0131lanarak gelece\u011fe ve ekonomiye yat\u0131r\u0131m yap\u0131lacak.<br>Proje koordinat\u00f6rler, \u0130pekyolu Belediye Ba\u015fkan Yard\u0131mc\u0131s\u0131 Ay\u015feg\u00fcl Kahraman\u2019a makam\u0131nda desteklerinden dolay\u0131 te\u015fekk\u00fcrlerini bildirirken Ba\u015fkan Yard\u0131mc\u0131s\u0131 Kahraman da \u00f6\u011fretmenlerden projenin detaylar\u0131 hakk\u0131nda bilgi alarak, emeklerinden dolay\u0131 tebrik etti.<br>Ye\u015fil ku\u015fak projesi ile hizmet veren \u0130pekyolu Belediyesi her g\u00fcn il\u00e7e genelinde 70 ara\u00e7 ve 350 personelle 5 bin noktada temizlik hizmetlerini s\u00fcrd\u00fcr\u00fcrken g\u00fcnl\u00fck 450 ton civar\u0131nda \u00e7\u00f6p ve kat\u0131 at\u0131k toplama i\u015flemi ger\u00e7ekle\u015ftiriyor. Yan\u0131 s\u0131ra merkez ve en yo\u011fun kullan\u0131lan mahallelerde de Mobil At\u0131k Getirme Merkezlerindeki d\u00f6n\u00fc\u015f\u00fcmlerle t\u00fcm canl\u0131lar\u0131n ortak ya\u015fam alan\u0131 olan do\u011fan\u0131n ekolojik dengesinin g\u00f6zetilmesi ve do\u011fa ile uyumlu bir toplumsal ya\u015fam\u0131n geli\u015ftirilmesi i\u00e7in hizmetler s\u00fcrd\u00fcr\u00fcl\u00fcyor.<br>Proje tan\u0131t\u0131m\u0131nda kentte ciddi anlamda \u00e7\u00f6p atma problemi oldu\u011funu ifade eden Ba\u015fkan Yard\u0131mc\u0131s\u0131 Kahraman at\u0131klar\u0131n geri d\u00f6n\u00fc\u015f\u00fcme kazand\u0131r\u0131lmas\u0131 hususunda vatanda\u015flara b\u00fcy\u00fck bir emek ve \u00f6zveri d\u00fc\u015ft\u00fc\u011f\u00fcn\u00fc ifade ederek en g\u00fczel temizli\u011fin kirletmemek oldu\u011funu bildirdi.<\/p>\n","protected":false},"excerpt":{"rendered":"<p>\u0130pekyolu Belediyesi \u00c7evre Koruma ve Kontrol M\u00fcd\u00fcrl\u00fc\u011f\u00fc taraf\u0131ndan il\u00e7e s\u0131n\u0131rlar\u0131nda toplanan at\u0131klar geri d\u00f6n\u00fc\u015f\u00fcme kazand\u0131r\u0131ld\u0131. Milli E\u011fitim Bakanl\u0131\u011f\u0131 Yenilik ve E\u011fitim Teknolojileri Genel M\u00fcd\u00fcrl\u00fc\u011f\u00fc b\u00fcnyesinde kurulmu\u015f olan eTwinning 2023-2024 projesi kapsam\u0131nda \u0130ki Nisan \u0130lkokulu \u00f6\u011fretmenleri belediyemiz taraf\u0131ndan toplanan at\u0131klar\u0131 geri d\u00f6n\u00fc\u015f\u00fcme kazand\u0131rarak iki ayr\u0131 projeye imza att\u0131.\u0130pekyolu Belediye Ba\u015fkan Yard\u0131mc\u0131s\u0131 Ay\u015feg\u00fcl Kahraman\u2019a T\u00fclin \u0130lg\u00fcn, Ezgi &hellip;<\/p>\n","protected":false},"author":2,"featured_media":1768,"comment_status":"open","ping_status":"closed","sticky":false,"template":"","format":"standard","meta":{"googlesitekit_rrm_CAowot3VCw:productID":"","footnotes":""},"categories":[28,32,1,24],"tags":[],"class_list":["post-1766","post","type-post","status-publish","format-standard","has-post-thumbnail","hentry","category-van-egitim","category-van-genclik","category-van-haber","category-van-haberleri"],"yoast_head":"<!-- This site is optimized with the Yoast SEO Premium plugin v21.7 (Yoast SEO v26.7) - https:\/\/yoast.com\/wordpress\/plugins\/seo\/ -->\n<title>\u0130pekyolu Belediyesi, Geri D\u00f6n\u00fc\u015f\u00fcm At\u0131klar\u0131ndan Projeler \u00dcretiyor - Van Haber | Van X Haber | Van Haberleri<\/title>\n<meta name=\"robots\" content=\"index, follow, max-snippet:-1, max-image-preview:large, max-video-preview:-1\" \/>\n<link rel=\"canonical\" href=\"https:\/\/vanxhaber.com\/index.php\/2024\/02\/21\/ipekyolu-belediyesi-geri-donusum-atiklarindan-projeler-uretiyor\/\" \/>\n<meta property=\"og:locale\" content=\"tr_TR\" \/>\n<meta property=\"og:type\" content=\"article\" \/>\n<meta property=\"og:title\" content=\"\u0130pekyolu Belediyesi, Geri D\u00f6n\u00fc\u015f\u00fcm At\u0131klar\u0131ndan Projeler \u00dcretiyor\" \/>\n<meta property=\"og:description\" content=\"\u0130pekyolu Belediyesi \u00c7evre Koruma ve Kontrol M\u00fcd\u00fcrl\u00fc\u011f\u00fc taraf\u0131ndan il\u00e7e s\u0131n\u0131rlar\u0131nda toplanan at\u0131klar geri d\u00f6n\u00fc\u015f\u00fcme kazand\u0131r\u0131ld\u0131. Milli E\u011fitim Bakanl\u0131\u011f\u0131 Yenilik ve E\u011fitim Teknolojileri Genel M\u00fcd\u00fcrl\u00fc\u011f\u00fc b\u00fcnyesinde kurulmu\u015f olan eTwinning 2023-2024 projesi kapsam\u0131nda \u0130ki Nisan \u0130lkokulu \u00f6\u011fretmenleri belediyemiz taraf\u0131ndan toplanan at\u0131klar\u0131 geri d\u00f6n\u00fc\u015f\u00fcme kazand\u0131rarak iki ayr\u0131 projeye imza att\u0131.\u0130pekyolu Belediye Ba\u015fkan Yard\u0131mc\u0131s\u0131 Ay\u015feg\u00fcl Kahraman\u2019a T\u00fclin \u0130lg\u00fcn, Ezgi &hellip;\" \/>\n<meta property=\"og:url\" content=\"https:\/\/vanxhaber.com\/index.php\/2024\/02\/21\/ipekyolu-belediyesi-geri-donusum-atiklarindan-projeler-uretiyor\/\" \/>\n<meta property=\"og:site_name\" content=\"Van Haber | Van X Haber | Van Haberleri\" \/>\n<meta property=\"article:published_time\" content=\"2024-02-21T09:11:09+00:00\" \/>\n<meta property=\"article:modified_time\" content=\"2024-02-21T09:11:10+00:00\" \/>\n<meta property=\"og:image\" content=\"https:\/\/vanxhaber.com\/wp-content\/uploads\/2024\/02\/proje-ipekyolu.jpg\" \/>\n\t<meta property=\"og:image:width\" content=\"1110\" \/>\n\t<meta property=\"og:image:height\" content=\"500\" \/>\n\t<meta property=\"og:image:type\" content=\"image\/jpeg\" \/>\n<meta name=\"author\" content=\"Van X Haber\" \/>\n<meta name=\"twitter:card\" content=\"summary_large_image\" \/>\n<meta name=\"twitter:label1\" content=\"Yazan:\" \/>\n\t<meta name=\"twitter:data1\" content=\"Van X Haber\" \/>\n\t<meta name=\"twitter:label2\" content=\"Tahmini okuma s\u00fcresi\" \/>\n\t<meta name=\"twitter:data2\" content=\"2 dakika\" \/>\n<script type=\"application\/ld+json\" class=\"yoast-schema-graph\">{\"@context\":\"https:\/\/schema.org\",\"@graph\":[{\"@type\":\"Article\",\"@id\":\"https:\/\/vanxhaber.com\/index.php\/2024\/02\/21\/ipekyolu-belediyesi-geri-donusum-atiklarindan-projeler-uretiyor\/#article\",\"isPartOf\":{\"@id\":\"https:\/\/vanxhaber.com\/index.php\/2024\/02\/21\/ipekyolu-belediyesi-geri-donusum-atiklarindan-projeler-uretiyor\/\"},\"author\":{\"name\":\"Van X Haber\",\"@id\":\"https:\/\/vanxhaber.com\/#\/schema\/person\/a5fd8d89510cb5370e62ad176f7978ee\"},\"headline\":\"\u0130pekyolu Belediyesi, Geri D\u00f6n\u00fc\u015f\u00fcm At\u0131klar\u0131ndan Projeler \u00dcretiyor\",\"datePublished\":\"2024-02-21T09:11:09+00:00\",\"dateModified\":\"2024-02-21T09:11:10+00:00\",\"mainEntityOfPage\":{\"@id\":\"https:\/\/vanxhaber.com\/index.php\/2024\/02\/21\/ipekyolu-belediyesi-geri-donusum-atiklarindan-projeler-uretiyor\/\"},\"wordCount\":381,\"commentCount\":0,\"image\":{\"@id\":\"https:\/\/vanxhaber.com\/index.php\/2024\/02\/21\/ipekyolu-belediyesi-geri-donusum-atiklarindan-projeler-uretiyor\/#primaryimage\"},\"thumbnailUrl\":\"https:\/\/vanxhaber.com\/wp-content\/uploads\/2024\/02\/proje-ipekyolu.jpg\",\"articleSection\":[\"Van E\u011fitim\",\"Van\u00a0Gen\u00e7lik\",\"Van Haber\",\"Van Haberleri\"],\"inLanguage\":\"tr\",\"potentialAction\":[{\"@type\":\"CommentAction\",\"name\":\"Comment\",\"target\":[\"https:\/\/vanxhaber.com\/index.php\/2024\/02\/21\/ipekyolu-belediyesi-geri-donusum-atiklarindan-projeler-uretiyor\/#respond\"]}],\"copyrightYear\":\"2024\",\"copyrightHolder\":{\"@id\":\"https:\/\/vanxhaber.com\/#organization\"}},{\"@type\":\"WebPage\",\"@id\":\"https:\/\/vanxhaber.com\/index.php\/2024\/02\/21\/ipekyolu-belediyesi-geri-donusum-atiklarindan-projeler-uretiyor\/\",\"url\":\"https:\/\/vanxhaber.com\/index.php\/2024\/02\/21\/ipekyolu-belediyesi-geri-donusum-atiklarindan-projeler-uretiyor\/\",\"name\":\"\u0130pekyolu Belediyesi, Geri D\u00f6n\u00fc\u015f\u00fcm At\u0131klar\u0131ndan Projeler \u00dcretiyor - Van Haber | Van X Haber | Van Haberleri\",\"isPartOf\":{\"@id\":\"https:\/\/vanxhaber.com\/#website\"},\"primaryImageOfPage\":{\"@id\":\"https:\/\/vanxhaber.com\/index.php\/2024\/02\/21\/ipekyolu-belediyesi-geri-donusum-atiklarindan-projeler-uretiyor\/#primaryimage\"},\"image\":{\"@id\":\"https:\/\/vanxhaber.com\/index.php\/2024\/02\/21\/ipekyolu-belediyesi-geri-donusum-atiklarindan-projeler-uretiyor\/#primaryimage\"},\"thumbnailUrl\":\"https:\/\/vanxhaber.com\/wp-content\/uploads\/2024\/02\/proje-ipekyolu.jpg\",\"datePublished\":\"2024-02-21T09:11:09+00:00\",\"dateModified\":\"2024-02-21T09:11:10+00:00\",\"author\":{\"@id\":\"https:\/\/vanxhaber.com\/#\/schema\/person\/a5fd8d89510cb5370e62ad176f7978ee\"},\"breadcrumb\":{\"@id\":\"https:\/\/vanxhaber.com\/index.php\/2024\/02\/21\/ipekyolu-belediyesi-geri-donusum-atiklarindan-projeler-uretiyor\/#breadcrumb\"},\"inLanguage\":\"tr\",\"potentialAction\":[{\"@type\":\"ReadAction\",\"target\":[\"https:\/\/vanxhaber.com\/index.php\/2024\/02\/21\/ipekyolu-belediyesi-geri-donusum-atiklarindan-projeler-uretiyor\/\"]}]},{\"@type\":\"ImageObject\",\"inLanguage\":\"tr\",\"@id\":\"https:\/\/vanxhaber.com\/index.php\/2024\/02\/21\/ipekyolu-belediyesi-geri-donusum-atiklarindan-projeler-uretiyor\/#primaryimage\",\"url\":\"https:\/\/vanxhaber.com\/wp-content\/uploads\/2024\/02\/proje-ipekyolu.jpg\",\"contentUrl\":\"https:\/\/vanxhaber.com\/wp-content\/uploads\/2024\/02\/proje-ipekyolu.jpg\",\"width\":1110,\"height\":500},{\"@type\":\"BreadcrumbList\",\"@id\":\"https:\/\/vanxhaber.com\/index.php\/2024\/02\/21\/ipekyolu-belediyesi-geri-donusum-atiklarindan-projeler-uretiyor\/#breadcrumb\",\"itemListElement\":[{\"@type\":\"ListItem\",\"position\":1,\"name\":\"Anasayfa\",\"item\":\"https:\/\/vanxhaber.com\/\"},{\"@type\":\"ListItem\",\"position\":2,\"name\":\"\u0130pekyolu Belediyesi, Geri D\u00f6n\u00fc\u015f\u00fcm At\u0131klar\u0131ndan Projeler \u00dcretiyor\"}]},{\"@type\":\"WebSite\",\"@id\":\"https:\/\/vanxhaber.com\/#website\",\"url\":\"https:\/\/vanxhaber.com\/\",\"name\":\"Van Haber | Van X Haber | Van Haberleri\",\"description\":\"Van Haber, Van&#039;\u0131n ilk yapay zeka teknolojileri ile yaz\u0131lan Van X Haber ve Van Haberlerini aktif g\u00fcncel sunan tek vanhaber merkezidir.\",\"potentialAction\":[{\"@type\":\"SearchAction\",\"target\":{\"@type\":\"EntryPoint\",\"urlTemplate\":\"https:\/\/vanxhaber.com\/?s={search_term_string}\"},\"query-input\":{\"@type\":\"PropertyValueSpecification\",\"valueRequired\":true,\"valueName\":\"search_term_string\"}}],\"inLanguage\":\"tr\"},{\"@type\":\"Person\",\"@id\":\"https:\/\/vanxhaber.com\/#\/schema\/person\/a5fd8d89510cb5370e62ad176f7978ee\",\"name\":\"Van X Haber\",\"image\":{\"@type\":\"ImageObject\",\"inLanguage\":\"tr\",\"@id\":\"https:\/\/vanxhaber.com\/#\/schema\/person\/image\/\",\"url\":\"https:\/\/secure.gravatar.com\/avatar\/36f2f63826681263103acb5ca1e7bc1a6db11baea9b75dd091d89b74f2704b07?s=96&d=mm&r=g\",\"contentUrl\":\"https:\/\/secure.gravatar.com\/avatar\/36f2f63826681263103acb5ca1e7bc1a6db11baea9b75dd091d89b74f2704b07?s=96&d=mm&r=g\",\"caption\":\"Van X Haber\"},\"description\":\"Van X Haber Van'\u0131n ilk ve tek yeni nesil Van Haber merkezi. Son Dakika Van Haberleri ve G\u00fcncel Van haber merkezinde s\u0131cak geli\u015fmeleri aktarmaya devam edece\u011fiz.\",\"url\":\"https:\/\/vanxhaber.com\/index.php\/author\/vangazetesi\/\"}]}<\/script>\n<!-- \/ Yoast SEO Premium plugin. -->","yoast_head_json":{"title":"\u0130pekyolu Belediyesi, Geri D\u00f6n\u00fc\u015f\u00fcm At\u0131klar\u0131ndan Projeler \u00dcretiyor - Van Haber | Van X Haber | Van Haberleri","robots":{"index":"index","follow":"follow","max-snippet":"max-snippet:-1","max-image-preview":"max-image-preview:large","max-video-preview":"max-video-preview:-1"},"canonical":"https:\/\/vanxhaber.com\/index.php\/2024\/02\/21\/ipekyolu-belediyesi-geri-donusum-atiklarindan-projeler-uretiyor\/","og_locale":"tr_TR","og_type":"article","og_title":"\u0130pekyolu Belediyesi, Geri D\u00f6n\u00fc\u015f\u00fcm At\u0131klar\u0131ndan Projeler \u00dcretiyor","og_description":"\u0130pekyolu Belediyesi \u00c7evre Koruma ve Kontrol M\u00fcd\u00fcrl\u00fc\u011f\u00fc taraf\u0131ndan il\u00e7e s\u0131n\u0131rlar\u0131nda toplanan at\u0131klar geri d\u00f6n\u00fc\u015f\u00fcme kazand\u0131r\u0131ld\u0131. Milli E\u011fitim Bakanl\u0131\u011f\u0131 Yenilik ve E\u011fitim Teknolojileri Genel M\u00fcd\u00fcrl\u00fc\u011f\u00fc b\u00fcnyesinde kurulmu\u015f olan eTwinning 2023-2024 projesi kapsam\u0131nda \u0130ki Nisan \u0130lkokulu \u00f6\u011fretmenleri belediyemiz taraf\u0131ndan toplanan at\u0131klar\u0131 geri d\u00f6n\u00fc\u015f\u00fcme kazand\u0131rarak iki ayr\u0131 projeye imza att\u0131.\u0130pekyolu Belediye Ba\u015fkan Yard\u0131mc\u0131s\u0131 Ay\u015feg\u00fcl Kahraman\u2019a T\u00fclin \u0130lg\u00fcn, Ezgi &hellip;","og_url":"https:\/\/vanxhaber.com\/index.php\/2024\/02\/21\/ipekyolu-belediyesi-geri-donusum-atiklarindan-projeler-uretiyor\/","og_site_name":"Van Haber | Van X Haber | Van Haberleri","article_published_time":"2024-02-21T09:11:09+00:00","article_modified_time":"2024-02-21T09:11:10+00:00","og_image":[{"width":1110,"height":500,"url":"https:\/\/vanxhaber.com\/wp-content\/uploads\/2024\/02\/proje-ipekyolu.jpg","type":"image\/jpeg"}],"author":"Van X Haber","twitter_card":"summary_large_image","twitter_misc":{"Yazan:":"Van X Haber","Tahmini okuma s\u00fcresi":"2 dakika"},"schema":{"@context":"https:\/\/schema.org","@graph":[{"@type":"Article","@id":"https:\/\/vanxhaber.com\/index.php\/2024\/02\/21\/ipekyolu-belediyesi-geri-donusum-atiklarindan-projeler-uretiyor\/#article","isPartOf":{"@id":"https:\/\/vanxhaber.com\/index.php\/2024\/02\/21\/ipekyolu-belediyesi-geri-donusum-atiklarindan-projeler-uretiyor\/"},"author":{"name":"Van X Haber","@id":"https:\/\/vanxhaber.com\/#\/schema\/person\/a5fd8d89510cb5370e62ad176f7978ee"},"headline":"\u0130pekyolu Belediyesi, Geri D\u00f6n\u00fc\u015f\u00fcm At\u0131klar\u0131ndan Projeler \u00dcretiyor","datePublished":"2024-02-21T09:11:09+00:00","dateModified":"2024-02-21T09:11:10+00:00","mainEntityOfPage":{"@id":"https:\/\/vanxhaber.com\/index.php\/2024\/02\/21\/ipekyolu-belediyesi-geri-donusum-atiklarindan-projeler-uretiyor\/"},"wordCount":381,"commentCount":0,"image":{"@id":"https:\/\/vanxhaber.com\/index.php\/2024\/02\/21\/ipekyolu-belediyesi-geri-donusum-atiklarindan-projeler-uretiyor\/#primaryimage"},"thumbnailUrl":"https:\/\/vanxhaber.com\/wp-content\/uploads\/2024\/02\/proje-ipekyolu.jpg","articleSection":["Van E\u011fitim","Van\u00a0Gen\u00e7lik","Van Haber","Van Haberleri"],"inLanguage":"tr","potentialAction":[{"@type":"CommentAction","name":"Comment","target":["https:\/\/vanxhaber.com\/index.php\/2024\/02\/21\/ipekyolu-belediyesi-geri-donusum-atiklarindan-projeler-uretiyor\/#respond"]}],"copyrightYear":"2024","copyrightHolder":{"@id":"https:\/\/vanxhaber.com\/#organization"}},{"@type":"WebPage","@id":"https:\/\/vanxhaber.com\/index.php\/2024\/02\/21\/ipekyolu-belediyesi-geri-donusum-atiklarindan-projeler-uretiyor\/","url":"https:\/\/vanxhaber.com\/index.php\/2024\/02\/21\/ipekyolu-belediyesi-geri-donusum-atiklarindan-projeler-uretiyor\/","name":"\u0130pekyolu Belediyesi, Geri D\u00f6n\u00fc\u015f\u00fcm At\u0131klar\u0131ndan Projeler \u00dcretiyor - Van Haber | Van X Haber | Van Haberleri","isPartOf":{"@id":"https:\/\/vanxhaber.com\/#website"},"primaryImageOfPage":{"@id":"https:\/\/vanxhaber.com\/index.php\/2024\/02\/21\/ipekyolu-belediyesi-geri-donusum-atiklarindan-projeler-uretiyor\/#primaryimage"},"image":{"@id":"https:\/\/vanxhaber.com\/index.php\/2024\/02\/21\/ipekyolu-belediyesi-geri-donusum-atiklarindan-projeler-uretiyor\/#primaryimage"},"thumbnailUrl":"https:\/\/vanxhaber.com\/wp-content\/uploads\/2024\/02\/proje-ipekyolu.jpg","datePublished":"2024-02-21T09:11:09+00:00","dateModified":"2024-02-21T09:11:10+00:00","author":{"@id":"https:\/\/vanxhaber.com\/#\/schema\/person\/a5fd8d89510cb5370e62ad176f7978ee"},"breadcrumb":{"@id":"https:\/\/vanxhaber.com\/index.php\/2024\/02\/21\/ipekyolu-belediyesi-geri-donusum-atiklarindan-projeler-uretiyor\/#breadcrumb"},"inLanguage":"tr","potentialAction":[{"@type":"ReadAction","target":["https:\/\/vanxhaber.com\/index.php\/2024\/02\/21\/ipekyolu-belediyesi-geri-donusum-atiklarindan-projeler-uretiyor\/"]}]},{"@type":"ImageObject","inLanguage":"tr","@id":"https:\/\/vanxhaber.com\/index.php\/2024\/02\/21\/ipekyolu-belediyesi-geri-donusum-atiklarindan-projeler-uretiyor\/#primaryimage","url":"https:\/\/vanxhaber.com\/wp-content\/uploads\/2024\/02\/proje-ipekyolu.jpg","contentUrl":"https:\/\/vanxhaber.com\/wp-content\/uploads\/2024\/02\/proje-ipekyolu.jpg","width":1110,"height":500},{"@type":"BreadcrumbList","@id":"https:\/\/vanxhaber.com\/index.php\/2024\/02\/21\/ipekyolu-belediyesi-geri-donusum-atiklarindan-projeler-uretiyor\/#breadcrumb","itemListElement":[{"@type":"ListItem","position":1,"name":"Anasayfa","item":"https:\/\/vanxhaber.com\/"},{"@type":"ListItem","position":2,"name":"\u0130pekyolu Belediyesi, Geri D\u00f6n\u00fc\u015f\u00fcm At\u0131klar\u0131ndan Projeler \u00dcretiyor"}]},{"@type":"WebSite","@id":"https:\/\/vanxhaber.com\/#website","url":"https:\/\/vanxhaber.com\/","name":"Van Haber | Van X Haber | Van Haberleri","description":"Van Haber, Van&#039;\u0131n ilk yapay zeka teknolojileri ile yaz\u0131lan Van X Haber ve Van Haberlerini aktif g\u00fcncel sunan tek vanhaber merkezidir.","potentialAction":[{"@type":"SearchAction","target":{"@type":"EntryPoint","urlTemplate":"https:\/\/vanxhaber.com\/?s={search_term_string}"},"query-input":{"@type":"PropertyValueSpecification","valueRequired":true,"valueName":"search_term_string"}}],"inLanguage":"tr"},{"@type":"Person","@id":"https:\/\/vanxhaber.com\/#\/schema\/person\/a5fd8d89510cb5370e62ad176f7978ee","name":"Van X Haber","image":{"@type":"ImageObject","inLanguage":"tr","@id":"https:\/\/vanxhaber.com\/#\/schema\/person\/image\/","url":"https:\/\/secure.gravatar.com\/avatar\/36f2f63826681263103acb5ca1e7bc1a6db11baea9b75dd091d89b74f2704b07?s=96&d=mm&r=g","contentUrl":"https:\/\/secure.gravatar.com\/avatar\/36f2f63826681263103acb5ca1e7bc1a6db11baea9b75dd091d89b74f2704b07?s=96&d=mm&r=g","caption":"Van X Haber"},"description":"Van X Haber Van'\u0131n ilk ve tek yeni nesil Van Haber merkezi. Son Dakika Van Haberleri ve G\u00fcncel Van haber merkezinde s\u0131cak geli\u015fmeleri aktarmaya devam edece\u011fiz.","url":"https:\/\/vanxhaber.com\/index.php\/author\/vangazetesi\/"}]}},"_links":{"self":[{"href":"https:\/\/vanxhaber.com\/index.php\/wp-json\/wp\/v2\/posts\/1766","targetHints":{"allow":["GET"]}}],"collection":[{"href":"https:\/\/vanxhaber.com\/index.php\/wp-json\/wp\/v2\/posts"}],"about":[{"href":"https:\/\/vanxhaber.com\/index.php\/wp-json\/wp\/v2\/types\/post"}],"author":[{"embeddable":true,"href":"https:\/\/vanxhaber.com\/index.php\/wp-json\/wp\/v2\/users\/2"}],"replies":[{"embeddable":true,"href":"https:\/\/vanxhaber.com\/index.php\/wp-json\/wp\/v2\/comments?post=1766"}],"version-history":[{"count":1,"href":"https:\/\/vanxhaber.com\/index.php\/wp-json\/wp\/v2\/posts\/1766\/revisions"}],"predecessor-version":[{"id":1769,"href":"https:\/\/vanxhaber.com\/index.php\/wp-json\/wp\/v2\/posts\/1766\/revisions\/1769"}],"wp:featuredmedia":[{"embeddable":true,"href":"https:\/\/vanxhaber.com\/index.php\/wp-json\/wp\/v2\/media\/1768"}],"wp:attachment":[{"href":"https:\/\/vanxhaber.com\/index.php\/wp-json\/wp\/v2\/media?parent=1766"}],"wp:term":[{"taxonomy":"category","embeddable":true,"href":"https:\/\/vanxhaber.com\/index.php\/wp-json\/wp\/v2\/categories?post=1766"},{"taxonomy":"post_tag","embeddable":true,"href":"https:\/\/vanxhaber.com\/index.php\/wp-json\/wp\/v2\/tags?post=1766"}],"curies":[{"name":"wp","href":"https:\/\/api.w.org\/{rel}","templated":true}]}}