{"id":1770,"date":"2024-02-21T11:13:19","date_gmt":"2024-02-21T11:13:19","guid":{"rendered":"https:\/\/vanxhaber.com\/?p=1770"},"modified":"2024-02-21T11:13:22","modified_gmt":"2024-02-21T11:13:22","slug":"ervan-giyim-magazasi-vanda-acildi","status":"publish","type":"post","link":"https:\/\/vanxhaber.com\/index.php\/2024\/02\/21\/ervan-giyim-magazasi-vanda-acildi\/","title":{"rendered":"Ervan Giyim Ma\u011fazas\u0131 Van\u2019da A\u00e7\u0131ld\u0131"},"content":{"rendered":"\n<p><strong>Van ilinde giyim ma\u011fazas\u0131 yetkilileri \u201cSe\u00e7kin\u201d giyim markalar\u0131n\u0131 Ervan giyim ile bulu\u015fturdu<\/strong>.<\/p>\n\n\n\n<p>Van ili \u0130pekyolu il\u00e7esi S\u0131hke Caddesi&#8217;nde konumlanan Ervan Giyim Ma\u011fazas\u0131, \u015f\u0131k ve modern tasar\u0131mlar\u0131yla dikkat \u00e7ekiyor. Erkekler ve kad\u0131nlar i\u00e7in geni\u015f bir \u00fcr\u00fcn yelpazesi sunan ma\u011faza, giyimden kozmeti\u011fe kadar bir\u00e7ok \u00fcr\u00fcn\u00fc bulabilece\u011finiz bir al\u0131\u015fveri\u015f destinasyonu olarak \u00f6ne \u00e7\u0131k\u0131yor.<\/p>\n\n\n\n<p>Erkek giyim b\u00f6l\u00fcm\u00fcnde, g\u00fcnl\u00fck kullan\u0131ma uygun \u015f\u0131k g\u00f6mleklerden, rahat ve tarz pantolonlara, i\u015f hayat\u0131nda ve \u00f6zel g\u00fcnlerde tercih edebilece\u011finiz tak\u0131m elbiselere kadar geni\u015f bir se\u00e7enek sunuluyor. Ayr\u0131ca, erkek aksesuarlar\u0131 da bulabilece\u011finiz bir b\u00f6l\u00fcm mevcut.<\/p>\n\n\n\n<p>Kad\u0131n giyimleri alan\u0131nda ise; son moda elbiseler, etekler, bluzlar, ceketler ve daha fazlas\u0131 bulunuyor. Her tarza ve bedene uygun alternatiflerle dolu olan kad\u0131n giyim b\u00f6l\u00fcm\u00fc, m\u00fc\u015fterilerin be\u011fenisini kazan\u0131yor. Ayr\u0131ca, makyaj malzemeleri, parf\u00fcmler ve cilt bak\u0131m \u00fcr\u00fcnleri gibi kozmetik \u00fcr\u00fcnler de kad\u0131nlar\u0131n ilgisini \u00e7ekecek se\u00e7enekler aras\u0131nda yer al\u0131yor.<\/p>\n\n\n\n<p>Ervan Giyim Ma\u011fazas\u0131, m\u00fc\u015fterilerine sadece giyim de\u011fil, ayn\u0131 zamanda stil ve g\u00fczellik konusunda da geni\u015f bir yelpaze sunarak al\u0131\u015fveri\u015f deneyimini zenginle\u015ftiriyor. Ma\u011fazan\u0131n modern ve \u015f\u0131k atmosferi, al\u0131\u015fveri\u015f yaparken keyifli vakit ge\u00e7irmelerini hedefliyor\u2026<\/p>\n","protected":false},"excerpt":{"rendered":"<p>Van ilinde giyim ma\u011fazas\u0131 yetkilileri \u201cSe\u00e7kin\u201d giyim markalar\u0131n\u0131 Ervan giyim ile bulu\u015fturdu. Van ili \u0130pekyolu il\u00e7esi S\u0131hke Caddesi&#8217;nde konumlanan Ervan Giyim Ma\u011fazas\u0131, \u015f\u0131k ve modern tasar\u0131mlar\u0131yla dikkat \u00e7ekiyor. Erkekler ve kad\u0131nlar i\u00e7in geni\u015f bir \u00fcr\u00fcn yelpazesi sunan ma\u011faza, giyimden kozmeti\u011fe kadar bir\u00e7ok \u00fcr\u00fcn\u00fc bulabilece\u011finiz bir al\u0131\u015fveri\u015f destinasyonu olarak \u00f6ne \u00e7\u0131k\u0131yor. Erkek giyim b\u00f6l\u00fcm\u00fcnde, g\u00fcnl\u00fck kullan\u0131ma &hellip;<\/p>\n","protected":false},"author":2,"featured_media":1772,"comment_status":"open","ping_status":"closed","sticky":false,"template":"","format":"standard","meta":{"googlesitekit_rrm_CAowot3VCw:productID":"","footnotes":""},"categories":[28,32,1,24,30],"tags":[],"class_list":["post-1770","post","type-post","status-publish","format-standard","has-post-thumbnail","hentry","category-van-egitim","category-van-genclik","category-van-haber","category-van-haberleri","category-van-x-haber"],"yoast_head":"<!-- This site is optimized with the Yoast SEO Premium plugin v21.7 (Yoast SEO v26.7) - https:\/\/yoast.com\/wordpress\/plugins\/seo\/ -->\n<title>Ervan Giyim Ma\u011fazas\u0131 Van\u2019da A\u00e7\u0131ld\u0131 - Van Haber | Van X Haber | Van Haberleri<\/title>\n<meta name=\"robots\" content=\"index, follow, max-snippet:-1, max-image-preview:large, max-video-preview:-1\" \/>\n<link rel=\"canonical\" href=\"https:\/\/vanxhaber.com\/index.php\/2024\/02\/21\/ervan-giyim-magazasi-vanda-acildi\/\" \/>\n<meta property=\"og:locale\" content=\"tr_TR\" \/>\n<meta property=\"og:type\" content=\"article\" \/>\n<meta property=\"og:title\" content=\"Ervan Giyim Ma\u011fazas\u0131 Van\u2019da A\u00e7\u0131ld\u0131\" \/>\n<meta property=\"og:description\" content=\"Van ilinde giyim ma\u011fazas\u0131 yetkilileri \u201cSe\u00e7kin\u201d giyim markalar\u0131n\u0131 Ervan giyim ile bulu\u015fturdu. Van ili \u0130pekyolu il\u00e7esi S\u0131hke Caddesi&#8217;nde konumlanan Ervan Giyim Ma\u011fazas\u0131, \u015f\u0131k ve modern tasar\u0131mlar\u0131yla dikkat \u00e7ekiyor. Erkekler ve kad\u0131nlar i\u00e7in geni\u015f bir \u00fcr\u00fcn yelpazesi sunan ma\u011faza, giyimden kozmeti\u011fe kadar bir\u00e7ok \u00fcr\u00fcn\u00fc bulabilece\u011finiz bir al\u0131\u015fveri\u015f destinasyonu olarak \u00f6ne \u00e7\u0131k\u0131yor. Erkek giyim b\u00f6l\u00fcm\u00fcnde, g\u00fcnl\u00fck kullan\u0131ma &hellip;\" \/>\n<meta property=\"og:url\" content=\"https:\/\/vanxhaber.com\/index.php\/2024\/02\/21\/ervan-giyim-magazasi-vanda-acildi\/\" \/>\n<meta property=\"og:site_name\" content=\"Van Haber | Van X Haber | Van Haberleri\" \/>\n<meta property=\"article:published_time\" content=\"2024-02-21T11:13:19+00:00\" \/>\n<meta property=\"article:modified_time\" content=\"2024-02-21T11:13:22+00:00\" \/>\n<meta property=\"og:image\" content=\"https:\/\/vanxhaber.com\/wp-content\/uploads\/2024\/02\/ervan-giyim-vanda-acildi.jpg\" \/>\n\t<meta property=\"og:image:width\" content=\"1110\" \/>\n\t<meta property=\"og:image:height\" content=\"500\" \/>\n\t<meta property=\"og:image:type\" content=\"image\/jpeg\" \/>\n<meta name=\"author\" content=\"Van X Haber\" \/>\n<meta name=\"twitter:card\" content=\"summary_large_image\" \/>\n<meta name=\"twitter:label1\" content=\"Yazan:\" \/>\n\t<meta name=\"twitter:data1\" content=\"Van X Haber\" \/>\n\t<meta name=\"twitter:label2\" content=\"Tahmini okuma s\u00fcresi\" \/>\n\t<meta name=\"twitter:data2\" content=\"2 dakika\" \/>\n<script type=\"application\/ld+json\" class=\"yoast-schema-graph\">{\"@context\":\"https:\/\/schema.org\",\"@graph\":[{\"@type\":\"Article\",\"@id\":\"https:\/\/vanxhaber.com\/index.php\/2024\/02\/21\/ervan-giyim-magazasi-vanda-acildi\/#article\",\"isPartOf\":{\"@id\":\"https:\/\/vanxhaber.com\/index.php\/2024\/02\/21\/ervan-giyim-magazasi-vanda-acildi\/\"},\"author\":{\"name\":\"Van X Haber\",\"@id\":\"https:\/\/vanxhaber.com\/#\/schema\/person\/a5fd8d89510cb5370e62ad176f7978ee\"},\"headline\":\"Ervan Giyim Ma\u011fazas\u0131 Van\u2019da A\u00e7\u0131ld\u0131\",\"datePublished\":\"2024-02-21T11:13:19+00:00\",\"dateModified\":\"2024-02-21T11:13:22+00:00\",\"mainEntityOfPage\":{\"@id\":\"https:\/\/vanxhaber.com\/index.php\/2024\/02\/21\/ervan-giyim-magazasi-vanda-acildi\/\"},\"wordCount\":235,\"commentCount\":0,\"image\":{\"@id\":\"https:\/\/vanxhaber.com\/index.php\/2024\/02\/21\/ervan-giyim-magazasi-vanda-acildi\/#primaryimage\"},\"thumbnailUrl\":\"https:\/\/vanxhaber.com\/wp-content\/uploads\/2024\/02\/ervan-giyim-vanda-acildi.jpg\",\"articleSection\":[\"Van E\u011fitim\",\"Van\u00a0Gen\u00e7lik\",\"Van Haber\",\"Van Haberleri\",\"Van X Haber\"],\"inLanguage\":\"tr\",\"potentialAction\":[{\"@type\":\"CommentAction\",\"name\":\"Comment\",\"target\":[\"https:\/\/vanxhaber.com\/index.php\/2024\/02\/21\/ervan-giyim-magazasi-vanda-acildi\/#respond\"]}],\"copyrightYear\":\"2024\",\"copyrightHolder\":{\"@id\":\"https:\/\/vanxhaber.com\/#organization\"}},{\"@type\":\"WebPage\",\"@id\":\"https:\/\/vanxhaber.com\/index.php\/2024\/02\/21\/ervan-giyim-magazasi-vanda-acildi\/\",\"url\":\"https:\/\/vanxhaber.com\/index.php\/2024\/02\/21\/ervan-giyim-magazasi-vanda-acildi\/\",\"name\":\"Ervan Giyim Ma\u011fazas\u0131 Van\u2019da A\u00e7\u0131ld\u0131 - Van Haber | Van X Haber | Van Haberleri\",\"isPartOf\":{\"@id\":\"https:\/\/vanxhaber.com\/#website\"},\"primaryImageOfPage\":{\"@id\":\"https:\/\/vanxhaber.com\/index.php\/2024\/02\/21\/ervan-giyim-magazasi-vanda-acildi\/#primaryimage\"},\"image\":{\"@id\":\"https:\/\/vanxhaber.com\/index.php\/2024\/02\/21\/ervan-giyim-magazasi-vanda-acildi\/#primaryimage\"},\"thumbnailUrl\":\"https:\/\/vanxhaber.com\/wp-content\/uploads\/2024\/02\/ervan-giyim-vanda-acildi.jpg\",\"datePublished\":\"2024-02-21T11:13:19+00:00\",\"dateModified\":\"2024-02-21T11:13:22+00:00\",\"author\":{\"@id\":\"https:\/\/vanxhaber.com\/#\/schema\/person\/a5fd8d89510cb5370e62ad176f7978ee\"},\"breadcrumb\":{\"@id\":\"https:\/\/vanxhaber.com\/index.php\/2024\/02\/21\/ervan-giyim-magazasi-vanda-acildi\/#breadcrumb\"},\"inLanguage\":\"tr\",\"potentialAction\":[{\"@type\":\"ReadAction\",\"target\":[\"https:\/\/vanxhaber.com\/index.php\/2024\/02\/21\/ervan-giyim-magazasi-vanda-acildi\/\"]}]},{\"@type\":\"ImageObject\",\"inLanguage\":\"tr\",\"@id\":\"https:\/\/vanxhaber.com\/index.php\/2024\/02\/21\/ervan-giyim-magazasi-vanda-acildi\/#primaryimage\",\"url\":\"https:\/\/vanxhaber.com\/wp-content\/uploads\/2024\/02\/ervan-giyim-vanda-acildi.jpg\",\"contentUrl\":\"https:\/\/vanxhaber.com\/wp-content\/uploads\/2024\/02\/ervan-giyim-vanda-acildi.jpg\",\"width\":1110,\"height\":500},{\"@type\":\"BreadcrumbList\",\"@id\":\"https:\/\/vanxhaber.com\/index.php\/2024\/02\/21\/ervan-giyim-magazasi-vanda-acildi\/#breadcrumb\",\"itemListElement\":[{\"@type\":\"ListItem\",\"position\":1,\"name\":\"Anasayfa\",\"item\":\"https:\/\/vanxhaber.com\/\"},{\"@type\":\"ListItem\",\"position\":2,\"name\":\"Ervan Giyim Ma\u011fazas\u0131 Van\u2019da A\u00e7\u0131ld\u0131\"}]},{\"@type\":\"WebSite\",\"@id\":\"https:\/\/vanxhaber.com\/#website\",\"url\":\"https:\/\/vanxhaber.com\/\",\"name\":\"Van Haber | Van X Haber | Van Haberleri\",\"description\":\"Van Haber, Van&#039;\u0131n ilk yapay zeka teknolojileri ile yaz\u0131lan Van X Haber ve Van Haberlerini aktif g\u00fcncel sunan tek vanhaber merkezidir.\",\"potentialAction\":[{\"@type\":\"SearchAction\",\"target\":{\"@type\":\"EntryPoint\",\"urlTemplate\":\"https:\/\/vanxhaber.com\/?s={search_term_string}\"},\"query-input\":{\"@type\":\"PropertyValueSpecification\",\"valueRequired\":true,\"valueName\":\"search_term_string\"}}],\"inLanguage\":\"tr\"},{\"@type\":\"Person\",\"@id\":\"https:\/\/vanxhaber.com\/#\/schema\/person\/a5fd8d89510cb5370e62ad176f7978ee\",\"name\":\"Van X Haber\",\"image\":{\"@type\":\"ImageObject\",\"inLanguage\":\"tr\",\"@id\":\"https:\/\/vanxhaber.com\/#\/schema\/person\/image\/\",\"url\":\"https:\/\/secure.gravatar.com\/avatar\/36f2f63826681263103acb5ca1e7bc1a6db11baea9b75dd091d89b74f2704b07?s=96&d=mm&r=g\",\"contentUrl\":\"https:\/\/secure.gravatar.com\/avatar\/36f2f63826681263103acb5ca1e7bc1a6db11baea9b75dd091d89b74f2704b07?s=96&d=mm&r=g\",\"caption\":\"Van X Haber\"},\"description\":\"Van X Haber Van'\u0131n ilk ve tek yeni nesil Van Haber merkezi. Son Dakika Van Haberleri ve G\u00fcncel Van haber merkezinde s\u0131cak geli\u015fmeleri aktarmaya devam edece\u011fiz.\",\"url\":\"https:\/\/vanxhaber.com\/index.php\/author\/vangazetesi\/\"}]}<\/script>\n<!-- \/ Yoast SEO Premium plugin. -->","yoast_head_json":{"title":"Ervan Giyim Ma\u011fazas\u0131 Van\u2019da A\u00e7\u0131ld\u0131 - Van Haber | Van X Haber | Van Haberleri","robots":{"index":"index","follow":"follow","max-snippet":"max-snippet:-1","max-image-preview":"max-image-preview:large","max-video-preview":"max-video-preview:-1"},"canonical":"https:\/\/vanxhaber.com\/index.php\/2024\/02\/21\/ervan-giyim-magazasi-vanda-acildi\/","og_locale":"tr_TR","og_type":"article","og_title":"Ervan Giyim Ma\u011fazas\u0131 Van\u2019da A\u00e7\u0131ld\u0131","og_description":"Van ilinde giyim ma\u011fazas\u0131 yetkilileri \u201cSe\u00e7kin\u201d giyim markalar\u0131n\u0131 Ervan giyim ile bulu\u015fturdu. Van ili \u0130pekyolu il\u00e7esi S\u0131hke Caddesi&#8217;nde konumlanan Ervan Giyim Ma\u011fazas\u0131, \u015f\u0131k ve modern tasar\u0131mlar\u0131yla dikkat \u00e7ekiyor. Erkekler ve kad\u0131nlar i\u00e7in geni\u015f bir \u00fcr\u00fcn yelpazesi sunan ma\u011faza, giyimden kozmeti\u011fe kadar bir\u00e7ok \u00fcr\u00fcn\u00fc bulabilece\u011finiz bir al\u0131\u015fveri\u015f destinasyonu olarak \u00f6ne \u00e7\u0131k\u0131yor. Erkek giyim b\u00f6l\u00fcm\u00fcnde, g\u00fcnl\u00fck kullan\u0131ma &hellip;","og_url":"https:\/\/vanxhaber.com\/index.php\/2024\/02\/21\/ervan-giyim-magazasi-vanda-acildi\/","og_site_name":"Van Haber | Van X Haber | Van Haberleri","article_published_time":"2024-02-21T11:13:19+00:00","article_modified_time":"2024-02-21T11:13:22+00:00","og_image":[{"width":1110,"height":500,"url":"https:\/\/vanxhaber.com\/wp-content\/uploads\/2024\/02\/ervan-giyim-vanda-acildi.jpg","type":"image\/jpeg"}],"author":"Van X Haber","twitter_card":"summary_large_image","twitter_misc":{"Yazan:":"Van X Haber","Tahmini okuma s\u00fcresi":"2 dakika"},"schema":{"@context":"https:\/\/schema.org","@graph":[{"@type":"Article","@id":"https:\/\/vanxhaber.com\/index.php\/2024\/02\/21\/ervan-giyim-magazasi-vanda-acildi\/#article","isPartOf":{"@id":"https:\/\/vanxhaber.com\/index.php\/2024\/02\/21\/ervan-giyim-magazasi-vanda-acildi\/"},"author":{"name":"Van X Haber","@id":"https:\/\/vanxhaber.com\/#\/schema\/person\/a5fd8d89510cb5370e62ad176f7978ee"},"headline":"Ervan Giyim Ma\u011fazas\u0131 Van\u2019da A\u00e7\u0131ld\u0131","datePublished":"2024-02-21T11:13:19+00:00","dateModified":"2024-02-21T11:13:22+00:00","mainEntityOfPage":{"@id":"https:\/\/vanxhaber.com\/index.php\/2024\/02\/21\/ervan-giyim-magazasi-vanda-acildi\/"},"wordCount":235,"commentCount":0,"image":{"@id":"https:\/\/vanxhaber.com\/index.php\/2024\/02\/21\/ervan-giyim-magazasi-vanda-acildi\/#primaryimage"},"thumbnailUrl":"https:\/\/vanxhaber.com\/wp-content\/uploads\/2024\/02\/ervan-giyim-vanda-acildi.jpg","articleSection":["Van E\u011fitim","Van\u00a0Gen\u00e7lik","Van Haber","Van Haberleri","Van X Haber"],"inLanguage":"tr","potentialAction":[{"@type":"CommentAction","name":"Comment","target":["https:\/\/vanxhaber.com\/index.php\/2024\/02\/21\/ervan-giyim-magazasi-vanda-acildi\/#respond"]}],"copyrightYear":"2024","copyrightHolder":{"@id":"https:\/\/vanxhaber.com\/#organization"}},{"@type":"WebPage","@id":"https:\/\/vanxhaber.com\/index.php\/2024\/02\/21\/ervan-giyim-magazasi-vanda-acildi\/","url":"https:\/\/vanxhaber.com\/index.php\/2024\/02\/21\/ervan-giyim-magazasi-vanda-acildi\/","name":"Ervan Giyim Ma\u011fazas\u0131 Van\u2019da A\u00e7\u0131ld\u0131 - Van Haber | Van X Haber | Van Haberleri","isPartOf":{"@id":"https:\/\/vanxhaber.com\/#website"},"primaryImageOfPage":{"@id":"https:\/\/vanxhaber.com\/index.php\/2024\/02\/21\/ervan-giyim-magazasi-vanda-acildi\/#primaryimage"},"image":{"@id":"https:\/\/vanxhaber.com\/index.php\/2024\/02\/21\/ervan-giyim-magazasi-vanda-acildi\/#primaryimage"},"thumbnailUrl":"https:\/\/vanxhaber.com\/wp-content\/uploads\/2024\/02\/ervan-giyim-vanda-acildi.jpg","datePublished":"2024-02-21T11:13:19+00:00","dateModified":"2024-02-21T11:13:22+00:00","author":{"@id":"https:\/\/vanxhaber.com\/#\/schema\/person\/a5fd8d89510cb5370e62ad176f7978ee"},"breadcrumb":{"@id":"https:\/\/vanxhaber.com\/index.php\/2024\/02\/21\/ervan-giyim-magazasi-vanda-acildi\/#breadcrumb"},"inLanguage":"tr","potentialAction":[{"@type":"ReadAction","target":["https:\/\/vanxhaber.com\/index.php\/2024\/02\/21\/ervan-giyim-magazasi-vanda-acildi\/"]}]},{"@type":"ImageObject","inLanguage":"tr","@id":"https:\/\/vanxhaber.com\/index.php\/2024\/02\/21\/ervan-giyim-magazasi-vanda-acildi\/#primaryimage","url":"https:\/\/vanxhaber.com\/wp-content\/uploads\/2024\/02\/ervan-giyim-vanda-acildi.jpg","contentUrl":"https:\/\/vanxhaber.com\/wp-content\/uploads\/2024\/02\/ervan-giyim-vanda-acildi.jpg","width":1110,"height":500},{"@type":"BreadcrumbList","@id":"https:\/\/vanxhaber.com\/index.php\/2024\/02\/21\/ervan-giyim-magazasi-vanda-acildi\/#breadcrumb","itemListElement":[{"@type":"ListItem","position":1,"name":"Anasayfa","item":"https:\/\/vanxhaber.com\/"},{"@type":"ListItem","position":2,"name":"Ervan Giyim Ma\u011fazas\u0131 Van\u2019da A\u00e7\u0131ld\u0131"}]},{"@type":"WebSite","@id":"https:\/\/vanxhaber.com\/#website","url":"https:\/\/vanxhaber.com\/","name":"Van Haber | Van X Haber | Van Haberleri","description":"Van Haber, Van&#039;\u0131n ilk yapay zeka teknolojileri ile yaz\u0131lan Van X Haber ve Van Haberlerini aktif g\u00fcncel sunan tek vanhaber merkezidir.","potentialAction":[{"@type":"SearchAction","target":{"@type":"EntryPoint","urlTemplate":"https:\/\/vanxhaber.com\/?s={search_term_string}"},"query-input":{"@type":"PropertyValueSpecification","valueRequired":true,"valueName":"search_term_string"}}],"inLanguage":"tr"},{"@type":"Person","@id":"https:\/\/vanxhaber.com\/#\/schema\/person\/a5fd8d89510cb5370e62ad176f7978ee","name":"Van X Haber","image":{"@type":"ImageObject","inLanguage":"tr","@id":"https:\/\/vanxhaber.com\/#\/schema\/person\/image\/","url":"https:\/\/secure.gravatar.com\/avatar\/36f2f63826681263103acb5ca1e7bc1a6db11baea9b75dd091d89b74f2704b07?s=96&d=mm&r=g","contentUrl":"https:\/\/secure.gravatar.com\/avatar\/36f2f63826681263103acb5ca1e7bc1a6db11baea9b75dd091d89b74f2704b07?s=96&d=mm&r=g","caption":"Van X Haber"},"description":"Van X Haber Van'\u0131n ilk ve tek yeni nesil Van Haber merkezi. Son Dakika Van Haberleri ve G\u00fcncel Van haber merkezinde s\u0131cak geli\u015fmeleri aktarmaya devam edece\u011fiz.","url":"https:\/\/vanxhaber.com\/index.php\/author\/vangazetesi\/"}]}},"_links":{"self":[{"href":"https:\/\/vanxhaber.com\/index.php\/wp-json\/wp\/v2\/posts\/1770","targetHints":{"allow":["GET"]}}],"collection":[{"href":"https:\/\/vanxhaber.com\/index.php\/wp-json\/wp\/v2\/posts"}],"about":[{"href":"https:\/\/vanxhaber.com\/index.php\/wp-json\/wp\/v2\/types\/post"}],"author":[{"embeddable":true,"href":"https:\/\/vanxhaber.com\/index.php\/wp-json\/wp\/v2\/users\/2"}],"replies":[{"embeddable":true,"href":"https:\/\/vanxhaber.com\/index.php\/wp-json\/wp\/v2\/comments?post=1770"}],"version-history":[{"count":1,"href":"https:\/\/vanxhaber.com\/index.php\/wp-json\/wp\/v2\/posts\/1770\/revisions"}],"predecessor-version":[{"id":1773,"href":"https:\/\/vanxhaber.com\/index.php\/wp-json\/wp\/v2\/posts\/1770\/revisions\/1773"}],"wp:featuredmedia":[{"embeddable":true,"href":"https:\/\/vanxhaber.com\/index.php\/wp-json\/wp\/v2\/media\/1772"}],"wp:attachment":[{"href":"https:\/\/vanxhaber.com\/index.php\/wp-json\/wp\/v2\/media?parent=1770"}],"wp:term":[{"taxonomy":"category","embeddable":true,"href":"https:\/\/vanxhaber.com\/index.php\/wp-json\/wp\/v2\/categories?post=1770"},{"taxonomy":"post_tag","embeddable":true,"href":"https:\/\/vanxhaber.com\/index.php\/wp-json\/wp\/v2\/tags?post=1770"}],"curies":[{"name":"wp","href":"https:\/\/api.w.org\/{rel}","templated":true}]}}