{"id":1778,"date":"2024-02-22T10:06:06","date_gmt":"2024-02-22T10:06:06","guid":{"rendered":"https:\/\/vanxhaber.com\/?p=1778"},"modified":"2024-02-22T10:06:08","modified_gmt":"2024-02-22T10:06:08","slug":"vanda-aile-ici-iletisimde-kadinin-rolu-soylesisi-duzenledi","status":"publish","type":"post","link":"https:\/\/vanxhaber.com\/index.php\/2024\/02\/22\/vanda-aile-ici-iletisimde-kadinin-rolu-soylesisi-duzenledi\/","title":{"rendered":"Van\u2019da &#8216;Aile \u0130\u00e7i \u0130leti\u015fimde Kad\u0131n\u0131n Rol\u00fc&#8217; s\u00f6yle\u015fisi d\u00fczenledi"},"content":{"rendered":"\n<p><br><strong>Van B\u00fcy\u00fck\u015fehir Belediyesi taraf\u0131ndan &#8216;Aile \u0130\u00e7i \u0130leti\u015fimde Kad\u0131n\u0131n Rol\u00fc&#8217; konulu s\u00f6yle\u015fi d\u00fczenlendi.<\/strong><\/p>\n\n\n\n<p>Van B\u00fcy\u00fck\u015fehir Belediyesi taraf\u0131ndan &#8216; Aile \u0130\u00e7i \u0130leti\u015fimde Kad\u0131n\u0131n Rol\u00fc&#8217; konulu s\u00f6yle\u015fi d\u00fczenlendi.<\/p>\n\n\n\n<p>B\u00fcy\u00fck\u015fehir Belediyesi Kad\u0131n ve Aile Hizmetleri Dairesi Ba\u015fkanl\u0131\u011f\u0131 ve \u0130pekyolu Belediyesi i\u015fbirli\u011fi ile d\u00fczenlenen s\u00f6yle\u015fide, ileti\u015fim Uzman\u0131 E\u011fitimci Yazar Dr. \u015eaban K\u0131z\u0131lda\u011f kad\u0131nlara \u00f6nemli bilgiler verdi.<\/p>\n\n\n\n<p>Van Valisi ve B\u00fcy\u00fck\u015fehir Belediye Ba\u015fkan Vekili Ozan Balc\u0131\u2019n\u0131n \u00f6nc\u00fcl\u00fc\u011f\u00fcnde ba\u015flat\u0131lan \u2018Kad\u0131n\u0131n G\u00fcc\u00fc Van\u2019\u0131n G\u00fcc\u00fc\u2019 projesi yo\u011fun kat\u0131l\u0131mla devam ediyor.<\/p>\n\n\n\n<p>Proje kapsam\u0131nda \u0130leti\u015fim Uzman\u0131 E\u011fitimci Yazar Dr. \u015eaban K\u0131z\u0131lda\u011f kad\u0131nlar i\u00e7in s\u00f6yle\u015fi program\u0131 ger\u00e7ekle\u015ftirdi. Bostani\u00e7i Mahallesi&#8217;nde bulunan Berivan K\u00fclt\u00fcr ve Sanat Merkezi Toplant\u0131 Salonu&#8217;nda d\u00fczenlenen s\u00f6yle\u015fide Dr. \u015eaban K\u0131z\u0131lda\u011f, kat\u0131l\u0131mc\u0131lara tecr\u00fcbelerini aktard\u0131. S\u00f6yle\u015fide ayr\u0131ca ileti\u015fimde ya\u015fanan temel sorunlar, aile i\u00e7i ileti\u015fimde dikkat edilmesi gereken hususlar, anne ve babalar\u0131n aile i\u00e7i ileti\u015fimdeki \u00f6nemi, ailede sevgi ve sayg\u0131 gibi konularda \u00f6nemli bilgiler verildi.<br>Kad\u0131nlar\u0131n ilgi g\u00f6sterdi\u011fi program, hediye takdimi ve foto\u011fraf \u00e7ekimi ile sona erdi.<\/p>\n","protected":false},"excerpt":{"rendered":"<p>Van B\u00fcy\u00fck\u015fehir Belediyesi taraf\u0131ndan &#8216;Aile \u0130\u00e7i \u0130leti\u015fimde Kad\u0131n\u0131n Rol\u00fc&#8217; konulu s\u00f6yle\u015fi d\u00fczenlendi. Van B\u00fcy\u00fck\u015fehir Belediyesi taraf\u0131ndan &#8216; Aile \u0130\u00e7i \u0130leti\u015fimde Kad\u0131n\u0131n Rol\u00fc&#8217; konulu s\u00f6yle\u015fi d\u00fczenlendi. B\u00fcy\u00fck\u015fehir Belediyesi Kad\u0131n ve Aile Hizmetleri Dairesi Ba\u015fkanl\u0131\u011f\u0131 ve \u0130pekyolu Belediyesi i\u015fbirli\u011fi ile d\u00fczenlenen s\u00f6yle\u015fide, ileti\u015fim Uzman\u0131 E\u011fitimci Yazar Dr. \u015eaban K\u0131z\u0131lda\u011f kad\u0131nlara \u00f6nemli bilgiler verdi. Van Valisi ve B\u00fcy\u00fck\u015fehir &hellip;<\/p>\n","protected":false},"author":2,"featured_media":1780,"comment_status":"open","ping_status":"closed","sticky":false,"template":"","format":"standard","meta":{"googlesitekit_rrm_CAowot3VCw:productID":"","footnotes":""},"categories":[26,30],"tags":[],"class_list":["post-1778","post","type-post","status-publish","format-standard","has-post-thumbnail","hentry","category-van-siyaset","category-van-x-haber"],"yoast_head":"<!-- This site is optimized with the Yoast SEO Premium plugin v21.7 (Yoast SEO v26.7) - https:\/\/yoast.com\/wordpress\/plugins\/seo\/ -->\n<title>Van\u2019da &#039;Aile \u0130\u00e7i \u0130leti\u015fimde Kad\u0131n\u0131n Rol\u00fc&#039; s\u00f6yle\u015fisi d\u00fczenledi - Van Haber | Van X Haber | Van Haberleri<\/title>\n<meta name=\"robots\" content=\"index, follow, max-snippet:-1, max-image-preview:large, max-video-preview:-1\" \/>\n<link rel=\"canonical\" href=\"https:\/\/vanxhaber.com\/index.php\/2024\/02\/22\/vanda-aile-ici-iletisimde-kadinin-rolu-soylesisi-duzenledi\/\" \/>\n<meta property=\"og:locale\" content=\"tr_TR\" \/>\n<meta property=\"og:type\" content=\"article\" \/>\n<meta property=\"og:title\" content=\"Van\u2019da &#039;Aile \u0130\u00e7i \u0130leti\u015fimde Kad\u0131n\u0131n Rol\u00fc&#039; s\u00f6yle\u015fisi d\u00fczenledi\" \/>\n<meta property=\"og:description\" content=\"Van B\u00fcy\u00fck\u015fehir Belediyesi taraf\u0131ndan &#8216;Aile \u0130\u00e7i \u0130leti\u015fimde Kad\u0131n\u0131n Rol\u00fc&#8217; konulu s\u00f6yle\u015fi d\u00fczenlendi. Van B\u00fcy\u00fck\u015fehir Belediyesi taraf\u0131ndan &#8216; Aile \u0130\u00e7i \u0130leti\u015fimde Kad\u0131n\u0131n Rol\u00fc&#8217; konulu s\u00f6yle\u015fi d\u00fczenlendi. B\u00fcy\u00fck\u015fehir Belediyesi Kad\u0131n ve Aile Hizmetleri Dairesi Ba\u015fkanl\u0131\u011f\u0131 ve \u0130pekyolu Belediyesi i\u015fbirli\u011fi ile d\u00fczenlenen s\u00f6yle\u015fide, ileti\u015fim Uzman\u0131 E\u011fitimci Yazar Dr. \u015eaban K\u0131z\u0131lda\u011f kad\u0131nlara \u00f6nemli bilgiler verdi. Van Valisi ve B\u00fcy\u00fck\u015fehir &hellip;\" \/>\n<meta property=\"og:url\" content=\"https:\/\/vanxhaber.com\/index.php\/2024\/02\/22\/vanda-aile-ici-iletisimde-kadinin-rolu-soylesisi-duzenledi\/\" \/>\n<meta property=\"og:site_name\" content=\"Van Haber | Van X Haber | Van Haberleri\" \/>\n<meta property=\"article:published_time\" content=\"2024-02-22T10:06:06+00:00\" \/>\n<meta property=\"article:modified_time\" content=\"2024-02-22T10:06:08+00:00\" \/>\n<meta property=\"og:image\" content=\"https:\/\/vanxhaber.com\/wp-content\/uploads\/2024\/02\/kadin-sylesi.jpg\" \/>\n\t<meta property=\"og:image:width\" content=\"641\" \/>\n\t<meta property=\"og:image:height\" content=\"380\" \/>\n\t<meta property=\"og:image:type\" content=\"image\/jpeg\" \/>\n<meta name=\"author\" content=\"Van X Haber\" \/>\n<meta name=\"twitter:card\" content=\"summary_large_image\" \/>\n<meta name=\"twitter:label1\" content=\"Yazan:\" \/>\n\t<meta name=\"twitter:data1\" content=\"Van X Haber\" \/>\n\t<meta name=\"twitter:label2\" content=\"Tahmini okuma s\u00fcresi\" \/>\n\t<meta name=\"twitter:data2\" content=\"2 dakika\" \/>\n<script type=\"application\/ld+json\" class=\"yoast-schema-graph\">{\"@context\":\"https:\/\/schema.org\",\"@graph\":[{\"@type\":\"Article\",\"@id\":\"https:\/\/vanxhaber.com\/index.php\/2024\/02\/22\/vanda-aile-ici-iletisimde-kadinin-rolu-soylesisi-duzenledi\/#article\",\"isPartOf\":{\"@id\":\"https:\/\/vanxhaber.com\/index.php\/2024\/02\/22\/vanda-aile-ici-iletisimde-kadinin-rolu-soylesisi-duzenledi\/\"},\"author\":{\"name\":\"Van X Haber\",\"@id\":\"https:\/\/vanxhaber.com\/#\/schema\/person\/a5fd8d89510cb5370e62ad176f7978ee\"},\"headline\":\"Van\u2019da &#8216;Aile \u0130\u00e7i \u0130leti\u015fimde Kad\u0131n\u0131n Rol\u00fc&#8217; s\u00f6yle\u015fisi d\u00fczenledi\",\"datePublished\":\"2024-02-22T10:06:06+00:00\",\"dateModified\":\"2024-02-22T10:06:08+00:00\",\"mainEntityOfPage\":{\"@id\":\"https:\/\/vanxhaber.com\/index.php\/2024\/02\/22\/vanda-aile-ici-iletisimde-kadinin-rolu-soylesisi-duzenledi\/\"},\"wordCount\":251,\"commentCount\":0,\"image\":{\"@id\":\"https:\/\/vanxhaber.com\/index.php\/2024\/02\/22\/vanda-aile-ici-iletisimde-kadinin-rolu-soylesisi-duzenledi\/#primaryimage\"},\"thumbnailUrl\":\"https:\/\/vanxhaber.com\/wp-content\/uploads\/2024\/02\/kadin-sylesi.jpg\",\"articleSection\":[\"Van Siyaset\",\"Van X Haber\"],\"inLanguage\":\"tr\",\"potentialAction\":[{\"@type\":\"CommentAction\",\"name\":\"Comment\",\"target\":[\"https:\/\/vanxhaber.com\/index.php\/2024\/02\/22\/vanda-aile-ici-iletisimde-kadinin-rolu-soylesisi-duzenledi\/#respond\"]}],\"copyrightYear\":\"2024\",\"copyrightHolder\":{\"@id\":\"https:\/\/vanxhaber.com\/#organization\"}},{\"@type\":\"WebPage\",\"@id\":\"https:\/\/vanxhaber.com\/index.php\/2024\/02\/22\/vanda-aile-ici-iletisimde-kadinin-rolu-soylesisi-duzenledi\/\",\"url\":\"https:\/\/vanxhaber.com\/index.php\/2024\/02\/22\/vanda-aile-ici-iletisimde-kadinin-rolu-soylesisi-duzenledi\/\",\"name\":\"Van\u2019da 'Aile \u0130\u00e7i \u0130leti\u015fimde Kad\u0131n\u0131n Rol\u00fc' s\u00f6yle\u015fisi d\u00fczenledi - Van Haber | Van X Haber | Van Haberleri\",\"isPartOf\":{\"@id\":\"https:\/\/vanxhaber.com\/#website\"},\"primaryImageOfPage\":{\"@id\":\"https:\/\/vanxhaber.com\/index.php\/2024\/02\/22\/vanda-aile-ici-iletisimde-kadinin-rolu-soylesisi-duzenledi\/#primaryimage\"},\"image\":{\"@id\":\"https:\/\/vanxhaber.com\/index.php\/2024\/02\/22\/vanda-aile-ici-iletisimde-kadinin-rolu-soylesisi-duzenledi\/#primaryimage\"},\"thumbnailUrl\":\"https:\/\/vanxhaber.com\/wp-content\/uploads\/2024\/02\/kadin-sylesi.jpg\",\"datePublished\":\"2024-02-22T10:06:06+00:00\",\"dateModified\":\"2024-02-22T10:06:08+00:00\",\"author\":{\"@id\":\"https:\/\/vanxhaber.com\/#\/schema\/person\/a5fd8d89510cb5370e62ad176f7978ee\"},\"breadcrumb\":{\"@id\":\"https:\/\/vanxhaber.com\/index.php\/2024\/02\/22\/vanda-aile-ici-iletisimde-kadinin-rolu-soylesisi-duzenledi\/#breadcrumb\"},\"inLanguage\":\"tr\",\"potentialAction\":[{\"@type\":\"ReadAction\",\"target\":[\"https:\/\/vanxhaber.com\/index.php\/2024\/02\/22\/vanda-aile-ici-iletisimde-kadinin-rolu-soylesisi-duzenledi\/\"]}]},{\"@type\":\"ImageObject\",\"inLanguage\":\"tr\",\"@id\":\"https:\/\/vanxhaber.com\/index.php\/2024\/02\/22\/vanda-aile-ici-iletisimde-kadinin-rolu-soylesisi-duzenledi\/#primaryimage\",\"url\":\"https:\/\/vanxhaber.com\/wp-content\/uploads\/2024\/02\/kadin-sylesi.jpg\",\"contentUrl\":\"https:\/\/vanxhaber.com\/wp-content\/uploads\/2024\/02\/kadin-sylesi.jpg\",\"width\":641,\"height\":380},{\"@type\":\"BreadcrumbList\",\"@id\":\"https:\/\/vanxhaber.com\/index.php\/2024\/02\/22\/vanda-aile-ici-iletisimde-kadinin-rolu-soylesisi-duzenledi\/#breadcrumb\",\"itemListElement\":[{\"@type\":\"ListItem\",\"position\":1,\"name\":\"Anasayfa\",\"item\":\"https:\/\/vanxhaber.com\/\"},{\"@type\":\"ListItem\",\"position\":2,\"name\":\"Van\u2019da &#8216;Aile \u0130\u00e7i \u0130leti\u015fimde Kad\u0131n\u0131n Rol\u00fc&#8217; s\u00f6yle\u015fisi d\u00fczenledi\"}]},{\"@type\":\"WebSite\",\"@id\":\"https:\/\/vanxhaber.com\/#website\",\"url\":\"https:\/\/vanxhaber.com\/\",\"name\":\"Van Haber | Van X Haber | Van Haberleri\",\"description\":\"Van Haber, Van&#039;\u0131n ilk yapay zeka teknolojileri ile yaz\u0131lan Van X Haber ve Van Haberlerini aktif g\u00fcncel sunan tek vanhaber merkezidir.\",\"potentialAction\":[{\"@type\":\"SearchAction\",\"target\":{\"@type\":\"EntryPoint\",\"urlTemplate\":\"https:\/\/vanxhaber.com\/?s={search_term_string}\"},\"query-input\":{\"@type\":\"PropertyValueSpecification\",\"valueRequired\":true,\"valueName\":\"search_term_string\"}}],\"inLanguage\":\"tr\"},{\"@type\":\"Person\",\"@id\":\"https:\/\/vanxhaber.com\/#\/schema\/person\/a5fd8d89510cb5370e62ad176f7978ee\",\"name\":\"Van X Haber\",\"image\":{\"@type\":\"ImageObject\",\"inLanguage\":\"tr\",\"@id\":\"https:\/\/vanxhaber.com\/#\/schema\/person\/image\/\",\"url\":\"https:\/\/secure.gravatar.com\/avatar\/36f2f63826681263103acb5ca1e7bc1a6db11baea9b75dd091d89b74f2704b07?s=96&d=mm&r=g\",\"contentUrl\":\"https:\/\/secure.gravatar.com\/avatar\/36f2f63826681263103acb5ca1e7bc1a6db11baea9b75dd091d89b74f2704b07?s=96&d=mm&r=g\",\"caption\":\"Van X Haber\"},\"description\":\"Van X Haber Van'\u0131n ilk ve tek yeni nesil Van Haber merkezi. Son Dakika Van Haberleri ve G\u00fcncel Van haber merkezinde s\u0131cak geli\u015fmeleri aktarmaya devam edece\u011fiz.\",\"url\":\"https:\/\/vanxhaber.com\/index.php\/author\/vangazetesi\/\"}]}<\/script>\n<!-- \/ Yoast SEO Premium plugin. -->","yoast_head_json":{"title":"Van\u2019da 'Aile \u0130\u00e7i \u0130leti\u015fimde Kad\u0131n\u0131n Rol\u00fc' s\u00f6yle\u015fisi d\u00fczenledi - Van Haber | Van X Haber | Van Haberleri","robots":{"index":"index","follow":"follow","max-snippet":"max-snippet:-1","max-image-preview":"max-image-preview:large","max-video-preview":"max-video-preview:-1"},"canonical":"https:\/\/vanxhaber.com\/index.php\/2024\/02\/22\/vanda-aile-ici-iletisimde-kadinin-rolu-soylesisi-duzenledi\/","og_locale":"tr_TR","og_type":"article","og_title":"Van\u2019da 'Aile \u0130\u00e7i \u0130leti\u015fimde Kad\u0131n\u0131n Rol\u00fc' s\u00f6yle\u015fisi d\u00fczenledi","og_description":"Van B\u00fcy\u00fck\u015fehir Belediyesi taraf\u0131ndan &#8216;Aile \u0130\u00e7i \u0130leti\u015fimde Kad\u0131n\u0131n Rol\u00fc&#8217; konulu s\u00f6yle\u015fi d\u00fczenlendi. Van B\u00fcy\u00fck\u015fehir Belediyesi taraf\u0131ndan &#8216; Aile \u0130\u00e7i \u0130leti\u015fimde Kad\u0131n\u0131n Rol\u00fc&#8217; konulu s\u00f6yle\u015fi d\u00fczenlendi. B\u00fcy\u00fck\u015fehir Belediyesi Kad\u0131n ve Aile Hizmetleri Dairesi Ba\u015fkanl\u0131\u011f\u0131 ve \u0130pekyolu Belediyesi i\u015fbirli\u011fi ile d\u00fczenlenen s\u00f6yle\u015fide, ileti\u015fim Uzman\u0131 E\u011fitimci Yazar Dr. \u015eaban K\u0131z\u0131lda\u011f kad\u0131nlara \u00f6nemli bilgiler verdi. Van Valisi ve B\u00fcy\u00fck\u015fehir &hellip;","og_url":"https:\/\/vanxhaber.com\/index.php\/2024\/02\/22\/vanda-aile-ici-iletisimde-kadinin-rolu-soylesisi-duzenledi\/","og_site_name":"Van Haber | Van X Haber | Van Haberleri","article_published_time":"2024-02-22T10:06:06+00:00","article_modified_time":"2024-02-22T10:06:08+00:00","og_image":[{"width":641,"height":380,"url":"https:\/\/vanxhaber.com\/wp-content\/uploads\/2024\/02\/kadin-sylesi.jpg","type":"image\/jpeg"}],"author":"Van X Haber","twitter_card":"summary_large_image","twitter_misc":{"Yazan:":"Van X Haber","Tahmini okuma s\u00fcresi":"2 dakika"},"schema":{"@context":"https:\/\/schema.org","@graph":[{"@type":"Article","@id":"https:\/\/vanxhaber.com\/index.php\/2024\/02\/22\/vanda-aile-ici-iletisimde-kadinin-rolu-soylesisi-duzenledi\/#article","isPartOf":{"@id":"https:\/\/vanxhaber.com\/index.php\/2024\/02\/22\/vanda-aile-ici-iletisimde-kadinin-rolu-soylesisi-duzenledi\/"},"author":{"name":"Van X Haber","@id":"https:\/\/vanxhaber.com\/#\/schema\/person\/a5fd8d89510cb5370e62ad176f7978ee"},"headline":"Van\u2019da &#8216;Aile \u0130\u00e7i \u0130leti\u015fimde Kad\u0131n\u0131n Rol\u00fc&#8217; s\u00f6yle\u015fisi d\u00fczenledi","datePublished":"2024-02-22T10:06:06+00:00","dateModified":"2024-02-22T10:06:08+00:00","mainEntityOfPage":{"@id":"https:\/\/vanxhaber.com\/index.php\/2024\/02\/22\/vanda-aile-ici-iletisimde-kadinin-rolu-soylesisi-duzenledi\/"},"wordCount":251,"commentCount":0,"image":{"@id":"https:\/\/vanxhaber.com\/index.php\/2024\/02\/22\/vanda-aile-ici-iletisimde-kadinin-rolu-soylesisi-duzenledi\/#primaryimage"},"thumbnailUrl":"https:\/\/vanxhaber.com\/wp-content\/uploads\/2024\/02\/kadin-sylesi.jpg","articleSection":["Van Siyaset","Van X Haber"],"inLanguage":"tr","potentialAction":[{"@type":"CommentAction","name":"Comment","target":["https:\/\/vanxhaber.com\/index.php\/2024\/02\/22\/vanda-aile-ici-iletisimde-kadinin-rolu-soylesisi-duzenledi\/#respond"]}],"copyrightYear":"2024","copyrightHolder":{"@id":"https:\/\/vanxhaber.com\/#organization"}},{"@type":"WebPage","@id":"https:\/\/vanxhaber.com\/index.php\/2024\/02\/22\/vanda-aile-ici-iletisimde-kadinin-rolu-soylesisi-duzenledi\/","url":"https:\/\/vanxhaber.com\/index.php\/2024\/02\/22\/vanda-aile-ici-iletisimde-kadinin-rolu-soylesisi-duzenledi\/","name":"Van\u2019da 'Aile \u0130\u00e7i \u0130leti\u015fimde Kad\u0131n\u0131n Rol\u00fc' s\u00f6yle\u015fisi d\u00fczenledi - Van Haber | Van X Haber | Van Haberleri","isPartOf":{"@id":"https:\/\/vanxhaber.com\/#website"},"primaryImageOfPage":{"@id":"https:\/\/vanxhaber.com\/index.php\/2024\/02\/22\/vanda-aile-ici-iletisimde-kadinin-rolu-soylesisi-duzenledi\/#primaryimage"},"image":{"@id":"https:\/\/vanxhaber.com\/index.php\/2024\/02\/22\/vanda-aile-ici-iletisimde-kadinin-rolu-soylesisi-duzenledi\/#primaryimage"},"thumbnailUrl":"https:\/\/vanxhaber.com\/wp-content\/uploads\/2024\/02\/kadin-sylesi.jpg","datePublished":"2024-02-22T10:06:06+00:00","dateModified":"2024-02-22T10:06:08+00:00","author":{"@id":"https:\/\/vanxhaber.com\/#\/schema\/person\/a5fd8d89510cb5370e62ad176f7978ee"},"breadcrumb":{"@id":"https:\/\/vanxhaber.com\/index.php\/2024\/02\/22\/vanda-aile-ici-iletisimde-kadinin-rolu-soylesisi-duzenledi\/#breadcrumb"},"inLanguage":"tr","potentialAction":[{"@type":"ReadAction","target":["https:\/\/vanxhaber.com\/index.php\/2024\/02\/22\/vanda-aile-ici-iletisimde-kadinin-rolu-soylesisi-duzenledi\/"]}]},{"@type":"ImageObject","inLanguage":"tr","@id":"https:\/\/vanxhaber.com\/index.php\/2024\/02\/22\/vanda-aile-ici-iletisimde-kadinin-rolu-soylesisi-duzenledi\/#primaryimage","url":"https:\/\/vanxhaber.com\/wp-content\/uploads\/2024\/02\/kadin-sylesi.jpg","contentUrl":"https:\/\/vanxhaber.com\/wp-content\/uploads\/2024\/02\/kadin-sylesi.jpg","width":641,"height":380},{"@type":"BreadcrumbList","@id":"https:\/\/vanxhaber.com\/index.php\/2024\/02\/22\/vanda-aile-ici-iletisimde-kadinin-rolu-soylesisi-duzenledi\/#breadcrumb","itemListElement":[{"@type":"ListItem","position":1,"name":"Anasayfa","item":"https:\/\/vanxhaber.com\/"},{"@type":"ListItem","position":2,"name":"Van\u2019da &#8216;Aile \u0130\u00e7i \u0130leti\u015fimde Kad\u0131n\u0131n Rol\u00fc&#8217; s\u00f6yle\u015fisi d\u00fczenledi"}]},{"@type":"WebSite","@id":"https:\/\/vanxhaber.com\/#website","url":"https:\/\/vanxhaber.com\/","name":"Van Haber | Van X Haber | Van Haberleri","description":"Van Haber, Van&#039;\u0131n ilk yapay zeka teknolojileri ile yaz\u0131lan Van X Haber ve Van Haberlerini aktif g\u00fcncel sunan tek vanhaber merkezidir.","potentialAction":[{"@type":"SearchAction","target":{"@type":"EntryPoint","urlTemplate":"https:\/\/vanxhaber.com\/?s={search_term_string}"},"query-input":{"@type":"PropertyValueSpecification","valueRequired":true,"valueName":"search_term_string"}}],"inLanguage":"tr"},{"@type":"Person","@id":"https:\/\/vanxhaber.com\/#\/schema\/person\/a5fd8d89510cb5370e62ad176f7978ee","name":"Van X Haber","image":{"@type":"ImageObject","inLanguage":"tr","@id":"https:\/\/vanxhaber.com\/#\/schema\/person\/image\/","url":"https:\/\/secure.gravatar.com\/avatar\/36f2f63826681263103acb5ca1e7bc1a6db11baea9b75dd091d89b74f2704b07?s=96&d=mm&r=g","contentUrl":"https:\/\/secure.gravatar.com\/avatar\/36f2f63826681263103acb5ca1e7bc1a6db11baea9b75dd091d89b74f2704b07?s=96&d=mm&r=g","caption":"Van X Haber"},"description":"Van X Haber Van'\u0131n ilk ve tek yeni nesil Van Haber merkezi. Son Dakika Van Haberleri ve G\u00fcncel Van haber merkezinde s\u0131cak geli\u015fmeleri aktarmaya devam edece\u011fiz.","url":"https:\/\/vanxhaber.com\/index.php\/author\/vangazetesi\/"}]}},"_links":{"self":[{"href":"https:\/\/vanxhaber.com\/index.php\/wp-json\/wp\/v2\/posts\/1778","targetHints":{"allow":["GET"]}}],"collection":[{"href":"https:\/\/vanxhaber.com\/index.php\/wp-json\/wp\/v2\/posts"}],"about":[{"href":"https:\/\/vanxhaber.com\/index.php\/wp-json\/wp\/v2\/types\/post"}],"author":[{"embeddable":true,"href":"https:\/\/vanxhaber.com\/index.php\/wp-json\/wp\/v2\/users\/2"}],"replies":[{"embeddable":true,"href":"https:\/\/vanxhaber.com\/index.php\/wp-json\/wp\/v2\/comments?post=1778"}],"version-history":[{"count":1,"href":"https:\/\/vanxhaber.com\/index.php\/wp-json\/wp\/v2\/posts\/1778\/revisions"}],"predecessor-version":[{"id":1781,"href":"https:\/\/vanxhaber.com\/index.php\/wp-json\/wp\/v2\/posts\/1778\/revisions\/1781"}],"wp:featuredmedia":[{"embeddable":true,"href":"https:\/\/vanxhaber.com\/index.php\/wp-json\/wp\/v2\/media\/1780"}],"wp:attachment":[{"href":"https:\/\/vanxhaber.com\/index.php\/wp-json\/wp\/v2\/media?parent=1778"}],"wp:term":[{"taxonomy":"category","embeddable":true,"href":"https:\/\/vanxhaber.com\/index.php\/wp-json\/wp\/v2\/categories?post=1778"},{"taxonomy":"post_tag","embeddable":true,"href":"https:\/\/vanxhaber.com\/index.php\/wp-json\/wp\/v2\/tags?post=1778"}],"curies":[{"name":"wp","href":"https:\/\/api.w.org\/{rel}","templated":true}]}}