{"id":1782,"date":"2024-02-22T10:09:59","date_gmt":"2024-02-22T10:09:59","guid":{"rendered":"https:\/\/vanxhaber.com\/?p=1782"},"modified":"2024-02-22T10:10:01","modified_gmt":"2024-02-22T10:10:01","slug":"vanda-hava-durumu-nasil-olacak-kar-yagisi-var-mi","status":"publish","type":"post","link":"https:\/\/vanxhaber.com\/index.php\/2024\/02\/22\/vanda-hava-durumu-nasil-olacak-kar-yagisi-var-mi\/","title":{"rendered":"Van&#8217;da hava durumu nas\u0131l olacak? Kar ya\u011f\u0131\u015f\u0131 var m\u0131?"},"content":{"rendered":"\n<p><strong>Meteoroloji 14. B\u00f6lge M\u00fcd\u00fcrl\u00fc\u011f\u00fc, B\u00f6lge Tahmin ve Erken Uyar\u0131 Merkezi (BTUM) hava tahmin raporunu a\u00e7\u0131klad\u0131.<\/strong> <\/p>\n\n\n\n<p>A\u00e7\u0131klanan rapora g\u00f6re Van&#8217;da cuma g\u00fcn\u00fc karla kar\u015f\u0131l\u0131k ya\u011fmur beklenirken hafta sonu havan\u0131n mevsim normallerinde seyir etmesi bekleniyor.<\/p>\n\n\n\n<p>Meteoroloji 14. B\u00f6lge M\u00fcd\u00fcrl\u00fc\u011f\u00fc, b\u00f6lge genelinde hava durumu ile ilgili yeni bir tahmin raporu yay\u0131nlad\u0131. Rapora g\u00f6re, b\u00f6lgede par\u00e7al\u0131 ve \u00e7ok bulutlu bir hava beklenirken, Mu\u015f ilinde sabah, Bitlis ve Van illerinde \u00f6\u011fle, Hakk\u00e2ri ilinde ak\u015fam saatlerinden itibaren aral\u0131kl\u0131 karla kar\u0131\u015f\u0131k ya\u011fmur ve kar ya\u011f\u0131\u015flar\u0131 \u00f6ng\u00f6r\u00fclmektedir. Gece ve sabah saatlerinde buzlanma, don olay\u0131, yer yer pus ve sis hadiselerinin ya\u015fanmas\u0131 bekleniyor.<\/p>\n\n\n\n<p>Hava s\u0131cakl\u0131klar\u0131n\u0131n mevsim normallerinin \u00fczerinde seyredece\u011fi belirtilen raporda, r\u00fczgar\u0131n g\u00fcneyli ve bat\u0131l\u0131 y\u00f6nden hafif, zaman zaman orta kuvvette esece\u011fi ifade edilmektedir. Van G\u00f6l\u00fc&#8217;nde de par\u00e7al\u0131 ve \u00e7ok bulutlu bir hava beklenirken, ak\u015fam saatlerinden itibaren karla kar\u0131\u015f\u0131k ya\u011fmur ve kar ya\u011f\u0131\u015f\u0131 \u00f6ng\u00f6r\u00fclmektedir. R\u00fczgar\u0131n bat\u0131 ve g\u00fcneybat\u0131dan 2 ila 4, yer yer 5 kuvvetinde esece\u011fi belirtilmi\u015f, dalga y\u00fcksekli\u011finin 0,25 ila 0,75 metre aras\u0131nda olaca\u011f\u0131 ifade edilmi\u015ftir. G\u00f6r\u00fc\u015f mesafesinin ya\u011f\u0131\u015f an\u0131nda orta d\u00fczeyde oldu\u011fu raporda vurguland\u0131.<\/p>\n\n\n\n<p>\u0130l merkezleri i\u00e7in g\u00fcn\u00fcn en y\u00fcksek s\u0131cakl\u0131klar\u0131n\u0131n Bitlis&#8217;te 4, Hakk\u00e2ri&#8217;de 6, Mu\u015f ve Van&#8217;da ise 7 derece olaca\u011f\u0131 tahmin ediliyor. Meteoroloji, gece ve sabah saatlerinde buzlanma ve don olay\u0131 ya\u015fanabilece\u011fi konusunda uyar\u0131larda bulunarak vatanda\u015flar\u0131n dikkatli ve tedbirli olmalar\u0131n\u0131 \u00f6nermektedir. Ayr\u0131ca, b\u00f6lgedeki dik yama\u00e7larda \u00e7\u0131\u011f tehlikesine kar\u015f\u0131 da yetkililer ve vatanda\u015flar\u0131n tedbirli olmalar\u0131 gerekti\u011fi belirtildi.<\/p>\n","protected":false},"excerpt":{"rendered":"<p>Meteoroloji 14. B\u00f6lge M\u00fcd\u00fcrl\u00fc\u011f\u00fc, B\u00f6lge Tahmin ve Erken Uyar\u0131 Merkezi (BTUM) hava tahmin raporunu a\u00e7\u0131klad\u0131. A\u00e7\u0131klanan rapora g\u00f6re Van&#8217;da cuma g\u00fcn\u00fc karla kar\u015f\u0131l\u0131k ya\u011fmur beklenirken hafta sonu havan\u0131n mevsim normallerinde seyir etmesi bekleniyor. Meteoroloji 14. B\u00f6lge M\u00fcd\u00fcrl\u00fc\u011f\u00fc, b\u00f6lge genelinde hava durumu ile ilgili yeni bir tahmin raporu yay\u0131nlad\u0131. Rapora g\u00f6re, b\u00f6lgede par\u00e7al\u0131 ve \u00e7ok bulutlu &hellip;<\/p>\n","protected":false},"author":2,"featured_media":1784,"comment_status":"open","ping_status":"closed","sticky":false,"template":"","format":"standard","meta":{"googlesitekit_rrm_CAowot3VCw:productID":"","footnotes":""},"categories":[1],"tags":[],"class_list":["post-1782","post","type-post","status-publish","format-standard","has-post-thumbnail","hentry","category-van-haber"],"yoast_head":"<!-- This site is optimized with the Yoast SEO Premium plugin v21.7 (Yoast SEO v26.7) - https:\/\/yoast.com\/wordpress\/plugins\/seo\/ -->\n<title>Van&#039;da hava durumu nas\u0131l olacak? Kar ya\u011f\u0131\u015f\u0131 var m\u0131? - Van Haber | Van X Haber | Van Haberleri<\/title>\n<meta name=\"robots\" content=\"index, follow, max-snippet:-1, max-image-preview:large, max-video-preview:-1\" \/>\n<link rel=\"canonical\" href=\"https:\/\/vanxhaber.com\/index.php\/2024\/02\/22\/vanda-hava-durumu-nasil-olacak-kar-yagisi-var-mi\/\" \/>\n<meta property=\"og:locale\" content=\"tr_TR\" \/>\n<meta property=\"og:type\" content=\"article\" \/>\n<meta property=\"og:title\" content=\"Van&#039;da hava durumu nas\u0131l olacak? Kar ya\u011f\u0131\u015f\u0131 var m\u0131?\" \/>\n<meta property=\"og:description\" content=\"Meteoroloji 14. B\u00f6lge M\u00fcd\u00fcrl\u00fc\u011f\u00fc, B\u00f6lge Tahmin ve Erken Uyar\u0131 Merkezi (BTUM) hava tahmin raporunu a\u00e7\u0131klad\u0131. A\u00e7\u0131klanan rapora g\u00f6re Van&#8217;da cuma g\u00fcn\u00fc karla kar\u015f\u0131l\u0131k ya\u011fmur beklenirken hafta sonu havan\u0131n mevsim normallerinde seyir etmesi bekleniyor. Meteoroloji 14. B\u00f6lge M\u00fcd\u00fcrl\u00fc\u011f\u00fc, b\u00f6lge genelinde hava durumu ile ilgili yeni bir tahmin raporu yay\u0131nlad\u0131. Rapora g\u00f6re, b\u00f6lgede par\u00e7al\u0131 ve \u00e7ok bulutlu &hellip;\" \/>\n<meta property=\"og:url\" content=\"https:\/\/vanxhaber.com\/index.php\/2024\/02\/22\/vanda-hava-durumu-nasil-olacak-kar-yagisi-var-mi\/\" \/>\n<meta property=\"og:site_name\" content=\"Van Haber | Van X Haber | Van Haberleri\" \/>\n<meta property=\"article:published_time\" content=\"2024-02-22T10:09:59+00:00\" \/>\n<meta property=\"article:modified_time\" content=\"2024-02-22T10:10:01+00:00\" \/>\n<meta property=\"og:image\" content=\"https:\/\/vanxhaber.com\/wp-content\/uploads\/2024\/02\/hava-durumu.jpg\" \/>\n\t<meta property=\"og:image:width\" content=\"641\" \/>\n\t<meta property=\"og:image:height\" content=\"380\" \/>\n\t<meta property=\"og:image:type\" content=\"image\/jpeg\" \/>\n<meta name=\"author\" content=\"Van X Haber\" \/>\n<meta name=\"twitter:card\" content=\"summary_large_image\" \/>\n<meta name=\"twitter:label1\" content=\"Yazan:\" \/>\n\t<meta name=\"twitter:data1\" content=\"Van X Haber\" \/>\n\t<meta name=\"twitter:label2\" content=\"Tahmini okuma s\u00fcresi\" \/>\n\t<meta name=\"twitter:data2\" content=\"2 dakika\" \/>\n<script type=\"application\/ld+json\" class=\"yoast-schema-graph\">{\"@context\":\"https:\/\/schema.org\",\"@graph\":[{\"@type\":\"Article\",\"@id\":\"https:\/\/vanxhaber.com\/index.php\/2024\/02\/22\/vanda-hava-durumu-nasil-olacak-kar-yagisi-var-mi\/#article\",\"isPartOf\":{\"@id\":\"https:\/\/vanxhaber.com\/index.php\/2024\/02\/22\/vanda-hava-durumu-nasil-olacak-kar-yagisi-var-mi\/\"},\"author\":{\"name\":\"Van X Haber\",\"@id\":\"https:\/\/vanxhaber.com\/#\/schema\/person\/a5fd8d89510cb5370e62ad176f7978ee\"},\"headline\":\"Van&#8217;da hava durumu nas\u0131l olacak? Kar ya\u011f\u0131\u015f\u0131 var m\u0131?\",\"datePublished\":\"2024-02-22T10:09:59+00:00\",\"dateModified\":\"2024-02-22T10:10:01+00:00\",\"mainEntityOfPage\":{\"@id\":\"https:\/\/vanxhaber.com\/index.php\/2024\/02\/22\/vanda-hava-durumu-nasil-olacak-kar-yagisi-var-mi\/\"},\"wordCount\":307,\"commentCount\":0,\"image\":{\"@id\":\"https:\/\/vanxhaber.com\/index.php\/2024\/02\/22\/vanda-hava-durumu-nasil-olacak-kar-yagisi-var-mi\/#primaryimage\"},\"thumbnailUrl\":\"https:\/\/vanxhaber.com\/wp-content\/uploads\/2024\/02\/hava-durumu.jpg\",\"articleSection\":[\"Van Haber\"],\"inLanguage\":\"tr\",\"potentialAction\":[{\"@type\":\"CommentAction\",\"name\":\"Comment\",\"target\":[\"https:\/\/vanxhaber.com\/index.php\/2024\/02\/22\/vanda-hava-durumu-nasil-olacak-kar-yagisi-var-mi\/#respond\"]}],\"copyrightYear\":\"2024\",\"copyrightHolder\":{\"@id\":\"https:\/\/vanxhaber.com\/#organization\"}},{\"@type\":\"WebPage\",\"@id\":\"https:\/\/vanxhaber.com\/index.php\/2024\/02\/22\/vanda-hava-durumu-nasil-olacak-kar-yagisi-var-mi\/\",\"url\":\"https:\/\/vanxhaber.com\/index.php\/2024\/02\/22\/vanda-hava-durumu-nasil-olacak-kar-yagisi-var-mi\/\",\"name\":\"Van'da hava durumu nas\u0131l olacak? Kar ya\u011f\u0131\u015f\u0131 var m\u0131? - Van Haber | Van X Haber | Van Haberleri\",\"isPartOf\":{\"@id\":\"https:\/\/vanxhaber.com\/#website\"},\"primaryImageOfPage\":{\"@id\":\"https:\/\/vanxhaber.com\/index.php\/2024\/02\/22\/vanda-hava-durumu-nasil-olacak-kar-yagisi-var-mi\/#primaryimage\"},\"image\":{\"@id\":\"https:\/\/vanxhaber.com\/index.php\/2024\/02\/22\/vanda-hava-durumu-nasil-olacak-kar-yagisi-var-mi\/#primaryimage\"},\"thumbnailUrl\":\"https:\/\/vanxhaber.com\/wp-content\/uploads\/2024\/02\/hava-durumu.jpg\",\"datePublished\":\"2024-02-22T10:09:59+00:00\",\"dateModified\":\"2024-02-22T10:10:01+00:00\",\"author\":{\"@id\":\"https:\/\/vanxhaber.com\/#\/schema\/person\/a5fd8d89510cb5370e62ad176f7978ee\"},\"breadcrumb\":{\"@id\":\"https:\/\/vanxhaber.com\/index.php\/2024\/02\/22\/vanda-hava-durumu-nasil-olacak-kar-yagisi-var-mi\/#breadcrumb\"},\"inLanguage\":\"tr\",\"potentialAction\":[{\"@type\":\"ReadAction\",\"target\":[\"https:\/\/vanxhaber.com\/index.php\/2024\/02\/22\/vanda-hava-durumu-nasil-olacak-kar-yagisi-var-mi\/\"]}]},{\"@type\":\"ImageObject\",\"inLanguage\":\"tr\",\"@id\":\"https:\/\/vanxhaber.com\/index.php\/2024\/02\/22\/vanda-hava-durumu-nasil-olacak-kar-yagisi-var-mi\/#primaryimage\",\"url\":\"https:\/\/vanxhaber.com\/wp-content\/uploads\/2024\/02\/hava-durumu.jpg\",\"contentUrl\":\"https:\/\/vanxhaber.com\/wp-content\/uploads\/2024\/02\/hava-durumu.jpg\",\"width\":641,\"height\":380},{\"@type\":\"BreadcrumbList\",\"@id\":\"https:\/\/vanxhaber.com\/index.php\/2024\/02\/22\/vanda-hava-durumu-nasil-olacak-kar-yagisi-var-mi\/#breadcrumb\",\"itemListElement\":[{\"@type\":\"ListItem\",\"position\":1,\"name\":\"Anasayfa\",\"item\":\"https:\/\/vanxhaber.com\/\"},{\"@type\":\"ListItem\",\"position\":2,\"name\":\"Van&#8217;da hava durumu nas\u0131l olacak? Kar ya\u011f\u0131\u015f\u0131 var m\u0131?\"}]},{\"@type\":\"WebSite\",\"@id\":\"https:\/\/vanxhaber.com\/#website\",\"url\":\"https:\/\/vanxhaber.com\/\",\"name\":\"Van Haber | Van X Haber | Van Haberleri\",\"description\":\"Van Haber, Van&#039;\u0131n ilk yapay zeka teknolojileri ile yaz\u0131lan Van X Haber ve Van Haberlerini aktif g\u00fcncel sunan tek vanhaber merkezidir.\",\"potentialAction\":[{\"@type\":\"SearchAction\",\"target\":{\"@type\":\"EntryPoint\",\"urlTemplate\":\"https:\/\/vanxhaber.com\/?s={search_term_string}\"},\"query-input\":{\"@type\":\"PropertyValueSpecification\",\"valueRequired\":true,\"valueName\":\"search_term_string\"}}],\"inLanguage\":\"tr\"},{\"@type\":\"Person\",\"@id\":\"https:\/\/vanxhaber.com\/#\/schema\/person\/a5fd8d89510cb5370e62ad176f7978ee\",\"name\":\"Van X Haber\",\"image\":{\"@type\":\"ImageObject\",\"inLanguage\":\"tr\",\"@id\":\"https:\/\/vanxhaber.com\/#\/schema\/person\/image\/\",\"url\":\"https:\/\/secure.gravatar.com\/avatar\/36f2f63826681263103acb5ca1e7bc1a6db11baea9b75dd091d89b74f2704b07?s=96&d=mm&r=g\",\"contentUrl\":\"https:\/\/secure.gravatar.com\/avatar\/36f2f63826681263103acb5ca1e7bc1a6db11baea9b75dd091d89b74f2704b07?s=96&d=mm&r=g\",\"caption\":\"Van X Haber\"},\"description\":\"Van X Haber Van'\u0131n ilk ve tek yeni nesil Van Haber merkezi. Son Dakika Van Haberleri ve G\u00fcncel Van haber merkezinde s\u0131cak geli\u015fmeleri aktarmaya devam edece\u011fiz.\",\"url\":\"https:\/\/vanxhaber.com\/index.php\/author\/vangazetesi\/\"}]}<\/script>\n<!-- \/ Yoast SEO Premium plugin. -->","yoast_head_json":{"title":"Van'da hava durumu nas\u0131l olacak? Kar ya\u011f\u0131\u015f\u0131 var m\u0131? - Van Haber | Van X Haber | Van Haberleri","robots":{"index":"index","follow":"follow","max-snippet":"max-snippet:-1","max-image-preview":"max-image-preview:large","max-video-preview":"max-video-preview:-1"},"canonical":"https:\/\/vanxhaber.com\/index.php\/2024\/02\/22\/vanda-hava-durumu-nasil-olacak-kar-yagisi-var-mi\/","og_locale":"tr_TR","og_type":"article","og_title":"Van'da hava durumu nas\u0131l olacak? Kar ya\u011f\u0131\u015f\u0131 var m\u0131?","og_description":"Meteoroloji 14. B\u00f6lge M\u00fcd\u00fcrl\u00fc\u011f\u00fc, B\u00f6lge Tahmin ve Erken Uyar\u0131 Merkezi (BTUM) hava tahmin raporunu a\u00e7\u0131klad\u0131. A\u00e7\u0131klanan rapora g\u00f6re Van&#8217;da cuma g\u00fcn\u00fc karla kar\u015f\u0131l\u0131k ya\u011fmur beklenirken hafta sonu havan\u0131n mevsim normallerinde seyir etmesi bekleniyor. Meteoroloji 14. B\u00f6lge M\u00fcd\u00fcrl\u00fc\u011f\u00fc, b\u00f6lge genelinde hava durumu ile ilgili yeni bir tahmin raporu yay\u0131nlad\u0131. Rapora g\u00f6re, b\u00f6lgede par\u00e7al\u0131 ve \u00e7ok bulutlu &hellip;","og_url":"https:\/\/vanxhaber.com\/index.php\/2024\/02\/22\/vanda-hava-durumu-nasil-olacak-kar-yagisi-var-mi\/","og_site_name":"Van Haber | Van X Haber | Van Haberleri","article_published_time":"2024-02-22T10:09:59+00:00","article_modified_time":"2024-02-22T10:10:01+00:00","og_image":[{"width":641,"height":380,"url":"https:\/\/vanxhaber.com\/wp-content\/uploads\/2024\/02\/hava-durumu.jpg","type":"image\/jpeg"}],"author":"Van X Haber","twitter_card":"summary_large_image","twitter_misc":{"Yazan:":"Van X Haber","Tahmini okuma s\u00fcresi":"2 dakika"},"schema":{"@context":"https:\/\/schema.org","@graph":[{"@type":"Article","@id":"https:\/\/vanxhaber.com\/index.php\/2024\/02\/22\/vanda-hava-durumu-nasil-olacak-kar-yagisi-var-mi\/#article","isPartOf":{"@id":"https:\/\/vanxhaber.com\/index.php\/2024\/02\/22\/vanda-hava-durumu-nasil-olacak-kar-yagisi-var-mi\/"},"author":{"name":"Van X Haber","@id":"https:\/\/vanxhaber.com\/#\/schema\/person\/a5fd8d89510cb5370e62ad176f7978ee"},"headline":"Van&#8217;da hava durumu nas\u0131l olacak? Kar ya\u011f\u0131\u015f\u0131 var m\u0131?","datePublished":"2024-02-22T10:09:59+00:00","dateModified":"2024-02-22T10:10:01+00:00","mainEntityOfPage":{"@id":"https:\/\/vanxhaber.com\/index.php\/2024\/02\/22\/vanda-hava-durumu-nasil-olacak-kar-yagisi-var-mi\/"},"wordCount":307,"commentCount":0,"image":{"@id":"https:\/\/vanxhaber.com\/index.php\/2024\/02\/22\/vanda-hava-durumu-nasil-olacak-kar-yagisi-var-mi\/#primaryimage"},"thumbnailUrl":"https:\/\/vanxhaber.com\/wp-content\/uploads\/2024\/02\/hava-durumu.jpg","articleSection":["Van Haber"],"inLanguage":"tr","potentialAction":[{"@type":"CommentAction","name":"Comment","target":["https:\/\/vanxhaber.com\/index.php\/2024\/02\/22\/vanda-hava-durumu-nasil-olacak-kar-yagisi-var-mi\/#respond"]}],"copyrightYear":"2024","copyrightHolder":{"@id":"https:\/\/vanxhaber.com\/#organization"}},{"@type":"WebPage","@id":"https:\/\/vanxhaber.com\/index.php\/2024\/02\/22\/vanda-hava-durumu-nasil-olacak-kar-yagisi-var-mi\/","url":"https:\/\/vanxhaber.com\/index.php\/2024\/02\/22\/vanda-hava-durumu-nasil-olacak-kar-yagisi-var-mi\/","name":"Van'da hava durumu nas\u0131l olacak? Kar ya\u011f\u0131\u015f\u0131 var m\u0131? - Van Haber | Van X Haber | Van Haberleri","isPartOf":{"@id":"https:\/\/vanxhaber.com\/#website"},"primaryImageOfPage":{"@id":"https:\/\/vanxhaber.com\/index.php\/2024\/02\/22\/vanda-hava-durumu-nasil-olacak-kar-yagisi-var-mi\/#primaryimage"},"image":{"@id":"https:\/\/vanxhaber.com\/index.php\/2024\/02\/22\/vanda-hava-durumu-nasil-olacak-kar-yagisi-var-mi\/#primaryimage"},"thumbnailUrl":"https:\/\/vanxhaber.com\/wp-content\/uploads\/2024\/02\/hava-durumu.jpg","datePublished":"2024-02-22T10:09:59+00:00","dateModified":"2024-02-22T10:10:01+00:00","author":{"@id":"https:\/\/vanxhaber.com\/#\/schema\/person\/a5fd8d89510cb5370e62ad176f7978ee"},"breadcrumb":{"@id":"https:\/\/vanxhaber.com\/index.php\/2024\/02\/22\/vanda-hava-durumu-nasil-olacak-kar-yagisi-var-mi\/#breadcrumb"},"inLanguage":"tr","potentialAction":[{"@type":"ReadAction","target":["https:\/\/vanxhaber.com\/index.php\/2024\/02\/22\/vanda-hava-durumu-nasil-olacak-kar-yagisi-var-mi\/"]}]},{"@type":"ImageObject","inLanguage":"tr","@id":"https:\/\/vanxhaber.com\/index.php\/2024\/02\/22\/vanda-hava-durumu-nasil-olacak-kar-yagisi-var-mi\/#primaryimage","url":"https:\/\/vanxhaber.com\/wp-content\/uploads\/2024\/02\/hava-durumu.jpg","contentUrl":"https:\/\/vanxhaber.com\/wp-content\/uploads\/2024\/02\/hava-durumu.jpg","width":641,"height":380},{"@type":"BreadcrumbList","@id":"https:\/\/vanxhaber.com\/index.php\/2024\/02\/22\/vanda-hava-durumu-nasil-olacak-kar-yagisi-var-mi\/#breadcrumb","itemListElement":[{"@type":"ListItem","position":1,"name":"Anasayfa","item":"https:\/\/vanxhaber.com\/"},{"@type":"ListItem","position":2,"name":"Van&#8217;da hava durumu nas\u0131l olacak? Kar ya\u011f\u0131\u015f\u0131 var m\u0131?"}]},{"@type":"WebSite","@id":"https:\/\/vanxhaber.com\/#website","url":"https:\/\/vanxhaber.com\/","name":"Van Haber | Van X Haber | Van Haberleri","description":"Van Haber, Van&#039;\u0131n ilk yapay zeka teknolojileri ile yaz\u0131lan Van X Haber ve Van Haberlerini aktif g\u00fcncel sunan tek vanhaber merkezidir.","potentialAction":[{"@type":"SearchAction","target":{"@type":"EntryPoint","urlTemplate":"https:\/\/vanxhaber.com\/?s={search_term_string}"},"query-input":{"@type":"PropertyValueSpecification","valueRequired":true,"valueName":"search_term_string"}}],"inLanguage":"tr"},{"@type":"Person","@id":"https:\/\/vanxhaber.com\/#\/schema\/person\/a5fd8d89510cb5370e62ad176f7978ee","name":"Van X Haber","image":{"@type":"ImageObject","inLanguage":"tr","@id":"https:\/\/vanxhaber.com\/#\/schema\/person\/image\/","url":"https:\/\/secure.gravatar.com\/avatar\/36f2f63826681263103acb5ca1e7bc1a6db11baea9b75dd091d89b74f2704b07?s=96&d=mm&r=g","contentUrl":"https:\/\/secure.gravatar.com\/avatar\/36f2f63826681263103acb5ca1e7bc1a6db11baea9b75dd091d89b74f2704b07?s=96&d=mm&r=g","caption":"Van X Haber"},"description":"Van X Haber Van'\u0131n ilk ve tek yeni nesil Van Haber merkezi. Son Dakika Van Haberleri ve G\u00fcncel Van haber merkezinde s\u0131cak geli\u015fmeleri aktarmaya devam edece\u011fiz.","url":"https:\/\/vanxhaber.com\/index.php\/author\/vangazetesi\/"}]}},"_links":{"self":[{"href":"https:\/\/vanxhaber.com\/index.php\/wp-json\/wp\/v2\/posts\/1782","targetHints":{"allow":["GET"]}}],"collection":[{"href":"https:\/\/vanxhaber.com\/index.php\/wp-json\/wp\/v2\/posts"}],"about":[{"href":"https:\/\/vanxhaber.com\/index.php\/wp-json\/wp\/v2\/types\/post"}],"author":[{"embeddable":true,"href":"https:\/\/vanxhaber.com\/index.php\/wp-json\/wp\/v2\/users\/2"}],"replies":[{"embeddable":true,"href":"https:\/\/vanxhaber.com\/index.php\/wp-json\/wp\/v2\/comments?post=1782"}],"version-history":[{"count":1,"href":"https:\/\/vanxhaber.com\/index.php\/wp-json\/wp\/v2\/posts\/1782\/revisions"}],"predecessor-version":[{"id":1785,"href":"https:\/\/vanxhaber.com\/index.php\/wp-json\/wp\/v2\/posts\/1782\/revisions\/1785"}],"wp:featuredmedia":[{"embeddable":true,"href":"https:\/\/vanxhaber.com\/index.php\/wp-json\/wp\/v2\/media\/1784"}],"wp:attachment":[{"href":"https:\/\/vanxhaber.com\/index.php\/wp-json\/wp\/v2\/media?parent=1782"}],"wp:term":[{"taxonomy":"category","embeddable":true,"href":"https:\/\/vanxhaber.com\/index.php\/wp-json\/wp\/v2\/categories?post=1782"},{"taxonomy":"post_tag","embeddable":true,"href":"https:\/\/vanxhaber.com\/index.php\/wp-json\/wp\/v2\/tags?post=1782"}],"curies":[{"name":"wp","href":"https:\/\/api.w.org\/{rel}","templated":true}]}}