{"id":1796,"date":"2024-02-23T08:42:49","date_gmt":"2024-02-23T08:42:49","guid":{"rendered":"https:\/\/vanxhaber.com\/?p=1796"},"modified":"2024-02-23T08:42:50","modified_gmt":"2024-02-23T08:42:50","slug":"vanin-edremit-belediye-baskani-ismail-say-buyuk-projelerini-tanitti","status":"publish","type":"post","link":"https:\/\/vanxhaber.com\/index.php\/2024\/02\/23\/vanin-edremit-belediye-baskani-ismail-say-buyuk-projelerini-tanitti\/","title":{"rendered":"Van\u2019\u0131n Edremit Belediye Ba\u015fkan\u0131 \u0130smail Say, B\u00fcy\u00fck Projelerini Tan\u0131tt\u0131"},"content":{"rendered":"\n<p><strong>Van&#8217;\u0131n Edremit il\u00e7esinin Belediye Ba\u015fkan\u0131 ve ayn\u0131 zamanda ba\u015fkan aday\u0131 olan \u0130smail Say, &#8220;Yeni Y\u00fczy\u0131lda Edremit Projeleri&#8221;nin lansman toplant\u0131s\u0131n\u0131 ger\u00e7ekle\u015ftirdi.<\/strong><\/p>\n\n\n\n<p>Toplant\u0131ya, AK Parti Van B\u00fcy\u00fck\u015fehir Belediye Ba\u015fkan Aday\u0131 Abdulahat Arvas, \u0130pekyolu Belediye Ba\u015fkan Aday\u0131 \u0130sa Berge ve partililer kat\u0131ld\u0131.<\/p>\n\n\n\n<p>Van&#8217;da bir otelde d\u00fczenlenen lansman toplant\u0131s\u0131nda konu\u015fan Ba\u015fkan Say, g\u00f6rev s\u00fcresince yapt\u0131\u011f\u0131 \u00e7al\u0131\u015fmalara de\u011findi. \u0130l\u00e7ede belediyeye ait arsalar\u0131n sat\u0131\u015fa \u00e7\u0131kar\u0131ld\u0131\u011f\u0131 y\u00f6n\u00fcndeki iddialara cevap veren Say, sat\u0131n al\u0131nan 9 gayrimenkul oldu\u011funu ve bunlardan sadece 6&#8217;s\u0131n\u0131n kaynak olu\u015fturmak amac\u0131yla sat\u0131ld\u0131\u011f\u0131n\u0131 belirtti. Sat\u0131\u015flardan b\u00fcy\u00fck oranda k\u00e2r elde ettiklerini a\u00e7\u0131klayan Say, s\u00f6ylentilerin aksine belediyenin b\u00fcy\u00fck katk\u0131 sa\u011flad\u0131\u011f\u0131n\u0131 ifade etti.<\/p>\n\n\n\n<p>Konu\u015fmas\u0131nda &#8216;Yeni Y\u00fczy\u0131lda Edremit Projeleri&#8217; ad\u0131n\u0131 verdi\u011fi projeleri detayl\u0131 bir \u015fekilde a\u00e7\u0131klayan Ba\u015fkan Say, 31 Mart se\u00e7imlerini kazanmalar\u0131 halinde bu projelerin h\u0131zl\u0131 bir \u015fekilde hayata ge\u00e7irilece\u011fini s\u00f6yledi. Say, 5 y\u0131lda Edremit&#8217;e yapacaklar\u0131 projeleri \u015fu \u015fekilde s\u0131ralad\u0131:<\/p>\n\n\n\n<p>Teleferik Projesi<\/p>\n\n\n\n<p>DS\u0130. Yerle\u015fkesini Van&#8217;a kazand\u0131rma<\/p>\n\n\n\n<p>Vadi Park ve K\u00f6pr\u00fc Projesi<\/p>\n\n\n\n<p>Deniz Yolu Projesi<\/p>\n\n\n\n<p>Sahil Band\u0131 2. Etap<\/p>\n\n\n\n<p>Seyir Cam Teras\u0131 Projesi<\/p>\n\n\n\n<p>Yerinde Kentsel D\u00f6n\u00fc\u015f\u00fcm Projesi<\/p>\n\n\n\n<p>1000 Konut Projesi<\/p>\n\n\n\n<p>Oteller B\u00f6lgesi Projesi<\/p>\n\n\n\n<p>Alt Yap\u0131 Sorunu Olmayacak Edremit<\/p>\n\n\n\n<p>30 kilometre Bisiklet Yolu<\/p>\n\n\n\n<p>\u00dccretsiz Ring<\/p>\n\n\n\n<p>K\u00fc\u00e7\u00fck Sanayi Sitesi ve Toplu \u0130\u015f Yerleri Projesi<\/p>\n\n\n\n<p>Edremit Bulvar\u0131<\/p>\n\n\n\n<p>200 kilometre yeni yol a\u00e7ma<\/p>\n\n\n\n<p>TOK\u0130 AVM ve Ya\u015fam Merkezi<\/p>\n\n\n\n<p>10 bin ki\u015fiye istihdam projesi<\/p>\n\n\n\n<p>Kariyer Merkezi Projesi<\/p>\n\n\n\n<p>Yeni i\u015f kuranlara 100 bin TL destek<\/p>\n\n\n\n<p>\u00dcniversite \u00f6\u011frencilerine 1500 TL destek<\/p>\n\n\n\n<p>Dul ve Yetim Hem\u015fehrilerimize 2 Bin TL Destek<\/p>\n\n\n\n<p>Emeklilere 2 bin TL Destek<\/p>\n\n\n\n<p>K\u00fclt\u00fcr Sanat Akademisi<\/p>\n\n\n\n<p>Edremit Gastronomi Merkezi &#8220;Gastrovan&#8221;<\/p>\n\n\n\n<p>Edremit Festival &#8220;Festivan&#8221;<\/p>\n\n\n\n<p>Kad\u0131n Spor Merkezi ve Lokali<\/p>\n\n\n\n<p>Anne Kart Projesi<\/p>\n\n\n\n<p>K\u0131rtasiye Deste\u011fi Projesi<\/p>\n\n\n\n<p>YKS \u00dccretleri Yine Bizden<\/p>\n\n\n\n<p>Kaynak Kitap Deste\u011fi<\/p>\n\n\n\n<p>D\u00fc\u011f\u00fcn Salonu Bizden Projesi<\/p>\n\n\n\n<p>Engelli Misafirhanesi<\/p>\n\n\n\n<p>Edremit\u2019i Beraber Y\u00f6netece\u011fiz Projesi<\/p>\n\n\n\n<p>Emekli Lokali Projesi<\/p>\n\n\n\n<p>300 Bin Fide Deste\u011fi<\/p>\n\n\n\n<p>Ba\u015fkan Say, bu projelerin Edremit&#8217;in geli\u015fimi ve refah\u0131 i\u00e7in b\u00fcy\u00fck \u00f6nem ta\u015f\u0131d\u0131\u011f\u0131n\u0131 vurgulad\u0131.<\/p>\n","protected":false},"excerpt":{"rendered":"<p>Van&#8217;\u0131n Edremit il\u00e7esinin Belediye Ba\u015fkan\u0131 ve ayn\u0131 zamanda ba\u015fkan aday\u0131 olan \u0130smail Say, &#8220;Yeni Y\u00fczy\u0131lda Edremit Projeleri&#8221;nin lansman toplant\u0131s\u0131n\u0131 ger\u00e7ekle\u015ftirdi. Toplant\u0131ya, AK Parti Van B\u00fcy\u00fck\u015fehir Belediye Ba\u015fkan Aday\u0131 Abdulahat Arvas, \u0130pekyolu Belediye Ba\u015fkan Aday\u0131 \u0130sa Berge ve partililer kat\u0131ld\u0131. Van&#8217;da bir otelde d\u00fczenlenen lansman toplant\u0131s\u0131nda konu\u015fan Ba\u015fkan Say, g\u00f6rev s\u00fcresince yapt\u0131\u011f\u0131 \u00e7al\u0131\u015fmalara de\u011findi. \u0130l\u00e7ede belediyeye &hellip;<\/p>\n","protected":false},"author":2,"featured_media":1798,"comment_status":"open","ping_status":"closed","sticky":false,"template":"","format":"standard","meta":{"googlesitekit_rrm_CAowot3VCw:productID":"","footnotes":""},"categories":[28,24,26],"tags":[],"class_list":["post-1796","post","type-post","status-publish","format-standard","has-post-thumbnail","hentry","category-van-egitim","category-van-haberleri","category-van-siyaset"],"yoast_head":"<!-- This site is optimized with the Yoast SEO Premium plugin v21.7 (Yoast SEO v26.7) - https:\/\/yoast.com\/wordpress\/plugins\/seo\/ -->\n<title>Van\u2019\u0131n Edremit Belediye Ba\u015fkan\u0131 \u0130smail Say, B\u00fcy\u00fck Projelerini Tan\u0131tt\u0131 - Van Haber | Van X Haber | Van Haberleri<\/title>\n<meta name=\"robots\" content=\"index, follow, max-snippet:-1, max-image-preview:large, max-video-preview:-1\" \/>\n<link rel=\"canonical\" href=\"https:\/\/vanxhaber.com\/index.php\/2024\/02\/23\/vanin-edremit-belediye-baskani-ismail-say-buyuk-projelerini-tanitti\/\" \/>\n<meta property=\"og:locale\" content=\"tr_TR\" \/>\n<meta property=\"og:type\" content=\"article\" \/>\n<meta property=\"og:title\" content=\"Van\u2019\u0131n Edremit Belediye Ba\u015fkan\u0131 \u0130smail Say, B\u00fcy\u00fck Projelerini Tan\u0131tt\u0131\" \/>\n<meta property=\"og:description\" content=\"Van&#8217;\u0131n Edremit il\u00e7esinin Belediye Ba\u015fkan\u0131 ve ayn\u0131 zamanda ba\u015fkan aday\u0131 olan \u0130smail Say, &#8220;Yeni Y\u00fczy\u0131lda Edremit Projeleri&#8221;nin lansman toplant\u0131s\u0131n\u0131 ger\u00e7ekle\u015ftirdi. Toplant\u0131ya, AK Parti Van B\u00fcy\u00fck\u015fehir Belediye Ba\u015fkan Aday\u0131 Abdulahat Arvas, \u0130pekyolu Belediye Ba\u015fkan Aday\u0131 \u0130sa Berge ve partililer kat\u0131ld\u0131. Van&#8217;da bir otelde d\u00fczenlenen lansman toplant\u0131s\u0131nda konu\u015fan Ba\u015fkan Say, g\u00f6rev s\u00fcresince yapt\u0131\u011f\u0131 \u00e7al\u0131\u015fmalara de\u011findi. \u0130l\u00e7ede belediyeye &hellip;\" \/>\n<meta property=\"og:url\" content=\"https:\/\/vanxhaber.com\/index.php\/2024\/02\/23\/vanin-edremit-belediye-baskani-ismail-say-buyuk-projelerini-tanitti\/\" \/>\n<meta property=\"og:site_name\" content=\"Van Haber | Van X Haber | Van Haberleri\" \/>\n<meta property=\"article:published_time\" content=\"2024-02-23T08:42:49+00:00\" \/>\n<meta property=\"article:modified_time\" content=\"2024-02-23T08:42:50+00:00\" \/>\n<meta property=\"og:image\" content=\"https:\/\/vanxhaber.com\/wp-content\/uploads\/2024\/02\/edremit-blediye-baskani.jpg\" \/>\n\t<meta property=\"og:image:width\" content=\"1110\" \/>\n\t<meta property=\"og:image:height\" content=\"500\" \/>\n\t<meta property=\"og:image:type\" content=\"image\/jpeg\" \/>\n<meta name=\"author\" content=\"Van X Haber\" \/>\n<meta name=\"twitter:card\" content=\"summary_large_image\" \/>\n<meta name=\"twitter:label1\" content=\"Yazan:\" \/>\n\t<meta name=\"twitter:data1\" content=\"Van X Haber\" \/>\n\t<meta name=\"twitter:label2\" content=\"Tahmini okuma s\u00fcresi\" \/>\n\t<meta name=\"twitter:data2\" content=\"2 dakika\" \/>\n<script type=\"application\/ld+json\" class=\"yoast-schema-graph\">{\"@context\":\"https:\/\/schema.org\",\"@graph\":[{\"@type\":\"Article\",\"@id\":\"https:\/\/vanxhaber.com\/index.php\/2024\/02\/23\/vanin-edremit-belediye-baskani-ismail-say-buyuk-projelerini-tanitti\/#article\",\"isPartOf\":{\"@id\":\"https:\/\/vanxhaber.com\/index.php\/2024\/02\/23\/vanin-edremit-belediye-baskani-ismail-say-buyuk-projelerini-tanitti\/\"},\"author\":{\"name\":\"Van X Haber\",\"@id\":\"https:\/\/vanxhaber.com\/#\/schema\/person\/a5fd8d89510cb5370e62ad176f7978ee\"},\"headline\":\"Van\u2019\u0131n Edremit Belediye Ba\u015fkan\u0131 \u0130smail Say, B\u00fcy\u00fck Projelerini Tan\u0131tt\u0131\",\"datePublished\":\"2024-02-23T08:42:49+00:00\",\"dateModified\":\"2024-02-23T08:42:50+00:00\",\"mainEntityOfPage\":{\"@id\":\"https:\/\/vanxhaber.com\/index.php\/2024\/02\/23\/vanin-edremit-belediye-baskani-ismail-say-buyuk-projelerini-tanitti\/\"},\"wordCount\":384,\"commentCount\":0,\"image\":{\"@id\":\"https:\/\/vanxhaber.com\/index.php\/2024\/02\/23\/vanin-edremit-belediye-baskani-ismail-say-buyuk-projelerini-tanitti\/#primaryimage\"},\"thumbnailUrl\":\"https:\/\/vanxhaber.com\/wp-content\/uploads\/2024\/02\/edremit-blediye-baskani.jpg\",\"articleSection\":[\"Van E\u011fitim\",\"Van Haberleri\",\"Van Siyaset\"],\"inLanguage\":\"tr\",\"potentialAction\":[{\"@type\":\"CommentAction\",\"name\":\"Comment\",\"target\":[\"https:\/\/vanxhaber.com\/index.php\/2024\/02\/23\/vanin-edremit-belediye-baskani-ismail-say-buyuk-projelerini-tanitti\/#respond\"]}],\"copyrightYear\":\"2024\",\"copyrightHolder\":{\"@id\":\"https:\/\/vanxhaber.com\/#organization\"}},{\"@type\":\"WebPage\",\"@id\":\"https:\/\/vanxhaber.com\/index.php\/2024\/02\/23\/vanin-edremit-belediye-baskani-ismail-say-buyuk-projelerini-tanitti\/\",\"url\":\"https:\/\/vanxhaber.com\/index.php\/2024\/02\/23\/vanin-edremit-belediye-baskani-ismail-say-buyuk-projelerini-tanitti\/\",\"name\":\"Van\u2019\u0131n Edremit Belediye Ba\u015fkan\u0131 \u0130smail Say, B\u00fcy\u00fck Projelerini Tan\u0131tt\u0131 - Van Haber | Van X Haber | Van Haberleri\",\"isPartOf\":{\"@id\":\"https:\/\/vanxhaber.com\/#website\"},\"primaryImageOfPage\":{\"@id\":\"https:\/\/vanxhaber.com\/index.php\/2024\/02\/23\/vanin-edremit-belediye-baskani-ismail-say-buyuk-projelerini-tanitti\/#primaryimage\"},\"image\":{\"@id\":\"https:\/\/vanxhaber.com\/index.php\/2024\/02\/23\/vanin-edremit-belediye-baskani-ismail-say-buyuk-projelerini-tanitti\/#primaryimage\"},\"thumbnailUrl\":\"https:\/\/vanxhaber.com\/wp-content\/uploads\/2024\/02\/edremit-blediye-baskani.jpg\",\"datePublished\":\"2024-02-23T08:42:49+00:00\",\"dateModified\":\"2024-02-23T08:42:50+00:00\",\"author\":{\"@id\":\"https:\/\/vanxhaber.com\/#\/schema\/person\/a5fd8d89510cb5370e62ad176f7978ee\"},\"breadcrumb\":{\"@id\":\"https:\/\/vanxhaber.com\/index.php\/2024\/02\/23\/vanin-edremit-belediye-baskani-ismail-say-buyuk-projelerini-tanitti\/#breadcrumb\"},\"inLanguage\":\"tr\",\"potentialAction\":[{\"@type\":\"ReadAction\",\"target\":[\"https:\/\/vanxhaber.com\/index.php\/2024\/02\/23\/vanin-edremit-belediye-baskani-ismail-say-buyuk-projelerini-tanitti\/\"]}]},{\"@type\":\"ImageObject\",\"inLanguage\":\"tr\",\"@id\":\"https:\/\/vanxhaber.com\/index.php\/2024\/02\/23\/vanin-edremit-belediye-baskani-ismail-say-buyuk-projelerini-tanitti\/#primaryimage\",\"url\":\"https:\/\/vanxhaber.com\/wp-content\/uploads\/2024\/02\/edremit-blediye-baskani.jpg\",\"contentUrl\":\"https:\/\/vanxhaber.com\/wp-content\/uploads\/2024\/02\/edremit-blediye-baskani.jpg\",\"width\":1110,\"height\":500},{\"@type\":\"BreadcrumbList\",\"@id\":\"https:\/\/vanxhaber.com\/index.php\/2024\/02\/23\/vanin-edremit-belediye-baskani-ismail-say-buyuk-projelerini-tanitti\/#breadcrumb\",\"itemListElement\":[{\"@type\":\"ListItem\",\"position\":1,\"name\":\"Anasayfa\",\"item\":\"https:\/\/vanxhaber.com\/\"},{\"@type\":\"ListItem\",\"position\":2,\"name\":\"Van\u2019\u0131n Edremit Belediye Ba\u015fkan\u0131 \u0130smail Say, B\u00fcy\u00fck Projelerini Tan\u0131tt\u0131\"}]},{\"@type\":\"WebSite\",\"@id\":\"https:\/\/vanxhaber.com\/#website\",\"url\":\"https:\/\/vanxhaber.com\/\",\"name\":\"Van Haber | Van X Haber | Van Haberleri\",\"description\":\"Van Haber, Van&#039;\u0131n ilk yapay zeka teknolojileri ile yaz\u0131lan Van X Haber ve Van Haberlerini aktif g\u00fcncel sunan tek vanhaber merkezidir.\",\"potentialAction\":[{\"@type\":\"SearchAction\",\"target\":{\"@type\":\"EntryPoint\",\"urlTemplate\":\"https:\/\/vanxhaber.com\/?s={search_term_string}\"},\"query-input\":{\"@type\":\"PropertyValueSpecification\",\"valueRequired\":true,\"valueName\":\"search_term_string\"}}],\"inLanguage\":\"tr\"},{\"@type\":\"Person\",\"@id\":\"https:\/\/vanxhaber.com\/#\/schema\/person\/a5fd8d89510cb5370e62ad176f7978ee\",\"name\":\"Van X Haber\",\"image\":{\"@type\":\"ImageObject\",\"inLanguage\":\"tr\",\"@id\":\"https:\/\/vanxhaber.com\/#\/schema\/person\/image\/\",\"url\":\"https:\/\/secure.gravatar.com\/avatar\/36f2f63826681263103acb5ca1e7bc1a6db11baea9b75dd091d89b74f2704b07?s=96&d=mm&r=g\",\"contentUrl\":\"https:\/\/secure.gravatar.com\/avatar\/36f2f63826681263103acb5ca1e7bc1a6db11baea9b75dd091d89b74f2704b07?s=96&d=mm&r=g\",\"caption\":\"Van X Haber\"},\"description\":\"Van X Haber Van'\u0131n ilk ve tek yeni nesil Van Haber merkezi. Son Dakika Van Haberleri ve G\u00fcncel Van haber merkezinde s\u0131cak geli\u015fmeleri aktarmaya devam edece\u011fiz.\",\"url\":\"https:\/\/vanxhaber.com\/index.php\/author\/vangazetesi\/\"}]}<\/script>\n<!-- \/ Yoast SEO Premium plugin. -->","yoast_head_json":{"title":"Van\u2019\u0131n Edremit Belediye Ba\u015fkan\u0131 \u0130smail Say, B\u00fcy\u00fck Projelerini Tan\u0131tt\u0131 - Van Haber | Van X Haber | Van Haberleri","robots":{"index":"index","follow":"follow","max-snippet":"max-snippet:-1","max-image-preview":"max-image-preview:large","max-video-preview":"max-video-preview:-1"},"canonical":"https:\/\/vanxhaber.com\/index.php\/2024\/02\/23\/vanin-edremit-belediye-baskani-ismail-say-buyuk-projelerini-tanitti\/","og_locale":"tr_TR","og_type":"article","og_title":"Van\u2019\u0131n Edremit Belediye Ba\u015fkan\u0131 \u0130smail Say, B\u00fcy\u00fck Projelerini Tan\u0131tt\u0131","og_description":"Van&#8217;\u0131n Edremit il\u00e7esinin Belediye Ba\u015fkan\u0131 ve ayn\u0131 zamanda ba\u015fkan aday\u0131 olan \u0130smail Say, &#8220;Yeni Y\u00fczy\u0131lda Edremit Projeleri&#8221;nin lansman toplant\u0131s\u0131n\u0131 ger\u00e7ekle\u015ftirdi. Toplant\u0131ya, AK Parti Van B\u00fcy\u00fck\u015fehir Belediye Ba\u015fkan Aday\u0131 Abdulahat Arvas, \u0130pekyolu Belediye Ba\u015fkan Aday\u0131 \u0130sa Berge ve partililer kat\u0131ld\u0131. Van&#8217;da bir otelde d\u00fczenlenen lansman toplant\u0131s\u0131nda konu\u015fan Ba\u015fkan Say, g\u00f6rev s\u00fcresince yapt\u0131\u011f\u0131 \u00e7al\u0131\u015fmalara de\u011findi. \u0130l\u00e7ede belediyeye &hellip;","og_url":"https:\/\/vanxhaber.com\/index.php\/2024\/02\/23\/vanin-edremit-belediye-baskani-ismail-say-buyuk-projelerini-tanitti\/","og_site_name":"Van Haber | Van X Haber | Van Haberleri","article_published_time":"2024-02-23T08:42:49+00:00","article_modified_time":"2024-02-23T08:42:50+00:00","og_image":[{"width":1110,"height":500,"url":"https:\/\/vanxhaber.com\/wp-content\/uploads\/2024\/02\/edremit-blediye-baskani.jpg","type":"image\/jpeg"}],"author":"Van X Haber","twitter_card":"summary_large_image","twitter_misc":{"Yazan:":"Van X Haber","Tahmini okuma s\u00fcresi":"2 dakika"},"schema":{"@context":"https:\/\/schema.org","@graph":[{"@type":"Article","@id":"https:\/\/vanxhaber.com\/index.php\/2024\/02\/23\/vanin-edremit-belediye-baskani-ismail-say-buyuk-projelerini-tanitti\/#article","isPartOf":{"@id":"https:\/\/vanxhaber.com\/index.php\/2024\/02\/23\/vanin-edremit-belediye-baskani-ismail-say-buyuk-projelerini-tanitti\/"},"author":{"name":"Van X Haber","@id":"https:\/\/vanxhaber.com\/#\/schema\/person\/a5fd8d89510cb5370e62ad176f7978ee"},"headline":"Van\u2019\u0131n Edremit Belediye Ba\u015fkan\u0131 \u0130smail Say, B\u00fcy\u00fck Projelerini Tan\u0131tt\u0131","datePublished":"2024-02-23T08:42:49+00:00","dateModified":"2024-02-23T08:42:50+00:00","mainEntityOfPage":{"@id":"https:\/\/vanxhaber.com\/index.php\/2024\/02\/23\/vanin-edremit-belediye-baskani-ismail-say-buyuk-projelerini-tanitti\/"},"wordCount":384,"commentCount":0,"image":{"@id":"https:\/\/vanxhaber.com\/index.php\/2024\/02\/23\/vanin-edremit-belediye-baskani-ismail-say-buyuk-projelerini-tanitti\/#primaryimage"},"thumbnailUrl":"https:\/\/vanxhaber.com\/wp-content\/uploads\/2024\/02\/edremit-blediye-baskani.jpg","articleSection":["Van E\u011fitim","Van Haberleri","Van Siyaset"],"inLanguage":"tr","potentialAction":[{"@type":"CommentAction","name":"Comment","target":["https:\/\/vanxhaber.com\/index.php\/2024\/02\/23\/vanin-edremit-belediye-baskani-ismail-say-buyuk-projelerini-tanitti\/#respond"]}],"copyrightYear":"2024","copyrightHolder":{"@id":"https:\/\/vanxhaber.com\/#organization"}},{"@type":"WebPage","@id":"https:\/\/vanxhaber.com\/index.php\/2024\/02\/23\/vanin-edremit-belediye-baskani-ismail-say-buyuk-projelerini-tanitti\/","url":"https:\/\/vanxhaber.com\/index.php\/2024\/02\/23\/vanin-edremit-belediye-baskani-ismail-say-buyuk-projelerini-tanitti\/","name":"Van\u2019\u0131n Edremit Belediye Ba\u015fkan\u0131 \u0130smail Say, B\u00fcy\u00fck Projelerini Tan\u0131tt\u0131 - Van Haber | Van X Haber | Van Haberleri","isPartOf":{"@id":"https:\/\/vanxhaber.com\/#website"},"primaryImageOfPage":{"@id":"https:\/\/vanxhaber.com\/index.php\/2024\/02\/23\/vanin-edremit-belediye-baskani-ismail-say-buyuk-projelerini-tanitti\/#primaryimage"},"image":{"@id":"https:\/\/vanxhaber.com\/index.php\/2024\/02\/23\/vanin-edremit-belediye-baskani-ismail-say-buyuk-projelerini-tanitti\/#primaryimage"},"thumbnailUrl":"https:\/\/vanxhaber.com\/wp-content\/uploads\/2024\/02\/edremit-blediye-baskani.jpg","datePublished":"2024-02-23T08:42:49+00:00","dateModified":"2024-02-23T08:42:50+00:00","author":{"@id":"https:\/\/vanxhaber.com\/#\/schema\/person\/a5fd8d89510cb5370e62ad176f7978ee"},"breadcrumb":{"@id":"https:\/\/vanxhaber.com\/index.php\/2024\/02\/23\/vanin-edremit-belediye-baskani-ismail-say-buyuk-projelerini-tanitti\/#breadcrumb"},"inLanguage":"tr","potentialAction":[{"@type":"ReadAction","target":["https:\/\/vanxhaber.com\/index.php\/2024\/02\/23\/vanin-edremit-belediye-baskani-ismail-say-buyuk-projelerini-tanitti\/"]}]},{"@type":"ImageObject","inLanguage":"tr","@id":"https:\/\/vanxhaber.com\/index.php\/2024\/02\/23\/vanin-edremit-belediye-baskani-ismail-say-buyuk-projelerini-tanitti\/#primaryimage","url":"https:\/\/vanxhaber.com\/wp-content\/uploads\/2024\/02\/edremit-blediye-baskani.jpg","contentUrl":"https:\/\/vanxhaber.com\/wp-content\/uploads\/2024\/02\/edremit-blediye-baskani.jpg","width":1110,"height":500},{"@type":"BreadcrumbList","@id":"https:\/\/vanxhaber.com\/index.php\/2024\/02\/23\/vanin-edremit-belediye-baskani-ismail-say-buyuk-projelerini-tanitti\/#breadcrumb","itemListElement":[{"@type":"ListItem","position":1,"name":"Anasayfa","item":"https:\/\/vanxhaber.com\/"},{"@type":"ListItem","position":2,"name":"Van\u2019\u0131n Edremit Belediye Ba\u015fkan\u0131 \u0130smail Say, B\u00fcy\u00fck Projelerini Tan\u0131tt\u0131"}]},{"@type":"WebSite","@id":"https:\/\/vanxhaber.com\/#website","url":"https:\/\/vanxhaber.com\/","name":"Van Haber | Van X Haber | Van Haberleri","description":"Van Haber, Van&#039;\u0131n ilk yapay zeka teknolojileri ile yaz\u0131lan Van X Haber ve Van Haberlerini aktif g\u00fcncel sunan tek vanhaber merkezidir.","potentialAction":[{"@type":"SearchAction","target":{"@type":"EntryPoint","urlTemplate":"https:\/\/vanxhaber.com\/?s={search_term_string}"},"query-input":{"@type":"PropertyValueSpecification","valueRequired":true,"valueName":"search_term_string"}}],"inLanguage":"tr"},{"@type":"Person","@id":"https:\/\/vanxhaber.com\/#\/schema\/person\/a5fd8d89510cb5370e62ad176f7978ee","name":"Van X Haber","image":{"@type":"ImageObject","inLanguage":"tr","@id":"https:\/\/vanxhaber.com\/#\/schema\/person\/image\/","url":"https:\/\/secure.gravatar.com\/avatar\/36f2f63826681263103acb5ca1e7bc1a6db11baea9b75dd091d89b74f2704b07?s=96&d=mm&r=g","contentUrl":"https:\/\/secure.gravatar.com\/avatar\/36f2f63826681263103acb5ca1e7bc1a6db11baea9b75dd091d89b74f2704b07?s=96&d=mm&r=g","caption":"Van X Haber"},"description":"Van X Haber Van'\u0131n ilk ve tek yeni nesil Van Haber merkezi. Son Dakika Van Haberleri ve G\u00fcncel Van haber merkezinde s\u0131cak geli\u015fmeleri aktarmaya devam edece\u011fiz.","url":"https:\/\/vanxhaber.com\/index.php\/author\/vangazetesi\/"}]}},"_links":{"self":[{"href":"https:\/\/vanxhaber.com\/index.php\/wp-json\/wp\/v2\/posts\/1796","targetHints":{"allow":["GET"]}}],"collection":[{"href":"https:\/\/vanxhaber.com\/index.php\/wp-json\/wp\/v2\/posts"}],"about":[{"href":"https:\/\/vanxhaber.com\/index.php\/wp-json\/wp\/v2\/types\/post"}],"author":[{"embeddable":true,"href":"https:\/\/vanxhaber.com\/index.php\/wp-json\/wp\/v2\/users\/2"}],"replies":[{"embeddable":true,"href":"https:\/\/vanxhaber.com\/index.php\/wp-json\/wp\/v2\/comments?post=1796"}],"version-history":[{"count":1,"href":"https:\/\/vanxhaber.com\/index.php\/wp-json\/wp\/v2\/posts\/1796\/revisions"}],"predecessor-version":[{"id":1799,"href":"https:\/\/vanxhaber.com\/index.php\/wp-json\/wp\/v2\/posts\/1796\/revisions\/1799"}],"wp:featuredmedia":[{"embeddable":true,"href":"https:\/\/vanxhaber.com\/index.php\/wp-json\/wp\/v2\/media\/1798"}],"wp:attachment":[{"href":"https:\/\/vanxhaber.com\/index.php\/wp-json\/wp\/v2\/media?parent=1796"}],"wp:term":[{"taxonomy":"category","embeddable":true,"href":"https:\/\/vanxhaber.com\/index.php\/wp-json\/wp\/v2\/categories?post=1796"},{"taxonomy":"post_tag","embeddable":true,"href":"https:\/\/vanxhaber.com\/index.php\/wp-json\/wp\/v2\/tags?post=1796"}],"curies":[{"name":"wp","href":"https:\/\/api.w.org\/{rel}","templated":true}]}}