{"id":1800,"date":"2024-02-23T09:17:23","date_gmt":"2024-02-23T09:17:23","guid":{"rendered":"https:\/\/vanxhaber.com\/?p=1800"},"modified":"2024-02-23T09:17:26","modified_gmt":"2024-02-23T09:17:26","slug":"vanda-330-okula-yeni-kutuphane-yapildi","status":"publish","type":"post","link":"https:\/\/vanxhaber.com\/index.php\/2024\/02\/23\/vanda-330-okula-yeni-kutuphane-yapildi\/","title":{"rendered":"Van\u2019da 330 Okula Yeni K\u00fct\u00fcphane Yap\u0131ld\u0131"},"content":{"rendered":"\n<p><strong>Van Valisi ve B\u00fcy\u00fck\u015fehir Belediye Ba\u015fkan Vekili Ozan Balc\u0131, Ko\u00e7 \u0130lkokuluna yeni yap\u0131lan k\u00fct\u00fcphanenin a\u00e7\u0131l\u0131\u015f\u0131na kat\u0131ld\u0131.<\/strong><\/p>\n\n\n\n<p>Van Valisi ve B\u00fcy\u00fck\u015fehir Belediye Ba\u015fkan Vekili Ozan Balc\u0131, Ko\u00e7 \u0130lkokuluna yeni yap\u0131lan k\u00fct\u00fcphanenin a\u00e7\u0131l\u0131\u015f\u0131na kat\u0131ld\u0131.\u00d6\u011frenciler ve \u00f6\u011fretmenler taraf\u0131ndan kar\u015f\u0131lanan Vali Balc\u0131, k\u00fct\u00fcphaneyi inceleyerek s\u0131n\u0131flar\u0131 dola\u015ft\u0131. \u00d6\u011fretmenlerle hasbihal eden ve taleplerini dinleyen Balc\u0131, kitap ad\u0131na \u00e7ok g\u00fczel i\u015fler yap\u0131ld\u0131\u011f\u0131n\u0131 belirterek; 330 okulumuzu yeni k\u00fct\u00fcphaneye kavu\u015fturduk. \u0130l\u00e7elerimize 11 bebek- \u00e7ocuk k\u00fct\u00fcphanesi kurduk. Edremit il\u00e7emize yeni bir k\u00fct\u00fcphane a\u00e7t\u0131k. \u0130limize yakla\u015f\u0131k 3 milyon 500 bin kitap kazand\u0131rd\u0131k. \u0130limizde yeni bir halk k\u00fct\u00fcphanesi ve \u00e7ocuk k\u00fct\u00fcphanesinin temelini att\u0131k.<\/p>\n\n\n\n<p>500 bin T\u00dcB\u0130TAK eseri ile en \u00e7ok T\u00dcB\u0130TAK kitab\u0131na sahip il olduk. 400 bin kitapla il\u00e7e k\u00fct\u00fcphanelerini zenginle\u015ftirdik. PTT arac\u0131l\u0131\u011f\u0131yla \u015fimdiye kadar 180 bin kitab\u0131 \u00f6\u011frencilerimizin adresine ula\u015ft\u0131rd\u0131k. Kamu kurum ve kurulu\u015flar\u0131m\u0131z\u0131n k\u00fct\u00fcphanelerini zenginle\u015ftirdik. Tematik liselerimize \u00f6zel kitap ald\u0131k. 212 bin yabanc\u0131 dil kitab\u0131n\u0131 \u00f6\u011frencilerimize ula\u015ft\u0131rd\u0131k. Okullarda bir saat kitap okuma etkenli\u011fi yap\u0131l\u0131yor. Y\u0131l boyunca 4 kez okuma yar\u0131\u015fmas\u0131 yaparak en \u00e7ok kitap okuyan \u00e7ocuklar\u0131m\u0131z\u0131 \u00f6d\u00fcllendiriyoruz.&#8221; dedi.<\/p>\n\n\n\n<p>Van\u2019da 330 Okula Yeni K\u00fct\u00fcphane Yap\u0131ld\u0131<br>Van Valisi ve B\u00fcy\u00fck\u015fehir Belediye Ba\u015fkan Vekili Ozan Balc\u0131, Ko\u00e7 \u0130lkokuluna yeni yap\u0131lan k\u00fct\u00fcphanenin a\u00e7\u0131l\u0131\u015f\u0131na kat\u0131ld\u0131.<\/p>\n\n\n\n<p>Van Valisi ve B\u00fcy\u00fck\u015fehir Belediye Ba\u015fkan Vekili Ozan Balc\u0131, Ko\u00e7 \u0130lkokuluna yeni yap\u0131lan k\u00fct\u00fcphanenin a\u00e7\u0131l\u0131\u015f\u0131na kat\u0131ld\u0131.\u00d6\u011frenciler ve \u00f6\u011fretmenler taraf\u0131ndan kar\u015f\u0131lanan Vali Balc\u0131, k\u00fct\u00fcphaneyi inceleyerek s\u0131n\u0131flar\u0131 dola\u015ft\u0131. \u00d6\u011fretmenlerle hasbihal eden ve taleplerini dinleyen Balc\u0131, kitap ad\u0131na \u00e7ok g\u00fczel i\u015fler yap\u0131ld\u0131\u011f\u0131n\u0131 belirterek; 330 okulumuzu yeni k\u00fct\u00fcphaneye kavu\u015fturduk. \u0130l\u00e7elerimize 11 bebek- \u00e7ocuk k\u00fct\u00fcphanesi kurduk. Edremit il\u00e7emize yeni bir k\u00fct\u00fcphane a\u00e7t\u0131k. \u0130limize yakla\u015f\u0131k 3 milyon 500 bin kitap kazand\u0131rd\u0131k. \u0130limizde yeni bir halk k\u00fct\u00fcphanesi ve \u00e7ocuk k\u00fct\u00fcphanesinin temelini att\u0131k.<\/p>\n\n\n\n<p>500 bin T\u00dcB\u0130TAK eseri ile en \u00e7ok T\u00dcB\u0130TAK kitab\u0131na sahip il olduk. 400 bin kitapla il\u00e7e k\u00fct\u00fcphanelerini zenginle\u015ftirdik. PTT arac\u0131l\u0131\u011f\u0131yla \u015fimdiye kadar 180 bin kitab\u0131 \u00f6\u011frencilerimizin adresine ula\u015ft\u0131rd\u0131k. Kamu kurum ve kurulu\u015flar\u0131m\u0131z\u0131n k\u00fct\u00fcphanelerini zenginle\u015ftirdik. Tematik liselerimize \u00f6zel kitap ald\u0131k. 212 bin yabanc\u0131 dil kitab\u0131n\u0131 \u00f6\u011frencilerimize ula\u015ft\u0131rd\u0131k. Okullarda bir saat kitap okuma etkenli\u011fi yap\u0131l\u0131yor. Y\u0131l boyunca 4 kez okuma yar\u0131\u015fmas\u0131 yaparak en \u00e7ok kitap okuyan \u00e7ocuklar\u0131m\u0131z\u0131 \u00f6d\u00fcllendiriyoruz.&#8221; dedi.<\/p>\n","protected":false},"excerpt":{"rendered":"<p>Van Valisi ve B\u00fcy\u00fck\u015fehir Belediye Ba\u015fkan Vekili Ozan Balc\u0131, Ko\u00e7 \u0130lkokuluna yeni yap\u0131lan k\u00fct\u00fcphanenin a\u00e7\u0131l\u0131\u015f\u0131na kat\u0131ld\u0131. Van Valisi ve B\u00fcy\u00fck\u015fehir Belediye Ba\u015fkan Vekili Ozan Balc\u0131, Ko\u00e7 \u0130lkokuluna yeni yap\u0131lan k\u00fct\u00fcphanenin a\u00e7\u0131l\u0131\u015f\u0131na kat\u0131ld\u0131.\u00d6\u011frenciler ve \u00f6\u011fretmenler taraf\u0131ndan kar\u015f\u0131lanan Vali Balc\u0131, k\u00fct\u00fcphaneyi inceleyerek s\u0131n\u0131flar\u0131 dola\u015ft\u0131. \u00d6\u011fretmenlerle hasbihal eden ve taleplerini dinleyen Balc\u0131, kitap ad\u0131na \u00e7ok g\u00fczel i\u015fler yap\u0131ld\u0131\u011f\u0131n\u0131 &hellip;<\/p>\n","protected":false},"author":2,"featured_media":1802,"comment_status":"open","ping_status":"closed","sticky":false,"template":"","format":"standard","meta":{"googlesitekit_rrm_CAowot3VCw:productID":"","footnotes":""},"categories":[1,24,30],"tags":[],"class_list":["post-1800","post","type-post","status-publish","format-standard","has-post-thumbnail","hentry","category-van-haber","category-van-haberleri","category-van-x-haber"],"yoast_head":"<!-- This site is optimized with the Yoast SEO Premium plugin v21.7 (Yoast SEO v26.7) - https:\/\/yoast.com\/wordpress\/plugins\/seo\/ -->\n<title>Van\u2019da 330 Okula Yeni K\u00fct\u00fcphane Yap\u0131ld\u0131 - Van Haber | Van X Haber | Van Haberleri<\/title>\n<meta name=\"robots\" content=\"index, follow, max-snippet:-1, max-image-preview:large, max-video-preview:-1\" \/>\n<link rel=\"canonical\" href=\"https:\/\/vanxhaber.com\/index.php\/2024\/02\/23\/vanda-330-okula-yeni-kutuphane-yapildi\/\" \/>\n<meta property=\"og:locale\" content=\"tr_TR\" \/>\n<meta property=\"og:type\" content=\"article\" \/>\n<meta property=\"og:title\" content=\"Van\u2019da 330 Okula Yeni K\u00fct\u00fcphane Yap\u0131ld\u0131\" \/>\n<meta property=\"og:description\" content=\"Van Valisi ve B\u00fcy\u00fck\u015fehir Belediye Ba\u015fkan Vekili Ozan Balc\u0131, Ko\u00e7 \u0130lkokuluna yeni yap\u0131lan k\u00fct\u00fcphanenin a\u00e7\u0131l\u0131\u015f\u0131na kat\u0131ld\u0131. Van Valisi ve B\u00fcy\u00fck\u015fehir Belediye Ba\u015fkan Vekili Ozan Balc\u0131, Ko\u00e7 \u0130lkokuluna yeni yap\u0131lan k\u00fct\u00fcphanenin a\u00e7\u0131l\u0131\u015f\u0131na kat\u0131ld\u0131.\u00d6\u011frenciler ve \u00f6\u011fretmenler taraf\u0131ndan kar\u015f\u0131lanan Vali Balc\u0131, k\u00fct\u00fcphaneyi inceleyerek s\u0131n\u0131flar\u0131 dola\u015ft\u0131. \u00d6\u011fretmenlerle hasbihal eden ve taleplerini dinleyen Balc\u0131, kitap ad\u0131na \u00e7ok g\u00fczel i\u015fler yap\u0131ld\u0131\u011f\u0131n\u0131 &hellip;\" \/>\n<meta property=\"og:url\" content=\"https:\/\/vanxhaber.com\/index.php\/2024\/02\/23\/vanda-330-okula-yeni-kutuphane-yapildi\/\" \/>\n<meta property=\"og:site_name\" content=\"Van Haber | Van X Haber | Van Haberleri\" \/>\n<meta property=\"article:published_time\" content=\"2024-02-23T09:17:23+00:00\" \/>\n<meta property=\"article:modified_time\" content=\"2024-02-23T09:17:26+00:00\" \/>\n<meta property=\"og:image\" content=\"https:\/\/vanxhaber.com\/wp-content\/uploads\/2024\/02\/image.png\" \/>\n\t<meta property=\"og:image:width\" content=\"1042\" \/>\n\t<meta property=\"og:image:height\" content=\"696\" \/>\n\t<meta property=\"og:image:type\" content=\"image\/png\" \/>\n<meta name=\"author\" content=\"Van X Haber\" \/>\n<meta name=\"twitter:card\" content=\"summary_large_image\" \/>\n<meta name=\"twitter:label1\" content=\"Yazan:\" \/>\n\t<meta name=\"twitter:data1\" content=\"Van X Haber\" \/>\n\t<meta name=\"twitter:label2\" content=\"Tahmini okuma s\u00fcresi\" \/>\n\t<meta name=\"twitter:data2\" content=\"3 dakika\" \/>\n<script type=\"application\/ld+json\" class=\"yoast-schema-graph\">{\"@context\":\"https:\/\/schema.org\",\"@graph\":[{\"@type\":\"Article\",\"@id\":\"https:\/\/vanxhaber.com\/index.php\/2024\/02\/23\/vanda-330-okula-yeni-kutuphane-yapildi\/#article\",\"isPartOf\":{\"@id\":\"https:\/\/vanxhaber.com\/index.php\/2024\/02\/23\/vanda-330-okula-yeni-kutuphane-yapildi\/\"},\"author\":{\"name\":\"Van X Haber\",\"@id\":\"https:\/\/vanxhaber.com\/#\/schema\/person\/a5fd8d89510cb5370e62ad176f7978ee\"},\"headline\":\"Van\u2019da 330 Okula Yeni K\u00fct\u00fcphane Yap\u0131ld\u0131\",\"datePublished\":\"2024-02-23T09:17:23+00:00\",\"dateModified\":\"2024-02-23T09:17:26+00:00\",\"mainEntityOfPage\":{\"@id\":\"https:\/\/vanxhaber.com\/index.php\/2024\/02\/23\/vanda-330-okula-yeni-kutuphane-yapildi\/\"},\"wordCount\":488,\"commentCount\":0,\"image\":{\"@id\":\"https:\/\/vanxhaber.com\/index.php\/2024\/02\/23\/vanda-330-okula-yeni-kutuphane-yapildi\/#primaryimage\"},\"thumbnailUrl\":\"https:\/\/vanxhaber.com\/wp-content\/uploads\/2024\/02\/image.png\",\"articleSection\":[\"Van Haber\",\"Van Haberleri\",\"Van X Haber\"],\"inLanguage\":\"tr\",\"potentialAction\":[{\"@type\":\"CommentAction\",\"name\":\"Comment\",\"target\":[\"https:\/\/vanxhaber.com\/index.php\/2024\/02\/23\/vanda-330-okula-yeni-kutuphane-yapildi\/#respond\"]}],\"copyrightYear\":\"2024\",\"copyrightHolder\":{\"@id\":\"https:\/\/vanxhaber.com\/#organization\"}},{\"@type\":\"WebPage\",\"@id\":\"https:\/\/vanxhaber.com\/index.php\/2024\/02\/23\/vanda-330-okula-yeni-kutuphane-yapildi\/\",\"url\":\"https:\/\/vanxhaber.com\/index.php\/2024\/02\/23\/vanda-330-okula-yeni-kutuphane-yapildi\/\",\"name\":\"Van\u2019da 330 Okula Yeni K\u00fct\u00fcphane Yap\u0131ld\u0131 - Van Haber | Van X Haber | Van Haberleri\",\"isPartOf\":{\"@id\":\"https:\/\/vanxhaber.com\/#website\"},\"primaryImageOfPage\":{\"@id\":\"https:\/\/vanxhaber.com\/index.php\/2024\/02\/23\/vanda-330-okula-yeni-kutuphane-yapildi\/#primaryimage\"},\"image\":{\"@id\":\"https:\/\/vanxhaber.com\/index.php\/2024\/02\/23\/vanda-330-okula-yeni-kutuphane-yapildi\/#primaryimage\"},\"thumbnailUrl\":\"https:\/\/vanxhaber.com\/wp-content\/uploads\/2024\/02\/image.png\",\"datePublished\":\"2024-02-23T09:17:23+00:00\",\"dateModified\":\"2024-02-23T09:17:26+00:00\",\"author\":{\"@id\":\"https:\/\/vanxhaber.com\/#\/schema\/person\/a5fd8d89510cb5370e62ad176f7978ee\"},\"breadcrumb\":{\"@id\":\"https:\/\/vanxhaber.com\/index.php\/2024\/02\/23\/vanda-330-okula-yeni-kutuphane-yapildi\/#breadcrumb\"},\"inLanguage\":\"tr\",\"potentialAction\":[{\"@type\":\"ReadAction\",\"target\":[\"https:\/\/vanxhaber.com\/index.php\/2024\/02\/23\/vanda-330-okula-yeni-kutuphane-yapildi\/\"]}]},{\"@type\":\"ImageObject\",\"inLanguage\":\"tr\",\"@id\":\"https:\/\/vanxhaber.com\/index.php\/2024\/02\/23\/vanda-330-okula-yeni-kutuphane-yapildi\/#primaryimage\",\"url\":\"https:\/\/vanxhaber.com\/wp-content\/uploads\/2024\/02\/image.png\",\"contentUrl\":\"https:\/\/vanxhaber.com\/wp-content\/uploads\/2024\/02\/image.png\",\"width\":1042,\"height\":696},{\"@type\":\"BreadcrumbList\",\"@id\":\"https:\/\/vanxhaber.com\/index.php\/2024\/02\/23\/vanda-330-okula-yeni-kutuphane-yapildi\/#breadcrumb\",\"itemListElement\":[{\"@type\":\"ListItem\",\"position\":1,\"name\":\"Anasayfa\",\"item\":\"https:\/\/vanxhaber.com\/\"},{\"@type\":\"ListItem\",\"position\":2,\"name\":\"Van\u2019da 330 Okula Yeni K\u00fct\u00fcphane Yap\u0131ld\u0131\"}]},{\"@type\":\"WebSite\",\"@id\":\"https:\/\/vanxhaber.com\/#website\",\"url\":\"https:\/\/vanxhaber.com\/\",\"name\":\"Van Haber | Van X Haber | Van Haberleri\",\"description\":\"Van Haber, Van&#039;\u0131n ilk yapay zeka teknolojileri ile yaz\u0131lan Van X Haber ve Van Haberlerini aktif g\u00fcncel sunan tek vanhaber merkezidir.\",\"potentialAction\":[{\"@type\":\"SearchAction\",\"target\":{\"@type\":\"EntryPoint\",\"urlTemplate\":\"https:\/\/vanxhaber.com\/?s={search_term_string}\"},\"query-input\":{\"@type\":\"PropertyValueSpecification\",\"valueRequired\":true,\"valueName\":\"search_term_string\"}}],\"inLanguage\":\"tr\"},{\"@type\":\"Person\",\"@id\":\"https:\/\/vanxhaber.com\/#\/schema\/person\/a5fd8d89510cb5370e62ad176f7978ee\",\"name\":\"Van X Haber\",\"image\":{\"@type\":\"ImageObject\",\"inLanguage\":\"tr\",\"@id\":\"https:\/\/vanxhaber.com\/#\/schema\/person\/image\/\",\"url\":\"https:\/\/secure.gravatar.com\/avatar\/36f2f63826681263103acb5ca1e7bc1a6db11baea9b75dd091d89b74f2704b07?s=96&d=mm&r=g\",\"contentUrl\":\"https:\/\/secure.gravatar.com\/avatar\/36f2f63826681263103acb5ca1e7bc1a6db11baea9b75dd091d89b74f2704b07?s=96&d=mm&r=g\",\"caption\":\"Van X Haber\"},\"description\":\"Van X Haber Van'\u0131n ilk ve tek yeni nesil Van Haber merkezi. Son Dakika Van Haberleri ve G\u00fcncel Van haber merkezinde s\u0131cak geli\u015fmeleri aktarmaya devam edece\u011fiz.\",\"url\":\"https:\/\/vanxhaber.com\/index.php\/author\/vangazetesi\/\"}]}<\/script>\n<!-- \/ Yoast SEO Premium plugin. -->","yoast_head_json":{"title":"Van\u2019da 330 Okula Yeni K\u00fct\u00fcphane Yap\u0131ld\u0131 - Van Haber | Van X Haber | Van Haberleri","robots":{"index":"index","follow":"follow","max-snippet":"max-snippet:-1","max-image-preview":"max-image-preview:large","max-video-preview":"max-video-preview:-1"},"canonical":"https:\/\/vanxhaber.com\/index.php\/2024\/02\/23\/vanda-330-okula-yeni-kutuphane-yapildi\/","og_locale":"tr_TR","og_type":"article","og_title":"Van\u2019da 330 Okula Yeni K\u00fct\u00fcphane Yap\u0131ld\u0131","og_description":"Van Valisi ve B\u00fcy\u00fck\u015fehir Belediye Ba\u015fkan Vekili Ozan Balc\u0131, Ko\u00e7 \u0130lkokuluna yeni yap\u0131lan k\u00fct\u00fcphanenin a\u00e7\u0131l\u0131\u015f\u0131na kat\u0131ld\u0131. Van Valisi ve B\u00fcy\u00fck\u015fehir Belediye Ba\u015fkan Vekili Ozan Balc\u0131, Ko\u00e7 \u0130lkokuluna yeni yap\u0131lan k\u00fct\u00fcphanenin a\u00e7\u0131l\u0131\u015f\u0131na kat\u0131ld\u0131.\u00d6\u011frenciler ve \u00f6\u011fretmenler taraf\u0131ndan kar\u015f\u0131lanan Vali Balc\u0131, k\u00fct\u00fcphaneyi inceleyerek s\u0131n\u0131flar\u0131 dola\u015ft\u0131. \u00d6\u011fretmenlerle hasbihal eden ve taleplerini dinleyen Balc\u0131, kitap ad\u0131na \u00e7ok g\u00fczel i\u015fler yap\u0131ld\u0131\u011f\u0131n\u0131 &hellip;","og_url":"https:\/\/vanxhaber.com\/index.php\/2024\/02\/23\/vanda-330-okula-yeni-kutuphane-yapildi\/","og_site_name":"Van Haber | Van X Haber | Van Haberleri","article_published_time":"2024-02-23T09:17:23+00:00","article_modified_time":"2024-02-23T09:17:26+00:00","og_image":[{"width":1042,"height":696,"url":"https:\/\/vanxhaber.com\/wp-content\/uploads\/2024\/02\/image.png","type":"image\/png"}],"author":"Van X Haber","twitter_card":"summary_large_image","twitter_misc":{"Yazan:":"Van X Haber","Tahmini okuma s\u00fcresi":"3 dakika"},"schema":{"@context":"https:\/\/schema.org","@graph":[{"@type":"Article","@id":"https:\/\/vanxhaber.com\/index.php\/2024\/02\/23\/vanda-330-okula-yeni-kutuphane-yapildi\/#article","isPartOf":{"@id":"https:\/\/vanxhaber.com\/index.php\/2024\/02\/23\/vanda-330-okula-yeni-kutuphane-yapildi\/"},"author":{"name":"Van X Haber","@id":"https:\/\/vanxhaber.com\/#\/schema\/person\/a5fd8d89510cb5370e62ad176f7978ee"},"headline":"Van\u2019da 330 Okula Yeni K\u00fct\u00fcphane Yap\u0131ld\u0131","datePublished":"2024-02-23T09:17:23+00:00","dateModified":"2024-02-23T09:17:26+00:00","mainEntityOfPage":{"@id":"https:\/\/vanxhaber.com\/index.php\/2024\/02\/23\/vanda-330-okula-yeni-kutuphane-yapildi\/"},"wordCount":488,"commentCount":0,"image":{"@id":"https:\/\/vanxhaber.com\/index.php\/2024\/02\/23\/vanda-330-okula-yeni-kutuphane-yapildi\/#primaryimage"},"thumbnailUrl":"https:\/\/vanxhaber.com\/wp-content\/uploads\/2024\/02\/image.png","articleSection":["Van Haber","Van Haberleri","Van X Haber"],"inLanguage":"tr","potentialAction":[{"@type":"CommentAction","name":"Comment","target":["https:\/\/vanxhaber.com\/index.php\/2024\/02\/23\/vanda-330-okula-yeni-kutuphane-yapildi\/#respond"]}],"copyrightYear":"2024","copyrightHolder":{"@id":"https:\/\/vanxhaber.com\/#organization"}},{"@type":"WebPage","@id":"https:\/\/vanxhaber.com\/index.php\/2024\/02\/23\/vanda-330-okula-yeni-kutuphane-yapildi\/","url":"https:\/\/vanxhaber.com\/index.php\/2024\/02\/23\/vanda-330-okula-yeni-kutuphane-yapildi\/","name":"Van\u2019da 330 Okula Yeni K\u00fct\u00fcphane Yap\u0131ld\u0131 - Van Haber | Van X Haber | Van Haberleri","isPartOf":{"@id":"https:\/\/vanxhaber.com\/#website"},"primaryImageOfPage":{"@id":"https:\/\/vanxhaber.com\/index.php\/2024\/02\/23\/vanda-330-okula-yeni-kutuphane-yapildi\/#primaryimage"},"image":{"@id":"https:\/\/vanxhaber.com\/index.php\/2024\/02\/23\/vanda-330-okula-yeni-kutuphane-yapildi\/#primaryimage"},"thumbnailUrl":"https:\/\/vanxhaber.com\/wp-content\/uploads\/2024\/02\/image.png","datePublished":"2024-02-23T09:17:23+00:00","dateModified":"2024-02-23T09:17:26+00:00","author":{"@id":"https:\/\/vanxhaber.com\/#\/schema\/person\/a5fd8d89510cb5370e62ad176f7978ee"},"breadcrumb":{"@id":"https:\/\/vanxhaber.com\/index.php\/2024\/02\/23\/vanda-330-okula-yeni-kutuphane-yapildi\/#breadcrumb"},"inLanguage":"tr","potentialAction":[{"@type":"ReadAction","target":["https:\/\/vanxhaber.com\/index.php\/2024\/02\/23\/vanda-330-okula-yeni-kutuphane-yapildi\/"]}]},{"@type":"ImageObject","inLanguage":"tr","@id":"https:\/\/vanxhaber.com\/index.php\/2024\/02\/23\/vanda-330-okula-yeni-kutuphane-yapildi\/#primaryimage","url":"https:\/\/vanxhaber.com\/wp-content\/uploads\/2024\/02\/image.png","contentUrl":"https:\/\/vanxhaber.com\/wp-content\/uploads\/2024\/02\/image.png","width":1042,"height":696},{"@type":"BreadcrumbList","@id":"https:\/\/vanxhaber.com\/index.php\/2024\/02\/23\/vanda-330-okula-yeni-kutuphane-yapildi\/#breadcrumb","itemListElement":[{"@type":"ListItem","position":1,"name":"Anasayfa","item":"https:\/\/vanxhaber.com\/"},{"@type":"ListItem","position":2,"name":"Van\u2019da 330 Okula Yeni K\u00fct\u00fcphane Yap\u0131ld\u0131"}]},{"@type":"WebSite","@id":"https:\/\/vanxhaber.com\/#website","url":"https:\/\/vanxhaber.com\/","name":"Van Haber | Van X Haber | Van Haberleri","description":"Van Haber, Van&#039;\u0131n ilk yapay zeka teknolojileri ile yaz\u0131lan Van X Haber ve Van Haberlerini aktif g\u00fcncel sunan tek vanhaber merkezidir.","potentialAction":[{"@type":"SearchAction","target":{"@type":"EntryPoint","urlTemplate":"https:\/\/vanxhaber.com\/?s={search_term_string}"},"query-input":{"@type":"PropertyValueSpecification","valueRequired":true,"valueName":"search_term_string"}}],"inLanguage":"tr"},{"@type":"Person","@id":"https:\/\/vanxhaber.com\/#\/schema\/person\/a5fd8d89510cb5370e62ad176f7978ee","name":"Van X Haber","image":{"@type":"ImageObject","inLanguage":"tr","@id":"https:\/\/vanxhaber.com\/#\/schema\/person\/image\/","url":"https:\/\/secure.gravatar.com\/avatar\/36f2f63826681263103acb5ca1e7bc1a6db11baea9b75dd091d89b74f2704b07?s=96&d=mm&r=g","contentUrl":"https:\/\/secure.gravatar.com\/avatar\/36f2f63826681263103acb5ca1e7bc1a6db11baea9b75dd091d89b74f2704b07?s=96&d=mm&r=g","caption":"Van X Haber"},"description":"Van X Haber Van'\u0131n ilk ve tek yeni nesil Van Haber merkezi. Son Dakika Van Haberleri ve G\u00fcncel Van haber merkezinde s\u0131cak geli\u015fmeleri aktarmaya devam edece\u011fiz.","url":"https:\/\/vanxhaber.com\/index.php\/author\/vangazetesi\/"}]}},"_links":{"self":[{"href":"https:\/\/vanxhaber.com\/index.php\/wp-json\/wp\/v2\/posts\/1800","targetHints":{"allow":["GET"]}}],"collection":[{"href":"https:\/\/vanxhaber.com\/index.php\/wp-json\/wp\/v2\/posts"}],"about":[{"href":"https:\/\/vanxhaber.com\/index.php\/wp-json\/wp\/v2\/types\/post"}],"author":[{"embeddable":true,"href":"https:\/\/vanxhaber.com\/index.php\/wp-json\/wp\/v2\/users\/2"}],"replies":[{"embeddable":true,"href":"https:\/\/vanxhaber.com\/index.php\/wp-json\/wp\/v2\/comments?post=1800"}],"version-history":[{"count":1,"href":"https:\/\/vanxhaber.com\/index.php\/wp-json\/wp\/v2\/posts\/1800\/revisions"}],"predecessor-version":[{"id":1803,"href":"https:\/\/vanxhaber.com\/index.php\/wp-json\/wp\/v2\/posts\/1800\/revisions\/1803"}],"wp:featuredmedia":[{"embeddable":true,"href":"https:\/\/vanxhaber.com\/index.php\/wp-json\/wp\/v2\/media\/1802"}],"wp:attachment":[{"href":"https:\/\/vanxhaber.com\/index.php\/wp-json\/wp\/v2\/media?parent=1800"}],"wp:term":[{"taxonomy":"category","embeddable":true,"href":"https:\/\/vanxhaber.com\/index.php\/wp-json\/wp\/v2\/categories?post=1800"},{"taxonomy":"post_tag","embeddable":true,"href":"https:\/\/vanxhaber.com\/index.php\/wp-json\/wp\/v2\/tags?post=1800"}],"curies":[{"name":"wp","href":"https:\/\/api.w.org\/{rel}","templated":true}]}}