{"id":1804,"date":"2024-02-23T09:30:31","date_gmt":"2024-02-23T09:30:31","guid":{"rendered":"https:\/\/vanxhaber.com\/?p=1804"},"modified":"2024-02-23T09:30:34","modified_gmt":"2024-02-23T09:30:34","slug":"saglikli-ve-parlak-saclar-icin-pratik-oneriler","status":"publish","type":"post","link":"https:\/\/vanxhaber.com\/index.php\/2024\/02\/23\/saglikli-ve-parlak-saclar-icin-pratik-oneriler\/","title":{"rendered":"Sa\u011fl\u0131kl\u0131 ve Parlak Sa\u00e7lar \u0130\u00e7in Pratik \u00d6neriler"},"content":{"rendered":"\n<p>Sa\u00e7lar\u0131n\u0131z\u0131n g\u00fc\u00e7l\u00fc, parlak ve sa\u011fl\u0131kl\u0131 kalmas\u0131 i\u00e7in do\u011fru bak\u0131m \u00f6nemlidir. \u0130\u015fte temel sa\u00e7 bak\u0131m\u0131 ipu\u00e7lar\u0131 ve pratik \u00f6neriler!<\/p>\n\n\n\n<p>Sa\u00e7lar\u0131m\u0131z, genel sa\u011fl\u0131k durumumuzun bir yans\u0131mas\u0131d\u0131r ve do\u011fru bak\u0131m ile parlak, g\u00fc\u00e7l\u00fc ve sa\u011fl\u0131kl\u0131 kalabilirler. \u0130\u015fte sa\u00e7 bak\u0131m\u0131nda dikkat edilmesi gereken temel noktalar:<\/p>\n\n\n\n<p>Do\u011fru \u015eampuan Se\u00e7imi: Sa\u00e7 tipinize uygun bir \u015fampuan se\u00e7mek \u00f6nemlidir. Ya\u011fl\u0131 sa\u00e7lar i\u00e7in hafif ve ar\u0131nd\u0131r\u0131c\u0131, kuru sa\u00e7lar i\u00e7in ise nemlendirici \u015fampuanlar tercih edilmelidir. Kimyasal i\u00e7erikli \u015fampuanlardan ka\u00e7\u0131n\u0131lmal\u0131 ve do\u011fal i\u00e7erikli \u00fcr\u00fcnlere y\u00f6nelmelisiniz.<\/p>\n\n\n\n<p>D\u00fczenli Sa\u00e7 Y\u0131kama: Sa\u00e7\u0131n\u0131z\u0131 d\u00fczenli aral\u0131klarla y\u0131kamak, sa\u00e7 derisinde biriken ya\u011f ve kirin temizlenmesini sa\u011flar. Ancak \u00e7ok s\u0131k y\u0131kamak da sa\u00e7\u0131n do\u011fal ya\u011f dengesini bozabilir. Normal veya kuru sa\u00e7lar i\u00e7in haftada 2-3 kez, ya\u011fl\u0131 sa\u00e7lar i\u00e7in ise g\u00fcn a\u015f\u0131r\u0131 y\u0131kama uygun olabilir.<\/p>\n\n\n\n<p>Sa\u00e7 Kremi ve Maskeler: Nemlendirici sa\u00e7 kremleri ve derinlemesine bak\u0131m sa\u011flayan maskeler, sa\u00e7lar\u0131n yumu\u015fak ve parlak olmas\u0131n\u0131 sa\u011flar. \u00d6zellikle kuru ve y\u0131pranm\u0131\u015f sa\u00e7lar i\u00e7in d\u00fczenli olarak kullan\u0131lmas\u0131 \u00f6nerilir.<\/p>\n\n\n\n<p>Is\u0131ya Kar\u015f\u0131 Koruma: F\u00f6n makinesi, d\u00fczle\u015ftirici veya ma\u015fa gibi \u0131s\u0131yla \u015fekillendirme ara\u00e7lar\u0131 sa\u00e7\u0131 kurutabilir ve zarar verebilir. Bu nedenle, bu t\u00fcr i\u015flemler \u00f6ncesinde mutlaka \u0131s\u0131 koruyucu sprey veya serum kullan\u0131lmal\u0131d\u0131r.<\/p>\n\n\n\n<p>Dengeli Beslenme: Sa\u011fl\u0131kl\u0131 ve dengeli bir beslenme, sa\u00e7lar\u0131n g\u00fc\u00e7l\u00fc ve parlak olmas\u0131n\u0131 sa\u011flar. Protein, omega-3 ya\u011f asitleri, vitaminler (\u00f6zellikle A, C, E ve B vitaminleri) ve mineraller (demir, \u00e7inko, magnezyum) sa\u00e7 sa\u011fl\u0131\u011f\u0131 i\u00e7in \u00f6nemlidir.<\/p>\n\n\n\n<p>Stresten Uzak Durma: Stres, sa\u00e7 d\u00f6k\u00fclmesine ve sa\u00e7 sa\u011fl\u0131\u011f\u0131n\u0131n bozulmas\u0131na neden olabilir. Stresi azaltmak i\u00e7in d\u00fczenli egzersiz yapmak, meditasyon ve gev\u015feme tekniklerini uygulamak \u00f6nemlidir.<\/p>\n\n\n\n<p>D\u00fczenli Sa\u00e7 Kesimi: Sa\u00e7 u\u00e7lar\u0131nda biriken k\u0131r\u0131klar\u0131 \u00f6nlemek ve sa\u00e7\u0131n daha sa\u011fl\u0131kl\u0131 uzamas\u0131n\u0131 sa\u011flamak i\u00e7in d\u00fczenli olarak sa\u00e7 kesimi yapt\u0131rmak \u00f6nemlidir.<\/p>\n\n\n\n<p>Sa\u00e7 Derisi Bak\u0131m\u0131: Sa\u00e7 sa\u011fl\u0131\u011f\u0131 i\u00e7in sa\u00e7 derisinin de sa\u011fl\u0131kl\u0131 olmas\u0131 \u00f6nemlidir. Haftada bir veya iki kez sa\u00e7 derisine masaj yaparak kan dola\u015f\u0131m\u0131n\u0131 art\u0131rabilirsiniz. Ayr\u0131ca kepeklenme gibi sorunlar i\u00e7in uygun \u015fampuanlar kullan\u0131lmal\u0131d\u0131r.<\/p>\n\n\n\n<p>Bu temel ipu\u00e7lar\u0131na dikkat ederek, sa\u00e7lar\u0131n\u0131z\u0131 sa\u011fl\u0131kl\u0131 ve parlak tutabilirsiniz. Ancak sa\u00e7 sorunlar\u0131 devam ediyorsa veya \u015fiddetleniyorsa, bir dermatolog veya uzman bir kuaf\u00f6re dan\u0131\u015fmak \u00f6nemlidir.<\/p>\n\n\n\n<p><\/p>\n\n\n\n<p><\/p>\n","protected":false},"excerpt":{"rendered":"<p>Sa\u00e7lar\u0131n\u0131z\u0131n g\u00fc\u00e7l\u00fc, parlak ve sa\u011fl\u0131kl\u0131 kalmas\u0131 i\u00e7in do\u011fru bak\u0131m \u00f6nemlidir. \u0130\u015fte temel sa\u00e7 bak\u0131m\u0131 ipu\u00e7lar\u0131 ve pratik \u00f6neriler! Sa\u00e7lar\u0131m\u0131z, genel sa\u011fl\u0131k durumumuzun bir yans\u0131mas\u0131d\u0131r ve do\u011fru bak\u0131m ile parlak, g\u00fc\u00e7l\u00fc ve sa\u011fl\u0131kl\u0131 kalabilirler. \u0130\u015fte sa\u00e7 bak\u0131m\u0131nda dikkat edilmesi gereken temel noktalar: Do\u011fru \u015eampuan Se\u00e7imi: Sa\u00e7 tipinize uygun bir \u015fampuan se\u00e7mek \u00f6nemlidir. Ya\u011fl\u0131 sa\u00e7lar i\u00e7in hafif &hellip;<\/p>\n","protected":false},"author":2,"featured_media":1806,"comment_status":"open","ping_status":"closed","sticky":false,"template":"","format":"standard","meta":{"googlesitekit_rrm_CAowot3VCw:productID":"","footnotes":""},"categories":[28,30],"tags":[],"class_list":["post-1804","post","type-post","status-publish","format-standard","has-post-thumbnail","hentry","category-van-egitim","category-van-x-haber"],"yoast_head":"<!-- This site is optimized with the Yoast SEO Premium plugin v21.7 (Yoast SEO v26.7) - https:\/\/yoast.com\/wordpress\/plugins\/seo\/ -->\n<title>Sa\u011fl\u0131kl\u0131 ve Parlak Sa\u00e7lar \u0130\u00e7in Pratik \u00d6neriler - Van Haber | Van X Haber | Van Haberleri<\/title>\n<meta name=\"robots\" content=\"index, follow, max-snippet:-1, max-image-preview:large, max-video-preview:-1\" \/>\n<link rel=\"canonical\" href=\"https:\/\/vanxhaber.com\/index.php\/2024\/02\/23\/saglikli-ve-parlak-saclar-icin-pratik-oneriler\/\" \/>\n<meta property=\"og:locale\" content=\"tr_TR\" \/>\n<meta property=\"og:type\" content=\"article\" \/>\n<meta property=\"og:title\" content=\"Sa\u011fl\u0131kl\u0131 ve Parlak Sa\u00e7lar \u0130\u00e7in Pratik \u00d6neriler\" \/>\n<meta property=\"og:description\" content=\"Sa\u00e7lar\u0131n\u0131z\u0131n g\u00fc\u00e7l\u00fc, parlak ve sa\u011fl\u0131kl\u0131 kalmas\u0131 i\u00e7in do\u011fru bak\u0131m \u00f6nemlidir. \u0130\u015fte temel sa\u00e7 bak\u0131m\u0131 ipu\u00e7lar\u0131 ve pratik \u00f6neriler! Sa\u00e7lar\u0131m\u0131z, genel sa\u011fl\u0131k durumumuzun bir yans\u0131mas\u0131d\u0131r ve do\u011fru bak\u0131m ile parlak, g\u00fc\u00e7l\u00fc ve sa\u011fl\u0131kl\u0131 kalabilirler. \u0130\u015fte sa\u00e7 bak\u0131m\u0131nda dikkat edilmesi gereken temel noktalar: Do\u011fru \u015eampuan Se\u00e7imi: Sa\u00e7 tipinize uygun bir \u015fampuan se\u00e7mek \u00f6nemlidir. Ya\u011fl\u0131 sa\u00e7lar i\u00e7in hafif &hellip;\" \/>\n<meta property=\"og:url\" content=\"https:\/\/vanxhaber.com\/index.php\/2024\/02\/23\/saglikli-ve-parlak-saclar-icin-pratik-oneriler\/\" \/>\n<meta property=\"og:site_name\" content=\"Van Haber | Van X Haber | Van Haberleri\" \/>\n<meta property=\"article:published_time\" content=\"2024-02-23T09:30:31+00:00\" \/>\n<meta property=\"article:modified_time\" content=\"2024-02-23T09:30:34+00:00\" \/>\n<meta property=\"og:image\" content=\"https:\/\/vanxhaber.com\/wp-content\/uploads\/2024\/02\/sacbakim-hakkinda.jpg\" \/>\n\t<meta property=\"og:image:width\" content=\"641\" \/>\n\t<meta property=\"og:image:height\" content=\"380\" \/>\n\t<meta property=\"og:image:type\" content=\"image\/jpeg\" \/>\n<meta name=\"author\" content=\"Van X Haber\" \/>\n<meta name=\"twitter:card\" content=\"summary_large_image\" \/>\n<meta name=\"twitter:label1\" content=\"Yazan:\" \/>\n\t<meta name=\"twitter:data1\" content=\"Van X Haber\" \/>\n\t<meta name=\"twitter:label2\" content=\"Tahmini okuma s\u00fcresi\" \/>\n\t<meta name=\"twitter:data2\" content=\"3 dakika\" \/>\n<script type=\"application\/ld+json\" class=\"yoast-schema-graph\">{\"@context\":\"https:\/\/schema.org\",\"@graph\":[{\"@type\":\"Article\",\"@id\":\"https:\/\/vanxhaber.com\/index.php\/2024\/02\/23\/saglikli-ve-parlak-saclar-icin-pratik-oneriler\/#article\",\"isPartOf\":{\"@id\":\"https:\/\/vanxhaber.com\/index.php\/2024\/02\/23\/saglikli-ve-parlak-saclar-icin-pratik-oneriler\/\"},\"author\":{\"name\":\"Van X Haber\",\"@id\":\"https:\/\/vanxhaber.com\/#\/schema\/person\/a5fd8d89510cb5370e62ad176f7978ee\"},\"headline\":\"Sa\u011fl\u0131kl\u0131 ve Parlak Sa\u00e7lar \u0130\u00e7in Pratik \u00d6neriler\",\"datePublished\":\"2024-02-23T09:30:31+00:00\",\"dateModified\":\"2024-02-23T09:30:34+00:00\",\"mainEntityOfPage\":{\"@id\":\"https:\/\/vanxhaber.com\/index.php\/2024\/02\/23\/saglikli-ve-parlak-saclar-icin-pratik-oneriler\/\"},\"wordCount\":462,\"commentCount\":0,\"image\":{\"@id\":\"https:\/\/vanxhaber.com\/index.php\/2024\/02\/23\/saglikli-ve-parlak-saclar-icin-pratik-oneriler\/#primaryimage\"},\"thumbnailUrl\":\"https:\/\/vanxhaber.com\/wp-content\/uploads\/2024\/02\/sacbakim-hakkinda.jpg\",\"articleSection\":[\"Van E\u011fitim\",\"Van X Haber\"],\"inLanguage\":\"tr\",\"potentialAction\":[{\"@type\":\"CommentAction\",\"name\":\"Comment\",\"target\":[\"https:\/\/vanxhaber.com\/index.php\/2024\/02\/23\/saglikli-ve-parlak-saclar-icin-pratik-oneriler\/#respond\"]}],\"copyrightYear\":\"2024\",\"copyrightHolder\":{\"@id\":\"https:\/\/vanxhaber.com\/#organization\"}},{\"@type\":\"WebPage\",\"@id\":\"https:\/\/vanxhaber.com\/index.php\/2024\/02\/23\/saglikli-ve-parlak-saclar-icin-pratik-oneriler\/\",\"url\":\"https:\/\/vanxhaber.com\/index.php\/2024\/02\/23\/saglikli-ve-parlak-saclar-icin-pratik-oneriler\/\",\"name\":\"Sa\u011fl\u0131kl\u0131 ve Parlak Sa\u00e7lar \u0130\u00e7in Pratik \u00d6neriler - Van Haber | Van X Haber | Van Haberleri\",\"isPartOf\":{\"@id\":\"https:\/\/vanxhaber.com\/#website\"},\"primaryImageOfPage\":{\"@id\":\"https:\/\/vanxhaber.com\/index.php\/2024\/02\/23\/saglikli-ve-parlak-saclar-icin-pratik-oneriler\/#primaryimage\"},\"image\":{\"@id\":\"https:\/\/vanxhaber.com\/index.php\/2024\/02\/23\/saglikli-ve-parlak-saclar-icin-pratik-oneriler\/#primaryimage\"},\"thumbnailUrl\":\"https:\/\/vanxhaber.com\/wp-content\/uploads\/2024\/02\/sacbakim-hakkinda.jpg\",\"datePublished\":\"2024-02-23T09:30:31+00:00\",\"dateModified\":\"2024-02-23T09:30:34+00:00\",\"author\":{\"@id\":\"https:\/\/vanxhaber.com\/#\/schema\/person\/a5fd8d89510cb5370e62ad176f7978ee\"},\"breadcrumb\":{\"@id\":\"https:\/\/vanxhaber.com\/index.php\/2024\/02\/23\/saglikli-ve-parlak-saclar-icin-pratik-oneriler\/#breadcrumb\"},\"inLanguage\":\"tr\",\"potentialAction\":[{\"@type\":\"ReadAction\",\"target\":[\"https:\/\/vanxhaber.com\/index.php\/2024\/02\/23\/saglikli-ve-parlak-saclar-icin-pratik-oneriler\/\"]}]},{\"@type\":\"ImageObject\",\"inLanguage\":\"tr\",\"@id\":\"https:\/\/vanxhaber.com\/index.php\/2024\/02\/23\/saglikli-ve-parlak-saclar-icin-pratik-oneriler\/#primaryimage\",\"url\":\"https:\/\/vanxhaber.com\/wp-content\/uploads\/2024\/02\/sacbakim-hakkinda.jpg\",\"contentUrl\":\"https:\/\/vanxhaber.com\/wp-content\/uploads\/2024\/02\/sacbakim-hakkinda.jpg\",\"width\":641,\"height\":380},{\"@type\":\"BreadcrumbList\",\"@id\":\"https:\/\/vanxhaber.com\/index.php\/2024\/02\/23\/saglikli-ve-parlak-saclar-icin-pratik-oneriler\/#breadcrumb\",\"itemListElement\":[{\"@type\":\"ListItem\",\"position\":1,\"name\":\"Anasayfa\",\"item\":\"https:\/\/vanxhaber.com\/\"},{\"@type\":\"ListItem\",\"position\":2,\"name\":\"Sa\u011fl\u0131kl\u0131 ve Parlak Sa\u00e7lar \u0130\u00e7in Pratik \u00d6neriler\"}]},{\"@type\":\"WebSite\",\"@id\":\"https:\/\/vanxhaber.com\/#website\",\"url\":\"https:\/\/vanxhaber.com\/\",\"name\":\"Van Haber | Van X Haber | Van Haberleri\",\"description\":\"Van Haber, Van&#039;\u0131n ilk yapay zeka teknolojileri ile yaz\u0131lan Van X Haber ve Van Haberlerini aktif g\u00fcncel sunan tek vanhaber merkezidir.\",\"potentialAction\":[{\"@type\":\"SearchAction\",\"target\":{\"@type\":\"EntryPoint\",\"urlTemplate\":\"https:\/\/vanxhaber.com\/?s={search_term_string}\"},\"query-input\":{\"@type\":\"PropertyValueSpecification\",\"valueRequired\":true,\"valueName\":\"search_term_string\"}}],\"inLanguage\":\"tr\"},{\"@type\":\"Person\",\"@id\":\"https:\/\/vanxhaber.com\/#\/schema\/person\/a5fd8d89510cb5370e62ad176f7978ee\",\"name\":\"Van X Haber\",\"image\":{\"@type\":\"ImageObject\",\"inLanguage\":\"tr\",\"@id\":\"https:\/\/vanxhaber.com\/#\/schema\/person\/image\/\",\"url\":\"https:\/\/secure.gravatar.com\/avatar\/36f2f63826681263103acb5ca1e7bc1a6db11baea9b75dd091d89b74f2704b07?s=96&d=mm&r=g\",\"contentUrl\":\"https:\/\/secure.gravatar.com\/avatar\/36f2f63826681263103acb5ca1e7bc1a6db11baea9b75dd091d89b74f2704b07?s=96&d=mm&r=g\",\"caption\":\"Van X Haber\"},\"description\":\"Van X Haber Van'\u0131n ilk ve tek yeni nesil Van Haber merkezi. Son Dakika Van Haberleri ve G\u00fcncel Van haber merkezinde s\u0131cak geli\u015fmeleri aktarmaya devam edece\u011fiz.\",\"url\":\"https:\/\/vanxhaber.com\/index.php\/author\/vangazetesi\/\"}]}<\/script>\n<!-- \/ Yoast SEO Premium plugin. -->","yoast_head_json":{"title":"Sa\u011fl\u0131kl\u0131 ve Parlak Sa\u00e7lar \u0130\u00e7in Pratik \u00d6neriler - Van Haber | Van X Haber | Van Haberleri","robots":{"index":"index","follow":"follow","max-snippet":"max-snippet:-1","max-image-preview":"max-image-preview:large","max-video-preview":"max-video-preview:-1"},"canonical":"https:\/\/vanxhaber.com\/index.php\/2024\/02\/23\/saglikli-ve-parlak-saclar-icin-pratik-oneriler\/","og_locale":"tr_TR","og_type":"article","og_title":"Sa\u011fl\u0131kl\u0131 ve Parlak Sa\u00e7lar \u0130\u00e7in Pratik \u00d6neriler","og_description":"Sa\u00e7lar\u0131n\u0131z\u0131n g\u00fc\u00e7l\u00fc, parlak ve sa\u011fl\u0131kl\u0131 kalmas\u0131 i\u00e7in do\u011fru bak\u0131m \u00f6nemlidir. \u0130\u015fte temel sa\u00e7 bak\u0131m\u0131 ipu\u00e7lar\u0131 ve pratik \u00f6neriler! Sa\u00e7lar\u0131m\u0131z, genel sa\u011fl\u0131k durumumuzun bir yans\u0131mas\u0131d\u0131r ve do\u011fru bak\u0131m ile parlak, g\u00fc\u00e7l\u00fc ve sa\u011fl\u0131kl\u0131 kalabilirler. \u0130\u015fte sa\u00e7 bak\u0131m\u0131nda dikkat edilmesi gereken temel noktalar: Do\u011fru \u015eampuan Se\u00e7imi: Sa\u00e7 tipinize uygun bir \u015fampuan se\u00e7mek \u00f6nemlidir. Ya\u011fl\u0131 sa\u00e7lar i\u00e7in hafif &hellip;","og_url":"https:\/\/vanxhaber.com\/index.php\/2024\/02\/23\/saglikli-ve-parlak-saclar-icin-pratik-oneriler\/","og_site_name":"Van Haber | Van X Haber | Van Haberleri","article_published_time":"2024-02-23T09:30:31+00:00","article_modified_time":"2024-02-23T09:30:34+00:00","og_image":[{"width":641,"height":380,"url":"https:\/\/vanxhaber.com\/wp-content\/uploads\/2024\/02\/sacbakim-hakkinda.jpg","type":"image\/jpeg"}],"author":"Van X Haber","twitter_card":"summary_large_image","twitter_misc":{"Yazan:":"Van X Haber","Tahmini okuma s\u00fcresi":"3 dakika"},"schema":{"@context":"https:\/\/schema.org","@graph":[{"@type":"Article","@id":"https:\/\/vanxhaber.com\/index.php\/2024\/02\/23\/saglikli-ve-parlak-saclar-icin-pratik-oneriler\/#article","isPartOf":{"@id":"https:\/\/vanxhaber.com\/index.php\/2024\/02\/23\/saglikli-ve-parlak-saclar-icin-pratik-oneriler\/"},"author":{"name":"Van X Haber","@id":"https:\/\/vanxhaber.com\/#\/schema\/person\/a5fd8d89510cb5370e62ad176f7978ee"},"headline":"Sa\u011fl\u0131kl\u0131 ve Parlak Sa\u00e7lar \u0130\u00e7in Pratik \u00d6neriler","datePublished":"2024-02-23T09:30:31+00:00","dateModified":"2024-02-23T09:30:34+00:00","mainEntityOfPage":{"@id":"https:\/\/vanxhaber.com\/index.php\/2024\/02\/23\/saglikli-ve-parlak-saclar-icin-pratik-oneriler\/"},"wordCount":462,"commentCount":0,"image":{"@id":"https:\/\/vanxhaber.com\/index.php\/2024\/02\/23\/saglikli-ve-parlak-saclar-icin-pratik-oneriler\/#primaryimage"},"thumbnailUrl":"https:\/\/vanxhaber.com\/wp-content\/uploads\/2024\/02\/sacbakim-hakkinda.jpg","articleSection":["Van E\u011fitim","Van X Haber"],"inLanguage":"tr","potentialAction":[{"@type":"CommentAction","name":"Comment","target":["https:\/\/vanxhaber.com\/index.php\/2024\/02\/23\/saglikli-ve-parlak-saclar-icin-pratik-oneriler\/#respond"]}],"copyrightYear":"2024","copyrightHolder":{"@id":"https:\/\/vanxhaber.com\/#organization"}},{"@type":"WebPage","@id":"https:\/\/vanxhaber.com\/index.php\/2024\/02\/23\/saglikli-ve-parlak-saclar-icin-pratik-oneriler\/","url":"https:\/\/vanxhaber.com\/index.php\/2024\/02\/23\/saglikli-ve-parlak-saclar-icin-pratik-oneriler\/","name":"Sa\u011fl\u0131kl\u0131 ve Parlak Sa\u00e7lar \u0130\u00e7in Pratik \u00d6neriler - Van Haber | Van X Haber | Van Haberleri","isPartOf":{"@id":"https:\/\/vanxhaber.com\/#website"},"primaryImageOfPage":{"@id":"https:\/\/vanxhaber.com\/index.php\/2024\/02\/23\/saglikli-ve-parlak-saclar-icin-pratik-oneriler\/#primaryimage"},"image":{"@id":"https:\/\/vanxhaber.com\/index.php\/2024\/02\/23\/saglikli-ve-parlak-saclar-icin-pratik-oneriler\/#primaryimage"},"thumbnailUrl":"https:\/\/vanxhaber.com\/wp-content\/uploads\/2024\/02\/sacbakim-hakkinda.jpg","datePublished":"2024-02-23T09:30:31+00:00","dateModified":"2024-02-23T09:30:34+00:00","author":{"@id":"https:\/\/vanxhaber.com\/#\/schema\/person\/a5fd8d89510cb5370e62ad176f7978ee"},"breadcrumb":{"@id":"https:\/\/vanxhaber.com\/index.php\/2024\/02\/23\/saglikli-ve-parlak-saclar-icin-pratik-oneriler\/#breadcrumb"},"inLanguage":"tr","potentialAction":[{"@type":"ReadAction","target":["https:\/\/vanxhaber.com\/index.php\/2024\/02\/23\/saglikli-ve-parlak-saclar-icin-pratik-oneriler\/"]}]},{"@type":"ImageObject","inLanguage":"tr","@id":"https:\/\/vanxhaber.com\/index.php\/2024\/02\/23\/saglikli-ve-parlak-saclar-icin-pratik-oneriler\/#primaryimage","url":"https:\/\/vanxhaber.com\/wp-content\/uploads\/2024\/02\/sacbakim-hakkinda.jpg","contentUrl":"https:\/\/vanxhaber.com\/wp-content\/uploads\/2024\/02\/sacbakim-hakkinda.jpg","width":641,"height":380},{"@type":"BreadcrumbList","@id":"https:\/\/vanxhaber.com\/index.php\/2024\/02\/23\/saglikli-ve-parlak-saclar-icin-pratik-oneriler\/#breadcrumb","itemListElement":[{"@type":"ListItem","position":1,"name":"Anasayfa","item":"https:\/\/vanxhaber.com\/"},{"@type":"ListItem","position":2,"name":"Sa\u011fl\u0131kl\u0131 ve Parlak Sa\u00e7lar \u0130\u00e7in Pratik \u00d6neriler"}]},{"@type":"WebSite","@id":"https:\/\/vanxhaber.com\/#website","url":"https:\/\/vanxhaber.com\/","name":"Van Haber | Van X Haber | Van Haberleri","description":"Van Haber, Van&#039;\u0131n ilk yapay zeka teknolojileri ile yaz\u0131lan Van X Haber ve Van Haberlerini aktif g\u00fcncel sunan tek vanhaber merkezidir.","potentialAction":[{"@type":"SearchAction","target":{"@type":"EntryPoint","urlTemplate":"https:\/\/vanxhaber.com\/?s={search_term_string}"},"query-input":{"@type":"PropertyValueSpecification","valueRequired":true,"valueName":"search_term_string"}}],"inLanguage":"tr"},{"@type":"Person","@id":"https:\/\/vanxhaber.com\/#\/schema\/person\/a5fd8d89510cb5370e62ad176f7978ee","name":"Van X Haber","image":{"@type":"ImageObject","inLanguage":"tr","@id":"https:\/\/vanxhaber.com\/#\/schema\/person\/image\/","url":"https:\/\/secure.gravatar.com\/avatar\/36f2f63826681263103acb5ca1e7bc1a6db11baea9b75dd091d89b74f2704b07?s=96&d=mm&r=g","contentUrl":"https:\/\/secure.gravatar.com\/avatar\/36f2f63826681263103acb5ca1e7bc1a6db11baea9b75dd091d89b74f2704b07?s=96&d=mm&r=g","caption":"Van X Haber"},"description":"Van X Haber Van'\u0131n ilk ve tek yeni nesil Van Haber merkezi. Son Dakika Van Haberleri ve G\u00fcncel Van haber merkezinde s\u0131cak geli\u015fmeleri aktarmaya devam edece\u011fiz.","url":"https:\/\/vanxhaber.com\/index.php\/author\/vangazetesi\/"}]}},"_links":{"self":[{"href":"https:\/\/vanxhaber.com\/index.php\/wp-json\/wp\/v2\/posts\/1804","targetHints":{"allow":["GET"]}}],"collection":[{"href":"https:\/\/vanxhaber.com\/index.php\/wp-json\/wp\/v2\/posts"}],"about":[{"href":"https:\/\/vanxhaber.com\/index.php\/wp-json\/wp\/v2\/types\/post"}],"author":[{"embeddable":true,"href":"https:\/\/vanxhaber.com\/index.php\/wp-json\/wp\/v2\/users\/2"}],"replies":[{"embeddable":true,"href":"https:\/\/vanxhaber.com\/index.php\/wp-json\/wp\/v2\/comments?post=1804"}],"version-history":[{"count":1,"href":"https:\/\/vanxhaber.com\/index.php\/wp-json\/wp\/v2\/posts\/1804\/revisions"}],"predecessor-version":[{"id":1807,"href":"https:\/\/vanxhaber.com\/index.php\/wp-json\/wp\/v2\/posts\/1804\/revisions\/1807"}],"wp:featuredmedia":[{"embeddable":true,"href":"https:\/\/vanxhaber.com\/index.php\/wp-json\/wp\/v2\/media\/1806"}],"wp:attachment":[{"href":"https:\/\/vanxhaber.com\/index.php\/wp-json\/wp\/v2\/media?parent=1804"}],"wp:term":[{"taxonomy":"category","embeddable":true,"href":"https:\/\/vanxhaber.com\/index.php\/wp-json\/wp\/v2\/categories?post=1804"},{"taxonomy":"post_tag","embeddable":true,"href":"https:\/\/vanxhaber.com\/index.php\/wp-json\/wp\/v2\/tags?post=1804"}],"curies":[{"name":"wp","href":"https:\/\/api.w.org\/{rel}","templated":true}]}}