{"id":1813,"date":"2024-02-26T12:09:28","date_gmt":"2024-02-26T12:09:28","guid":{"rendered":"https:\/\/vanxhaber.com\/?p=1813"},"modified":"2024-02-26T12:09:29","modified_gmt":"2024-02-26T12:09:29","slug":"gazzede-can-kaybi-29-bin-782ye-yukseldi","status":"publish","type":"post","link":"https:\/\/vanxhaber.com\/index.php\/2024\/02\/26\/gazzede-can-kaybi-29-bin-782ye-yukseldi\/","title":{"rendered":"Gazze\u2019de can kayb\u0131 29 bin 782\u2019ye y\u00fckseldi"},"content":{"rendered":"\n<p><br><strong>\u0130srail\u2019in Gazze \u015eeridi\u2019ne y\u00f6nelik 7 Ekim\u2019den bu yana devam eden sald\u0131r\u0131lar\u0131nda hayat\u0131n\u0131 kaybedenlerin say\u0131s\u0131 29 bin 782\u2019ye, yaralananlar\u0131n say\u0131s\u0131 ise 70 bin 43\u2019e y\u00fckseldi.<\/strong><\/p>\n\n\n\n<p>\u0130srail\u2019in Gazze \u015eeridi\u2019ne y\u00f6nelik 7 Ekim\u2019den bu yana devam eden sald\u0131r\u0131lar\u0131nda hayat\u0131n\u0131 kaybedenlerin say\u0131s\u0131 29 bin 782\u2019ye, yaralananlar\u0131n say\u0131s\u0131 ise 70 bin 43\u2019e y\u00fckseldi.<\/p>\n\n\n\n<p>\u0130srail\u2019in Gazze \u015eeridi\u2019ne y\u00f6nelik sald\u0131r\u0131lar\u0131 143 g\u00fcnd\u00fcr aral\u0131ks\u0131z s\u00fcr\u00fcyor. B\u00f6lgede insani kriz tehlikeli seviyelerde seyrederken, \u0130srail g\u00fc\u00e7leri hayata tutunmaya \u00e7al\u0131\u015fan Filistinlilere bomba ya\u011fd\u0131rmaya devam ediyor. Filistin Sa\u011fl\u0131k Bakanl\u0131\u011f\u0131 taraf\u0131ndan yap\u0131lan a\u00e7\u0131klamada, 7 Ekim\u2019den bu yana devam eden \u0130srail sald\u0131r\u0131lar\u0131nda hayat\u0131n\u0131 kaybedenlerin say\u0131s\u0131n\u0131n 29 bin 782\u2019ye, yaralananlar\u0131n say\u0131s\u0131n\u0131n ise 70 bin 43\u2019e y\u00fckseldi\u011fi belirtildi.<\/p>\n\n\n\n<p>A\u00e7\u0131klamada ayr\u0131ca, \u0130srail\u2019in son 24 saatte ger\u00e7ekle\u015ftirdi\u011fi sald\u0131r\u0131larda 90 Filistinlinin hayat\u0131n\u0131 kaybetti\u011fi, 164 Filistinlinin ise yaraland\u0131\u011f\u0131 kaydedildi.<\/p>\n","protected":false},"excerpt":{"rendered":"<p>\u0130srail\u2019in Gazze \u015eeridi\u2019ne y\u00f6nelik 7 Ekim\u2019den bu yana devam eden sald\u0131r\u0131lar\u0131nda hayat\u0131n\u0131 kaybedenlerin say\u0131s\u0131 29 bin 782\u2019ye, yaralananlar\u0131n say\u0131s\u0131 ise 70 bin 43\u2019e y\u00fckseldi. \u0130srail\u2019in Gazze \u015eeridi\u2019ne y\u00f6nelik 7 Ekim\u2019den bu yana devam eden sald\u0131r\u0131lar\u0131nda hayat\u0131n\u0131 kaybedenlerin say\u0131s\u0131 29 bin 782\u2019ye, yaralananlar\u0131n say\u0131s\u0131 ise 70 bin 43\u2019e y\u00fckseldi. \u0130srail\u2019in Gazze \u015eeridi\u2019ne y\u00f6nelik sald\u0131r\u0131lar\u0131 143 g\u00fcnd\u00fcr &hellip;<\/p>\n","protected":false},"author":2,"featured_media":1815,"comment_status":"open","ping_status":"closed","sticky":false,"template":"","format":"standard","meta":{"googlesitekit_rrm_CAowot3VCw:productID":"","footnotes":""},"categories":[28,24],"tags":[],"class_list":["post-1813","post","type-post","status-publish","format-standard","has-post-thumbnail","hentry","category-van-egitim","category-van-haberleri"],"yoast_head":"<!-- This site is optimized with the Yoast SEO Premium plugin v21.7 (Yoast SEO v26.7) - https:\/\/yoast.com\/wordpress\/plugins\/seo\/ -->\n<title>Gazze\u2019de can kayb\u0131 29 bin 782\u2019ye y\u00fckseldi - Van Haber | Van X Haber | Van Haberleri<\/title>\n<meta name=\"robots\" content=\"index, follow, max-snippet:-1, max-image-preview:large, max-video-preview:-1\" \/>\n<link rel=\"canonical\" href=\"https:\/\/vanxhaber.com\/index.php\/2024\/02\/26\/gazzede-can-kaybi-29-bin-782ye-yukseldi\/\" \/>\n<meta property=\"og:locale\" content=\"tr_TR\" \/>\n<meta property=\"og:type\" content=\"article\" \/>\n<meta property=\"og:title\" content=\"Gazze\u2019de can kayb\u0131 29 bin 782\u2019ye y\u00fckseldi\" \/>\n<meta property=\"og:description\" content=\"\u0130srail\u2019in Gazze \u015eeridi\u2019ne y\u00f6nelik 7 Ekim\u2019den bu yana devam eden sald\u0131r\u0131lar\u0131nda hayat\u0131n\u0131 kaybedenlerin say\u0131s\u0131 29 bin 782\u2019ye, yaralananlar\u0131n say\u0131s\u0131 ise 70 bin 43\u2019e y\u00fckseldi. \u0130srail\u2019in Gazze \u015eeridi\u2019ne y\u00f6nelik 7 Ekim\u2019den bu yana devam eden sald\u0131r\u0131lar\u0131nda hayat\u0131n\u0131 kaybedenlerin say\u0131s\u0131 29 bin 782\u2019ye, yaralananlar\u0131n say\u0131s\u0131 ise 70 bin 43\u2019e y\u00fckseldi. \u0130srail\u2019in Gazze \u015eeridi\u2019ne y\u00f6nelik sald\u0131r\u0131lar\u0131 143 g\u00fcnd\u00fcr &hellip;\" \/>\n<meta property=\"og:url\" content=\"https:\/\/vanxhaber.com\/index.php\/2024\/02\/26\/gazzede-can-kaybi-29-bin-782ye-yukseldi\/\" \/>\n<meta property=\"og:site_name\" content=\"Van Haber | Van X Haber | Van Haberleri\" \/>\n<meta property=\"article:published_time\" content=\"2024-02-26T12:09:28+00:00\" \/>\n<meta property=\"article:modified_time\" content=\"2024-02-26T12:09:29+00:00\" \/>\n<meta property=\"og:image\" content=\"https:\/\/vanxhaber.com\/wp-content\/uploads\/2024\/02\/gazze.jpg\" \/>\n\t<meta property=\"og:image:width\" content=\"641\" \/>\n\t<meta property=\"og:image:height\" content=\"380\" \/>\n\t<meta property=\"og:image:type\" content=\"image\/jpeg\" \/>\n<meta name=\"author\" content=\"Van X Haber\" \/>\n<meta name=\"twitter:card\" content=\"summary_large_image\" \/>\n<meta name=\"twitter:label1\" content=\"Yazan:\" \/>\n\t<meta name=\"twitter:data1\" content=\"Van X Haber\" \/>\n\t<meta name=\"twitter:label2\" content=\"Tahmini okuma s\u00fcresi\" \/>\n\t<meta name=\"twitter:data2\" content=\"1 dakika\" \/>\n<script type=\"application\/ld+json\" class=\"yoast-schema-graph\">{\"@context\":\"https:\/\/schema.org\",\"@graph\":[{\"@type\":\"Article\",\"@id\":\"https:\/\/vanxhaber.com\/index.php\/2024\/02\/26\/gazzede-can-kaybi-29-bin-782ye-yukseldi\/#article\",\"isPartOf\":{\"@id\":\"https:\/\/vanxhaber.com\/index.php\/2024\/02\/26\/gazzede-can-kaybi-29-bin-782ye-yukseldi\/\"},\"author\":{\"name\":\"Van X Haber\",\"@id\":\"https:\/\/vanxhaber.com\/#\/schema\/person\/a5fd8d89510cb5370e62ad176f7978ee\"},\"headline\":\"Gazze\u2019de can kayb\u0131 29 bin 782\u2019ye y\u00fckseldi\",\"datePublished\":\"2024-02-26T12:09:28+00:00\",\"dateModified\":\"2024-02-26T12:09:29+00:00\",\"mainEntityOfPage\":{\"@id\":\"https:\/\/vanxhaber.com\/index.php\/2024\/02\/26\/gazzede-can-kaybi-29-bin-782ye-yukseldi\/\"},\"wordCount\":182,\"commentCount\":0,\"image\":{\"@id\":\"https:\/\/vanxhaber.com\/index.php\/2024\/02\/26\/gazzede-can-kaybi-29-bin-782ye-yukseldi\/#primaryimage\"},\"thumbnailUrl\":\"https:\/\/vanxhaber.com\/wp-content\/uploads\/2024\/02\/gazze.jpg\",\"articleSection\":[\"Van E\u011fitim\",\"Van Haberleri\"],\"inLanguage\":\"tr\",\"potentialAction\":[{\"@type\":\"CommentAction\",\"name\":\"Comment\",\"target\":[\"https:\/\/vanxhaber.com\/index.php\/2024\/02\/26\/gazzede-can-kaybi-29-bin-782ye-yukseldi\/#respond\"]}],\"copyrightYear\":\"2024\",\"copyrightHolder\":{\"@id\":\"https:\/\/vanxhaber.com\/#organization\"}},{\"@type\":\"WebPage\",\"@id\":\"https:\/\/vanxhaber.com\/index.php\/2024\/02\/26\/gazzede-can-kaybi-29-bin-782ye-yukseldi\/\",\"url\":\"https:\/\/vanxhaber.com\/index.php\/2024\/02\/26\/gazzede-can-kaybi-29-bin-782ye-yukseldi\/\",\"name\":\"Gazze\u2019de can kayb\u0131 29 bin 782\u2019ye y\u00fckseldi - Van Haber | Van X Haber | Van Haberleri\",\"isPartOf\":{\"@id\":\"https:\/\/vanxhaber.com\/#website\"},\"primaryImageOfPage\":{\"@id\":\"https:\/\/vanxhaber.com\/index.php\/2024\/02\/26\/gazzede-can-kaybi-29-bin-782ye-yukseldi\/#primaryimage\"},\"image\":{\"@id\":\"https:\/\/vanxhaber.com\/index.php\/2024\/02\/26\/gazzede-can-kaybi-29-bin-782ye-yukseldi\/#primaryimage\"},\"thumbnailUrl\":\"https:\/\/vanxhaber.com\/wp-content\/uploads\/2024\/02\/gazze.jpg\",\"datePublished\":\"2024-02-26T12:09:28+00:00\",\"dateModified\":\"2024-02-26T12:09:29+00:00\",\"author\":{\"@id\":\"https:\/\/vanxhaber.com\/#\/schema\/person\/a5fd8d89510cb5370e62ad176f7978ee\"},\"breadcrumb\":{\"@id\":\"https:\/\/vanxhaber.com\/index.php\/2024\/02\/26\/gazzede-can-kaybi-29-bin-782ye-yukseldi\/#breadcrumb\"},\"inLanguage\":\"tr\",\"potentialAction\":[{\"@type\":\"ReadAction\",\"target\":[\"https:\/\/vanxhaber.com\/index.php\/2024\/02\/26\/gazzede-can-kaybi-29-bin-782ye-yukseldi\/\"]}]},{\"@type\":\"ImageObject\",\"inLanguage\":\"tr\",\"@id\":\"https:\/\/vanxhaber.com\/index.php\/2024\/02\/26\/gazzede-can-kaybi-29-bin-782ye-yukseldi\/#primaryimage\",\"url\":\"https:\/\/vanxhaber.com\/wp-content\/uploads\/2024\/02\/gazze.jpg\",\"contentUrl\":\"https:\/\/vanxhaber.com\/wp-content\/uploads\/2024\/02\/gazze.jpg\",\"width\":641,\"height\":380},{\"@type\":\"BreadcrumbList\",\"@id\":\"https:\/\/vanxhaber.com\/index.php\/2024\/02\/26\/gazzede-can-kaybi-29-bin-782ye-yukseldi\/#breadcrumb\",\"itemListElement\":[{\"@type\":\"ListItem\",\"position\":1,\"name\":\"Anasayfa\",\"item\":\"https:\/\/vanxhaber.com\/\"},{\"@type\":\"ListItem\",\"position\":2,\"name\":\"Gazze\u2019de can kayb\u0131 29 bin 782\u2019ye y\u00fckseldi\"}]},{\"@type\":\"WebSite\",\"@id\":\"https:\/\/vanxhaber.com\/#website\",\"url\":\"https:\/\/vanxhaber.com\/\",\"name\":\"Van Haber | Van X Haber | Van Haberleri\",\"description\":\"Van Haber, Van&#039;\u0131n ilk yapay zeka teknolojileri ile yaz\u0131lan Van X Haber ve Van Haberlerini aktif g\u00fcncel sunan tek vanhaber merkezidir.\",\"potentialAction\":[{\"@type\":\"SearchAction\",\"target\":{\"@type\":\"EntryPoint\",\"urlTemplate\":\"https:\/\/vanxhaber.com\/?s={search_term_string}\"},\"query-input\":{\"@type\":\"PropertyValueSpecification\",\"valueRequired\":true,\"valueName\":\"search_term_string\"}}],\"inLanguage\":\"tr\"},{\"@type\":\"Person\",\"@id\":\"https:\/\/vanxhaber.com\/#\/schema\/person\/a5fd8d89510cb5370e62ad176f7978ee\",\"name\":\"Van X Haber\",\"image\":{\"@type\":\"ImageObject\",\"inLanguage\":\"tr\",\"@id\":\"https:\/\/vanxhaber.com\/#\/schema\/person\/image\/\",\"url\":\"https:\/\/secure.gravatar.com\/avatar\/36f2f63826681263103acb5ca1e7bc1a6db11baea9b75dd091d89b74f2704b07?s=96&d=mm&r=g\",\"contentUrl\":\"https:\/\/secure.gravatar.com\/avatar\/36f2f63826681263103acb5ca1e7bc1a6db11baea9b75dd091d89b74f2704b07?s=96&d=mm&r=g\",\"caption\":\"Van X Haber\"},\"description\":\"Van X Haber Van'\u0131n ilk ve tek yeni nesil Van Haber merkezi. Son Dakika Van Haberleri ve G\u00fcncel Van haber merkezinde s\u0131cak geli\u015fmeleri aktarmaya devam edece\u011fiz.\",\"url\":\"https:\/\/vanxhaber.com\/index.php\/author\/vangazetesi\/\"}]}<\/script>\n<!-- \/ Yoast SEO Premium plugin. -->","yoast_head_json":{"title":"Gazze\u2019de can kayb\u0131 29 bin 782\u2019ye y\u00fckseldi - Van Haber | Van X Haber | Van Haberleri","robots":{"index":"index","follow":"follow","max-snippet":"max-snippet:-1","max-image-preview":"max-image-preview:large","max-video-preview":"max-video-preview:-1"},"canonical":"https:\/\/vanxhaber.com\/index.php\/2024\/02\/26\/gazzede-can-kaybi-29-bin-782ye-yukseldi\/","og_locale":"tr_TR","og_type":"article","og_title":"Gazze\u2019de can kayb\u0131 29 bin 782\u2019ye y\u00fckseldi","og_description":"\u0130srail\u2019in Gazze \u015eeridi\u2019ne y\u00f6nelik 7 Ekim\u2019den bu yana devam eden sald\u0131r\u0131lar\u0131nda hayat\u0131n\u0131 kaybedenlerin say\u0131s\u0131 29 bin 782\u2019ye, yaralananlar\u0131n say\u0131s\u0131 ise 70 bin 43\u2019e y\u00fckseldi. \u0130srail\u2019in Gazze \u015eeridi\u2019ne y\u00f6nelik 7 Ekim\u2019den bu yana devam eden sald\u0131r\u0131lar\u0131nda hayat\u0131n\u0131 kaybedenlerin say\u0131s\u0131 29 bin 782\u2019ye, yaralananlar\u0131n say\u0131s\u0131 ise 70 bin 43\u2019e y\u00fckseldi. \u0130srail\u2019in Gazze \u015eeridi\u2019ne y\u00f6nelik sald\u0131r\u0131lar\u0131 143 g\u00fcnd\u00fcr &hellip;","og_url":"https:\/\/vanxhaber.com\/index.php\/2024\/02\/26\/gazzede-can-kaybi-29-bin-782ye-yukseldi\/","og_site_name":"Van Haber | Van X Haber | Van Haberleri","article_published_time":"2024-02-26T12:09:28+00:00","article_modified_time":"2024-02-26T12:09:29+00:00","og_image":[{"width":641,"height":380,"url":"https:\/\/vanxhaber.com\/wp-content\/uploads\/2024\/02\/gazze.jpg","type":"image\/jpeg"}],"author":"Van X Haber","twitter_card":"summary_large_image","twitter_misc":{"Yazan:":"Van X Haber","Tahmini okuma s\u00fcresi":"1 dakika"},"schema":{"@context":"https:\/\/schema.org","@graph":[{"@type":"Article","@id":"https:\/\/vanxhaber.com\/index.php\/2024\/02\/26\/gazzede-can-kaybi-29-bin-782ye-yukseldi\/#article","isPartOf":{"@id":"https:\/\/vanxhaber.com\/index.php\/2024\/02\/26\/gazzede-can-kaybi-29-bin-782ye-yukseldi\/"},"author":{"name":"Van X Haber","@id":"https:\/\/vanxhaber.com\/#\/schema\/person\/a5fd8d89510cb5370e62ad176f7978ee"},"headline":"Gazze\u2019de can kayb\u0131 29 bin 782\u2019ye y\u00fckseldi","datePublished":"2024-02-26T12:09:28+00:00","dateModified":"2024-02-26T12:09:29+00:00","mainEntityOfPage":{"@id":"https:\/\/vanxhaber.com\/index.php\/2024\/02\/26\/gazzede-can-kaybi-29-bin-782ye-yukseldi\/"},"wordCount":182,"commentCount":0,"image":{"@id":"https:\/\/vanxhaber.com\/index.php\/2024\/02\/26\/gazzede-can-kaybi-29-bin-782ye-yukseldi\/#primaryimage"},"thumbnailUrl":"https:\/\/vanxhaber.com\/wp-content\/uploads\/2024\/02\/gazze.jpg","articleSection":["Van E\u011fitim","Van Haberleri"],"inLanguage":"tr","potentialAction":[{"@type":"CommentAction","name":"Comment","target":["https:\/\/vanxhaber.com\/index.php\/2024\/02\/26\/gazzede-can-kaybi-29-bin-782ye-yukseldi\/#respond"]}],"copyrightYear":"2024","copyrightHolder":{"@id":"https:\/\/vanxhaber.com\/#organization"}},{"@type":"WebPage","@id":"https:\/\/vanxhaber.com\/index.php\/2024\/02\/26\/gazzede-can-kaybi-29-bin-782ye-yukseldi\/","url":"https:\/\/vanxhaber.com\/index.php\/2024\/02\/26\/gazzede-can-kaybi-29-bin-782ye-yukseldi\/","name":"Gazze\u2019de can kayb\u0131 29 bin 782\u2019ye y\u00fckseldi - Van Haber | Van X Haber | Van Haberleri","isPartOf":{"@id":"https:\/\/vanxhaber.com\/#website"},"primaryImageOfPage":{"@id":"https:\/\/vanxhaber.com\/index.php\/2024\/02\/26\/gazzede-can-kaybi-29-bin-782ye-yukseldi\/#primaryimage"},"image":{"@id":"https:\/\/vanxhaber.com\/index.php\/2024\/02\/26\/gazzede-can-kaybi-29-bin-782ye-yukseldi\/#primaryimage"},"thumbnailUrl":"https:\/\/vanxhaber.com\/wp-content\/uploads\/2024\/02\/gazze.jpg","datePublished":"2024-02-26T12:09:28+00:00","dateModified":"2024-02-26T12:09:29+00:00","author":{"@id":"https:\/\/vanxhaber.com\/#\/schema\/person\/a5fd8d89510cb5370e62ad176f7978ee"},"breadcrumb":{"@id":"https:\/\/vanxhaber.com\/index.php\/2024\/02\/26\/gazzede-can-kaybi-29-bin-782ye-yukseldi\/#breadcrumb"},"inLanguage":"tr","potentialAction":[{"@type":"ReadAction","target":["https:\/\/vanxhaber.com\/index.php\/2024\/02\/26\/gazzede-can-kaybi-29-bin-782ye-yukseldi\/"]}]},{"@type":"ImageObject","inLanguage":"tr","@id":"https:\/\/vanxhaber.com\/index.php\/2024\/02\/26\/gazzede-can-kaybi-29-bin-782ye-yukseldi\/#primaryimage","url":"https:\/\/vanxhaber.com\/wp-content\/uploads\/2024\/02\/gazze.jpg","contentUrl":"https:\/\/vanxhaber.com\/wp-content\/uploads\/2024\/02\/gazze.jpg","width":641,"height":380},{"@type":"BreadcrumbList","@id":"https:\/\/vanxhaber.com\/index.php\/2024\/02\/26\/gazzede-can-kaybi-29-bin-782ye-yukseldi\/#breadcrumb","itemListElement":[{"@type":"ListItem","position":1,"name":"Anasayfa","item":"https:\/\/vanxhaber.com\/"},{"@type":"ListItem","position":2,"name":"Gazze\u2019de can kayb\u0131 29 bin 782\u2019ye y\u00fckseldi"}]},{"@type":"WebSite","@id":"https:\/\/vanxhaber.com\/#website","url":"https:\/\/vanxhaber.com\/","name":"Van Haber | Van X Haber | Van Haberleri","description":"Van Haber, Van&#039;\u0131n ilk yapay zeka teknolojileri ile yaz\u0131lan Van X Haber ve Van Haberlerini aktif g\u00fcncel sunan tek vanhaber merkezidir.","potentialAction":[{"@type":"SearchAction","target":{"@type":"EntryPoint","urlTemplate":"https:\/\/vanxhaber.com\/?s={search_term_string}"},"query-input":{"@type":"PropertyValueSpecification","valueRequired":true,"valueName":"search_term_string"}}],"inLanguage":"tr"},{"@type":"Person","@id":"https:\/\/vanxhaber.com\/#\/schema\/person\/a5fd8d89510cb5370e62ad176f7978ee","name":"Van X Haber","image":{"@type":"ImageObject","inLanguage":"tr","@id":"https:\/\/vanxhaber.com\/#\/schema\/person\/image\/","url":"https:\/\/secure.gravatar.com\/avatar\/36f2f63826681263103acb5ca1e7bc1a6db11baea9b75dd091d89b74f2704b07?s=96&d=mm&r=g","contentUrl":"https:\/\/secure.gravatar.com\/avatar\/36f2f63826681263103acb5ca1e7bc1a6db11baea9b75dd091d89b74f2704b07?s=96&d=mm&r=g","caption":"Van X Haber"},"description":"Van X Haber Van'\u0131n ilk ve tek yeni nesil Van Haber merkezi. Son Dakika Van Haberleri ve G\u00fcncel Van haber merkezinde s\u0131cak geli\u015fmeleri aktarmaya devam edece\u011fiz.","url":"https:\/\/vanxhaber.com\/index.php\/author\/vangazetesi\/"}]}},"_links":{"self":[{"href":"https:\/\/vanxhaber.com\/index.php\/wp-json\/wp\/v2\/posts\/1813","targetHints":{"allow":["GET"]}}],"collection":[{"href":"https:\/\/vanxhaber.com\/index.php\/wp-json\/wp\/v2\/posts"}],"about":[{"href":"https:\/\/vanxhaber.com\/index.php\/wp-json\/wp\/v2\/types\/post"}],"author":[{"embeddable":true,"href":"https:\/\/vanxhaber.com\/index.php\/wp-json\/wp\/v2\/users\/2"}],"replies":[{"embeddable":true,"href":"https:\/\/vanxhaber.com\/index.php\/wp-json\/wp\/v2\/comments?post=1813"}],"version-history":[{"count":1,"href":"https:\/\/vanxhaber.com\/index.php\/wp-json\/wp\/v2\/posts\/1813\/revisions"}],"predecessor-version":[{"id":1816,"href":"https:\/\/vanxhaber.com\/index.php\/wp-json\/wp\/v2\/posts\/1813\/revisions\/1816"}],"wp:featuredmedia":[{"embeddable":true,"href":"https:\/\/vanxhaber.com\/index.php\/wp-json\/wp\/v2\/media\/1815"}],"wp:attachment":[{"href":"https:\/\/vanxhaber.com\/index.php\/wp-json\/wp\/v2\/media?parent=1813"}],"wp:term":[{"taxonomy":"category","embeddable":true,"href":"https:\/\/vanxhaber.com\/index.php\/wp-json\/wp\/v2\/categories?post=1813"},{"taxonomy":"post_tag","embeddable":true,"href":"https:\/\/vanxhaber.com\/index.php\/wp-json\/wp\/v2\/tags?post=1813"}],"curies":[{"name":"wp","href":"https:\/\/api.w.org\/{rel}","templated":true}]}}