{"id":1817,"date":"2024-02-27T08:23:00","date_gmt":"2024-02-27T08:23:00","guid":{"rendered":"https:\/\/vanxhaber.com\/?p=1817"},"modified":"2024-02-27T08:23:02","modified_gmt":"2024-02-27T08:23:02","slug":"buyuksehirde-konservatuvar-kayitlari-basladi","status":"publish","type":"post","link":"https:\/\/vanxhaber.com\/index.php\/2024\/02\/27\/buyuksehirde-konservatuvar-kayitlari-basladi\/","title":{"rendered":"B\u00fcy\u00fck\u015fehir\u2019de konservatuvar kay\u0131tlar\u0131 ba\u015flad\u0131"},"content":{"rendered":"\n<p><strong>Van B\u00fcy\u00fck\u015fehir Belediyesi taraf\u0131ndan kurulan ve ge\u00e7ti\u011fimiz g\u00fcnlerde a\u00e7\u0131l\u0131\u015f\u0131 yap\u0131lan konservatuvar b\u00fcnyesinde verilecek olan sanat e\u011fitimleri i\u00e7in kay\u0131tlar ba\u015flad\u0131.<\/strong><\/p>\n\n\n\n<p><strong>Kent<\/strong>in k\u00fclt\u00fcr-sanat hayat\u0131na b\u00fcy\u00fck katk\u0131 sa\u011flayacak olan B\u00fcy\u00fck\u015fehir Belediyesi Konservatuvar\u0131, Tiyatro, <strong>M\u00fczik,<\/strong> Resim ve Halk Oyunlar\u0131 b\u00f6l\u00fcmlerinden olu\u015fan sanat e\u011fitimlerine ba\u015fl\u0131yor. Hac\u0131bekir Mahallesi K\u00fclt\u00fcr Merkezi b\u00fcnyesinde kurulan konservatuvar i\u00e7in ba\u015fvurular kurs.van.bel.tr adresinden 7 Mart 2024 Per\u015fembe G\u00fcn\u00fc 23:00\u2019a kadar yap\u0131labilecek. <\/p>\n\n\n\n<p>Ba\u015fvurular\u0131n al\u0131nmas\u0131yla birlikte 10 Mart 2024 Pazar g\u00fcn\u00fc m\u00fclakat s\u0131navlar\u0131 yap\u0131larak, ba\u015far\u0131l\u0131 bulunan adaylar konservatuvar\u0131n e\u011fitim program\u0131na ba\u015flayacak. E\u011fitim sonunda ise kursiyerlere kat\u0131l\u0131m belgeleri verilerek, <strong>B\u00fcy\u00fck\u015fehir Belediyesi<\/strong>\u2019nin k\u00fclt\u00fcrel ve sanatsal faaliyetlerine dahil olmalar\u0131 i\u00e7in \u00e7al\u0131\u015fmalar yap\u0131lacak. 17 e\u011fitmenin g\u00f6rev ald\u0131\u011f\u0131 konservatuvarda <strong>T\u00fcrk Halk M\u00fczi\u011fi,<\/strong> T\u00fcrk Sanat M\u00fczi\u011fi, Koro, M\u00fczik Teorisi, Resim, Tiyatro, Halk Oyunlar\u0131 ve \u00c7alg\u0131 E\u011fitimi gibi b\u00f6l\u00fcmler ile bu b\u00f6l\u00fcmlere ait alt bran\u015flar yer al\u0131yor. Temel amac\u0131 \u015fehrin k\u00fclt\u00fcr ve sanat\u0131nda iz b\u0131rakacak ki\u015fileri yeti\u015ftirmek olan B\u00fcy\u00fck\u015fehir Belediyesi Konservatuvar\u0131n\u0131n kentte b\u00fcy\u00fck ba\u015far\u0131lara imza atmas\u0131 hedefleniyor.<\/p>\n","protected":false},"excerpt":{"rendered":"<p>Van B\u00fcy\u00fck\u015fehir Belediyesi taraf\u0131ndan kurulan ve ge\u00e7ti\u011fimiz g\u00fcnlerde a\u00e7\u0131l\u0131\u015f\u0131 yap\u0131lan konservatuvar b\u00fcnyesinde verilecek olan sanat e\u011fitimleri i\u00e7in kay\u0131tlar ba\u015flad\u0131. Kentin k\u00fclt\u00fcr-sanat hayat\u0131na b\u00fcy\u00fck katk\u0131 sa\u011flayacak olan B\u00fcy\u00fck\u015fehir Belediyesi Konservatuvar\u0131, Tiyatro, M\u00fczik, Resim ve Halk Oyunlar\u0131 b\u00f6l\u00fcmlerinden olu\u015fan sanat e\u011fitimlerine ba\u015fl\u0131yor. Hac\u0131bekir Mahallesi K\u00fclt\u00fcr Merkezi b\u00fcnyesinde kurulan konservatuvar i\u00e7in ba\u015fvurular kurs.van.bel.tr adresinden 7 Mart 2024 Per\u015fembe &hellip;<\/p>\n","protected":false},"author":2,"featured_media":1819,"comment_status":"open","ping_status":"closed","sticky":false,"template":"","format":"standard","meta":{"googlesitekit_rrm_CAowot3VCw:productID":"","footnotes":""},"categories":[28,32,24],"tags":[],"class_list":["post-1817","post","type-post","status-publish","format-standard","has-post-thumbnail","hentry","category-van-egitim","category-van-genclik","category-van-haberleri"],"yoast_head":"<!-- This site is optimized with the Yoast SEO Premium plugin v21.7 (Yoast SEO v26.7) - https:\/\/yoast.com\/wordpress\/plugins\/seo\/ -->\n<title>B\u00fcy\u00fck\u015fehir\u2019de konservatuvar kay\u0131tlar\u0131 ba\u015flad\u0131 - Van Haber | Van X Haber | Van Haberleri<\/title>\n<meta name=\"robots\" content=\"index, follow, max-snippet:-1, max-image-preview:large, max-video-preview:-1\" \/>\n<link rel=\"canonical\" href=\"https:\/\/vanxhaber.com\/index.php\/2024\/02\/27\/buyuksehirde-konservatuvar-kayitlari-basladi\/\" \/>\n<meta property=\"og:locale\" content=\"tr_TR\" \/>\n<meta property=\"og:type\" content=\"article\" \/>\n<meta property=\"og:title\" content=\"B\u00fcy\u00fck\u015fehir\u2019de konservatuvar kay\u0131tlar\u0131 ba\u015flad\u0131\" \/>\n<meta property=\"og:description\" content=\"Van B\u00fcy\u00fck\u015fehir Belediyesi taraf\u0131ndan kurulan ve ge\u00e7ti\u011fimiz g\u00fcnlerde a\u00e7\u0131l\u0131\u015f\u0131 yap\u0131lan konservatuvar b\u00fcnyesinde verilecek olan sanat e\u011fitimleri i\u00e7in kay\u0131tlar ba\u015flad\u0131. Kentin k\u00fclt\u00fcr-sanat hayat\u0131na b\u00fcy\u00fck katk\u0131 sa\u011flayacak olan B\u00fcy\u00fck\u015fehir Belediyesi Konservatuvar\u0131, Tiyatro, M\u00fczik, Resim ve Halk Oyunlar\u0131 b\u00f6l\u00fcmlerinden olu\u015fan sanat e\u011fitimlerine ba\u015fl\u0131yor. Hac\u0131bekir Mahallesi K\u00fclt\u00fcr Merkezi b\u00fcnyesinde kurulan konservatuvar i\u00e7in ba\u015fvurular kurs.van.bel.tr adresinden 7 Mart 2024 Per\u015fembe &hellip;\" \/>\n<meta property=\"og:url\" content=\"https:\/\/vanxhaber.com\/index.php\/2024\/02\/27\/buyuksehirde-konservatuvar-kayitlari-basladi\/\" \/>\n<meta property=\"og:site_name\" content=\"Van Haber | Van X Haber | Van Haberleri\" \/>\n<meta property=\"article:published_time\" content=\"2024-02-27T08:23:00+00:00\" \/>\n<meta property=\"article:modified_time\" content=\"2024-02-27T08:23:02+00:00\" \/>\n<meta property=\"og:image\" content=\"https:\/\/vanxhaber.com\/wp-content\/uploads\/2024\/02\/konservatuar.jpg\" \/>\n\t<meta property=\"og:image:width\" content=\"1110\" \/>\n\t<meta property=\"og:image:height\" content=\"500\" \/>\n\t<meta property=\"og:image:type\" content=\"image\/jpeg\" \/>\n<meta name=\"author\" content=\"Van X Haber\" \/>\n<meta name=\"twitter:card\" content=\"summary_large_image\" \/>\n<meta name=\"twitter:label1\" content=\"Yazan:\" \/>\n\t<meta name=\"twitter:data1\" content=\"Van X Haber\" \/>\n\t<meta name=\"twitter:label2\" content=\"Tahmini okuma s\u00fcresi\" \/>\n\t<meta name=\"twitter:data2\" content=\"2 dakika\" \/>\n<script type=\"application\/ld+json\" class=\"yoast-schema-graph\">{\"@context\":\"https:\/\/schema.org\",\"@graph\":[{\"@type\":\"Article\",\"@id\":\"https:\/\/vanxhaber.com\/index.php\/2024\/02\/27\/buyuksehirde-konservatuvar-kayitlari-basladi\/#article\",\"isPartOf\":{\"@id\":\"https:\/\/vanxhaber.com\/index.php\/2024\/02\/27\/buyuksehirde-konservatuvar-kayitlari-basladi\/\"},\"author\":{\"name\":\"Van X Haber\",\"@id\":\"https:\/\/vanxhaber.com\/#\/schema\/person\/a5fd8d89510cb5370e62ad176f7978ee\"},\"headline\":\"B\u00fcy\u00fck\u015fehir\u2019de konservatuvar kay\u0131tlar\u0131 ba\u015flad\u0131\",\"datePublished\":\"2024-02-27T08:23:00+00:00\",\"dateModified\":\"2024-02-27T08:23:02+00:00\",\"mainEntityOfPage\":{\"@id\":\"https:\/\/vanxhaber.com\/index.php\/2024\/02\/27\/buyuksehirde-konservatuvar-kayitlari-basladi\/\"},\"wordCount\":250,\"commentCount\":0,\"image\":{\"@id\":\"https:\/\/vanxhaber.com\/index.php\/2024\/02\/27\/buyuksehirde-konservatuvar-kayitlari-basladi\/#primaryimage\"},\"thumbnailUrl\":\"https:\/\/vanxhaber.com\/wp-content\/uploads\/2024\/02\/konservatuar.jpg\",\"articleSection\":[\"Van E\u011fitim\",\"Van\u00a0Gen\u00e7lik\",\"Van Haberleri\"],\"inLanguage\":\"tr\",\"potentialAction\":[{\"@type\":\"CommentAction\",\"name\":\"Comment\",\"target\":[\"https:\/\/vanxhaber.com\/index.php\/2024\/02\/27\/buyuksehirde-konservatuvar-kayitlari-basladi\/#respond\"]}],\"copyrightYear\":\"2024\",\"copyrightHolder\":{\"@id\":\"https:\/\/vanxhaber.com\/#organization\"}},{\"@type\":\"WebPage\",\"@id\":\"https:\/\/vanxhaber.com\/index.php\/2024\/02\/27\/buyuksehirde-konservatuvar-kayitlari-basladi\/\",\"url\":\"https:\/\/vanxhaber.com\/index.php\/2024\/02\/27\/buyuksehirde-konservatuvar-kayitlari-basladi\/\",\"name\":\"B\u00fcy\u00fck\u015fehir\u2019de konservatuvar kay\u0131tlar\u0131 ba\u015flad\u0131 - Van Haber | Van X Haber | Van Haberleri\",\"isPartOf\":{\"@id\":\"https:\/\/vanxhaber.com\/#website\"},\"primaryImageOfPage\":{\"@id\":\"https:\/\/vanxhaber.com\/index.php\/2024\/02\/27\/buyuksehirde-konservatuvar-kayitlari-basladi\/#primaryimage\"},\"image\":{\"@id\":\"https:\/\/vanxhaber.com\/index.php\/2024\/02\/27\/buyuksehirde-konservatuvar-kayitlari-basladi\/#primaryimage\"},\"thumbnailUrl\":\"https:\/\/vanxhaber.com\/wp-content\/uploads\/2024\/02\/konservatuar.jpg\",\"datePublished\":\"2024-02-27T08:23:00+00:00\",\"dateModified\":\"2024-02-27T08:23:02+00:00\",\"author\":{\"@id\":\"https:\/\/vanxhaber.com\/#\/schema\/person\/a5fd8d89510cb5370e62ad176f7978ee\"},\"breadcrumb\":{\"@id\":\"https:\/\/vanxhaber.com\/index.php\/2024\/02\/27\/buyuksehirde-konservatuvar-kayitlari-basladi\/#breadcrumb\"},\"inLanguage\":\"tr\",\"potentialAction\":[{\"@type\":\"ReadAction\",\"target\":[\"https:\/\/vanxhaber.com\/index.php\/2024\/02\/27\/buyuksehirde-konservatuvar-kayitlari-basladi\/\"]}]},{\"@type\":\"ImageObject\",\"inLanguage\":\"tr\",\"@id\":\"https:\/\/vanxhaber.com\/index.php\/2024\/02\/27\/buyuksehirde-konservatuvar-kayitlari-basladi\/#primaryimage\",\"url\":\"https:\/\/vanxhaber.com\/wp-content\/uploads\/2024\/02\/konservatuar.jpg\",\"contentUrl\":\"https:\/\/vanxhaber.com\/wp-content\/uploads\/2024\/02\/konservatuar.jpg\",\"width\":1110,\"height\":500},{\"@type\":\"BreadcrumbList\",\"@id\":\"https:\/\/vanxhaber.com\/index.php\/2024\/02\/27\/buyuksehirde-konservatuvar-kayitlari-basladi\/#breadcrumb\",\"itemListElement\":[{\"@type\":\"ListItem\",\"position\":1,\"name\":\"Anasayfa\",\"item\":\"https:\/\/vanxhaber.com\/\"},{\"@type\":\"ListItem\",\"position\":2,\"name\":\"B\u00fcy\u00fck\u015fehir\u2019de konservatuvar kay\u0131tlar\u0131 ba\u015flad\u0131\"}]},{\"@type\":\"WebSite\",\"@id\":\"https:\/\/vanxhaber.com\/#website\",\"url\":\"https:\/\/vanxhaber.com\/\",\"name\":\"Van Haber | Van X Haber | Van Haberleri\",\"description\":\"Van Haber, Van&#039;\u0131n ilk yapay zeka teknolojileri ile yaz\u0131lan Van X Haber ve Van Haberlerini aktif g\u00fcncel sunan tek vanhaber merkezidir.\",\"potentialAction\":[{\"@type\":\"SearchAction\",\"target\":{\"@type\":\"EntryPoint\",\"urlTemplate\":\"https:\/\/vanxhaber.com\/?s={search_term_string}\"},\"query-input\":{\"@type\":\"PropertyValueSpecification\",\"valueRequired\":true,\"valueName\":\"search_term_string\"}}],\"inLanguage\":\"tr\"},{\"@type\":\"Person\",\"@id\":\"https:\/\/vanxhaber.com\/#\/schema\/person\/a5fd8d89510cb5370e62ad176f7978ee\",\"name\":\"Van X Haber\",\"image\":{\"@type\":\"ImageObject\",\"inLanguage\":\"tr\",\"@id\":\"https:\/\/vanxhaber.com\/#\/schema\/person\/image\/\",\"url\":\"https:\/\/secure.gravatar.com\/avatar\/36f2f63826681263103acb5ca1e7bc1a6db11baea9b75dd091d89b74f2704b07?s=96&d=mm&r=g\",\"contentUrl\":\"https:\/\/secure.gravatar.com\/avatar\/36f2f63826681263103acb5ca1e7bc1a6db11baea9b75dd091d89b74f2704b07?s=96&d=mm&r=g\",\"caption\":\"Van X Haber\"},\"description\":\"Van X Haber Van'\u0131n ilk ve tek yeni nesil Van Haber merkezi. Son Dakika Van Haberleri ve G\u00fcncel Van haber merkezinde s\u0131cak geli\u015fmeleri aktarmaya devam edece\u011fiz.\",\"url\":\"https:\/\/vanxhaber.com\/index.php\/author\/vangazetesi\/\"}]}<\/script>\n<!-- \/ Yoast SEO Premium plugin. -->","yoast_head_json":{"title":"B\u00fcy\u00fck\u015fehir\u2019de konservatuvar kay\u0131tlar\u0131 ba\u015flad\u0131 - Van Haber | Van X Haber | Van Haberleri","robots":{"index":"index","follow":"follow","max-snippet":"max-snippet:-1","max-image-preview":"max-image-preview:large","max-video-preview":"max-video-preview:-1"},"canonical":"https:\/\/vanxhaber.com\/index.php\/2024\/02\/27\/buyuksehirde-konservatuvar-kayitlari-basladi\/","og_locale":"tr_TR","og_type":"article","og_title":"B\u00fcy\u00fck\u015fehir\u2019de konservatuvar kay\u0131tlar\u0131 ba\u015flad\u0131","og_description":"Van B\u00fcy\u00fck\u015fehir Belediyesi taraf\u0131ndan kurulan ve ge\u00e7ti\u011fimiz g\u00fcnlerde a\u00e7\u0131l\u0131\u015f\u0131 yap\u0131lan konservatuvar b\u00fcnyesinde verilecek olan sanat e\u011fitimleri i\u00e7in kay\u0131tlar ba\u015flad\u0131. Kentin k\u00fclt\u00fcr-sanat hayat\u0131na b\u00fcy\u00fck katk\u0131 sa\u011flayacak olan B\u00fcy\u00fck\u015fehir Belediyesi Konservatuvar\u0131, Tiyatro, M\u00fczik, Resim ve Halk Oyunlar\u0131 b\u00f6l\u00fcmlerinden olu\u015fan sanat e\u011fitimlerine ba\u015fl\u0131yor. Hac\u0131bekir Mahallesi K\u00fclt\u00fcr Merkezi b\u00fcnyesinde kurulan konservatuvar i\u00e7in ba\u015fvurular kurs.van.bel.tr adresinden 7 Mart 2024 Per\u015fembe &hellip;","og_url":"https:\/\/vanxhaber.com\/index.php\/2024\/02\/27\/buyuksehirde-konservatuvar-kayitlari-basladi\/","og_site_name":"Van Haber | Van X Haber | Van Haberleri","article_published_time":"2024-02-27T08:23:00+00:00","article_modified_time":"2024-02-27T08:23:02+00:00","og_image":[{"width":1110,"height":500,"url":"https:\/\/vanxhaber.com\/wp-content\/uploads\/2024\/02\/konservatuar.jpg","type":"image\/jpeg"}],"author":"Van X Haber","twitter_card":"summary_large_image","twitter_misc":{"Yazan:":"Van X Haber","Tahmini okuma s\u00fcresi":"2 dakika"},"schema":{"@context":"https:\/\/schema.org","@graph":[{"@type":"Article","@id":"https:\/\/vanxhaber.com\/index.php\/2024\/02\/27\/buyuksehirde-konservatuvar-kayitlari-basladi\/#article","isPartOf":{"@id":"https:\/\/vanxhaber.com\/index.php\/2024\/02\/27\/buyuksehirde-konservatuvar-kayitlari-basladi\/"},"author":{"name":"Van X Haber","@id":"https:\/\/vanxhaber.com\/#\/schema\/person\/a5fd8d89510cb5370e62ad176f7978ee"},"headline":"B\u00fcy\u00fck\u015fehir\u2019de konservatuvar kay\u0131tlar\u0131 ba\u015flad\u0131","datePublished":"2024-02-27T08:23:00+00:00","dateModified":"2024-02-27T08:23:02+00:00","mainEntityOfPage":{"@id":"https:\/\/vanxhaber.com\/index.php\/2024\/02\/27\/buyuksehirde-konservatuvar-kayitlari-basladi\/"},"wordCount":250,"commentCount":0,"image":{"@id":"https:\/\/vanxhaber.com\/index.php\/2024\/02\/27\/buyuksehirde-konservatuvar-kayitlari-basladi\/#primaryimage"},"thumbnailUrl":"https:\/\/vanxhaber.com\/wp-content\/uploads\/2024\/02\/konservatuar.jpg","articleSection":["Van E\u011fitim","Van\u00a0Gen\u00e7lik","Van Haberleri"],"inLanguage":"tr","potentialAction":[{"@type":"CommentAction","name":"Comment","target":["https:\/\/vanxhaber.com\/index.php\/2024\/02\/27\/buyuksehirde-konservatuvar-kayitlari-basladi\/#respond"]}],"copyrightYear":"2024","copyrightHolder":{"@id":"https:\/\/vanxhaber.com\/#organization"}},{"@type":"WebPage","@id":"https:\/\/vanxhaber.com\/index.php\/2024\/02\/27\/buyuksehirde-konservatuvar-kayitlari-basladi\/","url":"https:\/\/vanxhaber.com\/index.php\/2024\/02\/27\/buyuksehirde-konservatuvar-kayitlari-basladi\/","name":"B\u00fcy\u00fck\u015fehir\u2019de konservatuvar kay\u0131tlar\u0131 ba\u015flad\u0131 - Van Haber | Van X Haber | Van Haberleri","isPartOf":{"@id":"https:\/\/vanxhaber.com\/#website"},"primaryImageOfPage":{"@id":"https:\/\/vanxhaber.com\/index.php\/2024\/02\/27\/buyuksehirde-konservatuvar-kayitlari-basladi\/#primaryimage"},"image":{"@id":"https:\/\/vanxhaber.com\/index.php\/2024\/02\/27\/buyuksehirde-konservatuvar-kayitlari-basladi\/#primaryimage"},"thumbnailUrl":"https:\/\/vanxhaber.com\/wp-content\/uploads\/2024\/02\/konservatuar.jpg","datePublished":"2024-02-27T08:23:00+00:00","dateModified":"2024-02-27T08:23:02+00:00","author":{"@id":"https:\/\/vanxhaber.com\/#\/schema\/person\/a5fd8d89510cb5370e62ad176f7978ee"},"breadcrumb":{"@id":"https:\/\/vanxhaber.com\/index.php\/2024\/02\/27\/buyuksehirde-konservatuvar-kayitlari-basladi\/#breadcrumb"},"inLanguage":"tr","potentialAction":[{"@type":"ReadAction","target":["https:\/\/vanxhaber.com\/index.php\/2024\/02\/27\/buyuksehirde-konservatuvar-kayitlari-basladi\/"]}]},{"@type":"ImageObject","inLanguage":"tr","@id":"https:\/\/vanxhaber.com\/index.php\/2024\/02\/27\/buyuksehirde-konservatuvar-kayitlari-basladi\/#primaryimage","url":"https:\/\/vanxhaber.com\/wp-content\/uploads\/2024\/02\/konservatuar.jpg","contentUrl":"https:\/\/vanxhaber.com\/wp-content\/uploads\/2024\/02\/konservatuar.jpg","width":1110,"height":500},{"@type":"BreadcrumbList","@id":"https:\/\/vanxhaber.com\/index.php\/2024\/02\/27\/buyuksehirde-konservatuvar-kayitlari-basladi\/#breadcrumb","itemListElement":[{"@type":"ListItem","position":1,"name":"Anasayfa","item":"https:\/\/vanxhaber.com\/"},{"@type":"ListItem","position":2,"name":"B\u00fcy\u00fck\u015fehir\u2019de konservatuvar kay\u0131tlar\u0131 ba\u015flad\u0131"}]},{"@type":"WebSite","@id":"https:\/\/vanxhaber.com\/#website","url":"https:\/\/vanxhaber.com\/","name":"Van Haber | Van X Haber | Van Haberleri","description":"Van Haber, Van&#039;\u0131n ilk yapay zeka teknolojileri ile yaz\u0131lan Van X Haber ve Van Haberlerini aktif g\u00fcncel sunan tek vanhaber merkezidir.","potentialAction":[{"@type":"SearchAction","target":{"@type":"EntryPoint","urlTemplate":"https:\/\/vanxhaber.com\/?s={search_term_string}"},"query-input":{"@type":"PropertyValueSpecification","valueRequired":true,"valueName":"search_term_string"}}],"inLanguage":"tr"},{"@type":"Person","@id":"https:\/\/vanxhaber.com\/#\/schema\/person\/a5fd8d89510cb5370e62ad176f7978ee","name":"Van X Haber","image":{"@type":"ImageObject","inLanguage":"tr","@id":"https:\/\/vanxhaber.com\/#\/schema\/person\/image\/","url":"https:\/\/secure.gravatar.com\/avatar\/36f2f63826681263103acb5ca1e7bc1a6db11baea9b75dd091d89b74f2704b07?s=96&d=mm&r=g","contentUrl":"https:\/\/secure.gravatar.com\/avatar\/36f2f63826681263103acb5ca1e7bc1a6db11baea9b75dd091d89b74f2704b07?s=96&d=mm&r=g","caption":"Van X Haber"},"description":"Van X Haber Van'\u0131n ilk ve tek yeni nesil Van Haber merkezi. Son Dakika Van Haberleri ve G\u00fcncel Van haber merkezinde s\u0131cak geli\u015fmeleri aktarmaya devam edece\u011fiz.","url":"https:\/\/vanxhaber.com\/index.php\/author\/vangazetesi\/"}]}},"_links":{"self":[{"href":"https:\/\/vanxhaber.com\/index.php\/wp-json\/wp\/v2\/posts\/1817","targetHints":{"allow":["GET"]}}],"collection":[{"href":"https:\/\/vanxhaber.com\/index.php\/wp-json\/wp\/v2\/posts"}],"about":[{"href":"https:\/\/vanxhaber.com\/index.php\/wp-json\/wp\/v2\/types\/post"}],"author":[{"embeddable":true,"href":"https:\/\/vanxhaber.com\/index.php\/wp-json\/wp\/v2\/users\/2"}],"replies":[{"embeddable":true,"href":"https:\/\/vanxhaber.com\/index.php\/wp-json\/wp\/v2\/comments?post=1817"}],"version-history":[{"count":1,"href":"https:\/\/vanxhaber.com\/index.php\/wp-json\/wp\/v2\/posts\/1817\/revisions"}],"predecessor-version":[{"id":1820,"href":"https:\/\/vanxhaber.com\/index.php\/wp-json\/wp\/v2\/posts\/1817\/revisions\/1820"}],"wp:featuredmedia":[{"embeddable":true,"href":"https:\/\/vanxhaber.com\/index.php\/wp-json\/wp\/v2\/media\/1819"}],"wp:attachment":[{"href":"https:\/\/vanxhaber.com\/index.php\/wp-json\/wp\/v2\/media?parent=1817"}],"wp:term":[{"taxonomy":"category","embeddable":true,"href":"https:\/\/vanxhaber.com\/index.php\/wp-json\/wp\/v2\/categories?post=1817"},{"taxonomy":"post_tag","embeddable":true,"href":"https:\/\/vanxhaber.com\/index.php\/wp-json\/wp\/v2\/tags?post=1817"}],"curies":[{"name":"wp","href":"https:\/\/api.w.org\/{rel}","templated":true}]}}