{"id":1839,"date":"2024-02-28T10:30:55","date_gmt":"2024-02-28T10:30:55","guid":{"rendered":"https:\/\/vanxhaber.com\/?p=1839"},"modified":"2024-02-28T10:30:57","modified_gmt":"2024-02-28T10:30:57","slug":"vanda-bir-isyerinde-yangin","status":"publish","type":"post","link":"https:\/\/vanxhaber.com\/index.php\/2024\/02\/28\/vanda-bir-isyerinde-yangin\/","title":{"rendered":"Van&#8217;da bir i\u015fyerinde yang\u0131n"},"content":{"rendered":"\n<p><strong>Van\u2019\u0131n Tu\u015fba il\u00e7esinde in\u015faat malzemeleri ve mobilya sat\u0131\u015f\u0131 yap\u0131lan ma\u011fazada \u00e7\u0131kan yang\u0131n b\u00fcy\u00fck korkuya neden oldu.<\/strong><\/p>\n\n\n\n<p>Al\u0131nan bilgilere g\u00f6re yang\u0131n, saat 11.30 s\u0131ralar\u0131nda Otogar Kav\u015fa\u011f\u0131 yak\u0131nlar\u0131ndaki bir i\u015f yerinde meydana geldi. Abdullah Y\u0131lmaz isimli \u015fahsa ait 2 katl\u0131 i\u015f yerinde bilinmeyen bir nedenle \u00e7\u0131kan yang\u0131n sonras\u0131 b\u00f6lgeye \u00e7ok say\u0131da itfaiye ekibi ve TOMA sevk edildi. \u0130n\u015faat malzemesi ve mobilya sat\u0131\u015f\u0131 yap\u0131lan i\u015f yerine itfaiye ekiplerinin m\u00fcdahalesi devam ediyor.<\/p>\n","protected":false},"excerpt":{"rendered":"<p>Van\u2019\u0131n Tu\u015fba il\u00e7esinde in\u015faat malzemeleri ve mobilya sat\u0131\u015f\u0131 yap\u0131lan ma\u011fazada \u00e7\u0131kan yang\u0131n b\u00fcy\u00fck korkuya neden oldu. Al\u0131nan bilgilere g\u00f6re yang\u0131n, saat 11.30 s\u0131ralar\u0131nda Otogar Kav\u015fa\u011f\u0131 yak\u0131nlar\u0131ndaki bir i\u015f yerinde meydana geldi. Abdullah Y\u0131lmaz isimli \u015fahsa ait 2 katl\u0131 i\u015f yerinde bilinmeyen bir nedenle \u00e7\u0131kan yang\u0131n sonras\u0131 b\u00f6lgeye \u00e7ok say\u0131da itfaiye ekibi ve TOMA sevk edildi. &hellip;<\/p>\n","protected":false},"author":2,"featured_media":1841,"comment_status":"open","ping_status":"closed","sticky":false,"template":"","format":"standard","meta":{"googlesitekit_rrm_CAowot3VCw:productID":"","footnotes":""},"categories":[1,24],"tags":[],"class_list":["post-1839","post","type-post","status-publish","format-standard","has-post-thumbnail","hentry","category-van-haber","category-van-haberleri"],"yoast_head":"<!-- This site is optimized with the Yoast SEO Premium plugin v21.7 (Yoast SEO v26.7) - https:\/\/yoast.com\/wordpress\/plugins\/seo\/ -->\n<title>Van&#039;da bir i\u015fyerinde yang\u0131n - Van Haber | Van X Haber | Van Haberleri<\/title>\n<meta name=\"robots\" content=\"index, follow, max-snippet:-1, max-image-preview:large, max-video-preview:-1\" \/>\n<link rel=\"canonical\" href=\"https:\/\/vanxhaber.com\/index.php\/2024\/02\/28\/vanda-bir-isyerinde-yangin\/\" \/>\n<meta property=\"og:locale\" content=\"tr_TR\" \/>\n<meta property=\"og:type\" content=\"article\" \/>\n<meta property=\"og:title\" content=\"Van&#039;da bir i\u015fyerinde yang\u0131n\" \/>\n<meta property=\"og:description\" content=\"Van\u2019\u0131n Tu\u015fba il\u00e7esinde in\u015faat malzemeleri ve mobilya sat\u0131\u015f\u0131 yap\u0131lan ma\u011fazada \u00e7\u0131kan yang\u0131n b\u00fcy\u00fck korkuya neden oldu. Al\u0131nan bilgilere g\u00f6re yang\u0131n, saat 11.30 s\u0131ralar\u0131nda Otogar Kav\u015fa\u011f\u0131 yak\u0131nlar\u0131ndaki bir i\u015f yerinde meydana geldi. Abdullah Y\u0131lmaz isimli \u015fahsa ait 2 katl\u0131 i\u015f yerinde bilinmeyen bir nedenle \u00e7\u0131kan yang\u0131n sonras\u0131 b\u00f6lgeye \u00e7ok say\u0131da itfaiye ekibi ve TOMA sevk edildi. &hellip;\" \/>\n<meta property=\"og:url\" content=\"https:\/\/vanxhaber.com\/index.php\/2024\/02\/28\/vanda-bir-isyerinde-yangin\/\" \/>\n<meta property=\"og:site_name\" content=\"Van Haber | Van X Haber | Van Haberleri\" \/>\n<meta property=\"article:published_time\" content=\"2024-02-28T10:30:55+00:00\" \/>\n<meta property=\"article:modified_time\" content=\"2024-02-28T10:30:57+00:00\" \/>\n<meta property=\"og:image\" content=\"https:\/\/vanxhaber.com\/wp-content\/uploads\/2024\/02\/vanda-bir-isyerinde-yangin.jpg\" \/>\n\t<meta property=\"og:image:width\" content=\"1110\" \/>\n\t<meta property=\"og:image:height\" content=\"500\" \/>\n\t<meta property=\"og:image:type\" content=\"image\/jpeg\" \/>\n<meta name=\"author\" content=\"Van X Haber\" \/>\n<meta name=\"twitter:card\" content=\"summary_large_image\" \/>\n<meta name=\"twitter:label1\" content=\"Yazan:\" \/>\n\t<meta name=\"twitter:data1\" content=\"Van X Haber\" \/>\n\t<meta name=\"twitter:label2\" content=\"Tahmini okuma s\u00fcresi\" \/>\n\t<meta name=\"twitter:data2\" content=\"1 dakika\" \/>\n<script type=\"application\/ld+json\" class=\"yoast-schema-graph\">{\"@context\":\"https:\/\/schema.org\",\"@graph\":[{\"@type\":\"Article\",\"@id\":\"https:\/\/vanxhaber.com\/index.php\/2024\/02\/28\/vanda-bir-isyerinde-yangin\/#article\",\"isPartOf\":{\"@id\":\"https:\/\/vanxhaber.com\/index.php\/2024\/02\/28\/vanda-bir-isyerinde-yangin\/\"},\"author\":{\"name\":\"Van X Haber\",\"@id\":\"https:\/\/vanxhaber.com\/#\/schema\/person\/a5fd8d89510cb5370e62ad176f7978ee\"},\"headline\":\"Van&#8217;da bir i\u015fyerinde yang\u0131n\",\"datePublished\":\"2024-02-28T10:30:55+00:00\",\"dateModified\":\"2024-02-28T10:30:57+00:00\",\"mainEntityOfPage\":{\"@id\":\"https:\/\/vanxhaber.com\/index.php\/2024\/02\/28\/vanda-bir-isyerinde-yangin\/\"},\"wordCount\":97,\"commentCount\":0,\"image\":{\"@id\":\"https:\/\/vanxhaber.com\/index.php\/2024\/02\/28\/vanda-bir-isyerinde-yangin\/#primaryimage\"},\"thumbnailUrl\":\"https:\/\/vanxhaber.com\/wp-content\/uploads\/2024\/02\/vanda-bir-isyerinde-yangin.jpg\",\"articleSection\":[\"Van Haber\",\"Van Haberleri\"],\"inLanguage\":\"tr\",\"potentialAction\":[{\"@type\":\"CommentAction\",\"name\":\"Comment\",\"target\":[\"https:\/\/vanxhaber.com\/index.php\/2024\/02\/28\/vanda-bir-isyerinde-yangin\/#respond\"]}],\"copyrightYear\":\"2024\",\"copyrightHolder\":{\"@id\":\"https:\/\/vanxhaber.com\/#organization\"}},{\"@type\":\"WebPage\",\"@id\":\"https:\/\/vanxhaber.com\/index.php\/2024\/02\/28\/vanda-bir-isyerinde-yangin\/\",\"url\":\"https:\/\/vanxhaber.com\/index.php\/2024\/02\/28\/vanda-bir-isyerinde-yangin\/\",\"name\":\"Van'da bir i\u015fyerinde yang\u0131n - Van Haber | Van X Haber | Van Haberleri\",\"isPartOf\":{\"@id\":\"https:\/\/vanxhaber.com\/#website\"},\"primaryImageOfPage\":{\"@id\":\"https:\/\/vanxhaber.com\/index.php\/2024\/02\/28\/vanda-bir-isyerinde-yangin\/#primaryimage\"},\"image\":{\"@id\":\"https:\/\/vanxhaber.com\/index.php\/2024\/02\/28\/vanda-bir-isyerinde-yangin\/#primaryimage\"},\"thumbnailUrl\":\"https:\/\/vanxhaber.com\/wp-content\/uploads\/2024\/02\/vanda-bir-isyerinde-yangin.jpg\",\"datePublished\":\"2024-02-28T10:30:55+00:00\",\"dateModified\":\"2024-02-28T10:30:57+00:00\",\"author\":{\"@id\":\"https:\/\/vanxhaber.com\/#\/schema\/person\/a5fd8d89510cb5370e62ad176f7978ee\"},\"breadcrumb\":{\"@id\":\"https:\/\/vanxhaber.com\/index.php\/2024\/02\/28\/vanda-bir-isyerinde-yangin\/#breadcrumb\"},\"inLanguage\":\"tr\",\"potentialAction\":[{\"@type\":\"ReadAction\",\"target\":[\"https:\/\/vanxhaber.com\/index.php\/2024\/02\/28\/vanda-bir-isyerinde-yangin\/\"]}]},{\"@type\":\"ImageObject\",\"inLanguage\":\"tr\",\"@id\":\"https:\/\/vanxhaber.com\/index.php\/2024\/02\/28\/vanda-bir-isyerinde-yangin\/#primaryimage\",\"url\":\"https:\/\/vanxhaber.com\/wp-content\/uploads\/2024\/02\/vanda-bir-isyerinde-yangin.jpg\",\"contentUrl\":\"https:\/\/vanxhaber.com\/wp-content\/uploads\/2024\/02\/vanda-bir-isyerinde-yangin.jpg\",\"width\":1110,\"height\":500},{\"@type\":\"BreadcrumbList\",\"@id\":\"https:\/\/vanxhaber.com\/index.php\/2024\/02\/28\/vanda-bir-isyerinde-yangin\/#breadcrumb\",\"itemListElement\":[{\"@type\":\"ListItem\",\"position\":1,\"name\":\"Anasayfa\",\"item\":\"https:\/\/vanxhaber.com\/\"},{\"@type\":\"ListItem\",\"position\":2,\"name\":\"Van&#8217;da bir i\u015fyerinde yang\u0131n\"}]},{\"@type\":\"WebSite\",\"@id\":\"https:\/\/vanxhaber.com\/#website\",\"url\":\"https:\/\/vanxhaber.com\/\",\"name\":\"Van Haber | Van X Haber | Van Haberleri\",\"description\":\"Van Haber, Van&#039;\u0131n ilk yapay zeka teknolojileri ile yaz\u0131lan Van X Haber ve Van Haberlerini aktif g\u00fcncel sunan tek vanhaber merkezidir.\",\"potentialAction\":[{\"@type\":\"SearchAction\",\"target\":{\"@type\":\"EntryPoint\",\"urlTemplate\":\"https:\/\/vanxhaber.com\/?s={search_term_string}\"},\"query-input\":{\"@type\":\"PropertyValueSpecification\",\"valueRequired\":true,\"valueName\":\"search_term_string\"}}],\"inLanguage\":\"tr\"},{\"@type\":\"Person\",\"@id\":\"https:\/\/vanxhaber.com\/#\/schema\/person\/a5fd8d89510cb5370e62ad176f7978ee\",\"name\":\"Van X Haber\",\"image\":{\"@type\":\"ImageObject\",\"inLanguage\":\"tr\",\"@id\":\"https:\/\/vanxhaber.com\/#\/schema\/person\/image\/\",\"url\":\"https:\/\/secure.gravatar.com\/avatar\/36f2f63826681263103acb5ca1e7bc1a6db11baea9b75dd091d89b74f2704b07?s=96&d=mm&r=g\",\"contentUrl\":\"https:\/\/secure.gravatar.com\/avatar\/36f2f63826681263103acb5ca1e7bc1a6db11baea9b75dd091d89b74f2704b07?s=96&d=mm&r=g\",\"caption\":\"Van X Haber\"},\"description\":\"Van X Haber Van'\u0131n ilk ve tek yeni nesil Van Haber merkezi. Son Dakika Van Haberleri ve G\u00fcncel Van haber merkezinde s\u0131cak geli\u015fmeleri aktarmaya devam edece\u011fiz.\",\"url\":\"https:\/\/vanxhaber.com\/index.php\/author\/vangazetesi\/\"}]}<\/script>\n<!-- \/ Yoast SEO Premium plugin. -->","yoast_head_json":{"title":"Van'da bir i\u015fyerinde yang\u0131n - Van Haber | Van X Haber | Van Haberleri","robots":{"index":"index","follow":"follow","max-snippet":"max-snippet:-1","max-image-preview":"max-image-preview:large","max-video-preview":"max-video-preview:-1"},"canonical":"https:\/\/vanxhaber.com\/index.php\/2024\/02\/28\/vanda-bir-isyerinde-yangin\/","og_locale":"tr_TR","og_type":"article","og_title":"Van'da bir i\u015fyerinde yang\u0131n","og_description":"Van\u2019\u0131n Tu\u015fba il\u00e7esinde in\u015faat malzemeleri ve mobilya sat\u0131\u015f\u0131 yap\u0131lan ma\u011fazada \u00e7\u0131kan yang\u0131n b\u00fcy\u00fck korkuya neden oldu. Al\u0131nan bilgilere g\u00f6re yang\u0131n, saat 11.30 s\u0131ralar\u0131nda Otogar Kav\u015fa\u011f\u0131 yak\u0131nlar\u0131ndaki bir i\u015f yerinde meydana geldi. Abdullah Y\u0131lmaz isimli \u015fahsa ait 2 katl\u0131 i\u015f yerinde bilinmeyen bir nedenle \u00e7\u0131kan yang\u0131n sonras\u0131 b\u00f6lgeye \u00e7ok say\u0131da itfaiye ekibi ve TOMA sevk edildi. &hellip;","og_url":"https:\/\/vanxhaber.com\/index.php\/2024\/02\/28\/vanda-bir-isyerinde-yangin\/","og_site_name":"Van Haber | Van X Haber | Van Haberleri","article_published_time":"2024-02-28T10:30:55+00:00","article_modified_time":"2024-02-28T10:30:57+00:00","og_image":[{"width":1110,"height":500,"url":"https:\/\/vanxhaber.com\/wp-content\/uploads\/2024\/02\/vanda-bir-isyerinde-yangin.jpg","type":"image\/jpeg"}],"author":"Van X Haber","twitter_card":"summary_large_image","twitter_misc":{"Yazan:":"Van X Haber","Tahmini okuma s\u00fcresi":"1 dakika"},"schema":{"@context":"https:\/\/schema.org","@graph":[{"@type":"Article","@id":"https:\/\/vanxhaber.com\/index.php\/2024\/02\/28\/vanda-bir-isyerinde-yangin\/#article","isPartOf":{"@id":"https:\/\/vanxhaber.com\/index.php\/2024\/02\/28\/vanda-bir-isyerinde-yangin\/"},"author":{"name":"Van X Haber","@id":"https:\/\/vanxhaber.com\/#\/schema\/person\/a5fd8d89510cb5370e62ad176f7978ee"},"headline":"Van&#8217;da bir i\u015fyerinde yang\u0131n","datePublished":"2024-02-28T10:30:55+00:00","dateModified":"2024-02-28T10:30:57+00:00","mainEntityOfPage":{"@id":"https:\/\/vanxhaber.com\/index.php\/2024\/02\/28\/vanda-bir-isyerinde-yangin\/"},"wordCount":97,"commentCount":0,"image":{"@id":"https:\/\/vanxhaber.com\/index.php\/2024\/02\/28\/vanda-bir-isyerinde-yangin\/#primaryimage"},"thumbnailUrl":"https:\/\/vanxhaber.com\/wp-content\/uploads\/2024\/02\/vanda-bir-isyerinde-yangin.jpg","articleSection":["Van Haber","Van Haberleri"],"inLanguage":"tr","potentialAction":[{"@type":"CommentAction","name":"Comment","target":["https:\/\/vanxhaber.com\/index.php\/2024\/02\/28\/vanda-bir-isyerinde-yangin\/#respond"]}],"copyrightYear":"2024","copyrightHolder":{"@id":"https:\/\/vanxhaber.com\/#organization"}},{"@type":"WebPage","@id":"https:\/\/vanxhaber.com\/index.php\/2024\/02\/28\/vanda-bir-isyerinde-yangin\/","url":"https:\/\/vanxhaber.com\/index.php\/2024\/02\/28\/vanda-bir-isyerinde-yangin\/","name":"Van'da bir i\u015fyerinde yang\u0131n - Van Haber | Van X Haber | Van Haberleri","isPartOf":{"@id":"https:\/\/vanxhaber.com\/#website"},"primaryImageOfPage":{"@id":"https:\/\/vanxhaber.com\/index.php\/2024\/02\/28\/vanda-bir-isyerinde-yangin\/#primaryimage"},"image":{"@id":"https:\/\/vanxhaber.com\/index.php\/2024\/02\/28\/vanda-bir-isyerinde-yangin\/#primaryimage"},"thumbnailUrl":"https:\/\/vanxhaber.com\/wp-content\/uploads\/2024\/02\/vanda-bir-isyerinde-yangin.jpg","datePublished":"2024-02-28T10:30:55+00:00","dateModified":"2024-02-28T10:30:57+00:00","author":{"@id":"https:\/\/vanxhaber.com\/#\/schema\/person\/a5fd8d89510cb5370e62ad176f7978ee"},"breadcrumb":{"@id":"https:\/\/vanxhaber.com\/index.php\/2024\/02\/28\/vanda-bir-isyerinde-yangin\/#breadcrumb"},"inLanguage":"tr","potentialAction":[{"@type":"ReadAction","target":["https:\/\/vanxhaber.com\/index.php\/2024\/02\/28\/vanda-bir-isyerinde-yangin\/"]}]},{"@type":"ImageObject","inLanguage":"tr","@id":"https:\/\/vanxhaber.com\/index.php\/2024\/02\/28\/vanda-bir-isyerinde-yangin\/#primaryimage","url":"https:\/\/vanxhaber.com\/wp-content\/uploads\/2024\/02\/vanda-bir-isyerinde-yangin.jpg","contentUrl":"https:\/\/vanxhaber.com\/wp-content\/uploads\/2024\/02\/vanda-bir-isyerinde-yangin.jpg","width":1110,"height":500},{"@type":"BreadcrumbList","@id":"https:\/\/vanxhaber.com\/index.php\/2024\/02\/28\/vanda-bir-isyerinde-yangin\/#breadcrumb","itemListElement":[{"@type":"ListItem","position":1,"name":"Anasayfa","item":"https:\/\/vanxhaber.com\/"},{"@type":"ListItem","position":2,"name":"Van&#8217;da bir i\u015fyerinde yang\u0131n"}]},{"@type":"WebSite","@id":"https:\/\/vanxhaber.com\/#website","url":"https:\/\/vanxhaber.com\/","name":"Van Haber | Van X Haber | Van Haberleri","description":"Van Haber, Van&#039;\u0131n ilk yapay zeka teknolojileri ile yaz\u0131lan Van X Haber ve Van Haberlerini aktif g\u00fcncel sunan tek vanhaber merkezidir.","potentialAction":[{"@type":"SearchAction","target":{"@type":"EntryPoint","urlTemplate":"https:\/\/vanxhaber.com\/?s={search_term_string}"},"query-input":{"@type":"PropertyValueSpecification","valueRequired":true,"valueName":"search_term_string"}}],"inLanguage":"tr"},{"@type":"Person","@id":"https:\/\/vanxhaber.com\/#\/schema\/person\/a5fd8d89510cb5370e62ad176f7978ee","name":"Van X Haber","image":{"@type":"ImageObject","inLanguage":"tr","@id":"https:\/\/vanxhaber.com\/#\/schema\/person\/image\/","url":"https:\/\/secure.gravatar.com\/avatar\/36f2f63826681263103acb5ca1e7bc1a6db11baea9b75dd091d89b74f2704b07?s=96&d=mm&r=g","contentUrl":"https:\/\/secure.gravatar.com\/avatar\/36f2f63826681263103acb5ca1e7bc1a6db11baea9b75dd091d89b74f2704b07?s=96&d=mm&r=g","caption":"Van X Haber"},"description":"Van X Haber Van'\u0131n ilk ve tek yeni nesil Van Haber merkezi. Son Dakika Van Haberleri ve G\u00fcncel Van haber merkezinde s\u0131cak geli\u015fmeleri aktarmaya devam edece\u011fiz.","url":"https:\/\/vanxhaber.com\/index.php\/author\/vangazetesi\/"}]}},"_links":{"self":[{"href":"https:\/\/vanxhaber.com\/index.php\/wp-json\/wp\/v2\/posts\/1839","targetHints":{"allow":["GET"]}}],"collection":[{"href":"https:\/\/vanxhaber.com\/index.php\/wp-json\/wp\/v2\/posts"}],"about":[{"href":"https:\/\/vanxhaber.com\/index.php\/wp-json\/wp\/v2\/types\/post"}],"author":[{"embeddable":true,"href":"https:\/\/vanxhaber.com\/index.php\/wp-json\/wp\/v2\/users\/2"}],"replies":[{"embeddable":true,"href":"https:\/\/vanxhaber.com\/index.php\/wp-json\/wp\/v2\/comments?post=1839"}],"version-history":[{"count":1,"href":"https:\/\/vanxhaber.com\/index.php\/wp-json\/wp\/v2\/posts\/1839\/revisions"}],"predecessor-version":[{"id":1842,"href":"https:\/\/vanxhaber.com\/index.php\/wp-json\/wp\/v2\/posts\/1839\/revisions\/1842"}],"wp:featuredmedia":[{"embeddable":true,"href":"https:\/\/vanxhaber.com\/index.php\/wp-json\/wp\/v2\/media\/1841"}],"wp:attachment":[{"href":"https:\/\/vanxhaber.com\/index.php\/wp-json\/wp\/v2\/media?parent=1839"}],"wp:term":[{"taxonomy":"category","embeddable":true,"href":"https:\/\/vanxhaber.com\/index.php\/wp-json\/wp\/v2\/categories?post=1839"},{"taxonomy":"post_tag","embeddable":true,"href":"https:\/\/vanxhaber.com\/index.php\/wp-json\/wp\/v2\/tags?post=1839"}],"curies":[{"name":"wp","href":"https:\/\/api.w.org\/{rel}","templated":true}]}}