{"id":1843,"date":"2024-02-28T10:40:16","date_gmt":"2024-02-28T10:40:16","guid":{"rendered":"https:\/\/vanxhaber.com\/?p=1843"},"modified":"2024-02-28T10:40:17","modified_gmt":"2024-02-28T10:40:17","slug":"vanda-30-bin-aileye-ulasildi","status":"publish","type":"post","link":"https:\/\/vanxhaber.com\/index.php\/2024\/02\/28\/vanda-30-bin-aileye-ulasildi\/","title":{"rendered":"Van\u2019da 30 bin aileye ula\u015f\u0131ld\u0131"},"content":{"rendered":"\n<p><strong> Van Valili\u011fi himayelerinde ba\u015flat\u0131lan, Van YY\u00dc ile B\u00fcy\u00fck\u015fehir Belediyesi Kad\u0131n ve Aile Hizmetleri Daire Ba\u015fkanl\u0131\u011f\u0131 taraf\u0131ndan y\u00fcr\u00fct\u00fclen \u2018Aile Akademisi\u2019 projesinde 30 bin aileye ula\u015f\u0131ld\u0131.<\/strong><\/p>\n\n\n\n<p><strong>Van\u2019<\/strong>da 15 Eyl\u00fcl 2023 tarihinde ba\u015flat\u0131lan ve T\u00fcrkiye\u2019de bir ilk olan \u2018Aile Akademisi\u2019 projesi ile aileler bilin\u00e7lendiriliyor. Yakla\u015f\u0131k 6 ayl\u0131k s\u00fcre i\u00e7erisinde 30 bin aileye ula\u015f\u0131lan projede, hedefin ilk etapta 80 bin aileye ula\u015fmak oldu\u011fu belirtildi. <strong>T\u00fcrkiye<\/strong>\u2019de ilk olarak Van\u2019da hayata ge\u00e7irilen proje \u00e7er\u00e7evesinde ailelerle bir araya geldiklerini belirten \u0130\u00e7i\u015fleri Bakan M\u00fc\u015faviri Hatice Atan, \u201cT\u00fcrkiye\u2019de ilk olan Aile Akademisi program\u0131na kat\u0131l\u0131m sa\u011flad\u0131k ve ailelerimizle bir araya geldik. \u00d6zellikle kad\u0131nlar\u0131m\u0131z\u0131n ve \u00e7ocuklar\u0131m\u0131z\u0131n g\u00f6zlerindeki tebess\u00fcmlerine \u015fahitlik ettik. \u015eu anda kadar 30 bin aileye ula\u015f\u0131lm\u0131\u015f, projenin hedefi ise 80 bin aileye ula\u015fmak. Bu ciddi bir rakam. Valili\u011fimiz himayelerinde, Van B\u00fcy\u00fck\u015fehir Belediyesi ve <strong>YY\u00dc <\/strong>kapsam\u0131nda bu proje ger\u00e7ekle\u015ftiriliyor. Art\u0131k diyoruz ki; do\u011fuda hizmet var. Art\u0131k devletimizin himayelerinde evlere kadar gidilip, kad\u0131nlar\u0131m\u0131za bu \u00e7al\u0131\u015fmalar yans\u0131t\u0131l\u0131yor. Projedeki ama\u00e7 da \u00e7ok anlaml\u0131. Kad\u0131nlar\u0131n, ailelerin sa\u011fl\u0131\u011f\u0131ndan tutun ekonomiye katk\u0131lar\u0131 olsun, ailelerin g\u00fc\u00e7lenmesi konusunda her anlamda e\u011fitim verilecek. Valimize, Selma ba\u015fkan\u0131m\u0131za ve eme\u011fi ge\u00e7enlere can\u0131 g\u00f6n\u00fclden te\u015fekk\u00fcr ediyoruz. Ekibi ile birlikte tebess\u00fcmleri ve sevgileri ile bu projeyi ailelerimize yans\u0131t\u0131yorlar. Bizde \u015fahitlik ettik. Kendilerine ba\u015far\u0131lar diliyoruz. Devletimizin himayelerinde huzur kenti olan Van\u2019da, kad\u0131nlar\u0131m\u0131z kap\u0131lar\u0131 \u00e7almaya devam ediyor. En b\u00fcy\u00fck te\u015fekk\u00fcr\u00fc d\u00fcnya lideri Cumhurba\u015fkan\u0131m\u0131z Recep Tayyip Erdo\u011fan\u2019a ediyoruz. \u00c7\u00fcnk\u00fc ondan ald\u0131klar\u0131 g\u00fc\u00e7le sahaya iniyorlar. Ailelerimiz g\u00fclmeye, tebess\u00fcm etmeye devam etsinler. \u00c7\u00fcnk\u00fc yanlar\u0131nda devletin \u015fefkatli elleri var\u201d dedi &#8220;30 bin aileye ula\u015ft\u0131k&#8221; 15 Eyl\u00fcl 2023 tarihinde ba\u015flayan projede \u015fu ana kadar 30 bin aileye ula\u015f\u0131ld\u0131\u011f\u0131na dikkat \u00e7eken Van B\u00fcy\u00fck\u015fehir Belediyesi Kad\u0131n ve Aile Hizmetleri Daire Ba\u015fkan\u0131 Selma Bi\u00e7ek ise \u201cSa\u011fl\u0131kl\u0131 bir bireyin geli\u015fimi i\u00e7in sa\u011fl\u0131kl\u0131 bir topluma, sa\u011fl\u0131kl\u0131 bir toplumun olu\u015fabilmesi i\u00e7in de sa\u011fl\u0131kl\u0131 bir aileye ihtiya\u00e7 var. Bu ama\u00e7la biz proje geli\u015ftirdik. Proje kapsam\u0131nda Van merkez ba\u015fta olmak \u00fczere t\u00fcm il\u00e7e ve mahallelerde bu projeyi yayg\u0131nla\u015ft\u0131rmak ve ailelere dokunmak istedik. \u0130limizin n\u00fcfusunun 1 milyon 143 bin olmas\u0131 nedeniyle ara\u015ft\u0131rma yapt\u0131k ve 80 bin aileyi hedefledik. 80 bin aileye ula\u015fmak i\u00e7in ilimizdeki payda\u015f kurumlar olan Aile ve Sosyal Hizmetleri \u0130l M\u00fcd\u00fcrl\u00fc\u011f\u00fc, \u0130l Sa\u011fl\u0131k M\u00fcd\u00fcrl\u00fc\u011f\u00fc, \u0130l M\u00fcft\u00fcl\u00fc\u011f\u00fc ve \u0130l Milli E\u011fitim M\u00fcd\u00fcrl\u00fc\u011f\u00fc g\u00f6revlileri ile YY\u00dc akademisyenleri ile bir araya geldik. \u0130limizdeki yap\u0131y\u0131 ele ald\u0131k. Sosyal, k\u00fclt\u00fcrel ve en \u00e7ok rahats\u0131z oldu\u011fumuz konular \u00fczerinde konu\u015farak konu ba\u015fl\u0131klar\u0131m\u0131z\u0131 belirledik. Sa\u011fl\u0131kl\u0131 beslenme, aile i\u00e7i ileti\u015fim, mahremiyet, dijital okur-yazarl\u0131k ve para y\u00f6netimi konular\u0131nda bin 500 e\u011fitici e\u011fitimlerini verdik. Sonra ilimizde projemizi 15 Eyl\u00fcl\u2019de yani e\u011fitim \u00f6\u011fretim y\u0131l\u0131n\u0131n ba\u015f\u0131nda ba\u015flatt\u0131k. \u015eu ana kadar 30 bin aileye ula\u015ft\u0131k. Hedefimiz 80 bin aile. \u0130n\u015fallah e\u011fitim y\u0131l\u0131 sonunda bunu tamamlam\u0131\u015f olaca\u011f\u0131z\u201d ifadelerini kulland\u0131. &#8220;T\u00fcrkiye&#8217;de bir ilki ba\u015fard\u0131\u011f\u0131m\u0131z i\u00e7in gururluyuz&#8221; Projenin T\u00fcrkiye\u2019de bir ilk oldu\u011funa vurgu yapan Bi\u00e7ek, \u201cSa\u011fl\u0131kl\u0131 toplum sa\u011fl\u0131kl\u0131 ailelerden, sa\u011fl\u0131kl\u0131 aileler de sa\u011fl\u0131kl\u0131 bireylerden olu\u015fur. Biz sa\u011fl\u0131kl\u0131 bireyler yeti\u015ftirmek i\u00e7in bu projemizi ba\u015flatt\u0131k. Proje \u00e7er\u00e7evesinde e\u011fitimlerimiz daha \u00f6nce ilimizde kurdu\u011fumuz 100 aile destek merkezi ile 100 k\u00f6y ya\u015fam merkezlerinde kalan ailelerimize verilmektedir. Yani ilimizin en \u00fccra mahallesi ile en \u00fccra k\u00f6\u015fesinde kalan b\u00fct\u00fcn ailelerimize ula\u015fm\u0131\u015f oluyoruz. Ailelerimiz bu akademiye \u00e7ok s\u0131cak bakt\u0131lar. T\u00fcrkiye\u2019de bir ilki ba\u015fard\u0131\u011f\u0131m\u0131z i\u00e7in \u00e7ok gururluyuz. G\u00fcne\u015f do\u011fudan do\u011far. Bu projede ilk olarak do\u011funun incisi Van\u2019da do\u011fdu. Projenin b\u00fct\u00fcn T\u00fcrkiye\u2019ye \u00f6rnek olmas\u0131n\u0131 temenni ediyorum\u201d \u015feklinde konu\u015ftu.<\/p>\n","protected":false},"excerpt":{"rendered":"<p>Van Valili\u011fi himayelerinde ba\u015flat\u0131lan, Van YY\u00dc ile B\u00fcy\u00fck\u015fehir Belediyesi Kad\u0131n ve Aile Hizmetleri Daire Ba\u015fkanl\u0131\u011f\u0131 taraf\u0131ndan y\u00fcr\u00fct\u00fclen \u2018Aile Akademisi\u2019 projesinde 30 bin aileye ula\u015f\u0131ld\u0131. Van\u2019da 15 Eyl\u00fcl 2023 tarihinde ba\u015flat\u0131lan ve T\u00fcrkiye\u2019de bir ilk olan \u2018Aile Akademisi\u2019 projesi ile aileler bilin\u00e7lendiriliyor. Yakla\u015f\u0131k 6 ayl\u0131k s\u00fcre i\u00e7erisinde 30 bin aileye ula\u015f\u0131lan projede, hedefin ilk etapta 80 &hellip;<\/p>\n","protected":false},"author":2,"featured_media":1845,"comment_status":"open","ping_status":"closed","sticky":false,"template":"","format":"standard","meta":{"googlesitekit_rrm_CAowot3VCw:productID":"","footnotes":""},"categories":[28,27,1,24],"tags":[],"class_list":["post-1843","post","type-post","status-publish","format-standard","has-post-thumbnail","hentry","category-van-egitim","category-van-emniyet","category-van-haber","category-van-haberleri"],"yoast_head":"<!-- This site is optimized with the Yoast SEO Premium plugin v21.7 (Yoast SEO v26.7) - https:\/\/yoast.com\/wordpress\/plugins\/seo\/ -->\n<title>Van\u2019da 30 bin aileye ula\u015f\u0131ld\u0131 - Van Haber | Van X Haber | Van Haberleri<\/title>\n<meta name=\"robots\" content=\"index, follow, max-snippet:-1, max-image-preview:large, max-video-preview:-1\" \/>\n<link rel=\"canonical\" href=\"https:\/\/vanxhaber.com\/index.php\/2024\/02\/28\/vanda-30-bin-aileye-ulasildi\/\" \/>\n<meta property=\"og:locale\" content=\"tr_TR\" \/>\n<meta property=\"og:type\" content=\"article\" \/>\n<meta property=\"og:title\" content=\"Van\u2019da 30 bin aileye ula\u015f\u0131ld\u0131\" \/>\n<meta property=\"og:description\" content=\"Van Valili\u011fi himayelerinde ba\u015flat\u0131lan, Van YY\u00dc ile B\u00fcy\u00fck\u015fehir Belediyesi Kad\u0131n ve Aile Hizmetleri Daire Ba\u015fkanl\u0131\u011f\u0131 taraf\u0131ndan y\u00fcr\u00fct\u00fclen \u2018Aile Akademisi\u2019 projesinde 30 bin aileye ula\u015f\u0131ld\u0131. Van\u2019da 15 Eyl\u00fcl 2023 tarihinde ba\u015flat\u0131lan ve T\u00fcrkiye\u2019de bir ilk olan \u2018Aile Akademisi\u2019 projesi ile aileler bilin\u00e7lendiriliyor. Yakla\u015f\u0131k 6 ayl\u0131k s\u00fcre i\u00e7erisinde 30 bin aileye ula\u015f\u0131lan projede, hedefin ilk etapta 80 &hellip;\" \/>\n<meta property=\"og:url\" content=\"https:\/\/vanxhaber.com\/index.php\/2024\/02\/28\/vanda-30-bin-aileye-ulasildi\/\" \/>\n<meta property=\"og:site_name\" content=\"Van Haber | Van X Haber | Van Haberleri\" \/>\n<meta property=\"article:published_time\" content=\"2024-02-28T10:40:16+00:00\" \/>\n<meta property=\"article:modified_time\" content=\"2024-02-28T10:40:17+00:00\" \/>\n<meta property=\"og:image\" content=\"https:\/\/vanxhaber.com\/wp-content\/uploads\/2024\/02\/van-kadin-yasam.jpg\" \/>\n\t<meta property=\"og:image:width\" content=\"1110\" \/>\n\t<meta property=\"og:image:height\" content=\"500\" \/>\n\t<meta property=\"og:image:type\" content=\"image\/jpeg\" \/>\n<meta name=\"author\" content=\"Van X Haber\" \/>\n<meta name=\"twitter:card\" content=\"summary_large_image\" \/>\n<meta name=\"twitter:label1\" content=\"Yazan:\" \/>\n\t<meta name=\"twitter:data1\" content=\"Van X Haber\" \/>\n\t<meta name=\"twitter:label2\" content=\"Tahmini okuma s\u00fcresi\" \/>\n\t<meta name=\"twitter:data2\" content=\"4 dakika\" \/>\n<script type=\"application\/ld+json\" class=\"yoast-schema-graph\">{\"@context\":\"https:\/\/schema.org\",\"@graph\":[{\"@type\":\"Article\",\"@id\":\"https:\/\/vanxhaber.com\/index.php\/2024\/02\/28\/vanda-30-bin-aileye-ulasildi\/#article\",\"isPartOf\":{\"@id\":\"https:\/\/vanxhaber.com\/index.php\/2024\/02\/28\/vanda-30-bin-aileye-ulasildi\/\"},\"author\":{\"name\":\"Van X Haber\",\"@id\":\"https:\/\/vanxhaber.com\/#\/schema\/person\/a5fd8d89510cb5370e62ad176f7978ee\"},\"headline\":\"Van\u2019da 30 bin aileye ula\u015f\u0131ld\u0131\",\"datePublished\":\"2024-02-28T10:40:16+00:00\",\"dateModified\":\"2024-02-28T10:40:17+00:00\",\"mainEntityOfPage\":{\"@id\":\"https:\/\/vanxhaber.com\/index.php\/2024\/02\/28\/vanda-30-bin-aileye-ulasildi\/\"},\"wordCount\":748,\"commentCount\":0,\"image\":{\"@id\":\"https:\/\/vanxhaber.com\/index.php\/2024\/02\/28\/vanda-30-bin-aileye-ulasildi\/#primaryimage\"},\"thumbnailUrl\":\"https:\/\/vanxhaber.com\/wp-content\/uploads\/2024\/02\/van-kadin-yasam.jpg\",\"articleSection\":[\"Van E\u011fitim\",\"Van Emniyet\",\"Van Haber\",\"Van Haberleri\"],\"inLanguage\":\"tr\",\"potentialAction\":[{\"@type\":\"CommentAction\",\"name\":\"Comment\",\"target\":[\"https:\/\/vanxhaber.com\/index.php\/2024\/02\/28\/vanda-30-bin-aileye-ulasildi\/#respond\"]}],\"copyrightYear\":\"2024\",\"copyrightHolder\":{\"@id\":\"https:\/\/vanxhaber.com\/#organization\"}},{\"@type\":\"WebPage\",\"@id\":\"https:\/\/vanxhaber.com\/index.php\/2024\/02\/28\/vanda-30-bin-aileye-ulasildi\/\",\"url\":\"https:\/\/vanxhaber.com\/index.php\/2024\/02\/28\/vanda-30-bin-aileye-ulasildi\/\",\"name\":\"Van\u2019da 30 bin aileye ula\u015f\u0131ld\u0131 - Van Haber | Van X Haber | Van Haberleri\",\"isPartOf\":{\"@id\":\"https:\/\/vanxhaber.com\/#website\"},\"primaryImageOfPage\":{\"@id\":\"https:\/\/vanxhaber.com\/index.php\/2024\/02\/28\/vanda-30-bin-aileye-ulasildi\/#primaryimage\"},\"image\":{\"@id\":\"https:\/\/vanxhaber.com\/index.php\/2024\/02\/28\/vanda-30-bin-aileye-ulasildi\/#primaryimage\"},\"thumbnailUrl\":\"https:\/\/vanxhaber.com\/wp-content\/uploads\/2024\/02\/van-kadin-yasam.jpg\",\"datePublished\":\"2024-02-28T10:40:16+00:00\",\"dateModified\":\"2024-02-28T10:40:17+00:00\",\"author\":{\"@id\":\"https:\/\/vanxhaber.com\/#\/schema\/person\/a5fd8d89510cb5370e62ad176f7978ee\"},\"breadcrumb\":{\"@id\":\"https:\/\/vanxhaber.com\/index.php\/2024\/02\/28\/vanda-30-bin-aileye-ulasildi\/#breadcrumb\"},\"inLanguage\":\"tr\",\"potentialAction\":[{\"@type\":\"ReadAction\",\"target\":[\"https:\/\/vanxhaber.com\/index.php\/2024\/02\/28\/vanda-30-bin-aileye-ulasildi\/\"]}]},{\"@type\":\"ImageObject\",\"inLanguage\":\"tr\",\"@id\":\"https:\/\/vanxhaber.com\/index.php\/2024\/02\/28\/vanda-30-bin-aileye-ulasildi\/#primaryimage\",\"url\":\"https:\/\/vanxhaber.com\/wp-content\/uploads\/2024\/02\/van-kadin-yasam.jpg\",\"contentUrl\":\"https:\/\/vanxhaber.com\/wp-content\/uploads\/2024\/02\/van-kadin-yasam.jpg\",\"width\":1110,\"height\":500},{\"@type\":\"BreadcrumbList\",\"@id\":\"https:\/\/vanxhaber.com\/index.php\/2024\/02\/28\/vanda-30-bin-aileye-ulasildi\/#breadcrumb\",\"itemListElement\":[{\"@type\":\"ListItem\",\"position\":1,\"name\":\"Anasayfa\",\"item\":\"https:\/\/vanxhaber.com\/\"},{\"@type\":\"ListItem\",\"position\":2,\"name\":\"Van\u2019da 30 bin aileye ula\u015f\u0131ld\u0131\"}]},{\"@type\":\"WebSite\",\"@id\":\"https:\/\/vanxhaber.com\/#website\",\"url\":\"https:\/\/vanxhaber.com\/\",\"name\":\"Van Haber | Van X Haber | Van Haberleri\",\"description\":\"Van Haber, Van&#039;\u0131n ilk yapay zeka teknolojileri ile yaz\u0131lan Van X Haber ve Van Haberlerini aktif g\u00fcncel sunan tek vanhaber merkezidir.\",\"potentialAction\":[{\"@type\":\"SearchAction\",\"target\":{\"@type\":\"EntryPoint\",\"urlTemplate\":\"https:\/\/vanxhaber.com\/?s={search_term_string}\"},\"query-input\":{\"@type\":\"PropertyValueSpecification\",\"valueRequired\":true,\"valueName\":\"search_term_string\"}}],\"inLanguage\":\"tr\"},{\"@type\":\"Person\",\"@id\":\"https:\/\/vanxhaber.com\/#\/schema\/person\/a5fd8d89510cb5370e62ad176f7978ee\",\"name\":\"Van X Haber\",\"image\":{\"@type\":\"ImageObject\",\"inLanguage\":\"tr\",\"@id\":\"https:\/\/vanxhaber.com\/#\/schema\/person\/image\/\",\"url\":\"https:\/\/secure.gravatar.com\/avatar\/36f2f63826681263103acb5ca1e7bc1a6db11baea9b75dd091d89b74f2704b07?s=96&d=mm&r=g\",\"contentUrl\":\"https:\/\/secure.gravatar.com\/avatar\/36f2f63826681263103acb5ca1e7bc1a6db11baea9b75dd091d89b74f2704b07?s=96&d=mm&r=g\",\"caption\":\"Van X Haber\"},\"description\":\"Van X Haber Van'\u0131n ilk ve tek yeni nesil Van Haber merkezi. Son Dakika Van Haberleri ve G\u00fcncel Van haber merkezinde s\u0131cak geli\u015fmeleri aktarmaya devam edece\u011fiz.\",\"url\":\"https:\/\/vanxhaber.com\/index.php\/author\/vangazetesi\/\"}]}<\/script>\n<!-- \/ Yoast SEO Premium plugin. -->","yoast_head_json":{"title":"Van\u2019da 30 bin aileye ula\u015f\u0131ld\u0131 - Van Haber | Van X Haber | Van Haberleri","robots":{"index":"index","follow":"follow","max-snippet":"max-snippet:-1","max-image-preview":"max-image-preview:large","max-video-preview":"max-video-preview:-1"},"canonical":"https:\/\/vanxhaber.com\/index.php\/2024\/02\/28\/vanda-30-bin-aileye-ulasildi\/","og_locale":"tr_TR","og_type":"article","og_title":"Van\u2019da 30 bin aileye ula\u015f\u0131ld\u0131","og_description":"Van Valili\u011fi himayelerinde ba\u015flat\u0131lan, Van YY\u00dc ile B\u00fcy\u00fck\u015fehir Belediyesi Kad\u0131n ve Aile Hizmetleri Daire Ba\u015fkanl\u0131\u011f\u0131 taraf\u0131ndan y\u00fcr\u00fct\u00fclen \u2018Aile Akademisi\u2019 projesinde 30 bin aileye ula\u015f\u0131ld\u0131. Van\u2019da 15 Eyl\u00fcl 2023 tarihinde ba\u015flat\u0131lan ve T\u00fcrkiye\u2019de bir ilk olan \u2018Aile Akademisi\u2019 projesi ile aileler bilin\u00e7lendiriliyor. Yakla\u015f\u0131k 6 ayl\u0131k s\u00fcre i\u00e7erisinde 30 bin aileye ula\u015f\u0131lan projede, hedefin ilk etapta 80 &hellip;","og_url":"https:\/\/vanxhaber.com\/index.php\/2024\/02\/28\/vanda-30-bin-aileye-ulasildi\/","og_site_name":"Van Haber | Van X Haber | Van Haberleri","article_published_time":"2024-02-28T10:40:16+00:00","article_modified_time":"2024-02-28T10:40:17+00:00","og_image":[{"width":1110,"height":500,"url":"https:\/\/vanxhaber.com\/wp-content\/uploads\/2024\/02\/van-kadin-yasam.jpg","type":"image\/jpeg"}],"author":"Van X Haber","twitter_card":"summary_large_image","twitter_misc":{"Yazan:":"Van X Haber","Tahmini okuma s\u00fcresi":"4 dakika"},"schema":{"@context":"https:\/\/schema.org","@graph":[{"@type":"Article","@id":"https:\/\/vanxhaber.com\/index.php\/2024\/02\/28\/vanda-30-bin-aileye-ulasildi\/#article","isPartOf":{"@id":"https:\/\/vanxhaber.com\/index.php\/2024\/02\/28\/vanda-30-bin-aileye-ulasildi\/"},"author":{"name":"Van X Haber","@id":"https:\/\/vanxhaber.com\/#\/schema\/person\/a5fd8d89510cb5370e62ad176f7978ee"},"headline":"Van\u2019da 30 bin aileye ula\u015f\u0131ld\u0131","datePublished":"2024-02-28T10:40:16+00:00","dateModified":"2024-02-28T10:40:17+00:00","mainEntityOfPage":{"@id":"https:\/\/vanxhaber.com\/index.php\/2024\/02\/28\/vanda-30-bin-aileye-ulasildi\/"},"wordCount":748,"commentCount":0,"image":{"@id":"https:\/\/vanxhaber.com\/index.php\/2024\/02\/28\/vanda-30-bin-aileye-ulasildi\/#primaryimage"},"thumbnailUrl":"https:\/\/vanxhaber.com\/wp-content\/uploads\/2024\/02\/van-kadin-yasam.jpg","articleSection":["Van E\u011fitim","Van Emniyet","Van Haber","Van Haberleri"],"inLanguage":"tr","potentialAction":[{"@type":"CommentAction","name":"Comment","target":["https:\/\/vanxhaber.com\/index.php\/2024\/02\/28\/vanda-30-bin-aileye-ulasildi\/#respond"]}],"copyrightYear":"2024","copyrightHolder":{"@id":"https:\/\/vanxhaber.com\/#organization"}},{"@type":"WebPage","@id":"https:\/\/vanxhaber.com\/index.php\/2024\/02\/28\/vanda-30-bin-aileye-ulasildi\/","url":"https:\/\/vanxhaber.com\/index.php\/2024\/02\/28\/vanda-30-bin-aileye-ulasildi\/","name":"Van\u2019da 30 bin aileye ula\u015f\u0131ld\u0131 - Van Haber | Van X Haber | Van Haberleri","isPartOf":{"@id":"https:\/\/vanxhaber.com\/#website"},"primaryImageOfPage":{"@id":"https:\/\/vanxhaber.com\/index.php\/2024\/02\/28\/vanda-30-bin-aileye-ulasildi\/#primaryimage"},"image":{"@id":"https:\/\/vanxhaber.com\/index.php\/2024\/02\/28\/vanda-30-bin-aileye-ulasildi\/#primaryimage"},"thumbnailUrl":"https:\/\/vanxhaber.com\/wp-content\/uploads\/2024\/02\/van-kadin-yasam.jpg","datePublished":"2024-02-28T10:40:16+00:00","dateModified":"2024-02-28T10:40:17+00:00","author":{"@id":"https:\/\/vanxhaber.com\/#\/schema\/person\/a5fd8d89510cb5370e62ad176f7978ee"},"breadcrumb":{"@id":"https:\/\/vanxhaber.com\/index.php\/2024\/02\/28\/vanda-30-bin-aileye-ulasildi\/#breadcrumb"},"inLanguage":"tr","potentialAction":[{"@type":"ReadAction","target":["https:\/\/vanxhaber.com\/index.php\/2024\/02\/28\/vanda-30-bin-aileye-ulasildi\/"]}]},{"@type":"ImageObject","inLanguage":"tr","@id":"https:\/\/vanxhaber.com\/index.php\/2024\/02\/28\/vanda-30-bin-aileye-ulasildi\/#primaryimage","url":"https:\/\/vanxhaber.com\/wp-content\/uploads\/2024\/02\/van-kadin-yasam.jpg","contentUrl":"https:\/\/vanxhaber.com\/wp-content\/uploads\/2024\/02\/van-kadin-yasam.jpg","width":1110,"height":500},{"@type":"BreadcrumbList","@id":"https:\/\/vanxhaber.com\/index.php\/2024\/02\/28\/vanda-30-bin-aileye-ulasildi\/#breadcrumb","itemListElement":[{"@type":"ListItem","position":1,"name":"Anasayfa","item":"https:\/\/vanxhaber.com\/"},{"@type":"ListItem","position":2,"name":"Van\u2019da 30 bin aileye ula\u015f\u0131ld\u0131"}]},{"@type":"WebSite","@id":"https:\/\/vanxhaber.com\/#website","url":"https:\/\/vanxhaber.com\/","name":"Van Haber | Van X Haber | Van Haberleri","description":"Van Haber, Van&#039;\u0131n ilk yapay zeka teknolojileri ile yaz\u0131lan Van X Haber ve Van Haberlerini aktif g\u00fcncel sunan tek vanhaber merkezidir.","potentialAction":[{"@type":"SearchAction","target":{"@type":"EntryPoint","urlTemplate":"https:\/\/vanxhaber.com\/?s={search_term_string}"},"query-input":{"@type":"PropertyValueSpecification","valueRequired":true,"valueName":"search_term_string"}}],"inLanguage":"tr"},{"@type":"Person","@id":"https:\/\/vanxhaber.com\/#\/schema\/person\/a5fd8d89510cb5370e62ad176f7978ee","name":"Van X Haber","image":{"@type":"ImageObject","inLanguage":"tr","@id":"https:\/\/vanxhaber.com\/#\/schema\/person\/image\/","url":"https:\/\/secure.gravatar.com\/avatar\/36f2f63826681263103acb5ca1e7bc1a6db11baea9b75dd091d89b74f2704b07?s=96&d=mm&r=g","contentUrl":"https:\/\/secure.gravatar.com\/avatar\/36f2f63826681263103acb5ca1e7bc1a6db11baea9b75dd091d89b74f2704b07?s=96&d=mm&r=g","caption":"Van X Haber"},"description":"Van X Haber Van'\u0131n ilk ve tek yeni nesil Van Haber merkezi. Son Dakika Van Haberleri ve G\u00fcncel Van haber merkezinde s\u0131cak geli\u015fmeleri aktarmaya devam edece\u011fiz.","url":"https:\/\/vanxhaber.com\/index.php\/author\/vangazetesi\/"}]}},"_links":{"self":[{"href":"https:\/\/vanxhaber.com\/index.php\/wp-json\/wp\/v2\/posts\/1843","targetHints":{"allow":["GET"]}}],"collection":[{"href":"https:\/\/vanxhaber.com\/index.php\/wp-json\/wp\/v2\/posts"}],"about":[{"href":"https:\/\/vanxhaber.com\/index.php\/wp-json\/wp\/v2\/types\/post"}],"author":[{"embeddable":true,"href":"https:\/\/vanxhaber.com\/index.php\/wp-json\/wp\/v2\/users\/2"}],"replies":[{"embeddable":true,"href":"https:\/\/vanxhaber.com\/index.php\/wp-json\/wp\/v2\/comments?post=1843"}],"version-history":[{"count":1,"href":"https:\/\/vanxhaber.com\/index.php\/wp-json\/wp\/v2\/posts\/1843\/revisions"}],"predecessor-version":[{"id":1846,"href":"https:\/\/vanxhaber.com\/index.php\/wp-json\/wp\/v2\/posts\/1843\/revisions\/1846"}],"wp:featuredmedia":[{"embeddable":true,"href":"https:\/\/vanxhaber.com\/index.php\/wp-json\/wp\/v2\/media\/1845"}],"wp:attachment":[{"href":"https:\/\/vanxhaber.com\/index.php\/wp-json\/wp\/v2\/media?parent=1843"}],"wp:term":[{"taxonomy":"category","embeddable":true,"href":"https:\/\/vanxhaber.com\/index.php\/wp-json\/wp\/v2\/categories?post=1843"},{"taxonomy":"post_tag","embeddable":true,"href":"https:\/\/vanxhaber.com\/index.php\/wp-json\/wp\/v2\/tags?post=1843"}],"curies":[{"name":"wp","href":"https:\/\/api.w.org\/{rel}","templated":true}]}}