{"id":1847,"date":"2024-02-28T10:53:30","date_gmt":"2024-02-28T10:53:30","guid":{"rendered":"https:\/\/vanxhaber.com\/?p=1847"},"modified":"2024-02-28T10:53:31","modified_gmt":"2024-02-28T10:53:31","slug":"vanda-kuvvetli-ruzgar-ve-soguk-uyarisi","status":"publish","type":"post","link":"https:\/\/vanxhaber.com\/index.php\/2024\/02\/28\/vanda-kuvvetli-ruzgar-ve-soguk-uyarisi\/","title":{"rendered":"Van\u2019da Kuvvetli R\u00fczgar ve So\u011fuk uyar\u0131s\u0131"},"content":{"rendered":"\n<p>Meteoroloji 14. B\u00f6lge M\u00fcd\u00fcrl\u00fc\u011f\u00fc B\u00f6lge Tahmin ve Erken Uyar\u0131 Merkezi (BTUM) meydana gelebilecek \u00e7\u0131\u011f facialar\u0131na kar\u015f\u0131 vatanda\u015flar\u0131 uyard\u0131.<\/p>\n\n\n\n<ol class=\"wp-block-list\" start=\"14\">\n<li>B\u00f6lge Meteoroloji M\u00fcd\u00fcrl\u00fc\u011f\u00fc, b\u00f6lge genelinde ya\u015fanabilecek \u00e7\u0131\u011f ve don olaylar\u0131na kar\u015f\u0131 vatanda\u015flar\u0131 uyard\u0131. G\u00fcncellenen hava tahmin raporuna g\u00f6re, b\u00f6lgede havan\u0131n par\u00e7al\u0131 ve az bulutlu olmas\u0131 beklenirken, \u00f6zellikle gece ve sabah saatlerinde buzlanma, don, pus ve sis gibi olumsuz hava ko\u015fullar\u0131 meydana gelebilir.<\/li>\n<\/ol>\n\n\n\n<p>Hava s\u0131cakl\u0131klar\u0131n\u0131n mevsim normallerinin alt\u0131nda seyredece\u011fi tahmin edilirken, r\u00fczgar\u0131n kuzeyli ve do\u011fulu y\u00f6nlerden orta, zaman zaman kuvvetli esmesi \u00f6ng\u00f6r\u00fclmektedir. \u00d6zellikle Van G\u00f6l\u00fc&#8217;nde hava durumu detaylar\u0131na g\u00f6re, az bulutlu ve yer yer puslu bir atmosfer bekleniyor. R\u00fczgar\u0131n do\u011fu ve kuzeydo\u011fudan esmesi, \u00f6\u011fle saatlerinden sonra g\u00fcneybat\u0131dan 3 ila 5 kuvvetinde esece\u011fi belirtiliyor. Dalga y\u00fcksekli\u011finin 0,25 ila 0,75 metre aras\u0131nda olmas\u0131 ve g\u00f6r\u00fc\u015f\u00fcn genellikle iyi olmas\u0131 bekleniyor.<\/p>\n\n\n\n<p>\u0130l merkezleri i\u00e7in g\u00fcn\u00fcn en y\u00fcksek s\u0131cakl\u0131klar\u0131 ise \u015fu \u015fekilde tahmin ediliyor: Mu\u015f 6 derece, Van ve Hakk\u00e2ri 3 derece, Bitlis ise 2 derece.<\/p>\n\n\n\n<p>Buzlanma ve Don Olay\u0131<\/p>\n\n\n\n<p>Gece ve sabah saatlerinde buzlanma ve don olay\u0131 ile birlikte yer yer sis hadisesi beklendi\u011finden, ula\u015f\u0131mda aksamalar ve g\u00f6r\u00fc\u015f mesafesinde daralma gibi olumsuzluklara kar\u015f\u0131 dikkatli olunmal\u0131d\u0131r.<\/p>\n\n\n\n<p>Kuvvetli R\u00fczgar Uyar\u0131s\u0131<\/p>\n\n\n\n<p>Van, Hakk\u00e2ri ve Bitlis illerinde kuzeyli ve do\u011fulu y\u00f6nlerden kuvvetli r\u00fczgar\u0131n etkisi alt\u0131nda olaca\u011f\u0131 \u00f6ng\u00f6r\u00fclmektedir. Bu durum, baca gaz\u0131 (karbonmonoksit) zehirlenmeleri, kar savrulmas\u0131 ve kar s\u00fcr\u00fclmesi gibi olumsuzluklara yol a\u00e7abilece\u011finden, halk\u0131n dikkatli ve tedbirli olmas\u0131 \u00f6nemlidir.*<\/p>\n\n\n\n<p>Bu \u00f6nlemler, b\u00f6lgedeki vatanda\u015flar\u0131n g\u00fcvenli\u011fi ve rahatl\u0131\u011f\u0131 i\u00e7in \u00f6nem ta\u015f\u0131maktad\u0131r. Meteoroloji ve ilgili kurumlar taraf\u0131ndan yap\u0131lan uyar\u0131lara dikkat edilerek, gerekli tedbirlerin al\u0131nmas\u0131 \u00f6nemlidir.<\/p>\n\n\n\n<p><\/p>\n\n\n\n<p><\/p>\n","protected":false},"excerpt":{"rendered":"<p>Meteoroloji 14. B\u00f6lge M\u00fcd\u00fcrl\u00fc\u011f\u00fc B\u00f6lge Tahmin ve Erken Uyar\u0131 Merkezi (BTUM) meydana gelebilecek \u00e7\u0131\u011f facialar\u0131na kar\u015f\u0131 vatanda\u015flar\u0131 uyard\u0131. B\u00f6lge Meteoroloji M\u00fcd\u00fcrl\u00fc\u011f\u00fc, b\u00f6lge genelinde ya\u015fanabilecek \u00e7\u0131\u011f ve don olaylar\u0131na kar\u015f\u0131 vatanda\u015flar\u0131 uyard\u0131. G\u00fcncellenen hava tahmin raporuna g\u00f6re, b\u00f6lgede havan\u0131n par\u00e7al\u0131 ve az bulutlu olmas\u0131 beklenirken, \u00f6zellikle gece ve sabah saatlerinde buzlanma, don, pus ve sis gibi &hellip;<\/p>\n","protected":false},"author":2,"featured_media":1849,"comment_status":"open","ping_status":"closed","sticky":false,"template":"","format":"standard","meta":{"googlesitekit_rrm_CAowot3VCw:productID":"","footnotes":""},"categories":[28,1,24],"tags":[],"class_list":["post-1847","post","type-post","status-publish","format-standard","has-post-thumbnail","hentry","category-van-egitim","category-van-haber","category-van-haberleri"],"yoast_head":"<!-- This site is optimized with the Yoast SEO Premium plugin v21.7 (Yoast SEO v26.7) - https:\/\/yoast.com\/wordpress\/plugins\/seo\/ -->\n<title>Van\u2019da Kuvvetli R\u00fczgar ve So\u011fuk uyar\u0131s\u0131 - Van Haber | Van X Haber | Van Haberleri<\/title>\n<meta name=\"robots\" content=\"index, follow, max-snippet:-1, max-image-preview:large, max-video-preview:-1\" \/>\n<link rel=\"canonical\" href=\"https:\/\/vanxhaber.com\/index.php\/2024\/02\/28\/vanda-kuvvetli-ruzgar-ve-soguk-uyarisi\/\" \/>\n<meta property=\"og:locale\" content=\"tr_TR\" \/>\n<meta property=\"og:type\" content=\"article\" \/>\n<meta property=\"og:title\" content=\"Van\u2019da Kuvvetli R\u00fczgar ve So\u011fuk uyar\u0131s\u0131\" \/>\n<meta property=\"og:description\" content=\"Meteoroloji 14. B\u00f6lge M\u00fcd\u00fcrl\u00fc\u011f\u00fc B\u00f6lge Tahmin ve Erken Uyar\u0131 Merkezi (BTUM) meydana gelebilecek \u00e7\u0131\u011f facialar\u0131na kar\u015f\u0131 vatanda\u015flar\u0131 uyard\u0131. B\u00f6lge Meteoroloji M\u00fcd\u00fcrl\u00fc\u011f\u00fc, b\u00f6lge genelinde ya\u015fanabilecek \u00e7\u0131\u011f ve don olaylar\u0131na kar\u015f\u0131 vatanda\u015flar\u0131 uyard\u0131. G\u00fcncellenen hava tahmin raporuna g\u00f6re, b\u00f6lgede havan\u0131n par\u00e7al\u0131 ve az bulutlu olmas\u0131 beklenirken, \u00f6zellikle gece ve sabah saatlerinde buzlanma, don, pus ve sis gibi &hellip;\" \/>\n<meta property=\"og:url\" content=\"https:\/\/vanxhaber.com\/index.php\/2024\/02\/28\/vanda-kuvvetli-ruzgar-ve-soguk-uyarisi\/\" \/>\n<meta property=\"og:site_name\" content=\"Van Haber | Van X Haber | Van Haberleri\" \/>\n<meta property=\"article:published_time\" content=\"2024-02-28T10:53:30+00:00\" \/>\n<meta property=\"article:modified_time\" content=\"2024-02-28T10:53:31+00:00\" \/>\n<meta property=\"og:image\" content=\"https:\/\/vanxhaber.com\/wp-content\/uploads\/2024\/02\/soguk-hava.jpg\" \/>\n\t<meta property=\"og:image:width\" content=\"1110\" \/>\n\t<meta property=\"og:image:height\" content=\"500\" \/>\n\t<meta property=\"og:image:type\" content=\"image\/jpeg\" \/>\n<meta name=\"author\" content=\"Van X Haber\" \/>\n<meta name=\"twitter:card\" content=\"summary_large_image\" \/>\n<meta name=\"twitter:label1\" content=\"Yazan:\" \/>\n\t<meta name=\"twitter:data1\" content=\"Van X Haber\" \/>\n\t<meta name=\"twitter:label2\" content=\"Tahmini okuma s\u00fcresi\" \/>\n\t<meta name=\"twitter:data2\" content=\"2 dakika\" \/>\n<script type=\"application\/ld+json\" class=\"yoast-schema-graph\">{\"@context\":\"https:\/\/schema.org\",\"@graph\":[{\"@type\":\"Article\",\"@id\":\"https:\/\/vanxhaber.com\/index.php\/2024\/02\/28\/vanda-kuvvetli-ruzgar-ve-soguk-uyarisi\/#article\",\"isPartOf\":{\"@id\":\"https:\/\/vanxhaber.com\/index.php\/2024\/02\/28\/vanda-kuvvetli-ruzgar-ve-soguk-uyarisi\/\"},\"author\":{\"name\":\"Van X Haber\",\"@id\":\"https:\/\/vanxhaber.com\/#\/schema\/person\/a5fd8d89510cb5370e62ad176f7978ee\"},\"headline\":\"Van\u2019da Kuvvetli R\u00fczgar ve So\u011fuk uyar\u0131s\u0131\",\"datePublished\":\"2024-02-28T10:53:30+00:00\",\"dateModified\":\"2024-02-28T10:53:31+00:00\",\"mainEntityOfPage\":{\"@id\":\"https:\/\/vanxhaber.com\/index.php\/2024\/02\/28\/vanda-kuvvetli-ruzgar-ve-soguk-uyarisi\/\"},\"wordCount\":326,\"commentCount\":0,\"image\":{\"@id\":\"https:\/\/vanxhaber.com\/index.php\/2024\/02\/28\/vanda-kuvvetli-ruzgar-ve-soguk-uyarisi\/#primaryimage\"},\"thumbnailUrl\":\"https:\/\/vanxhaber.com\/wp-content\/uploads\/2024\/02\/soguk-hava.jpg\",\"articleSection\":[\"Van E\u011fitim\",\"Van Haber\",\"Van Haberleri\"],\"inLanguage\":\"tr\",\"potentialAction\":[{\"@type\":\"CommentAction\",\"name\":\"Comment\",\"target\":[\"https:\/\/vanxhaber.com\/index.php\/2024\/02\/28\/vanda-kuvvetli-ruzgar-ve-soguk-uyarisi\/#respond\"]}],\"copyrightYear\":\"2024\",\"copyrightHolder\":{\"@id\":\"https:\/\/vanxhaber.com\/#organization\"}},{\"@type\":\"WebPage\",\"@id\":\"https:\/\/vanxhaber.com\/index.php\/2024\/02\/28\/vanda-kuvvetli-ruzgar-ve-soguk-uyarisi\/\",\"url\":\"https:\/\/vanxhaber.com\/index.php\/2024\/02\/28\/vanda-kuvvetli-ruzgar-ve-soguk-uyarisi\/\",\"name\":\"Van\u2019da Kuvvetli R\u00fczgar ve So\u011fuk uyar\u0131s\u0131 - Van Haber | Van X Haber | Van Haberleri\",\"isPartOf\":{\"@id\":\"https:\/\/vanxhaber.com\/#website\"},\"primaryImageOfPage\":{\"@id\":\"https:\/\/vanxhaber.com\/index.php\/2024\/02\/28\/vanda-kuvvetli-ruzgar-ve-soguk-uyarisi\/#primaryimage\"},\"image\":{\"@id\":\"https:\/\/vanxhaber.com\/index.php\/2024\/02\/28\/vanda-kuvvetli-ruzgar-ve-soguk-uyarisi\/#primaryimage\"},\"thumbnailUrl\":\"https:\/\/vanxhaber.com\/wp-content\/uploads\/2024\/02\/soguk-hava.jpg\",\"datePublished\":\"2024-02-28T10:53:30+00:00\",\"dateModified\":\"2024-02-28T10:53:31+00:00\",\"author\":{\"@id\":\"https:\/\/vanxhaber.com\/#\/schema\/person\/a5fd8d89510cb5370e62ad176f7978ee\"},\"breadcrumb\":{\"@id\":\"https:\/\/vanxhaber.com\/index.php\/2024\/02\/28\/vanda-kuvvetli-ruzgar-ve-soguk-uyarisi\/#breadcrumb\"},\"inLanguage\":\"tr\",\"potentialAction\":[{\"@type\":\"ReadAction\",\"target\":[\"https:\/\/vanxhaber.com\/index.php\/2024\/02\/28\/vanda-kuvvetli-ruzgar-ve-soguk-uyarisi\/\"]}]},{\"@type\":\"ImageObject\",\"inLanguage\":\"tr\",\"@id\":\"https:\/\/vanxhaber.com\/index.php\/2024\/02\/28\/vanda-kuvvetli-ruzgar-ve-soguk-uyarisi\/#primaryimage\",\"url\":\"https:\/\/vanxhaber.com\/wp-content\/uploads\/2024\/02\/soguk-hava.jpg\",\"contentUrl\":\"https:\/\/vanxhaber.com\/wp-content\/uploads\/2024\/02\/soguk-hava.jpg\",\"width\":1110,\"height\":500},{\"@type\":\"BreadcrumbList\",\"@id\":\"https:\/\/vanxhaber.com\/index.php\/2024\/02\/28\/vanda-kuvvetli-ruzgar-ve-soguk-uyarisi\/#breadcrumb\",\"itemListElement\":[{\"@type\":\"ListItem\",\"position\":1,\"name\":\"Anasayfa\",\"item\":\"https:\/\/vanxhaber.com\/\"},{\"@type\":\"ListItem\",\"position\":2,\"name\":\"Van\u2019da Kuvvetli R\u00fczgar ve So\u011fuk uyar\u0131s\u0131\"}]},{\"@type\":\"WebSite\",\"@id\":\"https:\/\/vanxhaber.com\/#website\",\"url\":\"https:\/\/vanxhaber.com\/\",\"name\":\"Van Haber | Van X Haber | Van Haberleri\",\"description\":\"Van Haber, Van&#039;\u0131n ilk yapay zeka teknolojileri ile yaz\u0131lan Van X Haber ve Van Haberlerini aktif g\u00fcncel sunan tek vanhaber merkezidir.\",\"potentialAction\":[{\"@type\":\"SearchAction\",\"target\":{\"@type\":\"EntryPoint\",\"urlTemplate\":\"https:\/\/vanxhaber.com\/?s={search_term_string}\"},\"query-input\":{\"@type\":\"PropertyValueSpecification\",\"valueRequired\":true,\"valueName\":\"search_term_string\"}}],\"inLanguage\":\"tr\"},{\"@type\":\"Person\",\"@id\":\"https:\/\/vanxhaber.com\/#\/schema\/person\/a5fd8d89510cb5370e62ad176f7978ee\",\"name\":\"Van X Haber\",\"image\":{\"@type\":\"ImageObject\",\"inLanguage\":\"tr\",\"@id\":\"https:\/\/vanxhaber.com\/#\/schema\/person\/image\/\",\"url\":\"https:\/\/secure.gravatar.com\/avatar\/36f2f63826681263103acb5ca1e7bc1a6db11baea9b75dd091d89b74f2704b07?s=96&d=mm&r=g\",\"contentUrl\":\"https:\/\/secure.gravatar.com\/avatar\/36f2f63826681263103acb5ca1e7bc1a6db11baea9b75dd091d89b74f2704b07?s=96&d=mm&r=g\",\"caption\":\"Van X Haber\"},\"description\":\"Van X Haber Van'\u0131n ilk ve tek yeni nesil Van Haber merkezi. Son Dakika Van Haberleri ve G\u00fcncel Van haber merkezinde s\u0131cak geli\u015fmeleri aktarmaya devam edece\u011fiz.\",\"url\":\"https:\/\/vanxhaber.com\/index.php\/author\/vangazetesi\/\"}]}<\/script>\n<!-- \/ Yoast SEO Premium plugin. -->","yoast_head_json":{"title":"Van\u2019da Kuvvetli R\u00fczgar ve So\u011fuk uyar\u0131s\u0131 - Van Haber | Van X Haber | Van Haberleri","robots":{"index":"index","follow":"follow","max-snippet":"max-snippet:-1","max-image-preview":"max-image-preview:large","max-video-preview":"max-video-preview:-1"},"canonical":"https:\/\/vanxhaber.com\/index.php\/2024\/02\/28\/vanda-kuvvetli-ruzgar-ve-soguk-uyarisi\/","og_locale":"tr_TR","og_type":"article","og_title":"Van\u2019da Kuvvetli R\u00fczgar ve So\u011fuk uyar\u0131s\u0131","og_description":"Meteoroloji 14. B\u00f6lge M\u00fcd\u00fcrl\u00fc\u011f\u00fc B\u00f6lge Tahmin ve Erken Uyar\u0131 Merkezi (BTUM) meydana gelebilecek \u00e7\u0131\u011f facialar\u0131na kar\u015f\u0131 vatanda\u015flar\u0131 uyard\u0131. B\u00f6lge Meteoroloji M\u00fcd\u00fcrl\u00fc\u011f\u00fc, b\u00f6lge genelinde ya\u015fanabilecek \u00e7\u0131\u011f ve don olaylar\u0131na kar\u015f\u0131 vatanda\u015flar\u0131 uyard\u0131. G\u00fcncellenen hava tahmin raporuna g\u00f6re, b\u00f6lgede havan\u0131n par\u00e7al\u0131 ve az bulutlu olmas\u0131 beklenirken, \u00f6zellikle gece ve sabah saatlerinde buzlanma, don, pus ve sis gibi &hellip;","og_url":"https:\/\/vanxhaber.com\/index.php\/2024\/02\/28\/vanda-kuvvetli-ruzgar-ve-soguk-uyarisi\/","og_site_name":"Van Haber | Van X Haber | Van Haberleri","article_published_time":"2024-02-28T10:53:30+00:00","article_modified_time":"2024-02-28T10:53:31+00:00","og_image":[{"width":1110,"height":500,"url":"https:\/\/vanxhaber.com\/wp-content\/uploads\/2024\/02\/soguk-hava.jpg","type":"image\/jpeg"}],"author":"Van X Haber","twitter_card":"summary_large_image","twitter_misc":{"Yazan:":"Van X Haber","Tahmini okuma s\u00fcresi":"2 dakika"},"schema":{"@context":"https:\/\/schema.org","@graph":[{"@type":"Article","@id":"https:\/\/vanxhaber.com\/index.php\/2024\/02\/28\/vanda-kuvvetli-ruzgar-ve-soguk-uyarisi\/#article","isPartOf":{"@id":"https:\/\/vanxhaber.com\/index.php\/2024\/02\/28\/vanda-kuvvetli-ruzgar-ve-soguk-uyarisi\/"},"author":{"name":"Van X Haber","@id":"https:\/\/vanxhaber.com\/#\/schema\/person\/a5fd8d89510cb5370e62ad176f7978ee"},"headline":"Van\u2019da Kuvvetli R\u00fczgar ve So\u011fuk uyar\u0131s\u0131","datePublished":"2024-02-28T10:53:30+00:00","dateModified":"2024-02-28T10:53:31+00:00","mainEntityOfPage":{"@id":"https:\/\/vanxhaber.com\/index.php\/2024\/02\/28\/vanda-kuvvetli-ruzgar-ve-soguk-uyarisi\/"},"wordCount":326,"commentCount":0,"image":{"@id":"https:\/\/vanxhaber.com\/index.php\/2024\/02\/28\/vanda-kuvvetli-ruzgar-ve-soguk-uyarisi\/#primaryimage"},"thumbnailUrl":"https:\/\/vanxhaber.com\/wp-content\/uploads\/2024\/02\/soguk-hava.jpg","articleSection":["Van E\u011fitim","Van Haber","Van Haberleri"],"inLanguage":"tr","potentialAction":[{"@type":"CommentAction","name":"Comment","target":["https:\/\/vanxhaber.com\/index.php\/2024\/02\/28\/vanda-kuvvetli-ruzgar-ve-soguk-uyarisi\/#respond"]}],"copyrightYear":"2024","copyrightHolder":{"@id":"https:\/\/vanxhaber.com\/#organization"}},{"@type":"WebPage","@id":"https:\/\/vanxhaber.com\/index.php\/2024\/02\/28\/vanda-kuvvetli-ruzgar-ve-soguk-uyarisi\/","url":"https:\/\/vanxhaber.com\/index.php\/2024\/02\/28\/vanda-kuvvetli-ruzgar-ve-soguk-uyarisi\/","name":"Van\u2019da Kuvvetli R\u00fczgar ve So\u011fuk uyar\u0131s\u0131 - Van Haber | Van X Haber | Van Haberleri","isPartOf":{"@id":"https:\/\/vanxhaber.com\/#website"},"primaryImageOfPage":{"@id":"https:\/\/vanxhaber.com\/index.php\/2024\/02\/28\/vanda-kuvvetli-ruzgar-ve-soguk-uyarisi\/#primaryimage"},"image":{"@id":"https:\/\/vanxhaber.com\/index.php\/2024\/02\/28\/vanda-kuvvetli-ruzgar-ve-soguk-uyarisi\/#primaryimage"},"thumbnailUrl":"https:\/\/vanxhaber.com\/wp-content\/uploads\/2024\/02\/soguk-hava.jpg","datePublished":"2024-02-28T10:53:30+00:00","dateModified":"2024-02-28T10:53:31+00:00","author":{"@id":"https:\/\/vanxhaber.com\/#\/schema\/person\/a5fd8d89510cb5370e62ad176f7978ee"},"breadcrumb":{"@id":"https:\/\/vanxhaber.com\/index.php\/2024\/02\/28\/vanda-kuvvetli-ruzgar-ve-soguk-uyarisi\/#breadcrumb"},"inLanguage":"tr","potentialAction":[{"@type":"ReadAction","target":["https:\/\/vanxhaber.com\/index.php\/2024\/02\/28\/vanda-kuvvetli-ruzgar-ve-soguk-uyarisi\/"]}]},{"@type":"ImageObject","inLanguage":"tr","@id":"https:\/\/vanxhaber.com\/index.php\/2024\/02\/28\/vanda-kuvvetli-ruzgar-ve-soguk-uyarisi\/#primaryimage","url":"https:\/\/vanxhaber.com\/wp-content\/uploads\/2024\/02\/soguk-hava.jpg","contentUrl":"https:\/\/vanxhaber.com\/wp-content\/uploads\/2024\/02\/soguk-hava.jpg","width":1110,"height":500},{"@type":"BreadcrumbList","@id":"https:\/\/vanxhaber.com\/index.php\/2024\/02\/28\/vanda-kuvvetli-ruzgar-ve-soguk-uyarisi\/#breadcrumb","itemListElement":[{"@type":"ListItem","position":1,"name":"Anasayfa","item":"https:\/\/vanxhaber.com\/"},{"@type":"ListItem","position":2,"name":"Van\u2019da Kuvvetli R\u00fczgar ve So\u011fuk uyar\u0131s\u0131"}]},{"@type":"WebSite","@id":"https:\/\/vanxhaber.com\/#website","url":"https:\/\/vanxhaber.com\/","name":"Van Haber | Van X Haber | Van Haberleri","description":"Van Haber, Van&#039;\u0131n ilk yapay zeka teknolojileri ile yaz\u0131lan Van X Haber ve Van Haberlerini aktif g\u00fcncel sunan tek vanhaber merkezidir.","potentialAction":[{"@type":"SearchAction","target":{"@type":"EntryPoint","urlTemplate":"https:\/\/vanxhaber.com\/?s={search_term_string}"},"query-input":{"@type":"PropertyValueSpecification","valueRequired":true,"valueName":"search_term_string"}}],"inLanguage":"tr"},{"@type":"Person","@id":"https:\/\/vanxhaber.com\/#\/schema\/person\/a5fd8d89510cb5370e62ad176f7978ee","name":"Van X Haber","image":{"@type":"ImageObject","inLanguage":"tr","@id":"https:\/\/vanxhaber.com\/#\/schema\/person\/image\/","url":"https:\/\/secure.gravatar.com\/avatar\/36f2f63826681263103acb5ca1e7bc1a6db11baea9b75dd091d89b74f2704b07?s=96&d=mm&r=g","contentUrl":"https:\/\/secure.gravatar.com\/avatar\/36f2f63826681263103acb5ca1e7bc1a6db11baea9b75dd091d89b74f2704b07?s=96&d=mm&r=g","caption":"Van X Haber"},"description":"Van X Haber Van'\u0131n ilk ve tek yeni nesil Van Haber merkezi. Son Dakika Van Haberleri ve G\u00fcncel Van haber merkezinde s\u0131cak geli\u015fmeleri aktarmaya devam edece\u011fiz.","url":"https:\/\/vanxhaber.com\/index.php\/author\/vangazetesi\/"}]}},"_links":{"self":[{"href":"https:\/\/vanxhaber.com\/index.php\/wp-json\/wp\/v2\/posts\/1847","targetHints":{"allow":["GET"]}}],"collection":[{"href":"https:\/\/vanxhaber.com\/index.php\/wp-json\/wp\/v2\/posts"}],"about":[{"href":"https:\/\/vanxhaber.com\/index.php\/wp-json\/wp\/v2\/types\/post"}],"author":[{"embeddable":true,"href":"https:\/\/vanxhaber.com\/index.php\/wp-json\/wp\/v2\/users\/2"}],"replies":[{"embeddable":true,"href":"https:\/\/vanxhaber.com\/index.php\/wp-json\/wp\/v2\/comments?post=1847"}],"version-history":[{"count":1,"href":"https:\/\/vanxhaber.com\/index.php\/wp-json\/wp\/v2\/posts\/1847\/revisions"}],"predecessor-version":[{"id":1850,"href":"https:\/\/vanxhaber.com\/index.php\/wp-json\/wp\/v2\/posts\/1847\/revisions\/1850"}],"wp:featuredmedia":[{"embeddable":true,"href":"https:\/\/vanxhaber.com\/index.php\/wp-json\/wp\/v2\/media\/1849"}],"wp:attachment":[{"href":"https:\/\/vanxhaber.com\/index.php\/wp-json\/wp\/v2\/media?parent=1847"}],"wp:term":[{"taxonomy":"category","embeddable":true,"href":"https:\/\/vanxhaber.com\/index.php\/wp-json\/wp\/v2\/categories?post=1847"},{"taxonomy":"post_tag","embeddable":true,"href":"https:\/\/vanxhaber.com\/index.php\/wp-json\/wp\/v2\/tags?post=1847"}],"curies":[{"name":"wp","href":"https:\/\/api.w.org\/{rel}","templated":true}]}}