{"id":1856,"date":"2024-03-01T08:54:07","date_gmt":"2024-03-01T08:54:07","guid":{"rendered":"https:\/\/vanxhaber.com\/?p=1856"},"modified":"2024-03-01T08:54:09","modified_gmt":"2024-03-01T08:54:09","slug":"van-altintepede-muhtar-adayi-enteriliden-aciklama","status":"publish","type":"post","link":"https:\/\/vanxhaber.com\/index.php\/2024\/03\/01\/van-altintepede-muhtar-adayi-enteriliden-aciklama\/","title":{"rendered":"Van Alt\u0131ntepe\u2019de Muhtar Aday\u0131 Enterili\u2019den A\u00e7\u0131klama"},"content":{"rendered":"\n<p><strong>Van ili Tu\u015fba il\u00e7esi Alt\u0131ntepe mahallesinde muhtar aday\u0131 \u0130smet Enterili\u2019ye mahalle hakk\u0131nda Van Gazetesi ve Van Haber hatt\u0131na a\u00e7\u0131klad\u0131.<\/strong><\/p>\n\n\n\n<p>Van ili Tu\u015fba il\u00e7esinde 24 y\u0131ld\u0131r ikamet eden Alt\u0131ntepe muhtar aday\u0131 \u0130smet Enterili\u2019ye mahalle sakinlerini tek tek ziyaret etmeye devam ediyor. Mahallesinde bulunan sorunlar\u0131 hakk\u0131nda Van Gazetesi ve Van Haber hatt\u0131na a\u00e7\u0131klad\u0131.<\/p>\n\n\n\n<p><strong>\u0130SMET ENTER\u0130L\u0130, \u201cALTINTEPE MAHALLES\u0130NDE BULUNAN SORUNLARI VE PROJELER\u2026\u201d<\/strong><\/p>\n\n\n\n<p>Alt\u0131ntepe Mahallesi Muhtar Aday\u0131 \u0130smet Enterili, &#8220;Van Alt\u0131ntepe Mahallesi&#8217;nde 24 y\u0131ld\u0131r ikamet etmekteyim ve mahallemizin kar\u015f\u0131 kar\u015f\u0131ya oldu\u011fu \u00e7e\u015fitli sorunlar hakk\u0131nda derin bir endi\u015fe duymaktay\u0131m. \u00d6ncelikli olarak, yol altyap\u0131s\u0131n\u0131n eksiklikleri ba\u015fl\u0131ca g\u00fcndemimizi i\u015fgal etmektedir. Bir\u00e7ok sokak, evlerine ula\u015f\u0131m\u0131 sa\u011flamak i\u00e7in \u00e7amurlu ve bak\u0131ms\u0131z yollarla doludur. Bu durum, baz\u0131 ailelerin daha uzun ve dolamba\u00e7l\u0131 yollar\u0131 tercih etmesine neden olmaktad\u0131r. Ayr\u0131ca, ana caddelerdeki yetersiz ayd\u0131nlatma ve trafik sinyalizasyonu sistemlerinin varl\u0131\u011f\u0131 da dikkat \u00e7ekicidir.<\/p>\n\n\n\n<p>Mahallemizde, gece saatlerine kadar \u00e7al\u0131\u015fmak zorunda olan vatanda\u015flar\u0131m\u0131z\u0131n toplu ta\u015f\u0131ma ara\u00e7lar\u0131na eri\u015fimde ya\u015fad\u0131\u011f\u0131 zorluklar da g\u00f6z ard\u0131 edilemez. Bu durum, \u00f6zellikle \u00e7ar\u015f\u0131 merkezinden mahalleye ula\u015f\u0131m\u0131 sa\u011flayan toplu ta\u015f\u0131ma ara\u00e7lar\u0131n\u0131n yetersizli\u011fi sebebiyle, baz\u0131 vatanda\u015flar\u0131n uzun y\u00fcr\u00fcy\u00fc\u015fler yaparak evlerine ula\u015fmas\u0131na neden olmaktad\u0131r. Bununla birlikte, bir\u00e7ok sokakta yolcu ta\u015f\u0131mac\u0131l\u0131\u011f\u0131 hizmetlerinin bulunmamas\u0131 da ula\u015f\u0131m konusunda s\u0131k\u0131nt\u0131lar ya\u015fanmas\u0131na sebep olmaktad\u0131r.<\/p>\n\n\n\n<p>Ayr\u0131ca, ya\u015fl\u0131 vatanda\u015flar\u0131m\u0131z\u0131n banka i\u015flemlerini ger\u00e7ekle\u015ftirmek i\u00e7in uzak mahallelere gitmek zorunda kalmalar\u0131 da bir ba\u015fka endi\u015fe kayna\u011f\u0131d\u0131r. Bu noktada, mahallemizde ATM hizmetlerinin sa\u011flanmas\u0131 gereklili\u011fi \u00f6n plana \u00e7\u0131kmaktad\u0131r. Bununla birlikte, dar gelirli ailelerin belirlenmesi ve bu ailelere y\u00f6nelik yard\u0131mlar\u0131n art\u0131r\u0131lmas\u0131 gereklili\u011fi de dikkate al\u0131nmal\u0131d\u0131r.<\/p>\n\n\n\n<p>Oyun ve dinlenme alanlar\u0131n\u0131n yetersizli\u011fi, \u00f6zellikle \u00e7ocuklar\u0131m\u0131z\u0131n sa\u011fl\u0131kl\u0131 geli\u015fimi ve sosyal etkile\u015fimleri a\u00e7\u0131s\u0131ndan endi\u015fe vericidir. Mahallemizde bulunan parklar\u0131n say\u0131s\u0131n\u0131n art\u0131r\u0131lmas\u0131 ve \u00e7ocuklar\u0131m\u0131z\u0131n daha g\u00fcvenli ortamlarda vakit ge\u00e7irebilmesi i\u00e7in gerekli d\u00fczenlemelerin yap\u0131lmas\u0131 \u00f6nem arz etmektedir.<\/p>\n\n\n\n<p>Son olarak, internet altyap\u0131s\u0131ndaki eksikliklerin giderilmesi b\u00fcy\u00fck bir \u00f6nem ta\u015f\u0131maktad\u0131r. G\u00fcn\u00fcm\u00fczde internet eri\u015fimi, e\u011fitimden sa\u011fl\u0131\u011fa kadar bir\u00e7ok alanda hayati bir \u00f6neme sahiptir ve mahallemizdeki altyap\u0131 eksiklikleri bu alanlarda ya\u015fayan vatanda\u015flar\u0131m\u0131z\u0131n ya\u015fam kalitesini olumsuz etkilemektedir.<\/p>\n\n\n\n<p>T\u00fcm bu sorunlar\u0131n \u00e7\u00f6z\u00fcm\u00fc i\u00e7in yap\u0131lacak projeler ve al\u0131nacak tedbirlerin hayata ge\u00e7irilmesi, mahallemizin ya\u015fam kalitesini art\u0131racak ve vatanda\u015flar\u0131m\u0131z\u0131n refah\u0131n\u0131 sa\u011flayacakt\u0131r. Bu do\u011frultuda, se\u00e7imlerde g\u00f6reve gelme f\u0131rsat\u0131n\u0131 yakalarsak, bu sorunlar\u0131 \u00e7\u00f6zmek i\u00e7in elimizden geleni yapaca\u011f\u0131m\u0131za olan inanc\u0131m\u0131 ifade etmek isterim.&#8221;dedi.<\/p>\n\n\n\n<p><strong>RIFAT \u00d6ZER,\u201cMAHALLEM\u0130Z\u0130 B\u0130RL\u0130KTE \u0130N\u015eA EDECE\u011e\u0130Z\u201d<\/strong><\/p>\n\n\n\n<p>1\u2019nci s\u0131ra Aza R\u0131fat \u00d6zer, &#8220;Mahallemiz, geli\u015fim ve b\u00fcy\u00fcme a\u00e7\u0131s\u0131ndan elveri\u015fli bir potansiyele sahip olmakla birlikte, mevcut sorunlar ve zorluklarla m\u00fccadele etmektedir. Bu ba\u011flamda, muhtar aday\u0131m\u0131z\u0131n g\u00f6reve gelmesi durumunda, inan\u0131yorum ki mahallemizin kar\u015f\u0131 kar\u015f\u0131ya kald\u0131\u011f\u0131 pek \u00e7ok s\u0131k\u0131nt\u0131 ve sorunlar etkili ve \u00e7\u00f6z\u00fcme y\u00f6nelik bir yakla\u015f\u0131mla ele al\u0131nacakt\u0131r.<\/p>\n\n\n\n<p>Mahallemizdeki mevcut sorunlar, sadece var olan durumu yans\u0131tan birer zorluk olarak g\u00f6r\u00fclmemelidir. Bunun aksine, bu sorunlar, \u00e7\u00f6z\u00fcm odakl\u0131 bir yakla\u015f\u0131mla ele al\u0131nd\u0131\u011f\u0131nda, mahallemizin daha ya\u015fanabilir bir yer haline gelmesi i\u00e7in birer f\u0131rsata d\u00f6n\u00fc\u015ft\u00fcr\u00fclebilir. \u0130\u00e7erisinde bulundu\u011fumuz durumu bir d\u00f6n\u00fc\u015f\u00fcm s\u00fcrecine \u00e7evirmek i\u00e7in gerekli planlamalar, projeler ve \u00e7abalar\u0131n g\u00f6sterilmesi \u00f6nemlidir.<\/p>\n\n\n\n<p>Muhtar aday\u0131m\u0131z\u0131n Allah&#8217;\u0131n izniyle se\u00e7ilmesi halinde, belirlenen projeleri hayata ge\u00e7irmek ad\u0131na elinden gelen \u00e7abay\u0131 g\u00f6sterece\u011fine olan inanc\u0131m\u0131z tamd\u0131r. Mahallemizin kar\u015f\u0131la\u015ft\u0131\u011f\u0131 sorunlar\u0131n \u00e7\u00f6z\u00fcm\u00fc i\u00e7in etkili stratejiler geli\u015ftirerek, yerine getirilecek projelerle birlikte mahallemizin altyap\u0131s\u0131n\u0131 g\u00fc\u00e7lendirmek ve kalk\u0131nd\u0131rmak i\u00e7in gereken ad\u0131mlar\u0131 atmaktan ka\u00e7\u0131nmayacakt\u0131r.<\/p>\n\n\n\n<p>Mahallemizin geli\u015fimine katk\u0131 sa\u011flamak ad\u0131na at\u0131lacak ad\u0131mlar aras\u0131nda, altyap\u0131 sorunlar\u0131n\u0131n giderilmesi, yollar\u0131n d\u00fczenlenmesi, \u0131\u015f\u0131kland\u0131rma ve trafik d\u00fczenlemelerinin iyile\u015ftirilmesi, toplu ta\u015f\u0131ma imkanlar\u0131n\u0131n art\u0131r\u0131lmas\u0131 gibi konular \u00f6ncelikli olarak ele al\u0131nacakt\u0131r. Ayr\u0131ca, dar gelirli ailelere y\u00f6nelik daha kapsaml\u0131 yard\u0131m programlar\u0131n\u0131n olu\u015fturulmas\u0131, park alanlar\u0131n\u0131n art\u0131r\u0131lmas\u0131 ve internet altyap\u0131s\u0131n\u0131n g\u00fc\u00e7lendirilmesi gibi konular da geli\u015ftirilecek projeler aras\u0131nda yer alacakt\u0131r.<\/p>\n\n\n\n<p>Bu s\u00fcre\u00e7te, mahalle sakinlerinin g\u00f6r\u00fc\u015flerini ve taleplerini \u00f6n planda tutarak, bir dayan\u0131\u015fma k\u00fclt\u00fcr\u00fc olu\u015fturulmas\u0131 ve mahallelinin aktif bir \u015fekilde s\u00fcrece kat\u0131l\u0131m\u0131 sa\u011flanacakt\u0131r. Unutulmamal\u0131d\u0131r ki, mahallemizin geli\u015fimine katk\u0131 sa\u011flamak bir ekip \u00e7al\u0131\u015fmas\u0131 gerektirir ve bu s\u00fcre\u00e7te birlik ve beraberlik i\u00e7erisinde hareket etmek, ba\u015far\u0131y\u0131 getirecektir.<\/p>\n\n\n\n<p>Bu ba\u011flamda, muhtar aday\u0131m\u0131z\u0131n se\u00e7ilmesi durumunda, mahallemizde bir d\u00f6n\u00fc\u015f\u00fcm ba\u015flatarak, ya\u015fanabilir bir \u00e7evre olu\u015fturmak ad\u0131na kararl\u0131l\u0131kla \u00e7al\u0131\u015faca\u011f\u0131na olan inanc\u0131m\u0131z\u0131 yineleyerek, mahallemizin gelece\u011fi i\u00e7in umut dolu bir perspektife sahip olabilece\u011fimizi ifade etmek isterim.\u201ddedi.<\/p>\n","protected":false},"excerpt":{"rendered":"<p>Van ili Tu\u015fba il\u00e7esi Alt\u0131ntepe mahallesinde muhtar aday\u0131 \u0130smet Enterili\u2019ye mahalle hakk\u0131nda Van Gazetesi ve Van Haber hatt\u0131na a\u00e7\u0131klad\u0131. Van ili Tu\u015fba il\u00e7esinde 24 y\u0131ld\u0131r ikamet eden Alt\u0131ntepe muhtar aday\u0131 \u0130smet Enterili\u2019ye mahalle sakinlerini tek tek ziyaret etmeye devam ediyor. Mahallesinde bulunan sorunlar\u0131 hakk\u0131nda Van Gazetesi ve Van Haber hatt\u0131na a\u00e7\u0131klad\u0131. \u0130SMET ENTER\u0130L\u0130, \u201cALTINTEPE MAHALLES\u0130NDE &hellip;<\/p>\n","protected":false},"author":2,"featured_media":1858,"comment_status":"open","ping_status":"closed","sticky":false,"template":"","format":"standard","meta":{"googlesitekit_rrm_CAowot3VCw:productID":"","footnotes":""},"categories":[1,24],"tags":[],"class_list":["post-1856","post","type-post","status-publish","format-standard","has-post-thumbnail","hentry","category-van-haber","category-van-haberleri"],"yoast_head":"<!-- This site is optimized with the Yoast SEO Premium plugin v21.7 (Yoast SEO v26.7) - https:\/\/yoast.com\/wordpress\/plugins\/seo\/ -->\n<title>Van Alt\u0131ntepe\u2019de Muhtar Aday\u0131 Enterili\u2019den A\u00e7\u0131klama - Van Haber | Van X Haber | Van Haberleri<\/title>\n<meta name=\"robots\" content=\"index, follow, max-snippet:-1, max-image-preview:large, max-video-preview:-1\" \/>\n<link rel=\"canonical\" href=\"https:\/\/vanxhaber.com\/index.php\/2024\/03\/01\/van-altintepede-muhtar-adayi-enteriliden-aciklama\/\" \/>\n<meta property=\"og:locale\" content=\"tr_TR\" \/>\n<meta property=\"og:type\" content=\"article\" \/>\n<meta property=\"og:title\" content=\"Van Alt\u0131ntepe\u2019de Muhtar Aday\u0131 Enterili\u2019den A\u00e7\u0131klama\" \/>\n<meta property=\"og:description\" content=\"Van ili Tu\u015fba il\u00e7esi Alt\u0131ntepe mahallesinde muhtar aday\u0131 \u0130smet Enterili\u2019ye mahalle hakk\u0131nda Van Gazetesi ve Van Haber hatt\u0131na a\u00e7\u0131klad\u0131. Van ili Tu\u015fba il\u00e7esinde 24 y\u0131ld\u0131r ikamet eden Alt\u0131ntepe muhtar aday\u0131 \u0130smet Enterili\u2019ye mahalle sakinlerini tek tek ziyaret etmeye devam ediyor. Mahallesinde bulunan sorunlar\u0131 hakk\u0131nda Van Gazetesi ve Van Haber hatt\u0131na a\u00e7\u0131klad\u0131. \u0130SMET ENTER\u0130L\u0130, \u201cALTINTEPE MAHALLES\u0130NDE &hellip;\" \/>\n<meta property=\"og:url\" content=\"https:\/\/vanxhaber.com\/index.php\/2024\/03\/01\/van-altintepede-muhtar-adayi-enteriliden-aciklama\/\" \/>\n<meta property=\"og:site_name\" content=\"Van Haber | Van X Haber | Van Haberleri\" \/>\n<meta property=\"article:published_time\" content=\"2024-03-01T08:54:07+00:00\" \/>\n<meta property=\"article:modified_time\" content=\"2024-03-01T08:54:09+00:00\" \/>\n<meta property=\"og:image\" content=\"https:\/\/vanxhaber.com\/wp-content\/uploads\/2024\/03\/altin-tepe-muhtar-aday.jpg\" \/>\n\t<meta property=\"og:image:width\" content=\"641\" \/>\n\t<meta property=\"og:image:height\" content=\"380\" \/>\n\t<meta property=\"og:image:type\" content=\"image\/jpeg\" \/>\n<meta name=\"author\" content=\"Van X Haber\" \/>\n<meta name=\"twitter:card\" content=\"summary_large_image\" \/>\n<meta name=\"twitter:label1\" content=\"Yazan:\" \/>\n\t<meta name=\"twitter:data1\" content=\"Van X Haber\" \/>\n\t<meta name=\"twitter:label2\" content=\"Tahmini okuma s\u00fcresi\" \/>\n\t<meta name=\"twitter:data2\" content=\"4 dakika\" \/>\n<script type=\"application\/ld+json\" class=\"yoast-schema-graph\">{\"@context\":\"https:\/\/schema.org\",\"@graph\":[{\"@type\":\"Article\",\"@id\":\"https:\/\/vanxhaber.com\/index.php\/2024\/03\/01\/van-altintepede-muhtar-adayi-enteriliden-aciklama\/#article\",\"isPartOf\":{\"@id\":\"https:\/\/vanxhaber.com\/index.php\/2024\/03\/01\/van-altintepede-muhtar-adayi-enteriliden-aciklama\/\"},\"author\":{\"name\":\"Van X Haber\",\"@id\":\"https:\/\/vanxhaber.com\/#\/schema\/person\/a5fd8d89510cb5370e62ad176f7978ee\"},\"headline\":\"Van Alt\u0131ntepe\u2019de Muhtar Aday\u0131 Enterili\u2019den A\u00e7\u0131klama\",\"datePublished\":\"2024-03-01T08:54:07+00:00\",\"dateModified\":\"2024-03-01T08:54:09+00:00\",\"mainEntityOfPage\":{\"@id\":\"https:\/\/vanxhaber.com\/index.php\/2024\/03\/01\/van-altintepede-muhtar-adayi-enteriliden-aciklama\/\"},\"wordCount\":951,\"commentCount\":0,\"image\":{\"@id\":\"https:\/\/vanxhaber.com\/index.php\/2024\/03\/01\/van-altintepede-muhtar-adayi-enteriliden-aciklama\/#primaryimage\"},\"thumbnailUrl\":\"https:\/\/vanxhaber.com\/wp-content\/uploads\/2024\/03\/altin-tepe-muhtar-aday.jpg\",\"articleSection\":[\"Van Haber\",\"Van Haberleri\"],\"inLanguage\":\"tr\",\"potentialAction\":[{\"@type\":\"CommentAction\",\"name\":\"Comment\",\"target\":[\"https:\/\/vanxhaber.com\/index.php\/2024\/03\/01\/van-altintepede-muhtar-adayi-enteriliden-aciklama\/#respond\"]}],\"copyrightYear\":\"2024\",\"copyrightHolder\":{\"@id\":\"https:\/\/vanxhaber.com\/#organization\"}},{\"@type\":\"WebPage\",\"@id\":\"https:\/\/vanxhaber.com\/index.php\/2024\/03\/01\/van-altintepede-muhtar-adayi-enteriliden-aciklama\/\",\"url\":\"https:\/\/vanxhaber.com\/index.php\/2024\/03\/01\/van-altintepede-muhtar-adayi-enteriliden-aciklama\/\",\"name\":\"Van Alt\u0131ntepe\u2019de Muhtar Aday\u0131 Enterili\u2019den A\u00e7\u0131klama - Van Haber | Van X Haber | Van Haberleri\",\"isPartOf\":{\"@id\":\"https:\/\/vanxhaber.com\/#website\"},\"primaryImageOfPage\":{\"@id\":\"https:\/\/vanxhaber.com\/index.php\/2024\/03\/01\/van-altintepede-muhtar-adayi-enteriliden-aciklama\/#primaryimage\"},\"image\":{\"@id\":\"https:\/\/vanxhaber.com\/index.php\/2024\/03\/01\/van-altintepede-muhtar-adayi-enteriliden-aciklama\/#primaryimage\"},\"thumbnailUrl\":\"https:\/\/vanxhaber.com\/wp-content\/uploads\/2024\/03\/altin-tepe-muhtar-aday.jpg\",\"datePublished\":\"2024-03-01T08:54:07+00:00\",\"dateModified\":\"2024-03-01T08:54:09+00:00\",\"author\":{\"@id\":\"https:\/\/vanxhaber.com\/#\/schema\/person\/a5fd8d89510cb5370e62ad176f7978ee\"},\"breadcrumb\":{\"@id\":\"https:\/\/vanxhaber.com\/index.php\/2024\/03\/01\/van-altintepede-muhtar-adayi-enteriliden-aciklama\/#breadcrumb\"},\"inLanguage\":\"tr\",\"potentialAction\":[{\"@type\":\"ReadAction\",\"target\":[\"https:\/\/vanxhaber.com\/index.php\/2024\/03\/01\/van-altintepede-muhtar-adayi-enteriliden-aciklama\/\"]}]},{\"@type\":\"ImageObject\",\"inLanguage\":\"tr\",\"@id\":\"https:\/\/vanxhaber.com\/index.php\/2024\/03\/01\/van-altintepede-muhtar-adayi-enteriliden-aciklama\/#primaryimage\",\"url\":\"https:\/\/vanxhaber.com\/wp-content\/uploads\/2024\/03\/altin-tepe-muhtar-aday.jpg\",\"contentUrl\":\"https:\/\/vanxhaber.com\/wp-content\/uploads\/2024\/03\/altin-tepe-muhtar-aday.jpg\",\"width\":641,\"height\":380},{\"@type\":\"BreadcrumbList\",\"@id\":\"https:\/\/vanxhaber.com\/index.php\/2024\/03\/01\/van-altintepede-muhtar-adayi-enteriliden-aciklama\/#breadcrumb\",\"itemListElement\":[{\"@type\":\"ListItem\",\"position\":1,\"name\":\"Anasayfa\",\"item\":\"https:\/\/vanxhaber.com\/\"},{\"@type\":\"ListItem\",\"position\":2,\"name\":\"Van Alt\u0131ntepe\u2019de Muhtar Aday\u0131 Enterili\u2019den A\u00e7\u0131klama\"}]},{\"@type\":\"WebSite\",\"@id\":\"https:\/\/vanxhaber.com\/#website\",\"url\":\"https:\/\/vanxhaber.com\/\",\"name\":\"Van Haber | Van X Haber | Van Haberleri\",\"description\":\"Van Haber, Van&#039;\u0131n ilk yapay zeka teknolojileri ile yaz\u0131lan Van X Haber ve Van Haberlerini aktif g\u00fcncel sunan tek vanhaber merkezidir.\",\"potentialAction\":[{\"@type\":\"SearchAction\",\"target\":{\"@type\":\"EntryPoint\",\"urlTemplate\":\"https:\/\/vanxhaber.com\/?s={search_term_string}\"},\"query-input\":{\"@type\":\"PropertyValueSpecification\",\"valueRequired\":true,\"valueName\":\"search_term_string\"}}],\"inLanguage\":\"tr\"},{\"@type\":\"Person\",\"@id\":\"https:\/\/vanxhaber.com\/#\/schema\/person\/a5fd8d89510cb5370e62ad176f7978ee\",\"name\":\"Van X Haber\",\"image\":{\"@type\":\"ImageObject\",\"inLanguage\":\"tr\",\"@id\":\"https:\/\/vanxhaber.com\/#\/schema\/person\/image\/\",\"url\":\"https:\/\/secure.gravatar.com\/avatar\/36f2f63826681263103acb5ca1e7bc1a6db11baea9b75dd091d89b74f2704b07?s=96&d=mm&r=g\",\"contentUrl\":\"https:\/\/secure.gravatar.com\/avatar\/36f2f63826681263103acb5ca1e7bc1a6db11baea9b75dd091d89b74f2704b07?s=96&d=mm&r=g\",\"caption\":\"Van X Haber\"},\"description\":\"Van X Haber Van'\u0131n ilk ve tek yeni nesil Van Haber merkezi. Son Dakika Van Haberleri ve G\u00fcncel Van haber merkezinde s\u0131cak geli\u015fmeleri aktarmaya devam edece\u011fiz.\",\"url\":\"https:\/\/vanxhaber.com\/index.php\/author\/vangazetesi\/\"}]}<\/script>\n<!-- \/ Yoast SEO Premium plugin. -->","yoast_head_json":{"title":"Van Alt\u0131ntepe\u2019de Muhtar Aday\u0131 Enterili\u2019den A\u00e7\u0131klama - Van Haber | Van X Haber | Van Haberleri","robots":{"index":"index","follow":"follow","max-snippet":"max-snippet:-1","max-image-preview":"max-image-preview:large","max-video-preview":"max-video-preview:-1"},"canonical":"https:\/\/vanxhaber.com\/index.php\/2024\/03\/01\/van-altintepede-muhtar-adayi-enteriliden-aciklama\/","og_locale":"tr_TR","og_type":"article","og_title":"Van Alt\u0131ntepe\u2019de Muhtar Aday\u0131 Enterili\u2019den A\u00e7\u0131klama","og_description":"Van ili Tu\u015fba il\u00e7esi Alt\u0131ntepe mahallesinde muhtar aday\u0131 \u0130smet Enterili\u2019ye mahalle hakk\u0131nda Van Gazetesi ve Van Haber hatt\u0131na a\u00e7\u0131klad\u0131. Van ili Tu\u015fba il\u00e7esinde 24 y\u0131ld\u0131r ikamet eden Alt\u0131ntepe muhtar aday\u0131 \u0130smet Enterili\u2019ye mahalle sakinlerini tek tek ziyaret etmeye devam ediyor. Mahallesinde bulunan sorunlar\u0131 hakk\u0131nda Van Gazetesi ve Van Haber hatt\u0131na a\u00e7\u0131klad\u0131. \u0130SMET ENTER\u0130L\u0130, \u201cALTINTEPE MAHALLES\u0130NDE &hellip;","og_url":"https:\/\/vanxhaber.com\/index.php\/2024\/03\/01\/van-altintepede-muhtar-adayi-enteriliden-aciklama\/","og_site_name":"Van Haber | Van X Haber | Van Haberleri","article_published_time":"2024-03-01T08:54:07+00:00","article_modified_time":"2024-03-01T08:54:09+00:00","og_image":[{"width":641,"height":380,"url":"https:\/\/vanxhaber.com\/wp-content\/uploads\/2024\/03\/altin-tepe-muhtar-aday.jpg","type":"image\/jpeg"}],"author":"Van X Haber","twitter_card":"summary_large_image","twitter_misc":{"Yazan:":"Van X Haber","Tahmini okuma s\u00fcresi":"4 dakika"},"schema":{"@context":"https:\/\/schema.org","@graph":[{"@type":"Article","@id":"https:\/\/vanxhaber.com\/index.php\/2024\/03\/01\/van-altintepede-muhtar-adayi-enteriliden-aciklama\/#article","isPartOf":{"@id":"https:\/\/vanxhaber.com\/index.php\/2024\/03\/01\/van-altintepede-muhtar-adayi-enteriliden-aciklama\/"},"author":{"name":"Van X Haber","@id":"https:\/\/vanxhaber.com\/#\/schema\/person\/a5fd8d89510cb5370e62ad176f7978ee"},"headline":"Van Alt\u0131ntepe\u2019de Muhtar Aday\u0131 Enterili\u2019den A\u00e7\u0131klama","datePublished":"2024-03-01T08:54:07+00:00","dateModified":"2024-03-01T08:54:09+00:00","mainEntityOfPage":{"@id":"https:\/\/vanxhaber.com\/index.php\/2024\/03\/01\/van-altintepede-muhtar-adayi-enteriliden-aciklama\/"},"wordCount":951,"commentCount":0,"image":{"@id":"https:\/\/vanxhaber.com\/index.php\/2024\/03\/01\/van-altintepede-muhtar-adayi-enteriliden-aciklama\/#primaryimage"},"thumbnailUrl":"https:\/\/vanxhaber.com\/wp-content\/uploads\/2024\/03\/altin-tepe-muhtar-aday.jpg","articleSection":["Van Haber","Van Haberleri"],"inLanguage":"tr","potentialAction":[{"@type":"CommentAction","name":"Comment","target":["https:\/\/vanxhaber.com\/index.php\/2024\/03\/01\/van-altintepede-muhtar-adayi-enteriliden-aciklama\/#respond"]}],"copyrightYear":"2024","copyrightHolder":{"@id":"https:\/\/vanxhaber.com\/#organization"}},{"@type":"WebPage","@id":"https:\/\/vanxhaber.com\/index.php\/2024\/03\/01\/van-altintepede-muhtar-adayi-enteriliden-aciklama\/","url":"https:\/\/vanxhaber.com\/index.php\/2024\/03\/01\/van-altintepede-muhtar-adayi-enteriliden-aciklama\/","name":"Van Alt\u0131ntepe\u2019de Muhtar Aday\u0131 Enterili\u2019den A\u00e7\u0131klama - Van Haber | Van X Haber | Van Haberleri","isPartOf":{"@id":"https:\/\/vanxhaber.com\/#website"},"primaryImageOfPage":{"@id":"https:\/\/vanxhaber.com\/index.php\/2024\/03\/01\/van-altintepede-muhtar-adayi-enteriliden-aciklama\/#primaryimage"},"image":{"@id":"https:\/\/vanxhaber.com\/index.php\/2024\/03\/01\/van-altintepede-muhtar-adayi-enteriliden-aciklama\/#primaryimage"},"thumbnailUrl":"https:\/\/vanxhaber.com\/wp-content\/uploads\/2024\/03\/altin-tepe-muhtar-aday.jpg","datePublished":"2024-03-01T08:54:07+00:00","dateModified":"2024-03-01T08:54:09+00:00","author":{"@id":"https:\/\/vanxhaber.com\/#\/schema\/person\/a5fd8d89510cb5370e62ad176f7978ee"},"breadcrumb":{"@id":"https:\/\/vanxhaber.com\/index.php\/2024\/03\/01\/van-altintepede-muhtar-adayi-enteriliden-aciklama\/#breadcrumb"},"inLanguage":"tr","potentialAction":[{"@type":"ReadAction","target":["https:\/\/vanxhaber.com\/index.php\/2024\/03\/01\/van-altintepede-muhtar-adayi-enteriliden-aciklama\/"]}]},{"@type":"ImageObject","inLanguage":"tr","@id":"https:\/\/vanxhaber.com\/index.php\/2024\/03\/01\/van-altintepede-muhtar-adayi-enteriliden-aciklama\/#primaryimage","url":"https:\/\/vanxhaber.com\/wp-content\/uploads\/2024\/03\/altin-tepe-muhtar-aday.jpg","contentUrl":"https:\/\/vanxhaber.com\/wp-content\/uploads\/2024\/03\/altin-tepe-muhtar-aday.jpg","width":641,"height":380},{"@type":"BreadcrumbList","@id":"https:\/\/vanxhaber.com\/index.php\/2024\/03\/01\/van-altintepede-muhtar-adayi-enteriliden-aciklama\/#breadcrumb","itemListElement":[{"@type":"ListItem","position":1,"name":"Anasayfa","item":"https:\/\/vanxhaber.com\/"},{"@type":"ListItem","position":2,"name":"Van Alt\u0131ntepe\u2019de Muhtar Aday\u0131 Enterili\u2019den A\u00e7\u0131klama"}]},{"@type":"WebSite","@id":"https:\/\/vanxhaber.com\/#website","url":"https:\/\/vanxhaber.com\/","name":"Van Haber | Van X Haber | Van Haberleri","description":"Van Haber, Van&#039;\u0131n ilk yapay zeka teknolojileri ile yaz\u0131lan Van X Haber ve Van Haberlerini aktif g\u00fcncel sunan tek vanhaber merkezidir.","potentialAction":[{"@type":"SearchAction","target":{"@type":"EntryPoint","urlTemplate":"https:\/\/vanxhaber.com\/?s={search_term_string}"},"query-input":{"@type":"PropertyValueSpecification","valueRequired":true,"valueName":"search_term_string"}}],"inLanguage":"tr"},{"@type":"Person","@id":"https:\/\/vanxhaber.com\/#\/schema\/person\/a5fd8d89510cb5370e62ad176f7978ee","name":"Van X Haber","image":{"@type":"ImageObject","inLanguage":"tr","@id":"https:\/\/vanxhaber.com\/#\/schema\/person\/image\/","url":"https:\/\/secure.gravatar.com\/avatar\/36f2f63826681263103acb5ca1e7bc1a6db11baea9b75dd091d89b74f2704b07?s=96&d=mm&r=g","contentUrl":"https:\/\/secure.gravatar.com\/avatar\/36f2f63826681263103acb5ca1e7bc1a6db11baea9b75dd091d89b74f2704b07?s=96&d=mm&r=g","caption":"Van X Haber"},"description":"Van X Haber Van'\u0131n ilk ve tek yeni nesil Van Haber merkezi. Son Dakika Van Haberleri ve G\u00fcncel Van haber merkezinde s\u0131cak geli\u015fmeleri aktarmaya devam edece\u011fiz.","url":"https:\/\/vanxhaber.com\/index.php\/author\/vangazetesi\/"}]}},"_links":{"self":[{"href":"https:\/\/vanxhaber.com\/index.php\/wp-json\/wp\/v2\/posts\/1856","targetHints":{"allow":["GET"]}}],"collection":[{"href":"https:\/\/vanxhaber.com\/index.php\/wp-json\/wp\/v2\/posts"}],"about":[{"href":"https:\/\/vanxhaber.com\/index.php\/wp-json\/wp\/v2\/types\/post"}],"author":[{"embeddable":true,"href":"https:\/\/vanxhaber.com\/index.php\/wp-json\/wp\/v2\/users\/2"}],"replies":[{"embeddable":true,"href":"https:\/\/vanxhaber.com\/index.php\/wp-json\/wp\/v2\/comments?post=1856"}],"version-history":[{"count":1,"href":"https:\/\/vanxhaber.com\/index.php\/wp-json\/wp\/v2\/posts\/1856\/revisions"}],"predecessor-version":[{"id":1859,"href":"https:\/\/vanxhaber.com\/index.php\/wp-json\/wp\/v2\/posts\/1856\/revisions\/1859"}],"wp:featuredmedia":[{"embeddable":true,"href":"https:\/\/vanxhaber.com\/index.php\/wp-json\/wp\/v2\/media\/1858"}],"wp:attachment":[{"href":"https:\/\/vanxhaber.com\/index.php\/wp-json\/wp\/v2\/media?parent=1856"}],"wp:term":[{"taxonomy":"category","embeddable":true,"href":"https:\/\/vanxhaber.com\/index.php\/wp-json\/wp\/v2\/categories?post=1856"},{"taxonomy":"post_tag","embeddable":true,"href":"https:\/\/vanxhaber.com\/index.php\/wp-json\/wp\/v2\/tags?post=1856"}],"curies":[{"name":"wp","href":"https:\/\/api.w.org\/{rel}","templated":true}]}}