{"id":1860,"date":"2024-03-04T09:01:43","date_gmt":"2024-03-04T09:01:43","guid":{"rendered":"https:\/\/vanxhaber.com\/?p=1860"},"modified":"2024-03-04T09:01:45","modified_gmt":"2024-03-04T09:01:45","slug":"baskan-adayi-suleyman-oflas-mahallelerde-coskuyla-karsilaniyor","status":"publish","type":"post","link":"https:\/\/vanxhaber.com\/index.php\/2024\/03\/04\/baskan-adayi-suleyman-oflas-mahallelerde-coskuyla-karsilaniyor\/","title":{"rendered":"Ba\u015fkan Aday\u0131 S\u00fcleyman Oflas Mahallelerde Co\u015fkuyla Kar\u015f\u0131lan\u0131yor"},"content":{"rendered":"\n<p>AK Parti Tu\u015fba Belediye Ba\u015fkan Aday\u0131 S\u00fcleyman Oflas, k\u0131rsal mahalleleri ziyaret ederek vatanda\u015flar\u0131n ilgi ve desteklerini al\u0131yor. Oflas, Tu\u015fba&#8217;y\u0131 en iyi \u015fekilde temsil etme ve hizmet etme kararl\u0131l\u0131\u011f\u0131n\u0131 vurguluyor.<\/p>\n\n\n\n<p>AK Parti Tu\u015fba Belediye Ba\u015fkan Aday\u0131 S\u00fcleyman Oflas, se\u00e7im \u00e7al\u0131\u015fmalar\u0131 kapsam\u0131nda ziyaret etti\u011fi mahallelerde co\u015fku ve heyecanla kar\u015f\u0131lan\u0131yor. \u0130l\u00e7e merkezi ve k\u0131rsal mahallelerde se\u00e7im \u00e7al\u0131\u015fmalar\u0131n\u0131 s\u00fcrd\u00fcren Oflas, vatanda\u015flarla muhabbet ederek sorun ve s\u0131k\u0131nt\u0131lar\u0131n\u0131 dinliyor.<\/p>\n\n\n\n<p>Hafta i\u00e7lerini kent merkezine, hafta sonlar\u0131n\u0131 ise k\u0131rsal mahallelere ay\u0131ran Oflas, Tu\u015fba&#8217;ya ve Tu\u015fbal\u0131ya yak\u0131\u015fan en iyi hizmeti yapmak i\u00e7in sab\u0131rs\u0131zland\u0131klar\u0131n\u0131 ifade etti. Sabah\u0131n erken saatlerinde ba\u015flayarak Ak\u00e7a\u00f6ren, Yemlice, Ocakl\u0131, H\u0131d\u0131r, Yenik\u00f6\u015fk, Yenik\u00f6y, A\u015fit ve Alabay\u0131r mahallelerini ziyaret eden Ba\u015fkan Aday\u0131 Oflas, Tu\u015fba&#8217;da pozitif bir enerjinin oldu\u011funu ve her mahallede s\u0131cak bir kar\u015f\u0131lama ile kar\u015f\u0131la\u015ft\u0131klar\u0131n\u0131 vurgulad\u0131.<\/p>\n\n\n\n<p>Oflas, &#8220;Meclis \u00dcyesi adaylar\u0131m\u0131z, partililerimiz ve g\u00f6n\u00fclda\u015flar\u0131m\u0131zla birlikte gitti\u011fimiz mahallelerde bizleri onurland\u0131ran bir tevecc\u00fch var. Biz bu ilgiye ve alakaya kar\u015f\u0131 \u00e7ok \u00e7al\u0131\u015fmam\u0131z gerekti\u011fini biliyoruz. Gitmedi\u011fin yer senin de\u011fildir anlay\u0131\u015f\u0131yla \u00e7almad\u0131k kap\u0131, girilmedik sokak b\u0131rakmayaca\u011f\u0131z. G\u00f6n\u00fcl rahatl\u0131\u011f\u0131yla herkesi sevgiyle kucaklay\u0131p muhabbetle selamla\u015faca\u011f\u0131z. Ben bu b\u00f6lgenin \u00e7ocu\u011fuyum. Elini s\u0131kt\u0131\u011f\u0131m\u0131z, selam verdi\u011fimiz her bir y\u00fcz\u00fc, her bir ismi tan\u0131yor, bir g\u00f6n\u00fcl ba\u011flant\u0131s\u0131 buluyoruz. O nedenle \u00e7ok rahat\u0131z. Allah&#8217;\u0131n izniyle 31 Mart gecesi Tu\u015fba&#8217;dan her vatanda\u015f, &#8216;S\u00fcleyman Oflas ile birlikte Belediye&#8217;yi ben de y\u00f6netece\u011fim&#8217; diyecektir. Bu vesile ile t\u00fcm mahalle sakinlerimize ilgi, alaka ve desteklerinden \u00f6t\u00fcr\u00fc te\u015fekk\u00fcr ediyorum&#8221; \u015feklinde konu\u015ftu.<\/p>\n\n\n\n<p><\/p>\n\n\n\n<p><\/p>\n","protected":false},"excerpt":{"rendered":"<p>AK Parti Tu\u015fba Belediye Ba\u015fkan Aday\u0131 S\u00fcleyman Oflas, k\u0131rsal mahalleleri ziyaret ederek vatanda\u015flar\u0131n ilgi ve desteklerini al\u0131yor. Oflas, Tu\u015fba&#8217;y\u0131 en iyi \u015fekilde temsil etme ve hizmet etme kararl\u0131l\u0131\u011f\u0131n\u0131 vurguluyor. AK Parti Tu\u015fba Belediye Ba\u015fkan Aday\u0131 S\u00fcleyman Oflas, se\u00e7im \u00e7al\u0131\u015fmalar\u0131 kapsam\u0131nda ziyaret etti\u011fi mahallelerde co\u015fku ve heyecanla kar\u015f\u0131lan\u0131yor. \u0130l\u00e7e merkezi ve k\u0131rsal mahallelerde se\u00e7im \u00e7al\u0131\u015fmalar\u0131n\u0131 s\u00fcrd\u00fcren &hellip;<\/p>\n","protected":false},"author":2,"featured_media":1862,"comment_status":"open","ping_status":"closed","sticky":false,"template":"","format":"standard","meta":{"googlesitekit_rrm_CAowot3VCw:productID":"","footnotes":""},"categories":[1,24],"tags":[],"class_list":["post-1860","post","type-post","status-publish","format-standard","has-post-thumbnail","hentry","category-van-haber","category-van-haberleri"],"yoast_head":"<!-- This site is optimized with the Yoast SEO Premium plugin v21.7 (Yoast SEO v26.7) - https:\/\/yoast.com\/wordpress\/plugins\/seo\/ -->\n<title>Ba\u015fkan Aday\u0131 S\u00fcleyman Oflas Mahallelerde Co\u015fkuyla Kar\u015f\u0131lan\u0131yor - Van Haber | Van X Haber | Van Haberleri<\/title>\n<meta name=\"robots\" content=\"index, follow, max-snippet:-1, max-image-preview:large, max-video-preview:-1\" \/>\n<link rel=\"canonical\" href=\"https:\/\/vanxhaber.com\/index.php\/2024\/03\/04\/baskan-adayi-suleyman-oflas-mahallelerde-coskuyla-karsilaniyor\/\" \/>\n<meta property=\"og:locale\" content=\"tr_TR\" \/>\n<meta property=\"og:type\" content=\"article\" \/>\n<meta property=\"og:title\" content=\"Ba\u015fkan Aday\u0131 S\u00fcleyman Oflas Mahallelerde Co\u015fkuyla Kar\u015f\u0131lan\u0131yor\" \/>\n<meta property=\"og:description\" content=\"AK Parti Tu\u015fba Belediye Ba\u015fkan Aday\u0131 S\u00fcleyman Oflas, k\u0131rsal mahalleleri ziyaret ederek vatanda\u015flar\u0131n ilgi ve desteklerini al\u0131yor. Oflas, Tu\u015fba&#8217;y\u0131 en iyi \u015fekilde temsil etme ve hizmet etme kararl\u0131l\u0131\u011f\u0131n\u0131 vurguluyor. AK Parti Tu\u015fba Belediye Ba\u015fkan Aday\u0131 S\u00fcleyman Oflas, se\u00e7im \u00e7al\u0131\u015fmalar\u0131 kapsam\u0131nda ziyaret etti\u011fi mahallelerde co\u015fku ve heyecanla kar\u015f\u0131lan\u0131yor. \u0130l\u00e7e merkezi ve k\u0131rsal mahallelerde se\u00e7im \u00e7al\u0131\u015fmalar\u0131n\u0131 s\u00fcrd\u00fcren &hellip;\" \/>\n<meta property=\"og:url\" content=\"https:\/\/vanxhaber.com\/index.php\/2024\/03\/04\/baskan-adayi-suleyman-oflas-mahallelerde-coskuyla-karsilaniyor\/\" \/>\n<meta property=\"og:site_name\" content=\"Van Haber | Van X Haber | Van Haberleri\" \/>\n<meta property=\"article:published_time\" content=\"2024-03-04T09:01:43+00:00\" \/>\n<meta property=\"article:modified_time\" content=\"2024-03-04T09:01:45+00:00\" \/>\n<meta property=\"og:image\" content=\"https:\/\/vanxhaber.com\/wp-content\/uploads\/2024\/03\/oflas-ruzgari.jpg\" \/>\n\t<meta property=\"og:image:width\" content=\"641\" \/>\n\t<meta property=\"og:image:height\" content=\"380\" \/>\n\t<meta property=\"og:image:type\" content=\"image\/jpeg\" \/>\n<meta name=\"author\" content=\"Van X Haber\" \/>\n<meta name=\"twitter:card\" content=\"summary_large_image\" \/>\n<meta name=\"twitter:label1\" content=\"Yazan:\" \/>\n\t<meta name=\"twitter:data1\" content=\"Van X Haber\" \/>\n\t<meta name=\"twitter:label2\" content=\"Tahmini okuma s\u00fcresi\" \/>\n\t<meta name=\"twitter:data2\" content=\"2 dakika\" \/>\n<script type=\"application\/ld+json\" class=\"yoast-schema-graph\">{\"@context\":\"https:\/\/schema.org\",\"@graph\":[{\"@type\":\"Article\",\"@id\":\"https:\/\/vanxhaber.com\/index.php\/2024\/03\/04\/baskan-adayi-suleyman-oflas-mahallelerde-coskuyla-karsilaniyor\/#article\",\"isPartOf\":{\"@id\":\"https:\/\/vanxhaber.com\/index.php\/2024\/03\/04\/baskan-adayi-suleyman-oflas-mahallelerde-coskuyla-karsilaniyor\/\"},\"author\":{\"name\":\"Van X Haber\",\"@id\":\"https:\/\/vanxhaber.com\/#\/schema\/person\/a5fd8d89510cb5370e62ad176f7978ee\"},\"headline\":\"Ba\u015fkan Aday\u0131 S\u00fcleyman Oflas Mahallelerde Co\u015fkuyla Kar\u015f\u0131lan\u0131yor\",\"datePublished\":\"2024-03-04T09:01:43+00:00\",\"dateModified\":\"2024-03-04T09:01:45+00:00\",\"mainEntityOfPage\":{\"@id\":\"https:\/\/vanxhaber.com\/index.php\/2024\/03\/04\/baskan-adayi-suleyman-oflas-mahallelerde-coskuyla-karsilaniyor\/\"},\"wordCount\":344,\"commentCount\":0,\"image\":{\"@id\":\"https:\/\/vanxhaber.com\/index.php\/2024\/03\/04\/baskan-adayi-suleyman-oflas-mahallelerde-coskuyla-karsilaniyor\/#primaryimage\"},\"thumbnailUrl\":\"https:\/\/vanxhaber.com\/wp-content\/uploads\/2024\/03\/oflas-ruzgari.jpg\",\"articleSection\":[\"Van Haber\",\"Van Haberleri\"],\"inLanguage\":\"tr\",\"potentialAction\":[{\"@type\":\"CommentAction\",\"name\":\"Comment\",\"target\":[\"https:\/\/vanxhaber.com\/index.php\/2024\/03\/04\/baskan-adayi-suleyman-oflas-mahallelerde-coskuyla-karsilaniyor\/#respond\"]}],\"copyrightYear\":\"2024\",\"copyrightHolder\":{\"@id\":\"https:\/\/vanxhaber.com\/#organization\"}},{\"@type\":\"WebPage\",\"@id\":\"https:\/\/vanxhaber.com\/index.php\/2024\/03\/04\/baskan-adayi-suleyman-oflas-mahallelerde-coskuyla-karsilaniyor\/\",\"url\":\"https:\/\/vanxhaber.com\/index.php\/2024\/03\/04\/baskan-adayi-suleyman-oflas-mahallelerde-coskuyla-karsilaniyor\/\",\"name\":\"Ba\u015fkan Aday\u0131 S\u00fcleyman Oflas Mahallelerde Co\u015fkuyla Kar\u015f\u0131lan\u0131yor - Van Haber | Van X Haber | Van Haberleri\",\"isPartOf\":{\"@id\":\"https:\/\/vanxhaber.com\/#website\"},\"primaryImageOfPage\":{\"@id\":\"https:\/\/vanxhaber.com\/index.php\/2024\/03\/04\/baskan-adayi-suleyman-oflas-mahallelerde-coskuyla-karsilaniyor\/#primaryimage\"},\"image\":{\"@id\":\"https:\/\/vanxhaber.com\/index.php\/2024\/03\/04\/baskan-adayi-suleyman-oflas-mahallelerde-coskuyla-karsilaniyor\/#primaryimage\"},\"thumbnailUrl\":\"https:\/\/vanxhaber.com\/wp-content\/uploads\/2024\/03\/oflas-ruzgari.jpg\",\"datePublished\":\"2024-03-04T09:01:43+00:00\",\"dateModified\":\"2024-03-04T09:01:45+00:00\",\"author\":{\"@id\":\"https:\/\/vanxhaber.com\/#\/schema\/person\/a5fd8d89510cb5370e62ad176f7978ee\"},\"breadcrumb\":{\"@id\":\"https:\/\/vanxhaber.com\/index.php\/2024\/03\/04\/baskan-adayi-suleyman-oflas-mahallelerde-coskuyla-karsilaniyor\/#breadcrumb\"},\"inLanguage\":\"tr\",\"potentialAction\":[{\"@type\":\"ReadAction\",\"target\":[\"https:\/\/vanxhaber.com\/index.php\/2024\/03\/04\/baskan-adayi-suleyman-oflas-mahallelerde-coskuyla-karsilaniyor\/\"]}]},{\"@type\":\"ImageObject\",\"inLanguage\":\"tr\",\"@id\":\"https:\/\/vanxhaber.com\/index.php\/2024\/03\/04\/baskan-adayi-suleyman-oflas-mahallelerde-coskuyla-karsilaniyor\/#primaryimage\",\"url\":\"https:\/\/vanxhaber.com\/wp-content\/uploads\/2024\/03\/oflas-ruzgari.jpg\",\"contentUrl\":\"https:\/\/vanxhaber.com\/wp-content\/uploads\/2024\/03\/oflas-ruzgari.jpg\",\"width\":641,\"height\":380},{\"@type\":\"BreadcrumbList\",\"@id\":\"https:\/\/vanxhaber.com\/index.php\/2024\/03\/04\/baskan-adayi-suleyman-oflas-mahallelerde-coskuyla-karsilaniyor\/#breadcrumb\",\"itemListElement\":[{\"@type\":\"ListItem\",\"position\":1,\"name\":\"Anasayfa\",\"item\":\"https:\/\/vanxhaber.com\/\"},{\"@type\":\"ListItem\",\"position\":2,\"name\":\"Ba\u015fkan Aday\u0131 S\u00fcleyman Oflas Mahallelerde Co\u015fkuyla Kar\u015f\u0131lan\u0131yor\"}]},{\"@type\":\"WebSite\",\"@id\":\"https:\/\/vanxhaber.com\/#website\",\"url\":\"https:\/\/vanxhaber.com\/\",\"name\":\"Van Haber | Van X Haber | Van Haberleri\",\"description\":\"Van Haber, Van&#039;\u0131n ilk yapay zeka teknolojileri ile yaz\u0131lan Van X Haber ve Van Haberlerini aktif g\u00fcncel sunan tek vanhaber merkezidir.\",\"potentialAction\":[{\"@type\":\"SearchAction\",\"target\":{\"@type\":\"EntryPoint\",\"urlTemplate\":\"https:\/\/vanxhaber.com\/?s={search_term_string}\"},\"query-input\":{\"@type\":\"PropertyValueSpecification\",\"valueRequired\":true,\"valueName\":\"search_term_string\"}}],\"inLanguage\":\"tr\"},{\"@type\":\"Person\",\"@id\":\"https:\/\/vanxhaber.com\/#\/schema\/person\/a5fd8d89510cb5370e62ad176f7978ee\",\"name\":\"Van X Haber\",\"image\":{\"@type\":\"ImageObject\",\"inLanguage\":\"tr\",\"@id\":\"https:\/\/vanxhaber.com\/#\/schema\/person\/image\/\",\"url\":\"https:\/\/secure.gravatar.com\/avatar\/36f2f63826681263103acb5ca1e7bc1a6db11baea9b75dd091d89b74f2704b07?s=96&d=mm&r=g\",\"contentUrl\":\"https:\/\/secure.gravatar.com\/avatar\/36f2f63826681263103acb5ca1e7bc1a6db11baea9b75dd091d89b74f2704b07?s=96&d=mm&r=g\",\"caption\":\"Van X Haber\"},\"description\":\"Van X Haber Van'\u0131n ilk ve tek yeni nesil Van Haber merkezi. Son Dakika Van Haberleri ve G\u00fcncel Van haber merkezinde s\u0131cak geli\u015fmeleri aktarmaya devam edece\u011fiz.\",\"url\":\"https:\/\/vanxhaber.com\/index.php\/author\/vangazetesi\/\"}]}<\/script>\n<!-- \/ Yoast SEO Premium plugin. -->","yoast_head_json":{"title":"Ba\u015fkan Aday\u0131 S\u00fcleyman Oflas Mahallelerde Co\u015fkuyla Kar\u015f\u0131lan\u0131yor - Van Haber | Van X Haber | Van Haberleri","robots":{"index":"index","follow":"follow","max-snippet":"max-snippet:-1","max-image-preview":"max-image-preview:large","max-video-preview":"max-video-preview:-1"},"canonical":"https:\/\/vanxhaber.com\/index.php\/2024\/03\/04\/baskan-adayi-suleyman-oflas-mahallelerde-coskuyla-karsilaniyor\/","og_locale":"tr_TR","og_type":"article","og_title":"Ba\u015fkan Aday\u0131 S\u00fcleyman Oflas Mahallelerde Co\u015fkuyla Kar\u015f\u0131lan\u0131yor","og_description":"AK Parti Tu\u015fba Belediye Ba\u015fkan Aday\u0131 S\u00fcleyman Oflas, k\u0131rsal mahalleleri ziyaret ederek vatanda\u015flar\u0131n ilgi ve desteklerini al\u0131yor. Oflas, Tu\u015fba&#8217;y\u0131 en iyi \u015fekilde temsil etme ve hizmet etme kararl\u0131l\u0131\u011f\u0131n\u0131 vurguluyor. AK Parti Tu\u015fba Belediye Ba\u015fkan Aday\u0131 S\u00fcleyman Oflas, se\u00e7im \u00e7al\u0131\u015fmalar\u0131 kapsam\u0131nda ziyaret etti\u011fi mahallelerde co\u015fku ve heyecanla kar\u015f\u0131lan\u0131yor. \u0130l\u00e7e merkezi ve k\u0131rsal mahallelerde se\u00e7im \u00e7al\u0131\u015fmalar\u0131n\u0131 s\u00fcrd\u00fcren &hellip;","og_url":"https:\/\/vanxhaber.com\/index.php\/2024\/03\/04\/baskan-adayi-suleyman-oflas-mahallelerde-coskuyla-karsilaniyor\/","og_site_name":"Van Haber | Van X Haber | Van Haberleri","article_published_time":"2024-03-04T09:01:43+00:00","article_modified_time":"2024-03-04T09:01:45+00:00","og_image":[{"width":641,"height":380,"url":"https:\/\/vanxhaber.com\/wp-content\/uploads\/2024\/03\/oflas-ruzgari.jpg","type":"image\/jpeg"}],"author":"Van X Haber","twitter_card":"summary_large_image","twitter_misc":{"Yazan:":"Van X Haber","Tahmini okuma s\u00fcresi":"2 dakika"},"schema":{"@context":"https:\/\/schema.org","@graph":[{"@type":"Article","@id":"https:\/\/vanxhaber.com\/index.php\/2024\/03\/04\/baskan-adayi-suleyman-oflas-mahallelerde-coskuyla-karsilaniyor\/#article","isPartOf":{"@id":"https:\/\/vanxhaber.com\/index.php\/2024\/03\/04\/baskan-adayi-suleyman-oflas-mahallelerde-coskuyla-karsilaniyor\/"},"author":{"name":"Van X Haber","@id":"https:\/\/vanxhaber.com\/#\/schema\/person\/a5fd8d89510cb5370e62ad176f7978ee"},"headline":"Ba\u015fkan Aday\u0131 S\u00fcleyman Oflas Mahallelerde Co\u015fkuyla Kar\u015f\u0131lan\u0131yor","datePublished":"2024-03-04T09:01:43+00:00","dateModified":"2024-03-04T09:01:45+00:00","mainEntityOfPage":{"@id":"https:\/\/vanxhaber.com\/index.php\/2024\/03\/04\/baskan-adayi-suleyman-oflas-mahallelerde-coskuyla-karsilaniyor\/"},"wordCount":344,"commentCount":0,"image":{"@id":"https:\/\/vanxhaber.com\/index.php\/2024\/03\/04\/baskan-adayi-suleyman-oflas-mahallelerde-coskuyla-karsilaniyor\/#primaryimage"},"thumbnailUrl":"https:\/\/vanxhaber.com\/wp-content\/uploads\/2024\/03\/oflas-ruzgari.jpg","articleSection":["Van Haber","Van Haberleri"],"inLanguage":"tr","potentialAction":[{"@type":"CommentAction","name":"Comment","target":["https:\/\/vanxhaber.com\/index.php\/2024\/03\/04\/baskan-adayi-suleyman-oflas-mahallelerde-coskuyla-karsilaniyor\/#respond"]}],"copyrightYear":"2024","copyrightHolder":{"@id":"https:\/\/vanxhaber.com\/#organization"}},{"@type":"WebPage","@id":"https:\/\/vanxhaber.com\/index.php\/2024\/03\/04\/baskan-adayi-suleyman-oflas-mahallelerde-coskuyla-karsilaniyor\/","url":"https:\/\/vanxhaber.com\/index.php\/2024\/03\/04\/baskan-adayi-suleyman-oflas-mahallelerde-coskuyla-karsilaniyor\/","name":"Ba\u015fkan Aday\u0131 S\u00fcleyman Oflas Mahallelerde Co\u015fkuyla Kar\u015f\u0131lan\u0131yor - Van Haber | Van X Haber | Van Haberleri","isPartOf":{"@id":"https:\/\/vanxhaber.com\/#website"},"primaryImageOfPage":{"@id":"https:\/\/vanxhaber.com\/index.php\/2024\/03\/04\/baskan-adayi-suleyman-oflas-mahallelerde-coskuyla-karsilaniyor\/#primaryimage"},"image":{"@id":"https:\/\/vanxhaber.com\/index.php\/2024\/03\/04\/baskan-adayi-suleyman-oflas-mahallelerde-coskuyla-karsilaniyor\/#primaryimage"},"thumbnailUrl":"https:\/\/vanxhaber.com\/wp-content\/uploads\/2024\/03\/oflas-ruzgari.jpg","datePublished":"2024-03-04T09:01:43+00:00","dateModified":"2024-03-04T09:01:45+00:00","author":{"@id":"https:\/\/vanxhaber.com\/#\/schema\/person\/a5fd8d89510cb5370e62ad176f7978ee"},"breadcrumb":{"@id":"https:\/\/vanxhaber.com\/index.php\/2024\/03\/04\/baskan-adayi-suleyman-oflas-mahallelerde-coskuyla-karsilaniyor\/#breadcrumb"},"inLanguage":"tr","potentialAction":[{"@type":"ReadAction","target":["https:\/\/vanxhaber.com\/index.php\/2024\/03\/04\/baskan-adayi-suleyman-oflas-mahallelerde-coskuyla-karsilaniyor\/"]}]},{"@type":"ImageObject","inLanguage":"tr","@id":"https:\/\/vanxhaber.com\/index.php\/2024\/03\/04\/baskan-adayi-suleyman-oflas-mahallelerde-coskuyla-karsilaniyor\/#primaryimage","url":"https:\/\/vanxhaber.com\/wp-content\/uploads\/2024\/03\/oflas-ruzgari.jpg","contentUrl":"https:\/\/vanxhaber.com\/wp-content\/uploads\/2024\/03\/oflas-ruzgari.jpg","width":641,"height":380},{"@type":"BreadcrumbList","@id":"https:\/\/vanxhaber.com\/index.php\/2024\/03\/04\/baskan-adayi-suleyman-oflas-mahallelerde-coskuyla-karsilaniyor\/#breadcrumb","itemListElement":[{"@type":"ListItem","position":1,"name":"Anasayfa","item":"https:\/\/vanxhaber.com\/"},{"@type":"ListItem","position":2,"name":"Ba\u015fkan Aday\u0131 S\u00fcleyman Oflas Mahallelerde Co\u015fkuyla Kar\u015f\u0131lan\u0131yor"}]},{"@type":"WebSite","@id":"https:\/\/vanxhaber.com\/#website","url":"https:\/\/vanxhaber.com\/","name":"Van Haber | Van X Haber | Van Haberleri","description":"Van Haber, Van&#039;\u0131n ilk yapay zeka teknolojileri ile yaz\u0131lan Van X Haber ve Van Haberlerini aktif g\u00fcncel sunan tek vanhaber merkezidir.","potentialAction":[{"@type":"SearchAction","target":{"@type":"EntryPoint","urlTemplate":"https:\/\/vanxhaber.com\/?s={search_term_string}"},"query-input":{"@type":"PropertyValueSpecification","valueRequired":true,"valueName":"search_term_string"}}],"inLanguage":"tr"},{"@type":"Person","@id":"https:\/\/vanxhaber.com\/#\/schema\/person\/a5fd8d89510cb5370e62ad176f7978ee","name":"Van X Haber","image":{"@type":"ImageObject","inLanguage":"tr","@id":"https:\/\/vanxhaber.com\/#\/schema\/person\/image\/","url":"https:\/\/secure.gravatar.com\/avatar\/36f2f63826681263103acb5ca1e7bc1a6db11baea9b75dd091d89b74f2704b07?s=96&d=mm&r=g","contentUrl":"https:\/\/secure.gravatar.com\/avatar\/36f2f63826681263103acb5ca1e7bc1a6db11baea9b75dd091d89b74f2704b07?s=96&d=mm&r=g","caption":"Van X Haber"},"description":"Van X Haber Van'\u0131n ilk ve tek yeni nesil Van Haber merkezi. Son Dakika Van Haberleri ve G\u00fcncel Van haber merkezinde s\u0131cak geli\u015fmeleri aktarmaya devam edece\u011fiz.","url":"https:\/\/vanxhaber.com\/index.php\/author\/vangazetesi\/"}]}},"_links":{"self":[{"href":"https:\/\/vanxhaber.com\/index.php\/wp-json\/wp\/v2\/posts\/1860","targetHints":{"allow":["GET"]}}],"collection":[{"href":"https:\/\/vanxhaber.com\/index.php\/wp-json\/wp\/v2\/posts"}],"about":[{"href":"https:\/\/vanxhaber.com\/index.php\/wp-json\/wp\/v2\/types\/post"}],"author":[{"embeddable":true,"href":"https:\/\/vanxhaber.com\/index.php\/wp-json\/wp\/v2\/users\/2"}],"replies":[{"embeddable":true,"href":"https:\/\/vanxhaber.com\/index.php\/wp-json\/wp\/v2\/comments?post=1860"}],"version-history":[{"count":1,"href":"https:\/\/vanxhaber.com\/index.php\/wp-json\/wp\/v2\/posts\/1860\/revisions"}],"predecessor-version":[{"id":1863,"href":"https:\/\/vanxhaber.com\/index.php\/wp-json\/wp\/v2\/posts\/1860\/revisions\/1863"}],"wp:featuredmedia":[{"embeddable":true,"href":"https:\/\/vanxhaber.com\/index.php\/wp-json\/wp\/v2\/media\/1862"}],"wp:attachment":[{"href":"https:\/\/vanxhaber.com\/index.php\/wp-json\/wp\/v2\/media?parent=1860"}],"wp:term":[{"taxonomy":"category","embeddable":true,"href":"https:\/\/vanxhaber.com\/index.php\/wp-json\/wp\/v2\/categories?post=1860"},{"taxonomy":"post_tag","embeddable":true,"href":"https:\/\/vanxhaber.com\/index.php\/wp-json\/wp\/v2\/tags?post=1860"}],"curies":[{"name":"wp","href":"https:\/\/api.w.org\/{rel}","templated":true}]}}