{"id":1864,"date":"2024-03-04T09:40:36","date_gmt":"2024-03-04T09:40:36","guid":{"rendered":"https:\/\/vanxhaber.com\/?p=1864"},"modified":"2024-03-04T09:40:39","modified_gmt":"2024-03-04T09:40:39","slug":"edremitte-engelli-misafirhanesi-kurulacak","status":"publish","type":"post","link":"https:\/\/vanxhaber.com\/index.php\/2024\/03\/04\/edremitte-engelli-misafirhanesi-kurulacak\/","title":{"rendered":"Edremit\u2019te \u2018Engelli Misafirhanesi\u2019 Kurulacak"},"content":{"rendered":"\n<p><strong>Van\u2019\u0131n Edremit Belediye Ba\u015fkan\u0131 \u0130smail Say, engelli \u00e7ocu\u011fu oldu\u011fu i\u00e7in g\u00fcndelik ya\u015fant\u0131dan kopan ailelere, i\u00e7in \u2018Engelli Misafirhanesi\u2019 kuracaklar\u0131n\u0131 s\u00f6yledi.<\/strong><\/p>\n\n\n\n<p>Halk\u0131n ihtiya\u00e7lar\u0131n\u0131 g\u00f6z \u00f6n\u00fcne alarak hizmet \u00fcreten Edremit Belediyesi, engelli \u00e7ocuklar i\u00e7in G\u00fcnd\u00fcz Misafirhanesi projesini kamuoyuna a\u00e7\u0131klad\u0131. Edremit Belediyesi, ge\u00e7ti\u011fimiz y\u0131llarda Engelsiz Ya\u015fam Merkezi kurarak, yakla\u015f\u0131k 100 engelli \u00e7ocu\u011fa hizmet veren merkezin yan\u0131 s\u0131ra \u015fimdi de engelli misafirhanesi kurma m\u00fcjdesi verdi. \u0130kinci 5 y\u0131l i\u00e7in projelerini ve hedeflerini a\u00e7\u0131klayan Edremit Belediye Ba\u015fkan\u0131 \u0130smail Say\u2019dan engelli aileleri i\u00e7in de \u00f6nemli bir destek geldi. Ba\u015fkan Say, \u201cEngelli \u00c7ocuk Misafirhanesi, g\u00fcn i\u00e7inde i\u015flerini takip etmekte, al\u0131\u015fveri\u015f yapmakta, hastaneye gitmekte, kendilerine zaman ay\u0131rmakta vb. s\u0131k\u0131nt\u0131s\u0131 olan ve \u00e7\u00f6z\u00fcm \u00fcretmeye \u00e7al\u0131\u015f\u0131rken psiko-sosyal y\u00f6nden ciddi sorunlar ya\u015fayan ailelerin imdad\u0131na yeti\u015fecek. Engelli \u00c7ocuk Misafirhanesi sayesinde aileler, engelli \u00e7ocuklar\u0131n\u0131 g\u00fcvenle emanet edebilecekleri bir kuruma kavu\u015facaklar. Hafta i\u00e7i saat 08.00\u2019den 17.00\u2019ye kadar engelli \u00e7ocuklara ge\u00e7ici s\u00fcreli \u00fccretsiz bak\u0131m hizmeti verecek misafirhane olacak. B\u00f6lgemizdeki engelli vatanda\u015flar\u0131m\u0131z\u0131 ve i\u00e7inde bulunduklar\u0131 ko\u015fullar\u0131 kay\u0131t alt\u0131na alarak sosyal belediyecili\u011fin gere\u011fi ne ise yerine getirdik. Bir \u00e7ok projemizin alt zeminleri haz\u0131rland\u0131 ve g\u00f6reve gelmemiz ile birlikte bu ve bunun gibi di\u011fer projelerimizi ad\u0131m ad\u0131m hayata ge\u00e7irece\u011fiz. \u0130limize, il\u00e7emize ve engelli ailelerimize hay\u0131rl\u0131 olsun\u201d dedi.<\/p>\n","protected":false},"excerpt":{"rendered":"<p>Van\u2019\u0131n Edremit Belediye Ba\u015fkan\u0131 \u0130smail Say, engelli \u00e7ocu\u011fu oldu\u011fu i\u00e7in g\u00fcndelik ya\u015fant\u0131dan kopan ailelere, i\u00e7in \u2018Engelli Misafirhanesi\u2019 kuracaklar\u0131n\u0131 s\u00f6yledi. Halk\u0131n ihtiya\u00e7lar\u0131n\u0131 g\u00f6z \u00f6n\u00fcne alarak hizmet \u00fcreten Edremit Belediyesi, engelli \u00e7ocuklar i\u00e7in G\u00fcnd\u00fcz Misafirhanesi projesini kamuoyuna a\u00e7\u0131klad\u0131. Edremit Belediyesi, ge\u00e7ti\u011fimiz y\u0131llarda Engelsiz Ya\u015fam Merkezi kurarak, yakla\u015f\u0131k 100 engelli \u00e7ocu\u011fa hizmet veren merkezin yan\u0131 s\u0131ra \u015fimdi de &hellip;<\/p>\n","protected":false},"author":2,"featured_media":1866,"comment_status":"open","ping_status":"closed","sticky":false,"template":"","format":"standard","meta":{"googlesitekit_rrm_CAowot3VCw:productID":"","footnotes":""},"categories":[28,32,1],"tags":[],"class_list":["post-1864","post","type-post","status-publish","format-standard","has-post-thumbnail","hentry","category-van-egitim","category-van-genclik","category-van-haber"],"yoast_head":"<!-- This site is optimized with the Yoast SEO Premium plugin v21.7 (Yoast SEO v26.7) - https:\/\/yoast.com\/wordpress\/plugins\/seo\/ -->\n<title>Edremit\u2019te \u2018Engelli Misafirhanesi\u2019 Kurulacak - Van Haber | Van X Haber | Van Haberleri<\/title>\n<meta name=\"robots\" content=\"index, follow, max-snippet:-1, max-image-preview:large, max-video-preview:-1\" \/>\n<link rel=\"canonical\" href=\"https:\/\/vanxhaber.com\/index.php\/2024\/03\/04\/edremitte-engelli-misafirhanesi-kurulacak\/\" \/>\n<meta property=\"og:locale\" content=\"tr_TR\" \/>\n<meta property=\"og:type\" content=\"article\" \/>\n<meta property=\"og:title\" content=\"Edremit\u2019te \u2018Engelli Misafirhanesi\u2019 Kurulacak\" \/>\n<meta property=\"og:description\" content=\"Van\u2019\u0131n Edremit Belediye Ba\u015fkan\u0131 \u0130smail Say, engelli \u00e7ocu\u011fu oldu\u011fu i\u00e7in g\u00fcndelik ya\u015fant\u0131dan kopan ailelere, i\u00e7in \u2018Engelli Misafirhanesi\u2019 kuracaklar\u0131n\u0131 s\u00f6yledi. Halk\u0131n ihtiya\u00e7lar\u0131n\u0131 g\u00f6z \u00f6n\u00fcne alarak hizmet \u00fcreten Edremit Belediyesi, engelli \u00e7ocuklar i\u00e7in G\u00fcnd\u00fcz Misafirhanesi projesini kamuoyuna a\u00e7\u0131klad\u0131. Edremit Belediyesi, ge\u00e7ti\u011fimiz y\u0131llarda Engelsiz Ya\u015fam Merkezi kurarak, yakla\u015f\u0131k 100 engelli \u00e7ocu\u011fa hizmet veren merkezin yan\u0131 s\u0131ra \u015fimdi de &hellip;\" \/>\n<meta property=\"og:url\" content=\"https:\/\/vanxhaber.com\/index.php\/2024\/03\/04\/edremitte-engelli-misafirhanesi-kurulacak\/\" \/>\n<meta property=\"og:site_name\" content=\"Van Haber | Van X Haber | Van Haberleri\" \/>\n<meta property=\"article:published_time\" content=\"2024-03-04T09:40:36+00:00\" \/>\n<meta property=\"article:modified_time\" content=\"2024-03-04T09:40:39+00:00\" \/>\n<meta property=\"og:image\" content=\"https:\/\/vanxhaber.com\/wp-content\/uploads\/2024\/03\/ismail-say.jpg\" \/>\n\t<meta property=\"og:image:width\" content=\"641\" \/>\n\t<meta property=\"og:image:height\" content=\"380\" \/>\n\t<meta property=\"og:image:type\" content=\"image\/jpeg\" \/>\n<meta name=\"author\" content=\"Van X Haber\" \/>\n<meta name=\"twitter:card\" content=\"summary_large_image\" \/>\n<meta name=\"twitter:label1\" content=\"Yazan:\" \/>\n\t<meta name=\"twitter:data1\" content=\"Van X Haber\" \/>\n\t<meta name=\"twitter:label2\" content=\"Tahmini okuma s\u00fcresi\" \/>\n\t<meta name=\"twitter:data2\" content=\"2 dakika\" \/>\n<script type=\"application\/ld+json\" class=\"yoast-schema-graph\">{\"@context\":\"https:\/\/schema.org\",\"@graph\":[{\"@type\":\"Article\",\"@id\":\"https:\/\/vanxhaber.com\/index.php\/2024\/03\/04\/edremitte-engelli-misafirhanesi-kurulacak\/#article\",\"isPartOf\":{\"@id\":\"https:\/\/vanxhaber.com\/index.php\/2024\/03\/04\/edremitte-engelli-misafirhanesi-kurulacak\/\"},\"author\":{\"name\":\"Van X Haber\",\"@id\":\"https:\/\/vanxhaber.com\/#\/schema\/person\/a5fd8d89510cb5370e62ad176f7978ee\"},\"headline\":\"Edremit\u2019te \u2018Engelli Misafirhanesi\u2019 Kurulacak\",\"datePublished\":\"2024-03-04T09:40:36+00:00\",\"dateModified\":\"2024-03-04T09:40:39+00:00\",\"mainEntityOfPage\":{\"@id\":\"https:\/\/vanxhaber.com\/index.php\/2024\/03\/04\/edremitte-engelli-misafirhanesi-kurulacak\/\"},\"wordCount\":266,\"commentCount\":0,\"image\":{\"@id\":\"https:\/\/vanxhaber.com\/index.php\/2024\/03\/04\/edremitte-engelli-misafirhanesi-kurulacak\/#primaryimage\"},\"thumbnailUrl\":\"https:\/\/vanxhaber.com\/wp-content\/uploads\/2024\/03\/ismail-say.jpg\",\"articleSection\":[\"Van E\u011fitim\",\"Van\u00a0Gen\u00e7lik\",\"Van Haber\"],\"inLanguage\":\"tr\",\"potentialAction\":[{\"@type\":\"CommentAction\",\"name\":\"Comment\",\"target\":[\"https:\/\/vanxhaber.com\/index.php\/2024\/03\/04\/edremitte-engelli-misafirhanesi-kurulacak\/#respond\"]}],\"copyrightYear\":\"2024\",\"copyrightHolder\":{\"@id\":\"https:\/\/vanxhaber.com\/#organization\"}},{\"@type\":\"WebPage\",\"@id\":\"https:\/\/vanxhaber.com\/index.php\/2024\/03\/04\/edremitte-engelli-misafirhanesi-kurulacak\/\",\"url\":\"https:\/\/vanxhaber.com\/index.php\/2024\/03\/04\/edremitte-engelli-misafirhanesi-kurulacak\/\",\"name\":\"Edremit\u2019te \u2018Engelli Misafirhanesi\u2019 Kurulacak - Van Haber | Van X Haber | Van Haberleri\",\"isPartOf\":{\"@id\":\"https:\/\/vanxhaber.com\/#website\"},\"primaryImageOfPage\":{\"@id\":\"https:\/\/vanxhaber.com\/index.php\/2024\/03\/04\/edremitte-engelli-misafirhanesi-kurulacak\/#primaryimage\"},\"image\":{\"@id\":\"https:\/\/vanxhaber.com\/index.php\/2024\/03\/04\/edremitte-engelli-misafirhanesi-kurulacak\/#primaryimage\"},\"thumbnailUrl\":\"https:\/\/vanxhaber.com\/wp-content\/uploads\/2024\/03\/ismail-say.jpg\",\"datePublished\":\"2024-03-04T09:40:36+00:00\",\"dateModified\":\"2024-03-04T09:40:39+00:00\",\"author\":{\"@id\":\"https:\/\/vanxhaber.com\/#\/schema\/person\/a5fd8d89510cb5370e62ad176f7978ee\"},\"breadcrumb\":{\"@id\":\"https:\/\/vanxhaber.com\/index.php\/2024\/03\/04\/edremitte-engelli-misafirhanesi-kurulacak\/#breadcrumb\"},\"inLanguage\":\"tr\",\"potentialAction\":[{\"@type\":\"ReadAction\",\"target\":[\"https:\/\/vanxhaber.com\/index.php\/2024\/03\/04\/edremitte-engelli-misafirhanesi-kurulacak\/\"]}]},{\"@type\":\"ImageObject\",\"inLanguage\":\"tr\",\"@id\":\"https:\/\/vanxhaber.com\/index.php\/2024\/03\/04\/edremitte-engelli-misafirhanesi-kurulacak\/#primaryimage\",\"url\":\"https:\/\/vanxhaber.com\/wp-content\/uploads\/2024\/03\/ismail-say.jpg\",\"contentUrl\":\"https:\/\/vanxhaber.com\/wp-content\/uploads\/2024\/03\/ismail-say.jpg\",\"width\":641,\"height\":380},{\"@type\":\"BreadcrumbList\",\"@id\":\"https:\/\/vanxhaber.com\/index.php\/2024\/03\/04\/edremitte-engelli-misafirhanesi-kurulacak\/#breadcrumb\",\"itemListElement\":[{\"@type\":\"ListItem\",\"position\":1,\"name\":\"Anasayfa\",\"item\":\"https:\/\/vanxhaber.com\/\"},{\"@type\":\"ListItem\",\"position\":2,\"name\":\"Edremit\u2019te \u2018Engelli Misafirhanesi\u2019 Kurulacak\"}]},{\"@type\":\"WebSite\",\"@id\":\"https:\/\/vanxhaber.com\/#website\",\"url\":\"https:\/\/vanxhaber.com\/\",\"name\":\"Van Haber | Van X Haber | Van Haberleri\",\"description\":\"Van Haber, Van&#039;\u0131n ilk yapay zeka teknolojileri ile yaz\u0131lan Van X Haber ve Van Haberlerini aktif g\u00fcncel sunan tek vanhaber merkezidir.\",\"potentialAction\":[{\"@type\":\"SearchAction\",\"target\":{\"@type\":\"EntryPoint\",\"urlTemplate\":\"https:\/\/vanxhaber.com\/?s={search_term_string}\"},\"query-input\":{\"@type\":\"PropertyValueSpecification\",\"valueRequired\":true,\"valueName\":\"search_term_string\"}}],\"inLanguage\":\"tr\"},{\"@type\":\"Person\",\"@id\":\"https:\/\/vanxhaber.com\/#\/schema\/person\/a5fd8d89510cb5370e62ad176f7978ee\",\"name\":\"Van X Haber\",\"image\":{\"@type\":\"ImageObject\",\"inLanguage\":\"tr\",\"@id\":\"https:\/\/vanxhaber.com\/#\/schema\/person\/image\/\",\"url\":\"https:\/\/secure.gravatar.com\/avatar\/36f2f63826681263103acb5ca1e7bc1a6db11baea9b75dd091d89b74f2704b07?s=96&d=mm&r=g\",\"contentUrl\":\"https:\/\/secure.gravatar.com\/avatar\/36f2f63826681263103acb5ca1e7bc1a6db11baea9b75dd091d89b74f2704b07?s=96&d=mm&r=g\",\"caption\":\"Van X Haber\"},\"description\":\"Van X Haber Van'\u0131n ilk ve tek yeni nesil Van Haber merkezi. Son Dakika Van Haberleri ve G\u00fcncel Van haber merkezinde s\u0131cak geli\u015fmeleri aktarmaya devam edece\u011fiz.\",\"url\":\"https:\/\/vanxhaber.com\/index.php\/author\/vangazetesi\/\"}]}<\/script>\n<!-- \/ Yoast SEO Premium plugin. -->","yoast_head_json":{"title":"Edremit\u2019te \u2018Engelli Misafirhanesi\u2019 Kurulacak - Van Haber | Van X Haber | Van Haberleri","robots":{"index":"index","follow":"follow","max-snippet":"max-snippet:-1","max-image-preview":"max-image-preview:large","max-video-preview":"max-video-preview:-1"},"canonical":"https:\/\/vanxhaber.com\/index.php\/2024\/03\/04\/edremitte-engelli-misafirhanesi-kurulacak\/","og_locale":"tr_TR","og_type":"article","og_title":"Edremit\u2019te \u2018Engelli Misafirhanesi\u2019 Kurulacak","og_description":"Van\u2019\u0131n Edremit Belediye Ba\u015fkan\u0131 \u0130smail Say, engelli \u00e7ocu\u011fu oldu\u011fu i\u00e7in g\u00fcndelik ya\u015fant\u0131dan kopan ailelere, i\u00e7in \u2018Engelli Misafirhanesi\u2019 kuracaklar\u0131n\u0131 s\u00f6yledi. Halk\u0131n ihtiya\u00e7lar\u0131n\u0131 g\u00f6z \u00f6n\u00fcne alarak hizmet \u00fcreten Edremit Belediyesi, engelli \u00e7ocuklar i\u00e7in G\u00fcnd\u00fcz Misafirhanesi projesini kamuoyuna a\u00e7\u0131klad\u0131. Edremit Belediyesi, ge\u00e7ti\u011fimiz y\u0131llarda Engelsiz Ya\u015fam Merkezi kurarak, yakla\u015f\u0131k 100 engelli \u00e7ocu\u011fa hizmet veren merkezin yan\u0131 s\u0131ra \u015fimdi de &hellip;","og_url":"https:\/\/vanxhaber.com\/index.php\/2024\/03\/04\/edremitte-engelli-misafirhanesi-kurulacak\/","og_site_name":"Van Haber | Van X Haber | Van Haberleri","article_published_time":"2024-03-04T09:40:36+00:00","article_modified_time":"2024-03-04T09:40:39+00:00","og_image":[{"width":641,"height":380,"url":"https:\/\/vanxhaber.com\/wp-content\/uploads\/2024\/03\/ismail-say.jpg","type":"image\/jpeg"}],"author":"Van X Haber","twitter_card":"summary_large_image","twitter_misc":{"Yazan:":"Van X Haber","Tahmini okuma s\u00fcresi":"2 dakika"},"schema":{"@context":"https:\/\/schema.org","@graph":[{"@type":"Article","@id":"https:\/\/vanxhaber.com\/index.php\/2024\/03\/04\/edremitte-engelli-misafirhanesi-kurulacak\/#article","isPartOf":{"@id":"https:\/\/vanxhaber.com\/index.php\/2024\/03\/04\/edremitte-engelli-misafirhanesi-kurulacak\/"},"author":{"name":"Van X Haber","@id":"https:\/\/vanxhaber.com\/#\/schema\/person\/a5fd8d89510cb5370e62ad176f7978ee"},"headline":"Edremit\u2019te \u2018Engelli Misafirhanesi\u2019 Kurulacak","datePublished":"2024-03-04T09:40:36+00:00","dateModified":"2024-03-04T09:40:39+00:00","mainEntityOfPage":{"@id":"https:\/\/vanxhaber.com\/index.php\/2024\/03\/04\/edremitte-engelli-misafirhanesi-kurulacak\/"},"wordCount":266,"commentCount":0,"image":{"@id":"https:\/\/vanxhaber.com\/index.php\/2024\/03\/04\/edremitte-engelli-misafirhanesi-kurulacak\/#primaryimage"},"thumbnailUrl":"https:\/\/vanxhaber.com\/wp-content\/uploads\/2024\/03\/ismail-say.jpg","articleSection":["Van E\u011fitim","Van\u00a0Gen\u00e7lik","Van Haber"],"inLanguage":"tr","potentialAction":[{"@type":"CommentAction","name":"Comment","target":["https:\/\/vanxhaber.com\/index.php\/2024\/03\/04\/edremitte-engelli-misafirhanesi-kurulacak\/#respond"]}],"copyrightYear":"2024","copyrightHolder":{"@id":"https:\/\/vanxhaber.com\/#organization"}},{"@type":"WebPage","@id":"https:\/\/vanxhaber.com\/index.php\/2024\/03\/04\/edremitte-engelli-misafirhanesi-kurulacak\/","url":"https:\/\/vanxhaber.com\/index.php\/2024\/03\/04\/edremitte-engelli-misafirhanesi-kurulacak\/","name":"Edremit\u2019te \u2018Engelli Misafirhanesi\u2019 Kurulacak - Van Haber | Van X Haber | Van Haberleri","isPartOf":{"@id":"https:\/\/vanxhaber.com\/#website"},"primaryImageOfPage":{"@id":"https:\/\/vanxhaber.com\/index.php\/2024\/03\/04\/edremitte-engelli-misafirhanesi-kurulacak\/#primaryimage"},"image":{"@id":"https:\/\/vanxhaber.com\/index.php\/2024\/03\/04\/edremitte-engelli-misafirhanesi-kurulacak\/#primaryimage"},"thumbnailUrl":"https:\/\/vanxhaber.com\/wp-content\/uploads\/2024\/03\/ismail-say.jpg","datePublished":"2024-03-04T09:40:36+00:00","dateModified":"2024-03-04T09:40:39+00:00","author":{"@id":"https:\/\/vanxhaber.com\/#\/schema\/person\/a5fd8d89510cb5370e62ad176f7978ee"},"breadcrumb":{"@id":"https:\/\/vanxhaber.com\/index.php\/2024\/03\/04\/edremitte-engelli-misafirhanesi-kurulacak\/#breadcrumb"},"inLanguage":"tr","potentialAction":[{"@type":"ReadAction","target":["https:\/\/vanxhaber.com\/index.php\/2024\/03\/04\/edremitte-engelli-misafirhanesi-kurulacak\/"]}]},{"@type":"ImageObject","inLanguage":"tr","@id":"https:\/\/vanxhaber.com\/index.php\/2024\/03\/04\/edremitte-engelli-misafirhanesi-kurulacak\/#primaryimage","url":"https:\/\/vanxhaber.com\/wp-content\/uploads\/2024\/03\/ismail-say.jpg","contentUrl":"https:\/\/vanxhaber.com\/wp-content\/uploads\/2024\/03\/ismail-say.jpg","width":641,"height":380},{"@type":"BreadcrumbList","@id":"https:\/\/vanxhaber.com\/index.php\/2024\/03\/04\/edremitte-engelli-misafirhanesi-kurulacak\/#breadcrumb","itemListElement":[{"@type":"ListItem","position":1,"name":"Anasayfa","item":"https:\/\/vanxhaber.com\/"},{"@type":"ListItem","position":2,"name":"Edremit\u2019te \u2018Engelli Misafirhanesi\u2019 Kurulacak"}]},{"@type":"WebSite","@id":"https:\/\/vanxhaber.com\/#website","url":"https:\/\/vanxhaber.com\/","name":"Van Haber | Van X Haber | Van Haberleri","description":"Van Haber, Van&#039;\u0131n ilk yapay zeka teknolojileri ile yaz\u0131lan Van X Haber ve Van Haberlerini aktif g\u00fcncel sunan tek vanhaber merkezidir.","potentialAction":[{"@type":"SearchAction","target":{"@type":"EntryPoint","urlTemplate":"https:\/\/vanxhaber.com\/?s={search_term_string}"},"query-input":{"@type":"PropertyValueSpecification","valueRequired":true,"valueName":"search_term_string"}}],"inLanguage":"tr"},{"@type":"Person","@id":"https:\/\/vanxhaber.com\/#\/schema\/person\/a5fd8d89510cb5370e62ad176f7978ee","name":"Van X Haber","image":{"@type":"ImageObject","inLanguage":"tr","@id":"https:\/\/vanxhaber.com\/#\/schema\/person\/image\/","url":"https:\/\/secure.gravatar.com\/avatar\/36f2f63826681263103acb5ca1e7bc1a6db11baea9b75dd091d89b74f2704b07?s=96&d=mm&r=g","contentUrl":"https:\/\/secure.gravatar.com\/avatar\/36f2f63826681263103acb5ca1e7bc1a6db11baea9b75dd091d89b74f2704b07?s=96&d=mm&r=g","caption":"Van X Haber"},"description":"Van X Haber Van'\u0131n ilk ve tek yeni nesil Van Haber merkezi. Son Dakika Van Haberleri ve G\u00fcncel Van haber merkezinde s\u0131cak geli\u015fmeleri aktarmaya devam edece\u011fiz.","url":"https:\/\/vanxhaber.com\/index.php\/author\/vangazetesi\/"}]}},"_links":{"self":[{"href":"https:\/\/vanxhaber.com\/index.php\/wp-json\/wp\/v2\/posts\/1864","targetHints":{"allow":["GET"]}}],"collection":[{"href":"https:\/\/vanxhaber.com\/index.php\/wp-json\/wp\/v2\/posts"}],"about":[{"href":"https:\/\/vanxhaber.com\/index.php\/wp-json\/wp\/v2\/types\/post"}],"author":[{"embeddable":true,"href":"https:\/\/vanxhaber.com\/index.php\/wp-json\/wp\/v2\/users\/2"}],"replies":[{"embeddable":true,"href":"https:\/\/vanxhaber.com\/index.php\/wp-json\/wp\/v2\/comments?post=1864"}],"version-history":[{"count":1,"href":"https:\/\/vanxhaber.com\/index.php\/wp-json\/wp\/v2\/posts\/1864\/revisions"}],"predecessor-version":[{"id":1867,"href":"https:\/\/vanxhaber.com\/index.php\/wp-json\/wp\/v2\/posts\/1864\/revisions\/1867"}],"wp:featuredmedia":[{"embeddable":true,"href":"https:\/\/vanxhaber.com\/index.php\/wp-json\/wp\/v2\/media\/1866"}],"wp:attachment":[{"href":"https:\/\/vanxhaber.com\/index.php\/wp-json\/wp\/v2\/media?parent=1864"}],"wp:term":[{"taxonomy":"category","embeddable":true,"href":"https:\/\/vanxhaber.com\/index.php\/wp-json\/wp\/v2\/categories?post=1864"},{"taxonomy":"post_tag","embeddable":true,"href":"https:\/\/vanxhaber.com\/index.php\/wp-json\/wp\/v2\/tags?post=1864"}],"curies":[{"name":"wp","href":"https:\/\/api.w.org\/{rel}","templated":true}]}}