{"id":1869,"date":"2024-03-05T09:09:39","date_gmt":"2024-03-05T09:09:39","guid":{"rendered":"https:\/\/vanxhaber.com\/?p=1869"},"modified":"2024-03-05T09:09:41","modified_gmt":"2024-03-05T09:09:41","slug":"vanda-bir-ilk-kitap-dunyasina-minik-adimlar","status":"publish","type":"post","link":"https:\/\/vanxhaber.com\/index.php\/2024\/03\/05\/vanda-bir-ilk-kitap-dunyasina-minik-adimlar\/","title":{"rendered":"Van&#8217;da bir ilk Kitap D\u00fcnyas\u0131na minik ad\u0131mlar"},"content":{"rendered":"\n<p><strong>Van Valili\u011fi ve B\u00fcy\u00fck\u015fehir Belediyesi&#8217;nin \u00f6nc\u00fcl\u00fc\u011f\u00fcnde d\u00fczenlenen 1. Van \u00c7ocuk Edebiyat Fuar\u0131, \u00e7ocuklar\u0131 kitap d\u00fcnyas\u0131yla bulu.<\/strong><\/p>\n\n\n\n<p><strong>T\u00fcrkiye<\/strong>&#8216;nin d\u00f6rt bir yan\u0131ndan gelen yazarlar, \u00e7ocuklarla bulu\u015fup kitap okuma al\u0131\u015fkanl\u0131\u011f\u0131n\u0131 destekliyor.<\/p>\n\n\n\n<p><strong>Van Valili\u011fi <\/strong>ve B\u00fcy\u00fck\u015fehir Belediyesi&#8217;nin \u00f6nc\u00fcl\u00fc\u011f\u00fcnde d\u00fczenlenen 1. Van \u00c7ocuk Edebiyat Fuar\u0131, Van Valisi ve B\u00fcy\u00fck\u015fehir Belediyesi Ba\u015fkan Vekili <strong>Ozan Balc\u0131<\/strong>&#8216;n\u0131n kat\u0131l\u0131m\u0131yla ba\u015flad\u0131.<\/p>\n\n\n\n<p>Van \u0130pekyolu Atat\u00fcrk Sanat Galerisi&#8217;nde ger\u00e7ekle\u015fen fuar\u0131n a\u00e7\u0131l\u0131\u015f\u0131nda konu\u015fan Vali Ozan Balc\u0131, \u00e7ocuklar i\u00e7in yap\u0131lan her etkinli\u011fin \u00f6nemine vurgu yaparak, fuar\u0131n Van i\u00e7in \u00f6nemli bir ad\u0131m oldu\u011funu belirtti. Balc\u0131, kitap okuma al\u0131\u015fkanl\u0131\u011f\u0131n\u0131n \u00e7ocuklara erken ya\u015fta kazand\u0131r\u0131lmas\u0131n\u0131n \u00f6nemine de\u011findi ve \u00e7ocuklar\u0131n gelece\u011fin teminat\u0131 oldu\u011funu ifade etti.<\/p>\n\n\n\n<p>Fuarda T\u00fcrkiye&#8217;nin \u00e7e\u015fitli illerinden tan\u0131nm\u0131\u015f yakla\u015f\u0131k 30 yazar\u0131n yer ald\u0131\u011f\u0131n\u0131 belirten yetkililer, \u00e7ocuklar\u0131n yazarlarla bulu\u015fmas\u0131n\u0131 ve kitap okuma al\u0131\u015fkanl\u0131\u011f\u0131n\u0131n geli\u015ftirilmesini hedeflediklerini ifade ettiler.<\/p>\n\n\n\n<p>Fuar, 4-6 Mart tarihleri aras\u0131nda ziyaret\u00e7ilere a\u00e7\u0131k olacak. Etkinlik s\u00fcresince yazar bulu\u015fmalar\u0131, imza g\u00fcnleri, s\u00f6yle\u015filer ve e\u011fitici etkinlikler d\u00fczenlenecek.<\/p>\n","protected":false},"excerpt":{"rendered":"<p>Van Valili\u011fi ve B\u00fcy\u00fck\u015fehir Belediyesi&#8217;nin \u00f6nc\u00fcl\u00fc\u011f\u00fcnde d\u00fczenlenen 1. Van \u00c7ocuk Edebiyat Fuar\u0131, \u00e7ocuklar\u0131 kitap d\u00fcnyas\u0131yla bulu. T\u00fcrkiye&#8216;nin d\u00f6rt bir yan\u0131ndan gelen yazarlar, \u00e7ocuklarla bulu\u015fup kitap okuma al\u0131\u015fkanl\u0131\u011f\u0131n\u0131 destekliyor. Van Valili\u011fi ve B\u00fcy\u00fck\u015fehir Belediyesi&#8217;nin \u00f6nc\u00fcl\u00fc\u011f\u00fcnde d\u00fczenlenen 1. Van \u00c7ocuk Edebiyat Fuar\u0131, Van Valisi ve B\u00fcy\u00fck\u015fehir Belediyesi Ba\u015fkan Vekili Ozan Balc\u0131&#8216;n\u0131n kat\u0131l\u0131m\u0131yla ba\u015flad\u0131. Van \u0130pekyolu Atat\u00fcrk Sanat &hellip;<\/p>\n","protected":false},"author":2,"featured_media":0,"comment_status":"open","ping_status":"closed","sticky":false,"template":"","format":"standard","meta":{"googlesitekit_rrm_CAowot3VCw:productID":"","footnotes":""},"categories":[1],"tags":[],"class_list":["post-1869","post","type-post","status-publish","format-standard","has-post-thumbnail","hentry","category-van-haber"],"yoast_head":"<!-- This site is optimized with the Yoast SEO Premium plugin v21.7 (Yoast SEO v26.7) - https:\/\/yoast.com\/wordpress\/plugins\/seo\/ -->\n<title>Van&#039;da bir ilk Kitap D\u00fcnyas\u0131na minik ad\u0131mlar - Van Haber | Van X Haber | Van Haberleri<\/title>\n<meta name=\"robots\" content=\"index, follow, max-snippet:-1, max-image-preview:large, max-video-preview:-1\" \/>\n<link rel=\"canonical\" href=\"https:\/\/vanxhaber.com\/index.php\/2024\/03\/05\/vanda-bir-ilk-kitap-dunyasina-minik-adimlar\/\" \/>\n<meta property=\"og:locale\" content=\"tr_TR\" \/>\n<meta property=\"og:type\" content=\"article\" \/>\n<meta property=\"og:title\" content=\"Van&#039;da bir ilk Kitap D\u00fcnyas\u0131na minik ad\u0131mlar\" \/>\n<meta property=\"og:description\" content=\"Van Valili\u011fi ve B\u00fcy\u00fck\u015fehir Belediyesi&#8217;nin \u00f6nc\u00fcl\u00fc\u011f\u00fcnde d\u00fczenlenen 1. Van \u00c7ocuk Edebiyat Fuar\u0131, \u00e7ocuklar\u0131 kitap d\u00fcnyas\u0131yla bulu. T\u00fcrkiye&#8216;nin d\u00f6rt bir yan\u0131ndan gelen yazarlar, \u00e7ocuklarla bulu\u015fup kitap okuma al\u0131\u015fkanl\u0131\u011f\u0131n\u0131 destekliyor. Van Valili\u011fi ve B\u00fcy\u00fck\u015fehir Belediyesi&#8217;nin \u00f6nc\u00fcl\u00fc\u011f\u00fcnde d\u00fczenlenen 1. Van \u00c7ocuk Edebiyat Fuar\u0131, Van Valisi ve B\u00fcy\u00fck\u015fehir Belediyesi Ba\u015fkan Vekili Ozan Balc\u0131&#8216;n\u0131n kat\u0131l\u0131m\u0131yla ba\u015flad\u0131. Van \u0130pekyolu Atat\u00fcrk Sanat &hellip;\" \/>\n<meta property=\"og:url\" content=\"https:\/\/vanxhaber.com\/index.php\/2024\/03\/05\/vanda-bir-ilk-kitap-dunyasina-minik-adimlar\/\" \/>\n<meta property=\"og:site_name\" content=\"Van Haber | Van X Haber | Van Haberleri\" \/>\n<meta property=\"article:published_time\" content=\"2024-03-05T09:09:39+00:00\" \/>\n<meta property=\"article:modified_time\" content=\"2024-03-05T09:09:41+00:00\" \/>\n<meta name=\"author\" content=\"Van X Haber\" \/>\n<meta name=\"twitter:card\" content=\"summary_large_image\" \/>\n<meta name=\"twitter:label1\" content=\"Yazan:\" \/>\n\t<meta name=\"twitter:data1\" content=\"Van X Haber\" \/>\n<script type=\"application\/ld+json\" class=\"yoast-schema-graph\">{\"@context\":\"https:\/\/schema.org\",\"@graph\":[{\"@type\":\"Article\",\"@id\":\"https:\/\/vanxhaber.com\/index.php\/2024\/03\/05\/vanda-bir-ilk-kitap-dunyasina-minik-adimlar\/#article\",\"isPartOf\":{\"@id\":\"https:\/\/vanxhaber.com\/index.php\/2024\/03\/05\/vanda-bir-ilk-kitap-dunyasina-minik-adimlar\/\"},\"author\":{\"name\":\"Van X Haber\",\"@id\":\"https:\/\/vanxhaber.com\/#\/schema\/person\/a5fd8d89510cb5370e62ad176f7978ee\"},\"headline\":\"Van&#8217;da bir ilk Kitap D\u00fcnyas\u0131na minik ad\u0131mlar\",\"datePublished\":\"2024-03-05T09:09:39+00:00\",\"dateModified\":\"2024-03-05T09:09:41+00:00\",\"mainEntityOfPage\":{\"@id\":\"https:\/\/vanxhaber.com\/index.php\/2024\/03\/05\/vanda-bir-ilk-kitap-dunyasina-minik-adimlar\/\"},\"wordCount\":232,\"commentCount\":0,\"articleSection\":[\"Van Haber\"],\"inLanguage\":\"tr\",\"potentialAction\":[{\"@type\":\"CommentAction\",\"name\":\"Comment\",\"target\":[\"https:\/\/vanxhaber.com\/index.php\/2024\/03\/05\/vanda-bir-ilk-kitap-dunyasina-minik-adimlar\/#respond\"]}],\"copyrightYear\":\"2024\",\"copyrightHolder\":{\"@id\":\"https:\/\/vanxhaber.com\/#organization\"}},{\"@type\":\"WebPage\",\"@id\":\"https:\/\/vanxhaber.com\/index.php\/2024\/03\/05\/vanda-bir-ilk-kitap-dunyasina-minik-adimlar\/\",\"url\":\"https:\/\/vanxhaber.com\/index.php\/2024\/03\/05\/vanda-bir-ilk-kitap-dunyasina-minik-adimlar\/\",\"name\":\"Van'da bir ilk Kitap D\u00fcnyas\u0131na minik ad\u0131mlar - Van Haber | Van X Haber | Van Haberleri\",\"isPartOf\":{\"@id\":\"https:\/\/vanxhaber.com\/#website\"},\"datePublished\":\"2024-03-05T09:09:39+00:00\",\"dateModified\":\"2024-03-05T09:09:41+00:00\",\"author\":{\"@id\":\"https:\/\/vanxhaber.com\/#\/schema\/person\/a5fd8d89510cb5370e62ad176f7978ee\"},\"breadcrumb\":{\"@id\":\"https:\/\/vanxhaber.com\/index.php\/2024\/03\/05\/vanda-bir-ilk-kitap-dunyasina-minik-adimlar\/#breadcrumb\"},\"inLanguage\":\"tr\",\"potentialAction\":[{\"@type\":\"ReadAction\",\"target\":[\"https:\/\/vanxhaber.com\/index.php\/2024\/03\/05\/vanda-bir-ilk-kitap-dunyasina-minik-adimlar\/\"]}]},{\"@type\":\"BreadcrumbList\",\"@id\":\"https:\/\/vanxhaber.com\/index.php\/2024\/03\/05\/vanda-bir-ilk-kitap-dunyasina-minik-adimlar\/#breadcrumb\",\"itemListElement\":[{\"@type\":\"ListItem\",\"position\":1,\"name\":\"Anasayfa\",\"item\":\"https:\/\/vanxhaber.com\/\"},{\"@type\":\"ListItem\",\"position\":2,\"name\":\"Van&#8217;da bir ilk Kitap D\u00fcnyas\u0131na minik ad\u0131mlar\"}]},{\"@type\":\"WebSite\",\"@id\":\"https:\/\/vanxhaber.com\/#website\",\"url\":\"https:\/\/vanxhaber.com\/\",\"name\":\"Van Haber | Van X Haber | Van Haberleri\",\"description\":\"Van Haber, Van&#039;\u0131n ilk yapay zeka teknolojileri ile yaz\u0131lan Van X Haber ve Van Haberlerini aktif g\u00fcncel sunan tek vanhaber merkezidir.\",\"potentialAction\":[{\"@type\":\"SearchAction\",\"target\":{\"@type\":\"EntryPoint\",\"urlTemplate\":\"https:\/\/vanxhaber.com\/?s={search_term_string}\"},\"query-input\":{\"@type\":\"PropertyValueSpecification\",\"valueRequired\":true,\"valueName\":\"search_term_string\"}}],\"inLanguage\":\"tr\"},{\"@type\":\"Person\",\"@id\":\"https:\/\/vanxhaber.com\/#\/schema\/person\/a5fd8d89510cb5370e62ad176f7978ee\",\"name\":\"Van X Haber\",\"image\":{\"@type\":\"ImageObject\",\"inLanguage\":\"tr\",\"@id\":\"https:\/\/vanxhaber.com\/#\/schema\/person\/image\/\",\"url\":\"https:\/\/secure.gravatar.com\/avatar\/36f2f63826681263103acb5ca1e7bc1a6db11baea9b75dd091d89b74f2704b07?s=96&d=mm&r=g\",\"contentUrl\":\"https:\/\/secure.gravatar.com\/avatar\/36f2f63826681263103acb5ca1e7bc1a6db11baea9b75dd091d89b74f2704b07?s=96&d=mm&r=g\",\"caption\":\"Van X Haber\"},\"description\":\"Van X Haber Van'\u0131n ilk ve tek yeni nesil Van Haber merkezi. Son Dakika Van Haberleri ve G\u00fcncel Van haber merkezinde s\u0131cak geli\u015fmeleri aktarmaya devam edece\u011fiz.\",\"url\":\"https:\/\/vanxhaber.com\/index.php\/author\/vangazetesi\/\"}]}<\/script>\n<!-- \/ Yoast SEO Premium plugin. -->","yoast_head_json":{"title":"Van'da bir ilk Kitap D\u00fcnyas\u0131na minik ad\u0131mlar - Van Haber | Van X Haber | Van Haberleri","robots":{"index":"index","follow":"follow","max-snippet":"max-snippet:-1","max-image-preview":"max-image-preview:large","max-video-preview":"max-video-preview:-1"},"canonical":"https:\/\/vanxhaber.com\/index.php\/2024\/03\/05\/vanda-bir-ilk-kitap-dunyasina-minik-adimlar\/","og_locale":"tr_TR","og_type":"article","og_title":"Van'da bir ilk Kitap D\u00fcnyas\u0131na minik ad\u0131mlar","og_description":"Van Valili\u011fi ve B\u00fcy\u00fck\u015fehir Belediyesi&#8217;nin \u00f6nc\u00fcl\u00fc\u011f\u00fcnde d\u00fczenlenen 1. Van \u00c7ocuk Edebiyat Fuar\u0131, \u00e7ocuklar\u0131 kitap d\u00fcnyas\u0131yla bulu. T\u00fcrkiye&#8216;nin d\u00f6rt bir yan\u0131ndan gelen yazarlar, \u00e7ocuklarla bulu\u015fup kitap okuma al\u0131\u015fkanl\u0131\u011f\u0131n\u0131 destekliyor. Van Valili\u011fi ve B\u00fcy\u00fck\u015fehir Belediyesi&#8217;nin \u00f6nc\u00fcl\u00fc\u011f\u00fcnde d\u00fczenlenen 1. Van \u00c7ocuk Edebiyat Fuar\u0131, Van Valisi ve B\u00fcy\u00fck\u015fehir Belediyesi Ba\u015fkan Vekili Ozan Balc\u0131&#8216;n\u0131n kat\u0131l\u0131m\u0131yla ba\u015flad\u0131. Van \u0130pekyolu Atat\u00fcrk Sanat &hellip;","og_url":"https:\/\/vanxhaber.com\/index.php\/2024\/03\/05\/vanda-bir-ilk-kitap-dunyasina-minik-adimlar\/","og_site_name":"Van Haber | Van X Haber | Van Haberleri","article_published_time":"2024-03-05T09:09:39+00:00","article_modified_time":"2024-03-05T09:09:41+00:00","author":"Van X Haber","twitter_card":"summary_large_image","twitter_misc":{"Yazan:":"Van X Haber"},"schema":{"@context":"https:\/\/schema.org","@graph":[{"@type":"Article","@id":"https:\/\/vanxhaber.com\/index.php\/2024\/03\/05\/vanda-bir-ilk-kitap-dunyasina-minik-adimlar\/#article","isPartOf":{"@id":"https:\/\/vanxhaber.com\/index.php\/2024\/03\/05\/vanda-bir-ilk-kitap-dunyasina-minik-adimlar\/"},"author":{"name":"Van X Haber","@id":"https:\/\/vanxhaber.com\/#\/schema\/person\/a5fd8d89510cb5370e62ad176f7978ee"},"headline":"Van&#8217;da bir ilk Kitap D\u00fcnyas\u0131na minik ad\u0131mlar","datePublished":"2024-03-05T09:09:39+00:00","dateModified":"2024-03-05T09:09:41+00:00","mainEntityOfPage":{"@id":"https:\/\/vanxhaber.com\/index.php\/2024\/03\/05\/vanda-bir-ilk-kitap-dunyasina-minik-adimlar\/"},"wordCount":232,"commentCount":0,"articleSection":["Van Haber"],"inLanguage":"tr","potentialAction":[{"@type":"CommentAction","name":"Comment","target":["https:\/\/vanxhaber.com\/index.php\/2024\/03\/05\/vanda-bir-ilk-kitap-dunyasina-minik-adimlar\/#respond"]}],"copyrightYear":"2024","copyrightHolder":{"@id":"https:\/\/vanxhaber.com\/#organization"}},{"@type":"WebPage","@id":"https:\/\/vanxhaber.com\/index.php\/2024\/03\/05\/vanda-bir-ilk-kitap-dunyasina-minik-adimlar\/","url":"https:\/\/vanxhaber.com\/index.php\/2024\/03\/05\/vanda-bir-ilk-kitap-dunyasina-minik-adimlar\/","name":"Van'da bir ilk Kitap D\u00fcnyas\u0131na minik ad\u0131mlar - Van Haber | Van X Haber | Van Haberleri","isPartOf":{"@id":"https:\/\/vanxhaber.com\/#website"},"datePublished":"2024-03-05T09:09:39+00:00","dateModified":"2024-03-05T09:09:41+00:00","author":{"@id":"https:\/\/vanxhaber.com\/#\/schema\/person\/a5fd8d89510cb5370e62ad176f7978ee"},"breadcrumb":{"@id":"https:\/\/vanxhaber.com\/index.php\/2024\/03\/05\/vanda-bir-ilk-kitap-dunyasina-minik-adimlar\/#breadcrumb"},"inLanguage":"tr","potentialAction":[{"@type":"ReadAction","target":["https:\/\/vanxhaber.com\/index.php\/2024\/03\/05\/vanda-bir-ilk-kitap-dunyasina-minik-adimlar\/"]}]},{"@type":"BreadcrumbList","@id":"https:\/\/vanxhaber.com\/index.php\/2024\/03\/05\/vanda-bir-ilk-kitap-dunyasina-minik-adimlar\/#breadcrumb","itemListElement":[{"@type":"ListItem","position":1,"name":"Anasayfa","item":"https:\/\/vanxhaber.com\/"},{"@type":"ListItem","position":2,"name":"Van&#8217;da bir ilk Kitap D\u00fcnyas\u0131na minik ad\u0131mlar"}]},{"@type":"WebSite","@id":"https:\/\/vanxhaber.com\/#website","url":"https:\/\/vanxhaber.com\/","name":"Van Haber | Van X Haber | Van Haberleri","description":"Van Haber, Van&#039;\u0131n ilk yapay zeka teknolojileri ile yaz\u0131lan Van X Haber ve Van Haberlerini aktif g\u00fcncel sunan tek vanhaber merkezidir.","potentialAction":[{"@type":"SearchAction","target":{"@type":"EntryPoint","urlTemplate":"https:\/\/vanxhaber.com\/?s={search_term_string}"},"query-input":{"@type":"PropertyValueSpecification","valueRequired":true,"valueName":"search_term_string"}}],"inLanguage":"tr"},{"@type":"Person","@id":"https:\/\/vanxhaber.com\/#\/schema\/person\/a5fd8d89510cb5370e62ad176f7978ee","name":"Van X Haber","image":{"@type":"ImageObject","inLanguage":"tr","@id":"https:\/\/vanxhaber.com\/#\/schema\/person\/image\/","url":"https:\/\/secure.gravatar.com\/avatar\/36f2f63826681263103acb5ca1e7bc1a6db11baea9b75dd091d89b74f2704b07?s=96&d=mm&r=g","contentUrl":"https:\/\/secure.gravatar.com\/avatar\/36f2f63826681263103acb5ca1e7bc1a6db11baea9b75dd091d89b74f2704b07?s=96&d=mm&r=g","caption":"Van X Haber"},"description":"Van X Haber Van'\u0131n ilk ve tek yeni nesil Van Haber merkezi. Son Dakika Van Haberleri ve G\u00fcncel Van haber merkezinde s\u0131cak geli\u015fmeleri aktarmaya devam edece\u011fiz.","url":"https:\/\/vanxhaber.com\/index.php\/author\/vangazetesi\/"}]}},"_links":{"self":[{"href":"https:\/\/vanxhaber.com\/index.php\/wp-json\/wp\/v2\/posts\/1869","targetHints":{"allow":["GET"]}}],"collection":[{"href":"https:\/\/vanxhaber.com\/index.php\/wp-json\/wp\/v2\/posts"}],"about":[{"href":"https:\/\/vanxhaber.com\/index.php\/wp-json\/wp\/v2\/types\/post"}],"author":[{"embeddable":true,"href":"https:\/\/vanxhaber.com\/index.php\/wp-json\/wp\/v2\/users\/2"}],"replies":[{"embeddable":true,"href":"https:\/\/vanxhaber.com\/index.php\/wp-json\/wp\/v2\/comments?post=1869"}],"version-history":[{"count":1,"href":"https:\/\/vanxhaber.com\/index.php\/wp-json\/wp\/v2\/posts\/1869\/revisions"}],"predecessor-version":[{"id":1872,"href":"https:\/\/vanxhaber.com\/index.php\/wp-json\/wp\/v2\/posts\/1869\/revisions\/1872"}],"wp:attachment":[{"href":"https:\/\/vanxhaber.com\/index.php\/wp-json\/wp\/v2\/media?parent=1869"}],"wp:term":[{"taxonomy":"category","embeddable":true,"href":"https:\/\/vanxhaber.com\/index.php\/wp-json\/wp\/v2\/categories?post=1869"},{"taxonomy":"post_tag","embeddable":true,"href":"https:\/\/vanxhaber.com\/index.php\/wp-json\/wp\/v2\/tags?post=1869"}],"curies":[{"name":"wp","href":"https:\/\/api.w.org\/{rel}","templated":true}]}}