{"id":1873,"date":"2024-03-05T09:12:03","date_gmt":"2024-03-05T09:12:03","guid":{"rendered":"https:\/\/vanxhaber.com\/?p=1873"},"modified":"2024-03-05T09:12:05","modified_gmt":"2024-03-05T09:12:05","slug":"baskani-ismail-saydan-emeklilere-bayram-ikramiyesi-mujdesi","status":"publish","type":"post","link":"https:\/\/vanxhaber.com\/index.php\/2024\/03\/05\/baskani-ismail-saydan-emeklilere-bayram-ikramiyesi-mujdesi\/","title":{"rendered":"Ba\u015fkan\u0131 \u0130smail Say&#8217;dan Emeklilere Bayram \u0130kramiyesi M\u00fcjdesi"},"content":{"rendered":"\n<p>Van&#8217;\u0131n Edremit Belediye Ba\u015fkan\u0131 \u0130smail Say, il\u00e7ede ikamet eden emeklilere bayramlarda 2000 TL ikramiye verilece\u011fini belirterek, ilk ikramiyelerin Ramazan Bayram\u0131 i\u00e7in hesaplar\u0131na yat\u0131r\u0131laca\u011f\u0131n\u0131 s\u00f6yledi.<\/p>\n\n\n\n<p>Van&#8217;\u0131n Edremit Belediye Ba\u015fkan\u0131 \u0130smail Say, il\u00e7ede ikamet eden emeklilere bayramlarda 2000 TL ikramiye verilece\u011fini belirterek, ilk ikramiyelerin Ramazan Bayram\u0131 i\u00e7in hesaplar\u0131na yat\u0131r\u0131laca\u011f\u0131n\u0131 s\u00f6yledi.Hayata ge\u00e7irdi\u011fi sosyal belediyecilik \u00e7al\u0131\u015fmalar\u0131 ile kamuoyunun takdirini toplayan Edremit Belediye Ba\u015fkan\u0131 \u0130smail Say, ikinci 5 y\u0131l da ise a\u00e7\u0131klad\u0131\u011f\u0131 projelerle kentte yank\u0131 uyand\u0131rd\u0131. Edremitli t\u00fcm emeklileri kapsayacak olan destek ile ilgili a\u00e7\u0131klamalarda bulunan Edremit Belediye Ba\u015fkan\u0131 \u0130smail Say, bir m\u00fcjde de emekliler i\u00e7in verdi. Emeklilere rahat vakit ge\u00e7irebilecekleri lokal yapman\u0131n yan\u0131 s\u0131ra ayn\u0131 zamanda bayramlarda 2000 TL bayram ikramiyesi vereceklerinin m\u00fcjdesini veren Ba\u015fkan Say, hi\u00e7bir ayr\u0131m g\u00f6zetmeksizin t\u00fcm emeklilerin bu destekten faydalanabileceklerini belirtti. Ba\u015fkan Say, &#8220;Emeklilerin ekonomik y\u00fck\u00fcn\u00fc hafifletmek ve maddi anlamda destek sa\u011flamak amac\u0131yla emeklilerimize bu deste\u011fi sunaca\u011f\u0131z. Vatanda\u015f\u0131m\u0131z\u0131n paras\u0131n\u0131 tekrar vatanda\u015f\u0131m\u0131za harcayaca\u011f\u0131z. Biz yapt\u0131\u011f\u0131m\u0131z ve yapaca\u011f\u0131m\u0131z b\u00fct\u00fcn \u00e7al\u0131\u015fmalar\u0131m\u0131z\u0131 vatanda\u015flar\u0131m\u0131z\u0131n ihtiya\u00e7lar\u0131na y\u00f6nelik yap\u0131yoruz. Burada \u00f6nemli olan yap\u0131lan yard\u0131m\u0131n miktar\u0131 de\u011fil, vatanda\u015flar\u0131m\u0131z\u0131n g\u00f6n\u00fcllerine ne kadar dokunabildi\u011fimiz ve onlar\u0131 d\u00fc\u015f\u00fcn\u00fcyor olmam\u0131zd\u0131r. Nasip olursa tekrar g\u00f6reve geldi\u011fimiz takdirde bu ve di\u011fer projelerimiz Allah&#8217;\u0131n izni ile bir bir hayata ge\u00e7ecektir. \u015eimdiden Edremitli emeklilerimize hay\u0131rl\u0131 olsun&#8221; dedi.<\/p>\n\n\n\n<p><\/p>\n","protected":false},"excerpt":{"rendered":"<p>Van&#8217;\u0131n Edremit Belediye Ba\u015fkan\u0131 \u0130smail Say, il\u00e7ede ikamet eden emeklilere bayramlarda 2000 TL ikramiye verilece\u011fini belirterek, ilk ikramiyelerin Ramazan Bayram\u0131 i\u00e7in hesaplar\u0131na yat\u0131r\u0131laca\u011f\u0131n\u0131 s\u00f6yledi. Van&#8217;\u0131n Edremit Belediye Ba\u015fkan\u0131 \u0130smail Say, il\u00e7ede ikamet eden emeklilere bayramlarda 2000 TL ikramiye verilece\u011fini belirterek, ilk ikramiyelerin Ramazan Bayram\u0131 i\u00e7in hesaplar\u0131na yat\u0131r\u0131laca\u011f\u0131n\u0131 s\u00f6yledi.Hayata ge\u00e7irdi\u011fi sosyal belediyecilik \u00e7al\u0131\u015fmalar\u0131 ile kamuoyunun takdirini &hellip;<\/p>\n","protected":false},"author":2,"featured_media":1875,"comment_status":"open","ping_status":"closed","sticky":false,"template":"","format":"standard","meta":{"googlesitekit_rrm_CAowot3VCw:productID":"","footnotes":""},"categories":[24,30],"tags":[],"class_list":["post-1873","post","type-post","status-publish","format-standard","has-post-thumbnail","hentry","category-van-haberleri","category-van-x-haber"],"yoast_head":"<!-- This site is optimized with the Yoast SEO Premium plugin v21.7 (Yoast SEO v26.7) - https:\/\/yoast.com\/wordpress\/plugins\/seo\/ -->\n<title>Ba\u015fkan\u0131 \u0130smail Say&#039;dan Emeklilere Bayram \u0130kramiyesi M\u00fcjdesi - Van Haber | Van X Haber | Van Haberleri<\/title>\n<meta name=\"robots\" content=\"index, follow, max-snippet:-1, max-image-preview:large, max-video-preview:-1\" \/>\n<link rel=\"canonical\" href=\"https:\/\/vanxhaber.com\/index.php\/2024\/03\/05\/baskani-ismail-saydan-emeklilere-bayram-ikramiyesi-mujdesi\/\" \/>\n<meta property=\"og:locale\" content=\"tr_TR\" \/>\n<meta property=\"og:type\" content=\"article\" \/>\n<meta property=\"og:title\" content=\"Ba\u015fkan\u0131 \u0130smail Say&#039;dan Emeklilere Bayram \u0130kramiyesi M\u00fcjdesi\" \/>\n<meta property=\"og:description\" content=\"Van&#8217;\u0131n Edremit Belediye Ba\u015fkan\u0131 \u0130smail Say, il\u00e7ede ikamet eden emeklilere bayramlarda 2000 TL ikramiye verilece\u011fini belirterek, ilk ikramiyelerin Ramazan Bayram\u0131 i\u00e7in hesaplar\u0131na yat\u0131r\u0131laca\u011f\u0131n\u0131 s\u00f6yledi. Van&#8217;\u0131n Edremit Belediye Ba\u015fkan\u0131 \u0130smail Say, il\u00e7ede ikamet eden emeklilere bayramlarda 2000 TL ikramiye verilece\u011fini belirterek, ilk ikramiyelerin Ramazan Bayram\u0131 i\u00e7in hesaplar\u0131na yat\u0131r\u0131laca\u011f\u0131n\u0131 s\u00f6yledi.Hayata ge\u00e7irdi\u011fi sosyal belediyecilik \u00e7al\u0131\u015fmalar\u0131 ile kamuoyunun takdirini &hellip;\" \/>\n<meta property=\"og:url\" content=\"https:\/\/vanxhaber.com\/index.php\/2024\/03\/05\/baskani-ismail-saydan-emeklilere-bayram-ikramiyesi-mujdesi\/\" \/>\n<meta property=\"og:site_name\" content=\"Van Haber | Van X Haber | Van Haberleri\" \/>\n<meta property=\"article:published_time\" content=\"2024-03-05T09:12:03+00:00\" \/>\n<meta property=\"article:modified_time\" content=\"2024-03-05T09:12:05+00:00\" \/>\n<meta property=\"og:image\" content=\"https:\/\/vanxhaber.com\/wp-content\/uploads\/2024\/03\/yaslilara-destek.jpg\" \/>\n\t<meta property=\"og:image:width\" content=\"1110\" \/>\n\t<meta property=\"og:image:height\" content=\"500\" \/>\n\t<meta property=\"og:image:type\" content=\"image\/jpeg\" \/>\n<meta name=\"author\" content=\"Van X Haber\" \/>\n<meta name=\"twitter:card\" content=\"summary_large_image\" \/>\n<meta name=\"twitter:label1\" content=\"Yazan:\" \/>\n\t<meta name=\"twitter:data1\" content=\"Van X Haber\" \/>\n\t<meta name=\"twitter:label2\" content=\"Tahmini okuma s\u00fcresi\" \/>\n\t<meta name=\"twitter:data2\" content=\"2 dakika\" \/>\n<script type=\"application\/ld+json\" class=\"yoast-schema-graph\">{\"@context\":\"https:\/\/schema.org\",\"@graph\":[{\"@type\":\"Article\",\"@id\":\"https:\/\/vanxhaber.com\/index.php\/2024\/03\/05\/baskani-ismail-saydan-emeklilere-bayram-ikramiyesi-mujdesi\/#article\",\"isPartOf\":{\"@id\":\"https:\/\/vanxhaber.com\/index.php\/2024\/03\/05\/baskani-ismail-saydan-emeklilere-bayram-ikramiyesi-mujdesi\/\"},\"author\":{\"name\":\"Van X Haber\",\"@id\":\"https:\/\/vanxhaber.com\/#\/schema\/person\/a5fd8d89510cb5370e62ad176f7978ee\"},\"headline\":\"Ba\u015fkan\u0131 \u0130smail Say&#8217;dan Emeklilere Bayram \u0130kramiyesi M\u00fcjdesi\",\"datePublished\":\"2024-03-05T09:12:03+00:00\",\"dateModified\":\"2024-03-05T09:12:05+00:00\",\"mainEntityOfPage\":{\"@id\":\"https:\/\/vanxhaber.com\/index.php\/2024\/03\/05\/baskani-ismail-saydan-emeklilere-bayram-ikramiyesi-mujdesi\/\"},\"wordCount\":291,\"commentCount\":0,\"image\":{\"@id\":\"https:\/\/vanxhaber.com\/index.php\/2024\/03\/05\/baskani-ismail-saydan-emeklilere-bayram-ikramiyesi-mujdesi\/#primaryimage\"},\"thumbnailUrl\":\"https:\/\/vanxhaber.com\/wp-content\/uploads\/2024\/03\/yaslilara-destek.jpg\",\"articleSection\":[\"Van Haberleri\",\"Van X Haber\"],\"inLanguage\":\"tr\",\"potentialAction\":[{\"@type\":\"CommentAction\",\"name\":\"Comment\",\"target\":[\"https:\/\/vanxhaber.com\/index.php\/2024\/03\/05\/baskani-ismail-saydan-emeklilere-bayram-ikramiyesi-mujdesi\/#respond\"]}],\"copyrightYear\":\"2024\",\"copyrightHolder\":{\"@id\":\"https:\/\/vanxhaber.com\/#organization\"}},{\"@type\":\"WebPage\",\"@id\":\"https:\/\/vanxhaber.com\/index.php\/2024\/03\/05\/baskani-ismail-saydan-emeklilere-bayram-ikramiyesi-mujdesi\/\",\"url\":\"https:\/\/vanxhaber.com\/index.php\/2024\/03\/05\/baskani-ismail-saydan-emeklilere-bayram-ikramiyesi-mujdesi\/\",\"name\":\"Ba\u015fkan\u0131 \u0130smail Say'dan Emeklilere Bayram \u0130kramiyesi M\u00fcjdesi - Van Haber | Van X Haber | Van Haberleri\",\"isPartOf\":{\"@id\":\"https:\/\/vanxhaber.com\/#website\"},\"primaryImageOfPage\":{\"@id\":\"https:\/\/vanxhaber.com\/index.php\/2024\/03\/05\/baskani-ismail-saydan-emeklilere-bayram-ikramiyesi-mujdesi\/#primaryimage\"},\"image\":{\"@id\":\"https:\/\/vanxhaber.com\/index.php\/2024\/03\/05\/baskani-ismail-saydan-emeklilere-bayram-ikramiyesi-mujdesi\/#primaryimage\"},\"thumbnailUrl\":\"https:\/\/vanxhaber.com\/wp-content\/uploads\/2024\/03\/yaslilara-destek.jpg\",\"datePublished\":\"2024-03-05T09:12:03+00:00\",\"dateModified\":\"2024-03-05T09:12:05+00:00\",\"author\":{\"@id\":\"https:\/\/vanxhaber.com\/#\/schema\/person\/a5fd8d89510cb5370e62ad176f7978ee\"},\"breadcrumb\":{\"@id\":\"https:\/\/vanxhaber.com\/index.php\/2024\/03\/05\/baskani-ismail-saydan-emeklilere-bayram-ikramiyesi-mujdesi\/#breadcrumb\"},\"inLanguage\":\"tr\",\"potentialAction\":[{\"@type\":\"ReadAction\",\"target\":[\"https:\/\/vanxhaber.com\/index.php\/2024\/03\/05\/baskani-ismail-saydan-emeklilere-bayram-ikramiyesi-mujdesi\/\"]}]},{\"@type\":\"ImageObject\",\"inLanguage\":\"tr\",\"@id\":\"https:\/\/vanxhaber.com\/index.php\/2024\/03\/05\/baskani-ismail-saydan-emeklilere-bayram-ikramiyesi-mujdesi\/#primaryimage\",\"url\":\"https:\/\/vanxhaber.com\/wp-content\/uploads\/2024\/03\/yaslilara-destek.jpg\",\"contentUrl\":\"https:\/\/vanxhaber.com\/wp-content\/uploads\/2024\/03\/yaslilara-destek.jpg\",\"width\":1110,\"height\":500},{\"@type\":\"BreadcrumbList\",\"@id\":\"https:\/\/vanxhaber.com\/index.php\/2024\/03\/05\/baskani-ismail-saydan-emeklilere-bayram-ikramiyesi-mujdesi\/#breadcrumb\",\"itemListElement\":[{\"@type\":\"ListItem\",\"position\":1,\"name\":\"Anasayfa\",\"item\":\"https:\/\/vanxhaber.com\/\"},{\"@type\":\"ListItem\",\"position\":2,\"name\":\"Ba\u015fkan\u0131 \u0130smail Say&#8217;dan Emeklilere Bayram \u0130kramiyesi M\u00fcjdesi\"}]},{\"@type\":\"WebSite\",\"@id\":\"https:\/\/vanxhaber.com\/#website\",\"url\":\"https:\/\/vanxhaber.com\/\",\"name\":\"Van Haber | Van X Haber | Van Haberleri\",\"description\":\"Van Haber, Van&#039;\u0131n ilk yapay zeka teknolojileri ile yaz\u0131lan Van X Haber ve Van Haberlerini aktif g\u00fcncel sunan tek vanhaber merkezidir.\",\"potentialAction\":[{\"@type\":\"SearchAction\",\"target\":{\"@type\":\"EntryPoint\",\"urlTemplate\":\"https:\/\/vanxhaber.com\/?s={search_term_string}\"},\"query-input\":{\"@type\":\"PropertyValueSpecification\",\"valueRequired\":true,\"valueName\":\"search_term_string\"}}],\"inLanguage\":\"tr\"},{\"@type\":\"Person\",\"@id\":\"https:\/\/vanxhaber.com\/#\/schema\/person\/a5fd8d89510cb5370e62ad176f7978ee\",\"name\":\"Van X Haber\",\"image\":{\"@type\":\"ImageObject\",\"inLanguage\":\"tr\",\"@id\":\"https:\/\/vanxhaber.com\/#\/schema\/person\/image\/\",\"url\":\"https:\/\/secure.gravatar.com\/avatar\/36f2f63826681263103acb5ca1e7bc1a6db11baea9b75dd091d89b74f2704b07?s=96&d=mm&r=g\",\"contentUrl\":\"https:\/\/secure.gravatar.com\/avatar\/36f2f63826681263103acb5ca1e7bc1a6db11baea9b75dd091d89b74f2704b07?s=96&d=mm&r=g\",\"caption\":\"Van X Haber\"},\"description\":\"Van X Haber Van'\u0131n ilk ve tek yeni nesil Van Haber merkezi. Son Dakika Van Haberleri ve G\u00fcncel Van haber merkezinde s\u0131cak geli\u015fmeleri aktarmaya devam edece\u011fiz.\",\"url\":\"https:\/\/vanxhaber.com\/index.php\/author\/vangazetesi\/\"}]}<\/script>\n<!-- \/ Yoast SEO Premium plugin. -->","yoast_head_json":{"title":"Ba\u015fkan\u0131 \u0130smail Say'dan Emeklilere Bayram \u0130kramiyesi M\u00fcjdesi - Van Haber | Van X Haber | Van Haberleri","robots":{"index":"index","follow":"follow","max-snippet":"max-snippet:-1","max-image-preview":"max-image-preview:large","max-video-preview":"max-video-preview:-1"},"canonical":"https:\/\/vanxhaber.com\/index.php\/2024\/03\/05\/baskani-ismail-saydan-emeklilere-bayram-ikramiyesi-mujdesi\/","og_locale":"tr_TR","og_type":"article","og_title":"Ba\u015fkan\u0131 \u0130smail Say'dan Emeklilere Bayram \u0130kramiyesi M\u00fcjdesi","og_description":"Van&#8217;\u0131n Edremit Belediye Ba\u015fkan\u0131 \u0130smail Say, il\u00e7ede ikamet eden emeklilere bayramlarda 2000 TL ikramiye verilece\u011fini belirterek, ilk ikramiyelerin Ramazan Bayram\u0131 i\u00e7in hesaplar\u0131na yat\u0131r\u0131laca\u011f\u0131n\u0131 s\u00f6yledi. Van&#8217;\u0131n Edremit Belediye Ba\u015fkan\u0131 \u0130smail Say, il\u00e7ede ikamet eden emeklilere bayramlarda 2000 TL ikramiye verilece\u011fini belirterek, ilk ikramiyelerin Ramazan Bayram\u0131 i\u00e7in hesaplar\u0131na yat\u0131r\u0131laca\u011f\u0131n\u0131 s\u00f6yledi.Hayata ge\u00e7irdi\u011fi sosyal belediyecilik \u00e7al\u0131\u015fmalar\u0131 ile kamuoyunun takdirini &hellip;","og_url":"https:\/\/vanxhaber.com\/index.php\/2024\/03\/05\/baskani-ismail-saydan-emeklilere-bayram-ikramiyesi-mujdesi\/","og_site_name":"Van Haber | Van X Haber | Van Haberleri","article_published_time":"2024-03-05T09:12:03+00:00","article_modified_time":"2024-03-05T09:12:05+00:00","og_image":[{"width":1110,"height":500,"url":"https:\/\/vanxhaber.com\/wp-content\/uploads\/2024\/03\/yaslilara-destek.jpg","type":"image\/jpeg"}],"author":"Van X Haber","twitter_card":"summary_large_image","twitter_misc":{"Yazan:":"Van X Haber","Tahmini okuma s\u00fcresi":"2 dakika"},"schema":{"@context":"https:\/\/schema.org","@graph":[{"@type":"Article","@id":"https:\/\/vanxhaber.com\/index.php\/2024\/03\/05\/baskani-ismail-saydan-emeklilere-bayram-ikramiyesi-mujdesi\/#article","isPartOf":{"@id":"https:\/\/vanxhaber.com\/index.php\/2024\/03\/05\/baskani-ismail-saydan-emeklilere-bayram-ikramiyesi-mujdesi\/"},"author":{"name":"Van X Haber","@id":"https:\/\/vanxhaber.com\/#\/schema\/person\/a5fd8d89510cb5370e62ad176f7978ee"},"headline":"Ba\u015fkan\u0131 \u0130smail Say&#8217;dan Emeklilere Bayram \u0130kramiyesi M\u00fcjdesi","datePublished":"2024-03-05T09:12:03+00:00","dateModified":"2024-03-05T09:12:05+00:00","mainEntityOfPage":{"@id":"https:\/\/vanxhaber.com\/index.php\/2024\/03\/05\/baskani-ismail-saydan-emeklilere-bayram-ikramiyesi-mujdesi\/"},"wordCount":291,"commentCount":0,"image":{"@id":"https:\/\/vanxhaber.com\/index.php\/2024\/03\/05\/baskani-ismail-saydan-emeklilere-bayram-ikramiyesi-mujdesi\/#primaryimage"},"thumbnailUrl":"https:\/\/vanxhaber.com\/wp-content\/uploads\/2024\/03\/yaslilara-destek.jpg","articleSection":["Van Haberleri","Van X Haber"],"inLanguage":"tr","potentialAction":[{"@type":"CommentAction","name":"Comment","target":["https:\/\/vanxhaber.com\/index.php\/2024\/03\/05\/baskani-ismail-saydan-emeklilere-bayram-ikramiyesi-mujdesi\/#respond"]}],"copyrightYear":"2024","copyrightHolder":{"@id":"https:\/\/vanxhaber.com\/#organization"}},{"@type":"WebPage","@id":"https:\/\/vanxhaber.com\/index.php\/2024\/03\/05\/baskani-ismail-saydan-emeklilere-bayram-ikramiyesi-mujdesi\/","url":"https:\/\/vanxhaber.com\/index.php\/2024\/03\/05\/baskani-ismail-saydan-emeklilere-bayram-ikramiyesi-mujdesi\/","name":"Ba\u015fkan\u0131 \u0130smail Say'dan Emeklilere Bayram \u0130kramiyesi M\u00fcjdesi - Van Haber | Van X Haber | Van Haberleri","isPartOf":{"@id":"https:\/\/vanxhaber.com\/#website"},"primaryImageOfPage":{"@id":"https:\/\/vanxhaber.com\/index.php\/2024\/03\/05\/baskani-ismail-saydan-emeklilere-bayram-ikramiyesi-mujdesi\/#primaryimage"},"image":{"@id":"https:\/\/vanxhaber.com\/index.php\/2024\/03\/05\/baskani-ismail-saydan-emeklilere-bayram-ikramiyesi-mujdesi\/#primaryimage"},"thumbnailUrl":"https:\/\/vanxhaber.com\/wp-content\/uploads\/2024\/03\/yaslilara-destek.jpg","datePublished":"2024-03-05T09:12:03+00:00","dateModified":"2024-03-05T09:12:05+00:00","author":{"@id":"https:\/\/vanxhaber.com\/#\/schema\/person\/a5fd8d89510cb5370e62ad176f7978ee"},"breadcrumb":{"@id":"https:\/\/vanxhaber.com\/index.php\/2024\/03\/05\/baskani-ismail-saydan-emeklilere-bayram-ikramiyesi-mujdesi\/#breadcrumb"},"inLanguage":"tr","potentialAction":[{"@type":"ReadAction","target":["https:\/\/vanxhaber.com\/index.php\/2024\/03\/05\/baskani-ismail-saydan-emeklilere-bayram-ikramiyesi-mujdesi\/"]}]},{"@type":"ImageObject","inLanguage":"tr","@id":"https:\/\/vanxhaber.com\/index.php\/2024\/03\/05\/baskani-ismail-saydan-emeklilere-bayram-ikramiyesi-mujdesi\/#primaryimage","url":"https:\/\/vanxhaber.com\/wp-content\/uploads\/2024\/03\/yaslilara-destek.jpg","contentUrl":"https:\/\/vanxhaber.com\/wp-content\/uploads\/2024\/03\/yaslilara-destek.jpg","width":1110,"height":500},{"@type":"BreadcrumbList","@id":"https:\/\/vanxhaber.com\/index.php\/2024\/03\/05\/baskani-ismail-saydan-emeklilere-bayram-ikramiyesi-mujdesi\/#breadcrumb","itemListElement":[{"@type":"ListItem","position":1,"name":"Anasayfa","item":"https:\/\/vanxhaber.com\/"},{"@type":"ListItem","position":2,"name":"Ba\u015fkan\u0131 \u0130smail Say&#8217;dan Emeklilere Bayram \u0130kramiyesi M\u00fcjdesi"}]},{"@type":"WebSite","@id":"https:\/\/vanxhaber.com\/#website","url":"https:\/\/vanxhaber.com\/","name":"Van Haber | Van X Haber | Van Haberleri","description":"Van Haber, Van&#039;\u0131n ilk yapay zeka teknolojileri ile yaz\u0131lan Van X Haber ve Van Haberlerini aktif g\u00fcncel sunan tek vanhaber merkezidir.","potentialAction":[{"@type":"SearchAction","target":{"@type":"EntryPoint","urlTemplate":"https:\/\/vanxhaber.com\/?s={search_term_string}"},"query-input":{"@type":"PropertyValueSpecification","valueRequired":true,"valueName":"search_term_string"}}],"inLanguage":"tr"},{"@type":"Person","@id":"https:\/\/vanxhaber.com\/#\/schema\/person\/a5fd8d89510cb5370e62ad176f7978ee","name":"Van X Haber","image":{"@type":"ImageObject","inLanguage":"tr","@id":"https:\/\/vanxhaber.com\/#\/schema\/person\/image\/","url":"https:\/\/secure.gravatar.com\/avatar\/36f2f63826681263103acb5ca1e7bc1a6db11baea9b75dd091d89b74f2704b07?s=96&d=mm&r=g","contentUrl":"https:\/\/secure.gravatar.com\/avatar\/36f2f63826681263103acb5ca1e7bc1a6db11baea9b75dd091d89b74f2704b07?s=96&d=mm&r=g","caption":"Van X Haber"},"description":"Van X Haber Van'\u0131n ilk ve tek yeni nesil Van Haber merkezi. Son Dakika Van Haberleri ve G\u00fcncel Van haber merkezinde s\u0131cak geli\u015fmeleri aktarmaya devam edece\u011fiz.","url":"https:\/\/vanxhaber.com\/index.php\/author\/vangazetesi\/"}]}},"_links":{"self":[{"href":"https:\/\/vanxhaber.com\/index.php\/wp-json\/wp\/v2\/posts\/1873","targetHints":{"allow":["GET"]}}],"collection":[{"href":"https:\/\/vanxhaber.com\/index.php\/wp-json\/wp\/v2\/posts"}],"about":[{"href":"https:\/\/vanxhaber.com\/index.php\/wp-json\/wp\/v2\/types\/post"}],"author":[{"embeddable":true,"href":"https:\/\/vanxhaber.com\/index.php\/wp-json\/wp\/v2\/users\/2"}],"replies":[{"embeddable":true,"href":"https:\/\/vanxhaber.com\/index.php\/wp-json\/wp\/v2\/comments?post=1873"}],"version-history":[{"count":1,"href":"https:\/\/vanxhaber.com\/index.php\/wp-json\/wp\/v2\/posts\/1873\/revisions"}],"predecessor-version":[{"id":1876,"href":"https:\/\/vanxhaber.com\/index.php\/wp-json\/wp\/v2\/posts\/1873\/revisions\/1876"}],"wp:featuredmedia":[{"embeddable":true,"href":"https:\/\/vanxhaber.com\/index.php\/wp-json\/wp\/v2\/media\/1875"}],"wp:attachment":[{"href":"https:\/\/vanxhaber.com\/index.php\/wp-json\/wp\/v2\/media?parent=1873"}],"wp:term":[{"taxonomy":"category","embeddable":true,"href":"https:\/\/vanxhaber.com\/index.php\/wp-json\/wp\/v2\/categories?post=1873"},{"taxonomy":"post_tag","embeddable":true,"href":"https:\/\/vanxhaber.com\/index.php\/wp-json\/wp\/v2\/tags?post=1873"}],"curies":[{"name":"wp","href":"https:\/\/api.w.org\/{rel}","templated":true}]}}