{"id":1877,"date":"2024-03-05T09:34:09","date_gmt":"2024-03-05T09:34:09","guid":{"rendered":"https:\/\/vanxhaber.com\/?p=1877"},"modified":"2024-03-05T09:34:12","modified_gmt":"2024-03-05T09:34:12","slug":"vanlilar-dikkat-van-saatlerce-karanliga-gomulecek","status":"publish","type":"post","link":"https:\/\/vanxhaber.com\/index.php\/2024\/03\/05\/vanlilar-dikkat-van-saatlerce-karanliga-gomulecek\/","title":{"rendered":"Vanl\u0131lar dikkat! Van Saatlerce Karanl\u0131\u011fa G\u00f6m\u00fclecek"},"content":{"rendered":"\n<p><strong><br>Van G\u00f6l\u00fc Elektrik Da\u011f\u0131t\u0131m Anonim \u015eirketi (VEDA\u015e) taraf\u0131ndan yap\u0131lan a\u00e7\u0131klamada, 06 Mart \u00c7ar\u015famba g\u00fcn\u00fc (Yar\u0131n) Van, ipekyolu, Tu\u015fba, Edremit, Muradiye il\u00e7elerinde elektrik kesintilerinin ya\u015fanaca\u011f\u0131 duyuruldu.<\/strong><\/p>\n\n\n\n<p>Van G\u00f6l\u00fc Elektrik Da\u011f\u0131t\u0131m Anonim \u015eirketi (VEDA\u015e) taraf\u0131ndan yap\u0131lan a\u00e7\u0131klamada 06 Mart \u00c7ar\u015famba g\u00fcn\u00fc (Yar\u0131n) Van\u2019\u0131n merkez il\u00e7eleri de 4 il\u00e7elerde elektrik kesintilerinin ya\u015fanaca\u011f\u0131 duyuruldu.<br><strong>VAN\u2019DA ELEKTR\u0130K KES\u0130NT\u0130S\u0130N\u0130N YAPILACA\u011eI YER VE SAATLER\u2026<br>\u0130PEKYOLU<\/strong><br>\u0130pekyolun\u2019da 09.00 \u2013 17.00 saatleri aras\u0131nda; Yeni,Bakra\u00e7l\u0131,Kevenli, Kar\u015f\u0131yaka,Bostani\u00e7i Mahallelerinde Planl\u0131 Bak\u0131m Ve Onar\u0131m \u00c7al\u0131\u015fmas\u0131 Nedeni \u0130le Enerji Kesintisi Ya\u015fanmaktad\u0131r.<br>\u0130pekyolun\u2019da 09.00 \u2013 16.00 saatleri aras\u0131nda; Baklatepe,Yukar\u0131g\u00f6lalan,A\u015fa\u011f\u0131g\u00f6lalan,Bostani\u00e7i,Yukar\u0131g\u00fcneyce,Il\u0131kaynak,Er\u00e7ek, Karag\u00fcnd\u00fcz Mahallelerinde Planl\u0131 Bak\u0131m Ve Onar\u0131m \u00c7al\u0131\u015fmas\u0131 Nedeni \u0130le Enerji Kesintisi Ya\u015fanmaktad\u0131r.<br><strong>TU\u015eBA<\/strong><br>Tu\u015fba \u2019da 09.00 \u2013 16.00 saatleri aras\u0131nda; Bey\u00fcz\u00fcm\u00fc,Kelle Mahallelerinde Planl\u0131 Bak\u0131m Ve Onar\u0131m \u00c7al\u0131\u015fmas\u0131 Nedeni \u0130le Enerji Kesintisi Ya\u015fanmaktad\u0131r.<\/p>\n","protected":false},"excerpt":{"rendered":"<p>Van G\u00f6l\u00fc Elektrik Da\u011f\u0131t\u0131m Anonim \u015eirketi (VEDA\u015e) taraf\u0131ndan yap\u0131lan a\u00e7\u0131klamada, 06 Mart \u00c7ar\u015famba g\u00fcn\u00fc (Yar\u0131n) Van, ipekyolu, Tu\u015fba, Edremit, Muradiye il\u00e7elerinde elektrik kesintilerinin ya\u015fanaca\u011f\u0131 duyuruldu. Van G\u00f6l\u00fc Elektrik Da\u011f\u0131t\u0131m Anonim \u015eirketi (VEDA\u015e) taraf\u0131ndan yap\u0131lan a\u00e7\u0131klamada 06 Mart \u00c7ar\u015famba g\u00fcn\u00fc (Yar\u0131n) Van\u2019\u0131n merkez il\u00e7eleri de 4 il\u00e7elerde elektrik kesintilerinin ya\u015fanaca\u011f\u0131 duyuruldu.VAN\u2019DA ELEKTR\u0130K KES\u0130NT\u0130S\u0130N\u0130N YAPILACA\u011eI YER VE &hellip;<\/p>\n","protected":false},"author":2,"featured_media":1879,"comment_status":"open","ping_status":"closed","sticky":false,"template":"","format":"standard","meta":{"googlesitekit_rrm_CAowot3VCw:productID":"","footnotes":""},"categories":[24,26,30,31],"tags":[],"class_list":["post-1877","post","type-post","status-publish","format-standard","has-post-thumbnail","hentry","category-van-haberleri","category-van-siyaset","category-van-x-haber","category-van-yapay-zeka"],"yoast_head":"<!-- This site is optimized with the Yoast SEO Premium plugin v21.7 (Yoast SEO v26.7) - https:\/\/yoast.com\/wordpress\/plugins\/seo\/ -->\n<title>Vanl\u0131lar dikkat! Van Saatlerce Karanl\u0131\u011fa G\u00f6m\u00fclecek - Van Haber | Van X Haber | Van Haberleri<\/title>\n<meta name=\"robots\" content=\"index, follow, max-snippet:-1, max-image-preview:large, max-video-preview:-1\" \/>\n<link rel=\"canonical\" href=\"https:\/\/vanxhaber.com\/index.php\/2024\/03\/05\/vanlilar-dikkat-van-saatlerce-karanliga-gomulecek\/\" \/>\n<meta property=\"og:locale\" content=\"tr_TR\" \/>\n<meta property=\"og:type\" content=\"article\" \/>\n<meta property=\"og:title\" content=\"Vanl\u0131lar dikkat! Van Saatlerce Karanl\u0131\u011fa G\u00f6m\u00fclecek\" \/>\n<meta property=\"og:description\" content=\"Van G\u00f6l\u00fc Elektrik Da\u011f\u0131t\u0131m Anonim \u015eirketi (VEDA\u015e) taraf\u0131ndan yap\u0131lan a\u00e7\u0131klamada, 06 Mart \u00c7ar\u015famba g\u00fcn\u00fc (Yar\u0131n) Van, ipekyolu, Tu\u015fba, Edremit, Muradiye il\u00e7elerinde elektrik kesintilerinin ya\u015fanaca\u011f\u0131 duyuruldu. Van G\u00f6l\u00fc Elektrik Da\u011f\u0131t\u0131m Anonim \u015eirketi (VEDA\u015e) taraf\u0131ndan yap\u0131lan a\u00e7\u0131klamada 06 Mart \u00c7ar\u015famba g\u00fcn\u00fc (Yar\u0131n) Van\u2019\u0131n merkez il\u00e7eleri de 4 il\u00e7elerde elektrik kesintilerinin ya\u015fanaca\u011f\u0131 duyuruldu.VAN\u2019DA ELEKTR\u0130K KES\u0130NT\u0130S\u0130N\u0130N YAPILACA\u011eI YER VE &hellip;\" \/>\n<meta property=\"og:url\" content=\"https:\/\/vanxhaber.com\/index.php\/2024\/03\/05\/vanlilar-dikkat-van-saatlerce-karanliga-gomulecek\/\" \/>\n<meta property=\"og:site_name\" content=\"Van Haber | Van X Haber | Van Haberleri\" \/>\n<meta property=\"article:published_time\" content=\"2024-03-05T09:34:09+00:00\" \/>\n<meta property=\"article:modified_time\" content=\"2024-03-05T09:34:12+00:00\" \/>\n<meta property=\"og:image\" content=\"https:\/\/vanxhaber.com\/wp-content\/uploads\/2024\/03\/van-elektierkk.jpg\" \/>\n\t<meta property=\"og:image:width\" content=\"1110\" \/>\n\t<meta property=\"og:image:height\" content=\"500\" \/>\n\t<meta property=\"og:image:type\" content=\"image\/jpeg\" \/>\n<meta name=\"author\" content=\"Van X Haber\" \/>\n<meta name=\"twitter:card\" content=\"summary_large_image\" \/>\n<meta name=\"twitter:label1\" content=\"Yazan:\" \/>\n\t<meta name=\"twitter:data1\" content=\"Van X Haber\" \/>\n\t<meta name=\"twitter:label2\" content=\"Tahmini okuma s\u00fcresi\" \/>\n\t<meta name=\"twitter:data2\" content=\"1 dakika\" \/>\n<script type=\"application\/ld+json\" class=\"yoast-schema-graph\">{\"@context\":\"https:\/\/schema.org\",\"@graph\":[{\"@type\":\"Article\",\"@id\":\"https:\/\/vanxhaber.com\/index.php\/2024\/03\/05\/vanlilar-dikkat-van-saatlerce-karanliga-gomulecek\/#article\",\"isPartOf\":{\"@id\":\"https:\/\/vanxhaber.com\/index.php\/2024\/03\/05\/vanlilar-dikkat-van-saatlerce-karanliga-gomulecek\/\"},\"author\":{\"name\":\"Van X Haber\",\"@id\":\"https:\/\/vanxhaber.com\/#\/schema\/person\/a5fd8d89510cb5370e62ad176f7978ee\"},\"headline\":\"Vanl\u0131lar dikkat! Van Saatlerce Karanl\u0131\u011fa G\u00f6m\u00fclecek\",\"datePublished\":\"2024-03-05T09:34:09+00:00\",\"dateModified\":\"2024-03-05T09:34:12+00:00\",\"mainEntityOfPage\":{\"@id\":\"https:\/\/vanxhaber.com\/index.php\/2024\/03\/05\/vanlilar-dikkat-van-saatlerce-karanliga-gomulecek\/\"},\"wordCount\":195,\"commentCount\":0,\"image\":{\"@id\":\"https:\/\/vanxhaber.com\/index.php\/2024\/03\/05\/vanlilar-dikkat-van-saatlerce-karanliga-gomulecek\/#primaryimage\"},\"thumbnailUrl\":\"https:\/\/vanxhaber.com\/wp-content\/uploads\/2024\/03\/van-elektierkk.jpg\",\"articleSection\":[\"Van Haberleri\",\"Van Siyaset\",\"Van X Haber\",\"Van Yapay Zeka\"],\"inLanguage\":\"tr\",\"potentialAction\":[{\"@type\":\"CommentAction\",\"name\":\"Comment\",\"target\":[\"https:\/\/vanxhaber.com\/index.php\/2024\/03\/05\/vanlilar-dikkat-van-saatlerce-karanliga-gomulecek\/#respond\"]}],\"copyrightYear\":\"2024\",\"copyrightHolder\":{\"@id\":\"https:\/\/vanxhaber.com\/#organization\"}},{\"@type\":\"WebPage\",\"@id\":\"https:\/\/vanxhaber.com\/index.php\/2024\/03\/05\/vanlilar-dikkat-van-saatlerce-karanliga-gomulecek\/\",\"url\":\"https:\/\/vanxhaber.com\/index.php\/2024\/03\/05\/vanlilar-dikkat-van-saatlerce-karanliga-gomulecek\/\",\"name\":\"Vanl\u0131lar dikkat! Van Saatlerce Karanl\u0131\u011fa G\u00f6m\u00fclecek - Van Haber | Van X Haber | Van Haberleri\",\"isPartOf\":{\"@id\":\"https:\/\/vanxhaber.com\/#website\"},\"primaryImageOfPage\":{\"@id\":\"https:\/\/vanxhaber.com\/index.php\/2024\/03\/05\/vanlilar-dikkat-van-saatlerce-karanliga-gomulecek\/#primaryimage\"},\"image\":{\"@id\":\"https:\/\/vanxhaber.com\/index.php\/2024\/03\/05\/vanlilar-dikkat-van-saatlerce-karanliga-gomulecek\/#primaryimage\"},\"thumbnailUrl\":\"https:\/\/vanxhaber.com\/wp-content\/uploads\/2024\/03\/van-elektierkk.jpg\",\"datePublished\":\"2024-03-05T09:34:09+00:00\",\"dateModified\":\"2024-03-05T09:34:12+00:00\",\"author\":{\"@id\":\"https:\/\/vanxhaber.com\/#\/schema\/person\/a5fd8d89510cb5370e62ad176f7978ee\"},\"breadcrumb\":{\"@id\":\"https:\/\/vanxhaber.com\/index.php\/2024\/03\/05\/vanlilar-dikkat-van-saatlerce-karanliga-gomulecek\/#breadcrumb\"},\"inLanguage\":\"tr\",\"potentialAction\":[{\"@type\":\"ReadAction\",\"target\":[\"https:\/\/vanxhaber.com\/index.php\/2024\/03\/05\/vanlilar-dikkat-van-saatlerce-karanliga-gomulecek\/\"]}]},{\"@type\":\"ImageObject\",\"inLanguage\":\"tr\",\"@id\":\"https:\/\/vanxhaber.com\/index.php\/2024\/03\/05\/vanlilar-dikkat-van-saatlerce-karanliga-gomulecek\/#primaryimage\",\"url\":\"https:\/\/vanxhaber.com\/wp-content\/uploads\/2024\/03\/van-elektierkk.jpg\",\"contentUrl\":\"https:\/\/vanxhaber.com\/wp-content\/uploads\/2024\/03\/van-elektierkk.jpg\",\"width\":1110,\"height\":500},{\"@type\":\"BreadcrumbList\",\"@id\":\"https:\/\/vanxhaber.com\/index.php\/2024\/03\/05\/vanlilar-dikkat-van-saatlerce-karanliga-gomulecek\/#breadcrumb\",\"itemListElement\":[{\"@type\":\"ListItem\",\"position\":1,\"name\":\"Anasayfa\",\"item\":\"https:\/\/vanxhaber.com\/\"},{\"@type\":\"ListItem\",\"position\":2,\"name\":\"Vanl\u0131lar dikkat! Van Saatlerce Karanl\u0131\u011fa G\u00f6m\u00fclecek\"}]},{\"@type\":\"WebSite\",\"@id\":\"https:\/\/vanxhaber.com\/#website\",\"url\":\"https:\/\/vanxhaber.com\/\",\"name\":\"Van Haber | Van X Haber | Van Haberleri\",\"description\":\"Van Haber, Van&#039;\u0131n ilk yapay zeka teknolojileri ile yaz\u0131lan Van X Haber ve Van Haberlerini aktif g\u00fcncel sunan tek vanhaber merkezidir.\",\"potentialAction\":[{\"@type\":\"SearchAction\",\"target\":{\"@type\":\"EntryPoint\",\"urlTemplate\":\"https:\/\/vanxhaber.com\/?s={search_term_string}\"},\"query-input\":{\"@type\":\"PropertyValueSpecification\",\"valueRequired\":true,\"valueName\":\"search_term_string\"}}],\"inLanguage\":\"tr\"},{\"@type\":\"Person\",\"@id\":\"https:\/\/vanxhaber.com\/#\/schema\/person\/a5fd8d89510cb5370e62ad176f7978ee\",\"name\":\"Van X Haber\",\"image\":{\"@type\":\"ImageObject\",\"inLanguage\":\"tr\",\"@id\":\"https:\/\/vanxhaber.com\/#\/schema\/person\/image\/\",\"url\":\"https:\/\/secure.gravatar.com\/avatar\/36f2f63826681263103acb5ca1e7bc1a6db11baea9b75dd091d89b74f2704b07?s=96&d=mm&r=g\",\"contentUrl\":\"https:\/\/secure.gravatar.com\/avatar\/36f2f63826681263103acb5ca1e7bc1a6db11baea9b75dd091d89b74f2704b07?s=96&d=mm&r=g\",\"caption\":\"Van X Haber\"},\"description\":\"Van X Haber Van'\u0131n ilk ve tek yeni nesil Van Haber merkezi. Son Dakika Van Haberleri ve G\u00fcncel Van haber merkezinde s\u0131cak geli\u015fmeleri aktarmaya devam edece\u011fiz.\",\"url\":\"https:\/\/vanxhaber.com\/index.php\/author\/vangazetesi\/\"}]}<\/script>\n<!-- \/ Yoast SEO Premium plugin. -->","yoast_head_json":{"title":"Vanl\u0131lar dikkat! Van Saatlerce Karanl\u0131\u011fa G\u00f6m\u00fclecek - Van Haber | Van X Haber | Van Haberleri","robots":{"index":"index","follow":"follow","max-snippet":"max-snippet:-1","max-image-preview":"max-image-preview:large","max-video-preview":"max-video-preview:-1"},"canonical":"https:\/\/vanxhaber.com\/index.php\/2024\/03\/05\/vanlilar-dikkat-van-saatlerce-karanliga-gomulecek\/","og_locale":"tr_TR","og_type":"article","og_title":"Vanl\u0131lar dikkat! Van Saatlerce Karanl\u0131\u011fa G\u00f6m\u00fclecek","og_description":"Van G\u00f6l\u00fc Elektrik Da\u011f\u0131t\u0131m Anonim \u015eirketi (VEDA\u015e) taraf\u0131ndan yap\u0131lan a\u00e7\u0131klamada, 06 Mart \u00c7ar\u015famba g\u00fcn\u00fc (Yar\u0131n) Van, ipekyolu, Tu\u015fba, Edremit, Muradiye il\u00e7elerinde elektrik kesintilerinin ya\u015fanaca\u011f\u0131 duyuruldu. Van G\u00f6l\u00fc Elektrik Da\u011f\u0131t\u0131m Anonim \u015eirketi (VEDA\u015e) taraf\u0131ndan yap\u0131lan a\u00e7\u0131klamada 06 Mart \u00c7ar\u015famba g\u00fcn\u00fc (Yar\u0131n) Van\u2019\u0131n merkez il\u00e7eleri de 4 il\u00e7elerde elektrik kesintilerinin ya\u015fanaca\u011f\u0131 duyuruldu.VAN\u2019DA ELEKTR\u0130K KES\u0130NT\u0130S\u0130N\u0130N YAPILACA\u011eI YER VE &hellip;","og_url":"https:\/\/vanxhaber.com\/index.php\/2024\/03\/05\/vanlilar-dikkat-van-saatlerce-karanliga-gomulecek\/","og_site_name":"Van Haber | Van X Haber | Van Haberleri","article_published_time":"2024-03-05T09:34:09+00:00","article_modified_time":"2024-03-05T09:34:12+00:00","og_image":[{"width":1110,"height":500,"url":"https:\/\/vanxhaber.com\/wp-content\/uploads\/2024\/03\/van-elektierkk.jpg","type":"image\/jpeg"}],"author":"Van X Haber","twitter_card":"summary_large_image","twitter_misc":{"Yazan:":"Van X Haber","Tahmini okuma s\u00fcresi":"1 dakika"},"schema":{"@context":"https:\/\/schema.org","@graph":[{"@type":"Article","@id":"https:\/\/vanxhaber.com\/index.php\/2024\/03\/05\/vanlilar-dikkat-van-saatlerce-karanliga-gomulecek\/#article","isPartOf":{"@id":"https:\/\/vanxhaber.com\/index.php\/2024\/03\/05\/vanlilar-dikkat-van-saatlerce-karanliga-gomulecek\/"},"author":{"name":"Van X Haber","@id":"https:\/\/vanxhaber.com\/#\/schema\/person\/a5fd8d89510cb5370e62ad176f7978ee"},"headline":"Vanl\u0131lar dikkat! Van Saatlerce Karanl\u0131\u011fa G\u00f6m\u00fclecek","datePublished":"2024-03-05T09:34:09+00:00","dateModified":"2024-03-05T09:34:12+00:00","mainEntityOfPage":{"@id":"https:\/\/vanxhaber.com\/index.php\/2024\/03\/05\/vanlilar-dikkat-van-saatlerce-karanliga-gomulecek\/"},"wordCount":195,"commentCount":0,"image":{"@id":"https:\/\/vanxhaber.com\/index.php\/2024\/03\/05\/vanlilar-dikkat-van-saatlerce-karanliga-gomulecek\/#primaryimage"},"thumbnailUrl":"https:\/\/vanxhaber.com\/wp-content\/uploads\/2024\/03\/van-elektierkk.jpg","articleSection":["Van Haberleri","Van Siyaset","Van X Haber","Van Yapay Zeka"],"inLanguage":"tr","potentialAction":[{"@type":"CommentAction","name":"Comment","target":["https:\/\/vanxhaber.com\/index.php\/2024\/03\/05\/vanlilar-dikkat-van-saatlerce-karanliga-gomulecek\/#respond"]}],"copyrightYear":"2024","copyrightHolder":{"@id":"https:\/\/vanxhaber.com\/#organization"}},{"@type":"WebPage","@id":"https:\/\/vanxhaber.com\/index.php\/2024\/03\/05\/vanlilar-dikkat-van-saatlerce-karanliga-gomulecek\/","url":"https:\/\/vanxhaber.com\/index.php\/2024\/03\/05\/vanlilar-dikkat-van-saatlerce-karanliga-gomulecek\/","name":"Vanl\u0131lar dikkat! Van Saatlerce Karanl\u0131\u011fa G\u00f6m\u00fclecek - Van Haber | Van X Haber | Van Haberleri","isPartOf":{"@id":"https:\/\/vanxhaber.com\/#website"},"primaryImageOfPage":{"@id":"https:\/\/vanxhaber.com\/index.php\/2024\/03\/05\/vanlilar-dikkat-van-saatlerce-karanliga-gomulecek\/#primaryimage"},"image":{"@id":"https:\/\/vanxhaber.com\/index.php\/2024\/03\/05\/vanlilar-dikkat-van-saatlerce-karanliga-gomulecek\/#primaryimage"},"thumbnailUrl":"https:\/\/vanxhaber.com\/wp-content\/uploads\/2024\/03\/van-elektierkk.jpg","datePublished":"2024-03-05T09:34:09+00:00","dateModified":"2024-03-05T09:34:12+00:00","author":{"@id":"https:\/\/vanxhaber.com\/#\/schema\/person\/a5fd8d89510cb5370e62ad176f7978ee"},"breadcrumb":{"@id":"https:\/\/vanxhaber.com\/index.php\/2024\/03\/05\/vanlilar-dikkat-van-saatlerce-karanliga-gomulecek\/#breadcrumb"},"inLanguage":"tr","potentialAction":[{"@type":"ReadAction","target":["https:\/\/vanxhaber.com\/index.php\/2024\/03\/05\/vanlilar-dikkat-van-saatlerce-karanliga-gomulecek\/"]}]},{"@type":"ImageObject","inLanguage":"tr","@id":"https:\/\/vanxhaber.com\/index.php\/2024\/03\/05\/vanlilar-dikkat-van-saatlerce-karanliga-gomulecek\/#primaryimage","url":"https:\/\/vanxhaber.com\/wp-content\/uploads\/2024\/03\/van-elektierkk.jpg","contentUrl":"https:\/\/vanxhaber.com\/wp-content\/uploads\/2024\/03\/van-elektierkk.jpg","width":1110,"height":500},{"@type":"BreadcrumbList","@id":"https:\/\/vanxhaber.com\/index.php\/2024\/03\/05\/vanlilar-dikkat-van-saatlerce-karanliga-gomulecek\/#breadcrumb","itemListElement":[{"@type":"ListItem","position":1,"name":"Anasayfa","item":"https:\/\/vanxhaber.com\/"},{"@type":"ListItem","position":2,"name":"Vanl\u0131lar dikkat! Van Saatlerce Karanl\u0131\u011fa G\u00f6m\u00fclecek"}]},{"@type":"WebSite","@id":"https:\/\/vanxhaber.com\/#website","url":"https:\/\/vanxhaber.com\/","name":"Van Haber | Van X Haber | Van Haberleri","description":"Van Haber, Van&#039;\u0131n ilk yapay zeka teknolojileri ile yaz\u0131lan Van X Haber ve Van Haberlerini aktif g\u00fcncel sunan tek vanhaber merkezidir.","potentialAction":[{"@type":"SearchAction","target":{"@type":"EntryPoint","urlTemplate":"https:\/\/vanxhaber.com\/?s={search_term_string}"},"query-input":{"@type":"PropertyValueSpecification","valueRequired":true,"valueName":"search_term_string"}}],"inLanguage":"tr"},{"@type":"Person","@id":"https:\/\/vanxhaber.com\/#\/schema\/person\/a5fd8d89510cb5370e62ad176f7978ee","name":"Van X Haber","image":{"@type":"ImageObject","inLanguage":"tr","@id":"https:\/\/vanxhaber.com\/#\/schema\/person\/image\/","url":"https:\/\/secure.gravatar.com\/avatar\/36f2f63826681263103acb5ca1e7bc1a6db11baea9b75dd091d89b74f2704b07?s=96&d=mm&r=g","contentUrl":"https:\/\/secure.gravatar.com\/avatar\/36f2f63826681263103acb5ca1e7bc1a6db11baea9b75dd091d89b74f2704b07?s=96&d=mm&r=g","caption":"Van X Haber"},"description":"Van X Haber Van'\u0131n ilk ve tek yeni nesil Van Haber merkezi. Son Dakika Van Haberleri ve G\u00fcncel Van haber merkezinde s\u0131cak geli\u015fmeleri aktarmaya devam edece\u011fiz.","url":"https:\/\/vanxhaber.com\/index.php\/author\/vangazetesi\/"}]}},"_links":{"self":[{"href":"https:\/\/vanxhaber.com\/index.php\/wp-json\/wp\/v2\/posts\/1877","targetHints":{"allow":["GET"]}}],"collection":[{"href":"https:\/\/vanxhaber.com\/index.php\/wp-json\/wp\/v2\/posts"}],"about":[{"href":"https:\/\/vanxhaber.com\/index.php\/wp-json\/wp\/v2\/types\/post"}],"author":[{"embeddable":true,"href":"https:\/\/vanxhaber.com\/index.php\/wp-json\/wp\/v2\/users\/2"}],"replies":[{"embeddable":true,"href":"https:\/\/vanxhaber.com\/index.php\/wp-json\/wp\/v2\/comments?post=1877"}],"version-history":[{"count":1,"href":"https:\/\/vanxhaber.com\/index.php\/wp-json\/wp\/v2\/posts\/1877\/revisions"}],"predecessor-version":[{"id":1880,"href":"https:\/\/vanxhaber.com\/index.php\/wp-json\/wp\/v2\/posts\/1877\/revisions\/1880"}],"wp:featuredmedia":[{"embeddable":true,"href":"https:\/\/vanxhaber.com\/index.php\/wp-json\/wp\/v2\/media\/1879"}],"wp:attachment":[{"href":"https:\/\/vanxhaber.com\/index.php\/wp-json\/wp\/v2\/media?parent=1877"}],"wp:term":[{"taxonomy":"category","embeddable":true,"href":"https:\/\/vanxhaber.com\/index.php\/wp-json\/wp\/v2\/categories?post=1877"},{"taxonomy":"post_tag","embeddable":true,"href":"https:\/\/vanxhaber.com\/index.php\/wp-json\/wp\/v2\/tags?post=1877"}],"curies":[{"name":"wp","href":"https:\/\/api.w.org\/{rel}","templated":true}]}}