{"id":1881,"date":"2024-03-05T09:51:03","date_gmt":"2024-03-05T09:51:03","guid":{"rendered":"https:\/\/vanxhaber.com\/?p=1881"},"modified":"2024-03-05T09:51:05","modified_gmt":"2024-03-05T09:51:05","slug":"mevsim-gecislerine-dikkat","status":"publish","type":"post","link":"https:\/\/vanxhaber.com\/index.php\/2024\/03\/05\/mevsim-gecislerine-dikkat\/","title":{"rendered":"Mevsim Ge\u00e7i\u015flerine Dikkat!"},"content":{"rendered":"\n<p>Mevsimlerin de\u011fi\u015fimiyle birlikte, cilt ve sa\u00e7lar\u0131m\u0131zda da belirgin de\u011fi\u015fiklikler g\u00f6r\u00fclebilir. Uzmanlar, mevsim ge\u00e7i\u015flerinde sa\u00e7 bak\u0131m\u0131na \u00f6zel bir \u00f6nem verilmesi gerekti\u011fini vurguluyor.<\/p>\n\n\n\n<p>K\u0131\u015f\u0131n so\u011fuk havalar\u0131yla birlikte sa\u00e7lar\u0131m\u0131z\u0131n kurumas\u0131 ve cans\u0131zla\u015fmas\u0131 daha s\u0131k g\u00f6r\u00fcl\u00fcrken, ilkbahar ve yaz aylar\u0131nda ise g\u00fcne\u015fin zararl\u0131 etkileriyle kar\u015f\u0131 kar\u015f\u0131ya kalabiliriz. Bu nedenle, her mevsimde sa\u00e7lar\u0131m\u0131z\u0131 korumak ve sa\u011fl\u0131kl\u0131 tutmak i\u00e7in belirli \u00f6nlemler almam\u0131z gerekiyor.<\/p>\n\n\n\n<p>Sa\u00e7 bak\u0131m\u0131nda mevsim ge\u00e7i\u015flerine dikkat etmenin \u00f6nemli noktalar\u0131ndan biri, uygun \u015fampuan ve sa\u00e7 kremi se\u00e7imidir. K\u0131\u015f aylar\u0131nda nemlendirici \u00f6zelliklere sahip \u00fcr\u00fcnler tercih edilirken, yaz aylar\u0131nda ise g\u00fcne\u015f koruyucu i\u00e7eren \u00fcr\u00fcnler kullan\u0131lmas\u0131 \u00f6neriliyor.<\/p>\n\n\n\n<p>Ayr\u0131ca, sa\u00e7lar\u0131n d\u00fczenli olarak kesilmesi ve nemlendirici maskelerin d\u00fczenli olarak uygulanmas\u0131 da sa\u00e7 sa\u011fl\u0131\u011f\u0131 i\u00e7in \u00f6nemli ad\u0131mlard\u0131r. Bununla birlikte, dengeli beslenme ve yeterli su t\u00fcketimi de sa\u00e7lar\u0131n g\u00fc\u00e7lenmesi ve parlakl\u0131\u011f\u0131n\u0131 korumas\u0131 a\u00e7\u0131s\u0131ndan b\u00fcy\u00fck \u00f6nem ta\u015f\u0131r.<\/p>\n\n\n\n<p>Mevsim ge\u00e7i\u015flerinde sa\u00e7 bak\u0131m\u0131na \u00f6zen g\u00f6stererek, sa\u011fl\u0131kl\u0131 ve parlak sa\u00e7lara sahip olmak m\u00fcmk\u00fcn. Uzmanlar, sa\u00e7 bak\u0131m rutinlerimizi mevsimlere uygun olarak d\u00fczenlemenin sa\u00e7 sa\u011fl\u0131\u011f\u0131n\u0131 olumlu y\u00f6nde etkileyece\u011fini belirtiyor.<\/p>\n","protected":false},"excerpt":{"rendered":"<p>Mevsimlerin de\u011fi\u015fimiyle birlikte, cilt ve sa\u00e7lar\u0131m\u0131zda da belirgin de\u011fi\u015fiklikler g\u00f6r\u00fclebilir. Uzmanlar, mevsim ge\u00e7i\u015flerinde sa\u00e7 bak\u0131m\u0131na \u00f6zel bir \u00f6nem verilmesi gerekti\u011fini vurguluyor. K\u0131\u015f\u0131n so\u011fuk havalar\u0131yla birlikte sa\u00e7lar\u0131m\u0131z\u0131n kurumas\u0131 ve cans\u0131zla\u015fmas\u0131 daha s\u0131k g\u00f6r\u00fcl\u00fcrken, ilkbahar ve yaz aylar\u0131nda ise g\u00fcne\u015fin zararl\u0131 etkileriyle kar\u015f\u0131 kar\u015f\u0131ya kalabiliriz. Bu nedenle, her mevsimde sa\u00e7lar\u0131m\u0131z\u0131 korumak ve sa\u011fl\u0131kl\u0131 tutmak i\u00e7in belirli \u00f6nlemler &hellip;<\/p>\n","protected":false},"author":2,"featured_media":1883,"comment_status":"open","ping_status":"closed","sticky":false,"template":"","format":"standard","meta":{"googlesitekit_rrm_CAowot3VCw:productID":"","footnotes":""},"categories":[28,30],"tags":[],"class_list":["post-1881","post","type-post","status-publish","format-standard","has-post-thumbnail","hentry","category-van-egitim","category-van-x-haber"],"yoast_head":"<!-- This site is optimized with the Yoast SEO Premium plugin v21.7 (Yoast SEO v26.7) - https:\/\/yoast.com\/wordpress\/plugins\/seo\/ -->\n<title>Mevsim Ge\u00e7i\u015flerine Dikkat! - Van Haber | Van X Haber | Van Haberleri<\/title>\n<meta name=\"robots\" content=\"index, follow, max-snippet:-1, max-image-preview:large, max-video-preview:-1\" \/>\n<link rel=\"canonical\" href=\"https:\/\/vanxhaber.com\/index.php\/2024\/03\/05\/mevsim-gecislerine-dikkat\/\" \/>\n<meta property=\"og:locale\" content=\"tr_TR\" \/>\n<meta property=\"og:type\" content=\"article\" \/>\n<meta property=\"og:title\" content=\"Mevsim Ge\u00e7i\u015flerine Dikkat!\" \/>\n<meta property=\"og:description\" content=\"Mevsimlerin de\u011fi\u015fimiyle birlikte, cilt ve sa\u00e7lar\u0131m\u0131zda da belirgin de\u011fi\u015fiklikler g\u00f6r\u00fclebilir. Uzmanlar, mevsim ge\u00e7i\u015flerinde sa\u00e7 bak\u0131m\u0131na \u00f6zel bir \u00f6nem verilmesi gerekti\u011fini vurguluyor. K\u0131\u015f\u0131n so\u011fuk havalar\u0131yla birlikte sa\u00e7lar\u0131m\u0131z\u0131n kurumas\u0131 ve cans\u0131zla\u015fmas\u0131 daha s\u0131k g\u00f6r\u00fcl\u00fcrken, ilkbahar ve yaz aylar\u0131nda ise g\u00fcne\u015fin zararl\u0131 etkileriyle kar\u015f\u0131 kar\u015f\u0131ya kalabiliriz. Bu nedenle, her mevsimde sa\u00e7lar\u0131m\u0131z\u0131 korumak ve sa\u011fl\u0131kl\u0131 tutmak i\u00e7in belirli \u00f6nlemler &hellip;\" \/>\n<meta property=\"og:url\" content=\"https:\/\/vanxhaber.com\/index.php\/2024\/03\/05\/mevsim-gecislerine-dikkat\/\" \/>\n<meta property=\"og:site_name\" content=\"Van Haber | Van X Haber | Van Haberleri\" \/>\n<meta property=\"article:published_time\" content=\"2024-03-05T09:51:03+00:00\" \/>\n<meta property=\"article:modified_time\" content=\"2024-03-05T09:51:05+00:00\" \/>\n<meta property=\"og:image\" content=\"https:\/\/vanxhaber.com\/wp-content\/uploads\/2024\/03\/mevsim-gecisleri.jpg\" \/>\n\t<meta property=\"og:image:width\" content=\"1110\" \/>\n\t<meta property=\"og:image:height\" content=\"500\" \/>\n\t<meta property=\"og:image:type\" content=\"image\/jpeg\" \/>\n<meta name=\"author\" content=\"Van X Haber\" \/>\n<meta name=\"twitter:card\" content=\"summary_large_image\" \/>\n<meta name=\"twitter:label1\" content=\"Yazan:\" \/>\n\t<meta name=\"twitter:data1\" content=\"Van X Haber\" \/>\n\t<meta name=\"twitter:label2\" content=\"Tahmini okuma s\u00fcresi\" \/>\n\t<meta name=\"twitter:data2\" content=\"2 dakika\" \/>\n<script type=\"application\/ld+json\" class=\"yoast-schema-graph\">{\"@context\":\"https:\/\/schema.org\",\"@graph\":[{\"@type\":\"Article\",\"@id\":\"https:\/\/vanxhaber.com\/index.php\/2024\/03\/05\/mevsim-gecislerine-dikkat\/#article\",\"isPartOf\":{\"@id\":\"https:\/\/vanxhaber.com\/index.php\/2024\/03\/05\/mevsim-gecislerine-dikkat\/\"},\"author\":{\"name\":\"Van X Haber\",\"@id\":\"https:\/\/vanxhaber.com\/#\/schema\/person\/a5fd8d89510cb5370e62ad176f7978ee\"},\"headline\":\"Mevsim Ge\u00e7i\u015flerine Dikkat!\",\"datePublished\":\"2024-03-05T09:51:03+00:00\",\"dateModified\":\"2024-03-05T09:51:05+00:00\",\"mainEntityOfPage\":{\"@id\":\"https:\/\/vanxhaber.com\/index.php\/2024\/03\/05\/mevsim-gecislerine-dikkat\/\"},\"wordCount\":242,\"commentCount\":0,\"image\":{\"@id\":\"https:\/\/vanxhaber.com\/index.php\/2024\/03\/05\/mevsim-gecislerine-dikkat\/#primaryimage\"},\"thumbnailUrl\":\"https:\/\/vanxhaber.com\/wp-content\/uploads\/2024\/03\/mevsim-gecisleri.jpg\",\"articleSection\":[\"Van E\u011fitim\",\"Van X Haber\"],\"inLanguage\":\"tr\",\"potentialAction\":[{\"@type\":\"CommentAction\",\"name\":\"Comment\",\"target\":[\"https:\/\/vanxhaber.com\/index.php\/2024\/03\/05\/mevsim-gecislerine-dikkat\/#respond\"]}],\"copyrightYear\":\"2024\",\"copyrightHolder\":{\"@id\":\"https:\/\/vanxhaber.com\/#organization\"}},{\"@type\":\"WebPage\",\"@id\":\"https:\/\/vanxhaber.com\/index.php\/2024\/03\/05\/mevsim-gecislerine-dikkat\/\",\"url\":\"https:\/\/vanxhaber.com\/index.php\/2024\/03\/05\/mevsim-gecislerine-dikkat\/\",\"name\":\"Mevsim Ge\u00e7i\u015flerine Dikkat! - Van Haber | Van X Haber | Van Haberleri\",\"isPartOf\":{\"@id\":\"https:\/\/vanxhaber.com\/#website\"},\"primaryImageOfPage\":{\"@id\":\"https:\/\/vanxhaber.com\/index.php\/2024\/03\/05\/mevsim-gecislerine-dikkat\/#primaryimage\"},\"image\":{\"@id\":\"https:\/\/vanxhaber.com\/index.php\/2024\/03\/05\/mevsim-gecislerine-dikkat\/#primaryimage\"},\"thumbnailUrl\":\"https:\/\/vanxhaber.com\/wp-content\/uploads\/2024\/03\/mevsim-gecisleri.jpg\",\"datePublished\":\"2024-03-05T09:51:03+00:00\",\"dateModified\":\"2024-03-05T09:51:05+00:00\",\"author\":{\"@id\":\"https:\/\/vanxhaber.com\/#\/schema\/person\/a5fd8d89510cb5370e62ad176f7978ee\"},\"breadcrumb\":{\"@id\":\"https:\/\/vanxhaber.com\/index.php\/2024\/03\/05\/mevsim-gecislerine-dikkat\/#breadcrumb\"},\"inLanguage\":\"tr\",\"potentialAction\":[{\"@type\":\"ReadAction\",\"target\":[\"https:\/\/vanxhaber.com\/index.php\/2024\/03\/05\/mevsim-gecislerine-dikkat\/\"]}]},{\"@type\":\"ImageObject\",\"inLanguage\":\"tr\",\"@id\":\"https:\/\/vanxhaber.com\/index.php\/2024\/03\/05\/mevsim-gecislerine-dikkat\/#primaryimage\",\"url\":\"https:\/\/vanxhaber.com\/wp-content\/uploads\/2024\/03\/mevsim-gecisleri.jpg\",\"contentUrl\":\"https:\/\/vanxhaber.com\/wp-content\/uploads\/2024\/03\/mevsim-gecisleri.jpg\",\"width\":1110,\"height\":500},{\"@type\":\"BreadcrumbList\",\"@id\":\"https:\/\/vanxhaber.com\/index.php\/2024\/03\/05\/mevsim-gecislerine-dikkat\/#breadcrumb\",\"itemListElement\":[{\"@type\":\"ListItem\",\"position\":1,\"name\":\"Anasayfa\",\"item\":\"https:\/\/vanxhaber.com\/\"},{\"@type\":\"ListItem\",\"position\":2,\"name\":\"Mevsim Ge\u00e7i\u015flerine Dikkat!\"}]},{\"@type\":\"WebSite\",\"@id\":\"https:\/\/vanxhaber.com\/#website\",\"url\":\"https:\/\/vanxhaber.com\/\",\"name\":\"Van Haber | Van X Haber | Van Haberleri\",\"description\":\"Van Haber, Van&#039;\u0131n ilk yapay zeka teknolojileri ile yaz\u0131lan Van X Haber ve Van Haberlerini aktif g\u00fcncel sunan tek vanhaber merkezidir.\",\"potentialAction\":[{\"@type\":\"SearchAction\",\"target\":{\"@type\":\"EntryPoint\",\"urlTemplate\":\"https:\/\/vanxhaber.com\/?s={search_term_string}\"},\"query-input\":{\"@type\":\"PropertyValueSpecification\",\"valueRequired\":true,\"valueName\":\"search_term_string\"}}],\"inLanguage\":\"tr\"},{\"@type\":\"Person\",\"@id\":\"https:\/\/vanxhaber.com\/#\/schema\/person\/a5fd8d89510cb5370e62ad176f7978ee\",\"name\":\"Van X Haber\",\"image\":{\"@type\":\"ImageObject\",\"inLanguage\":\"tr\",\"@id\":\"https:\/\/vanxhaber.com\/#\/schema\/person\/image\/\",\"url\":\"https:\/\/secure.gravatar.com\/avatar\/36f2f63826681263103acb5ca1e7bc1a6db11baea9b75dd091d89b74f2704b07?s=96&d=mm&r=g\",\"contentUrl\":\"https:\/\/secure.gravatar.com\/avatar\/36f2f63826681263103acb5ca1e7bc1a6db11baea9b75dd091d89b74f2704b07?s=96&d=mm&r=g\",\"caption\":\"Van X Haber\"},\"description\":\"Van X Haber Van'\u0131n ilk ve tek yeni nesil Van Haber merkezi. Son Dakika Van Haberleri ve G\u00fcncel Van haber merkezinde s\u0131cak geli\u015fmeleri aktarmaya devam edece\u011fiz.\",\"url\":\"https:\/\/vanxhaber.com\/index.php\/author\/vangazetesi\/\"}]}<\/script>\n<!-- \/ Yoast SEO Premium plugin. -->","yoast_head_json":{"title":"Mevsim Ge\u00e7i\u015flerine Dikkat! - Van Haber | Van X Haber | Van Haberleri","robots":{"index":"index","follow":"follow","max-snippet":"max-snippet:-1","max-image-preview":"max-image-preview:large","max-video-preview":"max-video-preview:-1"},"canonical":"https:\/\/vanxhaber.com\/index.php\/2024\/03\/05\/mevsim-gecislerine-dikkat\/","og_locale":"tr_TR","og_type":"article","og_title":"Mevsim Ge\u00e7i\u015flerine Dikkat!","og_description":"Mevsimlerin de\u011fi\u015fimiyle birlikte, cilt ve sa\u00e7lar\u0131m\u0131zda da belirgin de\u011fi\u015fiklikler g\u00f6r\u00fclebilir. Uzmanlar, mevsim ge\u00e7i\u015flerinde sa\u00e7 bak\u0131m\u0131na \u00f6zel bir \u00f6nem verilmesi gerekti\u011fini vurguluyor. K\u0131\u015f\u0131n so\u011fuk havalar\u0131yla birlikte sa\u00e7lar\u0131m\u0131z\u0131n kurumas\u0131 ve cans\u0131zla\u015fmas\u0131 daha s\u0131k g\u00f6r\u00fcl\u00fcrken, ilkbahar ve yaz aylar\u0131nda ise g\u00fcne\u015fin zararl\u0131 etkileriyle kar\u015f\u0131 kar\u015f\u0131ya kalabiliriz. Bu nedenle, her mevsimde sa\u00e7lar\u0131m\u0131z\u0131 korumak ve sa\u011fl\u0131kl\u0131 tutmak i\u00e7in belirli \u00f6nlemler &hellip;","og_url":"https:\/\/vanxhaber.com\/index.php\/2024\/03\/05\/mevsim-gecislerine-dikkat\/","og_site_name":"Van Haber | Van X Haber | Van Haberleri","article_published_time":"2024-03-05T09:51:03+00:00","article_modified_time":"2024-03-05T09:51:05+00:00","og_image":[{"width":1110,"height":500,"url":"https:\/\/vanxhaber.com\/wp-content\/uploads\/2024\/03\/mevsim-gecisleri.jpg","type":"image\/jpeg"}],"author":"Van X Haber","twitter_card":"summary_large_image","twitter_misc":{"Yazan:":"Van X Haber","Tahmini okuma s\u00fcresi":"2 dakika"},"schema":{"@context":"https:\/\/schema.org","@graph":[{"@type":"Article","@id":"https:\/\/vanxhaber.com\/index.php\/2024\/03\/05\/mevsim-gecislerine-dikkat\/#article","isPartOf":{"@id":"https:\/\/vanxhaber.com\/index.php\/2024\/03\/05\/mevsim-gecislerine-dikkat\/"},"author":{"name":"Van X Haber","@id":"https:\/\/vanxhaber.com\/#\/schema\/person\/a5fd8d89510cb5370e62ad176f7978ee"},"headline":"Mevsim Ge\u00e7i\u015flerine Dikkat!","datePublished":"2024-03-05T09:51:03+00:00","dateModified":"2024-03-05T09:51:05+00:00","mainEntityOfPage":{"@id":"https:\/\/vanxhaber.com\/index.php\/2024\/03\/05\/mevsim-gecislerine-dikkat\/"},"wordCount":242,"commentCount":0,"image":{"@id":"https:\/\/vanxhaber.com\/index.php\/2024\/03\/05\/mevsim-gecislerine-dikkat\/#primaryimage"},"thumbnailUrl":"https:\/\/vanxhaber.com\/wp-content\/uploads\/2024\/03\/mevsim-gecisleri.jpg","articleSection":["Van E\u011fitim","Van X Haber"],"inLanguage":"tr","potentialAction":[{"@type":"CommentAction","name":"Comment","target":["https:\/\/vanxhaber.com\/index.php\/2024\/03\/05\/mevsim-gecislerine-dikkat\/#respond"]}],"copyrightYear":"2024","copyrightHolder":{"@id":"https:\/\/vanxhaber.com\/#organization"}},{"@type":"WebPage","@id":"https:\/\/vanxhaber.com\/index.php\/2024\/03\/05\/mevsim-gecislerine-dikkat\/","url":"https:\/\/vanxhaber.com\/index.php\/2024\/03\/05\/mevsim-gecislerine-dikkat\/","name":"Mevsim Ge\u00e7i\u015flerine Dikkat! - Van Haber | Van X Haber | Van Haberleri","isPartOf":{"@id":"https:\/\/vanxhaber.com\/#website"},"primaryImageOfPage":{"@id":"https:\/\/vanxhaber.com\/index.php\/2024\/03\/05\/mevsim-gecislerine-dikkat\/#primaryimage"},"image":{"@id":"https:\/\/vanxhaber.com\/index.php\/2024\/03\/05\/mevsim-gecislerine-dikkat\/#primaryimage"},"thumbnailUrl":"https:\/\/vanxhaber.com\/wp-content\/uploads\/2024\/03\/mevsim-gecisleri.jpg","datePublished":"2024-03-05T09:51:03+00:00","dateModified":"2024-03-05T09:51:05+00:00","author":{"@id":"https:\/\/vanxhaber.com\/#\/schema\/person\/a5fd8d89510cb5370e62ad176f7978ee"},"breadcrumb":{"@id":"https:\/\/vanxhaber.com\/index.php\/2024\/03\/05\/mevsim-gecislerine-dikkat\/#breadcrumb"},"inLanguage":"tr","potentialAction":[{"@type":"ReadAction","target":["https:\/\/vanxhaber.com\/index.php\/2024\/03\/05\/mevsim-gecislerine-dikkat\/"]}]},{"@type":"ImageObject","inLanguage":"tr","@id":"https:\/\/vanxhaber.com\/index.php\/2024\/03\/05\/mevsim-gecislerine-dikkat\/#primaryimage","url":"https:\/\/vanxhaber.com\/wp-content\/uploads\/2024\/03\/mevsim-gecisleri.jpg","contentUrl":"https:\/\/vanxhaber.com\/wp-content\/uploads\/2024\/03\/mevsim-gecisleri.jpg","width":1110,"height":500},{"@type":"BreadcrumbList","@id":"https:\/\/vanxhaber.com\/index.php\/2024\/03\/05\/mevsim-gecislerine-dikkat\/#breadcrumb","itemListElement":[{"@type":"ListItem","position":1,"name":"Anasayfa","item":"https:\/\/vanxhaber.com\/"},{"@type":"ListItem","position":2,"name":"Mevsim Ge\u00e7i\u015flerine Dikkat!"}]},{"@type":"WebSite","@id":"https:\/\/vanxhaber.com\/#website","url":"https:\/\/vanxhaber.com\/","name":"Van Haber | Van X Haber | Van Haberleri","description":"Van Haber, Van&#039;\u0131n ilk yapay zeka teknolojileri ile yaz\u0131lan Van X Haber ve Van Haberlerini aktif g\u00fcncel sunan tek vanhaber merkezidir.","potentialAction":[{"@type":"SearchAction","target":{"@type":"EntryPoint","urlTemplate":"https:\/\/vanxhaber.com\/?s={search_term_string}"},"query-input":{"@type":"PropertyValueSpecification","valueRequired":true,"valueName":"search_term_string"}}],"inLanguage":"tr"},{"@type":"Person","@id":"https:\/\/vanxhaber.com\/#\/schema\/person\/a5fd8d89510cb5370e62ad176f7978ee","name":"Van X Haber","image":{"@type":"ImageObject","inLanguage":"tr","@id":"https:\/\/vanxhaber.com\/#\/schema\/person\/image\/","url":"https:\/\/secure.gravatar.com\/avatar\/36f2f63826681263103acb5ca1e7bc1a6db11baea9b75dd091d89b74f2704b07?s=96&d=mm&r=g","contentUrl":"https:\/\/secure.gravatar.com\/avatar\/36f2f63826681263103acb5ca1e7bc1a6db11baea9b75dd091d89b74f2704b07?s=96&d=mm&r=g","caption":"Van X Haber"},"description":"Van X Haber Van'\u0131n ilk ve tek yeni nesil Van Haber merkezi. Son Dakika Van Haberleri ve G\u00fcncel Van haber merkezinde s\u0131cak geli\u015fmeleri aktarmaya devam edece\u011fiz.","url":"https:\/\/vanxhaber.com\/index.php\/author\/vangazetesi\/"}]}},"_links":{"self":[{"href":"https:\/\/vanxhaber.com\/index.php\/wp-json\/wp\/v2\/posts\/1881","targetHints":{"allow":["GET"]}}],"collection":[{"href":"https:\/\/vanxhaber.com\/index.php\/wp-json\/wp\/v2\/posts"}],"about":[{"href":"https:\/\/vanxhaber.com\/index.php\/wp-json\/wp\/v2\/types\/post"}],"author":[{"embeddable":true,"href":"https:\/\/vanxhaber.com\/index.php\/wp-json\/wp\/v2\/users\/2"}],"replies":[{"embeddable":true,"href":"https:\/\/vanxhaber.com\/index.php\/wp-json\/wp\/v2\/comments?post=1881"}],"version-history":[{"count":1,"href":"https:\/\/vanxhaber.com\/index.php\/wp-json\/wp\/v2\/posts\/1881\/revisions"}],"predecessor-version":[{"id":1884,"href":"https:\/\/vanxhaber.com\/index.php\/wp-json\/wp\/v2\/posts\/1881\/revisions\/1884"}],"wp:featuredmedia":[{"embeddable":true,"href":"https:\/\/vanxhaber.com\/index.php\/wp-json\/wp\/v2\/media\/1883"}],"wp:attachment":[{"href":"https:\/\/vanxhaber.com\/index.php\/wp-json\/wp\/v2\/media?parent=1881"}],"wp:term":[{"taxonomy":"category","embeddable":true,"href":"https:\/\/vanxhaber.com\/index.php\/wp-json\/wp\/v2\/categories?post=1881"},{"taxonomy":"post_tag","embeddable":true,"href":"https:\/\/vanxhaber.com\/index.php\/wp-json\/wp\/v2\/tags?post=1881"}],"curies":[{"name":"wp","href":"https:\/\/api.w.org\/{rel}","templated":true}]}}