{"id":1885,"date":"2024-03-08T09:55:33","date_gmt":"2024-03-08T09:55:33","guid":{"rendered":"https:\/\/vanxhaber.com\/?p=1885"},"modified":"2024-03-08T09:55:35","modified_gmt":"2024-03-08T09:55:35","slug":"ipekyolunun-kiz-basketbol-takimlarindan-buyuk-basari","status":"publish","type":"post","link":"https:\/\/vanxhaber.com\/index.php\/2024\/03\/08\/ipekyolunun-kiz-basketbol-takimlarindan-buyuk-basari\/","title":{"rendered":"\u0130pekyolu\u2019nun k\u0131z basketbol tak\u0131mlar\u0131ndan b\u00fcy\u00fck ba\u015far\u0131"},"content":{"rendered":"\n<p><strong>Van\u2019\u0131n \u0130pekyolu Belediyesinin k\u0131z basketbol tak\u0131mlar\u0131, T\u00fcrkiye Basketbol Federasyonunun d\u00fczenledi\u011fi U14, U16 ve U18 kategorilerinde nama\u011flup olarak b\u00f6lge \u015fampiyonu oldu.<\/strong><\/p>\n\n\n\n<p>\u0130pekyolu Belediyesi Gen\u00e7lik ve Spor Kul\u00fcb\u00fc U14 K\u0131z Basketbol Tak\u0131m\u0131, 11-15 Mart 2024 tarihleri aras\u0131nda Mersin\u2019de d\u00fczenlenecek T\u00fcrkiye yar\u0131 finallerine \u0130pekyolu\u2019nun ad\u0131n\u0131 ta\u015f\u0131d\u0131. U16 K\u0131z Basketbol Tak\u0131m\u0131 ise 25 &#8211; 29 Mart 2024 tarihlerinde Konya\u2019da d\u00fczenlenecek yar\u0131 final ma\u00e7lar\u0131nda, U18 K\u0131z Basketbol Tak\u0131m\u0131 da 15 &#8211; 19 Nisan 2024\u2019de Sakarya\u2019da d\u00fczenlenecek T\u00fcrkiye yar\u0131 final ma\u00e7lar\u0131nda Van ilini temsil etmeye hak kazand\u0131. \u0130pekyolu Belediyesi Gen\u00e7lik ve Spor M\u00fcd\u00fcr\u00fc Sava\u015f \u00c7i\u00e7ekay; \u201cBu ba\u015far\u0131 hepimizin. Eme\u011fi ge\u00e7en antren\u00f6r ve k\u0131zlar\u0131m\u0131z\u0131 tebrik ederim. T\u00fcrkiye yar\u0131 final turnuvas\u0131nda yap\u0131lacak ma\u00e7larda ilimizi temsil edecek k\u0131zlar\u0131m\u0131zla T\u00fcrkiye finallerini hedefliyoruz. T\u00fcm ba\u015far\u0131lar k\u0131zlar\u0131m\u0131zla olsun&#8221; ifadelerini kulland\u0131.<\/p>\n","protected":false},"excerpt":{"rendered":"<p>Van\u2019\u0131n \u0130pekyolu Belediyesinin k\u0131z basketbol tak\u0131mlar\u0131, T\u00fcrkiye Basketbol Federasyonunun d\u00fczenledi\u011fi U14, U16 ve U18 kategorilerinde nama\u011flup olarak b\u00f6lge \u015fampiyonu oldu. \u0130pekyolu Belediyesi Gen\u00e7lik ve Spor Kul\u00fcb\u00fc U14 K\u0131z Basketbol Tak\u0131m\u0131, 11-15 Mart 2024 tarihleri aras\u0131nda Mersin\u2019de d\u00fczenlenecek T\u00fcrkiye yar\u0131 finallerine \u0130pekyolu\u2019nun ad\u0131n\u0131 ta\u015f\u0131d\u0131. U16 K\u0131z Basketbol Tak\u0131m\u0131 ise 25 &#8211; 29 Mart 2024 tarihlerinde Konya\u2019da &hellip;<\/p>\n","protected":false},"author":2,"featured_media":1887,"comment_status":"open","ping_status":"closed","sticky":false,"template":"","format":"standard","meta":{"googlesitekit_rrm_CAowot3VCw:productID":"","footnotes":""},"categories":[1,24],"tags":[],"class_list":["post-1885","post","type-post","status-publish","format-standard","has-post-thumbnail","hentry","category-van-haber","category-van-haberleri"],"yoast_head":"<!-- This site is optimized with the Yoast SEO Premium plugin v21.7 (Yoast SEO v26.7) - https:\/\/yoast.com\/wordpress\/plugins\/seo\/ -->\n<title>\u0130pekyolu\u2019nun k\u0131z basketbol tak\u0131mlar\u0131ndan b\u00fcy\u00fck ba\u015far\u0131 - Van Haber | Van X Haber | Van Haberleri<\/title>\n<meta name=\"robots\" content=\"index, follow, max-snippet:-1, max-image-preview:large, max-video-preview:-1\" \/>\n<link rel=\"canonical\" href=\"https:\/\/vanxhaber.com\/index.php\/2024\/03\/08\/ipekyolunun-kiz-basketbol-takimlarindan-buyuk-basari\/\" \/>\n<meta property=\"og:locale\" content=\"tr_TR\" \/>\n<meta property=\"og:type\" content=\"article\" \/>\n<meta property=\"og:title\" content=\"\u0130pekyolu\u2019nun k\u0131z basketbol tak\u0131mlar\u0131ndan b\u00fcy\u00fck ba\u015far\u0131\" \/>\n<meta property=\"og:description\" content=\"Van\u2019\u0131n \u0130pekyolu Belediyesinin k\u0131z basketbol tak\u0131mlar\u0131, T\u00fcrkiye Basketbol Federasyonunun d\u00fczenledi\u011fi U14, U16 ve U18 kategorilerinde nama\u011flup olarak b\u00f6lge \u015fampiyonu oldu. \u0130pekyolu Belediyesi Gen\u00e7lik ve Spor Kul\u00fcb\u00fc U14 K\u0131z Basketbol Tak\u0131m\u0131, 11-15 Mart 2024 tarihleri aras\u0131nda Mersin\u2019de d\u00fczenlenecek T\u00fcrkiye yar\u0131 finallerine \u0130pekyolu\u2019nun ad\u0131n\u0131 ta\u015f\u0131d\u0131. U16 K\u0131z Basketbol Tak\u0131m\u0131 ise 25 &#8211; 29 Mart 2024 tarihlerinde Konya\u2019da &hellip;\" \/>\n<meta property=\"og:url\" content=\"https:\/\/vanxhaber.com\/index.php\/2024\/03\/08\/ipekyolunun-kiz-basketbol-takimlarindan-buyuk-basari\/\" \/>\n<meta property=\"og:site_name\" content=\"Van Haber | Van X Haber | Van Haberleri\" \/>\n<meta property=\"article:published_time\" content=\"2024-03-08T09:55:33+00:00\" \/>\n<meta property=\"article:modified_time\" content=\"2024-03-08T09:55:35+00:00\" \/>\n<meta property=\"og:image\" content=\"https:\/\/vanxhaber.com\/wp-content\/uploads\/2024\/03\/sampiyon-kizlar.jpg\" \/>\n\t<meta property=\"og:image:width\" content=\"1110\" \/>\n\t<meta property=\"og:image:height\" content=\"500\" \/>\n\t<meta property=\"og:image:type\" content=\"image\/jpeg\" \/>\n<meta name=\"author\" content=\"Van X Haber\" \/>\n<meta name=\"twitter:card\" content=\"summary_large_image\" \/>\n<meta name=\"twitter:label1\" content=\"Yazan:\" \/>\n\t<meta name=\"twitter:data1\" content=\"Van X Haber\" \/>\n\t<meta name=\"twitter:label2\" content=\"Tahmini okuma s\u00fcresi\" \/>\n\t<meta name=\"twitter:data2\" content=\"1 dakika\" \/>\n<script type=\"application\/ld+json\" class=\"yoast-schema-graph\">{\"@context\":\"https:\/\/schema.org\",\"@graph\":[{\"@type\":\"Article\",\"@id\":\"https:\/\/vanxhaber.com\/index.php\/2024\/03\/08\/ipekyolunun-kiz-basketbol-takimlarindan-buyuk-basari\/#article\",\"isPartOf\":{\"@id\":\"https:\/\/vanxhaber.com\/index.php\/2024\/03\/08\/ipekyolunun-kiz-basketbol-takimlarindan-buyuk-basari\/\"},\"author\":{\"name\":\"Van X Haber\",\"@id\":\"https:\/\/vanxhaber.com\/#\/schema\/person\/a5fd8d89510cb5370e62ad176f7978ee\"},\"headline\":\"\u0130pekyolu\u2019nun k\u0131z basketbol tak\u0131mlar\u0131ndan b\u00fcy\u00fck ba\u015far\u0131\",\"datePublished\":\"2024-03-08T09:55:33+00:00\",\"dateModified\":\"2024-03-08T09:55:35+00:00\",\"mainEntityOfPage\":{\"@id\":\"https:\/\/vanxhaber.com\/index.php\/2024\/03\/08\/ipekyolunun-kiz-basketbol-takimlarindan-buyuk-basari\/\"},\"wordCount\":182,\"commentCount\":0,\"image\":{\"@id\":\"https:\/\/vanxhaber.com\/index.php\/2024\/03\/08\/ipekyolunun-kiz-basketbol-takimlarindan-buyuk-basari\/#primaryimage\"},\"thumbnailUrl\":\"https:\/\/vanxhaber.com\/wp-content\/uploads\/2024\/03\/sampiyon-kizlar.jpg\",\"articleSection\":[\"Van Haber\",\"Van Haberleri\"],\"inLanguage\":\"tr\",\"potentialAction\":[{\"@type\":\"CommentAction\",\"name\":\"Comment\",\"target\":[\"https:\/\/vanxhaber.com\/index.php\/2024\/03\/08\/ipekyolunun-kiz-basketbol-takimlarindan-buyuk-basari\/#respond\"]}],\"copyrightYear\":\"2024\",\"copyrightHolder\":{\"@id\":\"https:\/\/vanxhaber.com\/#organization\"}},{\"@type\":\"WebPage\",\"@id\":\"https:\/\/vanxhaber.com\/index.php\/2024\/03\/08\/ipekyolunun-kiz-basketbol-takimlarindan-buyuk-basari\/\",\"url\":\"https:\/\/vanxhaber.com\/index.php\/2024\/03\/08\/ipekyolunun-kiz-basketbol-takimlarindan-buyuk-basari\/\",\"name\":\"\u0130pekyolu\u2019nun k\u0131z basketbol tak\u0131mlar\u0131ndan b\u00fcy\u00fck ba\u015far\u0131 - Van Haber | Van X Haber | Van Haberleri\",\"isPartOf\":{\"@id\":\"https:\/\/vanxhaber.com\/#website\"},\"primaryImageOfPage\":{\"@id\":\"https:\/\/vanxhaber.com\/index.php\/2024\/03\/08\/ipekyolunun-kiz-basketbol-takimlarindan-buyuk-basari\/#primaryimage\"},\"image\":{\"@id\":\"https:\/\/vanxhaber.com\/index.php\/2024\/03\/08\/ipekyolunun-kiz-basketbol-takimlarindan-buyuk-basari\/#primaryimage\"},\"thumbnailUrl\":\"https:\/\/vanxhaber.com\/wp-content\/uploads\/2024\/03\/sampiyon-kizlar.jpg\",\"datePublished\":\"2024-03-08T09:55:33+00:00\",\"dateModified\":\"2024-03-08T09:55:35+00:00\",\"author\":{\"@id\":\"https:\/\/vanxhaber.com\/#\/schema\/person\/a5fd8d89510cb5370e62ad176f7978ee\"},\"breadcrumb\":{\"@id\":\"https:\/\/vanxhaber.com\/index.php\/2024\/03\/08\/ipekyolunun-kiz-basketbol-takimlarindan-buyuk-basari\/#breadcrumb\"},\"inLanguage\":\"tr\",\"potentialAction\":[{\"@type\":\"ReadAction\",\"target\":[\"https:\/\/vanxhaber.com\/index.php\/2024\/03\/08\/ipekyolunun-kiz-basketbol-takimlarindan-buyuk-basari\/\"]}]},{\"@type\":\"ImageObject\",\"inLanguage\":\"tr\",\"@id\":\"https:\/\/vanxhaber.com\/index.php\/2024\/03\/08\/ipekyolunun-kiz-basketbol-takimlarindan-buyuk-basari\/#primaryimage\",\"url\":\"https:\/\/vanxhaber.com\/wp-content\/uploads\/2024\/03\/sampiyon-kizlar.jpg\",\"contentUrl\":\"https:\/\/vanxhaber.com\/wp-content\/uploads\/2024\/03\/sampiyon-kizlar.jpg\",\"width\":1110,\"height\":500},{\"@type\":\"BreadcrumbList\",\"@id\":\"https:\/\/vanxhaber.com\/index.php\/2024\/03\/08\/ipekyolunun-kiz-basketbol-takimlarindan-buyuk-basari\/#breadcrumb\",\"itemListElement\":[{\"@type\":\"ListItem\",\"position\":1,\"name\":\"Anasayfa\",\"item\":\"https:\/\/vanxhaber.com\/\"},{\"@type\":\"ListItem\",\"position\":2,\"name\":\"\u0130pekyolu\u2019nun k\u0131z basketbol tak\u0131mlar\u0131ndan b\u00fcy\u00fck ba\u015far\u0131\"}]},{\"@type\":\"WebSite\",\"@id\":\"https:\/\/vanxhaber.com\/#website\",\"url\":\"https:\/\/vanxhaber.com\/\",\"name\":\"Van Haber | Van X Haber | Van Haberleri\",\"description\":\"Van Haber, Van&#039;\u0131n ilk yapay zeka teknolojileri ile yaz\u0131lan Van X Haber ve Van Haberlerini aktif g\u00fcncel sunan tek vanhaber merkezidir.\",\"potentialAction\":[{\"@type\":\"SearchAction\",\"target\":{\"@type\":\"EntryPoint\",\"urlTemplate\":\"https:\/\/vanxhaber.com\/?s={search_term_string}\"},\"query-input\":{\"@type\":\"PropertyValueSpecification\",\"valueRequired\":true,\"valueName\":\"search_term_string\"}}],\"inLanguage\":\"tr\"},{\"@type\":\"Person\",\"@id\":\"https:\/\/vanxhaber.com\/#\/schema\/person\/a5fd8d89510cb5370e62ad176f7978ee\",\"name\":\"Van X Haber\",\"image\":{\"@type\":\"ImageObject\",\"inLanguage\":\"tr\",\"@id\":\"https:\/\/vanxhaber.com\/#\/schema\/person\/image\/\",\"url\":\"https:\/\/secure.gravatar.com\/avatar\/36f2f63826681263103acb5ca1e7bc1a6db11baea9b75dd091d89b74f2704b07?s=96&d=mm&r=g\",\"contentUrl\":\"https:\/\/secure.gravatar.com\/avatar\/36f2f63826681263103acb5ca1e7bc1a6db11baea9b75dd091d89b74f2704b07?s=96&d=mm&r=g\",\"caption\":\"Van X Haber\"},\"description\":\"Van X Haber Van'\u0131n ilk ve tek yeni nesil Van Haber merkezi. Son Dakika Van Haberleri ve G\u00fcncel Van haber merkezinde s\u0131cak geli\u015fmeleri aktarmaya devam edece\u011fiz.\",\"url\":\"https:\/\/vanxhaber.com\/index.php\/author\/vangazetesi\/\"}]}<\/script>\n<!-- \/ Yoast SEO Premium plugin. -->","yoast_head_json":{"title":"\u0130pekyolu\u2019nun k\u0131z basketbol tak\u0131mlar\u0131ndan b\u00fcy\u00fck ba\u015far\u0131 - Van Haber | Van X Haber | Van Haberleri","robots":{"index":"index","follow":"follow","max-snippet":"max-snippet:-1","max-image-preview":"max-image-preview:large","max-video-preview":"max-video-preview:-1"},"canonical":"https:\/\/vanxhaber.com\/index.php\/2024\/03\/08\/ipekyolunun-kiz-basketbol-takimlarindan-buyuk-basari\/","og_locale":"tr_TR","og_type":"article","og_title":"\u0130pekyolu\u2019nun k\u0131z basketbol tak\u0131mlar\u0131ndan b\u00fcy\u00fck ba\u015far\u0131","og_description":"Van\u2019\u0131n \u0130pekyolu Belediyesinin k\u0131z basketbol tak\u0131mlar\u0131, T\u00fcrkiye Basketbol Federasyonunun d\u00fczenledi\u011fi U14, U16 ve U18 kategorilerinde nama\u011flup olarak b\u00f6lge \u015fampiyonu oldu. \u0130pekyolu Belediyesi Gen\u00e7lik ve Spor Kul\u00fcb\u00fc U14 K\u0131z Basketbol Tak\u0131m\u0131, 11-15 Mart 2024 tarihleri aras\u0131nda Mersin\u2019de d\u00fczenlenecek T\u00fcrkiye yar\u0131 finallerine \u0130pekyolu\u2019nun ad\u0131n\u0131 ta\u015f\u0131d\u0131. U16 K\u0131z Basketbol Tak\u0131m\u0131 ise 25 &#8211; 29 Mart 2024 tarihlerinde Konya\u2019da &hellip;","og_url":"https:\/\/vanxhaber.com\/index.php\/2024\/03\/08\/ipekyolunun-kiz-basketbol-takimlarindan-buyuk-basari\/","og_site_name":"Van Haber | Van X Haber | Van Haberleri","article_published_time":"2024-03-08T09:55:33+00:00","article_modified_time":"2024-03-08T09:55:35+00:00","og_image":[{"width":1110,"height":500,"url":"https:\/\/vanxhaber.com\/wp-content\/uploads\/2024\/03\/sampiyon-kizlar.jpg","type":"image\/jpeg"}],"author":"Van X Haber","twitter_card":"summary_large_image","twitter_misc":{"Yazan:":"Van X Haber","Tahmini okuma s\u00fcresi":"1 dakika"},"schema":{"@context":"https:\/\/schema.org","@graph":[{"@type":"Article","@id":"https:\/\/vanxhaber.com\/index.php\/2024\/03\/08\/ipekyolunun-kiz-basketbol-takimlarindan-buyuk-basari\/#article","isPartOf":{"@id":"https:\/\/vanxhaber.com\/index.php\/2024\/03\/08\/ipekyolunun-kiz-basketbol-takimlarindan-buyuk-basari\/"},"author":{"name":"Van X Haber","@id":"https:\/\/vanxhaber.com\/#\/schema\/person\/a5fd8d89510cb5370e62ad176f7978ee"},"headline":"\u0130pekyolu\u2019nun k\u0131z basketbol tak\u0131mlar\u0131ndan b\u00fcy\u00fck ba\u015far\u0131","datePublished":"2024-03-08T09:55:33+00:00","dateModified":"2024-03-08T09:55:35+00:00","mainEntityOfPage":{"@id":"https:\/\/vanxhaber.com\/index.php\/2024\/03\/08\/ipekyolunun-kiz-basketbol-takimlarindan-buyuk-basari\/"},"wordCount":182,"commentCount":0,"image":{"@id":"https:\/\/vanxhaber.com\/index.php\/2024\/03\/08\/ipekyolunun-kiz-basketbol-takimlarindan-buyuk-basari\/#primaryimage"},"thumbnailUrl":"https:\/\/vanxhaber.com\/wp-content\/uploads\/2024\/03\/sampiyon-kizlar.jpg","articleSection":["Van Haber","Van Haberleri"],"inLanguage":"tr","potentialAction":[{"@type":"CommentAction","name":"Comment","target":["https:\/\/vanxhaber.com\/index.php\/2024\/03\/08\/ipekyolunun-kiz-basketbol-takimlarindan-buyuk-basari\/#respond"]}],"copyrightYear":"2024","copyrightHolder":{"@id":"https:\/\/vanxhaber.com\/#organization"}},{"@type":"WebPage","@id":"https:\/\/vanxhaber.com\/index.php\/2024\/03\/08\/ipekyolunun-kiz-basketbol-takimlarindan-buyuk-basari\/","url":"https:\/\/vanxhaber.com\/index.php\/2024\/03\/08\/ipekyolunun-kiz-basketbol-takimlarindan-buyuk-basari\/","name":"\u0130pekyolu\u2019nun k\u0131z basketbol tak\u0131mlar\u0131ndan b\u00fcy\u00fck ba\u015far\u0131 - Van Haber | Van X Haber | Van Haberleri","isPartOf":{"@id":"https:\/\/vanxhaber.com\/#website"},"primaryImageOfPage":{"@id":"https:\/\/vanxhaber.com\/index.php\/2024\/03\/08\/ipekyolunun-kiz-basketbol-takimlarindan-buyuk-basari\/#primaryimage"},"image":{"@id":"https:\/\/vanxhaber.com\/index.php\/2024\/03\/08\/ipekyolunun-kiz-basketbol-takimlarindan-buyuk-basari\/#primaryimage"},"thumbnailUrl":"https:\/\/vanxhaber.com\/wp-content\/uploads\/2024\/03\/sampiyon-kizlar.jpg","datePublished":"2024-03-08T09:55:33+00:00","dateModified":"2024-03-08T09:55:35+00:00","author":{"@id":"https:\/\/vanxhaber.com\/#\/schema\/person\/a5fd8d89510cb5370e62ad176f7978ee"},"breadcrumb":{"@id":"https:\/\/vanxhaber.com\/index.php\/2024\/03\/08\/ipekyolunun-kiz-basketbol-takimlarindan-buyuk-basari\/#breadcrumb"},"inLanguage":"tr","potentialAction":[{"@type":"ReadAction","target":["https:\/\/vanxhaber.com\/index.php\/2024\/03\/08\/ipekyolunun-kiz-basketbol-takimlarindan-buyuk-basari\/"]}]},{"@type":"ImageObject","inLanguage":"tr","@id":"https:\/\/vanxhaber.com\/index.php\/2024\/03\/08\/ipekyolunun-kiz-basketbol-takimlarindan-buyuk-basari\/#primaryimage","url":"https:\/\/vanxhaber.com\/wp-content\/uploads\/2024\/03\/sampiyon-kizlar.jpg","contentUrl":"https:\/\/vanxhaber.com\/wp-content\/uploads\/2024\/03\/sampiyon-kizlar.jpg","width":1110,"height":500},{"@type":"BreadcrumbList","@id":"https:\/\/vanxhaber.com\/index.php\/2024\/03\/08\/ipekyolunun-kiz-basketbol-takimlarindan-buyuk-basari\/#breadcrumb","itemListElement":[{"@type":"ListItem","position":1,"name":"Anasayfa","item":"https:\/\/vanxhaber.com\/"},{"@type":"ListItem","position":2,"name":"\u0130pekyolu\u2019nun k\u0131z basketbol tak\u0131mlar\u0131ndan b\u00fcy\u00fck ba\u015far\u0131"}]},{"@type":"WebSite","@id":"https:\/\/vanxhaber.com\/#website","url":"https:\/\/vanxhaber.com\/","name":"Van Haber | Van X Haber | Van Haberleri","description":"Van Haber, Van&#039;\u0131n ilk yapay zeka teknolojileri ile yaz\u0131lan Van X Haber ve Van Haberlerini aktif g\u00fcncel sunan tek vanhaber merkezidir.","potentialAction":[{"@type":"SearchAction","target":{"@type":"EntryPoint","urlTemplate":"https:\/\/vanxhaber.com\/?s={search_term_string}"},"query-input":{"@type":"PropertyValueSpecification","valueRequired":true,"valueName":"search_term_string"}}],"inLanguage":"tr"},{"@type":"Person","@id":"https:\/\/vanxhaber.com\/#\/schema\/person\/a5fd8d89510cb5370e62ad176f7978ee","name":"Van X Haber","image":{"@type":"ImageObject","inLanguage":"tr","@id":"https:\/\/vanxhaber.com\/#\/schema\/person\/image\/","url":"https:\/\/secure.gravatar.com\/avatar\/36f2f63826681263103acb5ca1e7bc1a6db11baea9b75dd091d89b74f2704b07?s=96&d=mm&r=g","contentUrl":"https:\/\/secure.gravatar.com\/avatar\/36f2f63826681263103acb5ca1e7bc1a6db11baea9b75dd091d89b74f2704b07?s=96&d=mm&r=g","caption":"Van X Haber"},"description":"Van X Haber Van'\u0131n ilk ve tek yeni nesil Van Haber merkezi. Son Dakika Van Haberleri ve G\u00fcncel Van haber merkezinde s\u0131cak geli\u015fmeleri aktarmaya devam edece\u011fiz.","url":"https:\/\/vanxhaber.com\/index.php\/author\/vangazetesi\/"}]}},"_links":{"self":[{"href":"https:\/\/vanxhaber.com\/index.php\/wp-json\/wp\/v2\/posts\/1885","targetHints":{"allow":["GET"]}}],"collection":[{"href":"https:\/\/vanxhaber.com\/index.php\/wp-json\/wp\/v2\/posts"}],"about":[{"href":"https:\/\/vanxhaber.com\/index.php\/wp-json\/wp\/v2\/types\/post"}],"author":[{"embeddable":true,"href":"https:\/\/vanxhaber.com\/index.php\/wp-json\/wp\/v2\/users\/2"}],"replies":[{"embeddable":true,"href":"https:\/\/vanxhaber.com\/index.php\/wp-json\/wp\/v2\/comments?post=1885"}],"version-history":[{"count":1,"href":"https:\/\/vanxhaber.com\/index.php\/wp-json\/wp\/v2\/posts\/1885\/revisions"}],"predecessor-version":[{"id":1888,"href":"https:\/\/vanxhaber.com\/index.php\/wp-json\/wp\/v2\/posts\/1885\/revisions\/1888"}],"wp:featuredmedia":[{"embeddable":true,"href":"https:\/\/vanxhaber.com\/index.php\/wp-json\/wp\/v2\/media\/1887"}],"wp:attachment":[{"href":"https:\/\/vanxhaber.com\/index.php\/wp-json\/wp\/v2\/media?parent=1885"}],"wp:term":[{"taxonomy":"category","embeddable":true,"href":"https:\/\/vanxhaber.com\/index.php\/wp-json\/wp\/v2\/categories?post=1885"},{"taxonomy":"post_tag","embeddable":true,"href":"https:\/\/vanxhaber.com\/index.php\/wp-json\/wp\/v2\/tags?post=1885"}],"curies":[{"name":"wp","href":"https:\/\/api.w.org\/{rel}","templated":true}]}}