{"id":1889,"date":"2024-03-08T13:20:28","date_gmt":"2024-03-08T13:20:28","guid":{"rendered":"https:\/\/vanxhaber.com\/?p=1889"},"modified":"2024-03-08T13:20:30","modified_gmt":"2024-03-08T13:20:30","slug":"van-tsonun-iran-mesaisi-transit-gecis-ve-gelincik-kapisi-mujdesi","status":"publish","type":"post","link":"https:\/\/vanxhaber.com\/index.php\/2024\/03\/08\/van-tsonun-iran-mesaisi-transit-gecis-ve-gelincik-kapisi-mujdesi\/","title":{"rendered":"Van TSO\u2019nun \u0130ran Mesaisi: Transit Ge\u00e7i\u015f ve Gelincik Kap\u0131s\u0131 M\u00fcjdesi!"},"content":{"rendered":"\n<p><\/p>\n\n\n\n<p>Van Ticaret ve Sanayi Odas\u0131 (Van TSO); 2014 y\u0131l\u0131nda ba\u015flatt\u0131\u011f\u0131 \u201cY\u00fcz\u00fcm\u00fcz\u00fc \u0130ran\u2019a D\u00f6n\u00fcyoruz\u201d projesi kapsam\u0131nda \u0130ran \u0130slam Cumhuriyeti ili\u015fkilerini geli\u015ftirmeye devam ediyor. Van TSO heyeti \u0130ran\u2019a d\u00fczenledi\u011fi son \u00e7al\u0131\u015fma program\u0131ndan iki m\u00fcjdeli haber ile d\u00f6nd\u00fc.<\/p>\n\n\n\n<p>Her y\u0131l \u00e7al\u0131\u015fma programlar\u0131 d\u00fczenleyen, toplant\u0131lar ger\u00e7ekle\u015ftiren, sorun ve \u00e7\u00f6z\u00fcm \u00f6nerilerini \u0130ranl\u0131 yetkililere ileten Van TSO, d\u00fcn Bat\u0131 Azerbaycan B\u00f6lge Vali Yard\u0131mc\u0131s\u0131 Javad Karami ile g\u00f6r\u00fc\u015ft\u00fc. Heyette; Van TSO Y\u00f6netim Kurulu Ba\u015fkan Vekili Fevzi \u00c7elikta\u015f, Ba\u015fkan Yard\u0131mc\u0131s\u0131 Mehmet De\u011fer, Meclis Ba\u015fkan Yard\u0131mc\u0131s\u0131 Mehmet Faruk Alt\u0131nal, Meclis \u00dcyeleri Letif Ersanl\u0131 ve Fuat \u0130nan\u00e7 ile D\u0131\u015f Ticaret Meslek Komite \u00dcyeleri Seyfettin G\u00f6z\u00fcpek ve Hakan \u0130zgi yer ald\u0131. Urmiye Ticaret, Sanayi, Madencilik ve Tar\u0131m Odas\u0131 Ba\u015fkan\u0131 Ghasem Karimi \u00f6nc\u00fcl\u00fc\u011f\u00fcnde Vali Yard\u0131mc\u0131s\u0131 Javad Karami ile g\u00f6r\u00fc\u015fen Van TSO heyeti; s\u0131n\u0131r ticareti ve s\u0131n\u0131r kap\u0131s\u0131nda ya\u015fanan sorunlar\u0131 iletti.<\/p>\n\n\n\n<p>\u00c7EL\u0130KTA\u015e: G\u00dc\u00c7LENEREK DEVAM ETMEKTE<\/p>\n\n\n\n<p>Toplant\u0131da konu\u015fan ve sorunlar\u0131 dile getiren Ba\u015fkan Vekili \u00c7elikta\u015f \u015funlar\u0131 s\u00f6yledi: \u201c\u00dclkelerimiz aras\u0131ndaki ili\u015fkilerde tarihe dayanan g\u00fc\u00e7l\u00fc ba\u011flar\u0131n yan\u0131 s\u0131ra, devletleraras\u0131 ekonomik ve diplomatik ili\u015fkilerin de b\u00fcy\u00fck rol oynad\u0131\u011f\u0131 bir ger\u00e7ekliktir. Dolay\u0131s\u0131yla t\u00fcm s\u00fcre\u00e7lerde de\u011fi\u015fen y\u00f6netimler ve d\u00fcnyan\u0131n konjonkt\u00fcrel geli\u015fmelerine ra\u011fmen devletleraras\u0131 ikili ili\u015fkiler ba\u015fta olmak \u00fczere her iki \u00fclke vatanda\u015flar\u0131n\u0131n kadim dostluk ili\u015fkileri, akrabal\u0131k ba\u011flar\u0131 ve ticari al\u0131\u015fveri\u015fleri g\u00fc\u00e7lenerek devam etmektedir.\u201d<\/p>\n\n\n\n<p>\u201cSIKI \u0130L\u0130\u015eK\u0130LER GEL\u0130\u015eT\u0130R\u0130LM\u0130\u015eT\u0130R\u201d<\/p>\n\n\n\n<p>Van TSO\u2019nun geli\u015fen ili\u015fkilerdeki misyonuna de\u011finen \u00c7elikta\u015f, \u201cOdam\u0131z bug\u00fcne kadar \u0130ran ile ili\u015fkilerin geli\u015ftirilmesi hususunda \u00f6nemli bir misyon \u00fcstlenmi\u015ftir. \u00d6zellikle son y\u0131llarda Oda Y\u00f6netim Kurulumuz \u00e7e\u015fitli d\u00f6nemlerde \u0130ran&#8217;a \u00e7al\u0131\u015fma programlar\u0131 d\u00fczenlemi\u015f; Urmiye, Salmas, Khoy, Erdebil, Tebriz kentleri ve Van illeri aras\u0131nda s\u0131k\u0131 ili\u015fkiler geli\u015ftirilmi\u015ftir. Ba\u015fta zat\u0131\u00e2liniz olmak \u00fczere, t\u00fcm \u0130ranl\u0131 b\u00fcrokratlarla yapm\u0131\u015f oldu\u011fumuz g\u00f6r\u00fc\u015fmelerde g\u00f6stermi\u015f oldu\u011funuz yakla\u015f\u0131mlar ve ev sahipli\u011finiz bizleri ziyadesiyle memnun etmi\u015ftir.\u201d \u0130fadelerini kulland\u0131.<\/p>\n\n\n\n<p>TE\u015eEKK\u00dcR<\/p>\n\n\n\n<p>Ba\u015fkan Vekili \u00c7elikta\u015f konu\u015fmas\u0131nda Van TSO Ba\u015fkan\u0131 Necdet Takva ve Urmiye Ticaret Odas\u0131 Ba\u015fkan\u0131 Ghasem Karimi\u2019ye te\u015fekk\u00fcr etti. \u00c7elikta\u015f \u015funlar\u0131 s\u00f6yledi: \u201cBug\u00fcnk\u00fc ziyaretimiz i\u00e7in Urmiye Ticaret, Sanayi, Madencilik ve Tar\u0131m Odas\u0131 Ba\u015fkan\u0131 Ghasem Karimi\u2019ye \u00e7ok te\u015fekk\u00fcr ederiz. Her zamanki gibi misafirperverlikleri ve g\u00f6r\u00fc\u015fmelerimize yapm\u0131\u015f olduklar\u0131 \u00f6nc\u00fcl\u00fck \u00e7ok k\u0131ymetli. Ayr\u0131ca, Y\u00f6netim Kurulu Ba\u015fkan\u0131m\u0131z Necdet Takva\u2019da \u0130ran ile ili\u015fkilerimizin ba\u015flang\u0131c\u0131ndan bug\u00fcne kadar gelen s\u00fcre\u00e7te b\u00fcy\u00fck bir te\u015fekk\u00fcr\u00fc hak ediyor. 2014 y\u0131l\u0131ndan bu yana \u0130ran giri\u015fimleri ve bizleri bu noktada motive etmesi, gayreti g\u00f6z ard\u0131 edilemez.\u201d<\/p>\n\n\n\n<p>Vali Yard\u0131mc\u0131s\u0131 Karami\u2019ye iletilen sorun, talep ve \u00e7\u00f6z\u00fcm \u00f6nerileri;<\/p>\n\n\n\n<ul class=\"wp-block-list\">\n<li>Kap\u0131k\u00f6y G\u00fcmr\u00fck Kap\u0131s\u0131\u2019n\u0131n transit ticarete a\u00e7\u0131lmas\u0131<\/li>\n\n\n\n<li>\u0130ran bankalar\u0131n\u0131n Van\u2019da \u015fube a\u00e7mas\u0131<\/li>\n\n\n\n<li>\u0130ran Konsoloslu\u011fu\u2019nun Van\u2019da hizmet vermesi<\/li>\n\n\n\n<li>Gelincik ve \u00c7illi Kap\u0131lar\u0131n\u0131n a\u00e7\u0131lmas\u0131<\/li>\n\n\n\n<li>T\u00fcrkiye-\u0130ran Ortak OSB kurulmas\u0131<\/li>\n\n\n\n<li>T\u00fcrk-\u0130ran Ticaret Odas\u0131\u2019n\u0131n \u00f6nemi<\/li>\n\n\n\n<li>Tahran, Urmiye-Van u\u00e7ak ve tren seferleri yap\u0131lmas\u0131<\/li>\n\n\n\n<li>2 \u00dclke vatanda\u015flar\u0131n\u0131n Kap\u0131k\u00f6y\u2019den kimlikle giri\u015f-\u00e7\u0131k\u0131\u015f yapmas\u0131<\/li>\n\n\n\n<li>Kap\u0131k\u00f6y ve Razi kap\u0131lar\u0131na ek peron yap\u0131lmas\u0131 ve yeterli memur atanmas\u0131<\/li>\n<\/ul>\n\n\n\n<p>\u201cTRANS\u0130T GE\u00c7\u0130\u015e\u201d BA\u015eLIYOR<\/p>\n\n\n\n<p>Yap\u0131lan g\u00f6r\u00fc\u015fmede konu\u015fan Bat\u0131 Azerbaycan B\u00f6lge Vali Yard\u0131mc\u0131s\u0131 Javad Karami, transit ge\u00e7i\u015f ve Gelincik S\u0131n\u0131r Kap\u0131s\u0131 i\u00e7in 2 m\u00fcjdeli haber verdi. Karami, \u201c\u015eubat-Nisan tarihleri aras\u0131nda s\u0131n\u0131r ticaretine konu ya\u015f sebze ve meyve \u00fcr\u00fcnlerini ta\u015f\u0131yan t\u0131rlar\u0131n ge\u00e7i\u015fine k\u0131sa s\u00fcre i\u00e7erisinde ba\u015flanacakt\u0131r. G\u00fcnl\u00fck 20-25 t\u0131r ge\u00e7i\u015fine y\u00f6nelik, Hoy ve Razi S\u0131n\u0131r Kap\u0131s\u0131 ile g\u00f6r\u00fc\u015fmelerimizi yapt\u0131k. Tam kapasite t\u0131r ge\u00e7i\u015fleri i\u00e7inde altyap\u0131 ve ula\u015f\u0131m noktas\u0131nda \u00e7al\u0131\u015fmalar\u0131m\u0131z devam ediyor.\u201d Dedi.<\/p>\n\n\n\n<p>GEL\u0130NC\u0130K \u0130\u00c7\u0130N TEMEL ATILIYOR<\/p>\n\n\n\n<p>Vali Yard\u0131mc\u0131s\u0131 Karami\u2019nin bir di\u011fer m\u00fcjdesi ise Gelincik S\u0131n\u0131r Kap\u0131s\u0131 oldu. Gelincik\u2019in temel atma tarihini veren Karami \u015f\u00f6yle konu\u015ftu: \u201c2 \u00dclkenin liderleri ge\u00e7ti\u011fimiz aylarda bir araya geldi ve Van\u2019dan \u0130ran\u2019a ikinci bir kap\u0131n\u0131n a\u00e7\u0131lmas\u0131 gerekti\u011fini a\u00e7\u0131klad\u0131. Bu kap\u0131 bizim tarafta Salmas\u2019ta bulunan G\u00fczere\u015f, sizin tarafta ise Ba\u015fkale\u2019de bulunan Gelincik S\u0131n\u0131r Kap\u0131s\u0131\u2019d\u0131r. Bizler \u00f6n\u00fcm\u00fczdeki hafta i\u00e7erisinde kap\u0131m\u0131zda temel atma t\u00f6renimizi ger\u00e7ekle\u015ftirece\u011fiz. Ataca\u011f\u0131m\u0131z temel ile birlikte \u00e7al\u0131\u015fmalar\u0131m\u0131z\u0131 h\u0131zland\u0131racak ve k\u0131sa s\u00fcre i\u00e7erisinde ikinci kap\u0131m\u0131z\u0131 da hayata ge\u00e7irmi\u015f olaca\u011f\u0131z.\u201d<\/p>\n\n\n\n<p>KAR\u0130M\u0130: 2 G\u00dcZEL HABER ALDIK<\/p>\n\n\n\n<p>Toplant\u0131da konu\u015fan Urmiye Ticaret, Sanayi, Madencilik ve Tar\u0131m Odas\u0131 Ba\u015fkan\u0131 Ghasem Karimi ise, \u201cBug\u00fcn 2 g\u00fczel ve m\u00fcjdeli haber ald\u0131k. Van TSO ile \u00e7ok g\u00fczel ili\u015fkilerimiz ve bu ili\u015fkiler kapsam\u0131nda \u00e7al\u0131\u015fmalar\u0131m\u0131z var. Transit ge\u00e7i\u015f ve G\u00fczere\u015f (Gelincik) 2 taraf\u0131ndan \u00e7ok istedi\u011fi bir talep. \u0130n\u015fallah bug\u00fcn konu\u015fulan ve at\u0131lan ilk ad\u0131mlar daha sonra transit ge\u00e7i\u015fin s\u00fcreklili\u011fine ve G\u00fczere\u015f Kap\u0131s\u0131\u2019n\u0131n a\u00e7\u0131lmas\u0131na vesile olacakt\u0131r.\u201d<\/p>\n","protected":false},"excerpt":{"rendered":"<p>Van Ticaret ve Sanayi Odas\u0131 (Van TSO); 2014 y\u0131l\u0131nda ba\u015flatt\u0131\u011f\u0131 \u201cY\u00fcz\u00fcm\u00fcz\u00fc \u0130ran\u2019a D\u00f6n\u00fcyoruz\u201d projesi kapsam\u0131nda \u0130ran \u0130slam Cumhuriyeti ili\u015fkilerini geli\u015ftirmeye devam ediyor. Van TSO heyeti \u0130ran\u2019a d\u00fczenledi\u011fi son \u00e7al\u0131\u015fma program\u0131ndan iki m\u00fcjdeli haber ile d\u00f6nd\u00fc. Her y\u0131l \u00e7al\u0131\u015fma programlar\u0131 d\u00fczenleyen, toplant\u0131lar ger\u00e7ekle\u015ftiren, sorun ve \u00e7\u00f6z\u00fcm \u00f6nerilerini \u0130ranl\u0131 yetkililere ileten Van TSO, d\u00fcn Bat\u0131 Azerbaycan B\u00f6lge &hellip;<\/p>\n","protected":false},"author":2,"featured_media":1891,"comment_status":"open","ping_status":"closed","sticky":false,"template":"","format":"standard","meta":{"googlesitekit_rrm_CAowot3VCw:productID":"","footnotes":""},"categories":[1],"tags":[],"class_list":["post-1889","post","type-post","status-publish","format-standard","has-post-thumbnail","hentry","category-van-haber"],"yoast_head":"<!-- This site is optimized with the Yoast SEO Premium plugin v21.7 (Yoast SEO v26.7) - https:\/\/yoast.com\/wordpress\/plugins\/seo\/ -->\n<title>Van TSO\u2019nun \u0130ran Mesaisi: Transit Ge\u00e7i\u015f ve Gelincik Kap\u0131s\u0131 M\u00fcjdesi! - Van Haber | Van X Haber | Van Haberleri<\/title>\n<meta name=\"robots\" content=\"index, follow, max-snippet:-1, max-image-preview:large, max-video-preview:-1\" \/>\n<link rel=\"canonical\" href=\"https:\/\/vanxhaber.com\/index.php\/2024\/03\/08\/van-tsonun-iran-mesaisi-transit-gecis-ve-gelincik-kapisi-mujdesi\/\" \/>\n<meta property=\"og:locale\" content=\"tr_TR\" \/>\n<meta property=\"og:type\" content=\"article\" \/>\n<meta property=\"og:title\" content=\"Van TSO\u2019nun \u0130ran Mesaisi: Transit Ge\u00e7i\u015f ve Gelincik Kap\u0131s\u0131 M\u00fcjdesi!\" \/>\n<meta property=\"og:description\" content=\"Van Ticaret ve Sanayi Odas\u0131 (Van TSO); 2014 y\u0131l\u0131nda ba\u015flatt\u0131\u011f\u0131 \u201cY\u00fcz\u00fcm\u00fcz\u00fc \u0130ran\u2019a D\u00f6n\u00fcyoruz\u201d projesi kapsam\u0131nda \u0130ran \u0130slam Cumhuriyeti ili\u015fkilerini geli\u015ftirmeye devam ediyor. Van TSO heyeti \u0130ran\u2019a d\u00fczenledi\u011fi son \u00e7al\u0131\u015fma program\u0131ndan iki m\u00fcjdeli haber ile d\u00f6nd\u00fc. Her y\u0131l \u00e7al\u0131\u015fma programlar\u0131 d\u00fczenleyen, toplant\u0131lar ger\u00e7ekle\u015ftiren, sorun ve \u00e7\u00f6z\u00fcm \u00f6nerilerini \u0130ranl\u0131 yetkililere ileten Van TSO, d\u00fcn Bat\u0131 Azerbaycan B\u00f6lge &hellip;\" \/>\n<meta property=\"og:url\" content=\"https:\/\/vanxhaber.com\/index.php\/2024\/03\/08\/van-tsonun-iran-mesaisi-transit-gecis-ve-gelincik-kapisi-mujdesi\/\" \/>\n<meta property=\"og:site_name\" content=\"Van Haber | Van X Haber | Van Haberleri\" \/>\n<meta property=\"article:published_time\" content=\"2024-03-08T13:20:28+00:00\" \/>\n<meta property=\"article:modified_time\" content=\"2024-03-08T13:20:30+00:00\" \/>\n<meta property=\"og:image\" content=\"https:\/\/vanxhaber.com\/wp-content\/uploads\/2024\/03\/vaannn-tsooo.jpg\" \/>\n\t<meta property=\"og:image:width\" content=\"1110\" \/>\n\t<meta property=\"og:image:height\" content=\"500\" \/>\n\t<meta property=\"og:image:type\" content=\"image\/jpeg\" \/>\n<meta name=\"author\" content=\"Van X Haber\" \/>\n<meta name=\"twitter:card\" content=\"summary_large_image\" \/>\n<meta name=\"twitter:label1\" content=\"Yazan:\" \/>\n\t<meta name=\"twitter:data1\" content=\"Van X Haber\" \/>\n\t<meta name=\"twitter:label2\" content=\"Tahmini okuma s\u00fcresi\" \/>\n\t<meta name=\"twitter:data2\" content=\"4 dakika\" \/>\n<script type=\"application\/ld+json\" class=\"yoast-schema-graph\">{\"@context\":\"https:\/\/schema.org\",\"@graph\":[{\"@type\":\"Article\",\"@id\":\"https:\/\/vanxhaber.com\/index.php\/2024\/03\/08\/van-tsonun-iran-mesaisi-transit-gecis-ve-gelincik-kapisi-mujdesi\/#article\",\"isPartOf\":{\"@id\":\"https:\/\/vanxhaber.com\/index.php\/2024\/03\/08\/van-tsonun-iran-mesaisi-transit-gecis-ve-gelincik-kapisi-mujdesi\/\"},\"author\":{\"name\":\"Van X Haber\",\"@id\":\"https:\/\/vanxhaber.com\/#\/schema\/person\/a5fd8d89510cb5370e62ad176f7978ee\"},\"headline\":\"Van TSO\u2019nun \u0130ran Mesaisi: Transit Ge\u00e7i\u015f ve Gelincik Kap\u0131s\u0131 M\u00fcjdesi!\",\"datePublished\":\"2024-03-08T13:20:28+00:00\",\"dateModified\":\"2024-03-08T13:20:30+00:00\",\"mainEntityOfPage\":{\"@id\":\"https:\/\/vanxhaber.com\/index.php\/2024\/03\/08\/van-tsonun-iran-mesaisi-transit-gecis-ve-gelincik-kapisi-mujdesi\/\"},\"wordCount\":998,\"commentCount\":0,\"image\":{\"@id\":\"https:\/\/vanxhaber.com\/index.php\/2024\/03\/08\/van-tsonun-iran-mesaisi-transit-gecis-ve-gelincik-kapisi-mujdesi\/#primaryimage\"},\"thumbnailUrl\":\"https:\/\/vanxhaber.com\/wp-content\/uploads\/2024\/03\/vaannn-tsooo.jpg\",\"articleSection\":[\"Van Haber\"],\"inLanguage\":\"tr\",\"potentialAction\":[{\"@type\":\"CommentAction\",\"name\":\"Comment\",\"target\":[\"https:\/\/vanxhaber.com\/index.php\/2024\/03\/08\/van-tsonun-iran-mesaisi-transit-gecis-ve-gelincik-kapisi-mujdesi\/#respond\"]}],\"copyrightYear\":\"2024\",\"copyrightHolder\":{\"@id\":\"https:\/\/vanxhaber.com\/#organization\"}},{\"@type\":\"WebPage\",\"@id\":\"https:\/\/vanxhaber.com\/index.php\/2024\/03\/08\/van-tsonun-iran-mesaisi-transit-gecis-ve-gelincik-kapisi-mujdesi\/\",\"url\":\"https:\/\/vanxhaber.com\/index.php\/2024\/03\/08\/van-tsonun-iran-mesaisi-transit-gecis-ve-gelincik-kapisi-mujdesi\/\",\"name\":\"Van TSO\u2019nun \u0130ran Mesaisi: Transit Ge\u00e7i\u015f ve Gelincik Kap\u0131s\u0131 M\u00fcjdesi! - Van Haber | Van X Haber | Van Haberleri\",\"isPartOf\":{\"@id\":\"https:\/\/vanxhaber.com\/#website\"},\"primaryImageOfPage\":{\"@id\":\"https:\/\/vanxhaber.com\/index.php\/2024\/03\/08\/van-tsonun-iran-mesaisi-transit-gecis-ve-gelincik-kapisi-mujdesi\/#primaryimage\"},\"image\":{\"@id\":\"https:\/\/vanxhaber.com\/index.php\/2024\/03\/08\/van-tsonun-iran-mesaisi-transit-gecis-ve-gelincik-kapisi-mujdesi\/#primaryimage\"},\"thumbnailUrl\":\"https:\/\/vanxhaber.com\/wp-content\/uploads\/2024\/03\/vaannn-tsooo.jpg\",\"datePublished\":\"2024-03-08T13:20:28+00:00\",\"dateModified\":\"2024-03-08T13:20:30+00:00\",\"author\":{\"@id\":\"https:\/\/vanxhaber.com\/#\/schema\/person\/a5fd8d89510cb5370e62ad176f7978ee\"},\"breadcrumb\":{\"@id\":\"https:\/\/vanxhaber.com\/index.php\/2024\/03\/08\/van-tsonun-iran-mesaisi-transit-gecis-ve-gelincik-kapisi-mujdesi\/#breadcrumb\"},\"inLanguage\":\"tr\",\"potentialAction\":[{\"@type\":\"ReadAction\",\"target\":[\"https:\/\/vanxhaber.com\/index.php\/2024\/03\/08\/van-tsonun-iran-mesaisi-transit-gecis-ve-gelincik-kapisi-mujdesi\/\"]}]},{\"@type\":\"ImageObject\",\"inLanguage\":\"tr\",\"@id\":\"https:\/\/vanxhaber.com\/index.php\/2024\/03\/08\/van-tsonun-iran-mesaisi-transit-gecis-ve-gelincik-kapisi-mujdesi\/#primaryimage\",\"url\":\"https:\/\/vanxhaber.com\/wp-content\/uploads\/2024\/03\/vaannn-tsooo.jpg\",\"contentUrl\":\"https:\/\/vanxhaber.com\/wp-content\/uploads\/2024\/03\/vaannn-tsooo.jpg\",\"width\":1110,\"height\":500},{\"@type\":\"BreadcrumbList\",\"@id\":\"https:\/\/vanxhaber.com\/index.php\/2024\/03\/08\/van-tsonun-iran-mesaisi-transit-gecis-ve-gelincik-kapisi-mujdesi\/#breadcrumb\",\"itemListElement\":[{\"@type\":\"ListItem\",\"position\":1,\"name\":\"Anasayfa\",\"item\":\"https:\/\/vanxhaber.com\/\"},{\"@type\":\"ListItem\",\"position\":2,\"name\":\"Van TSO\u2019nun \u0130ran Mesaisi: Transit Ge\u00e7i\u015f ve Gelincik Kap\u0131s\u0131 M\u00fcjdesi!\"}]},{\"@type\":\"WebSite\",\"@id\":\"https:\/\/vanxhaber.com\/#website\",\"url\":\"https:\/\/vanxhaber.com\/\",\"name\":\"Van Haber | Van X Haber | Van Haberleri\",\"description\":\"Van Haber, Van&#039;\u0131n ilk yapay zeka teknolojileri ile yaz\u0131lan Van X Haber ve Van Haberlerini aktif g\u00fcncel sunan tek vanhaber merkezidir.\",\"potentialAction\":[{\"@type\":\"SearchAction\",\"target\":{\"@type\":\"EntryPoint\",\"urlTemplate\":\"https:\/\/vanxhaber.com\/?s={search_term_string}\"},\"query-input\":{\"@type\":\"PropertyValueSpecification\",\"valueRequired\":true,\"valueName\":\"search_term_string\"}}],\"inLanguage\":\"tr\"},{\"@type\":\"Person\",\"@id\":\"https:\/\/vanxhaber.com\/#\/schema\/person\/a5fd8d89510cb5370e62ad176f7978ee\",\"name\":\"Van X Haber\",\"image\":{\"@type\":\"ImageObject\",\"inLanguage\":\"tr\",\"@id\":\"https:\/\/vanxhaber.com\/#\/schema\/person\/image\/\",\"url\":\"https:\/\/secure.gravatar.com\/avatar\/36f2f63826681263103acb5ca1e7bc1a6db11baea9b75dd091d89b74f2704b07?s=96&d=mm&r=g\",\"contentUrl\":\"https:\/\/secure.gravatar.com\/avatar\/36f2f63826681263103acb5ca1e7bc1a6db11baea9b75dd091d89b74f2704b07?s=96&d=mm&r=g\",\"caption\":\"Van X Haber\"},\"description\":\"Van X Haber Van'\u0131n ilk ve tek yeni nesil Van Haber merkezi. Son Dakika Van Haberleri ve G\u00fcncel Van haber merkezinde s\u0131cak geli\u015fmeleri aktarmaya devam edece\u011fiz.\",\"url\":\"https:\/\/vanxhaber.com\/index.php\/author\/vangazetesi\/\"}]}<\/script>\n<!-- \/ Yoast SEO Premium plugin. -->","yoast_head_json":{"title":"Van TSO\u2019nun \u0130ran Mesaisi: Transit Ge\u00e7i\u015f ve Gelincik Kap\u0131s\u0131 M\u00fcjdesi! - Van Haber | Van X Haber | Van Haberleri","robots":{"index":"index","follow":"follow","max-snippet":"max-snippet:-1","max-image-preview":"max-image-preview:large","max-video-preview":"max-video-preview:-1"},"canonical":"https:\/\/vanxhaber.com\/index.php\/2024\/03\/08\/van-tsonun-iran-mesaisi-transit-gecis-ve-gelincik-kapisi-mujdesi\/","og_locale":"tr_TR","og_type":"article","og_title":"Van TSO\u2019nun \u0130ran Mesaisi: Transit Ge\u00e7i\u015f ve Gelincik Kap\u0131s\u0131 M\u00fcjdesi!","og_description":"Van Ticaret ve Sanayi Odas\u0131 (Van TSO); 2014 y\u0131l\u0131nda ba\u015flatt\u0131\u011f\u0131 \u201cY\u00fcz\u00fcm\u00fcz\u00fc \u0130ran\u2019a D\u00f6n\u00fcyoruz\u201d projesi kapsam\u0131nda \u0130ran \u0130slam Cumhuriyeti ili\u015fkilerini geli\u015ftirmeye devam ediyor. Van TSO heyeti \u0130ran\u2019a d\u00fczenledi\u011fi son \u00e7al\u0131\u015fma program\u0131ndan iki m\u00fcjdeli haber ile d\u00f6nd\u00fc. Her y\u0131l \u00e7al\u0131\u015fma programlar\u0131 d\u00fczenleyen, toplant\u0131lar ger\u00e7ekle\u015ftiren, sorun ve \u00e7\u00f6z\u00fcm \u00f6nerilerini \u0130ranl\u0131 yetkililere ileten Van TSO, d\u00fcn Bat\u0131 Azerbaycan B\u00f6lge &hellip;","og_url":"https:\/\/vanxhaber.com\/index.php\/2024\/03\/08\/van-tsonun-iran-mesaisi-transit-gecis-ve-gelincik-kapisi-mujdesi\/","og_site_name":"Van Haber | Van X Haber | Van Haberleri","article_published_time":"2024-03-08T13:20:28+00:00","article_modified_time":"2024-03-08T13:20:30+00:00","og_image":[{"width":1110,"height":500,"url":"https:\/\/vanxhaber.com\/wp-content\/uploads\/2024\/03\/vaannn-tsooo.jpg","type":"image\/jpeg"}],"author":"Van X Haber","twitter_card":"summary_large_image","twitter_misc":{"Yazan:":"Van X Haber","Tahmini okuma s\u00fcresi":"4 dakika"},"schema":{"@context":"https:\/\/schema.org","@graph":[{"@type":"Article","@id":"https:\/\/vanxhaber.com\/index.php\/2024\/03\/08\/van-tsonun-iran-mesaisi-transit-gecis-ve-gelincik-kapisi-mujdesi\/#article","isPartOf":{"@id":"https:\/\/vanxhaber.com\/index.php\/2024\/03\/08\/van-tsonun-iran-mesaisi-transit-gecis-ve-gelincik-kapisi-mujdesi\/"},"author":{"name":"Van X Haber","@id":"https:\/\/vanxhaber.com\/#\/schema\/person\/a5fd8d89510cb5370e62ad176f7978ee"},"headline":"Van TSO\u2019nun \u0130ran Mesaisi: Transit Ge\u00e7i\u015f ve Gelincik Kap\u0131s\u0131 M\u00fcjdesi!","datePublished":"2024-03-08T13:20:28+00:00","dateModified":"2024-03-08T13:20:30+00:00","mainEntityOfPage":{"@id":"https:\/\/vanxhaber.com\/index.php\/2024\/03\/08\/van-tsonun-iran-mesaisi-transit-gecis-ve-gelincik-kapisi-mujdesi\/"},"wordCount":998,"commentCount":0,"image":{"@id":"https:\/\/vanxhaber.com\/index.php\/2024\/03\/08\/van-tsonun-iran-mesaisi-transit-gecis-ve-gelincik-kapisi-mujdesi\/#primaryimage"},"thumbnailUrl":"https:\/\/vanxhaber.com\/wp-content\/uploads\/2024\/03\/vaannn-tsooo.jpg","articleSection":["Van Haber"],"inLanguage":"tr","potentialAction":[{"@type":"CommentAction","name":"Comment","target":["https:\/\/vanxhaber.com\/index.php\/2024\/03\/08\/van-tsonun-iran-mesaisi-transit-gecis-ve-gelincik-kapisi-mujdesi\/#respond"]}],"copyrightYear":"2024","copyrightHolder":{"@id":"https:\/\/vanxhaber.com\/#organization"}},{"@type":"WebPage","@id":"https:\/\/vanxhaber.com\/index.php\/2024\/03\/08\/van-tsonun-iran-mesaisi-transit-gecis-ve-gelincik-kapisi-mujdesi\/","url":"https:\/\/vanxhaber.com\/index.php\/2024\/03\/08\/van-tsonun-iran-mesaisi-transit-gecis-ve-gelincik-kapisi-mujdesi\/","name":"Van TSO\u2019nun \u0130ran Mesaisi: Transit Ge\u00e7i\u015f ve Gelincik Kap\u0131s\u0131 M\u00fcjdesi! - Van Haber | Van X Haber | Van Haberleri","isPartOf":{"@id":"https:\/\/vanxhaber.com\/#website"},"primaryImageOfPage":{"@id":"https:\/\/vanxhaber.com\/index.php\/2024\/03\/08\/van-tsonun-iran-mesaisi-transit-gecis-ve-gelincik-kapisi-mujdesi\/#primaryimage"},"image":{"@id":"https:\/\/vanxhaber.com\/index.php\/2024\/03\/08\/van-tsonun-iran-mesaisi-transit-gecis-ve-gelincik-kapisi-mujdesi\/#primaryimage"},"thumbnailUrl":"https:\/\/vanxhaber.com\/wp-content\/uploads\/2024\/03\/vaannn-tsooo.jpg","datePublished":"2024-03-08T13:20:28+00:00","dateModified":"2024-03-08T13:20:30+00:00","author":{"@id":"https:\/\/vanxhaber.com\/#\/schema\/person\/a5fd8d89510cb5370e62ad176f7978ee"},"breadcrumb":{"@id":"https:\/\/vanxhaber.com\/index.php\/2024\/03\/08\/van-tsonun-iran-mesaisi-transit-gecis-ve-gelincik-kapisi-mujdesi\/#breadcrumb"},"inLanguage":"tr","potentialAction":[{"@type":"ReadAction","target":["https:\/\/vanxhaber.com\/index.php\/2024\/03\/08\/van-tsonun-iran-mesaisi-transit-gecis-ve-gelincik-kapisi-mujdesi\/"]}]},{"@type":"ImageObject","inLanguage":"tr","@id":"https:\/\/vanxhaber.com\/index.php\/2024\/03\/08\/van-tsonun-iran-mesaisi-transit-gecis-ve-gelincik-kapisi-mujdesi\/#primaryimage","url":"https:\/\/vanxhaber.com\/wp-content\/uploads\/2024\/03\/vaannn-tsooo.jpg","contentUrl":"https:\/\/vanxhaber.com\/wp-content\/uploads\/2024\/03\/vaannn-tsooo.jpg","width":1110,"height":500},{"@type":"BreadcrumbList","@id":"https:\/\/vanxhaber.com\/index.php\/2024\/03\/08\/van-tsonun-iran-mesaisi-transit-gecis-ve-gelincik-kapisi-mujdesi\/#breadcrumb","itemListElement":[{"@type":"ListItem","position":1,"name":"Anasayfa","item":"https:\/\/vanxhaber.com\/"},{"@type":"ListItem","position":2,"name":"Van TSO\u2019nun \u0130ran Mesaisi: Transit Ge\u00e7i\u015f ve Gelincik Kap\u0131s\u0131 M\u00fcjdesi!"}]},{"@type":"WebSite","@id":"https:\/\/vanxhaber.com\/#website","url":"https:\/\/vanxhaber.com\/","name":"Van Haber | Van X Haber | Van Haberleri","description":"Van Haber, Van&#039;\u0131n ilk yapay zeka teknolojileri ile yaz\u0131lan Van X Haber ve Van Haberlerini aktif g\u00fcncel sunan tek vanhaber merkezidir.","potentialAction":[{"@type":"SearchAction","target":{"@type":"EntryPoint","urlTemplate":"https:\/\/vanxhaber.com\/?s={search_term_string}"},"query-input":{"@type":"PropertyValueSpecification","valueRequired":true,"valueName":"search_term_string"}}],"inLanguage":"tr"},{"@type":"Person","@id":"https:\/\/vanxhaber.com\/#\/schema\/person\/a5fd8d89510cb5370e62ad176f7978ee","name":"Van X Haber","image":{"@type":"ImageObject","inLanguage":"tr","@id":"https:\/\/vanxhaber.com\/#\/schema\/person\/image\/","url":"https:\/\/secure.gravatar.com\/avatar\/36f2f63826681263103acb5ca1e7bc1a6db11baea9b75dd091d89b74f2704b07?s=96&d=mm&r=g","contentUrl":"https:\/\/secure.gravatar.com\/avatar\/36f2f63826681263103acb5ca1e7bc1a6db11baea9b75dd091d89b74f2704b07?s=96&d=mm&r=g","caption":"Van X Haber"},"description":"Van X Haber Van'\u0131n ilk ve tek yeni nesil Van Haber merkezi. Son Dakika Van Haberleri ve G\u00fcncel Van haber merkezinde s\u0131cak geli\u015fmeleri aktarmaya devam edece\u011fiz.","url":"https:\/\/vanxhaber.com\/index.php\/author\/vangazetesi\/"}]}},"_links":{"self":[{"href":"https:\/\/vanxhaber.com\/index.php\/wp-json\/wp\/v2\/posts\/1889","targetHints":{"allow":["GET"]}}],"collection":[{"href":"https:\/\/vanxhaber.com\/index.php\/wp-json\/wp\/v2\/posts"}],"about":[{"href":"https:\/\/vanxhaber.com\/index.php\/wp-json\/wp\/v2\/types\/post"}],"author":[{"embeddable":true,"href":"https:\/\/vanxhaber.com\/index.php\/wp-json\/wp\/v2\/users\/2"}],"replies":[{"embeddable":true,"href":"https:\/\/vanxhaber.com\/index.php\/wp-json\/wp\/v2\/comments?post=1889"}],"version-history":[{"count":1,"href":"https:\/\/vanxhaber.com\/index.php\/wp-json\/wp\/v2\/posts\/1889\/revisions"}],"predecessor-version":[{"id":1892,"href":"https:\/\/vanxhaber.com\/index.php\/wp-json\/wp\/v2\/posts\/1889\/revisions\/1892"}],"wp:featuredmedia":[{"embeddable":true,"href":"https:\/\/vanxhaber.com\/index.php\/wp-json\/wp\/v2\/media\/1891"}],"wp:attachment":[{"href":"https:\/\/vanxhaber.com\/index.php\/wp-json\/wp\/v2\/media?parent=1889"}],"wp:term":[{"taxonomy":"category","embeddable":true,"href":"https:\/\/vanxhaber.com\/index.php\/wp-json\/wp\/v2\/categories?post=1889"},{"taxonomy":"post_tag","embeddable":true,"href":"https:\/\/vanxhaber.com\/index.php\/wp-json\/wp\/v2\/tags?post=1889"}],"curies":[{"name":"wp","href":"https:\/\/api.w.org\/{rel}","templated":true}]}}