{"id":1898,"date":"2024-03-13T14:54:26","date_gmt":"2024-03-13T14:54:26","guid":{"rendered":"https:\/\/vanxhaber.com\/?p=1898"},"modified":"2024-03-13T14:54:28","modified_gmt":"2024-03-13T14:54:28","slug":"tarim-ve-orman-bakani-yumaklidan-gurpinara-mujdeler","status":"publish","type":"post","link":"https:\/\/vanxhaber.com\/index.php\/2024\/03\/13\/tarim-ve-orman-bakani-yumaklidan-gurpinara-mujdeler\/","title":{"rendered":"Tar\u0131m ve Orman Bakan\u0131 Yumakl\u0131\u2019dan G\u00fcrp\u0131nar\u2019a M\u00fcjdeler"},"content":{"rendered":"\n<p>Tar\u0131m ve Orman Bakan\u0131 \u0130brahim Yumakl\u0131, Van\u2019\u0131n G\u00fcrp\u0131nar il\u00e7esini ziyaret etti.<\/p>\n\n\n\n<p>Belediye Ba\u015fkan\u0131 ve AK Parti Ba\u015fkan Aday\u0131 Hayrullah Tan\u0131\u015f taraf\u0131ndan kar\u015f\u0131lanan Bakan Yumakl\u0131, se\u00e7im b\u00fcrosunu ziyaret ederek vatanda\u015flarla bir araya geldi.G\u00fcrp\u0131nar\u2019\u0131n tar\u0131m ve hayvanc\u0131l\u0131k anlam\u0131nda son 21 y\u0131lda 3 milyar tutar\u0131nda destekleme ald\u0131\u011f\u0131n\u0131 ifade eden Yumakl\u0131, \u201cBizler Cumhurba\u015fkan\u0131m\u0131z\u0131n s\u00f6yledi\u011fi gibi \u201cG\u00fc\u00e7l\u00fc T\u00fcrkiye\u2019nin G\u00fc\u00e7l\u00fc Tar\u0131mdan\u201d ge\u00e7ti\u011fini \u015fiar edinmi\u015f. Bu memlekete hizmet etmek i\u00e7in gecesini g\u00fcnd\u00fcz\u00fcne katan g\u00fcneyinden kuzeyine, do\u011fusundan bat\u0131s\u0131na b\u00fct\u00fcn illerimizde siz de\u011ferli hem\u015ferilerimizle bir araya geliyoruz.\u201d dedi.G\u00fcrp\u0131nar y\u00fcz\u00f6l\u00e7\u00fcm\u00fc olarak T\u00fcrkiye\u2019deki en b\u00fcy\u00fck il\u00e7e ve tar\u0131msal \u00fcretim i\u00e7in Van\u2019\u0131n ba\u015fkenti oldu\u011funu ifade eden Yumakl\u0131, \u201c2019\u2019dan bu yana AK Belediyecilikle alakal\u0131 ger\u00e7ek belediyecilikle alakal\u0131 say\u0131n ba\u015fkan\u0131m\u0131z\u0131n yapt\u0131klar\u0131 sizlerin g\u00f6zlerinin \u00f6n\u00fcnde. Bizler bu il\u00e7emizin \u00e7ok daha iyi \u015fartlarda tar\u0131msal \u00fcretim yapabilmesi ad\u0131na Ba\u015fkan\u0131m\u0131zla beraber bundan sonraki d\u00f6nemde de \u00e7al\u0131\u015fmaya devam edece\u011fiz. Elbette bizim birli\u011fimizin ve g\u00fcc\u00fcm\u00fcz\u00fcn oldu\u011funu hi\u00e7bir zaman i\u00e7in unutmamal\u0131y\u0131z. B\u00f6l\u00fcnd\u00fc\u011f\u00fcm\u00fcz zaman yok olaca\u011f\u0131m\u0131z\u0131 unutmamam\u0131z laz\u0131m. Bu memlekette ta\u015f ta\u015f \u00fcst\u00fcne koymaya \u00e7al\u0131\u015fan kimler varsa \u00fcreten bizim ba\u015f\u0131m\u0131z\u0131n \u00fcst\u00fcndedir.\u201d dedi.Hayrullah Ba\u015fkan\u0131m\u0131z\u0131n tar\u0131msal \u00fcretim ve hayvanc\u0131l\u0131kla alakal\u0131 projeleri bizim s\u00f6z\u00fcm\u00fczd\u00fcr diyen Yumakl\u0131, \u201cBuradan Hayrullah Ba\u015fkan\u0131m\u0131za bundan sonra ki ustal\u0131k d\u00f6nemi i\u00e7in gereken deste\u011fi verece\u011finize hi\u00e7bir \u015f\u00fcphem yok.  Yan\u0131n\u0131zday\u0131z her zaman, b\u00fct\u00fcn projelerinizi hep birlikte hayata ge\u00e7irece\u011fiz. Biz istiyoruz ki k\u00fc\u00e7\u00fckba\u015f hayvanc\u0131l\u0131\u011f\u0131n ba\u015fkenti Van\u2019da ve \u00f6zelliklede G\u00fcrp\u0131nar da tekrar o eski 1 bu\u00e7uk milyon say\u0131s\u0131na ula\u015fs\u0131n ve hatta onu da ge\u00e7sin. Yani buradan ihracat yapal\u0131m. Geli\u015ftirme yapal\u0131m. Bununla ilgili siz s\u00f6ylediniz zaten yerel y\u00f6netimlerin kaynaklar\u0131 belli bir \u00f6l\u00e7\u00fcdedir. Ancak birlikte yaparsak O g\u00fcc\u00fc birlikte olu\u015fturursak bizim ula\u015famayaca\u011f\u0131m\u0131z g\u00fczel sonu\u00e7 yok.\u201d dedi.Bakan Yumakl\u0131\u2019n\u0131n ziyaretine Van Milletvekili Kayhan T\u00fcrkmeno\u011flu, Cumhurba\u015fkan\u0131 Ba\u015fdan\u0131\u015fman\u0131 G\u00fcl\u015fen Orhan, AK Parti \u0130l Ba\u015fkan\u0131 Emre G\u00fcray ve AK Parti Van B\u00fcy\u00fck\u015fehir Belediye Ba\u015fkan Aday\u0131 Abdulahat Arvas da e\u015flik ettiler.<\/p>\n\n\n\n<figure class=\"wp-block-image size-large is-resized is-style-default\"><img loading=\"lazy\" decoding=\"async\" width=\"1024\" height=\"768\" src=\"https:\/\/vanxhaber.com\/wp-content\/uploads\/2024\/03\/IMG-20240313-WA0029-1024x768.jpg\" alt=\"\" class=\"wp-image-1900\" style=\"width:377px;height:auto\" srcset=\"https:\/\/vanxhaber.com\/wp-content\/uploads\/2024\/03\/IMG-20240313-WA0029-1024x768.jpg 1024w, https:\/\/vanxhaber.com\/wp-content\/uploads\/2024\/03\/IMG-20240313-WA0029-300x225.jpg 300w, https:\/\/vanxhaber.com\/wp-content\/uploads\/2024\/03\/IMG-20240313-WA0029-768x576.jpg 768w, https:\/\/vanxhaber.com\/wp-content\/uploads\/2024\/03\/IMG-20240313-WA0029-1536x1152.jpg 1536w, https:\/\/vanxhaber.com\/wp-content\/uploads\/2024\/03\/IMG-20240313-WA0029.jpg 1600w\" sizes=\"auto, (max-width: 1024px) 100vw, 1024px\" \/><\/figure>\n","protected":false},"excerpt":{"rendered":"<p>Tar\u0131m ve Orman Bakan\u0131 \u0130brahim Yumakl\u0131, Van\u2019\u0131n G\u00fcrp\u0131nar il\u00e7esini ziyaret etti. Belediye Ba\u015fkan\u0131 ve AK Parti Ba\u015fkan Aday\u0131 Hayrullah Tan\u0131\u015f taraf\u0131ndan kar\u015f\u0131lanan Bakan Yumakl\u0131, se\u00e7im b\u00fcrosunu ziyaret ederek vatanda\u015flarla bir araya geldi.G\u00fcrp\u0131nar\u2019\u0131n tar\u0131m ve hayvanc\u0131l\u0131k anlam\u0131nda son 21 y\u0131lda 3 milyar tutar\u0131nda destekleme ald\u0131\u011f\u0131n\u0131 ifade eden Yumakl\u0131, \u201cBizler Cumhurba\u015fkan\u0131m\u0131z\u0131n s\u00f6yledi\u011fi gibi \u201cG\u00fc\u00e7l\u00fc T\u00fcrkiye\u2019nin G\u00fc\u00e7l\u00fc Tar\u0131mdan\u201d &hellip;<\/p>\n","protected":false},"author":2,"featured_media":1900,"comment_status":"open","ping_status":"closed","sticky":false,"template":"","format":"standard","meta":{"googlesitekit_rrm_CAowot3VCw:productID":"","footnotes":""},"categories":[25],"tags":[36],"class_list":["post-1898","post","type-post","status-publish","format-standard","has-post-thumbnail","hentry","category-van-magazin","tag-van-haberleri"],"yoast_head":"<!-- This site is optimized with the Yoast SEO Premium plugin v21.7 (Yoast SEO v26.7) - https:\/\/yoast.com\/wordpress\/plugins\/seo\/ -->\n<title>Tar\u0131m ve Orman Bakan\u0131 Yumakl\u0131\u2019dan G\u00fcrp\u0131nar\u2019a M\u00fcjdeler - Van Haber | Van X Haber | Van Haberleri<\/title>\n<meta name=\"robots\" content=\"index, follow, max-snippet:-1, max-image-preview:large, max-video-preview:-1\" \/>\n<link rel=\"canonical\" href=\"https:\/\/vanxhaber.com\/index.php\/2024\/03\/13\/tarim-ve-orman-bakani-yumaklidan-gurpinara-mujdeler\/\" \/>\n<meta property=\"og:locale\" content=\"tr_TR\" \/>\n<meta property=\"og:type\" content=\"article\" \/>\n<meta property=\"og:title\" content=\"Tar\u0131m ve Orman Bakan\u0131 Yumakl\u0131\u2019dan G\u00fcrp\u0131nar\u2019a M\u00fcjdeler\" \/>\n<meta property=\"og:description\" content=\"Tar\u0131m ve Orman Bakan\u0131 \u0130brahim Yumakl\u0131, Van\u2019\u0131n G\u00fcrp\u0131nar il\u00e7esini ziyaret etti. Belediye Ba\u015fkan\u0131 ve AK Parti Ba\u015fkan Aday\u0131 Hayrullah Tan\u0131\u015f taraf\u0131ndan kar\u015f\u0131lanan Bakan Yumakl\u0131, se\u00e7im b\u00fcrosunu ziyaret ederek vatanda\u015flarla bir araya geldi.G\u00fcrp\u0131nar\u2019\u0131n tar\u0131m ve hayvanc\u0131l\u0131k anlam\u0131nda son 21 y\u0131lda 3 milyar tutar\u0131nda destekleme ald\u0131\u011f\u0131n\u0131 ifade eden Yumakl\u0131, \u201cBizler Cumhurba\u015fkan\u0131m\u0131z\u0131n s\u00f6yledi\u011fi gibi \u201cG\u00fc\u00e7l\u00fc T\u00fcrkiye\u2019nin G\u00fc\u00e7l\u00fc Tar\u0131mdan\u201d &hellip;\" \/>\n<meta property=\"og:url\" content=\"https:\/\/vanxhaber.com\/index.php\/2024\/03\/13\/tarim-ve-orman-bakani-yumaklidan-gurpinara-mujdeler\/\" \/>\n<meta property=\"og:site_name\" content=\"Van Haber | Van X Haber | Van Haberleri\" \/>\n<meta property=\"article:published_time\" content=\"2024-03-13T14:54:26+00:00\" \/>\n<meta property=\"article:modified_time\" content=\"2024-03-13T14:54:28+00:00\" \/>\n<meta property=\"og:image\" content=\"https:\/\/vanxhaber.com\/wp-content\/uploads\/2024\/03\/IMG-20240313-WA0029.jpg\" \/>\n\t<meta property=\"og:image:width\" content=\"1600\" \/>\n\t<meta property=\"og:image:height\" content=\"1200\" \/>\n\t<meta property=\"og:image:type\" content=\"image\/jpeg\" \/>\n<meta name=\"author\" content=\"Van X Haber\" \/>\n<meta name=\"twitter:card\" content=\"summary_large_image\" \/>\n<meta name=\"twitter:label1\" content=\"Yazan:\" \/>\n\t<meta name=\"twitter:data1\" content=\"Van X Haber\" \/>\n\t<meta name=\"twitter:label2\" content=\"Tahmini okuma s\u00fcresi\" \/>\n\t<meta name=\"twitter:data2\" content=\"3 dakika\" \/>\n<script type=\"application\/ld+json\" class=\"yoast-schema-graph\">{\"@context\":\"https:\/\/schema.org\",\"@graph\":[{\"@type\":\"Article\",\"@id\":\"https:\/\/vanxhaber.com\/index.php\/2024\/03\/13\/tarim-ve-orman-bakani-yumaklidan-gurpinara-mujdeler\/#article\",\"isPartOf\":{\"@id\":\"https:\/\/vanxhaber.com\/index.php\/2024\/03\/13\/tarim-ve-orman-bakani-yumaklidan-gurpinara-mujdeler\/\"},\"author\":{\"name\":\"Van X Haber\",\"@id\":\"https:\/\/vanxhaber.com\/#\/schema\/person\/a5fd8d89510cb5370e62ad176f7978ee\"},\"headline\":\"Tar\u0131m ve Orman Bakan\u0131 Yumakl\u0131\u2019dan G\u00fcrp\u0131nar\u2019a M\u00fcjdeler\",\"datePublished\":\"2024-03-13T14:54:26+00:00\",\"dateModified\":\"2024-03-13T14:54:28+00:00\",\"mainEntityOfPage\":{\"@id\":\"https:\/\/vanxhaber.com\/index.php\/2024\/03\/13\/tarim-ve-orman-bakani-yumaklidan-gurpinara-mujdeler\/\"},\"wordCount\":464,\"commentCount\":0,\"image\":{\"@id\":\"https:\/\/vanxhaber.com\/index.php\/2024\/03\/13\/tarim-ve-orman-bakani-yumaklidan-gurpinara-mujdeler\/#primaryimage\"},\"thumbnailUrl\":\"https:\/\/vanxhaber.com\/wp-content\/uploads\/2024\/03\/IMG-20240313-WA0029.jpg\",\"keywords\":[\"van haberleri\"],\"articleSection\":[\"Van Magazin\"],\"inLanguage\":\"tr\",\"potentialAction\":[{\"@type\":\"CommentAction\",\"name\":\"Comment\",\"target\":[\"https:\/\/vanxhaber.com\/index.php\/2024\/03\/13\/tarim-ve-orman-bakani-yumaklidan-gurpinara-mujdeler\/#respond\"]}],\"copyrightYear\":\"2024\",\"copyrightHolder\":{\"@id\":\"https:\/\/vanxhaber.com\/#organization\"}},{\"@type\":\"WebPage\",\"@id\":\"https:\/\/vanxhaber.com\/index.php\/2024\/03\/13\/tarim-ve-orman-bakani-yumaklidan-gurpinara-mujdeler\/\",\"url\":\"https:\/\/vanxhaber.com\/index.php\/2024\/03\/13\/tarim-ve-orman-bakani-yumaklidan-gurpinara-mujdeler\/\",\"name\":\"Tar\u0131m ve Orman Bakan\u0131 Yumakl\u0131\u2019dan G\u00fcrp\u0131nar\u2019a M\u00fcjdeler - Van Haber | Van X Haber | Van Haberleri\",\"isPartOf\":{\"@id\":\"https:\/\/vanxhaber.com\/#website\"},\"primaryImageOfPage\":{\"@id\":\"https:\/\/vanxhaber.com\/index.php\/2024\/03\/13\/tarim-ve-orman-bakani-yumaklidan-gurpinara-mujdeler\/#primaryimage\"},\"image\":{\"@id\":\"https:\/\/vanxhaber.com\/index.php\/2024\/03\/13\/tarim-ve-orman-bakani-yumaklidan-gurpinara-mujdeler\/#primaryimage\"},\"thumbnailUrl\":\"https:\/\/vanxhaber.com\/wp-content\/uploads\/2024\/03\/IMG-20240313-WA0029.jpg\",\"datePublished\":\"2024-03-13T14:54:26+00:00\",\"dateModified\":\"2024-03-13T14:54:28+00:00\",\"author\":{\"@id\":\"https:\/\/vanxhaber.com\/#\/schema\/person\/a5fd8d89510cb5370e62ad176f7978ee\"},\"breadcrumb\":{\"@id\":\"https:\/\/vanxhaber.com\/index.php\/2024\/03\/13\/tarim-ve-orman-bakani-yumaklidan-gurpinara-mujdeler\/#breadcrumb\"},\"inLanguage\":\"tr\",\"potentialAction\":[{\"@type\":\"ReadAction\",\"target\":[\"https:\/\/vanxhaber.com\/index.php\/2024\/03\/13\/tarim-ve-orman-bakani-yumaklidan-gurpinara-mujdeler\/\"]}]},{\"@type\":\"ImageObject\",\"inLanguage\":\"tr\",\"@id\":\"https:\/\/vanxhaber.com\/index.php\/2024\/03\/13\/tarim-ve-orman-bakani-yumaklidan-gurpinara-mujdeler\/#primaryimage\",\"url\":\"https:\/\/vanxhaber.com\/wp-content\/uploads\/2024\/03\/IMG-20240313-WA0029.jpg\",\"contentUrl\":\"https:\/\/vanxhaber.com\/wp-content\/uploads\/2024\/03\/IMG-20240313-WA0029.jpg\",\"width\":1600,\"height\":1200},{\"@type\":\"BreadcrumbList\",\"@id\":\"https:\/\/vanxhaber.com\/index.php\/2024\/03\/13\/tarim-ve-orman-bakani-yumaklidan-gurpinara-mujdeler\/#breadcrumb\",\"itemListElement\":[{\"@type\":\"ListItem\",\"position\":1,\"name\":\"Anasayfa\",\"item\":\"https:\/\/vanxhaber.com\/\"},{\"@type\":\"ListItem\",\"position\":2,\"name\":\"Tar\u0131m ve Orman Bakan\u0131 Yumakl\u0131\u2019dan G\u00fcrp\u0131nar\u2019a M\u00fcjdeler\"}]},{\"@type\":\"WebSite\",\"@id\":\"https:\/\/vanxhaber.com\/#website\",\"url\":\"https:\/\/vanxhaber.com\/\",\"name\":\"Van Haber | Van X Haber | Van Haberleri\",\"description\":\"Van Haber, Van&#039;\u0131n ilk yapay zeka teknolojileri ile yaz\u0131lan Van X Haber ve Van Haberlerini aktif g\u00fcncel sunan tek vanhaber merkezidir.\",\"potentialAction\":[{\"@type\":\"SearchAction\",\"target\":{\"@type\":\"EntryPoint\",\"urlTemplate\":\"https:\/\/vanxhaber.com\/?s={search_term_string}\"},\"query-input\":{\"@type\":\"PropertyValueSpecification\",\"valueRequired\":true,\"valueName\":\"search_term_string\"}}],\"inLanguage\":\"tr\"},{\"@type\":\"Person\",\"@id\":\"https:\/\/vanxhaber.com\/#\/schema\/person\/a5fd8d89510cb5370e62ad176f7978ee\",\"name\":\"Van X Haber\",\"image\":{\"@type\":\"ImageObject\",\"inLanguage\":\"tr\",\"@id\":\"https:\/\/vanxhaber.com\/#\/schema\/person\/image\/\",\"url\":\"https:\/\/secure.gravatar.com\/avatar\/36f2f63826681263103acb5ca1e7bc1a6db11baea9b75dd091d89b74f2704b07?s=96&d=mm&r=g\",\"contentUrl\":\"https:\/\/secure.gravatar.com\/avatar\/36f2f63826681263103acb5ca1e7bc1a6db11baea9b75dd091d89b74f2704b07?s=96&d=mm&r=g\",\"caption\":\"Van X Haber\"},\"description\":\"Van X Haber Van'\u0131n ilk ve tek yeni nesil Van Haber merkezi. Son Dakika Van Haberleri ve G\u00fcncel Van haber merkezinde s\u0131cak geli\u015fmeleri aktarmaya devam edece\u011fiz.\",\"url\":\"https:\/\/vanxhaber.com\/index.php\/author\/vangazetesi\/\"}]}<\/script>\n<!-- \/ Yoast SEO Premium plugin. -->","yoast_head_json":{"title":"Tar\u0131m ve Orman Bakan\u0131 Yumakl\u0131\u2019dan G\u00fcrp\u0131nar\u2019a M\u00fcjdeler - Van Haber | Van X Haber | Van Haberleri","robots":{"index":"index","follow":"follow","max-snippet":"max-snippet:-1","max-image-preview":"max-image-preview:large","max-video-preview":"max-video-preview:-1"},"canonical":"https:\/\/vanxhaber.com\/index.php\/2024\/03\/13\/tarim-ve-orman-bakani-yumaklidan-gurpinara-mujdeler\/","og_locale":"tr_TR","og_type":"article","og_title":"Tar\u0131m ve Orman Bakan\u0131 Yumakl\u0131\u2019dan G\u00fcrp\u0131nar\u2019a M\u00fcjdeler","og_description":"Tar\u0131m ve Orman Bakan\u0131 \u0130brahim Yumakl\u0131, Van\u2019\u0131n G\u00fcrp\u0131nar il\u00e7esini ziyaret etti. Belediye Ba\u015fkan\u0131 ve AK Parti Ba\u015fkan Aday\u0131 Hayrullah Tan\u0131\u015f taraf\u0131ndan kar\u015f\u0131lanan Bakan Yumakl\u0131, se\u00e7im b\u00fcrosunu ziyaret ederek vatanda\u015flarla bir araya geldi.G\u00fcrp\u0131nar\u2019\u0131n tar\u0131m ve hayvanc\u0131l\u0131k anlam\u0131nda son 21 y\u0131lda 3 milyar tutar\u0131nda destekleme ald\u0131\u011f\u0131n\u0131 ifade eden Yumakl\u0131, \u201cBizler Cumhurba\u015fkan\u0131m\u0131z\u0131n s\u00f6yledi\u011fi gibi \u201cG\u00fc\u00e7l\u00fc T\u00fcrkiye\u2019nin G\u00fc\u00e7l\u00fc Tar\u0131mdan\u201d &hellip;","og_url":"https:\/\/vanxhaber.com\/index.php\/2024\/03\/13\/tarim-ve-orman-bakani-yumaklidan-gurpinara-mujdeler\/","og_site_name":"Van Haber | Van X Haber | Van Haberleri","article_published_time":"2024-03-13T14:54:26+00:00","article_modified_time":"2024-03-13T14:54:28+00:00","og_image":[{"width":1600,"height":1200,"url":"https:\/\/vanxhaber.com\/wp-content\/uploads\/2024\/03\/IMG-20240313-WA0029.jpg","type":"image\/jpeg"}],"author":"Van X Haber","twitter_card":"summary_large_image","twitter_misc":{"Yazan:":"Van X Haber","Tahmini okuma s\u00fcresi":"3 dakika"},"schema":{"@context":"https:\/\/schema.org","@graph":[{"@type":"Article","@id":"https:\/\/vanxhaber.com\/index.php\/2024\/03\/13\/tarim-ve-orman-bakani-yumaklidan-gurpinara-mujdeler\/#article","isPartOf":{"@id":"https:\/\/vanxhaber.com\/index.php\/2024\/03\/13\/tarim-ve-orman-bakani-yumaklidan-gurpinara-mujdeler\/"},"author":{"name":"Van X Haber","@id":"https:\/\/vanxhaber.com\/#\/schema\/person\/a5fd8d89510cb5370e62ad176f7978ee"},"headline":"Tar\u0131m ve Orman Bakan\u0131 Yumakl\u0131\u2019dan G\u00fcrp\u0131nar\u2019a M\u00fcjdeler","datePublished":"2024-03-13T14:54:26+00:00","dateModified":"2024-03-13T14:54:28+00:00","mainEntityOfPage":{"@id":"https:\/\/vanxhaber.com\/index.php\/2024\/03\/13\/tarim-ve-orman-bakani-yumaklidan-gurpinara-mujdeler\/"},"wordCount":464,"commentCount":0,"image":{"@id":"https:\/\/vanxhaber.com\/index.php\/2024\/03\/13\/tarim-ve-orman-bakani-yumaklidan-gurpinara-mujdeler\/#primaryimage"},"thumbnailUrl":"https:\/\/vanxhaber.com\/wp-content\/uploads\/2024\/03\/IMG-20240313-WA0029.jpg","keywords":["van haberleri"],"articleSection":["Van Magazin"],"inLanguage":"tr","potentialAction":[{"@type":"CommentAction","name":"Comment","target":["https:\/\/vanxhaber.com\/index.php\/2024\/03\/13\/tarim-ve-orman-bakani-yumaklidan-gurpinara-mujdeler\/#respond"]}],"copyrightYear":"2024","copyrightHolder":{"@id":"https:\/\/vanxhaber.com\/#organization"}},{"@type":"WebPage","@id":"https:\/\/vanxhaber.com\/index.php\/2024\/03\/13\/tarim-ve-orman-bakani-yumaklidan-gurpinara-mujdeler\/","url":"https:\/\/vanxhaber.com\/index.php\/2024\/03\/13\/tarim-ve-orman-bakani-yumaklidan-gurpinara-mujdeler\/","name":"Tar\u0131m ve Orman Bakan\u0131 Yumakl\u0131\u2019dan G\u00fcrp\u0131nar\u2019a M\u00fcjdeler - Van Haber | Van X Haber | Van Haberleri","isPartOf":{"@id":"https:\/\/vanxhaber.com\/#website"},"primaryImageOfPage":{"@id":"https:\/\/vanxhaber.com\/index.php\/2024\/03\/13\/tarim-ve-orman-bakani-yumaklidan-gurpinara-mujdeler\/#primaryimage"},"image":{"@id":"https:\/\/vanxhaber.com\/index.php\/2024\/03\/13\/tarim-ve-orman-bakani-yumaklidan-gurpinara-mujdeler\/#primaryimage"},"thumbnailUrl":"https:\/\/vanxhaber.com\/wp-content\/uploads\/2024\/03\/IMG-20240313-WA0029.jpg","datePublished":"2024-03-13T14:54:26+00:00","dateModified":"2024-03-13T14:54:28+00:00","author":{"@id":"https:\/\/vanxhaber.com\/#\/schema\/person\/a5fd8d89510cb5370e62ad176f7978ee"},"breadcrumb":{"@id":"https:\/\/vanxhaber.com\/index.php\/2024\/03\/13\/tarim-ve-orman-bakani-yumaklidan-gurpinara-mujdeler\/#breadcrumb"},"inLanguage":"tr","potentialAction":[{"@type":"ReadAction","target":["https:\/\/vanxhaber.com\/index.php\/2024\/03\/13\/tarim-ve-orman-bakani-yumaklidan-gurpinara-mujdeler\/"]}]},{"@type":"ImageObject","inLanguage":"tr","@id":"https:\/\/vanxhaber.com\/index.php\/2024\/03\/13\/tarim-ve-orman-bakani-yumaklidan-gurpinara-mujdeler\/#primaryimage","url":"https:\/\/vanxhaber.com\/wp-content\/uploads\/2024\/03\/IMG-20240313-WA0029.jpg","contentUrl":"https:\/\/vanxhaber.com\/wp-content\/uploads\/2024\/03\/IMG-20240313-WA0029.jpg","width":1600,"height":1200},{"@type":"BreadcrumbList","@id":"https:\/\/vanxhaber.com\/index.php\/2024\/03\/13\/tarim-ve-orman-bakani-yumaklidan-gurpinara-mujdeler\/#breadcrumb","itemListElement":[{"@type":"ListItem","position":1,"name":"Anasayfa","item":"https:\/\/vanxhaber.com\/"},{"@type":"ListItem","position":2,"name":"Tar\u0131m ve Orman Bakan\u0131 Yumakl\u0131\u2019dan G\u00fcrp\u0131nar\u2019a M\u00fcjdeler"}]},{"@type":"WebSite","@id":"https:\/\/vanxhaber.com\/#website","url":"https:\/\/vanxhaber.com\/","name":"Van Haber | Van X Haber | Van Haberleri","description":"Van Haber, Van&#039;\u0131n ilk yapay zeka teknolojileri ile yaz\u0131lan Van X Haber ve Van Haberlerini aktif g\u00fcncel sunan tek vanhaber merkezidir.","potentialAction":[{"@type":"SearchAction","target":{"@type":"EntryPoint","urlTemplate":"https:\/\/vanxhaber.com\/?s={search_term_string}"},"query-input":{"@type":"PropertyValueSpecification","valueRequired":true,"valueName":"search_term_string"}}],"inLanguage":"tr"},{"@type":"Person","@id":"https:\/\/vanxhaber.com\/#\/schema\/person\/a5fd8d89510cb5370e62ad176f7978ee","name":"Van X Haber","image":{"@type":"ImageObject","inLanguage":"tr","@id":"https:\/\/vanxhaber.com\/#\/schema\/person\/image\/","url":"https:\/\/secure.gravatar.com\/avatar\/36f2f63826681263103acb5ca1e7bc1a6db11baea9b75dd091d89b74f2704b07?s=96&d=mm&r=g","contentUrl":"https:\/\/secure.gravatar.com\/avatar\/36f2f63826681263103acb5ca1e7bc1a6db11baea9b75dd091d89b74f2704b07?s=96&d=mm&r=g","caption":"Van X Haber"},"description":"Van X Haber Van'\u0131n ilk ve tek yeni nesil Van Haber merkezi. Son Dakika Van Haberleri ve G\u00fcncel Van haber merkezinde s\u0131cak geli\u015fmeleri aktarmaya devam edece\u011fiz.","url":"https:\/\/vanxhaber.com\/index.php\/author\/vangazetesi\/"}]}},"_links":{"self":[{"href":"https:\/\/vanxhaber.com\/index.php\/wp-json\/wp\/v2\/posts\/1898","targetHints":{"allow":["GET"]}}],"collection":[{"href":"https:\/\/vanxhaber.com\/index.php\/wp-json\/wp\/v2\/posts"}],"about":[{"href":"https:\/\/vanxhaber.com\/index.php\/wp-json\/wp\/v2\/types\/post"}],"author":[{"embeddable":true,"href":"https:\/\/vanxhaber.com\/index.php\/wp-json\/wp\/v2\/users\/2"}],"replies":[{"embeddable":true,"href":"https:\/\/vanxhaber.com\/index.php\/wp-json\/wp\/v2\/comments?post=1898"}],"version-history":[{"count":1,"href":"https:\/\/vanxhaber.com\/index.php\/wp-json\/wp\/v2\/posts\/1898\/revisions"}],"predecessor-version":[{"id":1901,"href":"https:\/\/vanxhaber.com\/index.php\/wp-json\/wp\/v2\/posts\/1898\/revisions\/1901"}],"wp:featuredmedia":[{"embeddable":true,"href":"https:\/\/vanxhaber.com\/index.php\/wp-json\/wp\/v2\/media\/1900"}],"wp:attachment":[{"href":"https:\/\/vanxhaber.com\/index.php\/wp-json\/wp\/v2\/media?parent=1898"}],"wp:term":[{"taxonomy":"category","embeddable":true,"href":"https:\/\/vanxhaber.com\/index.php\/wp-json\/wp\/v2\/categories?post=1898"},{"taxonomy":"post_tag","embeddable":true,"href":"https:\/\/vanxhaber.com\/index.php\/wp-json\/wp\/v2\/tags?post=1898"}],"curies":[{"name":"wp","href":"https:\/\/api.w.org\/{rel}","templated":true}]}}