{"id":1913,"date":"2024-04-16T15:10:59","date_gmt":"2024-04-16T15:10:59","guid":{"rendered":"https:\/\/vanxhaber.com\/?p=1913"},"modified":"2024-04-16T15:11:03","modified_gmt":"2024-04-16T15:11:03","slug":"vanda-av-yasagi-basladi","status":"publish","type":"post","link":"https:\/\/vanxhaber.com\/index.php\/2024\/04\/16\/vanda-av-yasagi-basladi\/","title":{"rendered":"Van&#8217;da av yasa\u011f\u0131 ba\u015flad\u0131"},"content":{"rendered":"\n<p>Van&#8217;da bal\u0131\u0131k\u0131\u00e7\u0131lar teknelerini ba\u011flad\u0131lar oltalar kald\u0131r\u0131ld\u0131 ve doksan g\u00fcnl\u00fck inci kefali yasa\u011f\u0131 ba\u015flad\u0131.<\/p>\n\n\n\n<p>Van G\u00f6l\u00fc&#8217;nde 3 ay s\u00fcrecek av yasa\u011f\u0131n\u0131n ba\u015flamas\u0131yla bal\u0131k\u00e7\u0131lar harekete ge\u00e7ti.<\/p>\n\n\n\n<p>Bal\u0131k\u00e7\u0131lar, nadir bir t\u00fcr olan inci kefalinin neslinin korunmas\u0131 i\u00e7in uygulanan 90 g\u00fcnl\u00fck av yasa\u011f\u0131n\u0131n ba\u015flamas\u0131n\u0131n ard\u0131ndan teknelerini k\u0131y\u0131ya \u00e7ekti.<\/p>\n\n\n\n<p>Van G\u00f6l\u00fc&#8217;nde ya\u015fayan ve \u00fcreme d\u00f6neminde suyun ak\u0131\u015f\u0131n\u0131n tersine y\u00fczerek tatl\u0131 sulara g\u00f6\u00e7 eden inci kefali i\u00e7in bal\u0131k\u00e7\u0131lar, bu av sezonundaki son a\u011flar\u0131n\u0131 d\u00fcn sabah g\u00f6le b\u0131rakt\u0131.Tar\u0131m ve Orman Bakan\u0131 \u0130brahim Yumakl\u0131, d\u00fcn yapt\u0131\u011f\u0131 a\u00e7\u0131klamada 2023-2024 bal\u0131k\u00e7\u0131l\u0131k av sezonunun 15 Nisan&#8217;da sona erece\u011fini belirterek, sezonun ba\u015fta hamsi olmak \u00fczere bir\u00e7ok t\u00fcr\u00fcn avc\u0131l\u0131\u011f\u0131 a\u00e7\u0131s\u0131ndan bereketli ge\u00e7ti\u011fini bildirdi.<\/p>\n","protected":false},"excerpt":{"rendered":"<p>Van&#8217;da bal\u0131\u0131k\u0131\u00e7\u0131lar teknelerini ba\u011flad\u0131lar oltalar kald\u0131r\u0131ld\u0131 ve doksan g\u00fcnl\u00fck inci kefali yasa\u011f\u0131 ba\u015flad\u0131. Van G\u00f6l\u00fc&#8217;nde 3 ay s\u00fcrecek av yasa\u011f\u0131n\u0131n ba\u015flamas\u0131yla bal\u0131k\u00e7\u0131lar harekete ge\u00e7ti. Bal\u0131k\u00e7\u0131lar, nadir bir t\u00fcr olan inci kefalinin neslinin korunmas\u0131 i\u00e7in uygulanan 90 g\u00fcnl\u00fck av yasa\u011f\u0131n\u0131n ba\u015flamas\u0131n\u0131n ard\u0131ndan teknelerini k\u0131y\u0131ya \u00e7ekti. Van G\u00f6l\u00fc&#8217;nde ya\u015fayan ve \u00fcreme d\u00f6neminde suyun ak\u0131\u015f\u0131n\u0131n tersine y\u00fczerek tatl\u0131 &hellip;<\/p>\n","protected":false},"author":2,"featured_media":1915,"comment_status":"open","ping_status":"closed","sticky":false,"template":"","format":"standard","meta":{"googlesitekit_rrm_CAowot3VCw:productID":"","footnotes":""},"categories":[32,1,30],"tags":[],"class_list":["post-1913","post","type-post","status-publish","format-standard","has-post-thumbnail","hentry","category-van-genclik","category-van-haber","category-van-x-haber"],"yoast_head":"<!-- This site is optimized with the Yoast SEO Premium plugin v21.7 (Yoast SEO v26.7) - https:\/\/yoast.com\/wordpress\/plugins\/seo\/ -->\n<title>Van&#039;da av yasa\u011f\u0131 ba\u015flad\u0131 - Van Haber | Van X Haber | Van Haberleri<\/title>\n<meta name=\"robots\" content=\"index, follow, max-snippet:-1, max-image-preview:large, max-video-preview:-1\" \/>\n<link rel=\"canonical\" href=\"https:\/\/vanxhaber.com\/index.php\/2024\/04\/16\/vanda-av-yasagi-basladi\/\" \/>\n<meta property=\"og:locale\" content=\"tr_TR\" \/>\n<meta property=\"og:type\" content=\"article\" \/>\n<meta property=\"og:title\" content=\"Van&#039;da av yasa\u011f\u0131 ba\u015flad\u0131\" \/>\n<meta property=\"og:description\" content=\"Van&#8217;da bal\u0131\u0131k\u0131\u00e7\u0131lar teknelerini ba\u011flad\u0131lar oltalar kald\u0131r\u0131ld\u0131 ve doksan g\u00fcnl\u00fck inci kefali yasa\u011f\u0131 ba\u015flad\u0131. Van G\u00f6l\u00fc&#8217;nde 3 ay s\u00fcrecek av yasa\u011f\u0131n\u0131n ba\u015flamas\u0131yla bal\u0131k\u00e7\u0131lar harekete ge\u00e7ti. Bal\u0131k\u00e7\u0131lar, nadir bir t\u00fcr olan inci kefalinin neslinin korunmas\u0131 i\u00e7in uygulanan 90 g\u00fcnl\u00fck av yasa\u011f\u0131n\u0131n ba\u015flamas\u0131n\u0131n ard\u0131ndan teknelerini k\u0131y\u0131ya \u00e7ekti. Van G\u00f6l\u00fc&#8217;nde ya\u015fayan ve \u00fcreme d\u00f6neminde suyun ak\u0131\u015f\u0131n\u0131n tersine y\u00fczerek tatl\u0131 &hellip;\" \/>\n<meta property=\"og:url\" content=\"https:\/\/vanxhaber.com\/index.php\/2024\/04\/16\/vanda-av-yasagi-basladi\/\" \/>\n<meta property=\"og:site_name\" content=\"Van Haber | Van X Haber | Van Haberleri\" \/>\n<meta property=\"article:published_time\" content=\"2024-04-16T15:10:59+00:00\" \/>\n<meta property=\"article:modified_time\" content=\"2024-04-16T15:11:03+00:00\" \/>\n<meta property=\"og:image\" content=\"https:\/\/vanxhaber.com\/wp-content\/uploads\/2024\/04\/vanda-av-yasagi-bailsadi.jpg\" \/>\n\t<meta property=\"og:image:width\" content=\"1100\" \/>\n\t<meta property=\"og:image:height\" content=\"530\" \/>\n\t<meta property=\"og:image:type\" content=\"image\/jpeg\" \/>\n<meta name=\"author\" content=\"Van X Haber\" \/>\n<meta name=\"twitter:card\" content=\"summary_large_image\" \/>\n<meta name=\"twitter:label1\" content=\"Yazan:\" \/>\n\t<meta name=\"twitter:data1\" content=\"Van X Haber\" \/>\n\t<meta name=\"twitter:label2\" content=\"Tahmini okuma s\u00fcresi\" \/>\n\t<meta name=\"twitter:data2\" content=\"1 dakika\" \/>\n<script type=\"application\/ld+json\" class=\"yoast-schema-graph\">{\"@context\":\"https:\/\/schema.org\",\"@graph\":[{\"@type\":\"Article\",\"@id\":\"https:\/\/vanxhaber.com\/index.php\/2024\/04\/16\/vanda-av-yasagi-basladi\/#article\",\"isPartOf\":{\"@id\":\"https:\/\/vanxhaber.com\/index.php\/2024\/04\/16\/vanda-av-yasagi-basladi\/\"},\"author\":{\"name\":\"Van X Haber\",\"@id\":\"https:\/\/vanxhaber.com\/#\/schema\/person\/a5fd8d89510cb5370e62ad176f7978ee\"},\"headline\":\"Van&#8217;da av yasa\u011f\u0131 ba\u015flad\u0131\",\"datePublished\":\"2024-04-16T15:10:59+00:00\",\"dateModified\":\"2024-04-16T15:11:03+00:00\",\"mainEntityOfPage\":{\"@id\":\"https:\/\/vanxhaber.com\/index.php\/2024\/04\/16\/vanda-av-yasagi-basladi\/\"},\"wordCount\":170,\"commentCount\":0,\"image\":{\"@id\":\"https:\/\/vanxhaber.com\/index.php\/2024\/04\/16\/vanda-av-yasagi-basladi\/#primaryimage\"},\"thumbnailUrl\":\"https:\/\/vanxhaber.com\/wp-content\/uploads\/2024\/04\/vanda-av-yasagi-bailsadi.jpg\",\"articleSection\":[\"Van\u00a0Gen\u00e7lik\",\"Van Haber\",\"Van X Haber\"],\"inLanguage\":\"tr\",\"potentialAction\":[{\"@type\":\"CommentAction\",\"name\":\"Comment\",\"target\":[\"https:\/\/vanxhaber.com\/index.php\/2024\/04\/16\/vanda-av-yasagi-basladi\/#respond\"]}],\"copyrightYear\":\"2024\",\"copyrightHolder\":{\"@id\":\"https:\/\/vanxhaber.com\/#organization\"}},{\"@type\":\"WebPage\",\"@id\":\"https:\/\/vanxhaber.com\/index.php\/2024\/04\/16\/vanda-av-yasagi-basladi\/\",\"url\":\"https:\/\/vanxhaber.com\/index.php\/2024\/04\/16\/vanda-av-yasagi-basladi\/\",\"name\":\"Van'da av yasa\u011f\u0131 ba\u015flad\u0131 - Van Haber | Van X Haber | Van Haberleri\",\"isPartOf\":{\"@id\":\"https:\/\/vanxhaber.com\/#website\"},\"primaryImageOfPage\":{\"@id\":\"https:\/\/vanxhaber.com\/index.php\/2024\/04\/16\/vanda-av-yasagi-basladi\/#primaryimage\"},\"image\":{\"@id\":\"https:\/\/vanxhaber.com\/index.php\/2024\/04\/16\/vanda-av-yasagi-basladi\/#primaryimage\"},\"thumbnailUrl\":\"https:\/\/vanxhaber.com\/wp-content\/uploads\/2024\/04\/vanda-av-yasagi-bailsadi.jpg\",\"datePublished\":\"2024-04-16T15:10:59+00:00\",\"dateModified\":\"2024-04-16T15:11:03+00:00\",\"author\":{\"@id\":\"https:\/\/vanxhaber.com\/#\/schema\/person\/a5fd8d89510cb5370e62ad176f7978ee\"},\"breadcrumb\":{\"@id\":\"https:\/\/vanxhaber.com\/index.php\/2024\/04\/16\/vanda-av-yasagi-basladi\/#breadcrumb\"},\"inLanguage\":\"tr\",\"potentialAction\":[{\"@type\":\"ReadAction\",\"target\":[\"https:\/\/vanxhaber.com\/index.php\/2024\/04\/16\/vanda-av-yasagi-basladi\/\"]}]},{\"@type\":\"ImageObject\",\"inLanguage\":\"tr\",\"@id\":\"https:\/\/vanxhaber.com\/index.php\/2024\/04\/16\/vanda-av-yasagi-basladi\/#primaryimage\",\"url\":\"https:\/\/vanxhaber.com\/wp-content\/uploads\/2024\/04\/vanda-av-yasagi-bailsadi.jpg\",\"contentUrl\":\"https:\/\/vanxhaber.com\/wp-content\/uploads\/2024\/04\/vanda-av-yasagi-bailsadi.jpg\",\"width\":1100,\"height\":530},{\"@type\":\"BreadcrumbList\",\"@id\":\"https:\/\/vanxhaber.com\/index.php\/2024\/04\/16\/vanda-av-yasagi-basladi\/#breadcrumb\",\"itemListElement\":[{\"@type\":\"ListItem\",\"position\":1,\"name\":\"Anasayfa\",\"item\":\"https:\/\/vanxhaber.com\/\"},{\"@type\":\"ListItem\",\"position\":2,\"name\":\"Van&#8217;da av yasa\u011f\u0131 ba\u015flad\u0131\"}]},{\"@type\":\"WebSite\",\"@id\":\"https:\/\/vanxhaber.com\/#website\",\"url\":\"https:\/\/vanxhaber.com\/\",\"name\":\"Van Haber | Van X Haber | Van Haberleri\",\"description\":\"Van Haber, Van&#039;\u0131n ilk yapay zeka teknolojileri ile yaz\u0131lan Van X Haber ve Van Haberlerini aktif g\u00fcncel sunan tek vanhaber merkezidir.\",\"potentialAction\":[{\"@type\":\"SearchAction\",\"target\":{\"@type\":\"EntryPoint\",\"urlTemplate\":\"https:\/\/vanxhaber.com\/?s={search_term_string}\"},\"query-input\":{\"@type\":\"PropertyValueSpecification\",\"valueRequired\":true,\"valueName\":\"search_term_string\"}}],\"inLanguage\":\"tr\"},{\"@type\":\"Person\",\"@id\":\"https:\/\/vanxhaber.com\/#\/schema\/person\/a5fd8d89510cb5370e62ad176f7978ee\",\"name\":\"Van X Haber\",\"image\":{\"@type\":\"ImageObject\",\"inLanguage\":\"tr\",\"@id\":\"https:\/\/vanxhaber.com\/#\/schema\/person\/image\/\",\"url\":\"https:\/\/secure.gravatar.com\/avatar\/36f2f63826681263103acb5ca1e7bc1a6db11baea9b75dd091d89b74f2704b07?s=96&d=mm&r=g\",\"contentUrl\":\"https:\/\/secure.gravatar.com\/avatar\/36f2f63826681263103acb5ca1e7bc1a6db11baea9b75dd091d89b74f2704b07?s=96&d=mm&r=g\",\"caption\":\"Van X Haber\"},\"description\":\"Van X Haber Van'\u0131n ilk ve tek yeni nesil Van Haber merkezi. Son Dakika Van Haberleri ve G\u00fcncel Van haber merkezinde s\u0131cak geli\u015fmeleri aktarmaya devam edece\u011fiz.\",\"url\":\"https:\/\/vanxhaber.com\/index.php\/author\/vangazetesi\/\"}]}<\/script>\n<!-- \/ Yoast SEO Premium plugin. -->","yoast_head_json":{"title":"Van'da av yasa\u011f\u0131 ba\u015flad\u0131 - Van Haber | Van X Haber | Van Haberleri","robots":{"index":"index","follow":"follow","max-snippet":"max-snippet:-1","max-image-preview":"max-image-preview:large","max-video-preview":"max-video-preview:-1"},"canonical":"https:\/\/vanxhaber.com\/index.php\/2024\/04\/16\/vanda-av-yasagi-basladi\/","og_locale":"tr_TR","og_type":"article","og_title":"Van'da av yasa\u011f\u0131 ba\u015flad\u0131","og_description":"Van&#8217;da bal\u0131\u0131k\u0131\u00e7\u0131lar teknelerini ba\u011flad\u0131lar oltalar kald\u0131r\u0131ld\u0131 ve doksan g\u00fcnl\u00fck inci kefali yasa\u011f\u0131 ba\u015flad\u0131. Van G\u00f6l\u00fc&#8217;nde 3 ay s\u00fcrecek av yasa\u011f\u0131n\u0131n ba\u015flamas\u0131yla bal\u0131k\u00e7\u0131lar harekete ge\u00e7ti. Bal\u0131k\u00e7\u0131lar, nadir bir t\u00fcr olan inci kefalinin neslinin korunmas\u0131 i\u00e7in uygulanan 90 g\u00fcnl\u00fck av yasa\u011f\u0131n\u0131n ba\u015flamas\u0131n\u0131n ard\u0131ndan teknelerini k\u0131y\u0131ya \u00e7ekti. Van G\u00f6l\u00fc&#8217;nde ya\u015fayan ve \u00fcreme d\u00f6neminde suyun ak\u0131\u015f\u0131n\u0131n tersine y\u00fczerek tatl\u0131 &hellip;","og_url":"https:\/\/vanxhaber.com\/index.php\/2024\/04\/16\/vanda-av-yasagi-basladi\/","og_site_name":"Van Haber | Van X Haber | Van Haberleri","article_published_time":"2024-04-16T15:10:59+00:00","article_modified_time":"2024-04-16T15:11:03+00:00","og_image":[{"width":1100,"height":530,"url":"https:\/\/vanxhaber.com\/wp-content\/uploads\/2024\/04\/vanda-av-yasagi-bailsadi.jpg","type":"image\/jpeg"}],"author":"Van X Haber","twitter_card":"summary_large_image","twitter_misc":{"Yazan:":"Van X Haber","Tahmini okuma s\u00fcresi":"1 dakika"},"schema":{"@context":"https:\/\/schema.org","@graph":[{"@type":"Article","@id":"https:\/\/vanxhaber.com\/index.php\/2024\/04\/16\/vanda-av-yasagi-basladi\/#article","isPartOf":{"@id":"https:\/\/vanxhaber.com\/index.php\/2024\/04\/16\/vanda-av-yasagi-basladi\/"},"author":{"name":"Van X Haber","@id":"https:\/\/vanxhaber.com\/#\/schema\/person\/a5fd8d89510cb5370e62ad176f7978ee"},"headline":"Van&#8217;da av yasa\u011f\u0131 ba\u015flad\u0131","datePublished":"2024-04-16T15:10:59+00:00","dateModified":"2024-04-16T15:11:03+00:00","mainEntityOfPage":{"@id":"https:\/\/vanxhaber.com\/index.php\/2024\/04\/16\/vanda-av-yasagi-basladi\/"},"wordCount":170,"commentCount":0,"image":{"@id":"https:\/\/vanxhaber.com\/index.php\/2024\/04\/16\/vanda-av-yasagi-basladi\/#primaryimage"},"thumbnailUrl":"https:\/\/vanxhaber.com\/wp-content\/uploads\/2024\/04\/vanda-av-yasagi-bailsadi.jpg","articleSection":["Van\u00a0Gen\u00e7lik","Van Haber","Van X Haber"],"inLanguage":"tr","potentialAction":[{"@type":"CommentAction","name":"Comment","target":["https:\/\/vanxhaber.com\/index.php\/2024\/04\/16\/vanda-av-yasagi-basladi\/#respond"]}],"copyrightYear":"2024","copyrightHolder":{"@id":"https:\/\/vanxhaber.com\/#organization"}},{"@type":"WebPage","@id":"https:\/\/vanxhaber.com\/index.php\/2024\/04\/16\/vanda-av-yasagi-basladi\/","url":"https:\/\/vanxhaber.com\/index.php\/2024\/04\/16\/vanda-av-yasagi-basladi\/","name":"Van'da av yasa\u011f\u0131 ba\u015flad\u0131 - Van Haber | Van X Haber | Van Haberleri","isPartOf":{"@id":"https:\/\/vanxhaber.com\/#website"},"primaryImageOfPage":{"@id":"https:\/\/vanxhaber.com\/index.php\/2024\/04\/16\/vanda-av-yasagi-basladi\/#primaryimage"},"image":{"@id":"https:\/\/vanxhaber.com\/index.php\/2024\/04\/16\/vanda-av-yasagi-basladi\/#primaryimage"},"thumbnailUrl":"https:\/\/vanxhaber.com\/wp-content\/uploads\/2024\/04\/vanda-av-yasagi-bailsadi.jpg","datePublished":"2024-04-16T15:10:59+00:00","dateModified":"2024-04-16T15:11:03+00:00","author":{"@id":"https:\/\/vanxhaber.com\/#\/schema\/person\/a5fd8d89510cb5370e62ad176f7978ee"},"breadcrumb":{"@id":"https:\/\/vanxhaber.com\/index.php\/2024\/04\/16\/vanda-av-yasagi-basladi\/#breadcrumb"},"inLanguage":"tr","potentialAction":[{"@type":"ReadAction","target":["https:\/\/vanxhaber.com\/index.php\/2024\/04\/16\/vanda-av-yasagi-basladi\/"]}]},{"@type":"ImageObject","inLanguage":"tr","@id":"https:\/\/vanxhaber.com\/index.php\/2024\/04\/16\/vanda-av-yasagi-basladi\/#primaryimage","url":"https:\/\/vanxhaber.com\/wp-content\/uploads\/2024\/04\/vanda-av-yasagi-bailsadi.jpg","contentUrl":"https:\/\/vanxhaber.com\/wp-content\/uploads\/2024\/04\/vanda-av-yasagi-bailsadi.jpg","width":1100,"height":530},{"@type":"BreadcrumbList","@id":"https:\/\/vanxhaber.com\/index.php\/2024\/04\/16\/vanda-av-yasagi-basladi\/#breadcrumb","itemListElement":[{"@type":"ListItem","position":1,"name":"Anasayfa","item":"https:\/\/vanxhaber.com\/"},{"@type":"ListItem","position":2,"name":"Van&#8217;da av yasa\u011f\u0131 ba\u015flad\u0131"}]},{"@type":"WebSite","@id":"https:\/\/vanxhaber.com\/#website","url":"https:\/\/vanxhaber.com\/","name":"Van Haber | Van X Haber | Van Haberleri","description":"Van Haber, Van&#039;\u0131n ilk yapay zeka teknolojileri ile yaz\u0131lan Van X Haber ve Van Haberlerini aktif g\u00fcncel sunan tek vanhaber merkezidir.","potentialAction":[{"@type":"SearchAction","target":{"@type":"EntryPoint","urlTemplate":"https:\/\/vanxhaber.com\/?s={search_term_string}"},"query-input":{"@type":"PropertyValueSpecification","valueRequired":true,"valueName":"search_term_string"}}],"inLanguage":"tr"},{"@type":"Person","@id":"https:\/\/vanxhaber.com\/#\/schema\/person\/a5fd8d89510cb5370e62ad176f7978ee","name":"Van X Haber","image":{"@type":"ImageObject","inLanguage":"tr","@id":"https:\/\/vanxhaber.com\/#\/schema\/person\/image\/","url":"https:\/\/secure.gravatar.com\/avatar\/36f2f63826681263103acb5ca1e7bc1a6db11baea9b75dd091d89b74f2704b07?s=96&d=mm&r=g","contentUrl":"https:\/\/secure.gravatar.com\/avatar\/36f2f63826681263103acb5ca1e7bc1a6db11baea9b75dd091d89b74f2704b07?s=96&d=mm&r=g","caption":"Van X Haber"},"description":"Van X Haber Van'\u0131n ilk ve tek yeni nesil Van Haber merkezi. Son Dakika Van Haberleri ve G\u00fcncel Van haber merkezinde s\u0131cak geli\u015fmeleri aktarmaya devam edece\u011fiz.","url":"https:\/\/vanxhaber.com\/index.php\/author\/vangazetesi\/"}]}},"_links":{"self":[{"href":"https:\/\/vanxhaber.com\/index.php\/wp-json\/wp\/v2\/posts\/1913","targetHints":{"allow":["GET"]}}],"collection":[{"href":"https:\/\/vanxhaber.com\/index.php\/wp-json\/wp\/v2\/posts"}],"about":[{"href":"https:\/\/vanxhaber.com\/index.php\/wp-json\/wp\/v2\/types\/post"}],"author":[{"embeddable":true,"href":"https:\/\/vanxhaber.com\/index.php\/wp-json\/wp\/v2\/users\/2"}],"replies":[{"embeddable":true,"href":"https:\/\/vanxhaber.com\/index.php\/wp-json\/wp\/v2\/comments?post=1913"}],"version-history":[{"count":1,"href":"https:\/\/vanxhaber.com\/index.php\/wp-json\/wp\/v2\/posts\/1913\/revisions"}],"predecessor-version":[{"id":1916,"href":"https:\/\/vanxhaber.com\/index.php\/wp-json\/wp\/v2\/posts\/1913\/revisions\/1916"}],"wp:featuredmedia":[{"embeddable":true,"href":"https:\/\/vanxhaber.com\/index.php\/wp-json\/wp\/v2\/media\/1915"}],"wp:attachment":[{"href":"https:\/\/vanxhaber.com\/index.php\/wp-json\/wp\/v2\/media?parent=1913"}],"wp:term":[{"taxonomy":"category","embeddable":true,"href":"https:\/\/vanxhaber.com\/index.php\/wp-json\/wp\/v2\/categories?post=1913"},{"taxonomy":"post_tag","embeddable":true,"href":"https:\/\/vanxhaber.com\/index.php\/wp-json\/wp\/v2\/tags?post=1913"}],"curies":[{"name":"wp","href":"https:\/\/api.w.org\/{rel}","templated":true}]}}