{"id":1917,"date":"2024-04-16T15:16:50","date_gmt":"2024-04-16T15:16:50","guid":{"rendered":"https:\/\/vanxhaber.com\/?p=1917"},"modified":"2024-04-16T15:16:52","modified_gmt":"2024-04-16T15:16:52","slug":"ysk-3-ilce-ve-4-beldede-secimin-yenilenmesine-karar-verdi","status":"publish","type":"post","link":"https:\/\/vanxhaber.com\/index.php\/2024\/04\/16\/ysk-3-ilce-ve-4-beldede-secimin-yenilenmesine-karar-verdi\/","title":{"rendered":"YSK, 3 il\u00e7e ve 4 beldede se\u00e7imin yenilenmesine karar verdi"},"content":{"rendered":"\n<p><strong><br>Y\u00fcksek Se\u00e7im Kurulu (YSK), 31 Mart&#8217;taki Mahalli \u0130dareler Genel Se\u00e7imleri&#8217;nin ard\u0131ndan yap\u0131lan itirazlar\u0131 inceleyerek \u015fu ana kadar 3 il\u00e7e ve 4 beldede se\u00e7imin yenilenmesine karar verdi.<\/strong><\/p>\n\n\n\n<p>YSK, Kayseri&#8217;nin P\u0131narba\u015f\u0131, \u015eanl\u0131urfa&#8217;n\u0131n Hilvan, Aksaray&#8217;\u0131n G\u00fczelyurt il\u00e7eleri ile Sivas Y\u0131ld\u0131zeli G\u00fcneykaya, K\u0131rklareli L\u00fcleburgaz B\u00fcy\u00fckkar\u0131\u015ft\u0131ran, Tunceli Mazgirt Akpazar\u0131 ve Aksaray Merkez Sa\u011fl\u0131k beldelerinde se\u00e7imlerin iptalini kararla\u015ft\u0131rd\u0131. Bu yerlerde se\u00e7imler, 2 Haziran&#8217;da yenilenecek.<\/p>\n\n\n\n<p>YSK itirazlar\u0131n tamam\u0131n\u0131 karara ba\u011flamas\u0131n\u0131n ard\u0131ndan kesin se\u00e7im sonu\u00e7lar\u0131n\u0131 a\u00e7\u0131klayacak.<\/p>\n\n\n\n<p>YSK, 2 il, 11 il\u00e7e ve 7 beldede se\u00e7imlere y\u00f6nelik itirazlar\u0131 reddetti<br>Y\u00fcksek Se\u00e7im Kurulu (YSK), 8 siyasi partinin 2 il, 11 il\u00e7e ile 7 beldede se\u00e7imlerin ve mazbatan\u0131n iptaline y\u00f6nelik ba\u015fvurular\u0131n\u0131 reddetti.<\/p>\n\n\n\n<p>YSK, 31 Mart Mahalli \u0130dareler Genel Se\u00e7imleri&#8217;nin sonu\u00e7lar\u0131na ili\u015fkin siyasi partilerin itirazlar\u0131n\u0131 karara ba\u011flad\u0131.<\/p>\n\n\n\n<p>Al\u0131nan bilgiye g\u00f6re, AK Parti&#8217;nin \u0130stanbul Bah\u00e7elievler il\u00e7esi ile \u015eanl\u0131urfa Halfeti il\u00e7esinde se\u00e7imlerin yenilenmesine ili\u015fkin ba\u015fvurusu reddedildi.<\/p>\n\n\n\n<p>Kurul, CHP&#8217;nin Osmaniye&#8217;nin Toprakkale il\u00e7esi T\u00fcrkmen beldesi ile T\u0130P&#8217;in Tokat&#8217;\u0131n Niksar il\u00e7esi Yaz\u0131c\u0131k beldesinde se\u00e7imlerin yenilenmesine y\u00f6nelik taleplerini de kabul etmedi.<\/p>\n\n\n\n<p>MHP&#8217;nin, K\u00fctahya&#8217;n\u0131n Simav il\u00e7esi G\u00fcney beldesinde, Afyonkarahisar&#8217;\u0131n \u0130hsaniye il\u00e7esi D\u00f6\u011fer beldesi ile Sinanpa\u015fa il\u00e7esi Ak\u00f6ren beldesi ve Bing\u00f6l&#8217;\u00fcn Yedisu il\u00e7esinde se\u00e7imlerin yenilenmesine y\u00f6nelik ba\u015fvurusu reddedildi.<\/p>\n\n\n\n<p>Kurul, Yeniden Refah Partisi&#8217;nin \u015eanl\u0131urfa&#8217;n\u0131n Siverek, Samsun&#8217;un Bafra, Giresun&#8217;un Do\u011fankent, Gaziantep&#8217;in Nurda\u011f\u0131, I\u011fd\u0131r&#8217;\u0131n Aral\u0131k il\u00e7elerinde se\u00e7imlerin iptali, Konya&#8217;n\u0131n \u00c7eltik il\u00e7esi, G\u00fcm\u00fc\u015fhane&#8217;nin Kelkit il\u00e7esi Deredolu beldesinde ise mazbata iptali ba\u015fvurular\u0131n\u0131 reddetti.<\/p>\n\n\n\n<p>YSK, BBP&#8217;nin Aksaray&#8217;\u0131n G\u00fcla\u011fa\u00e7 il\u00e7esi G\u00fclp\u0131nar beldesi ve Erzurum&#8217;un \u0130spir il\u00e7elerinde se\u00e7imlerin iptaline y\u00f6nelik ba\u015fvurusunu ve Aksaray&#8217;\u0131n G\u00fczelyurt il\u00e7esinde daha \u00f6nce &#8220;se\u00e7imlerin yenilenmesi&#8221; y\u00f6n\u00fcnde al\u0131nan karara \u0130Y\u0130 Parti&#8217;nin yapt\u0131\u011f\u0131 itiraz\u0131 da reddetti.<\/p>\n\n\n\n<p>Kurul, DEM Parti&#8217;nin \u015e\u0131rnak ve Kars i\u00e7in yapt\u0131\u011f\u0131 se\u00e7imlerin yenilenmesi talebini de kabul etmedi.<\/p>\n","protected":false},"excerpt":{"rendered":"<p>Y\u00fcksek Se\u00e7im Kurulu (YSK), 31 Mart&#8217;taki Mahalli \u0130dareler Genel Se\u00e7imleri&#8217;nin ard\u0131ndan yap\u0131lan itirazlar\u0131 inceleyerek \u015fu ana kadar 3 il\u00e7e ve 4 beldede se\u00e7imin yenilenmesine karar verdi. YSK, Kayseri&#8217;nin P\u0131narba\u015f\u0131, \u015eanl\u0131urfa&#8217;n\u0131n Hilvan, Aksaray&#8217;\u0131n G\u00fczelyurt il\u00e7eleri ile Sivas Y\u0131ld\u0131zeli G\u00fcneykaya, K\u0131rklareli L\u00fcleburgaz B\u00fcy\u00fckkar\u0131\u015ft\u0131ran, Tunceli Mazgirt Akpazar\u0131 ve Aksaray Merkez Sa\u011fl\u0131k beldelerinde se\u00e7imlerin iptalini kararla\u015ft\u0131rd\u0131. Bu yerlerde se\u00e7imler, &hellip;<\/p>\n","protected":false},"author":2,"featured_media":1919,"comment_status":"open","ping_status":"closed","sticky":false,"template":"","format":"standard","meta":{"googlesitekit_rrm_CAowot3VCw:productID":"","footnotes":""},"categories":[24,29],"tags":[],"class_list":["post-1917","post","type-post","status-publish","format-standard","has-post-thumbnail","hentry","category-van-haberleri","category-van-kaza"],"yoast_head":"<!-- This site is optimized with the Yoast SEO Premium plugin v21.7 (Yoast SEO v26.7) - https:\/\/yoast.com\/wordpress\/plugins\/seo\/ -->\n<title>YSK, 3 il\u00e7e ve 4 beldede se\u00e7imin yenilenmesine karar verdi - Van Haber | Van X Haber | Van Haberleri<\/title>\n<meta name=\"robots\" content=\"index, follow, max-snippet:-1, max-image-preview:large, max-video-preview:-1\" \/>\n<link rel=\"canonical\" href=\"https:\/\/vanxhaber.com\/index.php\/2024\/04\/16\/ysk-3-ilce-ve-4-beldede-secimin-yenilenmesine-karar-verdi\/\" \/>\n<meta property=\"og:locale\" content=\"tr_TR\" \/>\n<meta property=\"og:type\" content=\"article\" \/>\n<meta property=\"og:title\" content=\"YSK, 3 il\u00e7e ve 4 beldede se\u00e7imin yenilenmesine karar verdi\" \/>\n<meta property=\"og:description\" content=\"Y\u00fcksek Se\u00e7im Kurulu (YSK), 31 Mart&#8217;taki Mahalli \u0130dareler Genel Se\u00e7imleri&#8217;nin ard\u0131ndan yap\u0131lan itirazlar\u0131 inceleyerek \u015fu ana kadar 3 il\u00e7e ve 4 beldede se\u00e7imin yenilenmesine karar verdi. YSK, Kayseri&#8217;nin P\u0131narba\u015f\u0131, \u015eanl\u0131urfa&#8217;n\u0131n Hilvan, Aksaray&#8217;\u0131n G\u00fczelyurt il\u00e7eleri ile Sivas Y\u0131ld\u0131zeli G\u00fcneykaya, K\u0131rklareli L\u00fcleburgaz B\u00fcy\u00fckkar\u0131\u015ft\u0131ran, Tunceli Mazgirt Akpazar\u0131 ve Aksaray Merkez Sa\u011fl\u0131k beldelerinde se\u00e7imlerin iptalini kararla\u015ft\u0131rd\u0131. Bu yerlerde se\u00e7imler, &hellip;\" \/>\n<meta property=\"og:url\" content=\"https:\/\/vanxhaber.com\/index.php\/2024\/04\/16\/ysk-3-ilce-ve-4-beldede-secimin-yenilenmesine-karar-verdi\/\" \/>\n<meta property=\"og:site_name\" content=\"Van Haber | Van X Haber | Van Haberleri\" \/>\n<meta property=\"article:published_time\" content=\"2024-04-16T15:16:50+00:00\" \/>\n<meta property=\"article:modified_time\" content=\"2024-04-16T15:16:52+00:00\" \/>\n<meta property=\"og:image\" content=\"https:\/\/vanxhaber.com\/wp-content\/uploads\/2024\/04\/ysk.jpg\" \/>\n\t<meta property=\"og:image:width\" content=\"1100\" \/>\n\t<meta property=\"og:image:height\" content=\"530\" \/>\n\t<meta property=\"og:image:type\" content=\"image\/jpeg\" \/>\n<meta name=\"author\" content=\"Van X Haber\" \/>\n<meta name=\"twitter:card\" content=\"summary_large_image\" \/>\n<meta name=\"twitter:label1\" content=\"Yazan:\" \/>\n\t<meta name=\"twitter:data1\" content=\"Van X Haber\" \/>\n\t<meta name=\"twitter:label2\" content=\"Tahmini okuma s\u00fcresi\" \/>\n\t<meta name=\"twitter:data2\" content=\"2 dakika\" \/>\n<script type=\"application\/ld+json\" class=\"yoast-schema-graph\">{\"@context\":\"https:\/\/schema.org\",\"@graph\":[{\"@type\":\"Article\",\"@id\":\"https:\/\/vanxhaber.com\/index.php\/2024\/04\/16\/ysk-3-ilce-ve-4-beldede-secimin-yenilenmesine-karar-verdi\/#article\",\"isPartOf\":{\"@id\":\"https:\/\/vanxhaber.com\/index.php\/2024\/04\/16\/ysk-3-ilce-ve-4-beldede-secimin-yenilenmesine-karar-verdi\/\"},\"author\":{\"name\":\"Van X Haber\",\"@id\":\"https:\/\/vanxhaber.com\/#\/schema\/person\/a5fd8d89510cb5370e62ad176f7978ee\"},\"headline\":\"YSK, 3 il\u00e7e ve 4 beldede se\u00e7imin yenilenmesine karar verdi\",\"datePublished\":\"2024-04-16T15:16:50+00:00\",\"dateModified\":\"2024-04-16T15:16:52+00:00\",\"mainEntityOfPage\":{\"@id\":\"https:\/\/vanxhaber.com\/index.php\/2024\/04\/16\/ysk-3-ilce-ve-4-beldede-secimin-yenilenmesine-karar-verdi\/\"},\"wordCount\":398,\"commentCount\":0,\"image\":{\"@id\":\"https:\/\/vanxhaber.com\/index.php\/2024\/04\/16\/ysk-3-ilce-ve-4-beldede-secimin-yenilenmesine-karar-verdi\/#primaryimage\"},\"thumbnailUrl\":\"https:\/\/vanxhaber.com\/wp-content\/uploads\/2024\/04\/ysk.jpg\",\"articleSection\":[\"Van Haberleri\",\"Van Kaza\"],\"inLanguage\":\"tr\",\"potentialAction\":[{\"@type\":\"CommentAction\",\"name\":\"Comment\",\"target\":[\"https:\/\/vanxhaber.com\/index.php\/2024\/04\/16\/ysk-3-ilce-ve-4-beldede-secimin-yenilenmesine-karar-verdi\/#respond\"]}],\"copyrightYear\":\"2024\",\"copyrightHolder\":{\"@id\":\"https:\/\/vanxhaber.com\/#organization\"}},{\"@type\":\"WebPage\",\"@id\":\"https:\/\/vanxhaber.com\/index.php\/2024\/04\/16\/ysk-3-ilce-ve-4-beldede-secimin-yenilenmesine-karar-verdi\/\",\"url\":\"https:\/\/vanxhaber.com\/index.php\/2024\/04\/16\/ysk-3-ilce-ve-4-beldede-secimin-yenilenmesine-karar-verdi\/\",\"name\":\"YSK, 3 il\u00e7e ve 4 beldede se\u00e7imin yenilenmesine karar verdi - Van Haber | Van X Haber | Van Haberleri\",\"isPartOf\":{\"@id\":\"https:\/\/vanxhaber.com\/#website\"},\"primaryImageOfPage\":{\"@id\":\"https:\/\/vanxhaber.com\/index.php\/2024\/04\/16\/ysk-3-ilce-ve-4-beldede-secimin-yenilenmesine-karar-verdi\/#primaryimage\"},\"image\":{\"@id\":\"https:\/\/vanxhaber.com\/index.php\/2024\/04\/16\/ysk-3-ilce-ve-4-beldede-secimin-yenilenmesine-karar-verdi\/#primaryimage\"},\"thumbnailUrl\":\"https:\/\/vanxhaber.com\/wp-content\/uploads\/2024\/04\/ysk.jpg\",\"datePublished\":\"2024-04-16T15:16:50+00:00\",\"dateModified\":\"2024-04-16T15:16:52+00:00\",\"author\":{\"@id\":\"https:\/\/vanxhaber.com\/#\/schema\/person\/a5fd8d89510cb5370e62ad176f7978ee\"},\"breadcrumb\":{\"@id\":\"https:\/\/vanxhaber.com\/index.php\/2024\/04\/16\/ysk-3-ilce-ve-4-beldede-secimin-yenilenmesine-karar-verdi\/#breadcrumb\"},\"inLanguage\":\"tr\",\"potentialAction\":[{\"@type\":\"ReadAction\",\"target\":[\"https:\/\/vanxhaber.com\/index.php\/2024\/04\/16\/ysk-3-ilce-ve-4-beldede-secimin-yenilenmesine-karar-verdi\/\"]}]},{\"@type\":\"ImageObject\",\"inLanguage\":\"tr\",\"@id\":\"https:\/\/vanxhaber.com\/index.php\/2024\/04\/16\/ysk-3-ilce-ve-4-beldede-secimin-yenilenmesine-karar-verdi\/#primaryimage\",\"url\":\"https:\/\/vanxhaber.com\/wp-content\/uploads\/2024\/04\/ysk.jpg\",\"contentUrl\":\"https:\/\/vanxhaber.com\/wp-content\/uploads\/2024\/04\/ysk.jpg\",\"width\":1100,\"height\":530},{\"@type\":\"BreadcrumbList\",\"@id\":\"https:\/\/vanxhaber.com\/index.php\/2024\/04\/16\/ysk-3-ilce-ve-4-beldede-secimin-yenilenmesine-karar-verdi\/#breadcrumb\",\"itemListElement\":[{\"@type\":\"ListItem\",\"position\":1,\"name\":\"Anasayfa\",\"item\":\"https:\/\/vanxhaber.com\/\"},{\"@type\":\"ListItem\",\"position\":2,\"name\":\"YSK, 3 il\u00e7e ve 4 beldede se\u00e7imin yenilenmesine karar verdi\"}]},{\"@type\":\"WebSite\",\"@id\":\"https:\/\/vanxhaber.com\/#website\",\"url\":\"https:\/\/vanxhaber.com\/\",\"name\":\"Van Haber | Van X Haber | Van Haberleri\",\"description\":\"Van Haber, Van&#039;\u0131n ilk yapay zeka teknolojileri ile yaz\u0131lan Van X Haber ve Van Haberlerini aktif g\u00fcncel sunan tek vanhaber merkezidir.\",\"potentialAction\":[{\"@type\":\"SearchAction\",\"target\":{\"@type\":\"EntryPoint\",\"urlTemplate\":\"https:\/\/vanxhaber.com\/?s={search_term_string}\"},\"query-input\":{\"@type\":\"PropertyValueSpecification\",\"valueRequired\":true,\"valueName\":\"search_term_string\"}}],\"inLanguage\":\"tr\"},{\"@type\":\"Person\",\"@id\":\"https:\/\/vanxhaber.com\/#\/schema\/person\/a5fd8d89510cb5370e62ad176f7978ee\",\"name\":\"Van X Haber\",\"image\":{\"@type\":\"ImageObject\",\"inLanguage\":\"tr\",\"@id\":\"https:\/\/vanxhaber.com\/#\/schema\/person\/image\/\",\"url\":\"https:\/\/secure.gravatar.com\/avatar\/36f2f63826681263103acb5ca1e7bc1a6db11baea9b75dd091d89b74f2704b07?s=96&d=mm&r=g\",\"contentUrl\":\"https:\/\/secure.gravatar.com\/avatar\/36f2f63826681263103acb5ca1e7bc1a6db11baea9b75dd091d89b74f2704b07?s=96&d=mm&r=g\",\"caption\":\"Van X Haber\"},\"description\":\"Van X Haber Van'\u0131n ilk ve tek yeni nesil Van Haber merkezi. Son Dakika Van Haberleri ve G\u00fcncel Van haber merkezinde s\u0131cak geli\u015fmeleri aktarmaya devam edece\u011fiz.\",\"url\":\"https:\/\/vanxhaber.com\/index.php\/author\/vangazetesi\/\"}]}<\/script>\n<!-- \/ Yoast SEO Premium plugin. -->","yoast_head_json":{"title":"YSK, 3 il\u00e7e ve 4 beldede se\u00e7imin yenilenmesine karar verdi - Van Haber | Van X Haber | Van Haberleri","robots":{"index":"index","follow":"follow","max-snippet":"max-snippet:-1","max-image-preview":"max-image-preview:large","max-video-preview":"max-video-preview:-1"},"canonical":"https:\/\/vanxhaber.com\/index.php\/2024\/04\/16\/ysk-3-ilce-ve-4-beldede-secimin-yenilenmesine-karar-verdi\/","og_locale":"tr_TR","og_type":"article","og_title":"YSK, 3 il\u00e7e ve 4 beldede se\u00e7imin yenilenmesine karar verdi","og_description":"Y\u00fcksek Se\u00e7im Kurulu (YSK), 31 Mart&#8217;taki Mahalli \u0130dareler Genel Se\u00e7imleri&#8217;nin ard\u0131ndan yap\u0131lan itirazlar\u0131 inceleyerek \u015fu ana kadar 3 il\u00e7e ve 4 beldede se\u00e7imin yenilenmesine karar verdi. YSK, Kayseri&#8217;nin P\u0131narba\u015f\u0131, \u015eanl\u0131urfa&#8217;n\u0131n Hilvan, Aksaray&#8217;\u0131n G\u00fczelyurt il\u00e7eleri ile Sivas Y\u0131ld\u0131zeli G\u00fcneykaya, K\u0131rklareli L\u00fcleburgaz B\u00fcy\u00fckkar\u0131\u015ft\u0131ran, Tunceli Mazgirt Akpazar\u0131 ve Aksaray Merkez Sa\u011fl\u0131k beldelerinde se\u00e7imlerin iptalini kararla\u015ft\u0131rd\u0131. Bu yerlerde se\u00e7imler, &hellip;","og_url":"https:\/\/vanxhaber.com\/index.php\/2024\/04\/16\/ysk-3-ilce-ve-4-beldede-secimin-yenilenmesine-karar-verdi\/","og_site_name":"Van Haber | Van X Haber | Van Haberleri","article_published_time":"2024-04-16T15:16:50+00:00","article_modified_time":"2024-04-16T15:16:52+00:00","og_image":[{"width":1100,"height":530,"url":"https:\/\/vanxhaber.com\/wp-content\/uploads\/2024\/04\/ysk.jpg","type":"image\/jpeg"}],"author":"Van X Haber","twitter_card":"summary_large_image","twitter_misc":{"Yazan:":"Van X Haber","Tahmini okuma s\u00fcresi":"2 dakika"},"schema":{"@context":"https:\/\/schema.org","@graph":[{"@type":"Article","@id":"https:\/\/vanxhaber.com\/index.php\/2024\/04\/16\/ysk-3-ilce-ve-4-beldede-secimin-yenilenmesine-karar-verdi\/#article","isPartOf":{"@id":"https:\/\/vanxhaber.com\/index.php\/2024\/04\/16\/ysk-3-ilce-ve-4-beldede-secimin-yenilenmesine-karar-verdi\/"},"author":{"name":"Van X Haber","@id":"https:\/\/vanxhaber.com\/#\/schema\/person\/a5fd8d89510cb5370e62ad176f7978ee"},"headline":"YSK, 3 il\u00e7e ve 4 beldede se\u00e7imin yenilenmesine karar verdi","datePublished":"2024-04-16T15:16:50+00:00","dateModified":"2024-04-16T15:16:52+00:00","mainEntityOfPage":{"@id":"https:\/\/vanxhaber.com\/index.php\/2024\/04\/16\/ysk-3-ilce-ve-4-beldede-secimin-yenilenmesine-karar-verdi\/"},"wordCount":398,"commentCount":0,"image":{"@id":"https:\/\/vanxhaber.com\/index.php\/2024\/04\/16\/ysk-3-ilce-ve-4-beldede-secimin-yenilenmesine-karar-verdi\/#primaryimage"},"thumbnailUrl":"https:\/\/vanxhaber.com\/wp-content\/uploads\/2024\/04\/ysk.jpg","articleSection":["Van Haberleri","Van Kaza"],"inLanguage":"tr","potentialAction":[{"@type":"CommentAction","name":"Comment","target":["https:\/\/vanxhaber.com\/index.php\/2024\/04\/16\/ysk-3-ilce-ve-4-beldede-secimin-yenilenmesine-karar-verdi\/#respond"]}],"copyrightYear":"2024","copyrightHolder":{"@id":"https:\/\/vanxhaber.com\/#organization"}},{"@type":"WebPage","@id":"https:\/\/vanxhaber.com\/index.php\/2024\/04\/16\/ysk-3-ilce-ve-4-beldede-secimin-yenilenmesine-karar-verdi\/","url":"https:\/\/vanxhaber.com\/index.php\/2024\/04\/16\/ysk-3-ilce-ve-4-beldede-secimin-yenilenmesine-karar-verdi\/","name":"YSK, 3 il\u00e7e ve 4 beldede se\u00e7imin yenilenmesine karar verdi - Van Haber | Van X Haber | Van Haberleri","isPartOf":{"@id":"https:\/\/vanxhaber.com\/#website"},"primaryImageOfPage":{"@id":"https:\/\/vanxhaber.com\/index.php\/2024\/04\/16\/ysk-3-ilce-ve-4-beldede-secimin-yenilenmesine-karar-verdi\/#primaryimage"},"image":{"@id":"https:\/\/vanxhaber.com\/index.php\/2024\/04\/16\/ysk-3-ilce-ve-4-beldede-secimin-yenilenmesine-karar-verdi\/#primaryimage"},"thumbnailUrl":"https:\/\/vanxhaber.com\/wp-content\/uploads\/2024\/04\/ysk.jpg","datePublished":"2024-04-16T15:16:50+00:00","dateModified":"2024-04-16T15:16:52+00:00","author":{"@id":"https:\/\/vanxhaber.com\/#\/schema\/person\/a5fd8d89510cb5370e62ad176f7978ee"},"breadcrumb":{"@id":"https:\/\/vanxhaber.com\/index.php\/2024\/04\/16\/ysk-3-ilce-ve-4-beldede-secimin-yenilenmesine-karar-verdi\/#breadcrumb"},"inLanguage":"tr","potentialAction":[{"@type":"ReadAction","target":["https:\/\/vanxhaber.com\/index.php\/2024\/04\/16\/ysk-3-ilce-ve-4-beldede-secimin-yenilenmesine-karar-verdi\/"]}]},{"@type":"ImageObject","inLanguage":"tr","@id":"https:\/\/vanxhaber.com\/index.php\/2024\/04\/16\/ysk-3-ilce-ve-4-beldede-secimin-yenilenmesine-karar-verdi\/#primaryimage","url":"https:\/\/vanxhaber.com\/wp-content\/uploads\/2024\/04\/ysk.jpg","contentUrl":"https:\/\/vanxhaber.com\/wp-content\/uploads\/2024\/04\/ysk.jpg","width":1100,"height":530},{"@type":"BreadcrumbList","@id":"https:\/\/vanxhaber.com\/index.php\/2024\/04\/16\/ysk-3-ilce-ve-4-beldede-secimin-yenilenmesine-karar-verdi\/#breadcrumb","itemListElement":[{"@type":"ListItem","position":1,"name":"Anasayfa","item":"https:\/\/vanxhaber.com\/"},{"@type":"ListItem","position":2,"name":"YSK, 3 il\u00e7e ve 4 beldede se\u00e7imin yenilenmesine karar verdi"}]},{"@type":"WebSite","@id":"https:\/\/vanxhaber.com\/#website","url":"https:\/\/vanxhaber.com\/","name":"Van Haber | Van X Haber | Van Haberleri","description":"Van Haber, Van&#039;\u0131n ilk yapay zeka teknolojileri ile yaz\u0131lan Van X Haber ve Van Haberlerini aktif g\u00fcncel sunan tek vanhaber merkezidir.","potentialAction":[{"@type":"SearchAction","target":{"@type":"EntryPoint","urlTemplate":"https:\/\/vanxhaber.com\/?s={search_term_string}"},"query-input":{"@type":"PropertyValueSpecification","valueRequired":true,"valueName":"search_term_string"}}],"inLanguage":"tr"},{"@type":"Person","@id":"https:\/\/vanxhaber.com\/#\/schema\/person\/a5fd8d89510cb5370e62ad176f7978ee","name":"Van X Haber","image":{"@type":"ImageObject","inLanguage":"tr","@id":"https:\/\/vanxhaber.com\/#\/schema\/person\/image\/","url":"https:\/\/secure.gravatar.com\/avatar\/36f2f63826681263103acb5ca1e7bc1a6db11baea9b75dd091d89b74f2704b07?s=96&d=mm&r=g","contentUrl":"https:\/\/secure.gravatar.com\/avatar\/36f2f63826681263103acb5ca1e7bc1a6db11baea9b75dd091d89b74f2704b07?s=96&d=mm&r=g","caption":"Van X Haber"},"description":"Van X Haber Van'\u0131n ilk ve tek yeni nesil Van Haber merkezi. Son Dakika Van Haberleri ve G\u00fcncel Van haber merkezinde s\u0131cak geli\u015fmeleri aktarmaya devam edece\u011fiz.","url":"https:\/\/vanxhaber.com\/index.php\/author\/vangazetesi\/"}]}},"_links":{"self":[{"href":"https:\/\/vanxhaber.com\/index.php\/wp-json\/wp\/v2\/posts\/1917","targetHints":{"allow":["GET"]}}],"collection":[{"href":"https:\/\/vanxhaber.com\/index.php\/wp-json\/wp\/v2\/posts"}],"about":[{"href":"https:\/\/vanxhaber.com\/index.php\/wp-json\/wp\/v2\/types\/post"}],"author":[{"embeddable":true,"href":"https:\/\/vanxhaber.com\/index.php\/wp-json\/wp\/v2\/users\/2"}],"replies":[{"embeddable":true,"href":"https:\/\/vanxhaber.com\/index.php\/wp-json\/wp\/v2\/comments?post=1917"}],"version-history":[{"count":1,"href":"https:\/\/vanxhaber.com\/index.php\/wp-json\/wp\/v2\/posts\/1917\/revisions"}],"predecessor-version":[{"id":1920,"href":"https:\/\/vanxhaber.com\/index.php\/wp-json\/wp\/v2\/posts\/1917\/revisions\/1920"}],"wp:featuredmedia":[{"embeddable":true,"href":"https:\/\/vanxhaber.com\/index.php\/wp-json\/wp\/v2\/media\/1919"}],"wp:attachment":[{"href":"https:\/\/vanxhaber.com\/index.php\/wp-json\/wp\/v2\/media?parent=1917"}],"wp:term":[{"taxonomy":"category","embeddable":true,"href":"https:\/\/vanxhaber.com\/index.php\/wp-json\/wp\/v2\/categories?post=1917"},{"taxonomy":"post_tag","embeddable":true,"href":"https:\/\/vanxhaber.com\/index.php\/wp-json\/wp\/v2\/tags?post=1917"}],"curies":[{"name":"wp","href":"https:\/\/api.w.org\/{rel}","templated":true}]}}