{"id":1921,"date":"2024-04-17T11:42:07","date_gmt":"2024-04-17T11:42:07","guid":{"rendered":"https:\/\/vanxhaber.com\/?p=1921"},"modified":"2024-04-17T11:42:09","modified_gmt":"2024-04-17T11:42:09","slug":"vanspor-ankarasporla-karsilasiyor","status":"publish","type":"post","link":"https:\/\/vanxhaber.com\/index.php\/2024\/04\/17\/vanspor-ankarasporla-karsilasiyor\/","title":{"rendered":"Vanspor, Ankaraspor&#8217;la kar\u015f\u0131la\u015f\u0131yor"},"content":{"rendered":"\n<p><strong>TFF 2. Lig Beyaz Grupta m\u00fccadele eden Vanspor, 4 Nisan&#8217;da oynanmas\u0131 gereken fakat kentte ya\u015fanan olaylardan dolay\u0131 ertelenen ma\u00e7ta sahas\u0131nda Ankaraspor ile kar\u015f\u0131 kar\u015f\u0131ya geliyor.<\/strong><\/p>\n\n\n\n<p>Van temsilcisi, ba\u015fkent temsilcisi ma\u011flup ederek, \u00f6nemli 3 puan\u0131 hanesine yazd\u0131rmak ve ikinci s\u0131raya y\u00fckselmek istiyor. Pazar g\u00fcn\u00fc sahas\u0131nda konuk etti\u011fi ve 1-0 geriye d\u00fc\u015ft\u00fc\u011f\u00fc ma\u00e7ta Alt\u0131nordu&#8217;yu 2-1 ma\u011flup eden Vanspor, erteleme ma\u00e7\u0131nda Ankaraspor ile kar\u015f\u0131 kar\u015f\u0131ya geliyor. K\u0131rm\u0131z\u0131- Siyahl\u0131 tak\u0131m sahas\u0131nda galip gelerek 3 puan\u0131 hanesine yazd\u0131rmak istiyor. Lider Esenler Erokspor ile aras\u0131nda 5 puan, ikinci Bucaspor ile ayn\u0131 puanda olan Van temsilcisi, sahas\u0131nda kar\u015f\u0131la\u015ft\u0131\u011f\u0131 rakibi ma\u011flup ederek, ikinci s\u0131radaki yerini geri almak ve liderle aras\u0131ndaki puan fark\u0131n\u0131 ise 2&#8217;ye d\u00fc\u015f\u00fcrmek i\u00e7in m\u00fccadele edecek. Vanspor, \u00dcmit Bozkurt teknik sorumlulu\u011funda sahaya; Nurullah Aslan, Abdulcebrail Akbulut, Mira\u00e7 Acer, Alpay Ko\u00e7akl\u0131, Muhammed Ali Do\u011fan, Hasan Bilal, Furkan Saki, Sinan Kurumu\u015f, Erdem Se\u00e7gin, Muhammed G\u00f6n\u00fcla\u00e7ar ve Burak Kavlak onbiri ile \u00e7\u0131k\u0131yor. Konuk Ankaraspor ise Volkan Erten teknik sorumlulu\u011funda sahaya; An\u0131l Ata\u011f, Cenk Do\u011fan, Fatih K\u0131z\u0131lkaya, Kaan Baysal, Fahrettin Berk Y\u0131lmaz, Recep Ta\u015fbak\u0131r, Batuhan K\u0131rdaro\u011flu, \u00d6mer Faruk Sezgin, \u0130brahim S\u00fcrg\u00fcl\u00fc, Sava\u015f Yorulmaz ve Recep Yemi\u015fci onbiri ile \u00e7\u0131k\u0131yor. Van Atat\u00fcrk \u015eehir Stadyumu&#8217;nda saat 15.00&#8217;te ba\u015flayacak olan kar\u015f\u0131la\u015fmay\u0131; Abdullah Volkan Ayd\u0131n, Mehmet Pekmezci, Mehmet Kiri\u015f\u00e7io\u011flu ve Erhan Kaya hakem d\u00f6rtl\u00fcs\u00fc y\u00f6netecek.<\/p>\n","protected":false},"excerpt":{"rendered":"<p>TFF 2. Lig Beyaz Grupta m\u00fccadele eden Vanspor, 4 Nisan&#8217;da oynanmas\u0131 gereken fakat kentte ya\u015fanan olaylardan dolay\u0131 ertelenen ma\u00e7ta sahas\u0131nda Ankaraspor ile kar\u015f\u0131 kar\u015f\u0131ya geliyor. Van temsilcisi, ba\u015fkent temsilcisi ma\u011flup ederek, \u00f6nemli 3 puan\u0131 hanesine yazd\u0131rmak ve ikinci s\u0131raya y\u00fckselmek istiyor. Pazar g\u00fcn\u00fc sahas\u0131nda konuk etti\u011fi ve 1-0 geriye d\u00fc\u015ft\u00fc\u011f\u00fc ma\u00e7ta Alt\u0131nordu&#8217;yu 2-1 ma\u011flup eden &hellip;<\/p>\n","protected":false},"author":2,"featured_media":1923,"comment_status":"open","ping_status":"closed","sticky":false,"template":"","format":"standard","meta":{"googlesitekit_rrm_CAowot3VCw:productID":"","footnotes":""},"categories":[32,1,24],"tags":[],"class_list":["post-1921","post","type-post","status-publish","format-standard","has-post-thumbnail","hentry","category-van-genclik","category-van-haber","category-van-haberleri"],"yoast_head":"<!-- This site is optimized with the Yoast SEO Premium plugin v21.7 (Yoast SEO v26.7) - https:\/\/yoast.com\/wordpress\/plugins\/seo\/ -->\n<title>Vanspor, Ankaraspor&#039;la kar\u015f\u0131la\u015f\u0131yor - Van Haber | Van X Haber | Van Haberleri<\/title>\n<meta name=\"robots\" content=\"index, follow, max-snippet:-1, max-image-preview:large, max-video-preview:-1\" \/>\n<link rel=\"canonical\" href=\"https:\/\/vanxhaber.com\/index.php\/2024\/04\/17\/vanspor-ankarasporla-karsilasiyor\/\" \/>\n<meta property=\"og:locale\" content=\"tr_TR\" \/>\n<meta property=\"og:type\" content=\"article\" \/>\n<meta property=\"og:title\" content=\"Vanspor, Ankaraspor&#039;la kar\u015f\u0131la\u015f\u0131yor\" \/>\n<meta property=\"og:description\" content=\"TFF 2. Lig Beyaz Grupta m\u00fccadele eden Vanspor, 4 Nisan&#8217;da oynanmas\u0131 gereken fakat kentte ya\u015fanan olaylardan dolay\u0131 ertelenen ma\u00e7ta sahas\u0131nda Ankaraspor ile kar\u015f\u0131 kar\u015f\u0131ya geliyor. Van temsilcisi, ba\u015fkent temsilcisi ma\u011flup ederek, \u00f6nemli 3 puan\u0131 hanesine yazd\u0131rmak ve ikinci s\u0131raya y\u00fckselmek istiyor. Pazar g\u00fcn\u00fc sahas\u0131nda konuk etti\u011fi ve 1-0 geriye d\u00fc\u015ft\u00fc\u011f\u00fc ma\u00e7ta Alt\u0131nordu&#8217;yu 2-1 ma\u011flup eden &hellip;\" \/>\n<meta property=\"og:url\" content=\"https:\/\/vanxhaber.com\/index.php\/2024\/04\/17\/vanspor-ankarasporla-karsilasiyor\/\" \/>\n<meta property=\"og:site_name\" content=\"Van Haber | Van X Haber | Van Haberleri\" \/>\n<meta property=\"article:published_time\" content=\"2024-04-17T11:42:07+00:00\" \/>\n<meta property=\"article:modified_time\" content=\"2024-04-17T11:42:09+00:00\" \/>\n<meta property=\"og:image\" content=\"https:\/\/vanxhaber.com\/wp-content\/uploads\/2024\/04\/vanspor.jpg\" \/>\n\t<meta property=\"og:image:width\" content=\"1100\" \/>\n\t<meta property=\"og:image:height\" content=\"530\" \/>\n\t<meta property=\"og:image:type\" content=\"image\/jpeg\" \/>\n<meta name=\"author\" content=\"Van X Haber\" \/>\n<meta name=\"twitter:card\" content=\"summary_large_image\" \/>\n<meta name=\"twitter:label1\" content=\"Yazan:\" \/>\n\t<meta name=\"twitter:data1\" content=\"Van X Haber\" \/>\n\t<meta name=\"twitter:label2\" content=\"Tahmini okuma s\u00fcresi\" \/>\n\t<meta name=\"twitter:data2\" content=\"2 dakika\" \/>\n<script type=\"application\/ld+json\" class=\"yoast-schema-graph\">{\"@context\":\"https:\/\/schema.org\",\"@graph\":[{\"@type\":\"Article\",\"@id\":\"https:\/\/vanxhaber.com\/index.php\/2024\/04\/17\/vanspor-ankarasporla-karsilasiyor\/#article\",\"isPartOf\":{\"@id\":\"https:\/\/vanxhaber.com\/index.php\/2024\/04\/17\/vanspor-ankarasporla-karsilasiyor\/\"},\"author\":{\"name\":\"Van X Haber\",\"@id\":\"https:\/\/vanxhaber.com\/#\/schema\/person\/a5fd8d89510cb5370e62ad176f7978ee\"},\"headline\":\"Vanspor, Ankaraspor&#8217;la kar\u015f\u0131la\u015f\u0131yor\",\"datePublished\":\"2024-04-17T11:42:07+00:00\",\"dateModified\":\"2024-04-17T11:42:09+00:00\",\"mainEntityOfPage\":{\"@id\":\"https:\/\/vanxhaber.com\/index.php\/2024\/04\/17\/vanspor-ankarasporla-karsilasiyor\/\"},\"wordCount\":273,\"commentCount\":0,\"image\":{\"@id\":\"https:\/\/vanxhaber.com\/index.php\/2024\/04\/17\/vanspor-ankarasporla-karsilasiyor\/#primaryimage\"},\"thumbnailUrl\":\"https:\/\/vanxhaber.com\/wp-content\/uploads\/2024\/04\/vanspor.jpg\",\"articleSection\":[\"Van\u00a0Gen\u00e7lik\",\"Van Haber\",\"Van Haberleri\"],\"inLanguage\":\"tr\",\"potentialAction\":[{\"@type\":\"CommentAction\",\"name\":\"Comment\",\"target\":[\"https:\/\/vanxhaber.com\/index.php\/2024\/04\/17\/vanspor-ankarasporla-karsilasiyor\/#respond\"]}],\"copyrightYear\":\"2024\",\"copyrightHolder\":{\"@id\":\"https:\/\/vanxhaber.com\/#organization\"}},{\"@type\":\"WebPage\",\"@id\":\"https:\/\/vanxhaber.com\/index.php\/2024\/04\/17\/vanspor-ankarasporla-karsilasiyor\/\",\"url\":\"https:\/\/vanxhaber.com\/index.php\/2024\/04\/17\/vanspor-ankarasporla-karsilasiyor\/\",\"name\":\"Vanspor, Ankaraspor'la kar\u015f\u0131la\u015f\u0131yor - Van Haber | Van X Haber | Van Haberleri\",\"isPartOf\":{\"@id\":\"https:\/\/vanxhaber.com\/#website\"},\"primaryImageOfPage\":{\"@id\":\"https:\/\/vanxhaber.com\/index.php\/2024\/04\/17\/vanspor-ankarasporla-karsilasiyor\/#primaryimage\"},\"image\":{\"@id\":\"https:\/\/vanxhaber.com\/index.php\/2024\/04\/17\/vanspor-ankarasporla-karsilasiyor\/#primaryimage\"},\"thumbnailUrl\":\"https:\/\/vanxhaber.com\/wp-content\/uploads\/2024\/04\/vanspor.jpg\",\"datePublished\":\"2024-04-17T11:42:07+00:00\",\"dateModified\":\"2024-04-17T11:42:09+00:00\",\"author\":{\"@id\":\"https:\/\/vanxhaber.com\/#\/schema\/person\/a5fd8d89510cb5370e62ad176f7978ee\"},\"breadcrumb\":{\"@id\":\"https:\/\/vanxhaber.com\/index.php\/2024\/04\/17\/vanspor-ankarasporla-karsilasiyor\/#breadcrumb\"},\"inLanguage\":\"tr\",\"potentialAction\":[{\"@type\":\"ReadAction\",\"target\":[\"https:\/\/vanxhaber.com\/index.php\/2024\/04\/17\/vanspor-ankarasporla-karsilasiyor\/\"]}]},{\"@type\":\"ImageObject\",\"inLanguage\":\"tr\",\"@id\":\"https:\/\/vanxhaber.com\/index.php\/2024\/04\/17\/vanspor-ankarasporla-karsilasiyor\/#primaryimage\",\"url\":\"https:\/\/vanxhaber.com\/wp-content\/uploads\/2024\/04\/vanspor.jpg\",\"contentUrl\":\"https:\/\/vanxhaber.com\/wp-content\/uploads\/2024\/04\/vanspor.jpg\",\"width\":1100,\"height\":530},{\"@type\":\"BreadcrumbList\",\"@id\":\"https:\/\/vanxhaber.com\/index.php\/2024\/04\/17\/vanspor-ankarasporla-karsilasiyor\/#breadcrumb\",\"itemListElement\":[{\"@type\":\"ListItem\",\"position\":1,\"name\":\"Anasayfa\",\"item\":\"https:\/\/vanxhaber.com\/\"},{\"@type\":\"ListItem\",\"position\":2,\"name\":\"Vanspor, Ankaraspor&#8217;la kar\u015f\u0131la\u015f\u0131yor\"}]},{\"@type\":\"WebSite\",\"@id\":\"https:\/\/vanxhaber.com\/#website\",\"url\":\"https:\/\/vanxhaber.com\/\",\"name\":\"Van Haber | Van X Haber | Van Haberleri\",\"description\":\"Van Haber, Van&#039;\u0131n ilk yapay zeka teknolojileri ile yaz\u0131lan Van X Haber ve Van Haberlerini aktif g\u00fcncel sunan tek vanhaber merkezidir.\",\"potentialAction\":[{\"@type\":\"SearchAction\",\"target\":{\"@type\":\"EntryPoint\",\"urlTemplate\":\"https:\/\/vanxhaber.com\/?s={search_term_string}\"},\"query-input\":{\"@type\":\"PropertyValueSpecification\",\"valueRequired\":true,\"valueName\":\"search_term_string\"}}],\"inLanguage\":\"tr\"},{\"@type\":\"Person\",\"@id\":\"https:\/\/vanxhaber.com\/#\/schema\/person\/a5fd8d89510cb5370e62ad176f7978ee\",\"name\":\"Van X Haber\",\"image\":{\"@type\":\"ImageObject\",\"inLanguage\":\"tr\",\"@id\":\"https:\/\/vanxhaber.com\/#\/schema\/person\/image\/\",\"url\":\"https:\/\/secure.gravatar.com\/avatar\/36f2f63826681263103acb5ca1e7bc1a6db11baea9b75dd091d89b74f2704b07?s=96&d=mm&r=g\",\"contentUrl\":\"https:\/\/secure.gravatar.com\/avatar\/36f2f63826681263103acb5ca1e7bc1a6db11baea9b75dd091d89b74f2704b07?s=96&d=mm&r=g\",\"caption\":\"Van X Haber\"},\"description\":\"Van X Haber Van'\u0131n ilk ve tek yeni nesil Van Haber merkezi. Son Dakika Van Haberleri ve G\u00fcncel Van haber merkezinde s\u0131cak geli\u015fmeleri aktarmaya devam edece\u011fiz.\",\"url\":\"https:\/\/vanxhaber.com\/index.php\/author\/vangazetesi\/\"}]}<\/script>\n<!-- \/ Yoast SEO Premium plugin. -->","yoast_head_json":{"title":"Vanspor, Ankaraspor'la kar\u015f\u0131la\u015f\u0131yor - Van Haber | Van X Haber | Van Haberleri","robots":{"index":"index","follow":"follow","max-snippet":"max-snippet:-1","max-image-preview":"max-image-preview:large","max-video-preview":"max-video-preview:-1"},"canonical":"https:\/\/vanxhaber.com\/index.php\/2024\/04\/17\/vanspor-ankarasporla-karsilasiyor\/","og_locale":"tr_TR","og_type":"article","og_title":"Vanspor, Ankaraspor'la kar\u015f\u0131la\u015f\u0131yor","og_description":"TFF 2. Lig Beyaz Grupta m\u00fccadele eden Vanspor, 4 Nisan&#8217;da oynanmas\u0131 gereken fakat kentte ya\u015fanan olaylardan dolay\u0131 ertelenen ma\u00e7ta sahas\u0131nda Ankaraspor ile kar\u015f\u0131 kar\u015f\u0131ya geliyor. Van temsilcisi, ba\u015fkent temsilcisi ma\u011flup ederek, \u00f6nemli 3 puan\u0131 hanesine yazd\u0131rmak ve ikinci s\u0131raya y\u00fckselmek istiyor. Pazar g\u00fcn\u00fc sahas\u0131nda konuk etti\u011fi ve 1-0 geriye d\u00fc\u015ft\u00fc\u011f\u00fc ma\u00e7ta Alt\u0131nordu&#8217;yu 2-1 ma\u011flup eden &hellip;","og_url":"https:\/\/vanxhaber.com\/index.php\/2024\/04\/17\/vanspor-ankarasporla-karsilasiyor\/","og_site_name":"Van Haber | Van X Haber | Van Haberleri","article_published_time":"2024-04-17T11:42:07+00:00","article_modified_time":"2024-04-17T11:42:09+00:00","og_image":[{"width":1100,"height":530,"url":"https:\/\/vanxhaber.com\/wp-content\/uploads\/2024\/04\/vanspor.jpg","type":"image\/jpeg"}],"author":"Van X Haber","twitter_card":"summary_large_image","twitter_misc":{"Yazan:":"Van X Haber","Tahmini okuma s\u00fcresi":"2 dakika"},"schema":{"@context":"https:\/\/schema.org","@graph":[{"@type":"Article","@id":"https:\/\/vanxhaber.com\/index.php\/2024\/04\/17\/vanspor-ankarasporla-karsilasiyor\/#article","isPartOf":{"@id":"https:\/\/vanxhaber.com\/index.php\/2024\/04\/17\/vanspor-ankarasporla-karsilasiyor\/"},"author":{"name":"Van X Haber","@id":"https:\/\/vanxhaber.com\/#\/schema\/person\/a5fd8d89510cb5370e62ad176f7978ee"},"headline":"Vanspor, Ankaraspor&#8217;la kar\u015f\u0131la\u015f\u0131yor","datePublished":"2024-04-17T11:42:07+00:00","dateModified":"2024-04-17T11:42:09+00:00","mainEntityOfPage":{"@id":"https:\/\/vanxhaber.com\/index.php\/2024\/04\/17\/vanspor-ankarasporla-karsilasiyor\/"},"wordCount":273,"commentCount":0,"image":{"@id":"https:\/\/vanxhaber.com\/index.php\/2024\/04\/17\/vanspor-ankarasporla-karsilasiyor\/#primaryimage"},"thumbnailUrl":"https:\/\/vanxhaber.com\/wp-content\/uploads\/2024\/04\/vanspor.jpg","articleSection":["Van\u00a0Gen\u00e7lik","Van Haber","Van Haberleri"],"inLanguage":"tr","potentialAction":[{"@type":"CommentAction","name":"Comment","target":["https:\/\/vanxhaber.com\/index.php\/2024\/04\/17\/vanspor-ankarasporla-karsilasiyor\/#respond"]}],"copyrightYear":"2024","copyrightHolder":{"@id":"https:\/\/vanxhaber.com\/#organization"}},{"@type":"WebPage","@id":"https:\/\/vanxhaber.com\/index.php\/2024\/04\/17\/vanspor-ankarasporla-karsilasiyor\/","url":"https:\/\/vanxhaber.com\/index.php\/2024\/04\/17\/vanspor-ankarasporla-karsilasiyor\/","name":"Vanspor, Ankaraspor'la kar\u015f\u0131la\u015f\u0131yor - Van Haber | Van X Haber | Van Haberleri","isPartOf":{"@id":"https:\/\/vanxhaber.com\/#website"},"primaryImageOfPage":{"@id":"https:\/\/vanxhaber.com\/index.php\/2024\/04\/17\/vanspor-ankarasporla-karsilasiyor\/#primaryimage"},"image":{"@id":"https:\/\/vanxhaber.com\/index.php\/2024\/04\/17\/vanspor-ankarasporla-karsilasiyor\/#primaryimage"},"thumbnailUrl":"https:\/\/vanxhaber.com\/wp-content\/uploads\/2024\/04\/vanspor.jpg","datePublished":"2024-04-17T11:42:07+00:00","dateModified":"2024-04-17T11:42:09+00:00","author":{"@id":"https:\/\/vanxhaber.com\/#\/schema\/person\/a5fd8d89510cb5370e62ad176f7978ee"},"breadcrumb":{"@id":"https:\/\/vanxhaber.com\/index.php\/2024\/04\/17\/vanspor-ankarasporla-karsilasiyor\/#breadcrumb"},"inLanguage":"tr","potentialAction":[{"@type":"ReadAction","target":["https:\/\/vanxhaber.com\/index.php\/2024\/04\/17\/vanspor-ankarasporla-karsilasiyor\/"]}]},{"@type":"ImageObject","inLanguage":"tr","@id":"https:\/\/vanxhaber.com\/index.php\/2024\/04\/17\/vanspor-ankarasporla-karsilasiyor\/#primaryimage","url":"https:\/\/vanxhaber.com\/wp-content\/uploads\/2024\/04\/vanspor.jpg","contentUrl":"https:\/\/vanxhaber.com\/wp-content\/uploads\/2024\/04\/vanspor.jpg","width":1100,"height":530},{"@type":"BreadcrumbList","@id":"https:\/\/vanxhaber.com\/index.php\/2024\/04\/17\/vanspor-ankarasporla-karsilasiyor\/#breadcrumb","itemListElement":[{"@type":"ListItem","position":1,"name":"Anasayfa","item":"https:\/\/vanxhaber.com\/"},{"@type":"ListItem","position":2,"name":"Vanspor, Ankaraspor&#8217;la kar\u015f\u0131la\u015f\u0131yor"}]},{"@type":"WebSite","@id":"https:\/\/vanxhaber.com\/#website","url":"https:\/\/vanxhaber.com\/","name":"Van Haber | Van X Haber | Van Haberleri","description":"Van Haber, Van&#039;\u0131n ilk yapay zeka teknolojileri ile yaz\u0131lan Van X Haber ve Van Haberlerini aktif g\u00fcncel sunan tek vanhaber merkezidir.","potentialAction":[{"@type":"SearchAction","target":{"@type":"EntryPoint","urlTemplate":"https:\/\/vanxhaber.com\/?s={search_term_string}"},"query-input":{"@type":"PropertyValueSpecification","valueRequired":true,"valueName":"search_term_string"}}],"inLanguage":"tr"},{"@type":"Person","@id":"https:\/\/vanxhaber.com\/#\/schema\/person\/a5fd8d89510cb5370e62ad176f7978ee","name":"Van X Haber","image":{"@type":"ImageObject","inLanguage":"tr","@id":"https:\/\/vanxhaber.com\/#\/schema\/person\/image\/","url":"https:\/\/secure.gravatar.com\/avatar\/36f2f63826681263103acb5ca1e7bc1a6db11baea9b75dd091d89b74f2704b07?s=96&d=mm&r=g","contentUrl":"https:\/\/secure.gravatar.com\/avatar\/36f2f63826681263103acb5ca1e7bc1a6db11baea9b75dd091d89b74f2704b07?s=96&d=mm&r=g","caption":"Van X Haber"},"description":"Van X Haber Van'\u0131n ilk ve tek yeni nesil Van Haber merkezi. Son Dakika Van Haberleri ve G\u00fcncel Van haber merkezinde s\u0131cak geli\u015fmeleri aktarmaya devam edece\u011fiz.","url":"https:\/\/vanxhaber.com\/index.php\/author\/vangazetesi\/"}]}},"_links":{"self":[{"href":"https:\/\/vanxhaber.com\/index.php\/wp-json\/wp\/v2\/posts\/1921","targetHints":{"allow":["GET"]}}],"collection":[{"href":"https:\/\/vanxhaber.com\/index.php\/wp-json\/wp\/v2\/posts"}],"about":[{"href":"https:\/\/vanxhaber.com\/index.php\/wp-json\/wp\/v2\/types\/post"}],"author":[{"embeddable":true,"href":"https:\/\/vanxhaber.com\/index.php\/wp-json\/wp\/v2\/users\/2"}],"replies":[{"embeddable":true,"href":"https:\/\/vanxhaber.com\/index.php\/wp-json\/wp\/v2\/comments?post=1921"}],"version-history":[{"count":1,"href":"https:\/\/vanxhaber.com\/index.php\/wp-json\/wp\/v2\/posts\/1921\/revisions"}],"predecessor-version":[{"id":1924,"href":"https:\/\/vanxhaber.com\/index.php\/wp-json\/wp\/v2\/posts\/1921\/revisions\/1924"}],"wp:featuredmedia":[{"embeddable":true,"href":"https:\/\/vanxhaber.com\/index.php\/wp-json\/wp\/v2\/media\/1923"}],"wp:attachment":[{"href":"https:\/\/vanxhaber.com\/index.php\/wp-json\/wp\/v2\/media?parent=1921"}],"wp:term":[{"taxonomy":"category","embeddable":true,"href":"https:\/\/vanxhaber.com\/index.php\/wp-json\/wp\/v2\/categories?post=1921"},{"taxonomy":"post_tag","embeddable":true,"href":"https:\/\/vanxhaber.com\/index.php\/wp-json\/wp\/v2\/tags?post=1921"}],"curies":[{"name":"wp","href":"https:\/\/api.w.org\/{rel}","templated":true}]}}