{"id":1929,"date":"2024-04-17T11:50:35","date_gmt":"2024-04-17T11:50:35","guid":{"rendered":"https:\/\/vanxhaber.com\/?p=1929"},"modified":"2024-04-17T11:50:37","modified_gmt":"2024-04-17T11:50:37","slug":"tane-isi-bile-almak-hayal-oldu","status":"publish","type":"post","link":"https:\/\/vanxhaber.com\/index.php\/2024\/04\/17\/tane-isi-bile-almak-hayal-oldu\/","title":{"rendered":"Tane i\u015fi bile almak hayal oldu"},"content":{"rendered":"\n<p><strong>Kilosu 500 liradan tezgahta yerini ald\u0131<\/strong><\/p>\n\n\n\n<p>Mu\u011fla\u2019n\u0131n Marmaris il\u00e7esinde bahar\u0131n gelmesi ile birlikte yaz mevsiminin en \u00e7ok t\u00fcketilen meyvelerinden olan erik tezgahlara d\u00fc\u015ft\u00fc. Kilogram fiyat\u0131n\u0131n 350 lira ile 500 lira aras\u0131nda de\u011fi\u015fti\u011fini belirten manavlar yabanc\u0131dan ziyade yerli vatanda\u015flar\u0131n eri\u011fe talep g\u00f6sterdiklerini belirtti.<\/p>\n\n\n\n<p><strong>Marmaris\u2019te ve s\u0131cak b\u00f6lgelerde Nisan ay\u0131nda hasad\u0131 yap\u0131lmaya ba\u015flanan manav ve pazar tezgahlar\u0131nda yer alan ye\u015fil erik kilosu 500 liradan sat\u0131l\u0131yor.<\/strong><\/p>\n\n\n\n<p>Erikle birlikte \u00e7ile\u011fin yo\u011fun ilgi g\u00f6rd\u00fc\u011f\u00fcn\u00fc belirten manav sahibi Filiz Y\u00fcz\u00fcg\u00fcld\u00fc \u201c Biz eri\u011fi almaya ve satmaya ba\u015flayal\u0131 iki g\u00fcn oldu. Asl\u0131nda bir s\u00fcredir sat\u0131\u015f\u0131 var ancak fiyatlar\u0131 y\u00fcksek olmas\u0131 sebebiyle biz \u015fu anda almaya ve satmaya karar verdik. Hemen hemen ald\u0131\u011f\u0131m\u0131z eriklerin \u00e7o\u011fu sat\u0131ld\u0131. \u0130ki \u00e7e\u015fit erik getirmi\u015ftik biri daha k\u00fc\u00e7\u00fck biri daha b\u00fcy\u00fck \u015fekilde 350 ve 500 T\u00fcrk liras\u0131 fiyatlar\u0131. Yabanc\u0131 turistlerden ziyade yerli \u00e7ok al\u0131yor ve genelde fiyat\u0131 \u00e7ok fazla soran olmuyor. Tabii \u015fu an eri\u011fin bu fiyat\u0131 sezon boyu bu \u015fekilde kalmayacak. Sezon i\u00e7erisinde olduk\u00e7a normal rakamlara gelecek. Hemen hemen her hafta fiyatlar\u0131nda de\u011fi\u015fiklik oluyor. O y\u00fczden net bir fiyat belirlemek olmaz \u201ddiyerek eriklerin Marmaris\u2019e en yak\u0131n mahalle olan Karacas\u00f6\u011f\u00fctte\u2019ki bah\u00e7elerden ve Ayd\u0131n, Antalya gibi illerden geldi\u011fini belirtti.<\/p>\n","protected":false},"excerpt":{"rendered":"<p>Kilosu 500 liradan tezgahta yerini ald\u0131 Mu\u011fla\u2019n\u0131n Marmaris il\u00e7esinde bahar\u0131n gelmesi ile birlikte yaz mevsiminin en \u00e7ok t\u00fcketilen meyvelerinden olan erik tezgahlara d\u00fc\u015ft\u00fc. Kilogram fiyat\u0131n\u0131n 350 lira ile 500 lira aras\u0131nda de\u011fi\u015fti\u011fini belirten manavlar yabanc\u0131dan ziyade yerli vatanda\u015flar\u0131n eri\u011fe talep g\u00f6sterdiklerini belirtti. Marmaris\u2019te ve s\u0131cak b\u00f6lgelerde Nisan ay\u0131nda hasad\u0131 yap\u0131lmaya ba\u015flanan manav ve pazar tezgahlar\u0131nda &hellip;<\/p>\n","protected":false},"author":2,"featured_media":1931,"comment_status":"open","ping_status":"closed","sticky":false,"template":"","format":"standard","meta":{"googlesitekit_rrm_CAowot3VCw:productID":"","footnotes":""},"categories":[24,30,31],"tags":[],"class_list":["post-1929","post","type-post","status-publish","format-standard","has-post-thumbnail","hentry","category-van-haberleri","category-van-x-haber","category-van-yapay-zeka"],"yoast_head":"<!-- This site is optimized with the Yoast SEO Premium plugin v21.7 (Yoast SEO v26.7) - https:\/\/yoast.com\/wordpress\/plugins\/seo\/ -->\n<title>Tane i\u015fi bile almak hayal oldu - Van Haber | Van X Haber | Van Haberleri<\/title>\n<meta name=\"robots\" content=\"index, follow, max-snippet:-1, max-image-preview:large, max-video-preview:-1\" \/>\n<link rel=\"canonical\" href=\"https:\/\/vanxhaber.com\/index.php\/2024\/04\/17\/tane-isi-bile-almak-hayal-oldu\/\" \/>\n<meta property=\"og:locale\" content=\"tr_TR\" \/>\n<meta property=\"og:type\" content=\"article\" \/>\n<meta property=\"og:title\" content=\"Tane i\u015fi bile almak hayal oldu\" \/>\n<meta property=\"og:description\" content=\"Kilosu 500 liradan tezgahta yerini ald\u0131 Mu\u011fla\u2019n\u0131n Marmaris il\u00e7esinde bahar\u0131n gelmesi ile birlikte yaz mevsiminin en \u00e7ok t\u00fcketilen meyvelerinden olan erik tezgahlara d\u00fc\u015ft\u00fc. Kilogram fiyat\u0131n\u0131n 350 lira ile 500 lira aras\u0131nda de\u011fi\u015fti\u011fini belirten manavlar yabanc\u0131dan ziyade yerli vatanda\u015flar\u0131n eri\u011fe talep g\u00f6sterdiklerini belirtti. Marmaris\u2019te ve s\u0131cak b\u00f6lgelerde Nisan ay\u0131nda hasad\u0131 yap\u0131lmaya ba\u015flanan manav ve pazar tezgahlar\u0131nda &hellip;\" \/>\n<meta property=\"og:url\" content=\"https:\/\/vanxhaber.com\/index.php\/2024\/04\/17\/tane-isi-bile-almak-hayal-oldu\/\" \/>\n<meta property=\"og:site_name\" content=\"Van Haber | Van X Haber | Van Haberleri\" \/>\n<meta property=\"article:published_time\" content=\"2024-04-17T11:50:35+00:00\" \/>\n<meta property=\"article:modified_time\" content=\"2024-04-17T11:50:37+00:00\" \/>\n<meta property=\"og:image\" content=\"https:\/\/vanxhaber.com\/wp-content\/uploads\/2024\/04\/erik-hasadi-basladi.jpg\" \/>\n\t<meta property=\"og:image:width\" content=\"1100\" \/>\n\t<meta property=\"og:image:height\" content=\"530\" \/>\n\t<meta property=\"og:image:type\" content=\"image\/jpeg\" \/>\n<meta name=\"author\" content=\"Van X Haber\" \/>\n<meta name=\"twitter:card\" content=\"summary_large_image\" \/>\n<meta name=\"twitter:label1\" content=\"Yazan:\" \/>\n\t<meta name=\"twitter:data1\" content=\"Van X Haber\" \/>\n\t<meta name=\"twitter:label2\" content=\"Tahmini okuma s\u00fcresi\" \/>\n\t<meta name=\"twitter:data2\" content=\"2 dakika\" \/>\n<script type=\"application\/ld+json\" class=\"yoast-schema-graph\">{\"@context\":\"https:\/\/schema.org\",\"@graph\":[{\"@type\":\"Article\",\"@id\":\"https:\/\/vanxhaber.com\/index.php\/2024\/04\/17\/tane-isi-bile-almak-hayal-oldu\/#article\",\"isPartOf\":{\"@id\":\"https:\/\/vanxhaber.com\/index.php\/2024\/04\/17\/tane-isi-bile-almak-hayal-oldu\/\"},\"author\":{\"name\":\"Van X Haber\",\"@id\":\"https:\/\/vanxhaber.com\/#\/schema\/person\/a5fd8d89510cb5370e62ad176f7978ee\"},\"headline\":\"Tane i\u015fi bile almak hayal oldu\",\"datePublished\":\"2024-04-17T11:50:35+00:00\",\"dateModified\":\"2024-04-17T11:50:37+00:00\",\"mainEntityOfPage\":{\"@id\":\"https:\/\/vanxhaber.com\/index.php\/2024\/04\/17\/tane-isi-bile-almak-hayal-oldu\/\"},\"wordCount\":251,\"commentCount\":0,\"image\":{\"@id\":\"https:\/\/vanxhaber.com\/index.php\/2024\/04\/17\/tane-isi-bile-almak-hayal-oldu\/#primaryimage\"},\"thumbnailUrl\":\"https:\/\/vanxhaber.com\/wp-content\/uploads\/2024\/04\/erik-hasadi-basladi.jpg\",\"articleSection\":[\"Van Haberleri\",\"Van X Haber\",\"Van Yapay Zeka\"],\"inLanguage\":\"tr\",\"potentialAction\":[{\"@type\":\"CommentAction\",\"name\":\"Comment\",\"target\":[\"https:\/\/vanxhaber.com\/index.php\/2024\/04\/17\/tane-isi-bile-almak-hayal-oldu\/#respond\"]}],\"copyrightYear\":\"2024\",\"copyrightHolder\":{\"@id\":\"https:\/\/vanxhaber.com\/#organization\"}},{\"@type\":\"WebPage\",\"@id\":\"https:\/\/vanxhaber.com\/index.php\/2024\/04\/17\/tane-isi-bile-almak-hayal-oldu\/\",\"url\":\"https:\/\/vanxhaber.com\/index.php\/2024\/04\/17\/tane-isi-bile-almak-hayal-oldu\/\",\"name\":\"Tane i\u015fi bile almak hayal oldu - Van Haber | Van X Haber | Van Haberleri\",\"isPartOf\":{\"@id\":\"https:\/\/vanxhaber.com\/#website\"},\"primaryImageOfPage\":{\"@id\":\"https:\/\/vanxhaber.com\/index.php\/2024\/04\/17\/tane-isi-bile-almak-hayal-oldu\/#primaryimage\"},\"image\":{\"@id\":\"https:\/\/vanxhaber.com\/index.php\/2024\/04\/17\/tane-isi-bile-almak-hayal-oldu\/#primaryimage\"},\"thumbnailUrl\":\"https:\/\/vanxhaber.com\/wp-content\/uploads\/2024\/04\/erik-hasadi-basladi.jpg\",\"datePublished\":\"2024-04-17T11:50:35+00:00\",\"dateModified\":\"2024-04-17T11:50:37+00:00\",\"author\":{\"@id\":\"https:\/\/vanxhaber.com\/#\/schema\/person\/a5fd8d89510cb5370e62ad176f7978ee\"},\"breadcrumb\":{\"@id\":\"https:\/\/vanxhaber.com\/index.php\/2024\/04\/17\/tane-isi-bile-almak-hayal-oldu\/#breadcrumb\"},\"inLanguage\":\"tr\",\"potentialAction\":[{\"@type\":\"ReadAction\",\"target\":[\"https:\/\/vanxhaber.com\/index.php\/2024\/04\/17\/tane-isi-bile-almak-hayal-oldu\/\"]}]},{\"@type\":\"ImageObject\",\"inLanguage\":\"tr\",\"@id\":\"https:\/\/vanxhaber.com\/index.php\/2024\/04\/17\/tane-isi-bile-almak-hayal-oldu\/#primaryimage\",\"url\":\"https:\/\/vanxhaber.com\/wp-content\/uploads\/2024\/04\/erik-hasadi-basladi.jpg\",\"contentUrl\":\"https:\/\/vanxhaber.com\/wp-content\/uploads\/2024\/04\/erik-hasadi-basladi.jpg\",\"width\":1100,\"height\":530},{\"@type\":\"BreadcrumbList\",\"@id\":\"https:\/\/vanxhaber.com\/index.php\/2024\/04\/17\/tane-isi-bile-almak-hayal-oldu\/#breadcrumb\",\"itemListElement\":[{\"@type\":\"ListItem\",\"position\":1,\"name\":\"Anasayfa\",\"item\":\"https:\/\/vanxhaber.com\/\"},{\"@type\":\"ListItem\",\"position\":2,\"name\":\"Tane i\u015fi bile almak hayal oldu\"}]},{\"@type\":\"WebSite\",\"@id\":\"https:\/\/vanxhaber.com\/#website\",\"url\":\"https:\/\/vanxhaber.com\/\",\"name\":\"Van Haber | Van X Haber | Van Haberleri\",\"description\":\"Van Haber, Van&#039;\u0131n ilk yapay zeka teknolojileri ile yaz\u0131lan Van X Haber ve Van Haberlerini aktif g\u00fcncel sunan tek vanhaber merkezidir.\",\"potentialAction\":[{\"@type\":\"SearchAction\",\"target\":{\"@type\":\"EntryPoint\",\"urlTemplate\":\"https:\/\/vanxhaber.com\/?s={search_term_string}\"},\"query-input\":{\"@type\":\"PropertyValueSpecification\",\"valueRequired\":true,\"valueName\":\"search_term_string\"}}],\"inLanguage\":\"tr\"},{\"@type\":\"Person\",\"@id\":\"https:\/\/vanxhaber.com\/#\/schema\/person\/a5fd8d89510cb5370e62ad176f7978ee\",\"name\":\"Van X Haber\",\"image\":{\"@type\":\"ImageObject\",\"inLanguage\":\"tr\",\"@id\":\"https:\/\/vanxhaber.com\/#\/schema\/person\/image\/\",\"url\":\"https:\/\/secure.gravatar.com\/avatar\/36f2f63826681263103acb5ca1e7bc1a6db11baea9b75dd091d89b74f2704b07?s=96&d=mm&r=g\",\"contentUrl\":\"https:\/\/secure.gravatar.com\/avatar\/36f2f63826681263103acb5ca1e7bc1a6db11baea9b75dd091d89b74f2704b07?s=96&d=mm&r=g\",\"caption\":\"Van X Haber\"},\"description\":\"Van X Haber Van'\u0131n ilk ve tek yeni nesil Van Haber merkezi. Son Dakika Van Haberleri ve G\u00fcncel Van haber merkezinde s\u0131cak geli\u015fmeleri aktarmaya devam edece\u011fiz.\",\"url\":\"https:\/\/vanxhaber.com\/index.php\/author\/vangazetesi\/\"}]}<\/script>\n<!-- \/ Yoast SEO Premium plugin. -->","yoast_head_json":{"title":"Tane i\u015fi bile almak hayal oldu - Van Haber | Van X Haber | Van Haberleri","robots":{"index":"index","follow":"follow","max-snippet":"max-snippet:-1","max-image-preview":"max-image-preview:large","max-video-preview":"max-video-preview:-1"},"canonical":"https:\/\/vanxhaber.com\/index.php\/2024\/04\/17\/tane-isi-bile-almak-hayal-oldu\/","og_locale":"tr_TR","og_type":"article","og_title":"Tane i\u015fi bile almak hayal oldu","og_description":"Kilosu 500 liradan tezgahta yerini ald\u0131 Mu\u011fla\u2019n\u0131n Marmaris il\u00e7esinde bahar\u0131n gelmesi ile birlikte yaz mevsiminin en \u00e7ok t\u00fcketilen meyvelerinden olan erik tezgahlara d\u00fc\u015ft\u00fc. Kilogram fiyat\u0131n\u0131n 350 lira ile 500 lira aras\u0131nda de\u011fi\u015fti\u011fini belirten manavlar yabanc\u0131dan ziyade yerli vatanda\u015flar\u0131n eri\u011fe talep g\u00f6sterdiklerini belirtti. Marmaris\u2019te ve s\u0131cak b\u00f6lgelerde Nisan ay\u0131nda hasad\u0131 yap\u0131lmaya ba\u015flanan manav ve pazar tezgahlar\u0131nda &hellip;","og_url":"https:\/\/vanxhaber.com\/index.php\/2024\/04\/17\/tane-isi-bile-almak-hayal-oldu\/","og_site_name":"Van Haber | Van X Haber | Van Haberleri","article_published_time":"2024-04-17T11:50:35+00:00","article_modified_time":"2024-04-17T11:50:37+00:00","og_image":[{"width":1100,"height":530,"url":"https:\/\/vanxhaber.com\/wp-content\/uploads\/2024\/04\/erik-hasadi-basladi.jpg","type":"image\/jpeg"}],"author":"Van X Haber","twitter_card":"summary_large_image","twitter_misc":{"Yazan:":"Van X Haber","Tahmini okuma s\u00fcresi":"2 dakika"},"schema":{"@context":"https:\/\/schema.org","@graph":[{"@type":"Article","@id":"https:\/\/vanxhaber.com\/index.php\/2024\/04\/17\/tane-isi-bile-almak-hayal-oldu\/#article","isPartOf":{"@id":"https:\/\/vanxhaber.com\/index.php\/2024\/04\/17\/tane-isi-bile-almak-hayal-oldu\/"},"author":{"name":"Van X Haber","@id":"https:\/\/vanxhaber.com\/#\/schema\/person\/a5fd8d89510cb5370e62ad176f7978ee"},"headline":"Tane i\u015fi bile almak hayal oldu","datePublished":"2024-04-17T11:50:35+00:00","dateModified":"2024-04-17T11:50:37+00:00","mainEntityOfPage":{"@id":"https:\/\/vanxhaber.com\/index.php\/2024\/04\/17\/tane-isi-bile-almak-hayal-oldu\/"},"wordCount":251,"commentCount":0,"image":{"@id":"https:\/\/vanxhaber.com\/index.php\/2024\/04\/17\/tane-isi-bile-almak-hayal-oldu\/#primaryimage"},"thumbnailUrl":"https:\/\/vanxhaber.com\/wp-content\/uploads\/2024\/04\/erik-hasadi-basladi.jpg","articleSection":["Van Haberleri","Van X Haber","Van Yapay Zeka"],"inLanguage":"tr","potentialAction":[{"@type":"CommentAction","name":"Comment","target":["https:\/\/vanxhaber.com\/index.php\/2024\/04\/17\/tane-isi-bile-almak-hayal-oldu\/#respond"]}],"copyrightYear":"2024","copyrightHolder":{"@id":"https:\/\/vanxhaber.com\/#organization"}},{"@type":"WebPage","@id":"https:\/\/vanxhaber.com\/index.php\/2024\/04\/17\/tane-isi-bile-almak-hayal-oldu\/","url":"https:\/\/vanxhaber.com\/index.php\/2024\/04\/17\/tane-isi-bile-almak-hayal-oldu\/","name":"Tane i\u015fi bile almak hayal oldu - Van Haber | Van X Haber | Van Haberleri","isPartOf":{"@id":"https:\/\/vanxhaber.com\/#website"},"primaryImageOfPage":{"@id":"https:\/\/vanxhaber.com\/index.php\/2024\/04\/17\/tane-isi-bile-almak-hayal-oldu\/#primaryimage"},"image":{"@id":"https:\/\/vanxhaber.com\/index.php\/2024\/04\/17\/tane-isi-bile-almak-hayal-oldu\/#primaryimage"},"thumbnailUrl":"https:\/\/vanxhaber.com\/wp-content\/uploads\/2024\/04\/erik-hasadi-basladi.jpg","datePublished":"2024-04-17T11:50:35+00:00","dateModified":"2024-04-17T11:50:37+00:00","author":{"@id":"https:\/\/vanxhaber.com\/#\/schema\/person\/a5fd8d89510cb5370e62ad176f7978ee"},"breadcrumb":{"@id":"https:\/\/vanxhaber.com\/index.php\/2024\/04\/17\/tane-isi-bile-almak-hayal-oldu\/#breadcrumb"},"inLanguage":"tr","potentialAction":[{"@type":"ReadAction","target":["https:\/\/vanxhaber.com\/index.php\/2024\/04\/17\/tane-isi-bile-almak-hayal-oldu\/"]}]},{"@type":"ImageObject","inLanguage":"tr","@id":"https:\/\/vanxhaber.com\/index.php\/2024\/04\/17\/tane-isi-bile-almak-hayal-oldu\/#primaryimage","url":"https:\/\/vanxhaber.com\/wp-content\/uploads\/2024\/04\/erik-hasadi-basladi.jpg","contentUrl":"https:\/\/vanxhaber.com\/wp-content\/uploads\/2024\/04\/erik-hasadi-basladi.jpg","width":1100,"height":530},{"@type":"BreadcrumbList","@id":"https:\/\/vanxhaber.com\/index.php\/2024\/04\/17\/tane-isi-bile-almak-hayal-oldu\/#breadcrumb","itemListElement":[{"@type":"ListItem","position":1,"name":"Anasayfa","item":"https:\/\/vanxhaber.com\/"},{"@type":"ListItem","position":2,"name":"Tane i\u015fi bile almak hayal oldu"}]},{"@type":"WebSite","@id":"https:\/\/vanxhaber.com\/#website","url":"https:\/\/vanxhaber.com\/","name":"Van Haber | Van X Haber | Van Haberleri","description":"Van Haber, Van&#039;\u0131n ilk yapay zeka teknolojileri ile yaz\u0131lan Van X Haber ve Van Haberlerini aktif g\u00fcncel sunan tek vanhaber merkezidir.","potentialAction":[{"@type":"SearchAction","target":{"@type":"EntryPoint","urlTemplate":"https:\/\/vanxhaber.com\/?s={search_term_string}"},"query-input":{"@type":"PropertyValueSpecification","valueRequired":true,"valueName":"search_term_string"}}],"inLanguage":"tr"},{"@type":"Person","@id":"https:\/\/vanxhaber.com\/#\/schema\/person\/a5fd8d89510cb5370e62ad176f7978ee","name":"Van X Haber","image":{"@type":"ImageObject","inLanguage":"tr","@id":"https:\/\/vanxhaber.com\/#\/schema\/person\/image\/","url":"https:\/\/secure.gravatar.com\/avatar\/36f2f63826681263103acb5ca1e7bc1a6db11baea9b75dd091d89b74f2704b07?s=96&d=mm&r=g","contentUrl":"https:\/\/secure.gravatar.com\/avatar\/36f2f63826681263103acb5ca1e7bc1a6db11baea9b75dd091d89b74f2704b07?s=96&d=mm&r=g","caption":"Van X Haber"},"description":"Van X Haber Van'\u0131n ilk ve tek yeni nesil Van Haber merkezi. Son Dakika Van Haberleri ve G\u00fcncel Van haber merkezinde s\u0131cak geli\u015fmeleri aktarmaya devam edece\u011fiz.","url":"https:\/\/vanxhaber.com\/index.php\/author\/vangazetesi\/"}]}},"_links":{"self":[{"href":"https:\/\/vanxhaber.com\/index.php\/wp-json\/wp\/v2\/posts\/1929","targetHints":{"allow":["GET"]}}],"collection":[{"href":"https:\/\/vanxhaber.com\/index.php\/wp-json\/wp\/v2\/posts"}],"about":[{"href":"https:\/\/vanxhaber.com\/index.php\/wp-json\/wp\/v2\/types\/post"}],"author":[{"embeddable":true,"href":"https:\/\/vanxhaber.com\/index.php\/wp-json\/wp\/v2\/users\/2"}],"replies":[{"embeddable":true,"href":"https:\/\/vanxhaber.com\/index.php\/wp-json\/wp\/v2\/comments?post=1929"}],"version-history":[{"count":1,"href":"https:\/\/vanxhaber.com\/index.php\/wp-json\/wp\/v2\/posts\/1929\/revisions"}],"predecessor-version":[{"id":1932,"href":"https:\/\/vanxhaber.com\/index.php\/wp-json\/wp\/v2\/posts\/1929\/revisions\/1932"}],"wp:featuredmedia":[{"embeddable":true,"href":"https:\/\/vanxhaber.com\/index.php\/wp-json\/wp\/v2\/media\/1931"}],"wp:attachment":[{"href":"https:\/\/vanxhaber.com\/index.php\/wp-json\/wp\/v2\/media?parent=1929"}],"wp:term":[{"taxonomy":"category","embeddable":true,"href":"https:\/\/vanxhaber.com\/index.php\/wp-json\/wp\/v2\/categories?post=1929"},{"taxonomy":"post_tag","embeddable":true,"href":"https:\/\/vanxhaber.com\/index.php\/wp-json\/wp\/v2\/tags?post=1929"}],"curies":[{"name":"wp","href":"https:\/\/api.w.org\/{rel}","templated":true}]}}