{"id":1937,"date":"2024-04-18T09:48:40","date_gmt":"2024-04-18T09:48:40","guid":{"rendered":"https:\/\/vanxhaber.com\/?p=1937"},"modified":"2024-04-18T09:48:42","modified_gmt":"2024-04-18T09:48:42","slug":"vanda-iki-mevsim-bir-arada","status":"publish","type":"post","link":"https:\/\/vanxhaber.com\/index.php\/2024\/04\/18\/vanda-iki-mevsim-bir-arada\/","title":{"rendered":"Van\u2019da iki mevsim bir arada"},"content":{"rendered":"\n<p><br><strong>Van\u2019da havalar\u0131n \u0131s\u0131nmas\u0131yla birlikte bahar\u0131n m\u00fcjdecisi kardelenler, ters laleler ve badem a\u011fa\u00e7lar\u0131 \u00e7i\u00e7ek a\u00e7arken, van-bah\u00e7esaray yolu \u00fczerindeki 3 bin rak\u0131ml\u0131 karabet ge\u00e7idi\u2019nde ise metrelerce kar k\u00fctleleri k\u0131\u015f mevsimini and\u0131r\u0131yor.<\/strong><\/p>\n\n\n\n<p>Van\u2019da havalar\u0131n \u0131s\u0131nmas\u0131yla birlikte bahar\u0131n m\u00fcjdecisi kardelenler, ters laleler ve badem a\u011fa\u00e7lar\u0131 \u00e7i\u00e7ek a\u00e7arken, Van-Bah\u00e7esaray yolu \u00fczerindeki 3 bin rak\u0131ml\u0131 Karabet Ge\u00e7idi\u2019nde ise metrelerce kar k\u00fctleleri k\u0131\u015f mevsimini and\u0131r\u0131yor.<\/p>\n\n\n\n<p>Her mevsimi ile ayr\u0131 bir g\u00fczelli\u011fe sahip olan Van, Nisan ay\u0131n\u0131n ortalar\u0131nda 2 mevsimi bir arada ya\u015f\u0131yor. Van\u2019\u0131n y\u00fcksek kesimleri metrelerce kar k\u00fctleleri ile birlikte vatanda\u015flar, ilkbahar ve k\u0131\u015f mevsimini bir arada ya\u015fat\u0131yor. Van merkezde ilkbahar\u0131n ye\u015fil tonlar\u0131 hakimken olurken, 100 kilometre uzakl\u0131ktaki Bah\u00e7esaray\u2019da yolu \u00fczerindeki 3 bin rak\u0131ml\u0131 Karabet Ge\u00e7idi\u2019nde metrelerce kar k\u00fctleleri k\u0131\u015f mevsimini and\u0131r\u0131yor. Van-Bah\u00e7esaray karayolu \u00fczerinde kardelenler, Geva\u015f il\u00e7esinde bahar\u0131n m\u00fcjdecisi ters laleler ve Tu\u015fba il\u00e7esinde ise badem a\u011fa\u00e7lar\u0131 \u00e7i\u00e7ek a\u00e7arken, Van-Bah\u00e7esaray yolu \u00fczerindeki 3 bin rak\u0131ml\u0131 Karabet Ge\u00e7idi\u2019nde ise metrelerce kar k\u00fctleleri k\u0131\u015f mevsimini and\u0131r\u0131yor. Vatanda\u015flar ise kar ve a\u00e7an \u00e7i\u00e7eklerle hat\u0131ra foto\u011fraflar\u0131 \u00e7ekmeyi ihmal etmiyor.<\/p>\n","protected":false},"excerpt":{"rendered":"<p>Van\u2019da havalar\u0131n \u0131s\u0131nmas\u0131yla birlikte bahar\u0131n m\u00fcjdecisi kardelenler, ters laleler ve badem a\u011fa\u00e7lar\u0131 \u00e7i\u00e7ek a\u00e7arken, van-bah\u00e7esaray yolu \u00fczerindeki 3 bin rak\u0131ml\u0131 karabet ge\u00e7idi\u2019nde ise metrelerce kar k\u00fctleleri k\u0131\u015f mevsimini and\u0131r\u0131yor. Van\u2019da havalar\u0131n \u0131s\u0131nmas\u0131yla birlikte bahar\u0131n m\u00fcjdecisi kardelenler, ters laleler ve badem a\u011fa\u00e7lar\u0131 \u00e7i\u00e7ek a\u00e7arken, Van-Bah\u00e7esaray yolu \u00fczerindeki 3 bin rak\u0131ml\u0131 Karabet Ge\u00e7idi\u2019nde ise metrelerce kar k\u00fctleleri &hellip;<\/p>\n","protected":false},"author":2,"featured_media":1939,"comment_status":"open","ping_status":"closed","sticky":false,"template":"","format":"standard","meta":{"googlesitekit_rrm_CAowot3VCw:productID":"","footnotes":""},"categories":[28,27,24],"tags":[],"class_list":["post-1937","post","type-post","status-publish","format-standard","has-post-thumbnail","hentry","category-van-egitim","category-van-emniyet","category-van-haberleri"],"yoast_head":"<!-- This site is optimized with the Yoast SEO Premium plugin v21.7 (Yoast SEO v26.7) - https:\/\/yoast.com\/wordpress\/plugins\/seo\/ -->\n<title>Van\u2019da iki mevsim bir arada - Van Haber | Van X Haber | Van Haberleri<\/title>\n<meta name=\"robots\" content=\"index, follow, max-snippet:-1, max-image-preview:large, max-video-preview:-1\" \/>\n<link rel=\"canonical\" href=\"https:\/\/vanxhaber.com\/index.php\/2024\/04\/18\/vanda-iki-mevsim-bir-arada\/\" \/>\n<meta property=\"og:locale\" content=\"tr_TR\" \/>\n<meta property=\"og:type\" content=\"article\" \/>\n<meta property=\"og:title\" content=\"Van\u2019da iki mevsim bir arada\" \/>\n<meta property=\"og:description\" content=\"Van\u2019da havalar\u0131n \u0131s\u0131nmas\u0131yla birlikte bahar\u0131n m\u00fcjdecisi kardelenler, ters laleler ve badem a\u011fa\u00e7lar\u0131 \u00e7i\u00e7ek a\u00e7arken, van-bah\u00e7esaray yolu \u00fczerindeki 3 bin rak\u0131ml\u0131 karabet ge\u00e7idi\u2019nde ise metrelerce kar k\u00fctleleri k\u0131\u015f mevsimini and\u0131r\u0131yor. Van\u2019da havalar\u0131n \u0131s\u0131nmas\u0131yla birlikte bahar\u0131n m\u00fcjdecisi kardelenler, ters laleler ve badem a\u011fa\u00e7lar\u0131 \u00e7i\u00e7ek a\u00e7arken, Van-Bah\u00e7esaray yolu \u00fczerindeki 3 bin rak\u0131ml\u0131 Karabet Ge\u00e7idi\u2019nde ise metrelerce kar k\u00fctleleri &hellip;\" \/>\n<meta property=\"og:url\" content=\"https:\/\/vanxhaber.com\/index.php\/2024\/04\/18\/vanda-iki-mevsim-bir-arada\/\" \/>\n<meta property=\"og:site_name\" content=\"Van Haber | Van X Haber | Van Haberleri\" \/>\n<meta property=\"article:published_time\" content=\"2024-04-18T09:48:40+00:00\" \/>\n<meta property=\"article:modified_time\" content=\"2024-04-18T09:48:42+00:00\" \/>\n<meta property=\"og:image\" content=\"https:\/\/vanxhaber.com\/wp-content\/uploads\/2024\/04\/vanda-iki-mevsim-bir-arada.jpg\" \/>\n\t<meta property=\"og:image:width\" content=\"641\" \/>\n\t<meta property=\"og:image:height\" content=\"380\" \/>\n\t<meta property=\"og:image:type\" content=\"image\/jpeg\" \/>\n<meta name=\"author\" content=\"Van X Haber\" \/>\n<meta name=\"twitter:card\" content=\"summary_large_image\" \/>\n<meta name=\"twitter:label1\" content=\"Yazan:\" \/>\n\t<meta name=\"twitter:data1\" content=\"Van X Haber\" \/>\n\t<meta name=\"twitter:label2\" content=\"Tahmini okuma s\u00fcresi\" \/>\n\t<meta name=\"twitter:data2\" content=\"2 dakika\" \/>\n<script type=\"application\/ld+json\" class=\"yoast-schema-graph\">{\"@context\":\"https:\/\/schema.org\",\"@graph\":[{\"@type\":\"Article\",\"@id\":\"https:\/\/vanxhaber.com\/index.php\/2024\/04\/18\/vanda-iki-mevsim-bir-arada\/#article\",\"isPartOf\":{\"@id\":\"https:\/\/vanxhaber.com\/index.php\/2024\/04\/18\/vanda-iki-mevsim-bir-arada\/\"},\"author\":{\"name\":\"Van X Haber\",\"@id\":\"https:\/\/vanxhaber.com\/#\/schema\/person\/a5fd8d89510cb5370e62ad176f7978ee\"},\"headline\":\"Van\u2019da iki mevsim bir arada\",\"datePublished\":\"2024-04-18T09:48:40+00:00\",\"dateModified\":\"2024-04-18T09:48:42+00:00\",\"mainEntityOfPage\":{\"@id\":\"https:\/\/vanxhaber.com\/index.php\/2024\/04\/18\/vanda-iki-mevsim-bir-arada\/\"},\"wordCount\":238,\"commentCount\":0,\"image\":{\"@id\":\"https:\/\/vanxhaber.com\/index.php\/2024\/04\/18\/vanda-iki-mevsim-bir-arada\/#primaryimage\"},\"thumbnailUrl\":\"https:\/\/vanxhaber.com\/wp-content\/uploads\/2024\/04\/vanda-iki-mevsim-bir-arada.jpg\",\"articleSection\":[\"Van E\u011fitim\",\"Van Emniyet\",\"Van Haberleri\"],\"inLanguage\":\"tr\",\"potentialAction\":[{\"@type\":\"CommentAction\",\"name\":\"Comment\",\"target\":[\"https:\/\/vanxhaber.com\/index.php\/2024\/04\/18\/vanda-iki-mevsim-bir-arada\/#respond\"]}],\"copyrightYear\":\"2024\",\"copyrightHolder\":{\"@id\":\"https:\/\/vanxhaber.com\/#organization\"}},{\"@type\":\"WebPage\",\"@id\":\"https:\/\/vanxhaber.com\/index.php\/2024\/04\/18\/vanda-iki-mevsim-bir-arada\/\",\"url\":\"https:\/\/vanxhaber.com\/index.php\/2024\/04\/18\/vanda-iki-mevsim-bir-arada\/\",\"name\":\"Van\u2019da iki mevsim bir arada - Van Haber | Van X Haber | Van Haberleri\",\"isPartOf\":{\"@id\":\"https:\/\/vanxhaber.com\/#website\"},\"primaryImageOfPage\":{\"@id\":\"https:\/\/vanxhaber.com\/index.php\/2024\/04\/18\/vanda-iki-mevsim-bir-arada\/#primaryimage\"},\"image\":{\"@id\":\"https:\/\/vanxhaber.com\/index.php\/2024\/04\/18\/vanda-iki-mevsim-bir-arada\/#primaryimage\"},\"thumbnailUrl\":\"https:\/\/vanxhaber.com\/wp-content\/uploads\/2024\/04\/vanda-iki-mevsim-bir-arada.jpg\",\"datePublished\":\"2024-04-18T09:48:40+00:00\",\"dateModified\":\"2024-04-18T09:48:42+00:00\",\"author\":{\"@id\":\"https:\/\/vanxhaber.com\/#\/schema\/person\/a5fd8d89510cb5370e62ad176f7978ee\"},\"breadcrumb\":{\"@id\":\"https:\/\/vanxhaber.com\/index.php\/2024\/04\/18\/vanda-iki-mevsim-bir-arada\/#breadcrumb\"},\"inLanguage\":\"tr\",\"potentialAction\":[{\"@type\":\"ReadAction\",\"target\":[\"https:\/\/vanxhaber.com\/index.php\/2024\/04\/18\/vanda-iki-mevsim-bir-arada\/\"]}]},{\"@type\":\"ImageObject\",\"inLanguage\":\"tr\",\"@id\":\"https:\/\/vanxhaber.com\/index.php\/2024\/04\/18\/vanda-iki-mevsim-bir-arada\/#primaryimage\",\"url\":\"https:\/\/vanxhaber.com\/wp-content\/uploads\/2024\/04\/vanda-iki-mevsim-bir-arada.jpg\",\"contentUrl\":\"https:\/\/vanxhaber.com\/wp-content\/uploads\/2024\/04\/vanda-iki-mevsim-bir-arada.jpg\",\"width\":641,\"height\":380},{\"@type\":\"BreadcrumbList\",\"@id\":\"https:\/\/vanxhaber.com\/index.php\/2024\/04\/18\/vanda-iki-mevsim-bir-arada\/#breadcrumb\",\"itemListElement\":[{\"@type\":\"ListItem\",\"position\":1,\"name\":\"Anasayfa\",\"item\":\"https:\/\/vanxhaber.com\/\"},{\"@type\":\"ListItem\",\"position\":2,\"name\":\"Van\u2019da iki mevsim bir arada\"}]},{\"@type\":\"WebSite\",\"@id\":\"https:\/\/vanxhaber.com\/#website\",\"url\":\"https:\/\/vanxhaber.com\/\",\"name\":\"Van Haber | Van X Haber | Van Haberleri\",\"description\":\"Van Haber, Van&#039;\u0131n ilk yapay zeka teknolojileri ile yaz\u0131lan Van X Haber ve Van Haberlerini aktif g\u00fcncel sunan tek vanhaber merkezidir.\",\"potentialAction\":[{\"@type\":\"SearchAction\",\"target\":{\"@type\":\"EntryPoint\",\"urlTemplate\":\"https:\/\/vanxhaber.com\/?s={search_term_string}\"},\"query-input\":{\"@type\":\"PropertyValueSpecification\",\"valueRequired\":true,\"valueName\":\"search_term_string\"}}],\"inLanguage\":\"tr\"},{\"@type\":\"Person\",\"@id\":\"https:\/\/vanxhaber.com\/#\/schema\/person\/a5fd8d89510cb5370e62ad176f7978ee\",\"name\":\"Van X Haber\",\"image\":{\"@type\":\"ImageObject\",\"inLanguage\":\"tr\",\"@id\":\"https:\/\/vanxhaber.com\/#\/schema\/person\/image\/\",\"url\":\"https:\/\/secure.gravatar.com\/avatar\/36f2f63826681263103acb5ca1e7bc1a6db11baea9b75dd091d89b74f2704b07?s=96&d=mm&r=g\",\"contentUrl\":\"https:\/\/secure.gravatar.com\/avatar\/36f2f63826681263103acb5ca1e7bc1a6db11baea9b75dd091d89b74f2704b07?s=96&d=mm&r=g\",\"caption\":\"Van X Haber\"},\"description\":\"Van X Haber Van'\u0131n ilk ve tek yeni nesil Van Haber merkezi. Son Dakika Van Haberleri ve G\u00fcncel Van haber merkezinde s\u0131cak geli\u015fmeleri aktarmaya devam edece\u011fiz.\",\"url\":\"https:\/\/vanxhaber.com\/index.php\/author\/vangazetesi\/\"}]}<\/script>\n<!-- \/ Yoast SEO Premium plugin. -->","yoast_head_json":{"title":"Van\u2019da iki mevsim bir arada - Van Haber | Van X Haber | Van Haberleri","robots":{"index":"index","follow":"follow","max-snippet":"max-snippet:-1","max-image-preview":"max-image-preview:large","max-video-preview":"max-video-preview:-1"},"canonical":"https:\/\/vanxhaber.com\/index.php\/2024\/04\/18\/vanda-iki-mevsim-bir-arada\/","og_locale":"tr_TR","og_type":"article","og_title":"Van\u2019da iki mevsim bir arada","og_description":"Van\u2019da havalar\u0131n \u0131s\u0131nmas\u0131yla birlikte bahar\u0131n m\u00fcjdecisi kardelenler, ters laleler ve badem a\u011fa\u00e7lar\u0131 \u00e7i\u00e7ek a\u00e7arken, van-bah\u00e7esaray yolu \u00fczerindeki 3 bin rak\u0131ml\u0131 karabet ge\u00e7idi\u2019nde ise metrelerce kar k\u00fctleleri k\u0131\u015f mevsimini and\u0131r\u0131yor. Van\u2019da havalar\u0131n \u0131s\u0131nmas\u0131yla birlikte bahar\u0131n m\u00fcjdecisi kardelenler, ters laleler ve badem a\u011fa\u00e7lar\u0131 \u00e7i\u00e7ek a\u00e7arken, Van-Bah\u00e7esaray yolu \u00fczerindeki 3 bin rak\u0131ml\u0131 Karabet Ge\u00e7idi\u2019nde ise metrelerce kar k\u00fctleleri &hellip;","og_url":"https:\/\/vanxhaber.com\/index.php\/2024\/04\/18\/vanda-iki-mevsim-bir-arada\/","og_site_name":"Van Haber | Van X Haber | Van Haberleri","article_published_time":"2024-04-18T09:48:40+00:00","article_modified_time":"2024-04-18T09:48:42+00:00","og_image":[{"width":641,"height":380,"url":"https:\/\/vanxhaber.com\/wp-content\/uploads\/2024\/04\/vanda-iki-mevsim-bir-arada.jpg","type":"image\/jpeg"}],"author":"Van X Haber","twitter_card":"summary_large_image","twitter_misc":{"Yazan:":"Van X Haber","Tahmini okuma s\u00fcresi":"2 dakika"},"schema":{"@context":"https:\/\/schema.org","@graph":[{"@type":"Article","@id":"https:\/\/vanxhaber.com\/index.php\/2024\/04\/18\/vanda-iki-mevsim-bir-arada\/#article","isPartOf":{"@id":"https:\/\/vanxhaber.com\/index.php\/2024\/04\/18\/vanda-iki-mevsim-bir-arada\/"},"author":{"name":"Van X Haber","@id":"https:\/\/vanxhaber.com\/#\/schema\/person\/a5fd8d89510cb5370e62ad176f7978ee"},"headline":"Van\u2019da iki mevsim bir arada","datePublished":"2024-04-18T09:48:40+00:00","dateModified":"2024-04-18T09:48:42+00:00","mainEntityOfPage":{"@id":"https:\/\/vanxhaber.com\/index.php\/2024\/04\/18\/vanda-iki-mevsim-bir-arada\/"},"wordCount":238,"commentCount":0,"image":{"@id":"https:\/\/vanxhaber.com\/index.php\/2024\/04\/18\/vanda-iki-mevsim-bir-arada\/#primaryimage"},"thumbnailUrl":"https:\/\/vanxhaber.com\/wp-content\/uploads\/2024\/04\/vanda-iki-mevsim-bir-arada.jpg","articleSection":["Van E\u011fitim","Van Emniyet","Van Haberleri"],"inLanguage":"tr","potentialAction":[{"@type":"CommentAction","name":"Comment","target":["https:\/\/vanxhaber.com\/index.php\/2024\/04\/18\/vanda-iki-mevsim-bir-arada\/#respond"]}],"copyrightYear":"2024","copyrightHolder":{"@id":"https:\/\/vanxhaber.com\/#organization"}},{"@type":"WebPage","@id":"https:\/\/vanxhaber.com\/index.php\/2024\/04\/18\/vanda-iki-mevsim-bir-arada\/","url":"https:\/\/vanxhaber.com\/index.php\/2024\/04\/18\/vanda-iki-mevsim-bir-arada\/","name":"Van\u2019da iki mevsim bir arada - Van Haber | Van X Haber | Van Haberleri","isPartOf":{"@id":"https:\/\/vanxhaber.com\/#website"},"primaryImageOfPage":{"@id":"https:\/\/vanxhaber.com\/index.php\/2024\/04\/18\/vanda-iki-mevsim-bir-arada\/#primaryimage"},"image":{"@id":"https:\/\/vanxhaber.com\/index.php\/2024\/04\/18\/vanda-iki-mevsim-bir-arada\/#primaryimage"},"thumbnailUrl":"https:\/\/vanxhaber.com\/wp-content\/uploads\/2024\/04\/vanda-iki-mevsim-bir-arada.jpg","datePublished":"2024-04-18T09:48:40+00:00","dateModified":"2024-04-18T09:48:42+00:00","author":{"@id":"https:\/\/vanxhaber.com\/#\/schema\/person\/a5fd8d89510cb5370e62ad176f7978ee"},"breadcrumb":{"@id":"https:\/\/vanxhaber.com\/index.php\/2024\/04\/18\/vanda-iki-mevsim-bir-arada\/#breadcrumb"},"inLanguage":"tr","potentialAction":[{"@type":"ReadAction","target":["https:\/\/vanxhaber.com\/index.php\/2024\/04\/18\/vanda-iki-mevsim-bir-arada\/"]}]},{"@type":"ImageObject","inLanguage":"tr","@id":"https:\/\/vanxhaber.com\/index.php\/2024\/04\/18\/vanda-iki-mevsim-bir-arada\/#primaryimage","url":"https:\/\/vanxhaber.com\/wp-content\/uploads\/2024\/04\/vanda-iki-mevsim-bir-arada.jpg","contentUrl":"https:\/\/vanxhaber.com\/wp-content\/uploads\/2024\/04\/vanda-iki-mevsim-bir-arada.jpg","width":641,"height":380},{"@type":"BreadcrumbList","@id":"https:\/\/vanxhaber.com\/index.php\/2024\/04\/18\/vanda-iki-mevsim-bir-arada\/#breadcrumb","itemListElement":[{"@type":"ListItem","position":1,"name":"Anasayfa","item":"https:\/\/vanxhaber.com\/"},{"@type":"ListItem","position":2,"name":"Van\u2019da iki mevsim bir arada"}]},{"@type":"WebSite","@id":"https:\/\/vanxhaber.com\/#website","url":"https:\/\/vanxhaber.com\/","name":"Van Haber | Van X Haber | Van Haberleri","description":"Van Haber, Van&#039;\u0131n ilk yapay zeka teknolojileri ile yaz\u0131lan Van X Haber ve Van Haberlerini aktif g\u00fcncel sunan tek vanhaber merkezidir.","potentialAction":[{"@type":"SearchAction","target":{"@type":"EntryPoint","urlTemplate":"https:\/\/vanxhaber.com\/?s={search_term_string}"},"query-input":{"@type":"PropertyValueSpecification","valueRequired":true,"valueName":"search_term_string"}}],"inLanguage":"tr"},{"@type":"Person","@id":"https:\/\/vanxhaber.com\/#\/schema\/person\/a5fd8d89510cb5370e62ad176f7978ee","name":"Van X Haber","image":{"@type":"ImageObject","inLanguage":"tr","@id":"https:\/\/vanxhaber.com\/#\/schema\/person\/image\/","url":"https:\/\/secure.gravatar.com\/avatar\/36f2f63826681263103acb5ca1e7bc1a6db11baea9b75dd091d89b74f2704b07?s=96&d=mm&r=g","contentUrl":"https:\/\/secure.gravatar.com\/avatar\/36f2f63826681263103acb5ca1e7bc1a6db11baea9b75dd091d89b74f2704b07?s=96&d=mm&r=g","caption":"Van X Haber"},"description":"Van X Haber Van'\u0131n ilk ve tek yeni nesil Van Haber merkezi. Son Dakika Van Haberleri ve G\u00fcncel Van haber merkezinde s\u0131cak geli\u015fmeleri aktarmaya devam edece\u011fiz.","url":"https:\/\/vanxhaber.com\/index.php\/author\/vangazetesi\/"}]}},"_links":{"self":[{"href":"https:\/\/vanxhaber.com\/index.php\/wp-json\/wp\/v2\/posts\/1937","targetHints":{"allow":["GET"]}}],"collection":[{"href":"https:\/\/vanxhaber.com\/index.php\/wp-json\/wp\/v2\/posts"}],"about":[{"href":"https:\/\/vanxhaber.com\/index.php\/wp-json\/wp\/v2\/types\/post"}],"author":[{"embeddable":true,"href":"https:\/\/vanxhaber.com\/index.php\/wp-json\/wp\/v2\/users\/2"}],"replies":[{"embeddable":true,"href":"https:\/\/vanxhaber.com\/index.php\/wp-json\/wp\/v2\/comments?post=1937"}],"version-history":[{"count":1,"href":"https:\/\/vanxhaber.com\/index.php\/wp-json\/wp\/v2\/posts\/1937\/revisions"}],"predecessor-version":[{"id":1940,"href":"https:\/\/vanxhaber.com\/index.php\/wp-json\/wp\/v2\/posts\/1937\/revisions\/1940"}],"wp:featuredmedia":[{"embeddable":true,"href":"https:\/\/vanxhaber.com\/index.php\/wp-json\/wp\/v2\/media\/1939"}],"wp:attachment":[{"href":"https:\/\/vanxhaber.com\/index.php\/wp-json\/wp\/v2\/media?parent=1937"}],"wp:term":[{"taxonomy":"category","embeddable":true,"href":"https:\/\/vanxhaber.com\/index.php\/wp-json\/wp\/v2\/categories?post=1937"},{"taxonomy":"post_tag","embeddable":true,"href":"https:\/\/vanxhaber.com\/index.php\/wp-json\/wp\/v2\/tags?post=1937"}],"curies":[{"name":"wp","href":"https:\/\/api.w.org\/{rel}","templated":true}]}}